{"id":83883,"date":"2022-01-31T11:45:09","date_gmt":"2022-01-31T14:45:09","guid":{"rendered":"https:\/\/noticiasmercedinas.com\/site\/?p=83883"},"modified":"2022-01-31T17:11:10","modified_gmt":"2022-01-31T20:11:10","slug":"pugiles-amateurs-pasaron-por-el-templo","status":"publish","type":"post","link":"https:\/\/noticiasmercedinas.com\/site\/2022\/01\/31\/pugiles-amateurs-pasaron-por-el-templo\/","title":{"rendered":"P\u00fagiles amateurs pasaron por el Templo"},"content":{"rendered":"<figure id=\"attachment_83884\" aria-describedby=\"caption-attachment-83884\" style=\"width: 640px\" class=\"wp-caption alignnone\"><img loading=\"lazy\" decoding=\"async\" class=\"wp-image-83884 size-full\" src=\"https:\/\/noticiasmercedinas.com\/site\/wp-content\/uploads\/2022\/01\/box-1.jpg\" alt=\"\" width=\"640\" height=\"414\" srcset=\"https:\/\/noticiasmercedinas.com\/site\/wp-content\/uploads\/2022\/01\/box-1.jpg 640w, https:\/\/noticiasmercedinas.com\/site\/wp-content\/uploads\/2022\/01\/box-1-300x194.jpg 300w, https:\/\/noticiasmercedinas.com\/site\/wp-content\/uploads\/2022\/01\/box-1-600x388.jpg 600w, https:\/\/noticiasmercedinas.com\/site\/wp-content\/uploads\/2022\/01\/box-1-341x220.jpg 341w\" sizes=\"auto, (max-width: 640px) 100vw, 640px\" \/><figcaption id=\"caption-attachment-83884\" class=\"wp-caption-text\">Axel Blanco, Mirco Cabral, Alexis Bartolomeo y Magali Cabral.<\/figcaption><\/figure>\n<p>En Moreno, durante la noche del s\u00e1bado, el Tempo Mishagui volvi\u00f3 a tener la presentaci\u00f3n de pupilos de Ciro Croci, todo dentro del campo amateur del boxeo. En la oportunidad se present\u00f3 Mirco Cabral ante Brandon Aguilar (La Matanza) que supiera tener presentaciones ante Santino Villalba en Mercedes.<\/p>\n<p>Brandon y Mirco fueron los animadores de un combate de 3 rounds de 2\u2019 x 1\u2019 con resultado final empate. Por su parte, Magal\u00ed Cabral y Marl\u00e9n Rodr\u00edguez (Moreno) realizaron una exhibici\u00f3n a 2 rounds 2\u2019 por 1\u2019. Otro mercedino como Axel Blanco tuvo otro combate sin definici\u00f3n ante Kevin Fern\u00e1ndez a\u00a0 2 asaltos.<\/p>\n<p>Sin presentaci\u00f3n se qued\u00f3 Alexis Bartolomeo que buscar\u00e1 seguir entrenando para una futura oportunidad. El 12 de febrero pr\u00f3ximo en Moreno se iniciar\u00e1 el Campeonato Carlos Monz\u00f3n en el Templo y all\u00ed estar\u00e1n los pupilos de Croci, que para el s\u00e1bado 19 tendr\u00e1 su festival en Mercedes.<br \/>\n<img loading=\"lazy\" decoding=\"async\" class=\"alignnone size-full wp-image-83885\" src=\"https:\/\/noticiasmercedinas.com\/site\/wp-content\/uploads\/2022\/01\/box1.jpg\" alt=\"\" width=\"640\" height=\"853\" srcset=\"https:\/\/noticiasmercedinas.com\/site\/wp-content\/uploads\/2022\/01\/box1.jpg 640w, https:\/\/noticiasmercedinas.com\/site\/wp-content\/uploads\/2022\/01\/box1-225x300.jpg 225w\" sizes=\"auto, (max-width: 640px) 100vw, 640px\" \/><\/p>\n","protected":false},"excerpt":{"rendered":"<p>\u25a0 Los pupilos de Ciro Croci se presentaron en combates y exhibiciones el \u00faltimo s\u00e1bado en Moreno. En febrero estar\u00e1n en el Campeonato Carlos Monz\u00f3n y para el d\u00eda 19 del mismo mes se anuncia un festival en Mercedes.<\/p>\n","protected":false},"author":6,"featured_media":83884,"comment_status":"open","ping_status":"open","sticky":false,"template":"","format":"standard","meta":{"footnotes":""},"categories":[5],"tags":[6092,11185,11668],"class_list":["post-83883","post","type-post","status-publish","format-standard","has-post-thumbnail","hentry","category-deportes","tag-boxeo-amateur","tag-ciro-croci","tag-el-templo"],"yoast_head":"<!-- This site is optimized with the Yoast SEO plugin v27.5 - https:\/\/yoast.com\/product\/yoast-seo-wordpress\/ -->\n<title>P\u00fagiles amateurs pasaron por el Templo<\/title>\n<meta name=\"robots\" content=\"index, follow, max-snippet:-1, max-image-preview:large, max-video-preview:-1\" \/>\n<link rel=\"canonical\" href=\"https:\/\/noticiasmercedinas.com\/site\/2022\/01\/31\/pugiles-amateurs-pasaron-por-el-templo\/\" \/>\n<meta property=\"og:locale\" content=\"es_ES\" \/>\n<meta property=\"og:type\" content=\"article\" \/>\n<meta property=\"og:title\" content=\"P\u00fagiles amateurs pasaron por el Templo\" \/>\n<meta property=\"og:description\" content=\"\u25a0 Los pupilos de Ciro Croci se presentaron en combates y exhibiciones el \u00faltimo s\u00e1bado en Moreno. En febrero estar\u00e1n en el Campeonato Carlos Monz\u00f3n y para el d\u00eda 19 del mismo mes se anuncia un festival en Mercedes.\" \/>\n<meta property=\"og:url\" content=\"https:\/\/noticiasmercedinas.com\/site\/2022\/01\/31\/pugiles-amateurs-pasaron-por-el-templo\/\" \/>\n<meta property=\"og:site_name\" content=\"NOTICIASMERCEDINAS.COM\" \/>\n<meta property=\"article:publisher\" content=\"https:\/\/www.facebook.com\/noticiasmercedinas\/\" \/>\n<meta property=\"article:published_time\" content=\"2022-01-31T14:45:09+00:00\" \/>\n<meta property=\"article:modified_time\" content=\"2022-01-31T20:11:10+00:00\" \/>\n<meta property=\"og:image\" content=\"https:\/\/noticiasmercedinas.com\/site\/wp-content\/uploads\/2022\/01\/box-1.jpg\" \/>\n\t<meta property=\"og:image:width\" content=\"640\" \/>\n\t<meta property=\"og:image:height\" content=\"414\" \/>\n\t<meta property=\"og:image:type\" content=\"image\/jpeg\" \/>\n<meta name=\"author\" content=\"Juan Dagnino NOTICIASMERCEDINAS.COM\" \/>\n<meta name=\"twitter:card\" content=\"summary_large_image\" \/>\n<meta name=\"twitter:creator\" content=\"@notmercedinas\" \/>\n<meta name=\"twitter:site\" content=\"@notmercedinas\" \/>\n<meta name=\"twitter:label1\" content=\"Escrito por\" \/>\n\t<meta name=\"twitter:data1\" content=\"Juan Dagnino NOTICIASMERCEDINAS.COM\" \/>\n\t<meta name=\"twitter:label2\" content=\"Tiempo de lectura\" \/>\n\t<meta name=\"twitter:data2\" content=\"2 minutos\" \/>\n<script type=\"application\/ld+json\" class=\"yoast-schema-graph\">{\"@context\":\"https:\\\/\\\/schema.org\",\"@graph\":[{\"@type\":\"Article\",\"@id\":\"https:\\\/\\\/noticiasmercedinas.com\\\/site\\\/2022\\\/01\\\/31\\\/pugiles-amateurs-pasaron-por-el-templo\\\/#article\",\"isPartOf\":{\"@id\":\"https:\\\/\\\/noticiasmercedinas.com\\\/site\\\/2022\\\/01\\\/31\\\/pugiles-amateurs-pasaron-por-el-templo\\\/\"},\"author\":{\"name\":\"Juan Dagnino NOTICIASMERCEDINAS.COM\",\"@id\":\"https:\\\/\\\/noticiasmercedinas.com\\\/site\\\/#\\\/schema\\\/person\\\/8f2f09d666ef40986eba4a5e6f2a06f9\"},\"headline\":\"P\u00fagiles amateurs pasaron por el Templo\",\"datePublished\":\"2022-01-31T14:45:09+00:00\",\"dateModified\":\"2022-01-31T20:11:10+00:00\",\"mainEntityOfPage\":{\"@id\":\"https:\\\/\\\/noticiasmercedinas.com\\\/site\\\/2022\\\/01\\\/31\\\/pugiles-amateurs-pasaron-por-el-templo\\\/\"},\"wordCount\":175,\"commentCount\":0,\"publisher\":{\"@id\":\"https:\\\/\\\/noticiasmercedinas.com\\\/site\\\/#organization\"},\"image\":{\"@id\":\"https:\\\/\\\/noticiasmercedinas.com\\\/site\\\/2022\\\/01\\\/31\\\/pugiles-amateurs-pasaron-por-el-templo\\\/#primaryimage\"},\"thumbnailUrl\":\"https:\\\/\\\/noticiasmercedinas.com\\\/site\\\/wp-content\\\/uploads\\\/2022\\\/01\\\/box-1.jpg\",\"keywords\":[\"boxeo amateur\",\"ciro croci\",\"el templo\"],\"articleSection\":[\"Deportes\"],\"inLanguage\":\"es\",\"potentialAction\":[{\"@type\":\"CommentAction\",\"name\":\"Comment\",\"target\":[\"https:\\\/\\\/noticiasmercedinas.com\\\/site\\\/2022\\\/01\\\/31\\\/pugiles-amateurs-pasaron-por-el-templo\\\/#respond\"]}]},{\"@type\":\"WebPage\",\"@id\":\"https:\\\/\\\/noticiasmercedinas.com\\\/site\\\/2022\\\/01\\\/31\\\/pugiles-amateurs-pasaron-por-el-templo\\\/\",\"url\":\"https:\\\/\\\/noticiasmercedinas.com\\\/site\\\/2022\\\/01\\\/31\\\/pugiles-amateurs-pasaron-por-el-templo\\\/\",\"name\":\"P\u00fagiles amateurs pasaron por el Templo\",\"isPartOf\":{\"@id\":\"https:\\\/\\\/noticiasmercedinas.com\\\/site\\\/#website\"},\"primaryImageOfPage\":{\"@id\":\"https:\\\/\\\/noticiasmercedinas.com\\\/site\\\/2022\\\/01\\\/31\\\/pugiles-amateurs-pasaron-por-el-templo\\\/#primaryimage\"},\"image\":{\"@id\":\"https:\\\/\\\/noticiasmercedinas.com\\\/site\\\/2022\\\/01\\\/31\\\/pugiles-amateurs-pasaron-por-el-templo\\\/#primaryimage\"},\"thumbnailUrl\":\"https:\\\/\\\/noticiasmercedinas.com\\\/site\\\/wp-content\\\/uploads\\\/2022\\\/01\\\/box-1.jpg\",\"datePublished\":\"2022-01-31T14:45:09+00:00\",\"dateModified\":\"2022-01-31T20:11:10+00:00\",\"breadcrumb\":{\"@id\":\"https:\\\/\\\/noticiasmercedinas.com\\\/site\\\/2022\\\/01\\\/31\\\/pugiles-amateurs-pasaron-por-el-templo\\\/#breadcrumb\"},\"inLanguage\":\"es\",\"potentialAction\":[{\"@type\":\"ReadAction\",\"target\":[\"https:\\\/\\\/noticiasmercedinas.com\\\/site\\\/2022\\\/01\\\/31\\\/pugiles-amateurs-pasaron-por-el-templo\\\/\"]}]},{\"@type\":\"ImageObject\",\"inLanguage\":\"es\",\"@id\":\"https:\\\/\\\/noticiasmercedinas.com\\\/site\\\/2022\\\/01\\\/31\\\/pugiles-amateurs-pasaron-por-el-templo\\\/#primaryimage\",\"url\":\"https:\\\/\\\/noticiasmercedinas.com\\\/site\\\/wp-content\\\/uploads\\\/2022\\\/01\\\/box-1.jpg\",\"contentUrl\":\"https:\\\/\\\/noticiasmercedinas.com\\\/site\\\/wp-content\\\/uploads\\\/2022\\\/01\\\/box-1.jpg\",\"width\":640,\"height\":414},{\"@type\":\"BreadcrumbList\",\"@id\":\"https:\\\/\\\/noticiasmercedinas.com\\\/site\\\/2022\\\/01\\\/31\\\/pugiles-amateurs-pasaron-por-el-templo\\\/#breadcrumb\",\"itemListElement\":[{\"@type\":\"ListItem\",\"position\":1,\"name\":\"Portada\",\"item\":\"https:\\\/\\\/noticiasmercedinas.com\\\/site\\\/\"},{\"@type\":\"ListItem\",\"position\":2,\"name\":\"P\u00fagiles amateurs pasaron por el Templo\"}]},{\"@type\":\"WebSite\",\"@id\":\"https:\\\/\\\/noticiasmercedinas.com\\\/site\\\/#website\",\"url\":\"https:\\\/\\\/noticiasmercedinas.com\\\/site\\\/\",\"name\":\"NOTICIASMERCEDINAS.COM\",\"description\":\"Mercedes, Buenos Aires, Argentina\",\"publisher\":{\"@id\":\"https:\\\/\\\/noticiasmercedinas.com\\\/site\\\/#organization\"},\"potentialAction\":[{\"@type\":\"SearchAction\",\"target\":{\"@type\":\"EntryPoint\",\"urlTemplate\":\"https:\\\/\\\/noticiasmercedinas.com\\\/site\\\/?s={search_term_string}\"},\"query-input\":{\"@type\":\"PropertyValueSpecification\",\"valueRequired\":true,\"valueName\":\"search_term_string\"}}],\"inLanguage\":\"es\"},{\"@type\":\"Organization\",\"@id\":\"https:\\\/\\\/noticiasmercedinas.com\\\/site\\\/#organization\",\"name\":\"NOTICIASMERCEDINAS.COM\",\"url\":\"https:\\\/\\\/noticiasmercedinas.com\\\/site\\\/\",\"logo\":{\"@type\":\"ImageObject\",\"inLanguage\":\"es\",\"@id\":\"https:\\\/\\\/noticiasmercedinas.com\\\/site\\\/#\\\/schema\\\/logo\\\/image\\\/\",\"url\":\"https:\\\/\\\/noticiasmercedinas.com\\\/site\\\/wp-content\\\/uploads\\\/2020\\\/06\\\/LOGO-512.jpg\",\"contentUrl\":\"https:\\\/\\\/noticiasmercedinas.com\\\/site\\\/wp-content\\\/uploads\\\/2020\\\/06\\\/LOGO-512.jpg\",\"width\":512,\"height\":512,\"caption\":\"NOTICIASMERCEDINAS.COM\"},\"image\":{\"@id\":\"https:\\\/\\\/noticiasmercedinas.com\\\/site\\\/#\\\/schema\\\/logo\\\/image\\\/\"},\"sameAs\":[\"https:\\\/\\\/www.facebook.com\\\/noticiasmercedinas\\\/\",\"https:\\\/\\\/x.com\\\/notmercedinas\",\"https:\\\/\\\/www.instagram.com\\\/noticiasmercedinas\\\/\"]},{\"@type\":\"Person\",\"@id\":\"https:\\\/\\\/noticiasmercedinas.com\\\/site\\\/#\\\/schema\\\/person\\\/8f2f09d666ef40986eba4a5e6f2a06f9\",\"name\":\"Juan Dagnino NOTICIASMERCEDINAS.COM\",\"image\":{\"@type\":\"ImageObject\",\"inLanguage\":\"es\",\"@id\":\"https:\\\/\\\/secure.gravatar.com\\\/avatar\\\/fc7059a769f5a3cae65fadb228a3e4accf3a64b4b2305020d0a27e6d5333c91b?s=96&d=mm&r=g\",\"url\":\"https:\\\/\\\/secure.gravatar.com\\\/avatar\\\/fc7059a769f5a3cae65fadb228a3e4accf3a64b4b2305020d0a27e6d5333c91b?s=96&d=mm&r=g\",\"contentUrl\":\"https:\\\/\\\/secure.gravatar.com\\\/avatar\\\/fc7059a769f5a3cae65fadb228a3e4accf3a64b4b2305020d0a27e6d5333c91b?s=96&d=mm&r=g\",\"caption\":\"Juan Dagnino NOTICIASMERCEDINAS.COM\"},\"url\":\"https:\\\/\\\/noticiasmercedinas.com\\\/site\\\/author\\\/juandagnino\\\/\"}]}<\/script>\n<!-- \/ Yoast SEO plugin. -->","yoast_head_json":{"title":"P\u00fagiles amateurs pasaron por el Templo","robots":{"index":"index","follow":"follow","max-snippet":"max-snippet:-1","max-image-preview":"max-image-preview:large","max-video-preview":"max-video-preview:-1"},"canonical":"https:\/\/noticiasmercedinas.com\/site\/2022\/01\/31\/pugiles-amateurs-pasaron-por-el-templo\/","og_locale":"es_ES","og_type":"article","og_title":"P\u00fagiles amateurs pasaron por el Templo","og_description":"\u25a0 Los pupilos de Ciro Croci se presentaron en combates y exhibiciones el \u00faltimo s\u00e1bado en Moreno. En febrero estar\u00e1n en el Campeonato Carlos Monz\u00f3n y para el d\u00eda 19 del mismo mes se anuncia un festival en Mercedes.","og_url":"https:\/\/noticiasmercedinas.com\/site\/2022\/01\/31\/pugiles-amateurs-pasaron-por-el-templo\/","og_site_name":"NOTICIASMERCEDINAS.COM","article_publisher":"https:\/\/www.facebook.com\/noticiasmercedinas\/","article_published_time":"2022-01-31T14:45:09+00:00","article_modified_time":"2022-01-31T20:11:10+00:00","og_image":[{"width":640,"height":414,"url":"https:\/\/noticiasmercedinas.com\/site\/wp-content\/uploads\/2022\/01\/box-1.jpg","type":"image\/jpeg"}],"author":"Juan Dagnino NOTICIASMERCEDINAS.COM","twitter_card":"summary_large_image","twitter_creator":"@notmercedinas","twitter_site":"@notmercedinas","twitter_misc":{"Escrito por":"Juan Dagnino NOTICIASMERCEDINAS.COM","Tiempo de lectura":"2 minutos"},"schema":{"@context":"https:\/\/schema.org","@graph":[{"@type":"Article","@id":"https:\/\/noticiasmercedinas.com\/site\/2022\/01\/31\/pugiles-amateurs-pasaron-por-el-templo\/#article","isPartOf":{"@id":"https:\/\/noticiasmercedinas.com\/site\/2022\/01\/31\/pugiles-amateurs-pasaron-por-el-templo\/"},"author":{"name":"Juan Dagnino NOTICIASMERCEDINAS.COM","@id":"https:\/\/noticiasmercedinas.com\/site\/#\/schema\/person\/8f2f09d666ef40986eba4a5e6f2a06f9"},"headline":"P\u00fagiles amateurs pasaron por el Templo","datePublished":"2022-01-31T14:45:09+00:00","dateModified":"2022-01-31T20:11:10+00:00","mainEntityOfPage":{"@id":"https:\/\/noticiasmercedinas.com\/site\/2022\/01\/31\/pugiles-amateurs-pasaron-por-el-templo\/"},"wordCount":175,"commentCount":0,"publisher":{"@id":"https:\/\/noticiasmercedinas.com\/site\/#organization"},"image":{"@id":"https:\/\/noticiasmercedinas.com\/site\/2022\/01\/31\/pugiles-amateurs-pasaron-por-el-templo\/#primaryimage"},"thumbnailUrl":"https:\/\/noticiasmercedinas.com\/site\/wp-content\/uploads\/2022\/01\/box-1.jpg","keywords":["boxeo amateur","ciro croci","el templo"],"articleSection":["Deportes"],"inLanguage":"es","potentialAction":[{"@type":"CommentAction","name":"Comment","target":["https:\/\/noticiasmercedinas.com\/site\/2022\/01\/31\/pugiles-amateurs-pasaron-por-el-templo\/#respond"]}]},{"@type":"WebPage","@id":"https:\/\/noticiasmercedinas.com\/site\/2022\/01\/31\/pugiles-amateurs-pasaron-por-el-templo\/","url":"https:\/\/noticiasmercedinas.com\/site\/2022\/01\/31\/pugiles-amateurs-pasaron-por-el-templo\/","name":"P\u00fagiles amateurs pasaron por el Templo","isPartOf":{"@id":"https:\/\/noticiasmercedinas.com\/site\/#website"},"primaryImageOfPage":{"@id":"https:\/\/noticiasmercedinas.com\/site\/2022\/01\/31\/pugiles-amateurs-pasaron-por-el-templo\/#primaryimage"},"image":{"@id":"https:\/\/noticiasmercedinas.com\/site\/2022\/01\/31\/pugiles-amateurs-pasaron-por-el-templo\/#primaryimage"},"thumbnailUrl":"https:\/\/noticiasmercedinas.com\/site\/wp-content\/uploads\/2022\/01\/box-1.jpg","datePublished":"2022-01-31T14:45:09+00:00","dateModified":"2022-01-31T20:11:10+00:00","breadcrumb":{"@id":"https:\/\/noticiasmercedinas.com\/site\/2022\/01\/31\/pugiles-amateurs-pasaron-por-el-templo\/#breadcrumb"},"inLanguage":"es","potentialAction":[{"@type":"ReadAction","target":["https:\/\/noticiasmercedinas.com\/site\/2022\/01\/31\/pugiles-amateurs-pasaron-por-el-templo\/"]}]},{"@type":"ImageObject","inLanguage":"es","@id":"https:\/\/noticiasmercedinas.com\/site\/2022\/01\/31\/pugiles-amateurs-pasaron-por-el-templo\/#primaryimage","url":"https:\/\/noticiasmercedinas.com\/site\/wp-content\/uploads\/2022\/01\/box-1.jpg","contentUrl":"https:\/\/noticiasmercedinas.com\/site\/wp-content\/uploads\/2022\/01\/box-1.jpg","width":640,"height":414},{"@type":"BreadcrumbList","@id":"https:\/\/noticiasmercedinas.com\/site\/2022\/01\/31\/pugiles-amateurs-pasaron-por-el-templo\/#breadcrumb","itemListElement":[{"@type":"ListItem","position":1,"name":"Portada","item":"https:\/\/noticiasmercedinas.com\/site\/"},{"@type":"ListItem","position":2,"name":"P\u00fagiles amateurs pasaron por el Templo"}]},{"@type":"WebSite","@id":"https:\/\/noticiasmercedinas.com\/site\/#website","url":"https:\/\/noticiasmercedinas.com\/site\/","name":"NOTICIASMERCEDINAS.COM","description":"Mercedes, Buenos Aires, Argentina","publisher":{"@id":"https:\/\/noticiasmercedinas.com\/site\/#organization"},"potentialAction":[{"@type":"SearchAction","target":{"@type":"EntryPoint","urlTemplate":"https:\/\/noticiasmercedinas.com\/site\/?s={search_term_string}"},"query-input":{"@type":"PropertyValueSpecification","valueRequired":true,"valueName":"search_term_string"}}],"inLanguage":"es"},{"@type":"Organization","@id":"https:\/\/noticiasmercedinas.com\/site\/#organization","name":"NOTICIASMERCEDINAS.COM","url":"https:\/\/noticiasmercedinas.com\/site\/","logo":{"@type":"ImageObject","inLanguage":"es","@id":"https:\/\/noticiasmercedinas.com\/site\/#\/schema\/logo\/image\/","url":"https:\/\/noticiasmercedinas.com\/site\/wp-content\/uploads\/2020\/06\/LOGO-512.jpg","contentUrl":"https:\/\/noticiasmercedinas.com\/site\/wp-content\/uploads\/2020\/06\/LOGO-512.jpg","width":512,"height":512,"caption":"NOTICIASMERCEDINAS.COM"},"image":{"@id":"https:\/\/noticiasmercedinas.com\/site\/#\/schema\/logo\/image\/"},"sameAs":["https:\/\/www.facebook.com\/noticiasmercedinas\/","https:\/\/x.com\/notmercedinas","https:\/\/www.instagram.com\/noticiasmercedinas\/"]},{"@type":"Person","@id":"https:\/\/noticiasmercedinas.com\/site\/#\/schema\/person\/8f2f09d666ef40986eba4a5e6f2a06f9","name":"Juan Dagnino NOTICIASMERCEDINAS.COM","image":{"@type":"ImageObject","inLanguage":"es","@id":"https:\/\/secure.gravatar.com\/avatar\/fc7059a769f5a3cae65fadb228a3e4accf3a64b4b2305020d0a27e6d5333c91b?s=96&d=mm&r=g","url":"https:\/\/secure.gravatar.com\/avatar\/fc7059a769f5a3cae65fadb228a3e4accf3a64b4b2305020d0a27e6d5333c91b?s=96&d=mm&r=g","contentUrl":"https:\/\/secure.gravatar.com\/avatar\/fc7059a769f5a3cae65fadb228a3e4accf3a64b4b2305020d0a27e6d5333c91b?s=96&d=mm&r=g","caption":"Juan Dagnino NOTICIASMERCEDINAS.COM"},"url":"https:\/\/noticiasmercedinas.com\/site\/author\/juandagnino\/"}]}},"amp_enabled":true,"_links":{"self":[{"href":"https:\/\/noticiasmercedinas.com\/site\/wp-json\/wp\/v2\/posts\/83883","targetHints":{"allow":["GET"]}}],"collection":[{"href":"https:\/\/noticiasmercedinas.com\/site\/wp-json\/wp\/v2\/posts"}],"about":[{"href":"https:\/\/noticiasmercedinas.com\/site\/wp-json\/wp\/v2\/types\/post"}],"author":[{"embeddable":true,"href":"https:\/\/noticiasmercedinas.com\/site\/wp-json\/wp\/v2\/users\/6"}],"replies":[{"embeddable":true,"href":"https:\/\/noticiasmercedinas.com\/site\/wp-json\/wp\/v2\/comments?post=83883"}],"version-history":[{"count":3,"href":"https:\/\/noticiasmercedinas.com\/site\/wp-json\/wp\/v2\/posts\/83883\/revisions"}],"predecessor-version":[{"id":83900,"href":"https:\/\/noticiasmercedinas.com\/site\/wp-json\/wp\/v2\/posts\/83883\/revisions\/83900"}],"wp:featuredmedia":[{"embeddable":true,"href":"https:\/\/noticiasmercedinas.com\/site\/wp-json\/wp\/v2\/media\/83884"}],"wp:attachment":[{"href":"https:\/\/noticiasmercedinas.com\/site\/wp-json\/wp\/v2\/media?parent=83883"}],"wp:term":[{"taxonomy":"category","embeddable":true,"href":"https:\/\/noticiasmercedinas.com\/site\/wp-json\/wp\/v2\/categories?post=83883"},{"taxonomy":"post_tag","embeddable":true,"href":"https:\/\/noticiasmercedinas.com\/site\/wp-json\/wp\/v2\/tags?post=83883"}],"curies":[{"name":"wp","href":"https:\/\/api.w.org\/{rel}","templated":true}]}}