{"id":84091,"date":"2022-02-04T11:17:06","date_gmt":"2022-02-04T14:17:06","guid":{"rendered":"https:\/\/noticiasmercedinas.com\/site\/?p=84091"},"modified":"2022-02-04T11:17:06","modified_gmt":"2022-02-04T14:17:06","slug":"flandria-aguarda-por-su-debut-con-incorporaciones-y-amistosos","status":"publish","type":"post","link":"https:\/\/noticiasmercedinas.com\/site\/2022\/02\/04\/flandria-aguarda-por-su-debut-con-incorporaciones-y-amistosos\/","title":{"rendered":"Flandria aguarda por su debut con incorporaciones y amistosos"},"content":{"rendered":"<figure id=\"attachment_84092\" aria-describedby=\"caption-attachment-84092\" style=\"width: 640px\" class=\"wp-caption alignnone\"><img loading=\"lazy\" decoding=\"async\" class=\"wp-image-84092 size-full\" src=\"https:\/\/noticiasmercedinas.com\/site\/wp-content\/uploads\/2022\/02\/flandria.jpg\" alt=\"\" width=\"640\" height=\"407\" srcset=\"https:\/\/noticiasmercedinas.com\/site\/wp-content\/uploads\/2022\/02\/flandria.jpg 640w, https:\/\/noticiasmercedinas.com\/site\/wp-content\/uploads\/2022\/02\/flandria-300x191.jpg 300w\" sizes=\"auto, (max-width: 640px) 100vw, 640px\" \/><figcaption id=\"caption-attachment-84092\" class=\"wp-caption-text\">Flandria jug\u00f3 un amistoso en Giles (Foto Flandria).<\/figcaption><\/figure>\n<p>Con fecha para comenzar a jugar en la Primera B Nacional est\u00e1 Flandria, que tendr\u00e1 su debut el s\u00e1bado 12 del presente mes. En el Carlos V, desde las 17, recibir\u00e1 a Defensores de Belgrano. Ya en la segunda jornada de la categor\u00eda visitar\u00e1 a Brown en Adrogu\u00e9.<\/p>\n<p>El \u201cCanario\u201d ya jug\u00f3 amistosos ante Los Andes, Villa D\u00e1lmine, Acassuso, Deportivo Mor\u00f3n y Real Pilar, este \u00faltimo fue en cancha de El Front\u00f3n de San Andr\u00e9s de Giles. Este s\u00e1bado 5 ser\u00e1 el \u00faltimo frente a Estudiantes en el Carlos V de J\u00e1uregui.<\/p>\n<p>Son 12 las incorporaciones que ha tenido el equipo del \u201cLobo\u201d Montenegro, a detallar: Facundo Taborda delantero con pasado en Atlanta de 26 a\u00f1os, Francisco Mart\u00ednez lateral de 31 a\u00f1os, Adri\u00e1n Torres de 32 a\u00f1os proveniente de Gimnasia de Jujuy se desempe\u00f1a como defensor. Otro de los nuevos es Gino Barbieri defensor 23 a\u00f1os ex Belgrano de C\u00f3rdoba.<\/p>\n<p>Tambi\u00e9n ficharon el defensor Tom\u00e1s Mantia de 28 a\u00f1os que llega de Alvarado, Gast\u00f3n Mansilla de 24 a\u00f1os con caracter\u00edsticas de volante ex Arsenal, Ferm\u00edn Antonini un volante que pas\u00f3 por Sarmiento de Jun\u00edn y tiene 24 a\u00f1os, Tom\u00e1s Bottari de 20 a\u00f1os llega de Quilmes y es volante, Benjam\u00edn Borasi extremo derecho llega de Sarmiento de Jun\u00edn con 24 a\u00f1os.<\/p>\n<p>La lista la cierran Juan Ignacio Barbieri delantero de 25 a\u00f1os ex CADU, Juan Ignacio \u00c1lvarez Morinigo de 24 a\u00f1os proveniente del Panaitolikos de Grecia que se desempe\u00f1a como mediocampista izquierdo y Facundo Quintana extremo izquierdo con \u00faltima temporada en Los Andes, tiene 26 a\u00f1os. Ser\u00e1 una divisi\u00f3n donde ya jug\u00f3 Flandria, habr\u00e1 dos ascensos a Primera y dos descensos, sin promedio, los dos \u00faltimos de la tabla pasar\u00e1n a la Primera B.<\/p>\n","protected":false},"excerpt":{"rendered":"<p>\u25a0 El s\u00e1bado 12 desde las 17 recibe a Defensores de Belgrano en el Carlos V. El \u201cCanario\u201d ma\u00f1ana disputar\u00e1 su \u00faltimo amistoso y para lo que vendr\u00e1 sum\u00f3 a 12 futbolistas de distintas procedencias. <\/p>\n","protected":false},"author":6,"featured_media":84092,"comment_status":"open","ping_status":"open","sticky":false,"template":"","format":"standard","meta":{"footnotes":""},"categories":[5],"tags":[3526,11470],"class_list":["post-84091","post","type-post","status-publish","format-standard","has-post-thumbnail","hentry","category-deportes","tag-club-flandria","tag-primera-nacional"],"yoast_head":"<!-- This site is optimized with the Yoast SEO plugin v27.4 - https:\/\/yoast.com\/product\/yoast-seo-wordpress\/ -->\n<title>Flandria aguarda por su debut con incorporaciones y amistosos<\/title>\n<meta name=\"robots\" content=\"index, follow, max-snippet:-1, max-image-preview:large, max-video-preview:-1\" \/>\n<link rel=\"canonical\" href=\"https:\/\/noticiasmercedinas.com\/site\/2022\/02\/04\/flandria-aguarda-por-su-debut-con-incorporaciones-y-amistosos\/\" \/>\n<meta property=\"og:locale\" content=\"es_ES\" \/>\n<meta property=\"og:type\" content=\"article\" \/>\n<meta property=\"og:title\" content=\"Flandria aguarda por su debut con incorporaciones y amistosos\" \/>\n<meta property=\"og:description\" content=\"\u25a0 El s\u00e1bado 12 desde las 17 recibe a Defensores de Belgrano en el Carlos V. El \u201cCanario\u201d ma\u00f1ana disputar\u00e1 su \u00faltimo amistoso y para lo que vendr\u00e1 sum\u00f3 a 12 futbolistas de distintas procedencias.\" \/>\n<meta property=\"og:url\" content=\"https:\/\/noticiasmercedinas.com\/site\/2022\/02\/04\/flandria-aguarda-por-su-debut-con-incorporaciones-y-amistosos\/\" \/>\n<meta property=\"og:site_name\" content=\"NOTICIASMERCEDINAS.COM\" \/>\n<meta property=\"article:publisher\" content=\"https:\/\/www.facebook.com\/noticiasmercedinas\/\" \/>\n<meta property=\"article:published_time\" content=\"2022-02-04T14:17:06+00:00\" \/>\n<meta property=\"og:image\" content=\"https:\/\/noticiasmercedinas.com\/site\/wp-content\/uploads\/2022\/02\/flandria.jpg\" \/>\n\t<meta property=\"og:image:width\" content=\"640\" \/>\n\t<meta property=\"og:image:height\" content=\"407\" \/>\n\t<meta property=\"og:image:type\" content=\"image\/jpeg\" \/>\n<meta name=\"author\" content=\"Juan Dagnino NOTICIASMERCEDINAS.COM\" \/>\n<meta name=\"twitter:card\" content=\"summary_large_image\" \/>\n<meta name=\"twitter:creator\" content=\"@notmercedinas\" \/>\n<meta name=\"twitter:site\" content=\"@notmercedinas\" \/>\n<meta name=\"twitter:label1\" content=\"Escrito por\" \/>\n\t<meta name=\"twitter:data1\" content=\"Juan Dagnino NOTICIASMERCEDINAS.COM\" \/>\n\t<meta name=\"twitter:label2\" content=\"Tiempo de lectura\" \/>\n\t<meta name=\"twitter:data2\" content=\"2 minutos\" \/>\n<script type=\"application\/ld+json\" class=\"yoast-schema-graph\">{\"@context\":\"https:\\\/\\\/schema.org\",\"@graph\":[{\"@type\":\"Article\",\"@id\":\"https:\\\/\\\/noticiasmercedinas.com\\\/site\\\/2022\\\/02\\\/04\\\/flandria-aguarda-por-su-debut-con-incorporaciones-y-amistosos\\\/#article\",\"isPartOf\":{\"@id\":\"https:\\\/\\\/noticiasmercedinas.com\\\/site\\\/2022\\\/02\\\/04\\\/flandria-aguarda-por-su-debut-con-incorporaciones-y-amistosos\\\/\"},\"author\":{\"name\":\"Juan Dagnino NOTICIASMERCEDINAS.COM\",\"@id\":\"https:\\\/\\\/noticiasmercedinas.com\\\/site\\\/#\\\/schema\\\/person\\\/8f2f09d666ef40986eba4a5e6f2a06f9\"},\"headline\":\"Flandria aguarda por su debut con incorporaciones y amistosos\",\"datePublished\":\"2022-02-04T14:17:06+00:00\",\"mainEntityOfPage\":{\"@id\":\"https:\\\/\\\/noticiasmercedinas.com\\\/site\\\/2022\\\/02\\\/04\\\/flandria-aguarda-por-su-debut-con-incorporaciones-y-amistosos\\\/\"},\"wordCount\":328,\"commentCount\":0,\"publisher\":{\"@id\":\"https:\\\/\\\/noticiasmercedinas.com\\\/site\\\/#organization\"},\"image\":{\"@id\":\"https:\\\/\\\/noticiasmercedinas.com\\\/site\\\/2022\\\/02\\\/04\\\/flandria-aguarda-por-su-debut-con-incorporaciones-y-amistosos\\\/#primaryimage\"},\"thumbnailUrl\":\"https:\\\/\\\/noticiasmercedinas.com\\\/site\\\/wp-content\\\/uploads\\\/2022\\\/02\\\/flandria.jpg\",\"keywords\":[\"Club Flandria\",\"primera nacional\"],\"articleSection\":[\"Deportes\"],\"inLanguage\":\"es\",\"potentialAction\":[{\"@type\":\"CommentAction\",\"name\":\"Comment\",\"target\":[\"https:\\\/\\\/noticiasmercedinas.com\\\/site\\\/2022\\\/02\\\/04\\\/flandria-aguarda-por-su-debut-con-incorporaciones-y-amistosos\\\/#respond\"]}]},{\"@type\":\"WebPage\",\"@id\":\"https:\\\/\\\/noticiasmercedinas.com\\\/site\\\/2022\\\/02\\\/04\\\/flandria-aguarda-por-su-debut-con-incorporaciones-y-amistosos\\\/\",\"url\":\"https:\\\/\\\/noticiasmercedinas.com\\\/site\\\/2022\\\/02\\\/04\\\/flandria-aguarda-por-su-debut-con-incorporaciones-y-amistosos\\\/\",\"name\":\"Flandria aguarda por su debut con incorporaciones y amistosos\",\"isPartOf\":{\"@id\":\"https:\\\/\\\/noticiasmercedinas.com\\\/site\\\/#website\"},\"primaryImageOfPage\":{\"@id\":\"https:\\\/\\\/noticiasmercedinas.com\\\/site\\\/2022\\\/02\\\/04\\\/flandria-aguarda-por-su-debut-con-incorporaciones-y-amistosos\\\/#primaryimage\"},\"image\":{\"@id\":\"https:\\\/\\\/noticiasmercedinas.com\\\/site\\\/2022\\\/02\\\/04\\\/flandria-aguarda-por-su-debut-con-incorporaciones-y-amistosos\\\/#primaryimage\"},\"thumbnailUrl\":\"https:\\\/\\\/noticiasmercedinas.com\\\/site\\\/wp-content\\\/uploads\\\/2022\\\/02\\\/flandria.jpg\",\"datePublished\":\"2022-02-04T14:17:06+00:00\",\"breadcrumb\":{\"@id\":\"https:\\\/\\\/noticiasmercedinas.com\\\/site\\\/2022\\\/02\\\/04\\\/flandria-aguarda-por-su-debut-con-incorporaciones-y-amistosos\\\/#breadcrumb\"},\"inLanguage\":\"es\",\"potentialAction\":[{\"@type\":\"ReadAction\",\"target\":[\"https:\\\/\\\/noticiasmercedinas.com\\\/site\\\/2022\\\/02\\\/04\\\/flandria-aguarda-por-su-debut-con-incorporaciones-y-amistosos\\\/\"]}]},{\"@type\":\"ImageObject\",\"inLanguage\":\"es\",\"@id\":\"https:\\\/\\\/noticiasmercedinas.com\\\/site\\\/2022\\\/02\\\/04\\\/flandria-aguarda-por-su-debut-con-incorporaciones-y-amistosos\\\/#primaryimage\",\"url\":\"https:\\\/\\\/noticiasmercedinas.com\\\/site\\\/wp-content\\\/uploads\\\/2022\\\/02\\\/flandria.jpg\",\"contentUrl\":\"https:\\\/\\\/noticiasmercedinas.com\\\/site\\\/wp-content\\\/uploads\\\/2022\\\/02\\\/flandria.jpg\",\"width\":640,\"height\":407},{\"@type\":\"BreadcrumbList\",\"@id\":\"https:\\\/\\\/noticiasmercedinas.com\\\/site\\\/2022\\\/02\\\/04\\\/flandria-aguarda-por-su-debut-con-incorporaciones-y-amistosos\\\/#breadcrumb\",\"itemListElement\":[{\"@type\":\"ListItem\",\"position\":1,\"name\":\"Portada\",\"item\":\"https:\\\/\\\/noticiasmercedinas.com\\\/site\\\/\"},{\"@type\":\"ListItem\",\"position\":2,\"name\":\"Flandria aguarda por su debut con incorporaciones y amistosos\"}]},{\"@type\":\"WebSite\",\"@id\":\"https:\\\/\\\/noticiasmercedinas.com\\\/site\\\/#website\",\"url\":\"https:\\\/\\\/noticiasmercedinas.com\\\/site\\\/\",\"name\":\"NOTICIASMERCEDINAS.COM\",\"description\":\"Mercedes, Buenos Aires, Argentina\",\"publisher\":{\"@id\":\"https:\\\/\\\/noticiasmercedinas.com\\\/site\\\/#organization\"},\"potentialAction\":[{\"@type\":\"SearchAction\",\"target\":{\"@type\":\"EntryPoint\",\"urlTemplate\":\"https:\\\/\\\/noticiasmercedinas.com\\\/site\\\/?s={search_term_string}\"},\"query-input\":{\"@type\":\"PropertyValueSpecification\",\"valueRequired\":true,\"valueName\":\"search_term_string\"}}],\"inLanguage\":\"es\"},{\"@type\":\"Organization\",\"@id\":\"https:\\\/\\\/noticiasmercedinas.com\\\/site\\\/#organization\",\"name\":\"NOTICIASMERCEDINAS.COM\",\"url\":\"https:\\\/\\\/noticiasmercedinas.com\\\/site\\\/\",\"logo\":{\"@type\":\"ImageObject\",\"inLanguage\":\"es\",\"@id\":\"https:\\\/\\\/noticiasmercedinas.com\\\/site\\\/#\\\/schema\\\/logo\\\/image\\\/\",\"url\":\"https:\\\/\\\/noticiasmercedinas.com\\\/site\\\/wp-content\\\/uploads\\\/2020\\\/06\\\/LOGO-512.jpg\",\"contentUrl\":\"https:\\\/\\\/noticiasmercedinas.com\\\/site\\\/wp-content\\\/uploads\\\/2020\\\/06\\\/LOGO-512.jpg\",\"width\":512,\"height\":512,\"caption\":\"NOTICIASMERCEDINAS.COM\"},\"image\":{\"@id\":\"https:\\\/\\\/noticiasmercedinas.com\\\/site\\\/#\\\/schema\\\/logo\\\/image\\\/\"},\"sameAs\":[\"https:\\\/\\\/www.facebook.com\\\/noticiasmercedinas\\\/\",\"https:\\\/\\\/x.com\\\/notmercedinas\",\"https:\\\/\\\/www.instagram.com\\\/noticiasmercedinas\\\/\"]},{\"@type\":\"Person\",\"@id\":\"https:\\\/\\\/noticiasmercedinas.com\\\/site\\\/#\\\/schema\\\/person\\\/8f2f09d666ef40986eba4a5e6f2a06f9\",\"name\":\"Juan Dagnino NOTICIASMERCEDINAS.COM\",\"image\":{\"@type\":\"ImageObject\",\"inLanguage\":\"es\",\"@id\":\"https:\\\/\\\/secure.gravatar.com\\\/avatar\\\/fc7059a769f5a3cae65fadb228a3e4accf3a64b4b2305020d0a27e6d5333c91b?s=96&d=mm&r=g\",\"url\":\"https:\\\/\\\/secure.gravatar.com\\\/avatar\\\/fc7059a769f5a3cae65fadb228a3e4accf3a64b4b2305020d0a27e6d5333c91b?s=96&d=mm&r=g\",\"contentUrl\":\"https:\\\/\\\/secure.gravatar.com\\\/avatar\\\/fc7059a769f5a3cae65fadb228a3e4accf3a64b4b2305020d0a27e6d5333c91b?s=96&d=mm&r=g\",\"caption\":\"Juan Dagnino NOTICIASMERCEDINAS.COM\"},\"url\":\"https:\\\/\\\/noticiasmercedinas.com\\\/site\\\/author\\\/juandagnino\\\/\"}]}<\/script>\n<!-- \/ Yoast SEO plugin. -->","yoast_head_json":{"title":"Flandria aguarda por su debut con incorporaciones y amistosos","robots":{"index":"index","follow":"follow","max-snippet":"max-snippet:-1","max-image-preview":"max-image-preview:large","max-video-preview":"max-video-preview:-1"},"canonical":"https:\/\/noticiasmercedinas.com\/site\/2022\/02\/04\/flandria-aguarda-por-su-debut-con-incorporaciones-y-amistosos\/","og_locale":"es_ES","og_type":"article","og_title":"Flandria aguarda por su debut con incorporaciones y amistosos","og_description":"\u25a0 El s\u00e1bado 12 desde las 17 recibe a Defensores de Belgrano en el Carlos V. El \u201cCanario\u201d ma\u00f1ana disputar\u00e1 su \u00faltimo amistoso y para lo que vendr\u00e1 sum\u00f3 a 12 futbolistas de distintas procedencias.","og_url":"https:\/\/noticiasmercedinas.com\/site\/2022\/02\/04\/flandria-aguarda-por-su-debut-con-incorporaciones-y-amistosos\/","og_site_name":"NOTICIASMERCEDINAS.COM","article_publisher":"https:\/\/www.facebook.com\/noticiasmercedinas\/","article_published_time":"2022-02-04T14:17:06+00:00","og_image":[{"width":640,"height":407,"url":"https:\/\/noticiasmercedinas.com\/site\/wp-content\/uploads\/2022\/02\/flandria.jpg","type":"image\/jpeg"}],"author":"Juan Dagnino NOTICIASMERCEDINAS.COM","twitter_card":"summary_large_image","twitter_creator":"@notmercedinas","twitter_site":"@notmercedinas","twitter_misc":{"Escrito por":"Juan Dagnino NOTICIASMERCEDINAS.COM","Tiempo de lectura":"2 minutos"},"schema":{"@context":"https:\/\/schema.org","@graph":[{"@type":"Article","@id":"https:\/\/noticiasmercedinas.com\/site\/2022\/02\/04\/flandria-aguarda-por-su-debut-con-incorporaciones-y-amistosos\/#article","isPartOf":{"@id":"https:\/\/noticiasmercedinas.com\/site\/2022\/02\/04\/flandria-aguarda-por-su-debut-con-incorporaciones-y-amistosos\/"},"author":{"name":"Juan Dagnino NOTICIASMERCEDINAS.COM","@id":"https:\/\/noticiasmercedinas.com\/site\/#\/schema\/person\/8f2f09d666ef40986eba4a5e6f2a06f9"},"headline":"Flandria aguarda por su debut con incorporaciones y amistosos","datePublished":"2022-02-04T14:17:06+00:00","mainEntityOfPage":{"@id":"https:\/\/noticiasmercedinas.com\/site\/2022\/02\/04\/flandria-aguarda-por-su-debut-con-incorporaciones-y-amistosos\/"},"wordCount":328,"commentCount":0,"publisher":{"@id":"https:\/\/noticiasmercedinas.com\/site\/#organization"},"image":{"@id":"https:\/\/noticiasmercedinas.com\/site\/2022\/02\/04\/flandria-aguarda-por-su-debut-con-incorporaciones-y-amistosos\/#primaryimage"},"thumbnailUrl":"https:\/\/noticiasmercedinas.com\/site\/wp-content\/uploads\/2022\/02\/flandria.jpg","keywords":["Club Flandria","primera nacional"],"articleSection":["Deportes"],"inLanguage":"es","potentialAction":[{"@type":"CommentAction","name":"Comment","target":["https:\/\/noticiasmercedinas.com\/site\/2022\/02\/04\/flandria-aguarda-por-su-debut-con-incorporaciones-y-amistosos\/#respond"]}]},{"@type":"WebPage","@id":"https:\/\/noticiasmercedinas.com\/site\/2022\/02\/04\/flandria-aguarda-por-su-debut-con-incorporaciones-y-amistosos\/","url":"https:\/\/noticiasmercedinas.com\/site\/2022\/02\/04\/flandria-aguarda-por-su-debut-con-incorporaciones-y-amistosos\/","name":"Flandria aguarda por su debut con incorporaciones y amistosos","isPartOf":{"@id":"https:\/\/noticiasmercedinas.com\/site\/#website"},"primaryImageOfPage":{"@id":"https:\/\/noticiasmercedinas.com\/site\/2022\/02\/04\/flandria-aguarda-por-su-debut-con-incorporaciones-y-amistosos\/#primaryimage"},"image":{"@id":"https:\/\/noticiasmercedinas.com\/site\/2022\/02\/04\/flandria-aguarda-por-su-debut-con-incorporaciones-y-amistosos\/#primaryimage"},"thumbnailUrl":"https:\/\/noticiasmercedinas.com\/site\/wp-content\/uploads\/2022\/02\/flandria.jpg","datePublished":"2022-02-04T14:17:06+00:00","breadcrumb":{"@id":"https:\/\/noticiasmercedinas.com\/site\/2022\/02\/04\/flandria-aguarda-por-su-debut-con-incorporaciones-y-amistosos\/#breadcrumb"},"inLanguage":"es","potentialAction":[{"@type":"ReadAction","target":["https:\/\/noticiasmercedinas.com\/site\/2022\/02\/04\/flandria-aguarda-por-su-debut-con-incorporaciones-y-amistosos\/"]}]},{"@type":"ImageObject","inLanguage":"es","@id":"https:\/\/noticiasmercedinas.com\/site\/2022\/02\/04\/flandria-aguarda-por-su-debut-con-incorporaciones-y-amistosos\/#primaryimage","url":"https:\/\/noticiasmercedinas.com\/site\/wp-content\/uploads\/2022\/02\/flandria.jpg","contentUrl":"https:\/\/noticiasmercedinas.com\/site\/wp-content\/uploads\/2022\/02\/flandria.jpg","width":640,"height":407},{"@type":"BreadcrumbList","@id":"https:\/\/noticiasmercedinas.com\/site\/2022\/02\/04\/flandria-aguarda-por-su-debut-con-incorporaciones-y-amistosos\/#breadcrumb","itemListElement":[{"@type":"ListItem","position":1,"name":"Portada","item":"https:\/\/noticiasmercedinas.com\/site\/"},{"@type":"ListItem","position":2,"name":"Flandria aguarda por su debut con incorporaciones y amistosos"}]},{"@type":"WebSite","@id":"https:\/\/noticiasmercedinas.com\/site\/#website","url":"https:\/\/noticiasmercedinas.com\/site\/","name":"NOTICIASMERCEDINAS.COM","description":"Mercedes, Buenos Aires, Argentina","publisher":{"@id":"https:\/\/noticiasmercedinas.com\/site\/#organization"},"potentialAction":[{"@type":"SearchAction","target":{"@type":"EntryPoint","urlTemplate":"https:\/\/noticiasmercedinas.com\/site\/?s={search_term_string}"},"query-input":{"@type":"PropertyValueSpecification","valueRequired":true,"valueName":"search_term_string"}}],"inLanguage":"es"},{"@type":"Organization","@id":"https:\/\/noticiasmercedinas.com\/site\/#organization","name":"NOTICIASMERCEDINAS.COM","url":"https:\/\/noticiasmercedinas.com\/site\/","logo":{"@type":"ImageObject","inLanguage":"es","@id":"https:\/\/noticiasmercedinas.com\/site\/#\/schema\/logo\/image\/","url":"https:\/\/noticiasmercedinas.com\/site\/wp-content\/uploads\/2020\/06\/LOGO-512.jpg","contentUrl":"https:\/\/noticiasmercedinas.com\/site\/wp-content\/uploads\/2020\/06\/LOGO-512.jpg","width":512,"height":512,"caption":"NOTICIASMERCEDINAS.COM"},"image":{"@id":"https:\/\/noticiasmercedinas.com\/site\/#\/schema\/logo\/image\/"},"sameAs":["https:\/\/www.facebook.com\/noticiasmercedinas\/","https:\/\/x.com\/notmercedinas","https:\/\/www.instagram.com\/noticiasmercedinas\/"]},{"@type":"Person","@id":"https:\/\/noticiasmercedinas.com\/site\/#\/schema\/person\/8f2f09d666ef40986eba4a5e6f2a06f9","name":"Juan Dagnino NOTICIASMERCEDINAS.COM","image":{"@type":"ImageObject","inLanguage":"es","@id":"https:\/\/secure.gravatar.com\/avatar\/fc7059a769f5a3cae65fadb228a3e4accf3a64b4b2305020d0a27e6d5333c91b?s=96&d=mm&r=g","url":"https:\/\/secure.gravatar.com\/avatar\/fc7059a769f5a3cae65fadb228a3e4accf3a64b4b2305020d0a27e6d5333c91b?s=96&d=mm&r=g","contentUrl":"https:\/\/secure.gravatar.com\/avatar\/fc7059a769f5a3cae65fadb228a3e4accf3a64b4b2305020d0a27e6d5333c91b?s=96&d=mm&r=g","caption":"Juan Dagnino NOTICIASMERCEDINAS.COM"},"url":"https:\/\/noticiasmercedinas.com\/site\/author\/juandagnino\/"}]}},"amp_enabled":true,"_links":{"self":[{"href":"https:\/\/noticiasmercedinas.com\/site\/wp-json\/wp\/v2\/posts\/84091","targetHints":{"allow":["GET"]}}],"collection":[{"href":"https:\/\/noticiasmercedinas.com\/site\/wp-json\/wp\/v2\/posts"}],"about":[{"href":"https:\/\/noticiasmercedinas.com\/site\/wp-json\/wp\/v2\/types\/post"}],"author":[{"embeddable":true,"href":"https:\/\/noticiasmercedinas.com\/site\/wp-json\/wp\/v2\/users\/6"}],"replies":[{"embeddable":true,"href":"https:\/\/noticiasmercedinas.com\/site\/wp-json\/wp\/v2\/comments?post=84091"}],"version-history":[{"count":1,"href":"https:\/\/noticiasmercedinas.com\/site\/wp-json\/wp\/v2\/posts\/84091\/revisions"}],"predecessor-version":[{"id":84093,"href":"https:\/\/noticiasmercedinas.com\/site\/wp-json\/wp\/v2\/posts\/84091\/revisions\/84093"}],"wp:featuredmedia":[{"embeddable":true,"href":"https:\/\/noticiasmercedinas.com\/site\/wp-json\/wp\/v2\/media\/84092"}],"wp:attachment":[{"href":"https:\/\/noticiasmercedinas.com\/site\/wp-json\/wp\/v2\/media?parent=84091"}],"wp:term":[{"taxonomy":"category","embeddable":true,"href":"https:\/\/noticiasmercedinas.com\/site\/wp-json\/wp\/v2\/categories?post=84091"},{"taxonomy":"post_tag","embeddable":true,"href":"https:\/\/noticiasmercedinas.com\/site\/wp-json\/wp\/v2\/tags?post=84091"}],"curies":[{"name":"wp","href":"https:\/\/api.w.org\/{rel}","templated":true}]}}