{"id":8441,"date":"2018-12-06T08:58:14","date_gmt":"2018-12-06T11:58:14","guid":{"rendered":"https:\/\/noticiasmercedinas.com\/site\/?p=8441"},"modified":"2018-12-06T08:58:14","modified_gmt":"2018-12-06T11:58:14","slug":"caritas-inicia-su-campana-solidaria-de-navidad-con-un-llamado-a-la-inclusion-social","status":"publish","type":"post","link":"https:\/\/noticiasmercedinas.com\/site\/2018\/12\/06\/caritas-inicia-su-campana-solidaria-de-navidad-con-un-llamado-a-la-inclusion-social\/","title":{"rendered":"C\u00e1ritas inicia su Campa\u00f1a Solidaria de Navidad con un llamado a la inclusi\u00f3n social"},"content":{"rendered":"<p><img loading=\"lazy\" decoding=\"async\" class=\"alignnone size-full wp-image-8442\" src=\"https:\/\/noticiasmercedinas.com\/site\/wp-content\/uploads\/2018\/12\/36805.jpg\" alt=\"\" width=\"783\" height=\"591\" srcset=\"https:\/\/noticiasmercedinas.com\/site\/wp-content\/uploads\/2018\/12\/36805.jpg 783w, https:\/\/noticiasmercedinas.com\/site\/wp-content\/uploads\/2018\/12\/36805-300x226.jpg 300w, https:\/\/noticiasmercedinas.com\/site\/wp-content\/uploads\/2018\/12\/36805-768x580.jpg 768w, https:\/\/noticiasmercedinas.com\/site\/wp-content\/uploads\/2018\/12\/36805-80x60.jpg 80w, https:\/\/noticiasmercedinas.com\/site\/wp-content\/uploads\/2018\/12\/36805-160x120.jpg 160w, https:\/\/noticiasmercedinas.com\/site\/wp-content\/uploads\/2018\/12\/36805-100x75.jpg 100w, https:\/\/noticiasmercedinas.com\/site\/wp-content\/uploads\/2018\/12\/36805-200x150.jpg 200w, https:\/\/noticiasmercedinas.com\/site\/wp-content\/uploads\/2018\/12\/36805-180x135.jpg 180w, https:\/\/noticiasmercedinas.com\/site\/wp-content\/uploads\/2018\/12\/36805-640x483.jpg 640w, https:\/\/noticiasmercedinas.com\/site\/wp-content\/uploads\/2018\/12\/36805-681x514.jpg 681w\" sizes=\"auto, (max-width: 783px) 100vw, 783px\" \/><\/p>\n<p>C\u00e1ritas Argentina inicia su tradicional Campa\u00f1a Solidaria de Navidad, invitando a los argentinos a \u201ccompartir solidariamente con los que menos tienen\u201d y sumar su compromiso para construir \u201centre todos una sociedad m\u00e1s justa y m\u00e1s inclusiva\u201d.<\/p>\n<p>La iniciativa de la organizaci\u00f3n caritativa de la Iglesia lleva por lema \u201cEn esta Navidad la esperanza sos vos\u201d y que se desarrolla durante el tiempo de Adviento y hasta la fiesta de Epifan\u00eda o Reyes, 6 de enero de 2019.<\/p>\n<p>El obispo de Quilmes y presidente de C\u00e1ritas Argentina, monse\u00f1or Carlos Jos\u00e9 Tissera, recuerda que en Navidad \u201cnace Jes\u00fas, pobre entre los pobres\u201d y, de este modo, afirma: \u201cDios nos muestra su amor tierno para que nos decidamos a amar como \u00c9l nos ama. \u00bfNos dejamos amar por Dios? \u00bfNos dejamos abrazar por su amor misericordioso? De esa manera, el mismo Jes\u00fas nos ir\u00e1 transformando en esperanza para los dem\u00e1s\u201d.<\/p>\n<p>\u201c\u2018En esta Navidad la esperanza sos vos\u2019, pod\u00e9s tener un amor lleno de ternura con los que te rodean, compartiendo algo tuyo para que otros, inclusive lejos de donde vives, puedan sentir que viven en un mundo de seres humanos y no en una jungla, donde rige la ley del \u2018s\u00e1lvese el que pueda\u2019\u201d, sostiene.<\/p>\n<p>\u201cLas campa\u00f1as de colaboraci\u00f3n que C\u00e1ritas organiza en cada parroquia, en cada di\u00f3cesis del pa\u00eds, son una ocasi\u00f3n para que puedas experimentar que sos esperanza para otros. Misteriosamente podr\u00e1s ver que Jes\u00fas te sonr\u00ede desde su pobre cuna del pesebre\u201d, agrega.<\/p>\n<p>C\u00e1ritas Argentina asegura que \u201cen un contexto de dolorosa pobreza y exclusi\u00f3n, lo que cada uno de nosotros pueda compartir se vuelve m\u00e1s valioso. Por eso, vos tambi\u00e9n pod\u00e9s cambiar la vida de muchos, haciendo realmente presente el sentido profundo de esta Navidad\u201d.<\/p>\n<p>\u201cQue estas fiestas sean el fin de la espera de un tiempo mejor para nuestros hermanos m\u00e1s postergados, porque decidimos juntos compartir lo mejor de nosotros para dar vida a una realidad nueva. Entre todos podemos hacerlo y por eso contamos con tu compromiso. En esta Navidad la esperanza est\u00e1 en vos\u201d, subraya.<\/p>\n<p>La campa\u00f1a solidaria se llevar\u00e1 adelante mediante un spot de TV y diversos materiales (spot de radio, piezas gr\u00e1ficas, banners para redes, etc.) que se pueden descargar en:\u00a0<a title=\"\" href=\"http:\/\/www.aica.org\/li.php?r=cVphRHlwdld0TDdpdnByRzE4eW5ucVN1bWJiYndaNm4zNjJXdGR5N2xxUHVwWGZQNDlhMXV1SzhlOURYdWJ5eDRZTm1uTjdCdEhybHY2SzE0S25JbHFxbXBibWRxNXU2M0tXSXhOamduN0hqclphbzF0ZW14TnVEbWNYaXZxYkpxYWFWdHR6WG41cmJybVBSMTZhOHRnPT0=\" target=\"_blank\" rel=\"noopener\">www.caritas.org.ar\/navidad2018<\/a>.<\/p>\n<p><strong>Formas de Colaborar\u00a0\u00a0<\/strong><br \/>\nC\u00e1ritas detall\u00f3 cu\u00e1les son las formas de colaborar con la Campa\u00f1a Solidaria de Navidad en todo el pa\u00eds:<\/p>\n<p>Por tel\u00e9fono: 0810-222-74827 (costo de una llamada local) o ingresando al sitio\u00a0<a title=\"\" href=\"http:\/\/www.aica.org\/li.php?r=cVphRHlwdld0TDdpdjNqRjBydWZucVN1bWJiYndaNm4zNjJXdGR5N2xxUHVwWGZQNDlhMXV1SzhlOURYdWJ5eDRZTm1uTjdCdEhybHY2SzE0S25JbHFxbXBibWRxNXU2M0tXSXhOamduN0hqc1oydzFiT01qQT09\" target=\"_blank\" rel=\"noopener\">www.caritas.org.ar<\/a>.<\/p>\n<p>Con dep\u00f3sito en cheque a nombre de C\u00e1ritas Argentina (no a la orden). Cuenta Corriente del Banco Naci\u00f3n 38632\/92, sucursal 0085 Plaza de Mayo. Y a trav\u00e9s de dep\u00f3sitos y transferencias bancarias: CBU 01105995-20000038632921, CUIT: 30-51731290-4<\/p>\n","protected":false},"excerpt":{"rendered":"<p>C\u00e1ritas Argentina inicia su tradicional Campa\u00f1a Solidaria de Navidad, invitando a los argentinos a \u201ccompartir solidariamente con los que menos tienen\u201d y sumar su compromiso para construir \u201centre todos una sociedad m\u00e1s justa y m\u00e1s inclusiva\u201d. La iniciativa de la organizaci\u00f3n caritativa de la Iglesia lleva por lema \u201cEn esta Navidad la esperanza sos vos\u201d [&hellip;]<\/p>\n","protected":false},"author":2,"featured_media":8442,"comment_status":"open","ping_status":"open","sticky":false,"template":"","format":"standard","meta":{"footnotes":""},"categories":[139],"tags":[2648,2647,771,2649],"class_list":["post-8441","post","type-post","status-publish","format-standard","has-post-thumbnail","hentry","category-regionales","tag-caridad","tag-caritas","tag-iglesia","tag-navidad"],"yoast_head":"<!-- This site is optimized with the Yoast SEO plugin v27.5 - https:\/\/yoast.com\/product\/yoast-seo-wordpress\/ -->\n<title>C\u00e1ritas inicia su Campa\u00f1a Solidaria de Navidad con un llamado a la inclusi\u00f3n social<\/title>\n<meta name=\"robots\" content=\"index, follow, max-snippet:-1, max-image-preview:large, max-video-preview:-1\" \/>\n<link rel=\"canonical\" href=\"https:\/\/noticiasmercedinas.com\/site\/2018\/12\/06\/caritas-inicia-su-campana-solidaria-de-navidad-con-un-llamado-a-la-inclusion-social\/\" \/>\n<meta property=\"og:locale\" content=\"es_ES\" \/>\n<meta property=\"og:type\" content=\"article\" \/>\n<meta property=\"og:title\" content=\"C\u00e1ritas inicia su Campa\u00f1a Solidaria de Navidad con un llamado a la inclusi\u00f3n social\" \/>\n<meta property=\"og:description\" content=\"C\u00e1ritas Argentina inicia su tradicional Campa\u00f1a Solidaria de Navidad, invitando a los argentinos a \u201ccompartir solidariamente con los que menos tienen\u201d y sumar su compromiso para construir \u201centre todos una sociedad m\u00e1s justa y m\u00e1s inclusiva\u201d. La iniciativa de la organizaci\u00f3n caritativa de la Iglesia lleva por lema \u201cEn esta Navidad la esperanza sos vos\u201d [&hellip;]\" \/>\n<meta property=\"og:url\" content=\"https:\/\/noticiasmercedinas.com\/site\/2018\/12\/06\/caritas-inicia-su-campana-solidaria-de-navidad-con-un-llamado-a-la-inclusion-social\/\" \/>\n<meta property=\"og:site_name\" content=\"NOTICIASMERCEDINAS.COM\" \/>\n<meta property=\"article:publisher\" content=\"https:\/\/www.facebook.com\/noticiasmercedinas\/\" \/>\n<meta property=\"article:author\" content=\"https:\/\/www.facebook.com\/cristian.falabella\" \/>\n<meta property=\"article:published_time\" content=\"2018-12-06T11:58:14+00:00\" \/>\n<meta property=\"og:image\" content=\"https:\/\/noticiasmercedinas.com\/site\/wp-content\/uploads\/2018\/12\/36805.jpg\" \/>\n\t<meta property=\"og:image:width\" content=\"783\" \/>\n\t<meta property=\"og:image:height\" content=\"591\" \/>\n\t<meta property=\"og:image:type\" content=\"image\/jpeg\" \/>\n<meta name=\"author\" content=\"Cristian Falabella NOTICIASMERCEDINAS.COM\" \/>\n<meta name=\"twitter:card\" content=\"summary_large_image\" \/>\n<meta name=\"twitter:creator\" content=\"@https:\/\/twitter.com\/NOTMERCEDINAS\" \/>\n<meta name=\"twitter:site\" content=\"@notmercedinas\" \/>\n<meta name=\"twitter:label1\" content=\"Escrito por\" \/>\n\t<meta name=\"twitter:data1\" content=\"Cristian Falabella NOTICIASMERCEDINAS.COM\" \/>\n\t<meta name=\"twitter:label2\" content=\"Tiempo de lectura\" \/>\n\t<meta name=\"twitter:data2\" content=\"2 minutos\" \/>\n<script type=\"application\/ld+json\" class=\"yoast-schema-graph\">{\"@context\":\"https:\\\/\\\/schema.org\",\"@graph\":[{\"@type\":\"Article\",\"@id\":\"https:\\\/\\\/noticiasmercedinas.com\\\/site\\\/2018\\\/12\\\/06\\\/caritas-inicia-su-campana-solidaria-de-navidad-con-un-llamado-a-la-inclusion-social\\\/#article\",\"isPartOf\":{\"@id\":\"https:\\\/\\\/noticiasmercedinas.com\\\/site\\\/2018\\\/12\\\/06\\\/caritas-inicia-su-campana-solidaria-de-navidad-con-un-llamado-a-la-inclusion-social\\\/\"},\"author\":{\"name\":\"Cristian Falabella NOTICIASMERCEDINAS.COM\",\"@id\":\"https:\\\/\\\/noticiasmercedinas.com\\\/site\\\/#\\\/schema\\\/person\\\/d481a9696a5feaec13a60e2bbd991a6a\"},\"headline\":\"C\u00e1ritas inicia su Campa\u00f1a Solidaria de Navidad con un llamado a la inclusi\u00f3n social\",\"datePublished\":\"2018-12-06T11:58:14+00:00\",\"mainEntityOfPage\":{\"@id\":\"https:\\\/\\\/noticiasmercedinas.com\\\/site\\\/2018\\\/12\\\/06\\\/caritas-inicia-su-campana-solidaria-de-navidad-con-un-llamado-a-la-inclusion-social\\\/\"},\"wordCount\":500,\"commentCount\":0,\"publisher\":{\"@id\":\"https:\\\/\\\/noticiasmercedinas.com\\\/site\\\/#organization\"},\"image\":{\"@id\":\"https:\\\/\\\/noticiasmercedinas.com\\\/site\\\/2018\\\/12\\\/06\\\/caritas-inicia-su-campana-solidaria-de-navidad-con-un-llamado-a-la-inclusion-social\\\/#primaryimage\"},\"thumbnailUrl\":\"https:\\\/\\\/noticiasmercedinas.com\\\/site\\\/wp-content\\\/uploads\\\/2018\\\/12\\\/36805.jpg\",\"keywords\":[\"caridad\",\"caritas\",\"iglesia\",\"navidad\"],\"articleSection\":[\"Regionales\"],\"inLanguage\":\"es\",\"potentialAction\":[{\"@type\":\"CommentAction\",\"name\":\"Comment\",\"target\":[\"https:\\\/\\\/noticiasmercedinas.com\\\/site\\\/2018\\\/12\\\/06\\\/caritas-inicia-su-campana-solidaria-de-navidad-con-un-llamado-a-la-inclusion-social\\\/#respond\"]}]},{\"@type\":\"WebPage\",\"@id\":\"https:\\\/\\\/noticiasmercedinas.com\\\/site\\\/2018\\\/12\\\/06\\\/caritas-inicia-su-campana-solidaria-de-navidad-con-un-llamado-a-la-inclusion-social\\\/\",\"url\":\"https:\\\/\\\/noticiasmercedinas.com\\\/site\\\/2018\\\/12\\\/06\\\/caritas-inicia-su-campana-solidaria-de-navidad-con-un-llamado-a-la-inclusion-social\\\/\",\"name\":\"C\u00e1ritas inicia su Campa\u00f1a Solidaria de Navidad con un llamado a la inclusi\u00f3n social\",\"isPartOf\":{\"@id\":\"https:\\\/\\\/noticiasmercedinas.com\\\/site\\\/#website\"},\"primaryImageOfPage\":{\"@id\":\"https:\\\/\\\/noticiasmercedinas.com\\\/site\\\/2018\\\/12\\\/06\\\/caritas-inicia-su-campana-solidaria-de-navidad-con-un-llamado-a-la-inclusion-social\\\/#primaryimage\"},\"image\":{\"@id\":\"https:\\\/\\\/noticiasmercedinas.com\\\/site\\\/2018\\\/12\\\/06\\\/caritas-inicia-su-campana-solidaria-de-navidad-con-un-llamado-a-la-inclusion-social\\\/#primaryimage\"},\"thumbnailUrl\":\"https:\\\/\\\/noticiasmercedinas.com\\\/site\\\/wp-content\\\/uploads\\\/2018\\\/12\\\/36805.jpg\",\"datePublished\":\"2018-12-06T11:58:14+00:00\",\"breadcrumb\":{\"@id\":\"https:\\\/\\\/noticiasmercedinas.com\\\/site\\\/2018\\\/12\\\/06\\\/caritas-inicia-su-campana-solidaria-de-navidad-con-un-llamado-a-la-inclusion-social\\\/#breadcrumb\"},\"inLanguage\":\"es\",\"potentialAction\":[{\"@type\":\"ReadAction\",\"target\":[\"https:\\\/\\\/noticiasmercedinas.com\\\/site\\\/2018\\\/12\\\/06\\\/caritas-inicia-su-campana-solidaria-de-navidad-con-un-llamado-a-la-inclusion-social\\\/\"]}]},{\"@type\":\"ImageObject\",\"inLanguage\":\"es\",\"@id\":\"https:\\\/\\\/noticiasmercedinas.com\\\/site\\\/2018\\\/12\\\/06\\\/caritas-inicia-su-campana-solidaria-de-navidad-con-un-llamado-a-la-inclusion-social\\\/#primaryimage\",\"url\":\"https:\\\/\\\/noticiasmercedinas.com\\\/site\\\/wp-content\\\/uploads\\\/2018\\\/12\\\/36805.jpg\",\"contentUrl\":\"https:\\\/\\\/noticiasmercedinas.com\\\/site\\\/wp-content\\\/uploads\\\/2018\\\/12\\\/36805.jpg\",\"width\":783,\"height\":591},{\"@type\":\"BreadcrumbList\",\"@id\":\"https:\\\/\\\/noticiasmercedinas.com\\\/site\\\/2018\\\/12\\\/06\\\/caritas-inicia-su-campana-solidaria-de-navidad-con-un-llamado-a-la-inclusion-social\\\/#breadcrumb\",\"itemListElement\":[{\"@type\":\"ListItem\",\"position\":1,\"name\":\"Portada\",\"item\":\"https:\\\/\\\/noticiasmercedinas.com\\\/site\\\/\"},{\"@type\":\"ListItem\",\"position\":2,\"name\":\"C\u00e1ritas inicia su Campa\u00f1a Solidaria de Navidad con un llamado a la inclusi\u00f3n social\"}]},{\"@type\":\"WebSite\",\"@id\":\"https:\\\/\\\/noticiasmercedinas.com\\\/site\\\/#website\",\"url\":\"https:\\\/\\\/noticiasmercedinas.com\\\/site\\\/\",\"name\":\"NOTICIASMERCEDINAS.COM\",\"description\":\"Mercedes, Buenos Aires, Argentina\",\"publisher\":{\"@id\":\"https:\\\/\\\/noticiasmercedinas.com\\\/site\\\/#organization\"},\"potentialAction\":[{\"@type\":\"SearchAction\",\"target\":{\"@type\":\"EntryPoint\",\"urlTemplate\":\"https:\\\/\\\/noticiasmercedinas.com\\\/site\\\/?s={search_term_string}\"},\"query-input\":{\"@type\":\"PropertyValueSpecification\",\"valueRequired\":true,\"valueName\":\"search_term_string\"}}],\"inLanguage\":\"es\"},{\"@type\":\"Organization\",\"@id\":\"https:\\\/\\\/noticiasmercedinas.com\\\/site\\\/#organization\",\"name\":\"NOTICIASMERCEDINAS.COM\",\"url\":\"https:\\\/\\\/noticiasmercedinas.com\\\/site\\\/\",\"logo\":{\"@type\":\"ImageObject\",\"inLanguage\":\"es\",\"@id\":\"https:\\\/\\\/noticiasmercedinas.com\\\/site\\\/#\\\/schema\\\/logo\\\/image\\\/\",\"url\":\"https:\\\/\\\/noticiasmercedinas.com\\\/site\\\/wp-content\\\/uploads\\\/2020\\\/06\\\/LOGO-512.jpg\",\"contentUrl\":\"https:\\\/\\\/noticiasmercedinas.com\\\/site\\\/wp-content\\\/uploads\\\/2020\\\/06\\\/LOGO-512.jpg\",\"width\":512,\"height\":512,\"caption\":\"NOTICIASMERCEDINAS.COM\"},\"image\":{\"@id\":\"https:\\\/\\\/noticiasmercedinas.com\\\/site\\\/#\\\/schema\\\/logo\\\/image\\\/\"},\"sameAs\":[\"https:\\\/\\\/www.facebook.com\\\/noticiasmercedinas\\\/\",\"https:\\\/\\\/x.com\\\/notmercedinas\",\"https:\\\/\\\/www.instagram.com\\\/noticiasmercedinas\\\/\"]},{\"@type\":\"Person\",\"@id\":\"https:\\\/\\\/noticiasmercedinas.com\\\/site\\\/#\\\/schema\\\/person\\\/d481a9696a5feaec13a60e2bbd991a6a\",\"name\":\"Cristian Falabella NOTICIASMERCEDINAS.COM\",\"image\":{\"@type\":\"ImageObject\",\"inLanguage\":\"es\",\"@id\":\"https:\\\/\\\/secure.gravatar.com\\\/avatar\\\/0dbbfc45970cc46bcd0e57766228574ff3511d6eed045b182f536f0f478c1f06?s=96&d=mm&r=g\",\"url\":\"https:\\\/\\\/secure.gravatar.com\\\/avatar\\\/0dbbfc45970cc46bcd0e57766228574ff3511d6eed045b182f536f0f478c1f06?s=96&d=mm&r=g\",\"contentUrl\":\"https:\\\/\\\/secure.gravatar.com\\\/avatar\\\/0dbbfc45970cc46bcd0e57766228574ff3511d6eed045b182f536f0f478c1f06?s=96&d=mm&r=g\",\"caption\":\"Cristian Falabella NOTICIASMERCEDINAS.COM\"},\"description\":\"Periodista, editor de Noticias Mercedinas. Pas\u00f3 por varias redacciones y emprendimientos de prensa, en distintos formatos y \u00e9pocas. Se especializ\u00f3 --y sigue haci\u00e9ndolo-- en comunicaci\u00f3n en la web y en junio de 2006 fund\u00f3 este diario digital.\",\"sameAs\":[\"https:\\\/\\\/noticiasmercedinas.com\",\"https:\\\/\\\/www.facebook.com\\\/cristian.falabella\",\"https:\\\/\\\/www.instagram.com\\\/noticiasmercedinas\\\/\",\"https:\\\/\\\/x.com\\\/https:\\\/\\\/twitter.com\\\/NOTMERCEDINAS\"],\"url\":\"https:\\\/\\\/noticiasmercedinas.com\\\/site\\\/author\\\/as000384\\\/\"}]}<\/script>\n<!-- \/ Yoast SEO plugin. -->","yoast_head_json":{"title":"C\u00e1ritas inicia su Campa\u00f1a Solidaria de Navidad con un llamado a la inclusi\u00f3n social","robots":{"index":"index","follow":"follow","max-snippet":"max-snippet:-1","max-image-preview":"max-image-preview:large","max-video-preview":"max-video-preview:-1"},"canonical":"https:\/\/noticiasmercedinas.com\/site\/2018\/12\/06\/caritas-inicia-su-campana-solidaria-de-navidad-con-un-llamado-a-la-inclusion-social\/","og_locale":"es_ES","og_type":"article","og_title":"C\u00e1ritas inicia su Campa\u00f1a Solidaria de Navidad con un llamado a la inclusi\u00f3n social","og_description":"C\u00e1ritas Argentina inicia su tradicional Campa\u00f1a Solidaria de Navidad, invitando a los argentinos a \u201ccompartir solidariamente con los que menos tienen\u201d y sumar su compromiso para construir \u201centre todos una sociedad m\u00e1s justa y m\u00e1s inclusiva\u201d. La iniciativa de la organizaci\u00f3n caritativa de la Iglesia lleva por lema \u201cEn esta Navidad la esperanza sos vos\u201d [&hellip;]","og_url":"https:\/\/noticiasmercedinas.com\/site\/2018\/12\/06\/caritas-inicia-su-campana-solidaria-de-navidad-con-un-llamado-a-la-inclusion-social\/","og_site_name":"NOTICIASMERCEDINAS.COM","article_publisher":"https:\/\/www.facebook.com\/noticiasmercedinas\/","article_author":"https:\/\/www.facebook.com\/cristian.falabella","article_published_time":"2018-12-06T11:58:14+00:00","og_image":[{"width":783,"height":591,"url":"https:\/\/noticiasmercedinas.com\/site\/wp-content\/uploads\/2018\/12\/36805.jpg","type":"image\/jpeg"}],"author":"Cristian Falabella NOTICIASMERCEDINAS.COM","twitter_card":"summary_large_image","twitter_creator":"@https:\/\/twitter.com\/NOTMERCEDINAS","twitter_site":"@notmercedinas","twitter_misc":{"Escrito por":"Cristian Falabella NOTICIASMERCEDINAS.COM","Tiempo de lectura":"2 minutos"},"schema":{"@context":"https:\/\/schema.org","@graph":[{"@type":"Article","@id":"https:\/\/noticiasmercedinas.com\/site\/2018\/12\/06\/caritas-inicia-su-campana-solidaria-de-navidad-con-un-llamado-a-la-inclusion-social\/#article","isPartOf":{"@id":"https:\/\/noticiasmercedinas.com\/site\/2018\/12\/06\/caritas-inicia-su-campana-solidaria-de-navidad-con-un-llamado-a-la-inclusion-social\/"},"author":{"name":"Cristian Falabella NOTICIASMERCEDINAS.COM","@id":"https:\/\/noticiasmercedinas.com\/site\/#\/schema\/person\/d481a9696a5feaec13a60e2bbd991a6a"},"headline":"C\u00e1ritas inicia su Campa\u00f1a Solidaria de Navidad con un llamado a la inclusi\u00f3n social","datePublished":"2018-12-06T11:58:14+00:00","mainEntityOfPage":{"@id":"https:\/\/noticiasmercedinas.com\/site\/2018\/12\/06\/caritas-inicia-su-campana-solidaria-de-navidad-con-un-llamado-a-la-inclusion-social\/"},"wordCount":500,"commentCount":0,"publisher":{"@id":"https:\/\/noticiasmercedinas.com\/site\/#organization"},"image":{"@id":"https:\/\/noticiasmercedinas.com\/site\/2018\/12\/06\/caritas-inicia-su-campana-solidaria-de-navidad-con-un-llamado-a-la-inclusion-social\/#primaryimage"},"thumbnailUrl":"https:\/\/noticiasmercedinas.com\/site\/wp-content\/uploads\/2018\/12\/36805.jpg","keywords":["caridad","caritas","iglesia","navidad"],"articleSection":["Regionales"],"inLanguage":"es","potentialAction":[{"@type":"CommentAction","name":"Comment","target":["https:\/\/noticiasmercedinas.com\/site\/2018\/12\/06\/caritas-inicia-su-campana-solidaria-de-navidad-con-un-llamado-a-la-inclusion-social\/#respond"]}]},{"@type":"WebPage","@id":"https:\/\/noticiasmercedinas.com\/site\/2018\/12\/06\/caritas-inicia-su-campana-solidaria-de-navidad-con-un-llamado-a-la-inclusion-social\/","url":"https:\/\/noticiasmercedinas.com\/site\/2018\/12\/06\/caritas-inicia-su-campana-solidaria-de-navidad-con-un-llamado-a-la-inclusion-social\/","name":"C\u00e1ritas inicia su Campa\u00f1a Solidaria de Navidad con un llamado a la inclusi\u00f3n social","isPartOf":{"@id":"https:\/\/noticiasmercedinas.com\/site\/#website"},"primaryImageOfPage":{"@id":"https:\/\/noticiasmercedinas.com\/site\/2018\/12\/06\/caritas-inicia-su-campana-solidaria-de-navidad-con-un-llamado-a-la-inclusion-social\/#primaryimage"},"image":{"@id":"https:\/\/noticiasmercedinas.com\/site\/2018\/12\/06\/caritas-inicia-su-campana-solidaria-de-navidad-con-un-llamado-a-la-inclusion-social\/#primaryimage"},"thumbnailUrl":"https:\/\/noticiasmercedinas.com\/site\/wp-content\/uploads\/2018\/12\/36805.jpg","datePublished":"2018-12-06T11:58:14+00:00","breadcrumb":{"@id":"https:\/\/noticiasmercedinas.com\/site\/2018\/12\/06\/caritas-inicia-su-campana-solidaria-de-navidad-con-un-llamado-a-la-inclusion-social\/#breadcrumb"},"inLanguage":"es","potentialAction":[{"@type":"ReadAction","target":["https:\/\/noticiasmercedinas.com\/site\/2018\/12\/06\/caritas-inicia-su-campana-solidaria-de-navidad-con-un-llamado-a-la-inclusion-social\/"]}]},{"@type":"ImageObject","inLanguage":"es","@id":"https:\/\/noticiasmercedinas.com\/site\/2018\/12\/06\/caritas-inicia-su-campana-solidaria-de-navidad-con-un-llamado-a-la-inclusion-social\/#primaryimage","url":"https:\/\/noticiasmercedinas.com\/site\/wp-content\/uploads\/2018\/12\/36805.jpg","contentUrl":"https:\/\/noticiasmercedinas.com\/site\/wp-content\/uploads\/2018\/12\/36805.jpg","width":783,"height":591},{"@type":"BreadcrumbList","@id":"https:\/\/noticiasmercedinas.com\/site\/2018\/12\/06\/caritas-inicia-su-campana-solidaria-de-navidad-con-un-llamado-a-la-inclusion-social\/#breadcrumb","itemListElement":[{"@type":"ListItem","position":1,"name":"Portada","item":"https:\/\/noticiasmercedinas.com\/site\/"},{"@type":"ListItem","position":2,"name":"C\u00e1ritas inicia su Campa\u00f1a Solidaria de Navidad con un llamado a la inclusi\u00f3n social"}]},{"@type":"WebSite","@id":"https:\/\/noticiasmercedinas.com\/site\/#website","url":"https:\/\/noticiasmercedinas.com\/site\/","name":"NOTICIASMERCEDINAS.COM","description":"Mercedes, Buenos Aires, Argentina","publisher":{"@id":"https:\/\/noticiasmercedinas.com\/site\/#organization"},"potentialAction":[{"@type":"SearchAction","target":{"@type":"EntryPoint","urlTemplate":"https:\/\/noticiasmercedinas.com\/site\/?s={search_term_string}"},"query-input":{"@type":"PropertyValueSpecification","valueRequired":true,"valueName":"search_term_string"}}],"inLanguage":"es"},{"@type":"Organization","@id":"https:\/\/noticiasmercedinas.com\/site\/#organization","name":"NOTICIASMERCEDINAS.COM","url":"https:\/\/noticiasmercedinas.com\/site\/","logo":{"@type":"ImageObject","inLanguage":"es","@id":"https:\/\/noticiasmercedinas.com\/site\/#\/schema\/logo\/image\/","url":"https:\/\/noticiasmercedinas.com\/site\/wp-content\/uploads\/2020\/06\/LOGO-512.jpg","contentUrl":"https:\/\/noticiasmercedinas.com\/site\/wp-content\/uploads\/2020\/06\/LOGO-512.jpg","width":512,"height":512,"caption":"NOTICIASMERCEDINAS.COM"},"image":{"@id":"https:\/\/noticiasmercedinas.com\/site\/#\/schema\/logo\/image\/"},"sameAs":["https:\/\/www.facebook.com\/noticiasmercedinas\/","https:\/\/x.com\/notmercedinas","https:\/\/www.instagram.com\/noticiasmercedinas\/"]},{"@type":"Person","@id":"https:\/\/noticiasmercedinas.com\/site\/#\/schema\/person\/d481a9696a5feaec13a60e2bbd991a6a","name":"Cristian Falabella NOTICIASMERCEDINAS.COM","image":{"@type":"ImageObject","inLanguage":"es","@id":"https:\/\/secure.gravatar.com\/avatar\/0dbbfc45970cc46bcd0e57766228574ff3511d6eed045b182f536f0f478c1f06?s=96&d=mm&r=g","url":"https:\/\/secure.gravatar.com\/avatar\/0dbbfc45970cc46bcd0e57766228574ff3511d6eed045b182f536f0f478c1f06?s=96&d=mm&r=g","contentUrl":"https:\/\/secure.gravatar.com\/avatar\/0dbbfc45970cc46bcd0e57766228574ff3511d6eed045b182f536f0f478c1f06?s=96&d=mm&r=g","caption":"Cristian Falabella NOTICIASMERCEDINAS.COM"},"description":"Periodista, editor de Noticias Mercedinas. Pas\u00f3 por varias redacciones y emprendimientos de prensa, en distintos formatos y \u00e9pocas. Se especializ\u00f3 --y sigue haci\u00e9ndolo-- en comunicaci\u00f3n en la web y en junio de 2006 fund\u00f3 este diario digital.","sameAs":["https:\/\/noticiasmercedinas.com","https:\/\/www.facebook.com\/cristian.falabella","https:\/\/www.instagram.com\/noticiasmercedinas\/","https:\/\/x.com\/https:\/\/twitter.com\/NOTMERCEDINAS"],"url":"https:\/\/noticiasmercedinas.com\/site\/author\/as000384\/"}]}},"amp_enabled":true,"_links":{"self":[{"href":"https:\/\/noticiasmercedinas.com\/site\/wp-json\/wp\/v2\/posts\/8441","targetHints":{"allow":["GET"]}}],"collection":[{"href":"https:\/\/noticiasmercedinas.com\/site\/wp-json\/wp\/v2\/posts"}],"about":[{"href":"https:\/\/noticiasmercedinas.com\/site\/wp-json\/wp\/v2\/types\/post"}],"author":[{"embeddable":true,"href":"https:\/\/noticiasmercedinas.com\/site\/wp-json\/wp\/v2\/users\/2"}],"replies":[{"embeddable":true,"href":"https:\/\/noticiasmercedinas.com\/site\/wp-json\/wp\/v2\/comments?post=8441"}],"version-history":[{"count":1,"href":"https:\/\/noticiasmercedinas.com\/site\/wp-json\/wp\/v2\/posts\/8441\/revisions"}],"predecessor-version":[{"id":8443,"href":"https:\/\/noticiasmercedinas.com\/site\/wp-json\/wp\/v2\/posts\/8441\/revisions\/8443"}],"wp:featuredmedia":[{"embeddable":true,"href":"https:\/\/noticiasmercedinas.com\/site\/wp-json\/wp\/v2\/media\/8442"}],"wp:attachment":[{"href":"https:\/\/noticiasmercedinas.com\/site\/wp-json\/wp\/v2\/media?parent=8441"}],"wp:term":[{"taxonomy":"category","embeddable":true,"href":"https:\/\/noticiasmercedinas.com\/site\/wp-json\/wp\/v2\/categories?post=8441"},{"taxonomy":"post_tag","embeddable":true,"href":"https:\/\/noticiasmercedinas.com\/site\/wp-json\/wp\/v2\/tags?post=8441"}],"curies":[{"name":"wp","href":"https:\/\/api.w.org\/{rel}","templated":true}]}}