{"id":84911,"date":"2022-02-20T09:37:32","date_gmt":"2022-02-20T12:37:32","guid":{"rendered":"https:\/\/noticiasmercedinas.com\/site\/?p=84911"},"modified":"2022-02-20T09:37:32","modified_gmt":"2022-02-20T12:37:32","slug":"hubo-una-reunion-de-trabajo-del-comite-de-cuenca-del-rio-lujan-en-mercedes","status":"publish","type":"post","link":"https:\/\/noticiasmercedinas.com\/site\/2022\/02\/20\/hubo-una-reunion-de-trabajo-del-comite-de-cuenca-del-rio-lujan-en-mercedes\/","title":{"rendered":"Hubo una reuni\u00f3n de trabajo del Comit\u00e9 de Cuenca del R\u00edo Luj\u00e1n en Mercedes"},"content":{"rendered":"<p><img loading=\"lazy\" decoding=\"async\" class=\"alignnone size-full wp-image-84912\" src=\"https:\/\/noticiasmercedinas.com\/site\/wp-content\/uploads\/2022\/02\/FLQOPygWYAUbKw3.jpg\" alt=\"\" width=\"640\" height=\"362\" srcset=\"https:\/\/noticiasmercedinas.com\/site\/wp-content\/uploads\/2022\/02\/FLQOPygWYAUbKw3.jpg 640w, https:\/\/noticiasmercedinas.com\/site\/wp-content\/uploads\/2022\/02\/FLQOPygWYAUbKw3-300x170.jpg 300w\" sizes=\"auto, (max-width: 640px) 100vw, 640px\" \/><\/p>\n<p>El intendente <strong>Juan Ustarroz<\/strong> particip\u00f3 de un nuevo encuentro del Comit\u00e9 de Cuenca del R\u00edo Luj\u00e1n. En esta ocasi\u00f3n la reuni\u00f3n fue con sede en Mercedes. Estuvieron presentes el director del \u00c1rea T\u00e9cnica de ComiLu, <strong>Federico Cattaneo<\/strong> y el director general Ejecutivo, <strong>German Ciucci<\/strong>.<\/p>\n<p>Durante el encuentro se efectu\u00f3 el seguimiento y monitoreo de las obras y proyectos que el Comit\u00e9 lleva a cabo junto con el municipio.<\/p>\n<p>La reuni\u00f3n se realiz\u00f3 en el palacio municipal y participaron el jefe comunal Juan Ignacio Ustarroz, el secretario de Obras y Servicios P\u00fablicos, <strong>Emanuel P\u00e9rez Carrera<\/strong>, el coordinador de Obras <strong>Lucas Navas<\/strong> y los mencionados funcionarios provinciales.<\/p>\n<p>A partir de las necesidades expuestas por los representantes municipales, se abordaron nuevas l\u00edneas de trabajo vinculadas al desarrollo y ejecuci\u00f3n de Paseos Ribere\u00f1os, Gesti\u00f3n de Residuos S\u00f3lidos Urbanos (GIRSU) y un programa de Educaci\u00f3n Ambiental que aborde las problem\u00e1ticas de la Cuenca.<\/p>\n<p>Al respecto el Director Ejecutivo de ComiLu sostuvo que su compromiso es trabajar de manera conjunta con el municipio y explic\u00f3 que las medidas que se articulan van desde obras infraestructurales hasta acciones de gesti\u00f3n, ordenamiento territorial, ambiental y social.<\/p>\n<p>Para el intendente Ustarroz fue un encuentro \u201csumamente importante\u201d: \u201cEstas reuniones de planificaci\u00f3n son fundamentales para la implementaci\u00f3n de las obras, los programas, las pol\u00edticas de cuidado ambiental, las mejoras que impactan positivamente en las comunidades\u201d sostuvo entre otros conceptos.<\/p>\n<p>Por \u00faltimo, los funcionarios municipales y representantes de ComiLu realizaron una recorrida por la zona donde se proyecta la concreci\u00f3n de los Paseos Ribere\u00f1os, que son espacios pensados para uso comunitario y recreativo, con la finalidad de potenciar la capacidad del r\u00edo y sus afluentes en la prestaci\u00f3n de servicios ambientales.<\/p>\n","protected":false},"excerpt":{"rendered":"<p>\u25a0 Adem\u00e1s realizaron una recorrida por la zona donde se proyecta la concreci\u00f3n de los Paseos Ribere\u00f1os, que son espacios pensados para uso comunitario y recreativo<\/p>\n","protected":false},"author":16,"featured_media":84912,"comment_status":"open","ping_status":"open","sticky":false,"template":"","format":"standard","meta":{"footnotes":""},"categories":[3],"tags":[533,13745,9129,13746,13747,1077,13748,75],"class_list":["post-84911","post","type-post","status-publish","format-standard","has-post-thumbnail","hentry","category-sociedad","tag-comilu","tag-comite-de-cuenca","tag-emanuel-perez-carrera","tag-federico-cattaneo","tag-german-ciucci","tag-juan-ustarroz","tag-lucas-navas","tag-rio-lujan"],"yoast_head":"<!-- This site is optimized with the Yoast SEO plugin v27.4 - https:\/\/yoast.com\/product\/yoast-seo-wordpress\/ -->\n<title>Hubo una reuni\u00f3n de trabajo del Comit\u00e9 de Cuenca del R\u00edo Luj\u00e1n en Mercedes<\/title>\n<meta name=\"robots\" content=\"index, follow, max-snippet:-1, max-image-preview:large, max-video-preview:-1\" \/>\n<link rel=\"canonical\" href=\"https:\/\/noticiasmercedinas.com\/site\/2022\/02\/20\/hubo-una-reunion-de-trabajo-del-comite-de-cuenca-del-rio-lujan-en-mercedes\/\" \/>\n<meta property=\"og:locale\" content=\"es_ES\" \/>\n<meta property=\"og:type\" content=\"article\" \/>\n<meta property=\"og:title\" content=\"Hubo una reuni\u00f3n de trabajo del Comit\u00e9 de Cuenca del R\u00edo Luj\u00e1n en Mercedes\" \/>\n<meta property=\"og:description\" content=\"\u25a0 Adem\u00e1s realizaron una recorrida por la zona donde se proyecta la concreci\u00f3n de los Paseos Ribere\u00f1os, que son espacios pensados para uso comunitario y recreativo\" \/>\n<meta property=\"og:url\" content=\"https:\/\/noticiasmercedinas.com\/site\/2022\/02\/20\/hubo-una-reunion-de-trabajo-del-comite-de-cuenca-del-rio-lujan-en-mercedes\/\" \/>\n<meta property=\"og:site_name\" content=\"NOTICIASMERCEDINAS.COM\" \/>\n<meta property=\"article:publisher\" content=\"https:\/\/www.facebook.com\/noticiasmercedinas\/\" \/>\n<meta property=\"article:published_time\" content=\"2022-02-20T12:37:32+00:00\" \/>\n<meta property=\"og:image\" content=\"https:\/\/noticiasmercedinas.com\/site\/wp-content\/uploads\/2022\/02\/FLQOPygWYAUbKw3.jpg\" \/>\n\t<meta property=\"og:image:width\" content=\"640\" \/>\n\t<meta property=\"og:image:height\" content=\"362\" \/>\n\t<meta property=\"og:image:type\" content=\"image\/jpeg\" \/>\n<meta name=\"author\" content=\"NOTICIASMERCEDINAS.COM\" \/>\n<meta name=\"twitter:card\" content=\"summary_large_image\" \/>\n<meta name=\"twitter:creator\" content=\"@notmercedinas\" \/>\n<meta name=\"twitter:site\" content=\"@notmercedinas\" \/>\n<meta name=\"twitter:label1\" content=\"Escrito por\" \/>\n\t<meta name=\"twitter:data1\" content=\"NOTICIASMERCEDINAS.COM\" \/>\n\t<meta name=\"twitter:label2\" content=\"Tiempo de lectura\" \/>\n\t<meta name=\"twitter:data2\" content=\"2 minutos\" \/>\n<script type=\"application\/ld+json\" class=\"yoast-schema-graph\">{\"@context\":\"https:\\\/\\\/schema.org\",\"@graph\":[{\"@type\":\"Article\",\"@id\":\"https:\\\/\\\/noticiasmercedinas.com\\\/site\\\/2022\\\/02\\\/20\\\/hubo-una-reunion-de-trabajo-del-comite-de-cuenca-del-rio-lujan-en-mercedes\\\/#article\",\"isPartOf\":{\"@id\":\"https:\\\/\\\/noticiasmercedinas.com\\\/site\\\/2022\\\/02\\\/20\\\/hubo-una-reunion-de-trabajo-del-comite-de-cuenca-del-rio-lujan-en-mercedes\\\/\"},\"author\":{\"name\":\"NOTICIASMERCEDINAS.COM\",\"@id\":\"https:\\\/\\\/noticiasmercedinas.com\\\/site\\\/#\\\/schema\\\/person\\\/84b59c099c28ff2e8b77d4ceec5d8063\"},\"headline\":\"Hubo una reuni\u00f3n de trabajo del Comit\u00e9 de Cuenca del R\u00edo Luj\u00e1n en Mercedes\",\"datePublished\":\"2022-02-20T12:37:32+00:00\",\"mainEntityOfPage\":{\"@id\":\"https:\\\/\\\/noticiasmercedinas.com\\\/site\\\/2022\\\/02\\\/20\\\/hubo-una-reunion-de-trabajo-del-comite-de-cuenca-del-rio-lujan-en-mercedes\\\/\"},\"wordCount\":319,\"commentCount\":0,\"publisher\":{\"@id\":\"https:\\\/\\\/noticiasmercedinas.com\\\/site\\\/#organization\"},\"image\":{\"@id\":\"https:\\\/\\\/noticiasmercedinas.com\\\/site\\\/2022\\\/02\\\/20\\\/hubo-una-reunion-de-trabajo-del-comite-de-cuenca-del-rio-lujan-en-mercedes\\\/#primaryimage\"},\"thumbnailUrl\":\"https:\\\/\\\/noticiasmercedinas.com\\\/site\\\/wp-content\\\/uploads\\\/2022\\\/02\\\/FLQOPygWYAUbKw3.jpg\",\"keywords\":[\"comilu\",\"comite de cuenca\",\"Emanuel P\u00e9rez Carrera\",\"Federico Cattaneo\",\"German Ciucci\",\"Juan Ustarroz\",\"Lucas Navas\",\"rio lujan\"],\"articleSection\":[\"Sociedad\"],\"inLanguage\":\"es\",\"potentialAction\":[{\"@type\":\"CommentAction\",\"name\":\"Comment\",\"target\":[\"https:\\\/\\\/noticiasmercedinas.com\\\/site\\\/2022\\\/02\\\/20\\\/hubo-una-reunion-de-trabajo-del-comite-de-cuenca-del-rio-lujan-en-mercedes\\\/#respond\"]}]},{\"@type\":\"WebPage\",\"@id\":\"https:\\\/\\\/noticiasmercedinas.com\\\/site\\\/2022\\\/02\\\/20\\\/hubo-una-reunion-de-trabajo-del-comite-de-cuenca-del-rio-lujan-en-mercedes\\\/\",\"url\":\"https:\\\/\\\/noticiasmercedinas.com\\\/site\\\/2022\\\/02\\\/20\\\/hubo-una-reunion-de-trabajo-del-comite-de-cuenca-del-rio-lujan-en-mercedes\\\/\",\"name\":\"Hubo una reuni\u00f3n de trabajo del Comit\u00e9 de Cuenca del R\u00edo Luj\u00e1n en Mercedes\",\"isPartOf\":{\"@id\":\"https:\\\/\\\/noticiasmercedinas.com\\\/site\\\/#website\"},\"primaryImageOfPage\":{\"@id\":\"https:\\\/\\\/noticiasmercedinas.com\\\/site\\\/2022\\\/02\\\/20\\\/hubo-una-reunion-de-trabajo-del-comite-de-cuenca-del-rio-lujan-en-mercedes\\\/#primaryimage\"},\"image\":{\"@id\":\"https:\\\/\\\/noticiasmercedinas.com\\\/site\\\/2022\\\/02\\\/20\\\/hubo-una-reunion-de-trabajo-del-comite-de-cuenca-del-rio-lujan-en-mercedes\\\/#primaryimage\"},\"thumbnailUrl\":\"https:\\\/\\\/noticiasmercedinas.com\\\/site\\\/wp-content\\\/uploads\\\/2022\\\/02\\\/FLQOPygWYAUbKw3.jpg\",\"datePublished\":\"2022-02-20T12:37:32+00:00\",\"breadcrumb\":{\"@id\":\"https:\\\/\\\/noticiasmercedinas.com\\\/site\\\/2022\\\/02\\\/20\\\/hubo-una-reunion-de-trabajo-del-comite-de-cuenca-del-rio-lujan-en-mercedes\\\/#breadcrumb\"},\"inLanguage\":\"es\",\"potentialAction\":[{\"@type\":\"ReadAction\",\"target\":[\"https:\\\/\\\/noticiasmercedinas.com\\\/site\\\/2022\\\/02\\\/20\\\/hubo-una-reunion-de-trabajo-del-comite-de-cuenca-del-rio-lujan-en-mercedes\\\/\"]}]},{\"@type\":\"ImageObject\",\"inLanguage\":\"es\",\"@id\":\"https:\\\/\\\/noticiasmercedinas.com\\\/site\\\/2022\\\/02\\\/20\\\/hubo-una-reunion-de-trabajo-del-comite-de-cuenca-del-rio-lujan-en-mercedes\\\/#primaryimage\",\"url\":\"https:\\\/\\\/noticiasmercedinas.com\\\/site\\\/wp-content\\\/uploads\\\/2022\\\/02\\\/FLQOPygWYAUbKw3.jpg\",\"contentUrl\":\"https:\\\/\\\/noticiasmercedinas.com\\\/site\\\/wp-content\\\/uploads\\\/2022\\\/02\\\/FLQOPygWYAUbKw3.jpg\",\"width\":640,\"height\":362},{\"@type\":\"BreadcrumbList\",\"@id\":\"https:\\\/\\\/noticiasmercedinas.com\\\/site\\\/2022\\\/02\\\/20\\\/hubo-una-reunion-de-trabajo-del-comite-de-cuenca-del-rio-lujan-en-mercedes\\\/#breadcrumb\",\"itemListElement\":[{\"@type\":\"ListItem\",\"position\":1,\"name\":\"Portada\",\"item\":\"https:\\\/\\\/noticiasmercedinas.com\\\/site\\\/\"},{\"@type\":\"ListItem\",\"position\":2,\"name\":\"Hubo una reuni\u00f3n de trabajo del Comit\u00e9 de Cuenca del R\u00edo Luj\u00e1n en Mercedes\"}]},{\"@type\":\"WebSite\",\"@id\":\"https:\\\/\\\/noticiasmercedinas.com\\\/site\\\/#website\",\"url\":\"https:\\\/\\\/noticiasmercedinas.com\\\/site\\\/\",\"name\":\"NOTICIASMERCEDINAS.COM\",\"description\":\"Mercedes, Buenos Aires, Argentina\",\"publisher\":{\"@id\":\"https:\\\/\\\/noticiasmercedinas.com\\\/site\\\/#organization\"},\"potentialAction\":[{\"@type\":\"SearchAction\",\"target\":{\"@type\":\"EntryPoint\",\"urlTemplate\":\"https:\\\/\\\/noticiasmercedinas.com\\\/site\\\/?s={search_term_string}\"},\"query-input\":{\"@type\":\"PropertyValueSpecification\",\"valueRequired\":true,\"valueName\":\"search_term_string\"}}],\"inLanguage\":\"es\"},{\"@type\":\"Organization\",\"@id\":\"https:\\\/\\\/noticiasmercedinas.com\\\/site\\\/#organization\",\"name\":\"NOTICIASMERCEDINAS.COM\",\"url\":\"https:\\\/\\\/noticiasmercedinas.com\\\/site\\\/\",\"logo\":{\"@type\":\"ImageObject\",\"inLanguage\":\"es\",\"@id\":\"https:\\\/\\\/noticiasmercedinas.com\\\/site\\\/#\\\/schema\\\/logo\\\/image\\\/\",\"url\":\"https:\\\/\\\/noticiasmercedinas.com\\\/site\\\/wp-content\\\/uploads\\\/2020\\\/06\\\/LOGO-512.jpg\",\"contentUrl\":\"https:\\\/\\\/noticiasmercedinas.com\\\/site\\\/wp-content\\\/uploads\\\/2020\\\/06\\\/LOGO-512.jpg\",\"width\":512,\"height\":512,\"caption\":\"NOTICIASMERCEDINAS.COM\"},\"image\":{\"@id\":\"https:\\\/\\\/noticiasmercedinas.com\\\/site\\\/#\\\/schema\\\/logo\\\/image\\\/\"},\"sameAs\":[\"https:\\\/\\\/www.facebook.com\\\/noticiasmercedinas\\\/\",\"https:\\\/\\\/x.com\\\/notmercedinas\",\"https:\\\/\\\/www.instagram.com\\\/noticiasmercedinas\\\/\"]},{\"@type\":\"Person\",\"@id\":\"https:\\\/\\\/noticiasmercedinas.com\\\/site\\\/#\\\/schema\\\/person\\\/84b59c099c28ff2e8b77d4ceec5d8063\",\"name\":\"NOTICIASMERCEDINAS.COM\",\"image\":{\"@type\":\"ImageObject\",\"inLanguage\":\"es\",\"@id\":\"https:\\\/\\\/secure.gravatar.com\\\/avatar\\\/4dfbf16b4d17945bfb6341b2d19043457132fcf478a5ee04f42e959fd8f5df0a?s=96&d=mm&r=g\",\"url\":\"https:\\\/\\\/secure.gravatar.com\\\/avatar\\\/4dfbf16b4d17945bfb6341b2d19043457132fcf478a5ee04f42e959fd8f5df0a?s=96&d=mm&r=g\",\"contentUrl\":\"https:\\\/\\\/secure.gravatar.com\\\/avatar\\\/4dfbf16b4d17945bfb6341b2d19043457132fcf478a5ee04f42e959fd8f5df0a?s=96&d=mm&r=g\",\"caption\":\"NOTICIASMERCEDINAS.COM\"},\"url\":\"https:\\\/\\\/noticiasmercedinas.com\\\/site\\\/author\\\/anonimo\\\/\"}]}<\/script>\n<!-- \/ Yoast SEO plugin. -->","yoast_head_json":{"title":"Hubo una reuni\u00f3n de trabajo del Comit\u00e9 de Cuenca del R\u00edo Luj\u00e1n en Mercedes","robots":{"index":"index","follow":"follow","max-snippet":"max-snippet:-1","max-image-preview":"max-image-preview:large","max-video-preview":"max-video-preview:-1"},"canonical":"https:\/\/noticiasmercedinas.com\/site\/2022\/02\/20\/hubo-una-reunion-de-trabajo-del-comite-de-cuenca-del-rio-lujan-en-mercedes\/","og_locale":"es_ES","og_type":"article","og_title":"Hubo una reuni\u00f3n de trabajo del Comit\u00e9 de Cuenca del R\u00edo Luj\u00e1n en Mercedes","og_description":"\u25a0 Adem\u00e1s realizaron una recorrida por la zona donde se proyecta la concreci\u00f3n de los Paseos Ribere\u00f1os, que son espacios pensados para uso comunitario y recreativo","og_url":"https:\/\/noticiasmercedinas.com\/site\/2022\/02\/20\/hubo-una-reunion-de-trabajo-del-comite-de-cuenca-del-rio-lujan-en-mercedes\/","og_site_name":"NOTICIASMERCEDINAS.COM","article_publisher":"https:\/\/www.facebook.com\/noticiasmercedinas\/","article_published_time":"2022-02-20T12:37:32+00:00","og_image":[{"width":640,"height":362,"url":"https:\/\/noticiasmercedinas.com\/site\/wp-content\/uploads\/2022\/02\/FLQOPygWYAUbKw3.jpg","type":"image\/jpeg"}],"author":"NOTICIASMERCEDINAS.COM","twitter_card":"summary_large_image","twitter_creator":"@notmercedinas","twitter_site":"@notmercedinas","twitter_misc":{"Escrito por":"NOTICIASMERCEDINAS.COM","Tiempo de lectura":"2 minutos"},"schema":{"@context":"https:\/\/schema.org","@graph":[{"@type":"Article","@id":"https:\/\/noticiasmercedinas.com\/site\/2022\/02\/20\/hubo-una-reunion-de-trabajo-del-comite-de-cuenca-del-rio-lujan-en-mercedes\/#article","isPartOf":{"@id":"https:\/\/noticiasmercedinas.com\/site\/2022\/02\/20\/hubo-una-reunion-de-trabajo-del-comite-de-cuenca-del-rio-lujan-en-mercedes\/"},"author":{"name":"NOTICIASMERCEDINAS.COM","@id":"https:\/\/noticiasmercedinas.com\/site\/#\/schema\/person\/84b59c099c28ff2e8b77d4ceec5d8063"},"headline":"Hubo una reuni\u00f3n de trabajo del Comit\u00e9 de Cuenca del R\u00edo Luj\u00e1n en Mercedes","datePublished":"2022-02-20T12:37:32+00:00","mainEntityOfPage":{"@id":"https:\/\/noticiasmercedinas.com\/site\/2022\/02\/20\/hubo-una-reunion-de-trabajo-del-comite-de-cuenca-del-rio-lujan-en-mercedes\/"},"wordCount":319,"commentCount":0,"publisher":{"@id":"https:\/\/noticiasmercedinas.com\/site\/#organization"},"image":{"@id":"https:\/\/noticiasmercedinas.com\/site\/2022\/02\/20\/hubo-una-reunion-de-trabajo-del-comite-de-cuenca-del-rio-lujan-en-mercedes\/#primaryimage"},"thumbnailUrl":"https:\/\/noticiasmercedinas.com\/site\/wp-content\/uploads\/2022\/02\/FLQOPygWYAUbKw3.jpg","keywords":["comilu","comite de cuenca","Emanuel P\u00e9rez Carrera","Federico Cattaneo","German Ciucci","Juan Ustarroz","Lucas Navas","rio lujan"],"articleSection":["Sociedad"],"inLanguage":"es","potentialAction":[{"@type":"CommentAction","name":"Comment","target":["https:\/\/noticiasmercedinas.com\/site\/2022\/02\/20\/hubo-una-reunion-de-trabajo-del-comite-de-cuenca-del-rio-lujan-en-mercedes\/#respond"]}]},{"@type":"WebPage","@id":"https:\/\/noticiasmercedinas.com\/site\/2022\/02\/20\/hubo-una-reunion-de-trabajo-del-comite-de-cuenca-del-rio-lujan-en-mercedes\/","url":"https:\/\/noticiasmercedinas.com\/site\/2022\/02\/20\/hubo-una-reunion-de-trabajo-del-comite-de-cuenca-del-rio-lujan-en-mercedes\/","name":"Hubo una reuni\u00f3n de trabajo del Comit\u00e9 de Cuenca del R\u00edo Luj\u00e1n en Mercedes","isPartOf":{"@id":"https:\/\/noticiasmercedinas.com\/site\/#website"},"primaryImageOfPage":{"@id":"https:\/\/noticiasmercedinas.com\/site\/2022\/02\/20\/hubo-una-reunion-de-trabajo-del-comite-de-cuenca-del-rio-lujan-en-mercedes\/#primaryimage"},"image":{"@id":"https:\/\/noticiasmercedinas.com\/site\/2022\/02\/20\/hubo-una-reunion-de-trabajo-del-comite-de-cuenca-del-rio-lujan-en-mercedes\/#primaryimage"},"thumbnailUrl":"https:\/\/noticiasmercedinas.com\/site\/wp-content\/uploads\/2022\/02\/FLQOPygWYAUbKw3.jpg","datePublished":"2022-02-20T12:37:32+00:00","breadcrumb":{"@id":"https:\/\/noticiasmercedinas.com\/site\/2022\/02\/20\/hubo-una-reunion-de-trabajo-del-comite-de-cuenca-del-rio-lujan-en-mercedes\/#breadcrumb"},"inLanguage":"es","potentialAction":[{"@type":"ReadAction","target":["https:\/\/noticiasmercedinas.com\/site\/2022\/02\/20\/hubo-una-reunion-de-trabajo-del-comite-de-cuenca-del-rio-lujan-en-mercedes\/"]}]},{"@type":"ImageObject","inLanguage":"es","@id":"https:\/\/noticiasmercedinas.com\/site\/2022\/02\/20\/hubo-una-reunion-de-trabajo-del-comite-de-cuenca-del-rio-lujan-en-mercedes\/#primaryimage","url":"https:\/\/noticiasmercedinas.com\/site\/wp-content\/uploads\/2022\/02\/FLQOPygWYAUbKw3.jpg","contentUrl":"https:\/\/noticiasmercedinas.com\/site\/wp-content\/uploads\/2022\/02\/FLQOPygWYAUbKw3.jpg","width":640,"height":362},{"@type":"BreadcrumbList","@id":"https:\/\/noticiasmercedinas.com\/site\/2022\/02\/20\/hubo-una-reunion-de-trabajo-del-comite-de-cuenca-del-rio-lujan-en-mercedes\/#breadcrumb","itemListElement":[{"@type":"ListItem","position":1,"name":"Portada","item":"https:\/\/noticiasmercedinas.com\/site\/"},{"@type":"ListItem","position":2,"name":"Hubo una reuni\u00f3n de trabajo del Comit\u00e9 de Cuenca del R\u00edo Luj\u00e1n en Mercedes"}]},{"@type":"WebSite","@id":"https:\/\/noticiasmercedinas.com\/site\/#website","url":"https:\/\/noticiasmercedinas.com\/site\/","name":"NOTICIASMERCEDINAS.COM","description":"Mercedes, Buenos Aires, Argentina","publisher":{"@id":"https:\/\/noticiasmercedinas.com\/site\/#organization"},"potentialAction":[{"@type":"SearchAction","target":{"@type":"EntryPoint","urlTemplate":"https:\/\/noticiasmercedinas.com\/site\/?s={search_term_string}"},"query-input":{"@type":"PropertyValueSpecification","valueRequired":true,"valueName":"search_term_string"}}],"inLanguage":"es"},{"@type":"Organization","@id":"https:\/\/noticiasmercedinas.com\/site\/#organization","name":"NOTICIASMERCEDINAS.COM","url":"https:\/\/noticiasmercedinas.com\/site\/","logo":{"@type":"ImageObject","inLanguage":"es","@id":"https:\/\/noticiasmercedinas.com\/site\/#\/schema\/logo\/image\/","url":"https:\/\/noticiasmercedinas.com\/site\/wp-content\/uploads\/2020\/06\/LOGO-512.jpg","contentUrl":"https:\/\/noticiasmercedinas.com\/site\/wp-content\/uploads\/2020\/06\/LOGO-512.jpg","width":512,"height":512,"caption":"NOTICIASMERCEDINAS.COM"},"image":{"@id":"https:\/\/noticiasmercedinas.com\/site\/#\/schema\/logo\/image\/"},"sameAs":["https:\/\/www.facebook.com\/noticiasmercedinas\/","https:\/\/x.com\/notmercedinas","https:\/\/www.instagram.com\/noticiasmercedinas\/"]},{"@type":"Person","@id":"https:\/\/noticiasmercedinas.com\/site\/#\/schema\/person\/84b59c099c28ff2e8b77d4ceec5d8063","name":"NOTICIASMERCEDINAS.COM","image":{"@type":"ImageObject","inLanguage":"es","@id":"https:\/\/secure.gravatar.com\/avatar\/4dfbf16b4d17945bfb6341b2d19043457132fcf478a5ee04f42e959fd8f5df0a?s=96&d=mm&r=g","url":"https:\/\/secure.gravatar.com\/avatar\/4dfbf16b4d17945bfb6341b2d19043457132fcf478a5ee04f42e959fd8f5df0a?s=96&d=mm&r=g","contentUrl":"https:\/\/secure.gravatar.com\/avatar\/4dfbf16b4d17945bfb6341b2d19043457132fcf478a5ee04f42e959fd8f5df0a?s=96&d=mm&r=g","caption":"NOTICIASMERCEDINAS.COM"},"url":"https:\/\/noticiasmercedinas.com\/site\/author\/anonimo\/"}]}},"amp_enabled":true,"_links":{"self":[{"href":"https:\/\/noticiasmercedinas.com\/site\/wp-json\/wp\/v2\/posts\/84911","targetHints":{"allow":["GET"]}}],"collection":[{"href":"https:\/\/noticiasmercedinas.com\/site\/wp-json\/wp\/v2\/posts"}],"about":[{"href":"https:\/\/noticiasmercedinas.com\/site\/wp-json\/wp\/v2\/types\/post"}],"author":[{"embeddable":true,"href":"https:\/\/noticiasmercedinas.com\/site\/wp-json\/wp\/v2\/users\/16"}],"replies":[{"embeddable":true,"href":"https:\/\/noticiasmercedinas.com\/site\/wp-json\/wp\/v2\/comments?post=84911"}],"version-history":[{"count":1,"href":"https:\/\/noticiasmercedinas.com\/site\/wp-json\/wp\/v2\/posts\/84911\/revisions"}],"predecessor-version":[{"id":84913,"href":"https:\/\/noticiasmercedinas.com\/site\/wp-json\/wp\/v2\/posts\/84911\/revisions\/84913"}],"wp:featuredmedia":[{"embeddable":true,"href":"https:\/\/noticiasmercedinas.com\/site\/wp-json\/wp\/v2\/media\/84912"}],"wp:attachment":[{"href":"https:\/\/noticiasmercedinas.com\/site\/wp-json\/wp\/v2\/media?parent=84911"}],"wp:term":[{"taxonomy":"category","embeddable":true,"href":"https:\/\/noticiasmercedinas.com\/site\/wp-json\/wp\/v2\/categories?post=84911"},{"taxonomy":"post_tag","embeddable":true,"href":"https:\/\/noticiasmercedinas.com\/site\/wp-json\/wp\/v2\/tags?post=84911"}],"curies":[{"name":"wp","href":"https:\/\/api.w.org\/{rel}","templated":true}]}}