{"id":84950,"date":"2022-02-20T19:53:22","date_gmt":"2022-02-20T22:53:22","guid":{"rendered":"https:\/\/noticiasmercedinas.com\/site\/?p=84950"},"modified":"2022-02-20T19:53:22","modified_gmt":"2022-02-20T22:53:22","slug":"finalizo-verano-en-las-plazas-con-premios-baile-y-gran-asistencia","status":"publish","type":"post","link":"https:\/\/noticiasmercedinas.com\/site\/2022\/02\/20\/finalizo-verano-en-las-plazas-con-premios-baile-y-gran-asistencia\/","title":{"rendered":"Finaliz\u00f3 \u201cVerano en las plazas\u201d con premios, baile y gran asistencia"},"content":{"rendered":"<p><img loading=\"lazy\" decoding=\"async\" class=\"alignnone size-full wp-image-84951\" src=\"https:\/\/noticiasmercedinas.com\/site\/wp-content\/uploads\/2022\/02\/DSC_0132-e1645397419982.jpg\" alt=\"\" width=\"640\" height=\"433\" \/><\/p>\n<p>El ciclo \u201cVerano en las plazas\u201d finaliz\u00f3 con una excelente noche y marco de p\u00fablico en barrio Santa Teresita tras recorrer distintos puntos de la ciudad con arte, circo, m\u00fasica en vivo, entretenimientos y mucho m\u00e1s.<\/p>\n<p>\u201cEstamos muy felices. Hemos vivido un ciclo maravilloso, apoyando a las y los artistas locales, con cantinas solidarias, con la unidad de cada barrio para dar lo mejor y recibir vecinos y vecinas de otros puntos de Mercedes. Es un gran placer ver este \u00e9xito cada verano\u201d, mencion\u00f3 el intendente Juan Ustarroz.<\/p>\n<p>El jefe comunal tambi\u00e9n agradeci\u00f3 \u201ca cada trabajador y trabajadora municipal por el compromiso, dedicaci\u00f3n y ganas para que cada velada sea un excelente encuentro familiar, de amigos, de vecinos y vecinas\u201d con \u201cel arte, la cultura, la m\u00fasica y la solidaridad\u201d.<\/p>\n<p>La edici\u00f3n de este a\u00f1o recorri\u00f3 la Estaci\u00f3n Sarmiento, Trocha, San Jos\u00e9, Blandengues, Gowland, Obrero, San Mart\u00edn y Santa Teresita, siempre con sentidos solidarios en sus cantinas y buscando las y los vecinos disfruten de cada velada que integr\u00f3 distintas propuestas art\u00edsticas.<\/p>\n<p>Marisa Acosta, Brian Barigozzi, Cumbara, Big Guap, Sachapampa, Rodri Fern\u00e1ndez y Mela Est\u00e9vez, Pablo Aschero, Estimulo Dance, Semilla Agreste, Menta lim\u00f3n, Jorgelina Gioia, Grupo Suyai, Telma Nerea, Lola De Mieri, Mat\u00edas Navarro, Ivana Cestari, Vero Michot, Fernanda Ottolini, Seba Giovanetone, Mi cumbia Suena, Angelucho, Cebolla y Betun, Circo al Pie y Chukrum fueron los grupos y artistas de distintas disciplinas que nutrieron de talento y alegr\u00eda el ciclo.<\/p>\n<p>Como es una tradici\u00f3n, se realiz\u00f3 el tradicional concurso de baile en cada barrio con un cierre en la \u00faltima noche. En cada barrio hubo ganadores, siendo en Estaci\u00f3n Sarmiento: Claudio Martin y Sandra G\u00f3mez, en Trocha: Flores Karina y Nazarena Garay, en Blandengues y Obrero: Lorena Duberti y Diego Ledezma, en Agote-Gowland: Telma Nerea y Luciano Dom\u00ednguez, Olga Oteiza Y Eduardo Mesquida, en San Martin Claudia Cisneros y Rub\u00e9n Cisneros, en Santa Teresita Laura Avelda\u00f1o y Rodrigo Ch\u00e1vez. Este a\u00f1o se entregaron premios, siendo cinco mil pesos para los terceros, diez mil para los segundos y diez mil para los primeros de la final, es decir, el podio de campeones compuesto por 3 premio para Claudia Cisneros y Rub\u00e9n Cisneros, 2 premio para Laura Avelda\u00f1o y Rodrigo Ch\u00e1vez y el 1 permio para Olga Oteiza y Rub\u00e9n Mesquida, seg\u00fan determin\u00f3 el publico y los jurados.<\/p>\n<blockquote><p>Tras el \u00e9xito del ciclo \u201cVerano en las plazas\u201d que incluye m\u00fasica, arte, espacios infantiles, entre otras intervenciones, se viene el carnaval mercedino el pr\u00f3ximo fin de semana<\/p><\/blockquote>\n<p>Para la directora de Cultura, Luc\u00eda Capaccio, el ciclo \u201cno s\u00f3lo cumpli\u00f3 con las expectativas, sino que nos deja una bell\u00edsima imagen de encuentro, de unidad barrial, de disfrute que es sin duda uno de los objetivos, apoyando a las y los artistas locales, los emprendedores y con un trabajo siempre enorme de las y los trabajadores municipales. Muchas gracias a quienes lo hicieron posible\u201d.<\/p>\n<p>Tras el \u00e9xito del ciclo \u201cVerano en las plazas\u201d que incluye m\u00fasica, arte, espacios infantiles, entre otras intervenciones, se viene el carnaval mercedino el pr\u00f3ximo fin de semana, cerrando un febrero que arranc\u00f3 con la feria del libro, sigui\u00f3 con el tango, el deporte, las actividades barriales, la noche de las infancias y los carnavales. \u201cQueda claro, en Mercedes siempre hay algo para disfrutar\u201d, dijeron en Cultura.<\/p>\n","protected":false},"excerpt":{"rendered":"<p>\u25a0 Se vivi\u00f3 una excelente noche y marco de p\u00fablico en barrio Santa Teresita<\/p>\n","protected":false},"author":16,"featured_media":84951,"comment_status":"open","ping_status":"open","sticky":false,"template":"","format":"standard","meta":{"footnotes":""},"categories":[4],"tags":[13767,7804,212,13758,13768,13770,13769,3256,13638,4365,1728,829,13761,2687,13760,13763,13757,13764,7741,13766,9276,1581,13759,2417,3908,1903,233,11541,2907,13762,29,13637,13765],"class_list":["post-84950","post","type-post","status-publish","format-standard","has-post-thumbnail","hentry","category-cultura","tag-angelucho","tag-big-guap","tag-blandengues","tag-brian-barigozzi","tag-cebolla-y-betun","tag-chukrum","tag-circo-al-pie","tag-cumbara","tag-estacion-sarmiento","tag-estimulo-dance","tag-fernanda-ottolini","tag-gowland","tag-grupo-suyai","tag-ivana-cestari","tag-jorgelina-gioia","tag-lola-de-mieri","tag-marisa-acosta","tag-matias-navarro","tag-menta-limon","tag-mi-cumbia-suena","tag-obrero","tag-pablo-aschero","tag-rodri-fernandez-y-mela-estevez","tag-sachapampa","tag-san-jose","tag-san-martin","tag-santa-teresita","tag-seba-giovanetone","tag-semilla-agreste","tag-telma-nerea","tag-trocha","tag-verano-en-las-plazas","tag-vero-michot"],"yoast_head":"<!-- This site is optimized with the Yoast SEO plugin v27.5 - https:\/\/yoast.com\/product\/yoast-seo-wordpress\/ -->\n<title>Finaliz\u00f3 \u201cVerano en las plazas\u201d con premios, baile y gran asistencia<\/title>\n<meta name=\"robots\" content=\"index, follow, max-snippet:-1, max-image-preview:large, max-video-preview:-1\" \/>\n<link rel=\"canonical\" href=\"https:\/\/noticiasmercedinas.com\/site\/2022\/02\/20\/finalizo-verano-en-las-plazas-con-premios-baile-y-gran-asistencia\/\" \/>\n<meta property=\"og:locale\" content=\"es_ES\" \/>\n<meta property=\"og:type\" content=\"article\" \/>\n<meta property=\"og:title\" content=\"Finaliz\u00f3 \u201cVerano en las plazas\u201d con premios, baile y gran asistencia\" \/>\n<meta property=\"og:description\" content=\"\u25a0 Se vivi\u00f3 una excelente noche y marco de p\u00fablico en barrio Santa Teresita\" \/>\n<meta property=\"og:url\" content=\"https:\/\/noticiasmercedinas.com\/site\/2022\/02\/20\/finalizo-verano-en-las-plazas-con-premios-baile-y-gran-asistencia\/\" \/>\n<meta property=\"og:site_name\" content=\"NOTICIASMERCEDINAS.COM\" \/>\n<meta property=\"article:publisher\" content=\"https:\/\/www.facebook.com\/noticiasmercedinas\/\" \/>\n<meta property=\"article:published_time\" content=\"2022-02-20T22:53:22+00:00\" \/>\n<meta property=\"og:image\" content=\"https:\/\/noticiasmercedinas.com\/site\/wp-content\/uploads\/2022\/02\/DSC_0132-e1645397419982.jpg\" \/>\n\t<meta property=\"og:image:width\" content=\"640\" \/>\n\t<meta property=\"og:image:height\" content=\"433\" \/>\n\t<meta property=\"og:image:type\" content=\"image\/jpeg\" \/>\n<meta name=\"author\" content=\"NOTICIASMERCEDINAS.COM\" \/>\n<meta name=\"twitter:card\" content=\"summary_large_image\" \/>\n<meta name=\"twitter:creator\" content=\"@notmercedinas\" \/>\n<meta name=\"twitter:site\" content=\"@notmercedinas\" \/>\n<meta name=\"twitter:label1\" content=\"Escrito por\" \/>\n\t<meta name=\"twitter:data1\" content=\"NOTICIASMERCEDINAS.COM\" \/>\n\t<meta name=\"twitter:label2\" content=\"Tiempo de lectura\" \/>\n\t<meta name=\"twitter:data2\" content=\"3 minutos\" \/>\n<script type=\"application\/ld+json\" class=\"yoast-schema-graph\">{\"@context\":\"https:\\\/\\\/schema.org\",\"@graph\":[{\"@type\":\"Article\",\"@id\":\"https:\\\/\\\/noticiasmercedinas.com\\\/site\\\/2022\\\/02\\\/20\\\/finalizo-verano-en-las-plazas-con-premios-baile-y-gran-asistencia\\\/#article\",\"isPartOf\":{\"@id\":\"https:\\\/\\\/noticiasmercedinas.com\\\/site\\\/2022\\\/02\\\/20\\\/finalizo-verano-en-las-plazas-con-premios-baile-y-gran-asistencia\\\/\"},\"author\":{\"name\":\"NOTICIASMERCEDINAS.COM\",\"@id\":\"https:\\\/\\\/noticiasmercedinas.com\\\/site\\\/#\\\/schema\\\/person\\\/84b59c099c28ff2e8b77d4ceec5d8063\"},\"headline\":\"Finaliz\u00f3 \u201cVerano en las plazas\u201d con premios, baile y gran asistencia\",\"datePublished\":\"2022-02-20T22:53:22+00:00\",\"mainEntityOfPage\":{\"@id\":\"https:\\\/\\\/noticiasmercedinas.com\\\/site\\\/2022\\\/02\\\/20\\\/finalizo-verano-en-las-plazas-con-premios-baile-y-gran-asistencia\\\/\"},\"wordCount\":590,\"commentCount\":0,\"publisher\":{\"@id\":\"https:\\\/\\\/noticiasmercedinas.com\\\/site\\\/#organization\"},\"image\":{\"@id\":\"https:\\\/\\\/noticiasmercedinas.com\\\/site\\\/2022\\\/02\\\/20\\\/finalizo-verano-en-las-plazas-con-premios-baile-y-gran-asistencia\\\/#primaryimage\"},\"thumbnailUrl\":\"https:\\\/\\\/noticiasmercedinas.com\\\/site\\\/wp-content\\\/uploads\\\/2022\\\/02\\\/DSC_0132-e1645397419982.jpg\",\"keywords\":[\"Angelucho\",\"Big Guap\",\"blandengues\",\"Brian Barigozzi\",\"Cebolla y Betun\",\"Chukrum\",\"Circo al Pie\",\"cumbara\",\"Estaci\u00f3n Sarmiento\",\"Est\u00edmulo Dance\",\"Fernanda Ottolini\",\"gowland\",\"Grupo Suyai\",\"Ivana Cestari\",\"Jorgelina Gioia\",\"Lola De Mieri\",\"Marisa Acosta\",\"Mat\u00edas Navarro\",\"Menta &amp; Lim\u00f3n\",\"Mi cumbia Suena\",\"Obrero\",\"pablo aschero\",\"Rodri Fern\u00e1ndez y Mela Est\u00e9vez\",\"sachapampa\",\"san jose\",\"San Martin\",\"santa teresita\",\"Seba Giovanetone\",\"Semilla Agreste\",\"Telma Nerea\",\"trocha\",\"Verano en las Plazas\",\"Vero Michot\"],\"articleSection\":[\"Cultura\"],\"inLanguage\":\"es\",\"potentialAction\":[{\"@type\":\"CommentAction\",\"name\":\"Comment\",\"target\":[\"https:\\\/\\\/noticiasmercedinas.com\\\/site\\\/2022\\\/02\\\/20\\\/finalizo-verano-en-las-plazas-con-premios-baile-y-gran-asistencia\\\/#respond\"]}]},{\"@type\":\"WebPage\",\"@id\":\"https:\\\/\\\/noticiasmercedinas.com\\\/site\\\/2022\\\/02\\\/20\\\/finalizo-verano-en-las-plazas-con-premios-baile-y-gran-asistencia\\\/\",\"url\":\"https:\\\/\\\/noticiasmercedinas.com\\\/site\\\/2022\\\/02\\\/20\\\/finalizo-verano-en-las-plazas-con-premios-baile-y-gran-asistencia\\\/\",\"name\":\"Finaliz\u00f3 \u201cVerano en las plazas\u201d con premios, baile y gran asistencia\",\"isPartOf\":{\"@id\":\"https:\\\/\\\/noticiasmercedinas.com\\\/site\\\/#website\"},\"primaryImageOfPage\":{\"@id\":\"https:\\\/\\\/noticiasmercedinas.com\\\/site\\\/2022\\\/02\\\/20\\\/finalizo-verano-en-las-plazas-con-premios-baile-y-gran-asistencia\\\/#primaryimage\"},\"image\":{\"@id\":\"https:\\\/\\\/noticiasmercedinas.com\\\/site\\\/2022\\\/02\\\/20\\\/finalizo-verano-en-las-plazas-con-premios-baile-y-gran-asistencia\\\/#primaryimage\"},\"thumbnailUrl\":\"https:\\\/\\\/noticiasmercedinas.com\\\/site\\\/wp-content\\\/uploads\\\/2022\\\/02\\\/DSC_0132-e1645397419982.jpg\",\"datePublished\":\"2022-02-20T22:53:22+00:00\",\"breadcrumb\":{\"@id\":\"https:\\\/\\\/noticiasmercedinas.com\\\/site\\\/2022\\\/02\\\/20\\\/finalizo-verano-en-las-plazas-con-premios-baile-y-gran-asistencia\\\/#breadcrumb\"},\"inLanguage\":\"es\",\"potentialAction\":[{\"@type\":\"ReadAction\",\"target\":[\"https:\\\/\\\/noticiasmercedinas.com\\\/site\\\/2022\\\/02\\\/20\\\/finalizo-verano-en-las-plazas-con-premios-baile-y-gran-asistencia\\\/\"]}]},{\"@type\":\"ImageObject\",\"inLanguage\":\"es\",\"@id\":\"https:\\\/\\\/noticiasmercedinas.com\\\/site\\\/2022\\\/02\\\/20\\\/finalizo-verano-en-las-plazas-con-premios-baile-y-gran-asistencia\\\/#primaryimage\",\"url\":\"https:\\\/\\\/noticiasmercedinas.com\\\/site\\\/wp-content\\\/uploads\\\/2022\\\/02\\\/DSC_0132-e1645397419982.jpg\",\"contentUrl\":\"https:\\\/\\\/noticiasmercedinas.com\\\/site\\\/wp-content\\\/uploads\\\/2022\\\/02\\\/DSC_0132-e1645397419982.jpg\",\"width\":640,\"height\":433},{\"@type\":\"BreadcrumbList\",\"@id\":\"https:\\\/\\\/noticiasmercedinas.com\\\/site\\\/2022\\\/02\\\/20\\\/finalizo-verano-en-las-plazas-con-premios-baile-y-gran-asistencia\\\/#breadcrumb\",\"itemListElement\":[{\"@type\":\"ListItem\",\"position\":1,\"name\":\"Portada\",\"item\":\"https:\\\/\\\/noticiasmercedinas.com\\\/site\\\/\"},{\"@type\":\"ListItem\",\"position\":2,\"name\":\"Finaliz\u00f3 \u201cVerano en las plazas\u201d con premios, baile y gran asistencia\"}]},{\"@type\":\"WebSite\",\"@id\":\"https:\\\/\\\/noticiasmercedinas.com\\\/site\\\/#website\",\"url\":\"https:\\\/\\\/noticiasmercedinas.com\\\/site\\\/\",\"name\":\"NOTICIASMERCEDINAS.COM\",\"description\":\"Mercedes, Buenos Aires, Argentina\",\"publisher\":{\"@id\":\"https:\\\/\\\/noticiasmercedinas.com\\\/site\\\/#organization\"},\"potentialAction\":[{\"@type\":\"SearchAction\",\"target\":{\"@type\":\"EntryPoint\",\"urlTemplate\":\"https:\\\/\\\/noticiasmercedinas.com\\\/site\\\/?s={search_term_string}\"},\"query-input\":{\"@type\":\"PropertyValueSpecification\",\"valueRequired\":true,\"valueName\":\"search_term_string\"}}],\"inLanguage\":\"es\"},{\"@type\":\"Organization\",\"@id\":\"https:\\\/\\\/noticiasmercedinas.com\\\/site\\\/#organization\",\"name\":\"NOTICIASMERCEDINAS.COM\",\"url\":\"https:\\\/\\\/noticiasmercedinas.com\\\/site\\\/\",\"logo\":{\"@type\":\"ImageObject\",\"inLanguage\":\"es\",\"@id\":\"https:\\\/\\\/noticiasmercedinas.com\\\/site\\\/#\\\/schema\\\/logo\\\/image\\\/\",\"url\":\"https:\\\/\\\/noticiasmercedinas.com\\\/site\\\/wp-content\\\/uploads\\\/2020\\\/06\\\/LOGO-512.jpg\",\"contentUrl\":\"https:\\\/\\\/noticiasmercedinas.com\\\/site\\\/wp-content\\\/uploads\\\/2020\\\/06\\\/LOGO-512.jpg\",\"width\":512,\"height\":512,\"caption\":\"NOTICIASMERCEDINAS.COM\"},\"image\":{\"@id\":\"https:\\\/\\\/noticiasmercedinas.com\\\/site\\\/#\\\/schema\\\/logo\\\/image\\\/\"},\"sameAs\":[\"https:\\\/\\\/www.facebook.com\\\/noticiasmercedinas\\\/\",\"https:\\\/\\\/x.com\\\/notmercedinas\",\"https:\\\/\\\/www.instagram.com\\\/noticiasmercedinas\\\/\"]},{\"@type\":\"Person\",\"@id\":\"https:\\\/\\\/noticiasmercedinas.com\\\/site\\\/#\\\/schema\\\/person\\\/84b59c099c28ff2e8b77d4ceec5d8063\",\"name\":\"NOTICIASMERCEDINAS.COM\",\"image\":{\"@type\":\"ImageObject\",\"inLanguage\":\"es\",\"@id\":\"https:\\\/\\\/secure.gravatar.com\\\/avatar\\\/4dfbf16b4d17945bfb6341b2d19043457132fcf478a5ee04f42e959fd8f5df0a?s=96&d=mm&r=g\",\"url\":\"https:\\\/\\\/secure.gravatar.com\\\/avatar\\\/4dfbf16b4d17945bfb6341b2d19043457132fcf478a5ee04f42e959fd8f5df0a?s=96&d=mm&r=g\",\"contentUrl\":\"https:\\\/\\\/secure.gravatar.com\\\/avatar\\\/4dfbf16b4d17945bfb6341b2d19043457132fcf478a5ee04f42e959fd8f5df0a?s=96&d=mm&r=g\",\"caption\":\"NOTICIASMERCEDINAS.COM\"},\"url\":\"https:\\\/\\\/noticiasmercedinas.com\\\/site\\\/author\\\/anonimo\\\/\"}]}<\/script>\n<!-- \/ Yoast SEO plugin. -->","yoast_head_json":{"title":"Finaliz\u00f3 \u201cVerano en las plazas\u201d con premios, baile y gran asistencia","robots":{"index":"index","follow":"follow","max-snippet":"max-snippet:-1","max-image-preview":"max-image-preview:large","max-video-preview":"max-video-preview:-1"},"canonical":"https:\/\/noticiasmercedinas.com\/site\/2022\/02\/20\/finalizo-verano-en-las-plazas-con-premios-baile-y-gran-asistencia\/","og_locale":"es_ES","og_type":"article","og_title":"Finaliz\u00f3 \u201cVerano en las plazas\u201d con premios, baile y gran asistencia","og_description":"\u25a0 Se vivi\u00f3 una excelente noche y marco de p\u00fablico en barrio Santa Teresita","og_url":"https:\/\/noticiasmercedinas.com\/site\/2022\/02\/20\/finalizo-verano-en-las-plazas-con-premios-baile-y-gran-asistencia\/","og_site_name":"NOTICIASMERCEDINAS.COM","article_publisher":"https:\/\/www.facebook.com\/noticiasmercedinas\/","article_published_time":"2022-02-20T22:53:22+00:00","og_image":[{"width":640,"height":433,"url":"https:\/\/noticiasmercedinas.com\/site\/wp-content\/uploads\/2022\/02\/DSC_0132-e1645397419982.jpg","type":"image\/jpeg"}],"author":"NOTICIASMERCEDINAS.COM","twitter_card":"summary_large_image","twitter_creator":"@notmercedinas","twitter_site":"@notmercedinas","twitter_misc":{"Escrito por":"NOTICIASMERCEDINAS.COM","Tiempo de lectura":"3 minutos"},"schema":{"@context":"https:\/\/schema.org","@graph":[{"@type":"Article","@id":"https:\/\/noticiasmercedinas.com\/site\/2022\/02\/20\/finalizo-verano-en-las-plazas-con-premios-baile-y-gran-asistencia\/#article","isPartOf":{"@id":"https:\/\/noticiasmercedinas.com\/site\/2022\/02\/20\/finalizo-verano-en-las-plazas-con-premios-baile-y-gran-asistencia\/"},"author":{"name":"NOTICIASMERCEDINAS.COM","@id":"https:\/\/noticiasmercedinas.com\/site\/#\/schema\/person\/84b59c099c28ff2e8b77d4ceec5d8063"},"headline":"Finaliz\u00f3 \u201cVerano en las plazas\u201d con premios, baile y gran asistencia","datePublished":"2022-02-20T22:53:22+00:00","mainEntityOfPage":{"@id":"https:\/\/noticiasmercedinas.com\/site\/2022\/02\/20\/finalizo-verano-en-las-plazas-con-premios-baile-y-gran-asistencia\/"},"wordCount":590,"commentCount":0,"publisher":{"@id":"https:\/\/noticiasmercedinas.com\/site\/#organization"},"image":{"@id":"https:\/\/noticiasmercedinas.com\/site\/2022\/02\/20\/finalizo-verano-en-las-plazas-con-premios-baile-y-gran-asistencia\/#primaryimage"},"thumbnailUrl":"https:\/\/noticiasmercedinas.com\/site\/wp-content\/uploads\/2022\/02\/DSC_0132-e1645397419982.jpg","keywords":["Angelucho","Big Guap","blandengues","Brian Barigozzi","Cebolla y Betun","Chukrum","Circo al Pie","cumbara","Estaci\u00f3n Sarmiento","Est\u00edmulo Dance","Fernanda Ottolini","gowland","Grupo Suyai","Ivana Cestari","Jorgelina Gioia","Lola De Mieri","Marisa Acosta","Mat\u00edas Navarro","Menta &amp; Lim\u00f3n","Mi cumbia Suena","Obrero","pablo aschero","Rodri Fern\u00e1ndez y Mela Est\u00e9vez","sachapampa","san jose","San Martin","santa teresita","Seba Giovanetone","Semilla Agreste","Telma Nerea","trocha","Verano en las Plazas","Vero Michot"],"articleSection":["Cultura"],"inLanguage":"es","potentialAction":[{"@type":"CommentAction","name":"Comment","target":["https:\/\/noticiasmercedinas.com\/site\/2022\/02\/20\/finalizo-verano-en-las-plazas-con-premios-baile-y-gran-asistencia\/#respond"]}]},{"@type":"WebPage","@id":"https:\/\/noticiasmercedinas.com\/site\/2022\/02\/20\/finalizo-verano-en-las-plazas-con-premios-baile-y-gran-asistencia\/","url":"https:\/\/noticiasmercedinas.com\/site\/2022\/02\/20\/finalizo-verano-en-las-plazas-con-premios-baile-y-gran-asistencia\/","name":"Finaliz\u00f3 \u201cVerano en las plazas\u201d con premios, baile y gran asistencia","isPartOf":{"@id":"https:\/\/noticiasmercedinas.com\/site\/#website"},"primaryImageOfPage":{"@id":"https:\/\/noticiasmercedinas.com\/site\/2022\/02\/20\/finalizo-verano-en-las-plazas-con-premios-baile-y-gran-asistencia\/#primaryimage"},"image":{"@id":"https:\/\/noticiasmercedinas.com\/site\/2022\/02\/20\/finalizo-verano-en-las-plazas-con-premios-baile-y-gran-asistencia\/#primaryimage"},"thumbnailUrl":"https:\/\/noticiasmercedinas.com\/site\/wp-content\/uploads\/2022\/02\/DSC_0132-e1645397419982.jpg","datePublished":"2022-02-20T22:53:22+00:00","breadcrumb":{"@id":"https:\/\/noticiasmercedinas.com\/site\/2022\/02\/20\/finalizo-verano-en-las-plazas-con-premios-baile-y-gran-asistencia\/#breadcrumb"},"inLanguage":"es","potentialAction":[{"@type":"ReadAction","target":["https:\/\/noticiasmercedinas.com\/site\/2022\/02\/20\/finalizo-verano-en-las-plazas-con-premios-baile-y-gran-asistencia\/"]}]},{"@type":"ImageObject","inLanguage":"es","@id":"https:\/\/noticiasmercedinas.com\/site\/2022\/02\/20\/finalizo-verano-en-las-plazas-con-premios-baile-y-gran-asistencia\/#primaryimage","url":"https:\/\/noticiasmercedinas.com\/site\/wp-content\/uploads\/2022\/02\/DSC_0132-e1645397419982.jpg","contentUrl":"https:\/\/noticiasmercedinas.com\/site\/wp-content\/uploads\/2022\/02\/DSC_0132-e1645397419982.jpg","width":640,"height":433},{"@type":"BreadcrumbList","@id":"https:\/\/noticiasmercedinas.com\/site\/2022\/02\/20\/finalizo-verano-en-las-plazas-con-premios-baile-y-gran-asistencia\/#breadcrumb","itemListElement":[{"@type":"ListItem","position":1,"name":"Portada","item":"https:\/\/noticiasmercedinas.com\/site\/"},{"@type":"ListItem","position":2,"name":"Finaliz\u00f3 \u201cVerano en las plazas\u201d con premios, baile y gran asistencia"}]},{"@type":"WebSite","@id":"https:\/\/noticiasmercedinas.com\/site\/#website","url":"https:\/\/noticiasmercedinas.com\/site\/","name":"NOTICIASMERCEDINAS.COM","description":"Mercedes, Buenos Aires, Argentina","publisher":{"@id":"https:\/\/noticiasmercedinas.com\/site\/#organization"},"potentialAction":[{"@type":"SearchAction","target":{"@type":"EntryPoint","urlTemplate":"https:\/\/noticiasmercedinas.com\/site\/?s={search_term_string}"},"query-input":{"@type":"PropertyValueSpecification","valueRequired":true,"valueName":"search_term_string"}}],"inLanguage":"es"},{"@type":"Organization","@id":"https:\/\/noticiasmercedinas.com\/site\/#organization","name":"NOTICIASMERCEDINAS.COM","url":"https:\/\/noticiasmercedinas.com\/site\/","logo":{"@type":"ImageObject","inLanguage":"es","@id":"https:\/\/noticiasmercedinas.com\/site\/#\/schema\/logo\/image\/","url":"https:\/\/noticiasmercedinas.com\/site\/wp-content\/uploads\/2020\/06\/LOGO-512.jpg","contentUrl":"https:\/\/noticiasmercedinas.com\/site\/wp-content\/uploads\/2020\/06\/LOGO-512.jpg","width":512,"height":512,"caption":"NOTICIASMERCEDINAS.COM"},"image":{"@id":"https:\/\/noticiasmercedinas.com\/site\/#\/schema\/logo\/image\/"},"sameAs":["https:\/\/www.facebook.com\/noticiasmercedinas\/","https:\/\/x.com\/notmercedinas","https:\/\/www.instagram.com\/noticiasmercedinas\/"]},{"@type":"Person","@id":"https:\/\/noticiasmercedinas.com\/site\/#\/schema\/person\/84b59c099c28ff2e8b77d4ceec5d8063","name":"NOTICIASMERCEDINAS.COM","image":{"@type":"ImageObject","inLanguage":"es","@id":"https:\/\/secure.gravatar.com\/avatar\/4dfbf16b4d17945bfb6341b2d19043457132fcf478a5ee04f42e959fd8f5df0a?s=96&d=mm&r=g","url":"https:\/\/secure.gravatar.com\/avatar\/4dfbf16b4d17945bfb6341b2d19043457132fcf478a5ee04f42e959fd8f5df0a?s=96&d=mm&r=g","contentUrl":"https:\/\/secure.gravatar.com\/avatar\/4dfbf16b4d17945bfb6341b2d19043457132fcf478a5ee04f42e959fd8f5df0a?s=96&d=mm&r=g","caption":"NOTICIASMERCEDINAS.COM"},"url":"https:\/\/noticiasmercedinas.com\/site\/author\/anonimo\/"}]}},"amp_enabled":true,"_links":{"self":[{"href":"https:\/\/noticiasmercedinas.com\/site\/wp-json\/wp\/v2\/posts\/84950","targetHints":{"allow":["GET"]}}],"collection":[{"href":"https:\/\/noticiasmercedinas.com\/site\/wp-json\/wp\/v2\/posts"}],"about":[{"href":"https:\/\/noticiasmercedinas.com\/site\/wp-json\/wp\/v2\/types\/post"}],"author":[{"embeddable":true,"href":"https:\/\/noticiasmercedinas.com\/site\/wp-json\/wp\/v2\/users\/16"}],"replies":[{"embeddable":true,"href":"https:\/\/noticiasmercedinas.com\/site\/wp-json\/wp\/v2\/comments?post=84950"}],"version-history":[{"count":1,"href":"https:\/\/noticiasmercedinas.com\/site\/wp-json\/wp\/v2\/posts\/84950\/revisions"}],"predecessor-version":[{"id":84952,"href":"https:\/\/noticiasmercedinas.com\/site\/wp-json\/wp\/v2\/posts\/84950\/revisions\/84952"}],"wp:featuredmedia":[{"embeddable":true,"href":"https:\/\/noticiasmercedinas.com\/site\/wp-json\/wp\/v2\/media\/84951"}],"wp:attachment":[{"href":"https:\/\/noticiasmercedinas.com\/site\/wp-json\/wp\/v2\/media?parent=84950"}],"wp:term":[{"taxonomy":"category","embeddable":true,"href":"https:\/\/noticiasmercedinas.com\/site\/wp-json\/wp\/v2\/categories?post=84950"},{"taxonomy":"post_tag","embeddable":true,"href":"https:\/\/noticiasmercedinas.com\/site\/wp-json\/wp\/v2\/tags?post=84950"}],"curies":[{"name":"wp","href":"https:\/\/api.w.org\/{rel}","templated":true}]}}