{"id":85093,"date":"2022-02-23T11:42:06","date_gmt":"2022-02-23T14:42:06","guid":{"rendered":"https:\/\/noticiasmercedinas.com\/site\/?p=85093"},"modified":"2022-02-23T11:42:06","modified_gmt":"2022-02-23T14:42:06","slug":"somos-lo-que-somos-comparsa-de-adultos-mayores-lista-para-el-carnaval","status":"publish","type":"post","link":"https:\/\/noticiasmercedinas.com\/site\/2022\/02\/23\/somos-lo-que-somos-comparsa-de-adultos-mayores-lista-para-el-carnaval\/","title":{"rendered":"\u00abSomos lo que Somos\u00bb: comparsa de adultos mayores lista para el Carnaval"},"content":{"rendered":"<p><img loading=\"lazy\" decoding=\"async\" class=\"alignnone size-full wp-image-85094\" src=\"https:\/\/noticiasmercedinas.com\/site\/wp-content\/uploads\/2022\/02\/DSC09734.jpg\" alt=\"\" width=\"922\" height=\"615\" srcset=\"https:\/\/noticiasmercedinas.com\/site\/wp-content\/uploads\/2022\/02\/DSC09734.jpg 922w, https:\/\/noticiasmercedinas.com\/site\/wp-content\/uploads\/2022\/02\/DSC09734-300x200.jpg 300w, https:\/\/noticiasmercedinas.com\/site\/wp-content\/uploads\/2022\/02\/DSC09734-768x512.jpg 768w, https:\/\/noticiasmercedinas.com\/site\/wp-content\/uploads\/2022\/02\/DSC09734-640x427.jpg 640w, https:\/\/noticiasmercedinas.com\/site\/wp-content\/uploads\/2022\/02\/DSC09734-681x454.jpg 681w\" sizes=\"auto, (max-width: 922px) 100vw, 922px\" \/><\/p>\n<p>Ya est\u00e1n pr\u00f3ximos los carnavales 2022 y en nuestra ciudad se palpita en los diferentes barrios. Es as\u00ed como la comparsa de Adultos mayores \u201cSomos lo que Somos\u201d se pone a punto y ultima detalles en la Avenida 42.<\/p>\n<p>All\u00ed estuvieron la subsecretaria de Salud municipal, Marianela Arenillas, y la directora del \u00e1rea de Adultos Mayores, Victoria Odell, junto a los integrantes y familiares, disfrutando de uno de los \u00faltimos ensayos ante de lo que ser\u00e1n 4 noches incre\u00edbles.<\/p>\n<p>Marianela Arenillas expres\u00f3: \u201cEstamos acompa\u00f1ando a la Direcci\u00f3n de Adultos Mayores y a este tipo de actividades e iniciativas que son muy buenas para la salud\u201d y agreg\u00f3 \u201clos a\u00f1os de pandemia fueron muy dif\u00edciles, sobre todo para los adultos mayores, y estas actividades lindas y alegres est\u00e1n muy buenas, por lo que las celebramos\u201d.<\/p>\n<p>\u201cEstamos muy contentos que la participaci\u00f3n de los Adultos Mayores sea mayor que en la \u00faltima edici\u00f3n, as\u00ed que felicitar a sus integrantes y a la Direcci\u00f3n de Adultos Mayores y acompa\u00f1ar en todo lo que sea necesario\u201d afirm\u00f3 la Subsecretaria de Salud.<\/p>\n<p>Por su parte, Victoria Odell manifest\u00f3: \u201cHoy es un ensayo general donde invitamos a las familias a que nos alienten y tiren energ\u00eda para mitigar estos nervios ya que estamos a tres d\u00edas de los carnavales\u201d y apunt\u00f3 que \u201cya est\u00e1 todo, ya hubo prueba de vestuario, son 50 los integrantes, vamos a tener un sonidista en vivo, la Municipalidad de Mercedes nos va prestar una camioneta que nos estar\u00e1 acompa\u00f1ando, el Centro de Jubilados \u201cCentro Renacer\u201d que nos va a hacer de sede, todos participan, colaboran y est\u00e1n comprometidos\u201d.<\/p>\n<p>\u201cLas familias est\u00e1n alentando, felices, sorprendidas por toda la energ\u00eda, y sosteniendo al adulto mayor que va a participar\u201d remarc\u00f3 Victoria Odell e indic\u00f3 que \u201ca pesar de unos a\u00f1os que no fueron para nada buenos para los adultos mayores, ac\u00e1 hay un grupo que viene a mostrar que s\u00ed se puede divertir, bailar y disfrutar\u201d.<\/p>\n<p><img loading=\"lazy\" decoding=\"async\" class=\"alignnone size-large wp-image-85095\" src=\"https:\/\/noticiasmercedinas.com\/site\/wp-content\/uploads\/2022\/02\/DSC09742.jpg\" alt=\"\" width=\"640\" height=\"427\" srcset=\"https:\/\/noticiasmercedinas.com\/site\/wp-content\/uploads\/2022\/02\/DSC09742.jpg 922w, https:\/\/noticiasmercedinas.com\/site\/wp-content\/uploads\/2022\/02\/DSC09742-300x200.jpg 300w, https:\/\/noticiasmercedinas.com\/site\/wp-content\/uploads\/2022\/02\/DSC09742-768x512.jpg 768w, https:\/\/noticiasmercedinas.com\/site\/wp-content\/uploads\/2022\/02\/DSC09742-640x427.jpg 640w, https:\/\/noticiasmercedinas.com\/site\/wp-content\/uploads\/2022\/02\/DSC09742-681x454.jpg 681w\" sizes=\"auto, (max-width: 640px) 100vw, 640px\" \/><\/p>\n","protected":false},"excerpt":{"rendered":"<p>\u25a0 Sus integrantes ultiman detalles en la Avenida 42. Desde Salud y Tercera Edad acompa\u00f1an la iniciativa en la previa de las 4 noches de carnaval que vivir\u00e1n este fin de semana<\/p>\n","protected":false},"author":16,"featured_media":85094,"comment_status":"open","ping_status":"open","sticky":false,"template":"","format":"standard","meta":{"footnotes":""},"categories":[4],"tags":[747,956,7155,13778],"class_list":["post-85093","post","type-post","status-publish","format-standard","has-post-thumbnail","hentry","category-cultura","tag-adultos-mayores","tag-carnaval","tag-comparsa","tag-somos-lo-que-somos"],"yoast_head":"<!-- This site is optimized with the Yoast SEO plugin v28.3 - https:\/\/yoast.com\/product\/yoast-seo-wordpress\/ -->\n<title>&quot;Somos lo que Somos&quot;: comparsa de adultos mayores lista para el Carnaval<\/title>\n<meta name=\"robots\" content=\"index, follow, max-snippet:-1, max-image-preview:large, max-video-preview:-1\" \/>\n<link rel=\"canonical\" href=\"https:\/\/noticiasmercedinas.com\/site\/2022\/02\/23\/somos-lo-que-somos-comparsa-de-adultos-mayores-lista-para-el-carnaval\/\" \/>\n<meta property=\"og:locale\" content=\"es_ES\" \/>\n<meta property=\"og:type\" content=\"article\" \/>\n<meta property=\"og:title\" content=\"&quot;Somos lo que Somos&quot;: comparsa de adultos mayores lista para el Carnaval\" \/>\n<meta property=\"og:description\" content=\"\u25a0 Sus integrantes ultiman detalles en la Avenida 42. Desde Salud y Tercera Edad acompa\u00f1an la iniciativa en la previa de las 4 noches de carnaval que vivir\u00e1n este fin de semana\" \/>\n<meta property=\"og:url\" content=\"https:\/\/noticiasmercedinas.com\/site\/2022\/02\/23\/somos-lo-que-somos-comparsa-de-adultos-mayores-lista-para-el-carnaval\/\" \/>\n<meta property=\"og:site_name\" content=\"NOTICIASMERCEDINAS.COM\" \/>\n<meta property=\"article:publisher\" content=\"https:\/\/www.facebook.com\/noticiasmercedinas\/\" \/>\n<meta property=\"article:published_time\" content=\"2022-02-23T14:42:06+00:00\" \/>\n<meta property=\"og:image\" content=\"https:\/\/noticiasmercedinas.com\/site\/wp-content\/uploads\/2022\/02\/DSC09734.jpg\" \/>\n\t<meta property=\"og:image:width\" content=\"922\" \/>\n\t<meta property=\"og:image:height\" content=\"615\" \/>\n\t<meta property=\"og:image:type\" content=\"image\/jpeg\" \/>\n<meta name=\"author\" content=\"NOTICIASMERCEDINAS.COM\" \/>\n<meta name=\"twitter:card\" content=\"summary_large_image\" \/>\n<meta name=\"twitter:creator\" content=\"@notmercedinas\" \/>\n<meta name=\"twitter:site\" content=\"@notmercedinas\" \/>\n<meta name=\"twitter:label1\" content=\"Escrito por\" \/>\n\t<meta name=\"twitter:data1\" content=\"NOTICIASMERCEDINAS.COM\" \/>\n\t<meta name=\"twitter:label2\" content=\"Tiempo de lectura\" \/>\n\t<meta name=\"twitter:data2\" content=\"2 minutos\" \/>\n<script type=\"application\/ld+json\" class=\"yoast-schema-graph\">{\"@context\":\"https:\\\/\\\/schema.org\",\"@graph\":[{\"@type\":\"Article\",\"@id\":\"https:\\\/\\\/noticiasmercedinas.com\\\/site\\\/2022\\\/02\\\/23\\\/somos-lo-que-somos-comparsa-de-adultos-mayores-lista-para-el-carnaval\\\/#article\",\"isPartOf\":{\"@id\":\"https:\\\/\\\/noticiasmercedinas.com\\\/site\\\/2022\\\/02\\\/23\\\/somos-lo-que-somos-comparsa-de-adultos-mayores-lista-para-el-carnaval\\\/\"},\"author\":{\"name\":\"NOTICIASMERCEDINAS.COM\",\"@id\":\"https:\\\/\\\/noticiasmercedinas.com\\\/site\\\/#\\\/schema\\\/person\\\/84b59c099c28ff2e8b77d4ceec5d8063\"},\"headline\":\"\u00abSomos lo que Somos\u00bb: comparsa de adultos mayores lista para el Carnaval\",\"datePublished\":\"2022-02-23T14:42:06+00:00\",\"mainEntityOfPage\":{\"@id\":\"https:\\\/\\\/noticiasmercedinas.com\\\/site\\\/2022\\\/02\\\/23\\\/somos-lo-que-somos-comparsa-de-adultos-mayores-lista-para-el-carnaval\\\/\"},\"wordCount\":351,\"commentCount\":0,\"publisher\":{\"@id\":\"https:\\\/\\\/noticiasmercedinas.com\\\/site\\\/#organization\"},\"image\":{\"@id\":\"https:\\\/\\\/noticiasmercedinas.com\\\/site\\\/2022\\\/02\\\/23\\\/somos-lo-que-somos-comparsa-de-adultos-mayores-lista-para-el-carnaval\\\/#primaryimage\"},\"thumbnailUrl\":\"https:\\\/\\\/noticiasmercedinas.com\\\/site\\\/wp-content\\\/uploads\\\/2022\\\/02\\\/DSC09734.jpg\",\"keywords\":[\"adultos mayores\",\"carnaval\",\"comparsa\",\"somos lo que somos\"],\"articleSection\":[\"Cultura\"],\"inLanguage\":\"es\",\"potentialAction\":[{\"@type\":\"CommentAction\",\"name\":\"Comment\",\"target\":[\"https:\\\/\\\/noticiasmercedinas.com\\\/site\\\/2022\\\/02\\\/23\\\/somos-lo-que-somos-comparsa-de-adultos-mayores-lista-para-el-carnaval\\\/#respond\"]}]},{\"@type\":\"WebPage\",\"@id\":\"https:\\\/\\\/noticiasmercedinas.com\\\/site\\\/2022\\\/02\\\/23\\\/somos-lo-que-somos-comparsa-de-adultos-mayores-lista-para-el-carnaval\\\/\",\"url\":\"https:\\\/\\\/noticiasmercedinas.com\\\/site\\\/2022\\\/02\\\/23\\\/somos-lo-que-somos-comparsa-de-adultos-mayores-lista-para-el-carnaval\\\/\",\"name\":\"\\\"Somos lo que Somos\\\": comparsa de adultos mayores lista para el Carnaval\",\"isPartOf\":{\"@id\":\"https:\\\/\\\/noticiasmercedinas.com\\\/site\\\/#website\"},\"primaryImageOfPage\":{\"@id\":\"https:\\\/\\\/noticiasmercedinas.com\\\/site\\\/2022\\\/02\\\/23\\\/somos-lo-que-somos-comparsa-de-adultos-mayores-lista-para-el-carnaval\\\/#primaryimage\"},\"image\":{\"@id\":\"https:\\\/\\\/noticiasmercedinas.com\\\/site\\\/2022\\\/02\\\/23\\\/somos-lo-que-somos-comparsa-de-adultos-mayores-lista-para-el-carnaval\\\/#primaryimage\"},\"thumbnailUrl\":\"https:\\\/\\\/noticiasmercedinas.com\\\/site\\\/wp-content\\\/uploads\\\/2022\\\/02\\\/DSC09734.jpg\",\"datePublished\":\"2022-02-23T14:42:06+00:00\",\"breadcrumb\":{\"@id\":\"https:\\\/\\\/noticiasmercedinas.com\\\/site\\\/2022\\\/02\\\/23\\\/somos-lo-que-somos-comparsa-de-adultos-mayores-lista-para-el-carnaval\\\/#breadcrumb\"},\"inLanguage\":\"es\",\"potentialAction\":[{\"@type\":\"ReadAction\",\"target\":[\"https:\\\/\\\/noticiasmercedinas.com\\\/site\\\/2022\\\/02\\\/23\\\/somos-lo-que-somos-comparsa-de-adultos-mayores-lista-para-el-carnaval\\\/\"]}]},{\"@type\":\"ImageObject\",\"inLanguage\":\"es\",\"@id\":\"https:\\\/\\\/noticiasmercedinas.com\\\/site\\\/2022\\\/02\\\/23\\\/somos-lo-que-somos-comparsa-de-adultos-mayores-lista-para-el-carnaval\\\/#primaryimage\",\"url\":\"https:\\\/\\\/noticiasmercedinas.com\\\/site\\\/wp-content\\\/uploads\\\/2022\\\/02\\\/DSC09734.jpg\",\"contentUrl\":\"https:\\\/\\\/noticiasmercedinas.com\\\/site\\\/wp-content\\\/uploads\\\/2022\\\/02\\\/DSC09734.jpg\",\"width\":922,\"height\":615},{\"@type\":\"BreadcrumbList\",\"@id\":\"https:\\\/\\\/noticiasmercedinas.com\\\/site\\\/2022\\\/02\\\/23\\\/somos-lo-que-somos-comparsa-de-adultos-mayores-lista-para-el-carnaval\\\/#breadcrumb\",\"itemListElement\":[{\"@type\":\"ListItem\",\"position\":1,\"name\":\"Portada\",\"item\":\"https:\\\/\\\/noticiasmercedinas.com\\\/site\\\/\"},{\"@type\":\"ListItem\",\"position\":2,\"name\":\"\u00abSomos lo que Somos\u00bb: comparsa de adultos mayores lista para el Carnaval\"}]},{\"@type\":\"WebSite\",\"@id\":\"https:\\\/\\\/noticiasmercedinas.com\\\/site\\\/#website\",\"url\":\"https:\\\/\\\/noticiasmercedinas.com\\\/site\\\/\",\"name\":\"NOTICIASMERCEDINAS.COM\",\"description\":\"Mercedes, Buenos Aires, Argentina\",\"publisher\":{\"@id\":\"https:\\\/\\\/noticiasmercedinas.com\\\/site\\\/#organization\"},\"potentialAction\":[{\"@type\":\"SearchAction\",\"target\":{\"@type\":\"EntryPoint\",\"urlTemplate\":\"https:\\\/\\\/noticiasmercedinas.com\\\/site\\\/?s={search_term_string}\"},\"query-input\":{\"@type\":\"PropertyValueSpecification\",\"valueRequired\":true,\"valueName\":\"search_term_string\"}}],\"inLanguage\":\"es\"},{\"@type\":\"Organization\",\"@id\":\"https:\\\/\\\/noticiasmercedinas.com\\\/site\\\/#organization\",\"name\":\"NOTICIASMERCEDINAS.COM\",\"url\":\"https:\\\/\\\/noticiasmercedinas.com\\\/site\\\/\",\"logo\":{\"@type\":\"ImageObject\",\"inLanguage\":\"es\",\"@id\":\"https:\\\/\\\/noticiasmercedinas.com\\\/site\\\/#\\\/schema\\\/logo\\\/image\\\/\",\"url\":\"https:\\\/\\\/noticiasmercedinas.com\\\/site\\\/wp-content\\\/uploads\\\/2020\\\/06\\\/LOGO-512.jpg\",\"contentUrl\":\"https:\\\/\\\/noticiasmercedinas.com\\\/site\\\/wp-content\\\/uploads\\\/2020\\\/06\\\/LOGO-512.jpg\",\"width\":512,\"height\":512,\"caption\":\"NOTICIASMERCEDINAS.COM\"},\"image\":{\"@id\":\"https:\\\/\\\/noticiasmercedinas.com\\\/site\\\/#\\\/schema\\\/logo\\\/image\\\/\"},\"sameAs\":[\"https:\\\/\\\/www.facebook.com\\\/noticiasmercedinas\\\/\",\"https:\\\/\\\/x.com\\\/notmercedinas\",\"https:\\\/\\\/www.instagram.com\\\/noticiasmercedinas\\\/\"]},{\"@type\":\"Person\",\"@id\":\"https:\\\/\\\/noticiasmercedinas.com\\\/site\\\/#\\\/schema\\\/person\\\/84b59c099c28ff2e8b77d4ceec5d8063\",\"name\":\"NOTICIASMERCEDINAS.COM\",\"image\":{\"@type\":\"ImageObject\",\"inLanguage\":\"es\",\"@id\":\"https:\\\/\\\/secure.gravatar.com\\\/avatar\\\/4dfbf16b4d17945bfb6341b2d19043457132fcf478a5ee04f42e959fd8f5df0a?s=96&d=mm&r=g\",\"url\":\"https:\\\/\\\/secure.gravatar.com\\\/avatar\\\/4dfbf16b4d17945bfb6341b2d19043457132fcf478a5ee04f42e959fd8f5df0a?s=96&d=mm&r=g\",\"contentUrl\":\"https:\\\/\\\/secure.gravatar.com\\\/avatar\\\/4dfbf16b4d17945bfb6341b2d19043457132fcf478a5ee04f42e959fd8f5df0a?s=96&d=mm&r=g\",\"caption\":\"NOTICIASMERCEDINAS.COM\"},\"url\":\"https:\\\/\\\/noticiasmercedinas.com\\\/site\\\/author\\\/anonimo\\\/\"}]}<\/script>\n<!-- \/ Yoast SEO plugin. -->","yoast_head_json":{"title":"\"Somos lo que Somos\": comparsa de adultos mayores lista para el Carnaval","robots":{"index":"index","follow":"follow","max-snippet":"max-snippet:-1","max-image-preview":"max-image-preview:large","max-video-preview":"max-video-preview:-1"},"canonical":"https:\/\/noticiasmercedinas.com\/site\/2022\/02\/23\/somos-lo-que-somos-comparsa-de-adultos-mayores-lista-para-el-carnaval\/","og_locale":"es_ES","og_type":"article","og_title":"\"Somos lo que Somos\": comparsa de adultos mayores lista para el Carnaval","og_description":"\u25a0 Sus integrantes ultiman detalles en la Avenida 42. Desde Salud y Tercera Edad acompa\u00f1an la iniciativa en la previa de las 4 noches de carnaval que vivir\u00e1n este fin de semana","og_url":"https:\/\/noticiasmercedinas.com\/site\/2022\/02\/23\/somos-lo-que-somos-comparsa-de-adultos-mayores-lista-para-el-carnaval\/","og_site_name":"NOTICIASMERCEDINAS.COM","article_publisher":"https:\/\/www.facebook.com\/noticiasmercedinas\/","article_published_time":"2022-02-23T14:42:06+00:00","og_image":[{"width":922,"height":615,"url":"https:\/\/noticiasmercedinas.com\/site\/wp-content\/uploads\/2022\/02\/DSC09734.jpg","type":"image\/jpeg"}],"author":"NOTICIASMERCEDINAS.COM","twitter_card":"summary_large_image","twitter_creator":"@notmercedinas","twitter_site":"@notmercedinas","twitter_misc":{"Escrito por":"NOTICIASMERCEDINAS.COM","Tiempo de lectura":"2 minutos"},"schema":{"@context":"https:\/\/schema.org","@graph":[{"@type":"Article","@id":"https:\/\/noticiasmercedinas.com\/site\/2022\/02\/23\/somos-lo-que-somos-comparsa-de-adultos-mayores-lista-para-el-carnaval\/#article","isPartOf":{"@id":"https:\/\/noticiasmercedinas.com\/site\/2022\/02\/23\/somos-lo-que-somos-comparsa-de-adultos-mayores-lista-para-el-carnaval\/"},"author":{"name":"NOTICIASMERCEDINAS.COM","@id":"https:\/\/noticiasmercedinas.com\/site\/#\/schema\/person\/84b59c099c28ff2e8b77d4ceec5d8063"},"headline":"\u00abSomos lo que Somos\u00bb: comparsa de adultos mayores lista para el Carnaval","datePublished":"2022-02-23T14:42:06+00:00","mainEntityOfPage":{"@id":"https:\/\/noticiasmercedinas.com\/site\/2022\/02\/23\/somos-lo-que-somos-comparsa-de-adultos-mayores-lista-para-el-carnaval\/"},"wordCount":351,"commentCount":0,"publisher":{"@id":"https:\/\/noticiasmercedinas.com\/site\/#organization"},"image":{"@id":"https:\/\/noticiasmercedinas.com\/site\/2022\/02\/23\/somos-lo-que-somos-comparsa-de-adultos-mayores-lista-para-el-carnaval\/#primaryimage"},"thumbnailUrl":"https:\/\/noticiasmercedinas.com\/site\/wp-content\/uploads\/2022\/02\/DSC09734.jpg","keywords":["adultos mayores","carnaval","comparsa","somos lo que somos"],"articleSection":["Cultura"],"inLanguage":"es","potentialAction":[{"@type":"CommentAction","name":"Comment","target":["https:\/\/noticiasmercedinas.com\/site\/2022\/02\/23\/somos-lo-que-somos-comparsa-de-adultos-mayores-lista-para-el-carnaval\/#respond"]}]},{"@type":"WebPage","@id":"https:\/\/noticiasmercedinas.com\/site\/2022\/02\/23\/somos-lo-que-somos-comparsa-de-adultos-mayores-lista-para-el-carnaval\/","url":"https:\/\/noticiasmercedinas.com\/site\/2022\/02\/23\/somos-lo-que-somos-comparsa-de-adultos-mayores-lista-para-el-carnaval\/","name":"\"Somos lo que Somos\": comparsa de adultos mayores lista para el Carnaval","isPartOf":{"@id":"https:\/\/noticiasmercedinas.com\/site\/#website"},"primaryImageOfPage":{"@id":"https:\/\/noticiasmercedinas.com\/site\/2022\/02\/23\/somos-lo-que-somos-comparsa-de-adultos-mayores-lista-para-el-carnaval\/#primaryimage"},"image":{"@id":"https:\/\/noticiasmercedinas.com\/site\/2022\/02\/23\/somos-lo-que-somos-comparsa-de-adultos-mayores-lista-para-el-carnaval\/#primaryimage"},"thumbnailUrl":"https:\/\/noticiasmercedinas.com\/site\/wp-content\/uploads\/2022\/02\/DSC09734.jpg","datePublished":"2022-02-23T14:42:06+00:00","breadcrumb":{"@id":"https:\/\/noticiasmercedinas.com\/site\/2022\/02\/23\/somos-lo-que-somos-comparsa-de-adultos-mayores-lista-para-el-carnaval\/#breadcrumb"},"inLanguage":"es","potentialAction":[{"@type":"ReadAction","target":["https:\/\/noticiasmercedinas.com\/site\/2022\/02\/23\/somos-lo-que-somos-comparsa-de-adultos-mayores-lista-para-el-carnaval\/"]}]},{"@type":"ImageObject","inLanguage":"es","@id":"https:\/\/noticiasmercedinas.com\/site\/2022\/02\/23\/somos-lo-que-somos-comparsa-de-adultos-mayores-lista-para-el-carnaval\/#primaryimage","url":"https:\/\/noticiasmercedinas.com\/site\/wp-content\/uploads\/2022\/02\/DSC09734.jpg","contentUrl":"https:\/\/noticiasmercedinas.com\/site\/wp-content\/uploads\/2022\/02\/DSC09734.jpg","width":922,"height":615},{"@type":"BreadcrumbList","@id":"https:\/\/noticiasmercedinas.com\/site\/2022\/02\/23\/somos-lo-que-somos-comparsa-de-adultos-mayores-lista-para-el-carnaval\/#breadcrumb","itemListElement":[{"@type":"ListItem","position":1,"name":"Portada","item":"https:\/\/noticiasmercedinas.com\/site\/"},{"@type":"ListItem","position":2,"name":"\u00abSomos lo que Somos\u00bb: comparsa de adultos mayores lista para el Carnaval"}]},{"@type":"WebSite","@id":"https:\/\/noticiasmercedinas.com\/site\/#website","url":"https:\/\/noticiasmercedinas.com\/site\/","name":"NOTICIASMERCEDINAS.COM","description":"Mercedes, Buenos Aires, Argentina","publisher":{"@id":"https:\/\/noticiasmercedinas.com\/site\/#organization"},"potentialAction":[{"@type":"SearchAction","target":{"@type":"EntryPoint","urlTemplate":"https:\/\/noticiasmercedinas.com\/site\/?s={search_term_string}"},"query-input":{"@type":"PropertyValueSpecification","valueRequired":true,"valueName":"search_term_string"}}],"inLanguage":"es"},{"@type":"Organization","@id":"https:\/\/noticiasmercedinas.com\/site\/#organization","name":"NOTICIASMERCEDINAS.COM","url":"https:\/\/noticiasmercedinas.com\/site\/","logo":{"@type":"ImageObject","inLanguage":"es","@id":"https:\/\/noticiasmercedinas.com\/site\/#\/schema\/logo\/image\/","url":"https:\/\/noticiasmercedinas.com\/site\/wp-content\/uploads\/2020\/06\/LOGO-512.jpg","contentUrl":"https:\/\/noticiasmercedinas.com\/site\/wp-content\/uploads\/2020\/06\/LOGO-512.jpg","width":512,"height":512,"caption":"NOTICIASMERCEDINAS.COM"},"image":{"@id":"https:\/\/noticiasmercedinas.com\/site\/#\/schema\/logo\/image\/"},"sameAs":["https:\/\/www.facebook.com\/noticiasmercedinas\/","https:\/\/x.com\/notmercedinas","https:\/\/www.instagram.com\/noticiasmercedinas\/"]},{"@type":"Person","@id":"https:\/\/noticiasmercedinas.com\/site\/#\/schema\/person\/84b59c099c28ff2e8b77d4ceec5d8063","name":"NOTICIASMERCEDINAS.COM","image":{"@type":"ImageObject","inLanguage":"es","@id":"https:\/\/secure.gravatar.com\/avatar\/4dfbf16b4d17945bfb6341b2d19043457132fcf478a5ee04f42e959fd8f5df0a?s=96&d=mm&r=g","url":"https:\/\/secure.gravatar.com\/avatar\/4dfbf16b4d17945bfb6341b2d19043457132fcf478a5ee04f42e959fd8f5df0a?s=96&d=mm&r=g","contentUrl":"https:\/\/secure.gravatar.com\/avatar\/4dfbf16b4d17945bfb6341b2d19043457132fcf478a5ee04f42e959fd8f5df0a?s=96&d=mm&r=g","caption":"NOTICIASMERCEDINAS.COM"},"url":"https:\/\/noticiasmercedinas.com\/site\/author\/anonimo\/"}]}},"amp_enabled":true,"_links":{"self":[{"href":"https:\/\/noticiasmercedinas.com\/site\/wp-json\/wp\/v2\/posts\/85093","targetHints":{"allow":["GET"]}}],"collection":[{"href":"https:\/\/noticiasmercedinas.com\/site\/wp-json\/wp\/v2\/posts"}],"about":[{"href":"https:\/\/noticiasmercedinas.com\/site\/wp-json\/wp\/v2\/types\/post"}],"author":[{"embeddable":true,"href":"https:\/\/noticiasmercedinas.com\/site\/wp-json\/wp\/v2\/users\/16"}],"replies":[{"embeddable":true,"href":"https:\/\/noticiasmercedinas.com\/site\/wp-json\/wp\/v2\/comments?post=85093"}],"version-history":[{"count":1,"href":"https:\/\/noticiasmercedinas.com\/site\/wp-json\/wp\/v2\/posts\/85093\/revisions"}],"predecessor-version":[{"id":85096,"href":"https:\/\/noticiasmercedinas.com\/site\/wp-json\/wp\/v2\/posts\/85093\/revisions\/85096"}],"wp:featuredmedia":[{"embeddable":true,"href":"https:\/\/noticiasmercedinas.com\/site\/wp-json\/wp\/v2\/media\/85094"}],"wp:attachment":[{"href":"https:\/\/noticiasmercedinas.com\/site\/wp-json\/wp\/v2\/media?parent=85093"}],"wp:term":[{"taxonomy":"category","embeddable":true,"href":"https:\/\/noticiasmercedinas.com\/site\/wp-json\/wp\/v2\/categories?post=85093"},{"taxonomy":"post_tag","embeddable":true,"href":"https:\/\/noticiasmercedinas.com\/site\/wp-json\/wp\/v2\/tags?post=85093"}],"curies":[{"name":"wp","href":"https:\/\/api.w.org\/{rel}","templated":true}]}}