{"id":85146,"date":"2022-02-24T11:39:26","date_gmt":"2022-02-24T14:39:26","guid":{"rendered":"https:\/\/noticiasmercedinas.com\/site\/?p=85146"},"modified":"2022-02-24T11:39:26","modified_gmt":"2022-02-24T14:39:26","slug":"la-liga-corre-abrio-su-inscripcion","status":"publish","type":"post","link":"https:\/\/noticiasmercedinas.com\/site\/2022\/02\/24\/la-liga-corre-abrio-su-inscripcion\/","title":{"rendered":"\u201cLa Liga Corre\u201d abri\u00f3 su inscripci\u00f3n"},"content":{"rendered":"<figure id=\"attachment_85147\" aria-describedby=\"caption-attachment-85147\" style=\"width: 640px\" class=\"wp-caption alignnone\"><img loading=\"lazy\" decoding=\"async\" class=\"wp-image-85147 size-full\" src=\"https:\/\/noticiasmercedinas.com\/site\/wp-content\/uploads\/2022\/02\/IMG_5960.jpg\" alt=\"\" width=\"640\" height=\"472\" srcset=\"https:\/\/noticiasmercedinas.com\/site\/wp-content\/uploads\/2022\/02\/IMG_5960.jpg 640w, https:\/\/noticiasmercedinas.com\/site\/wp-content\/uploads\/2022\/02\/IMG_5960-300x221.jpg 300w, https:\/\/noticiasmercedinas.com\/site\/wp-content\/uploads\/2022\/02\/IMG_5960-80x60.jpg 80w, https:\/\/noticiasmercedinas.com\/site\/wp-content\/uploads\/2022\/02\/IMG_5960-100x75.jpg 100w\" sizes=\"auto, (max-width: 640px) 100vw, 640px\" \/><figcaption id=\"caption-attachment-85147\" class=\"wp-caption-text\">Los runners tendr\u00e1 su carrera en abril.<\/figcaption><\/figure>\n<p>El pr\u00f3ximo domingo 10 de abril se estar\u00e1 llevando adelante la carrera de calle denominada \u201cLa Liga Corre\u201d, organizada por el club Ateneo y el gimnasio Get Fit, teniendo la particularidad la prueba atl\u00e9tica de ser a beneficio de los Bomberos Voluntarios de Mercedes. Los impulsores apuntan a que sea un evento con presencia de la familia, donde adem\u00e1s de la carrera habr\u00e1 patio de comidas, m\u00fasica en vivo y se llevar\u00e1n adelante otras disciplinas que tambi\u00e9n se practican en Ateneo.<\/p>\n<p>La largada de \u201cLa Liga Corre\u201d se anuncia para la hora 9 hora sobre calle 11 entre 114 y 116 donde habr\u00e1 4 K de corre caminata participativa y 10 K competitivos, abri\u00e9ndose desde este 25 de febrero al 18 de marzo la primera tanda de inscripci\u00f3n. Ser\u00e1 ingresando al sitio web finishtime.com.ar, los<br \/>\n4 K tienen un costo de $ 1550 y 10 K $ 1750, abon\u00e1ndose por intermedio de Mercado Pago tras cumplir el tr\u00e1mite online.<\/p>\n<p>Otra oportunidad para tomar parte ser\u00e1 del 19 de marzo al 1 de abril con 4 K a $ 1750 y 10 K a $ 1950. Los retiros de kit ser\u00e1n en Mercedes, Luj\u00e1n, Suipacha y Chivilcoy en fechas ya establecidas d\u00edas antes de la carrera, aquellos runners de otras ciudades lo podr\u00e1n hacer el mismo d\u00eda de la prueba<\/p>\n<p>En cuanto a categor\u00edas los 10 K en Damas y Caballeros de18 a 29 a\u00f1os, 30 a 39 a\u00f1os, \u00a040 a 49 a\u00f1os, 50 a 59 a\u00f1os y m\u00e1s de 60 a\u00f1os. Los 4 K se premiar\u00e1 a la General, adem\u00e1s habr\u00e1 medallas finisher para todo los participantes, en cuento a la 10 K General en Damas y Caballeros del 1\u00ba al 3\u00ba. 4 K General primer puesto damas y caballeros tendr\u00e1n premiaci\u00f3n.<\/p>\n<p>\u201cLa Liga Corre\u201d viene teniendo su organizaci\u00f3n y promete tener su recorrido en la zona del club Ateneo, por calles de tierra y algo de asfalto en la zona de la calle 11. Adem\u00e1s de los organizadores, Ateneo y Get Fit, estar\u00e1 la colaboraci\u00f3n de bomberos y ya se han tramitado todos los permisos para llevar adelante la prueba que promete tener un buen n\u00famero de participantes, por ello es bueno asegurarse un lugar lo antes posible como tambi\u00e9n el talle de la remera del evento.<\/p>\n","protected":false},"excerpt":{"rendered":"<p>\u25a0 A partir de hoy  los runners podr\u00e1n asegurarse su lugar para lo que ser\u00e1n 4 y 10 K el pr\u00f3ximo 10 de abril. Habr\u00e1 distancias participativas y competitivas m\u00e1s premiaciones y medallas para todos. Se anuncia como un evento que trascender\u00e1 de lo que es una carrera de calle.<\/p>\n","protected":false},"author":6,"featured_media":85147,"comment_status":"open","ping_status":"open","sticky":false,"template":"","format":"standard","meta":{"footnotes":""},"categories":[5],"tags":[2321,329,13238,13785,2823],"class_list":["post-85146","post","type-post","status-publish","format-standard","has-post-thumbnail","hentry","category-deportes","tag-ateneo","tag-atletismo","tag-get-fit","tag-la-liga-corre","tag-running"],"yoast_head":"<!-- This site is optimized with the Yoast SEO plugin v27.5 - https:\/\/yoast.com\/product\/yoast-seo-wordpress\/ -->\n<title>\u201cLa Liga Corre\u201d abri\u00f3 su inscripci\u00f3n<\/title>\n<meta name=\"robots\" content=\"index, follow, max-snippet:-1, max-image-preview:large, max-video-preview:-1\" \/>\n<link rel=\"canonical\" href=\"https:\/\/noticiasmercedinas.com\/site\/2022\/02\/24\/la-liga-corre-abrio-su-inscripcion\/\" \/>\n<meta property=\"og:locale\" content=\"es_ES\" \/>\n<meta property=\"og:type\" content=\"article\" \/>\n<meta property=\"og:title\" content=\"\u201cLa Liga Corre\u201d abri\u00f3 su inscripci\u00f3n\" \/>\n<meta property=\"og:description\" content=\"\u25a0 A partir de hoy los runners podr\u00e1n asegurarse su lugar para lo que ser\u00e1n 4 y 10 K el pr\u00f3ximo 10 de abril. Habr\u00e1 distancias participativas y competitivas m\u00e1s premiaciones y medallas para todos. Se anuncia como un evento que trascender\u00e1 de lo que es una carrera de calle.\" \/>\n<meta property=\"og:url\" content=\"https:\/\/noticiasmercedinas.com\/site\/2022\/02\/24\/la-liga-corre-abrio-su-inscripcion\/\" \/>\n<meta property=\"og:site_name\" content=\"NOTICIASMERCEDINAS.COM\" \/>\n<meta property=\"article:publisher\" content=\"https:\/\/www.facebook.com\/noticiasmercedinas\/\" \/>\n<meta property=\"article:published_time\" content=\"2022-02-24T14:39:26+00:00\" \/>\n<meta property=\"og:image\" content=\"https:\/\/noticiasmercedinas.com\/site\/wp-content\/uploads\/2022\/02\/IMG_5960.jpg\" \/>\n\t<meta property=\"og:image:width\" content=\"640\" \/>\n\t<meta property=\"og:image:height\" content=\"472\" \/>\n\t<meta property=\"og:image:type\" content=\"image\/jpeg\" \/>\n<meta name=\"author\" content=\"Juan Dagnino NOTICIASMERCEDINAS.COM\" \/>\n<meta name=\"twitter:card\" content=\"summary_large_image\" \/>\n<meta name=\"twitter:creator\" content=\"@notmercedinas\" \/>\n<meta name=\"twitter:site\" content=\"@notmercedinas\" \/>\n<meta name=\"twitter:label1\" content=\"Escrito por\" \/>\n\t<meta name=\"twitter:data1\" content=\"Juan Dagnino NOTICIASMERCEDINAS.COM\" \/>\n\t<meta name=\"twitter:label2\" content=\"Tiempo de lectura\" \/>\n\t<meta name=\"twitter:data2\" content=\"2 minutos\" \/>\n<script type=\"application\/ld+json\" class=\"yoast-schema-graph\">{\"@context\":\"https:\\\/\\\/schema.org\",\"@graph\":[{\"@type\":\"Article\",\"@id\":\"https:\\\/\\\/noticiasmercedinas.com\\\/site\\\/2022\\\/02\\\/24\\\/la-liga-corre-abrio-su-inscripcion\\\/#article\",\"isPartOf\":{\"@id\":\"https:\\\/\\\/noticiasmercedinas.com\\\/site\\\/2022\\\/02\\\/24\\\/la-liga-corre-abrio-su-inscripcion\\\/\"},\"author\":{\"name\":\"Juan Dagnino NOTICIASMERCEDINAS.COM\",\"@id\":\"https:\\\/\\\/noticiasmercedinas.com\\\/site\\\/#\\\/schema\\\/person\\\/8f2f09d666ef40986eba4a5e6f2a06f9\"},\"headline\":\"\u201cLa Liga Corre\u201d abri\u00f3 su inscripci\u00f3n\",\"datePublished\":\"2022-02-24T14:39:26+00:00\",\"mainEntityOfPage\":{\"@id\":\"https:\\\/\\\/noticiasmercedinas.com\\\/site\\\/2022\\\/02\\\/24\\\/la-liga-corre-abrio-su-inscripcion\\\/\"},\"wordCount\":393,\"commentCount\":0,\"publisher\":{\"@id\":\"https:\\\/\\\/noticiasmercedinas.com\\\/site\\\/#organization\"},\"image\":{\"@id\":\"https:\\\/\\\/noticiasmercedinas.com\\\/site\\\/2022\\\/02\\\/24\\\/la-liga-corre-abrio-su-inscripcion\\\/#primaryimage\"},\"thumbnailUrl\":\"https:\\\/\\\/noticiasmercedinas.com\\\/site\\\/wp-content\\\/uploads\\\/2022\\\/02\\\/IMG_5960.jpg\",\"keywords\":[\"Ateneo\",\"atletismo\",\"get fit\",\"la liga corre\",\"running\"],\"articleSection\":[\"Deportes\"],\"inLanguage\":\"es\",\"potentialAction\":[{\"@type\":\"CommentAction\",\"name\":\"Comment\",\"target\":[\"https:\\\/\\\/noticiasmercedinas.com\\\/site\\\/2022\\\/02\\\/24\\\/la-liga-corre-abrio-su-inscripcion\\\/#respond\"]}]},{\"@type\":\"WebPage\",\"@id\":\"https:\\\/\\\/noticiasmercedinas.com\\\/site\\\/2022\\\/02\\\/24\\\/la-liga-corre-abrio-su-inscripcion\\\/\",\"url\":\"https:\\\/\\\/noticiasmercedinas.com\\\/site\\\/2022\\\/02\\\/24\\\/la-liga-corre-abrio-su-inscripcion\\\/\",\"name\":\"\u201cLa Liga Corre\u201d abri\u00f3 su inscripci\u00f3n\",\"isPartOf\":{\"@id\":\"https:\\\/\\\/noticiasmercedinas.com\\\/site\\\/#website\"},\"primaryImageOfPage\":{\"@id\":\"https:\\\/\\\/noticiasmercedinas.com\\\/site\\\/2022\\\/02\\\/24\\\/la-liga-corre-abrio-su-inscripcion\\\/#primaryimage\"},\"image\":{\"@id\":\"https:\\\/\\\/noticiasmercedinas.com\\\/site\\\/2022\\\/02\\\/24\\\/la-liga-corre-abrio-su-inscripcion\\\/#primaryimage\"},\"thumbnailUrl\":\"https:\\\/\\\/noticiasmercedinas.com\\\/site\\\/wp-content\\\/uploads\\\/2022\\\/02\\\/IMG_5960.jpg\",\"datePublished\":\"2022-02-24T14:39:26+00:00\",\"breadcrumb\":{\"@id\":\"https:\\\/\\\/noticiasmercedinas.com\\\/site\\\/2022\\\/02\\\/24\\\/la-liga-corre-abrio-su-inscripcion\\\/#breadcrumb\"},\"inLanguage\":\"es\",\"potentialAction\":[{\"@type\":\"ReadAction\",\"target\":[\"https:\\\/\\\/noticiasmercedinas.com\\\/site\\\/2022\\\/02\\\/24\\\/la-liga-corre-abrio-su-inscripcion\\\/\"]}]},{\"@type\":\"ImageObject\",\"inLanguage\":\"es\",\"@id\":\"https:\\\/\\\/noticiasmercedinas.com\\\/site\\\/2022\\\/02\\\/24\\\/la-liga-corre-abrio-su-inscripcion\\\/#primaryimage\",\"url\":\"https:\\\/\\\/noticiasmercedinas.com\\\/site\\\/wp-content\\\/uploads\\\/2022\\\/02\\\/IMG_5960.jpg\",\"contentUrl\":\"https:\\\/\\\/noticiasmercedinas.com\\\/site\\\/wp-content\\\/uploads\\\/2022\\\/02\\\/IMG_5960.jpg\",\"width\":640,\"height\":472},{\"@type\":\"BreadcrumbList\",\"@id\":\"https:\\\/\\\/noticiasmercedinas.com\\\/site\\\/2022\\\/02\\\/24\\\/la-liga-corre-abrio-su-inscripcion\\\/#breadcrumb\",\"itemListElement\":[{\"@type\":\"ListItem\",\"position\":1,\"name\":\"Portada\",\"item\":\"https:\\\/\\\/noticiasmercedinas.com\\\/site\\\/\"},{\"@type\":\"ListItem\",\"position\":2,\"name\":\"\u201cLa Liga Corre\u201d abri\u00f3 su inscripci\u00f3n\"}]},{\"@type\":\"WebSite\",\"@id\":\"https:\\\/\\\/noticiasmercedinas.com\\\/site\\\/#website\",\"url\":\"https:\\\/\\\/noticiasmercedinas.com\\\/site\\\/\",\"name\":\"NOTICIASMERCEDINAS.COM\",\"description\":\"Mercedes, Buenos Aires, Argentina\",\"publisher\":{\"@id\":\"https:\\\/\\\/noticiasmercedinas.com\\\/site\\\/#organization\"},\"potentialAction\":[{\"@type\":\"SearchAction\",\"target\":{\"@type\":\"EntryPoint\",\"urlTemplate\":\"https:\\\/\\\/noticiasmercedinas.com\\\/site\\\/?s={search_term_string}\"},\"query-input\":{\"@type\":\"PropertyValueSpecification\",\"valueRequired\":true,\"valueName\":\"search_term_string\"}}],\"inLanguage\":\"es\"},{\"@type\":\"Organization\",\"@id\":\"https:\\\/\\\/noticiasmercedinas.com\\\/site\\\/#organization\",\"name\":\"NOTICIASMERCEDINAS.COM\",\"url\":\"https:\\\/\\\/noticiasmercedinas.com\\\/site\\\/\",\"logo\":{\"@type\":\"ImageObject\",\"inLanguage\":\"es\",\"@id\":\"https:\\\/\\\/noticiasmercedinas.com\\\/site\\\/#\\\/schema\\\/logo\\\/image\\\/\",\"url\":\"https:\\\/\\\/noticiasmercedinas.com\\\/site\\\/wp-content\\\/uploads\\\/2020\\\/06\\\/LOGO-512.jpg\",\"contentUrl\":\"https:\\\/\\\/noticiasmercedinas.com\\\/site\\\/wp-content\\\/uploads\\\/2020\\\/06\\\/LOGO-512.jpg\",\"width\":512,\"height\":512,\"caption\":\"NOTICIASMERCEDINAS.COM\"},\"image\":{\"@id\":\"https:\\\/\\\/noticiasmercedinas.com\\\/site\\\/#\\\/schema\\\/logo\\\/image\\\/\"},\"sameAs\":[\"https:\\\/\\\/www.facebook.com\\\/noticiasmercedinas\\\/\",\"https:\\\/\\\/x.com\\\/notmercedinas\",\"https:\\\/\\\/www.instagram.com\\\/noticiasmercedinas\\\/\"]},{\"@type\":\"Person\",\"@id\":\"https:\\\/\\\/noticiasmercedinas.com\\\/site\\\/#\\\/schema\\\/person\\\/8f2f09d666ef40986eba4a5e6f2a06f9\",\"name\":\"Juan Dagnino NOTICIASMERCEDINAS.COM\",\"image\":{\"@type\":\"ImageObject\",\"inLanguage\":\"es\",\"@id\":\"https:\\\/\\\/secure.gravatar.com\\\/avatar\\\/fc7059a769f5a3cae65fadb228a3e4accf3a64b4b2305020d0a27e6d5333c91b?s=96&d=mm&r=g\",\"url\":\"https:\\\/\\\/secure.gravatar.com\\\/avatar\\\/fc7059a769f5a3cae65fadb228a3e4accf3a64b4b2305020d0a27e6d5333c91b?s=96&d=mm&r=g\",\"contentUrl\":\"https:\\\/\\\/secure.gravatar.com\\\/avatar\\\/fc7059a769f5a3cae65fadb228a3e4accf3a64b4b2305020d0a27e6d5333c91b?s=96&d=mm&r=g\",\"caption\":\"Juan Dagnino NOTICIASMERCEDINAS.COM\"},\"url\":\"https:\\\/\\\/noticiasmercedinas.com\\\/site\\\/author\\\/juandagnino\\\/\"}]}<\/script>\n<!-- \/ Yoast SEO plugin. -->","yoast_head_json":{"title":"\u201cLa Liga Corre\u201d abri\u00f3 su inscripci\u00f3n","robots":{"index":"index","follow":"follow","max-snippet":"max-snippet:-1","max-image-preview":"max-image-preview:large","max-video-preview":"max-video-preview:-1"},"canonical":"https:\/\/noticiasmercedinas.com\/site\/2022\/02\/24\/la-liga-corre-abrio-su-inscripcion\/","og_locale":"es_ES","og_type":"article","og_title":"\u201cLa Liga Corre\u201d abri\u00f3 su inscripci\u00f3n","og_description":"\u25a0 A partir de hoy los runners podr\u00e1n asegurarse su lugar para lo que ser\u00e1n 4 y 10 K el pr\u00f3ximo 10 de abril. Habr\u00e1 distancias participativas y competitivas m\u00e1s premiaciones y medallas para todos. Se anuncia como un evento que trascender\u00e1 de lo que es una carrera de calle.","og_url":"https:\/\/noticiasmercedinas.com\/site\/2022\/02\/24\/la-liga-corre-abrio-su-inscripcion\/","og_site_name":"NOTICIASMERCEDINAS.COM","article_publisher":"https:\/\/www.facebook.com\/noticiasmercedinas\/","article_published_time":"2022-02-24T14:39:26+00:00","og_image":[{"width":640,"height":472,"url":"https:\/\/noticiasmercedinas.com\/site\/wp-content\/uploads\/2022\/02\/IMG_5960.jpg","type":"image\/jpeg"}],"author":"Juan Dagnino NOTICIASMERCEDINAS.COM","twitter_card":"summary_large_image","twitter_creator":"@notmercedinas","twitter_site":"@notmercedinas","twitter_misc":{"Escrito por":"Juan Dagnino NOTICIASMERCEDINAS.COM","Tiempo de lectura":"2 minutos"},"schema":{"@context":"https:\/\/schema.org","@graph":[{"@type":"Article","@id":"https:\/\/noticiasmercedinas.com\/site\/2022\/02\/24\/la-liga-corre-abrio-su-inscripcion\/#article","isPartOf":{"@id":"https:\/\/noticiasmercedinas.com\/site\/2022\/02\/24\/la-liga-corre-abrio-su-inscripcion\/"},"author":{"name":"Juan Dagnino NOTICIASMERCEDINAS.COM","@id":"https:\/\/noticiasmercedinas.com\/site\/#\/schema\/person\/8f2f09d666ef40986eba4a5e6f2a06f9"},"headline":"\u201cLa Liga Corre\u201d abri\u00f3 su inscripci\u00f3n","datePublished":"2022-02-24T14:39:26+00:00","mainEntityOfPage":{"@id":"https:\/\/noticiasmercedinas.com\/site\/2022\/02\/24\/la-liga-corre-abrio-su-inscripcion\/"},"wordCount":393,"commentCount":0,"publisher":{"@id":"https:\/\/noticiasmercedinas.com\/site\/#organization"},"image":{"@id":"https:\/\/noticiasmercedinas.com\/site\/2022\/02\/24\/la-liga-corre-abrio-su-inscripcion\/#primaryimage"},"thumbnailUrl":"https:\/\/noticiasmercedinas.com\/site\/wp-content\/uploads\/2022\/02\/IMG_5960.jpg","keywords":["Ateneo","atletismo","get fit","la liga corre","running"],"articleSection":["Deportes"],"inLanguage":"es","potentialAction":[{"@type":"CommentAction","name":"Comment","target":["https:\/\/noticiasmercedinas.com\/site\/2022\/02\/24\/la-liga-corre-abrio-su-inscripcion\/#respond"]}]},{"@type":"WebPage","@id":"https:\/\/noticiasmercedinas.com\/site\/2022\/02\/24\/la-liga-corre-abrio-su-inscripcion\/","url":"https:\/\/noticiasmercedinas.com\/site\/2022\/02\/24\/la-liga-corre-abrio-su-inscripcion\/","name":"\u201cLa Liga Corre\u201d abri\u00f3 su inscripci\u00f3n","isPartOf":{"@id":"https:\/\/noticiasmercedinas.com\/site\/#website"},"primaryImageOfPage":{"@id":"https:\/\/noticiasmercedinas.com\/site\/2022\/02\/24\/la-liga-corre-abrio-su-inscripcion\/#primaryimage"},"image":{"@id":"https:\/\/noticiasmercedinas.com\/site\/2022\/02\/24\/la-liga-corre-abrio-su-inscripcion\/#primaryimage"},"thumbnailUrl":"https:\/\/noticiasmercedinas.com\/site\/wp-content\/uploads\/2022\/02\/IMG_5960.jpg","datePublished":"2022-02-24T14:39:26+00:00","breadcrumb":{"@id":"https:\/\/noticiasmercedinas.com\/site\/2022\/02\/24\/la-liga-corre-abrio-su-inscripcion\/#breadcrumb"},"inLanguage":"es","potentialAction":[{"@type":"ReadAction","target":["https:\/\/noticiasmercedinas.com\/site\/2022\/02\/24\/la-liga-corre-abrio-su-inscripcion\/"]}]},{"@type":"ImageObject","inLanguage":"es","@id":"https:\/\/noticiasmercedinas.com\/site\/2022\/02\/24\/la-liga-corre-abrio-su-inscripcion\/#primaryimage","url":"https:\/\/noticiasmercedinas.com\/site\/wp-content\/uploads\/2022\/02\/IMG_5960.jpg","contentUrl":"https:\/\/noticiasmercedinas.com\/site\/wp-content\/uploads\/2022\/02\/IMG_5960.jpg","width":640,"height":472},{"@type":"BreadcrumbList","@id":"https:\/\/noticiasmercedinas.com\/site\/2022\/02\/24\/la-liga-corre-abrio-su-inscripcion\/#breadcrumb","itemListElement":[{"@type":"ListItem","position":1,"name":"Portada","item":"https:\/\/noticiasmercedinas.com\/site\/"},{"@type":"ListItem","position":2,"name":"\u201cLa Liga Corre\u201d abri\u00f3 su inscripci\u00f3n"}]},{"@type":"WebSite","@id":"https:\/\/noticiasmercedinas.com\/site\/#website","url":"https:\/\/noticiasmercedinas.com\/site\/","name":"NOTICIASMERCEDINAS.COM","description":"Mercedes, Buenos Aires, Argentina","publisher":{"@id":"https:\/\/noticiasmercedinas.com\/site\/#organization"},"potentialAction":[{"@type":"SearchAction","target":{"@type":"EntryPoint","urlTemplate":"https:\/\/noticiasmercedinas.com\/site\/?s={search_term_string}"},"query-input":{"@type":"PropertyValueSpecification","valueRequired":true,"valueName":"search_term_string"}}],"inLanguage":"es"},{"@type":"Organization","@id":"https:\/\/noticiasmercedinas.com\/site\/#organization","name":"NOTICIASMERCEDINAS.COM","url":"https:\/\/noticiasmercedinas.com\/site\/","logo":{"@type":"ImageObject","inLanguage":"es","@id":"https:\/\/noticiasmercedinas.com\/site\/#\/schema\/logo\/image\/","url":"https:\/\/noticiasmercedinas.com\/site\/wp-content\/uploads\/2020\/06\/LOGO-512.jpg","contentUrl":"https:\/\/noticiasmercedinas.com\/site\/wp-content\/uploads\/2020\/06\/LOGO-512.jpg","width":512,"height":512,"caption":"NOTICIASMERCEDINAS.COM"},"image":{"@id":"https:\/\/noticiasmercedinas.com\/site\/#\/schema\/logo\/image\/"},"sameAs":["https:\/\/www.facebook.com\/noticiasmercedinas\/","https:\/\/x.com\/notmercedinas","https:\/\/www.instagram.com\/noticiasmercedinas\/"]},{"@type":"Person","@id":"https:\/\/noticiasmercedinas.com\/site\/#\/schema\/person\/8f2f09d666ef40986eba4a5e6f2a06f9","name":"Juan Dagnino NOTICIASMERCEDINAS.COM","image":{"@type":"ImageObject","inLanguage":"es","@id":"https:\/\/secure.gravatar.com\/avatar\/fc7059a769f5a3cae65fadb228a3e4accf3a64b4b2305020d0a27e6d5333c91b?s=96&d=mm&r=g","url":"https:\/\/secure.gravatar.com\/avatar\/fc7059a769f5a3cae65fadb228a3e4accf3a64b4b2305020d0a27e6d5333c91b?s=96&d=mm&r=g","contentUrl":"https:\/\/secure.gravatar.com\/avatar\/fc7059a769f5a3cae65fadb228a3e4accf3a64b4b2305020d0a27e6d5333c91b?s=96&d=mm&r=g","caption":"Juan Dagnino NOTICIASMERCEDINAS.COM"},"url":"https:\/\/noticiasmercedinas.com\/site\/author\/juandagnino\/"}]}},"amp_enabled":true,"_links":{"self":[{"href":"https:\/\/noticiasmercedinas.com\/site\/wp-json\/wp\/v2\/posts\/85146","targetHints":{"allow":["GET"]}}],"collection":[{"href":"https:\/\/noticiasmercedinas.com\/site\/wp-json\/wp\/v2\/posts"}],"about":[{"href":"https:\/\/noticiasmercedinas.com\/site\/wp-json\/wp\/v2\/types\/post"}],"author":[{"embeddable":true,"href":"https:\/\/noticiasmercedinas.com\/site\/wp-json\/wp\/v2\/users\/6"}],"replies":[{"embeddable":true,"href":"https:\/\/noticiasmercedinas.com\/site\/wp-json\/wp\/v2\/comments?post=85146"}],"version-history":[{"count":1,"href":"https:\/\/noticiasmercedinas.com\/site\/wp-json\/wp\/v2\/posts\/85146\/revisions"}],"predecessor-version":[{"id":85148,"href":"https:\/\/noticiasmercedinas.com\/site\/wp-json\/wp\/v2\/posts\/85146\/revisions\/85148"}],"wp:featuredmedia":[{"embeddable":true,"href":"https:\/\/noticiasmercedinas.com\/site\/wp-json\/wp\/v2\/media\/85147"}],"wp:attachment":[{"href":"https:\/\/noticiasmercedinas.com\/site\/wp-json\/wp\/v2\/media?parent=85146"}],"wp:term":[{"taxonomy":"category","embeddable":true,"href":"https:\/\/noticiasmercedinas.com\/site\/wp-json\/wp\/v2\/categories?post=85146"},{"taxonomy":"post_tag","embeddable":true,"href":"https:\/\/noticiasmercedinas.com\/site\/wp-json\/wp\/v2\/tags?post=85146"}],"curies":[{"name":"wp","href":"https:\/\/api.w.org\/{rel}","templated":true}]}}