{"id":85324,"date":"2022-02-28T11:44:24","date_gmt":"2022-02-28T14:44:24","guid":{"rendered":"https:\/\/noticiasmercedinas.com\/site\/?p=85324"},"modified":"2022-02-28T11:54:18","modified_gmt":"2022-02-28T14:54:18","slug":"este-viernes-habra-noche-de-arte-volumen-2-en-bistro","status":"publish","type":"post","link":"https:\/\/noticiasmercedinas.com\/site\/2022\/02\/28\/este-viernes-habra-noche-de-arte-volumen-2-en-bistro\/","title":{"rendered":"Este viernes habr\u00e1 \u00abNoche de Arte Volumen 2\u00bb en Bistr\u00f3"},"content":{"rendered":"<p><img loading=\"lazy\" decoding=\"async\" class=\"alignnone size-full wp-image-85326\" src=\"https:\/\/noticiasmercedinas.com\/site\/wp-content\/uploads\/2022\/02\/146163034_2866529740259666_132275507261963663_n.jpg\" alt=\"\" width=\"960\" height=\"540\" srcset=\"https:\/\/noticiasmercedinas.com\/site\/wp-content\/uploads\/2022\/02\/146163034_2866529740259666_132275507261963663_n.jpg 960w, https:\/\/noticiasmercedinas.com\/site\/wp-content\/uploads\/2022\/02\/146163034_2866529740259666_132275507261963663_n-300x169.jpg 300w, https:\/\/noticiasmercedinas.com\/site\/wp-content\/uploads\/2022\/02\/146163034_2866529740259666_132275507261963663_n-768x432.jpg 768w, https:\/\/noticiasmercedinas.com\/site\/wp-content\/uploads\/2022\/02\/146163034_2866529740259666_132275507261963663_n-640x360.jpg 640w, https:\/\/noticiasmercedinas.com\/site\/wp-content\/uploads\/2022\/02\/146163034_2866529740259666_132275507261963663_n-681x383.jpg 681w\" sizes=\"auto, (max-width: 960px) 100vw, 960px\" \/><\/p>\n<p>Con \u00e9nfasis en su perfil gastron\u00f3mico cultural, Bistr\u00f3 presentar\u00e1 este viernes un espect\u00e1culo singular que conjugar\u00e1 distintas disciplinas art\u00edsticas.<\/p>\n<p>La Noche de Arte Volumen 2 se har\u00e1 el venidero viernes 4 de marzo desde las 19.00 horas y contar\u00e1 con la participaci\u00f3n de <strong>Claudio Mart\u00edn Rosa<\/strong> en vivo, <strong>Chori y Los Comodines<\/strong> (<strong>Walter Perruolo<\/strong>, <strong>Maxi Rodriguez<\/strong>, <strong>Juan Giacoy<\/strong>, <strong>Dami\u00e1n Tessore<\/strong>) con <strong>Gustavo Villalba<\/strong> como invitado especial y el reconocido\u00a0 pl\u00e1stico <strong>C\u00e9sar Lalla<\/strong> que har\u00e1 pintura en vivo.<\/p>\n<p>Bistr\u00f3 es un\u00a0lugar que trabaja de mi\u00e9rcoles a domingo y el horario normal es de 18 horas en adelante. En la tradicional carta cuentan con una gran variedad en calidad y sabor que va desde pizzas, empanadas y hamburguesas hasta platos elaborados, entre los que el m\u00e1s solicitado es la bondiola a la ciruela con batatas en finas hierbas. Tambi\u00e9n hay sushi en noches especiales.<\/p>\n<p>Happy hours, pizza libre y m\u00e1s promociones son las que se pueden disfrutar y puede consultarse m\u00e1s info visitando las redes sociales \u201cBistro Restobar\u201d. Bistr\u00f3 est\u00e1 en la esquina de calles 26 y 41. Para reservas hay que llamar o contactarse a los siguientes n\u00fameros: 2324512044 \u00f3 2324498333.<\/p>\n<p><img loading=\"lazy\" decoding=\"async\" class=\"alignnone wp-image-85325\" src=\"https:\/\/noticiasmercedinas.com\/site\/wp-content\/uploads\/2022\/02\/c79e7ab1-4ae3-486f-9f45-174e3d5d98f2-1-576x1024.jpg\" alt=\"\" width=\"640\" height=\"1138\" srcset=\"https:\/\/noticiasmercedinas.com\/site\/wp-content\/uploads\/2022\/02\/c79e7ab1-4ae3-486f-9f45-174e3d5d98f2-1-576x1024.jpg 576w, https:\/\/noticiasmercedinas.com\/site\/wp-content\/uploads\/2022\/02\/c79e7ab1-4ae3-486f-9f45-174e3d5d98f2-1-169x300.jpg 169w, https:\/\/noticiasmercedinas.com\/site\/wp-content\/uploads\/2022\/02\/c79e7ab1-4ae3-486f-9f45-174e3d5d98f2-1-640x1138.jpg 640w, https:\/\/noticiasmercedinas.com\/site\/wp-content\/uploads\/2022\/02\/c79e7ab1-4ae3-486f-9f45-174e3d5d98f2-1-681x1211.jpg 681w, https:\/\/noticiasmercedinas.com\/site\/wp-content\/uploads\/2022\/02\/c79e7ab1-4ae3-486f-9f45-174e3d5d98f2-1.jpg 720w\" sizes=\"auto, (max-width: 640px) 100vw, 640px\" \/><\/p>\n","protected":false},"excerpt":{"rendered":"<p>\u25a0 Desde las 19 con la participaci\u00f3n de Claudio Mart\u00edn Rosa en vivo, Chori y Los Comodines con Gustavo Villalba como invitado especial y el reconocido\u00a0C\u00e9sar Lalla que har\u00e1 pintura en vivo.<\/p>\n","protected":false},"author":16,"featured_media":85326,"comment_status":"open","ping_status":"open","sticky":false,"template":"","format":"standard","meta":{"footnotes":""},"categories":[4],"tags":[190,2221,618,11349,13518,714,5722,718,1150,88,237],"class_list":["post-85324","post","type-post","status-publish","format-standard","has-post-thumbnail","hentry","category-cultura","tag-arte","tag-bistro","tag-cesar-lalla","tag-chori-y-los-comodines","tag-claudio-martin-rosa","tag-damian-tessore","tag-gustavo-villalba","tag-juan-giacoy","tag-maxi-rodriguez","tag-musica","tag-walter-perruolo"],"yoast_head":"<!-- This site is optimized with the Yoast SEO plugin v28.3 - https:\/\/yoast.com\/product\/yoast-seo-wordpress\/ -->\n<title>Este viernes habr\u00e1 &quot;Noche de Arte Volumen 2&quot; en Bistr\u00f3<\/title>\n<meta name=\"robots\" content=\"index, follow, max-snippet:-1, max-image-preview:large, max-video-preview:-1\" \/>\n<link rel=\"canonical\" href=\"https:\/\/noticiasmercedinas.com\/site\/2022\/02\/28\/este-viernes-habra-noche-de-arte-volumen-2-en-bistro\/\" \/>\n<meta property=\"og:locale\" content=\"es_ES\" \/>\n<meta property=\"og:type\" content=\"article\" \/>\n<meta property=\"og:title\" content=\"Este viernes habr\u00e1 &quot;Noche de Arte Volumen 2&quot; en Bistr\u00f3\" \/>\n<meta property=\"og:description\" content=\"\u25a0 Desde las 19 con la participaci\u00f3n de Claudio Mart\u00edn Rosa en vivo, Chori y Los Comodines con Gustavo Villalba como invitado especial y el reconocido\u00a0C\u00e9sar Lalla que har\u00e1 pintura en vivo.\" \/>\n<meta property=\"og:url\" content=\"https:\/\/noticiasmercedinas.com\/site\/2022\/02\/28\/este-viernes-habra-noche-de-arte-volumen-2-en-bistro\/\" \/>\n<meta property=\"og:site_name\" content=\"NOTICIASMERCEDINAS.COM\" \/>\n<meta property=\"article:publisher\" content=\"https:\/\/www.facebook.com\/noticiasmercedinas\/\" \/>\n<meta property=\"article:published_time\" content=\"2022-02-28T14:44:24+00:00\" \/>\n<meta property=\"article:modified_time\" content=\"2022-02-28T14:54:18+00:00\" \/>\n<meta property=\"og:image\" content=\"https:\/\/noticiasmercedinas.com\/site\/wp-content\/uploads\/2022\/02\/146163034_2866529740259666_132275507261963663_n.jpg\" \/>\n\t<meta property=\"og:image:width\" content=\"960\" \/>\n\t<meta property=\"og:image:height\" content=\"540\" \/>\n\t<meta property=\"og:image:type\" content=\"image\/jpeg\" \/>\n<meta name=\"author\" content=\"NOTICIASMERCEDINAS.COM\" \/>\n<meta name=\"twitter:card\" content=\"summary_large_image\" \/>\n<meta name=\"twitter:creator\" content=\"@notmercedinas\" \/>\n<meta name=\"twitter:site\" content=\"@notmercedinas\" \/>\n<meta name=\"twitter:label1\" content=\"Escrito por\" \/>\n\t<meta name=\"twitter:data1\" content=\"NOTICIASMERCEDINAS.COM\" \/>\n\t<meta name=\"twitter:label2\" content=\"Tiempo de lectura\" \/>\n\t<meta name=\"twitter:data2\" content=\"2 minutos\" \/>\n<script type=\"application\/ld+json\" class=\"yoast-schema-graph\">{\"@context\":\"https:\\\/\\\/schema.org\",\"@graph\":[{\"@type\":\"Article\",\"@id\":\"https:\\\/\\\/noticiasmercedinas.com\\\/site\\\/2022\\\/02\\\/28\\\/este-viernes-habra-noche-de-arte-volumen-2-en-bistro\\\/#article\",\"isPartOf\":{\"@id\":\"https:\\\/\\\/noticiasmercedinas.com\\\/site\\\/2022\\\/02\\\/28\\\/este-viernes-habra-noche-de-arte-volumen-2-en-bistro\\\/\"},\"author\":{\"name\":\"NOTICIASMERCEDINAS.COM\",\"@id\":\"https:\\\/\\\/noticiasmercedinas.com\\\/site\\\/#\\\/schema\\\/person\\\/84b59c099c28ff2e8b77d4ceec5d8063\"},\"headline\":\"Este viernes habr\u00e1 \u00abNoche de Arte Volumen 2\u00bb en Bistr\u00f3\",\"datePublished\":\"2022-02-28T14:44:24+00:00\",\"dateModified\":\"2022-02-28T14:54:18+00:00\",\"mainEntityOfPage\":{\"@id\":\"https:\\\/\\\/noticiasmercedinas.com\\\/site\\\/2022\\\/02\\\/28\\\/este-viernes-habra-noche-de-arte-volumen-2-en-bistro\\\/\"},\"wordCount\":205,\"commentCount\":0,\"publisher\":{\"@id\":\"https:\\\/\\\/noticiasmercedinas.com\\\/site\\\/#organization\"},\"image\":{\"@id\":\"https:\\\/\\\/noticiasmercedinas.com\\\/site\\\/2022\\\/02\\\/28\\\/este-viernes-habra-noche-de-arte-volumen-2-en-bistro\\\/#primaryimage\"},\"thumbnailUrl\":\"https:\\\/\\\/noticiasmercedinas.com\\\/site\\\/wp-content\\\/uploads\\\/2022\\\/02\\\/146163034_2866529740259666_132275507261963663_n.jpg\",\"keywords\":[\"arte\",\"Bistr\u00f3\",\"C\u00e9sar Lalla\",\"chori y los comodines\",\"Claudio Mart\u00edn Rosa\",\"damian tessore\",\"Gustavo Villalba\",\"juan giacoy\",\"Maxi Rodriguez\",\"musica\",\"walter perruolo\"],\"articleSection\":[\"Cultura\"],\"inLanguage\":\"es\",\"potentialAction\":[{\"@type\":\"CommentAction\",\"name\":\"Comment\",\"target\":[\"https:\\\/\\\/noticiasmercedinas.com\\\/site\\\/2022\\\/02\\\/28\\\/este-viernes-habra-noche-de-arte-volumen-2-en-bistro\\\/#respond\"]}]},{\"@type\":\"WebPage\",\"@id\":\"https:\\\/\\\/noticiasmercedinas.com\\\/site\\\/2022\\\/02\\\/28\\\/este-viernes-habra-noche-de-arte-volumen-2-en-bistro\\\/\",\"url\":\"https:\\\/\\\/noticiasmercedinas.com\\\/site\\\/2022\\\/02\\\/28\\\/este-viernes-habra-noche-de-arte-volumen-2-en-bistro\\\/\",\"name\":\"Este viernes habr\u00e1 \\\"Noche de Arte Volumen 2\\\" en Bistr\u00f3\",\"isPartOf\":{\"@id\":\"https:\\\/\\\/noticiasmercedinas.com\\\/site\\\/#website\"},\"primaryImageOfPage\":{\"@id\":\"https:\\\/\\\/noticiasmercedinas.com\\\/site\\\/2022\\\/02\\\/28\\\/este-viernes-habra-noche-de-arte-volumen-2-en-bistro\\\/#primaryimage\"},\"image\":{\"@id\":\"https:\\\/\\\/noticiasmercedinas.com\\\/site\\\/2022\\\/02\\\/28\\\/este-viernes-habra-noche-de-arte-volumen-2-en-bistro\\\/#primaryimage\"},\"thumbnailUrl\":\"https:\\\/\\\/noticiasmercedinas.com\\\/site\\\/wp-content\\\/uploads\\\/2022\\\/02\\\/146163034_2866529740259666_132275507261963663_n.jpg\",\"datePublished\":\"2022-02-28T14:44:24+00:00\",\"dateModified\":\"2022-02-28T14:54:18+00:00\",\"breadcrumb\":{\"@id\":\"https:\\\/\\\/noticiasmercedinas.com\\\/site\\\/2022\\\/02\\\/28\\\/este-viernes-habra-noche-de-arte-volumen-2-en-bistro\\\/#breadcrumb\"},\"inLanguage\":\"es\",\"potentialAction\":[{\"@type\":\"ReadAction\",\"target\":[\"https:\\\/\\\/noticiasmercedinas.com\\\/site\\\/2022\\\/02\\\/28\\\/este-viernes-habra-noche-de-arte-volumen-2-en-bistro\\\/\"]}]},{\"@type\":\"ImageObject\",\"inLanguage\":\"es\",\"@id\":\"https:\\\/\\\/noticiasmercedinas.com\\\/site\\\/2022\\\/02\\\/28\\\/este-viernes-habra-noche-de-arte-volumen-2-en-bistro\\\/#primaryimage\",\"url\":\"https:\\\/\\\/noticiasmercedinas.com\\\/site\\\/wp-content\\\/uploads\\\/2022\\\/02\\\/146163034_2866529740259666_132275507261963663_n.jpg\",\"contentUrl\":\"https:\\\/\\\/noticiasmercedinas.com\\\/site\\\/wp-content\\\/uploads\\\/2022\\\/02\\\/146163034_2866529740259666_132275507261963663_n.jpg\",\"width\":960,\"height\":540},{\"@type\":\"BreadcrumbList\",\"@id\":\"https:\\\/\\\/noticiasmercedinas.com\\\/site\\\/2022\\\/02\\\/28\\\/este-viernes-habra-noche-de-arte-volumen-2-en-bistro\\\/#breadcrumb\",\"itemListElement\":[{\"@type\":\"ListItem\",\"position\":1,\"name\":\"Portada\",\"item\":\"https:\\\/\\\/noticiasmercedinas.com\\\/site\\\/\"},{\"@type\":\"ListItem\",\"position\":2,\"name\":\"Este viernes habr\u00e1 \u00abNoche de Arte Volumen 2\u00bb en Bistr\u00f3\"}]},{\"@type\":\"WebSite\",\"@id\":\"https:\\\/\\\/noticiasmercedinas.com\\\/site\\\/#website\",\"url\":\"https:\\\/\\\/noticiasmercedinas.com\\\/site\\\/\",\"name\":\"NOTICIASMERCEDINAS.COM\",\"description\":\"Mercedes, Buenos Aires, Argentina\",\"publisher\":{\"@id\":\"https:\\\/\\\/noticiasmercedinas.com\\\/site\\\/#organization\"},\"potentialAction\":[{\"@type\":\"SearchAction\",\"target\":{\"@type\":\"EntryPoint\",\"urlTemplate\":\"https:\\\/\\\/noticiasmercedinas.com\\\/site\\\/?s={search_term_string}\"},\"query-input\":{\"@type\":\"PropertyValueSpecification\",\"valueRequired\":true,\"valueName\":\"search_term_string\"}}],\"inLanguage\":\"es\"},{\"@type\":\"Organization\",\"@id\":\"https:\\\/\\\/noticiasmercedinas.com\\\/site\\\/#organization\",\"name\":\"NOTICIASMERCEDINAS.COM\",\"url\":\"https:\\\/\\\/noticiasmercedinas.com\\\/site\\\/\",\"logo\":{\"@type\":\"ImageObject\",\"inLanguage\":\"es\",\"@id\":\"https:\\\/\\\/noticiasmercedinas.com\\\/site\\\/#\\\/schema\\\/logo\\\/image\\\/\",\"url\":\"https:\\\/\\\/noticiasmercedinas.com\\\/site\\\/wp-content\\\/uploads\\\/2020\\\/06\\\/LOGO-512.jpg\",\"contentUrl\":\"https:\\\/\\\/noticiasmercedinas.com\\\/site\\\/wp-content\\\/uploads\\\/2020\\\/06\\\/LOGO-512.jpg\",\"width\":512,\"height\":512,\"caption\":\"NOTICIASMERCEDINAS.COM\"},\"image\":{\"@id\":\"https:\\\/\\\/noticiasmercedinas.com\\\/site\\\/#\\\/schema\\\/logo\\\/image\\\/\"},\"sameAs\":[\"https:\\\/\\\/www.facebook.com\\\/noticiasmercedinas\\\/\",\"https:\\\/\\\/x.com\\\/notmercedinas\",\"https:\\\/\\\/www.instagram.com\\\/noticiasmercedinas\\\/\"]},{\"@type\":\"Person\",\"@id\":\"https:\\\/\\\/noticiasmercedinas.com\\\/site\\\/#\\\/schema\\\/person\\\/84b59c099c28ff2e8b77d4ceec5d8063\",\"name\":\"NOTICIASMERCEDINAS.COM\",\"image\":{\"@type\":\"ImageObject\",\"inLanguage\":\"es\",\"@id\":\"https:\\\/\\\/secure.gravatar.com\\\/avatar\\\/4dfbf16b4d17945bfb6341b2d19043457132fcf478a5ee04f42e959fd8f5df0a?s=96&d=mm&r=g\",\"url\":\"https:\\\/\\\/secure.gravatar.com\\\/avatar\\\/4dfbf16b4d17945bfb6341b2d19043457132fcf478a5ee04f42e959fd8f5df0a?s=96&d=mm&r=g\",\"contentUrl\":\"https:\\\/\\\/secure.gravatar.com\\\/avatar\\\/4dfbf16b4d17945bfb6341b2d19043457132fcf478a5ee04f42e959fd8f5df0a?s=96&d=mm&r=g\",\"caption\":\"NOTICIASMERCEDINAS.COM\"},\"url\":\"https:\\\/\\\/noticiasmercedinas.com\\\/site\\\/author\\\/anonimo\\\/\"}]}<\/script>\n<!-- \/ Yoast SEO plugin. -->","yoast_head_json":{"title":"Este viernes habr\u00e1 \"Noche de Arte Volumen 2\" en Bistr\u00f3","robots":{"index":"index","follow":"follow","max-snippet":"max-snippet:-1","max-image-preview":"max-image-preview:large","max-video-preview":"max-video-preview:-1"},"canonical":"https:\/\/noticiasmercedinas.com\/site\/2022\/02\/28\/este-viernes-habra-noche-de-arte-volumen-2-en-bistro\/","og_locale":"es_ES","og_type":"article","og_title":"Este viernes habr\u00e1 \"Noche de Arte Volumen 2\" en Bistr\u00f3","og_description":"\u25a0 Desde las 19 con la participaci\u00f3n de Claudio Mart\u00edn Rosa en vivo, Chori y Los Comodines con Gustavo Villalba como invitado especial y el reconocido\u00a0C\u00e9sar Lalla que har\u00e1 pintura en vivo.","og_url":"https:\/\/noticiasmercedinas.com\/site\/2022\/02\/28\/este-viernes-habra-noche-de-arte-volumen-2-en-bistro\/","og_site_name":"NOTICIASMERCEDINAS.COM","article_publisher":"https:\/\/www.facebook.com\/noticiasmercedinas\/","article_published_time":"2022-02-28T14:44:24+00:00","article_modified_time":"2022-02-28T14:54:18+00:00","og_image":[{"width":960,"height":540,"url":"https:\/\/noticiasmercedinas.com\/site\/wp-content\/uploads\/2022\/02\/146163034_2866529740259666_132275507261963663_n.jpg","type":"image\/jpeg"}],"author":"NOTICIASMERCEDINAS.COM","twitter_card":"summary_large_image","twitter_creator":"@notmercedinas","twitter_site":"@notmercedinas","twitter_misc":{"Escrito por":"NOTICIASMERCEDINAS.COM","Tiempo de lectura":"2 minutos"},"schema":{"@context":"https:\/\/schema.org","@graph":[{"@type":"Article","@id":"https:\/\/noticiasmercedinas.com\/site\/2022\/02\/28\/este-viernes-habra-noche-de-arte-volumen-2-en-bistro\/#article","isPartOf":{"@id":"https:\/\/noticiasmercedinas.com\/site\/2022\/02\/28\/este-viernes-habra-noche-de-arte-volumen-2-en-bistro\/"},"author":{"name":"NOTICIASMERCEDINAS.COM","@id":"https:\/\/noticiasmercedinas.com\/site\/#\/schema\/person\/84b59c099c28ff2e8b77d4ceec5d8063"},"headline":"Este viernes habr\u00e1 \u00abNoche de Arte Volumen 2\u00bb en Bistr\u00f3","datePublished":"2022-02-28T14:44:24+00:00","dateModified":"2022-02-28T14:54:18+00:00","mainEntityOfPage":{"@id":"https:\/\/noticiasmercedinas.com\/site\/2022\/02\/28\/este-viernes-habra-noche-de-arte-volumen-2-en-bistro\/"},"wordCount":205,"commentCount":0,"publisher":{"@id":"https:\/\/noticiasmercedinas.com\/site\/#organization"},"image":{"@id":"https:\/\/noticiasmercedinas.com\/site\/2022\/02\/28\/este-viernes-habra-noche-de-arte-volumen-2-en-bistro\/#primaryimage"},"thumbnailUrl":"https:\/\/noticiasmercedinas.com\/site\/wp-content\/uploads\/2022\/02\/146163034_2866529740259666_132275507261963663_n.jpg","keywords":["arte","Bistr\u00f3","C\u00e9sar Lalla","chori y los comodines","Claudio Mart\u00edn Rosa","damian tessore","Gustavo Villalba","juan giacoy","Maxi Rodriguez","musica","walter perruolo"],"articleSection":["Cultura"],"inLanguage":"es","potentialAction":[{"@type":"CommentAction","name":"Comment","target":["https:\/\/noticiasmercedinas.com\/site\/2022\/02\/28\/este-viernes-habra-noche-de-arte-volumen-2-en-bistro\/#respond"]}]},{"@type":"WebPage","@id":"https:\/\/noticiasmercedinas.com\/site\/2022\/02\/28\/este-viernes-habra-noche-de-arte-volumen-2-en-bistro\/","url":"https:\/\/noticiasmercedinas.com\/site\/2022\/02\/28\/este-viernes-habra-noche-de-arte-volumen-2-en-bistro\/","name":"Este viernes habr\u00e1 \"Noche de Arte Volumen 2\" en Bistr\u00f3","isPartOf":{"@id":"https:\/\/noticiasmercedinas.com\/site\/#website"},"primaryImageOfPage":{"@id":"https:\/\/noticiasmercedinas.com\/site\/2022\/02\/28\/este-viernes-habra-noche-de-arte-volumen-2-en-bistro\/#primaryimage"},"image":{"@id":"https:\/\/noticiasmercedinas.com\/site\/2022\/02\/28\/este-viernes-habra-noche-de-arte-volumen-2-en-bistro\/#primaryimage"},"thumbnailUrl":"https:\/\/noticiasmercedinas.com\/site\/wp-content\/uploads\/2022\/02\/146163034_2866529740259666_132275507261963663_n.jpg","datePublished":"2022-02-28T14:44:24+00:00","dateModified":"2022-02-28T14:54:18+00:00","breadcrumb":{"@id":"https:\/\/noticiasmercedinas.com\/site\/2022\/02\/28\/este-viernes-habra-noche-de-arte-volumen-2-en-bistro\/#breadcrumb"},"inLanguage":"es","potentialAction":[{"@type":"ReadAction","target":["https:\/\/noticiasmercedinas.com\/site\/2022\/02\/28\/este-viernes-habra-noche-de-arte-volumen-2-en-bistro\/"]}]},{"@type":"ImageObject","inLanguage":"es","@id":"https:\/\/noticiasmercedinas.com\/site\/2022\/02\/28\/este-viernes-habra-noche-de-arte-volumen-2-en-bistro\/#primaryimage","url":"https:\/\/noticiasmercedinas.com\/site\/wp-content\/uploads\/2022\/02\/146163034_2866529740259666_132275507261963663_n.jpg","contentUrl":"https:\/\/noticiasmercedinas.com\/site\/wp-content\/uploads\/2022\/02\/146163034_2866529740259666_132275507261963663_n.jpg","width":960,"height":540},{"@type":"BreadcrumbList","@id":"https:\/\/noticiasmercedinas.com\/site\/2022\/02\/28\/este-viernes-habra-noche-de-arte-volumen-2-en-bistro\/#breadcrumb","itemListElement":[{"@type":"ListItem","position":1,"name":"Portada","item":"https:\/\/noticiasmercedinas.com\/site\/"},{"@type":"ListItem","position":2,"name":"Este viernes habr\u00e1 \u00abNoche de Arte Volumen 2\u00bb en Bistr\u00f3"}]},{"@type":"WebSite","@id":"https:\/\/noticiasmercedinas.com\/site\/#website","url":"https:\/\/noticiasmercedinas.com\/site\/","name":"NOTICIASMERCEDINAS.COM","description":"Mercedes, Buenos Aires, Argentina","publisher":{"@id":"https:\/\/noticiasmercedinas.com\/site\/#organization"},"potentialAction":[{"@type":"SearchAction","target":{"@type":"EntryPoint","urlTemplate":"https:\/\/noticiasmercedinas.com\/site\/?s={search_term_string}"},"query-input":{"@type":"PropertyValueSpecification","valueRequired":true,"valueName":"search_term_string"}}],"inLanguage":"es"},{"@type":"Organization","@id":"https:\/\/noticiasmercedinas.com\/site\/#organization","name":"NOTICIASMERCEDINAS.COM","url":"https:\/\/noticiasmercedinas.com\/site\/","logo":{"@type":"ImageObject","inLanguage":"es","@id":"https:\/\/noticiasmercedinas.com\/site\/#\/schema\/logo\/image\/","url":"https:\/\/noticiasmercedinas.com\/site\/wp-content\/uploads\/2020\/06\/LOGO-512.jpg","contentUrl":"https:\/\/noticiasmercedinas.com\/site\/wp-content\/uploads\/2020\/06\/LOGO-512.jpg","width":512,"height":512,"caption":"NOTICIASMERCEDINAS.COM"},"image":{"@id":"https:\/\/noticiasmercedinas.com\/site\/#\/schema\/logo\/image\/"},"sameAs":["https:\/\/www.facebook.com\/noticiasmercedinas\/","https:\/\/x.com\/notmercedinas","https:\/\/www.instagram.com\/noticiasmercedinas\/"]},{"@type":"Person","@id":"https:\/\/noticiasmercedinas.com\/site\/#\/schema\/person\/84b59c099c28ff2e8b77d4ceec5d8063","name":"NOTICIASMERCEDINAS.COM","image":{"@type":"ImageObject","inLanguage":"es","@id":"https:\/\/secure.gravatar.com\/avatar\/4dfbf16b4d17945bfb6341b2d19043457132fcf478a5ee04f42e959fd8f5df0a?s=96&d=mm&r=g","url":"https:\/\/secure.gravatar.com\/avatar\/4dfbf16b4d17945bfb6341b2d19043457132fcf478a5ee04f42e959fd8f5df0a?s=96&d=mm&r=g","contentUrl":"https:\/\/secure.gravatar.com\/avatar\/4dfbf16b4d17945bfb6341b2d19043457132fcf478a5ee04f42e959fd8f5df0a?s=96&d=mm&r=g","caption":"NOTICIASMERCEDINAS.COM"},"url":"https:\/\/noticiasmercedinas.com\/site\/author\/anonimo\/"}]}},"amp_enabled":true,"_links":{"self":[{"href":"https:\/\/noticiasmercedinas.com\/site\/wp-json\/wp\/v2\/posts\/85324","targetHints":{"allow":["GET"]}}],"collection":[{"href":"https:\/\/noticiasmercedinas.com\/site\/wp-json\/wp\/v2\/posts"}],"about":[{"href":"https:\/\/noticiasmercedinas.com\/site\/wp-json\/wp\/v2\/types\/post"}],"author":[{"embeddable":true,"href":"https:\/\/noticiasmercedinas.com\/site\/wp-json\/wp\/v2\/users\/16"}],"replies":[{"embeddable":true,"href":"https:\/\/noticiasmercedinas.com\/site\/wp-json\/wp\/v2\/comments?post=85324"}],"version-history":[{"count":2,"href":"https:\/\/noticiasmercedinas.com\/site\/wp-json\/wp\/v2\/posts\/85324\/revisions"}],"predecessor-version":[{"id":85329,"href":"https:\/\/noticiasmercedinas.com\/site\/wp-json\/wp\/v2\/posts\/85324\/revisions\/85329"}],"wp:featuredmedia":[{"embeddable":true,"href":"https:\/\/noticiasmercedinas.com\/site\/wp-json\/wp\/v2\/media\/85326"}],"wp:attachment":[{"href":"https:\/\/noticiasmercedinas.com\/site\/wp-json\/wp\/v2\/media?parent=85324"}],"wp:term":[{"taxonomy":"category","embeddable":true,"href":"https:\/\/noticiasmercedinas.com\/site\/wp-json\/wp\/v2\/categories?post=85324"},{"taxonomy":"post_tag","embeddable":true,"href":"https:\/\/noticiasmercedinas.com\/site\/wp-json\/wp\/v2\/tags?post=85324"}],"curies":[{"name":"wp","href":"https:\/\/api.w.org\/{rel}","templated":true}]}}