{"id":85403,"date":"2022-03-01T20:52:29","date_gmt":"2022-03-01T23:52:29","guid":{"rendered":"https:\/\/noticiasmercedinas.com\/site\/?p=85403"},"modified":"2022-03-01T20:52:29","modified_gmt":"2022-03-01T23:52:29","slug":"como-llevar-ropa-deportiva-y-tener-un-look-ideal-incluso-fuera-del-gimnasio","status":"publish","type":"post","link":"https:\/\/noticiasmercedinas.com\/site\/2022\/03\/01\/como-llevar-ropa-deportiva-y-tener-un-look-ideal-incluso-fuera-del-gimnasio\/","title":{"rendered":"C\u00f3mo llevar ropa deportiva y tener un look ideal incluso fuera del gimnasio\u00a0"},"content":{"rendered":"<p><img loading=\"lazy\" decoding=\"async\" class=\"alignnone size-full wp-image-85404\" src=\"https:\/\/noticiasmercedinas.com\/site\/wp-content\/uploads\/2022\/03\/imageaa.jpg\" alt=\"\" width=\"640\" height=\"427\" srcset=\"https:\/\/noticiasmercedinas.com\/site\/wp-content\/uploads\/2022\/03\/imageaa.jpg 640w, https:\/\/noticiasmercedinas.com\/site\/wp-content\/uploads\/2022\/03\/imageaa-300x200.jpg 300w\" sizes=\"auto, (max-width: 640px) 100vw, 640px\" \/><\/p>\n<p><b>\u00a0<\/b><span style=\"font-weight: 400;\">En los \u00faltimos tiempos hemos aprendido que no hay nada como ir c\u00f3modo. El momento de \u201cM\u00e1s vale muerta que sencilla\u201d ha pasado a un segundo lugar, aunque, por supuesto, todo depende de la ocasi\u00f3n.<\/span><\/p>\n<p><span style=\"font-weight: 400;\">Adem\u00e1s de que se impone la <\/span><b>comodidad, l<\/b><span style=\"font-weight: 400;\">os fabricantes de ropa deportiva se han puesto las pilas y est\u00e1n dise\u00f1ando ropa que sienta bien y que modela la figura. Otro de los motivos por los que la <\/span><b>moda deportiva<\/b><span style=\"font-weight: 400;\"> triunfa es porque las marcas apuestan por la <\/span><b>fabricaci\u00f3n sostenible,<\/b><span style=\"font-weight: 400;\"> con materiales reciclados pero de alta calidad. Vamos, que lejos quedaron los tiempos del ch\u00e1ndal liso o a rayas para los entrenamientos; ahora las combinaciones de colores, texturas, estampados y tejidos son tan variadas como\u00a0 las <\/span><b>distintas l\u00edneas<\/b> <b>y<\/b> <b>colecciones.<\/b><span style=\"font-weight: 400;\"> Este nuevo uso de la ropa deportiva para vestir en el d\u00eda a d\u00eda se ha bautizado con el nombre de Athleisure. A continuaci\u00f3n te damos algunas de sus claves y si necesitas hacerte con alguna prenda para tu<\/span><i><span style=\"font-weight: 400;\"> look<\/span><\/i><span style=\"font-weight: 400;\"> \u201catl\u00e9tico\u201d<\/span><a href=\"https:\/\/www.bravodescuento.es\/codigo-descuento-under-armour.html\"> <span style=\"font-weight: 400;\">utiliza este c\u00f3digo de descuento de Under Armour<\/span><\/a><span style=\"font-weight: 400;\"> y te lo llevar\u00e1s por menos, que siempre viene bien.<\/span><\/p>\n<p><span style=\"font-weight: 400;\">Cada persona tiene su estilo propio y tambi\u00e9n sus preferencias. Quien prefiere los <\/span><i><span style=\"font-weight: 400;\">leggins<\/span><\/i><span style=\"font-weight: 400;\"> y quien los pantalones de algod\u00f3n, quien va siempre con tonos neutros, como el azul marino, el gris y el negro, y quien adora el animal print, los estampados vistosos y los colores fl\u00faor. Todo ello est\u00e1 bien, porque ir a gusto es lo m\u00e1s importante, pero es que adem\u00e1s, el Athleisure, para ellos y ellas, no tiene reglas. <\/span><b>El secreto est\u00e1 en combinar, <\/b><span style=\"font-weight: 400;\">en saber llevar la ropa de modo <\/span><i><span style=\"font-weight: 400;\">cool.<\/span><\/i><\/p>\n<p><span style=\"font-weight: 400;\">Estos consejos te ayudar\u00e1n a conseguir el mejor <\/span><i><span style=\"font-weight: 400;\">look<\/span><\/i><span style=\"font-weight: 400;\"> deportivo.<\/span><\/p>\n<ul>\n<li style=\"font-weight: 400;\" aria-level=\"1\"><b>Las mallas negras<\/b><\/li>\n<\/ul>\n<p><span style=\"font-weight: 400;\">Los <\/span><i><span style=\"font-weight: 400;\">leggins<\/span><\/i><span style=\"font-weight: 400;\"> negros son la nueva prenda b\u00e1sica que no puede faltar en tu armario, y no solo para hacer deporte. Puedes combinarlos con una simple camiseta y una <\/span><i><span style=\"font-weight: 400;\">blazer<\/span><\/i><span style=\"font-weight: 400;\"> y tacones y tendr\u00e1s un aire sofisticado. Las combinaciones son m\u00faltiples e incluso puedes usar los<\/span><i><span style=\"font-weight: 400;\"> bikers<\/span><\/i><span style=\"font-weight: 400;\"> negros, a media pierna. Otra variante es usar los pantalones para practicar yoga, que tambi\u00e9n son ce\u00f1idos y cuyas costuras reforzadas realzar\u00e1n tu figura.<\/span><\/p>\n<ul>\n<li aria-level=\"1\"><b>Una gorra<\/b><\/li>\n<\/ul>\n<p><span style=\"font-weight: 400;\">La gorra dar\u00e1 un toque indudablemente deportivo a tu<\/span><i><span style=\"font-weight: 400;\"> look.<\/span><\/i><span style=\"font-weight: 400;\"> Es un accesorio visible, que modificar\u00e1 tu <\/span><i><span style=\"font-weight: 400;\">outfit <\/span><\/i><span style=\"font-weight: 400;\">y que, adem\u00e1s, te proteger\u00e1 del sol. Ya no hay problema con llevar una camisa de vestir con una visera.<\/span><\/p>\n<ul>\n<li aria-level=\"1\"><b>Las zapatillas\u00a0<\/b><\/li>\n<\/ul>\n<p><span style=\"font-weight: 400;\">Son un elemento imprescindible. Llevar prendas de vestir o incluso un traje con zapatillas es algo ya habitual. Basta poco para conseguir un <\/span><i><span style=\"font-weight: 400;\">look<\/span><\/i><span style=\"font-weight: 400;\"> deportivo, \u00a1y para salir corriendo!<\/span><\/p>\n<ul>\n<li aria-level=\"1\"><b>Los calcetines cl\u00e1sicos de media ca\u00f1a<\/b><\/li>\n<\/ul>\n<p><span style=\"font-weight: 400;\">Es la nueva tendencia; pero no llev\u00e1ndolos por debajo de los<\/span><a href=\"https:\/\/www.cutypaste.com\/tag\/historia-de-los-leggings\/\"> <span style=\"font-weight: 400;\">leggins<\/span><\/a><span style=\"font-weight: 400;\">, sino por encima. Es una cuesti\u00f3n de gustos, y de modas.\u00a0<\/span><\/p>\n<ul>\n<li aria-level=\"1\"><b>Las sudaderas<\/b><\/li>\n<\/ul>\n<p><span style=\"font-weight: 400;\">S\u00ed o s\u00ed. Con unos vaqueros, con una falda, con unos pantalones de vestir\u2026 \u00a1Combinan con todo! Con capucha o sin ella, las hay muy variadas y podr\u00e1s crear mil atuendos distintos. Con el color negro y el blanco, como imaginas, ganar\u00e1s discreci\u00f3n y elegancia, pero atr\u00e9vete con otros colores y crea <\/span><i><span style=\"font-weight: 400;\">looks<\/span><\/i><span style=\"font-weight: 400;\"> m\u00e1s divertidos.<\/span><\/p>\n<ul>\n<li aria-level=\"1\"><b>Los colores neutros<\/b><\/li>\n<\/ul>\n<p><span style=\"font-weight: 400;\">Las prendas de colores neutros son siempre m\u00e1s f\u00e1ciles de combinar. Te aconsejamos que no falten en tu armario. A\u00f1ade la nota de color con un top o los complementos.<\/span><\/p>\n<ul>\n<li aria-level=\"1\"><b>La camisa<\/b><\/li>\n<\/ul>\n<p><span style=\"font-weight: 400;\">Una prenda clave tambi\u00e9n en el arte de combinar es la camisa. Puedes llevarla desabrochada con una camiseta o top por debajo, tambi\u00e9n puedes llevarla atada, con un aire m\u00e1s juvenil. Ese juego de la sobrecamisa sin duda jugar\u00e1 a tu favor para un<\/span><i><span style=\"font-weight: 400;\"> look<\/span><\/i><span style=\"font-weight: 400;\"> informal.<\/span><\/p>\n<ul>\n<li aria-level=\"1\"><b>Las <\/b><b><i>blazers <\/i><\/b><b>m\u00e1s bien amplias y los abrigos<\/b><\/li>\n<\/ul>\n<p><span style=\"font-weight: 400;\">Obrar\u00e1n milagros a la hora de vestir ropa deportiva. Ya hab\u00edamos mencionado lo bien que quedan con los <\/span><i><span style=\"font-weight: 400;\">leggins,<\/span><\/i><span style=\"font-weight: 400;\"> pero haz la prueba con los pantalones de ch\u00e1ndal, \u00a1tambi\u00e9n funciona!<\/span><\/p>\n<p><span style=\"font-weight: 400;\">\u00a0<\/span><\/p>\n<p><span style=\"font-weight: 400;\">Como te dec\u00edamos, el<\/span><a href=\"https:\/\/www.vogue.mx\/moda\/articulo\/la-diferencia-entre-ropa-deportiva-y-athleisure\"> <span style=\"font-weight: 400;\">Athleisure<\/span><\/a><span style=\"font-weight: 400;\"> consiste en combinar prendas deportivas con accesorios, prendas y detalles m\u00e1s de vestir. Te hemos dado unos consejos, pero el l\u00edmite lo pones t\u00fa.<\/span><\/p>\n","protected":false},"excerpt":{"rendered":"<p>\u00a0En los \u00faltimos tiempos hemos aprendido que no hay nada como ir c\u00f3modo. El momento de \u201cM\u00e1s vale muerta que sencilla\u201d ha pasado a un segundo lugar, aunque, por supuesto, todo depende de la ocasi\u00f3n. Adem\u00e1s de que se impone la comodidad, los fabricantes de ropa deportiva se han puesto las pilas y est\u00e1n dise\u00f1ando [&hellip;]<\/p>\n","protected":false},"author":16,"featured_media":85404,"comment_status":"open","ping_status":"open","sticky":false,"template":"","format":"standard","meta":{"footnotes":""},"categories":[8992],"tags":[1355],"class_list":["post-85403","post","type-post","status-publish","format-standard","has-post-thumbnail","hentry","category-bienestar","tag-ropa-deportiva"],"yoast_head":"<!-- This site is optimized with the Yoast SEO plugin v28.3 - https:\/\/yoast.com\/product\/yoast-seo-wordpress\/ -->\n<title>C\u00f3mo llevar ropa deportiva y tener un look ideal incluso fuera del gimnasio\u00a0<\/title>\n<meta name=\"robots\" content=\"index, follow, max-snippet:-1, max-image-preview:large, max-video-preview:-1\" \/>\n<link rel=\"canonical\" href=\"https:\/\/noticiasmercedinas.com\/site\/2022\/03\/01\/como-llevar-ropa-deportiva-y-tener-un-look-ideal-incluso-fuera-del-gimnasio\/\" \/>\n<meta property=\"og:locale\" content=\"es_ES\" \/>\n<meta property=\"og:type\" content=\"article\" \/>\n<meta property=\"og:title\" content=\"C\u00f3mo llevar ropa deportiva y tener un look ideal incluso fuera del gimnasio\u00a0\" \/>\n<meta property=\"og:description\" content=\"\u00a0En los \u00faltimos tiempos hemos aprendido que no hay nada como ir c\u00f3modo. El momento de \u201cM\u00e1s vale muerta que sencilla\u201d ha pasado a un segundo lugar, aunque, por supuesto, todo depende de la ocasi\u00f3n. Adem\u00e1s de que se impone la comodidad, los fabricantes de ropa deportiva se han puesto las pilas y est\u00e1n dise\u00f1ando [&hellip;]\" \/>\n<meta property=\"og:url\" content=\"https:\/\/noticiasmercedinas.com\/site\/2022\/03\/01\/como-llevar-ropa-deportiva-y-tener-un-look-ideal-incluso-fuera-del-gimnasio\/\" \/>\n<meta property=\"og:site_name\" content=\"NOTICIASMERCEDINAS.COM\" \/>\n<meta property=\"article:publisher\" content=\"https:\/\/www.facebook.com\/noticiasmercedinas\/\" \/>\n<meta property=\"article:published_time\" content=\"2022-03-01T23:52:29+00:00\" \/>\n<meta property=\"og:image\" content=\"https:\/\/noticiasmercedinas.com\/site\/wp-content\/uploads\/2022\/03\/imageaa.jpg\" \/>\n\t<meta property=\"og:image:width\" content=\"640\" \/>\n\t<meta property=\"og:image:height\" content=\"427\" \/>\n\t<meta property=\"og:image:type\" content=\"image\/jpeg\" \/>\n<meta name=\"author\" content=\"NOTICIASMERCEDINAS.COM\" \/>\n<meta name=\"twitter:card\" content=\"summary_large_image\" \/>\n<meta name=\"twitter:creator\" content=\"@notmercedinas\" \/>\n<meta name=\"twitter:site\" content=\"@notmercedinas\" \/>\n<meta name=\"twitter:label1\" content=\"Escrito por\" \/>\n\t<meta name=\"twitter:data1\" content=\"NOTICIASMERCEDINAS.COM\" \/>\n\t<meta name=\"twitter:label2\" content=\"Tiempo de lectura\" \/>\n\t<meta name=\"twitter:data2\" content=\"4 minutos\" \/>\n<script type=\"application\/ld+json\" class=\"yoast-schema-graph\">{\"@context\":\"https:\\\/\\\/schema.org\",\"@graph\":[{\"@type\":\"Article\",\"@id\":\"https:\\\/\\\/noticiasmercedinas.com\\\/site\\\/2022\\\/03\\\/01\\\/como-llevar-ropa-deportiva-y-tener-un-look-ideal-incluso-fuera-del-gimnasio\\\/#article\",\"isPartOf\":{\"@id\":\"https:\\\/\\\/noticiasmercedinas.com\\\/site\\\/2022\\\/03\\\/01\\\/como-llevar-ropa-deportiva-y-tener-un-look-ideal-incluso-fuera-del-gimnasio\\\/\"},\"author\":{\"name\":\"NOTICIASMERCEDINAS.COM\",\"@id\":\"https:\\\/\\\/noticiasmercedinas.com\\\/site\\\/#\\\/schema\\\/person\\\/84b59c099c28ff2e8b77d4ceec5d8063\"},\"headline\":\"C\u00f3mo llevar ropa deportiva y tener un look ideal incluso fuera del gimnasio\u00a0\",\"datePublished\":\"2022-03-01T23:52:29+00:00\",\"mainEntityOfPage\":{\"@id\":\"https:\\\/\\\/noticiasmercedinas.com\\\/site\\\/2022\\\/03\\\/01\\\/como-llevar-ropa-deportiva-y-tener-un-look-ideal-incluso-fuera-del-gimnasio\\\/\"},\"wordCount\":724,\"commentCount\":0,\"publisher\":{\"@id\":\"https:\\\/\\\/noticiasmercedinas.com\\\/site\\\/#organization\"},\"image\":{\"@id\":\"https:\\\/\\\/noticiasmercedinas.com\\\/site\\\/2022\\\/03\\\/01\\\/como-llevar-ropa-deportiva-y-tener-un-look-ideal-incluso-fuera-del-gimnasio\\\/#primaryimage\"},\"thumbnailUrl\":\"https:\\\/\\\/noticiasmercedinas.com\\\/site\\\/wp-content\\\/uploads\\\/2022\\\/03\\\/imageaa.jpg\",\"keywords\":[\"ropa deportiva\"],\"articleSection\":[\"Bienestar\"],\"inLanguage\":\"es\",\"potentialAction\":[{\"@type\":\"CommentAction\",\"name\":\"Comment\",\"target\":[\"https:\\\/\\\/noticiasmercedinas.com\\\/site\\\/2022\\\/03\\\/01\\\/como-llevar-ropa-deportiva-y-tener-un-look-ideal-incluso-fuera-del-gimnasio\\\/#respond\"]}]},{\"@type\":\"WebPage\",\"@id\":\"https:\\\/\\\/noticiasmercedinas.com\\\/site\\\/2022\\\/03\\\/01\\\/como-llevar-ropa-deportiva-y-tener-un-look-ideal-incluso-fuera-del-gimnasio\\\/\",\"url\":\"https:\\\/\\\/noticiasmercedinas.com\\\/site\\\/2022\\\/03\\\/01\\\/como-llevar-ropa-deportiva-y-tener-un-look-ideal-incluso-fuera-del-gimnasio\\\/\",\"name\":\"C\u00f3mo llevar ropa deportiva y tener un look ideal incluso fuera del gimnasio\u00a0\",\"isPartOf\":{\"@id\":\"https:\\\/\\\/noticiasmercedinas.com\\\/site\\\/#website\"},\"primaryImageOfPage\":{\"@id\":\"https:\\\/\\\/noticiasmercedinas.com\\\/site\\\/2022\\\/03\\\/01\\\/como-llevar-ropa-deportiva-y-tener-un-look-ideal-incluso-fuera-del-gimnasio\\\/#primaryimage\"},\"image\":{\"@id\":\"https:\\\/\\\/noticiasmercedinas.com\\\/site\\\/2022\\\/03\\\/01\\\/como-llevar-ropa-deportiva-y-tener-un-look-ideal-incluso-fuera-del-gimnasio\\\/#primaryimage\"},\"thumbnailUrl\":\"https:\\\/\\\/noticiasmercedinas.com\\\/site\\\/wp-content\\\/uploads\\\/2022\\\/03\\\/imageaa.jpg\",\"datePublished\":\"2022-03-01T23:52:29+00:00\",\"breadcrumb\":{\"@id\":\"https:\\\/\\\/noticiasmercedinas.com\\\/site\\\/2022\\\/03\\\/01\\\/como-llevar-ropa-deportiva-y-tener-un-look-ideal-incluso-fuera-del-gimnasio\\\/#breadcrumb\"},\"inLanguage\":\"es\",\"potentialAction\":[{\"@type\":\"ReadAction\",\"target\":[\"https:\\\/\\\/noticiasmercedinas.com\\\/site\\\/2022\\\/03\\\/01\\\/como-llevar-ropa-deportiva-y-tener-un-look-ideal-incluso-fuera-del-gimnasio\\\/\"]}]},{\"@type\":\"ImageObject\",\"inLanguage\":\"es\",\"@id\":\"https:\\\/\\\/noticiasmercedinas.com\\\/site\\\/2022\\\/03\\\/01\\\/como-llevar-ropa-deportiva-y-tener-un-look-ideal-incluso-fuera-del-gimnasio\\\/#primaryimage\",\"url\":\"https:\\\/\\\/noticiasmercedinas.com\\\/site\\\/wp-content\\\/uploads\\\/2022\\\/03\\\/imageaa.jpg\",\"contentUrl\":\"https:\\\/\\\/noticiasmercedinas.com\\\/site\\\/wp-content\\\/uploads\\\/2022\\\/03\\\/imageaa.jpg\",\"width\":640,\"height\":427},{\"@type\":\"BreadcrumbList\",\"@id\":\"https:\\\/\\\/noticiasmercedinas.com\\\/site\\\/2022\\\/03\\\/01\\\/como-llevar-ropa-deportiva-y-tener-un-look-ideal-incluso-fuera-del-gimnasio\\\/#breadcrumb\",\"itemListElement\":[{\"@type\":\"ListItem\",\"position\":1,\"name\":\"Portada\",\"item\":\"https:\\\/\\\/noticiasmercedinas.com\\\/site\\\/\"},{\"@type\":\"ListItem\",\"position\":2,\"name\":\"C\u00f3mo llevar ropa deportiva y tener un look ideal incluso fuera del gimnasio\u00a0\"}]},{\"@type\":\"WebSite\",\"@id\":\"https:\\\/\\\/noticiasmercedinas.com\\\/site\\\/#website\",\"url\":\"https:\\\/\\\/noticiasmercedinas.com\\\/site\\\/\",\"name\":\"NOTICIASMERCEDINAS.COM\",\"description\":\"Mercedes, Buenos Aires, Argentina\",\"publisher\":{\"@id\":\"https:\\\/\\\/noticiasmercedinas.com\\\/site\\\/#organization\"},\"potentialAction\":[{\"@type\":\"SearchAction\",\"target\":{\"@type\":\"EntryPoint\",\"urlTemplate\":\"https:\\\/\\\/noticiasmercedinas.com\\\/site\\\/?s={search_term_string}\"},\"query-input\":{\"@type\":\"PropertyValueSpecification\",\"valueRequired\":true,\"valueName\":\"search_term_string\"}}],\"inLanguage\":\"es\"},{\"@type\":\"Organization\",\"@id\":\"https:\\\/\\\/noticiasmercedinas.com\\\/site\\\/#organization\",\"name\":\"NOTICIASMERCEDINAS.COM\",\"url\":\"https:\\\/\\\/noticiasmercedinas.com\\\/site\\\/\",\"logo\":{\"@type\":\"ImageObject\",\"inLanguage\":\"es\",\"@id\":\"https:\\\/\\\/noticiasmercedinas.com\\\/site\\\/#\\\/schema\\\/logo\\\/image\\\/\",\"url\":\"https:\\\/\\\/noticiasmercedinas.com\\\/site\\\/wp-content\\\/uploads\\\/2020\\\/06\\\/LOGO-512.jpg\",\"contentUrl\":\"https:\\\/\\\/noticiasmercedinas.com\\\/site\\\/wp-content\\\/uploads\\\/2020\\\/06\\\/LOGO-512.jpg\",\"width\":512,\"height\":512,\"caption\":\"NOTICIASMERCEDINAS.COM\"},\"image\":{\"@id\":\"https:\\\/\\\/noticiasmercedinas.com\\\/site\\\/#\\\/schema\\\/logo\\\/image\\\/\"},\"sameAs\":[\"https:\\\/\\\/www.facebook.com\\\/noticiasmercedinas\\\/\",\"https:\\\/\\\/x.com\\\/notmercedinas\",\"https:\\\/\\\/www.instagram.com\\\/noticiasmercedinas\\\/\"]},{\"@type\":\"Person\",\"@id\":\"https:\\\/\\\/noticiasmercedinas.com\\\/site\\\/#\\\/schema\\\/person\\\/84b59c099c28ff2e8b77d4ceec5d8063\",\"name\":\"NOTICIASMERCEDINAS.COM\",\"image\":{\"@type\":\"ImageObject\",\"inLanguage\":\"es\",\"@id\":\"https:\\\/\\\/secure.gravatar.com\\\/avatar\\\/4dfbf16b4d17945bfb6341b2d19043457132fcf478a5ee04f42e959fd8f5df0a?s=96&d=mm&r=g\",\"url\":\"https:\\\/\\\/secure.gravatar.com\\\/avatar\\\/4dfbf16b4d17945bfb6341b2d19043457132fcf478a5ee04f42e959fd8f5df0a?s=96&d=mm&r=g\",\"contentUrl\":\"https:\\\/\\\/secure.gravatar.com\\\/avatar\\\/4dfbf16b4d17945bfb6341b2d19043457132fcf478a5ee04f42e959fd8f5df0a?s=96&d=mm&r=g\",\"caption\":\"NOTICIASMERCEDINAS.COM\"},\"url\":\"https:\\\/\\\/noticiasmercedinas.com\\\/site\\\/author\\\/anonimo\\\/\"}]}<\/script>\n<!-- \/ Yoast SEO plugin. -->","yoast_head_json":{"title":"C\u00f3mo llevar ropa deportiva y tener un look ideal incluso fuera del gimnasio\u00a0","robots":{"index":"index","follow":"follow","max-snippet":"max-snippet:-1","max-image-preview":"max-image-preview:large","max-video-preview":"max-video-preview:-1"},"canonical":"https:\/\/noticiasmercedinas.com\/site\/2022\/03\/01\/como-llevar-ropa-deportiva-y-tener-un-look-ideal-incluso-fuera-del-gimnasio\/","og_locale":"es_ES","og_type":"article","og_title":"C\u00f3mo llevar ropa deportiva y tener un look ideal incluso fuera del gimnasio\u00a0","og_description":"\u00a0En los \u00faltimos tiempos hemos aprendido que no hay nada como ir c\u00f3modo. El momento de \u201cM\u00e1s vale muerta que sencilla\u201d ha pasado a un segundo lugar, aunque, por supuesto, todo depende de la ocasi\u00f3n. Adem\u00e1s de que se impone la comodidad, los fabricantes de ropa deportiva se han puesto las pilas y est\u00e1n dise\u00f1ando [&hellip;]","og_url":"https:\/\/noticiasmercedinas.com\/site\/2022\/03\/01\/como-llevar-ropa-deportiva-y-tener-un-look-ideal-incluso-fuera-del-gimnasio\/","og_site_name":"NOTICIASMERCEDINAS.COM","article_publisher":"https:\/\/www.facebook.com\/noticiasmercedinas\/","article_published_time":"2022-03-01T23:52:29+00:00","og_image":[{"width":640,"height":427,"url":"https:\/\/noticiasmercedinas.com\/site\/wp-content\/uploads\/2022\/03\/imageaa.jpg","type":"image\/jpeg"}],"author":"NOTICIASMERCEDINAS.COM","twitter_card":"summary_large_image","twitter_creator":"@notmercedinas","twitter_site":"@notmercedinas","twitter_misc":{"Escrito por":"NOTICIASMERCEDINAS.COM","Tiempo de lectura":"4 minutos"},"schema":{"@context":"https:\/\/schema.org","@graph":[{"@type":"Article","@id":"https:\/\/noticiasmercedinas.com\/site\/2022\/03\/01\/como-llevar-ropa-deportiva-y-tener-un-look-ideal-incluso-fuera-del-gimnasio\/#article","isPartOf":{"@id":"https:\/\/noticiasmercedinas.com\/site\/2022\/03\/01\/como-llevar-ropa-deportiva-y-tener-un-look-ideal-incluso-fuera-del-gimnasio\/"},"author":{"name":"NOTICIASMERCEDINAS.COM","@id":"https:\/\/noticiasmercedinas.com\/site\/#\/schema\/person\/84b59c099c28ff2e8b77d4ceec5d8063"},"headline":"C\u00f3mo llevar ropa deportiva y tener un look ideal incluso fuera del gimnasio\u00a0","datePublished":"2022-03-01T23:52:29+00:00","mainEntityOfPage":{"@id":"https:\/\/noticiasmercedinas.com\/site\/2022\/03\/01\/como-llevar-ropa-deportiva-y-tener-un-look-ideal-incluso-fuera-del-gimnasio\/"},"wordCount":724,"commentCount":0,"publisher":{"@id":"https:\/\/noticiasmercedinas.com\/site\/#organization"},"image":{"@id":"https:\/\/noticiasmercedinas.com\/site\/2022\/03\/01\/como-llevar-ropa-deportiva-y-tener-un-look-ideal-incluso-fuera-del-gimnasio\/#primaryimage"},"thumbnailUrl":"https:\/\/noticiasmercedinas.com\/site\/wp-content\/uploads\/2022\/03\/imageaa.jpg","keywords":["ropa deportiva"],"articleSection":["Bienestar"],"inLanguage":"es","potentialAction":[{"@type":"CommentAction","name":"Comment","target":["https:\/\/noticiasmercedinas.com\/site\/2022\/03\/01\/como-llevar-ropa-deportiva-y-tener-un-look-ideal-incluso-fuera-del-gimnasio\/#respond"]}]},{"@type":"WebPage","@id":"https:\/\/noticiasmercedinas.com\/site\/2022\/03\/01\/como-llevar-ropa-deportiva-y-tener-un-look-ideal-incluso-fuera-del-gimnasio\/","url":"https:\/\/noticiasmercedinas.com\/site\/2022\/03\/01\/como-llevar-ropa-deportiva-y-tener-un-look-ideal-incluso-fuera-del-gimnasio\/","name":"C\u00f3mo llevar ropa deportiva y tener un look ideal incluso fuera del gimnasio\u00a0","isPartOf":{"@id":"https:\/\/noticiasmercedinas.com\/site\/#website"},"primaryImageOfPage":{"@id":"https:\/\/noticiasmercedinas.com\/site\/2022\/03\/01\/como-llevar-ropa-deportiva-y-tener-un-look-ideal-incluso-fuera-del-gimnasio\/#primaryimage"},"image":{"@id":"https:\/\/noticiasmercedinas.com\/site\/2022\/03\/01\/como-llevar-ropa-deportiva-y-tener-un-look-ideal-incluso-fuera-del-gimnasio\/#primaryimage"},"thumbnailUrl":"https:\/\/noticiasmercedinas.com\/site\/wp-content\/uploads\/2022\/03\/imageaa.jpg","datePublished":"2022-03-01T23:52:29+00:00","breadcrumb":{"@id":"https:\/\/noticiasmercedinas.com\/site\/2022\/03\/01\/como-llevar-ropa-deportiva-y-tener-un-look-ideal-incluso-fuera-del-gimnasio\/#breadcrumb"},"inLanguage":"es","potentialAction":[{"@type":"ReadAction","target":["https:\/\/noticiasmercedinas.com\/site\/2022\/03\/01\/como-llevar-ropa-deportiva-y-tener-un-look-ideal-incluso-fuera-del-gimnasio\/"]}]},{"@type":"ImageObject","inLanguage":"es","@id":"https:\/\/noticiasmercedinas.com\/site\/2022\/03\/01\/como-llevar-ropa-deportiva-y-tener-un-look-ideal-incluso-fuera-del-gimnasio\/#primaryimage","url":"https:\/\/noticiasmercedinas.com\/site\/wp-content\/uploads\/2022\/03\/imageaa.jpg","contentUrl":"https:\/\/noticiasmercedinas.com\/site\/wp-content\/uploads\/2022\/03\/imageaa.jpg","width":640,"height":427},{"@type":"BreadcrumbList","@id":"https:\/\/noticiasmercedinas.com\/site\/2022\/03\/01\/como-llevar-ropa-deportiva-y-tener-un-look-ideal-incluso-fuera-del-gimnasio\/#breadcrumb","itemListElement":[{"@type":"ListItem","position":1,"name":"Portada","item":"https:\/\/noticiasmercedinas.com\/site\/"},{"@type":"ListItem","position":2,"name":"C\u00f3mo llevar ropa deportiva y tener un look ideal incluso fuera del gimnasio\u00a0"}]},{"@type":"WebSite","@id":"https:\/\/noticiasmercedinas.com\/site\/#website","url":"https:\/\/noticiasmercedinas.com\/site\/","name":"NOTICIASMERCEDINAS.COM","description":"Mercedes, Buenos Aires, Argentina","publisher":{"@id":"https:\/\/noticiasmercedinas.com\/site\/#organization"},"potentialAction":[{"@type":"SearchAction","target":{"@type":"EntryPoint","urlTemplate":"https:\/\/noticiasmercedinas.com\/site\/?s={search_term_string}"},"query-input":{"@type":"PropertyValueSpecification","valueRequired":true,"valueName":"search_term_string"}}],"inLanguage":"es"},{"@type":"Organization","@id":"https:\/\/noticiasmercedinas.com\/site\/#organization","name":"NOTICIASMERCEDINAS.COM","url":"https:\/\/noticiasmercedinas.com\/site\/","logo":{"@type":"ImageObject","inLanguage":"es","@id":"https:\/\/noticiasmercedinas.com\/site\/#\/schema\/logo\/image\/","url":"https:\/\/noticiasmercedinas.com\/site\/wp-content\/uploads\/2020\/06\/LOGO-512.jpg","contentUrl":"https:\/\/noticiasmercedinas.com\/site\/wp-content\/uploads\/2020\/06\/LOGO-512.jpg","width":512,"height":512,"caption":"NOTICIASMERCEDINAS.COM"},"image":{"@id":"https:\/\/noticiasmercedinas.com\/site\/#\/schema\/logo\/image\/"},"sameAs":["https:\/\/www.facebook.com\/noticiasmercedinas\/","https:\/\/x.com\/notmercedinas","https:\/\/www.instagram.com\/noticiasmercedinas\/"]},{"@type":"Person","@id":"https:\/\/noticiasmercedinas.com\/site\/#\/schema\/person\/84b59c099c28ff2e8b77d4ceec5d8063","name":"NOTICIASMERCEDINAS.COM","image":{"@type":"ImageObject","inLanguage":"es","@id":"https:\/\/secure.gravatar.com\/avatar\/4dfbf16b4d17945bfb6341b2d19043457132fcf478a5ee04f42e959fd8f5df0a?s=96&d=mm&r=g","url":"https:\/\/secure.gravatar.com\/avatar\/4dfbf16b4d17945bfb6341b2d19043457132fcf478a5ee04f42e959fd8f5df0a?s=96&d=mm&r=g","contentUrl":"https:\/\/secure.gravatar.com\/avatar\/4dfbf16b4d17945bfb6341b2d19043457132fcf478a5ee04f42e959fd8f5df0a?s=96&d=mm&r=g","caption":"NOTICIASMERCEDINAS.COM"},"url":"https:\/\/noticiasmercedinas.com\/site\/author\/anonimo\/"}]}},"amp_enabled":true,"_links":{"self":[{"href":"https:\/\/noticiasmercedinas.com\/site\/wp-json\/wp\/v2\/posts\/85403","targetHints":{"allow":["GET"]}}],"collection":[{"href":"https:\/\/noticiasmercedinas.com\/site\/wp-json\/wp\/v2\/posts"}],"about":[{"href":"https:\/\/noticiasmercedinas.com\/site\/wp-json\/wp\/v2\/types\/post"}],"author":[{"embeddable":true,"href":"https:\/\/noticiasmercedinas.com\/site\/wp-json\/wp\/v2\/users\/16"}],"replies":[{"embeddable":true,"href":"https:\/\/noticiasmercedinas.com\/site\/wp-json\/wp\/v2\/comments?post=85403"}],"version-history":[{"count":1,"href":"https:\/\/noticiasmercedinas.com\/site\/wp-json\/wp\/v2\/posts\/85403\/revisions"}],"predecessor-version":[{"id":85405,"href":"https:\/\/noticiasmercedinas.com\/site\/wp-json\/wp\/v2\/posts\/85403\/revisions\/85405"}],"wp:featuredmedia":[{"embeddable":true,"href":"https:\/\/noticiasmercedinas.com\/site\/wp-json\/wp\/v2\/media\/85404"}],"wp:attachment":[{"href":"https:\/\/noticiasmercedinas.com\/site\/wp-json\/wp\/v2\/media?parent=85403"}],"wp:term":[{"taxonomy":"category","embeddable":true,"href":"https:\/\/noticiasmercedinas.com\/site\/wp-json\/wp\/v2\/categories?post=85403"},{"taxonomy":"post_tag","embeddable":true,"href":"https:\/\/noticiasmercedinas.com\/site\/wp-json\/wp\/v2\/tags?post=85403"}],"curies":[{"name":"wp","href":"https:\/\/api.w.org\/{rel}","templated":true}]}}