{"id":85892,"date":"2022-03-08T00:14:27","date_gmt":"2022-03-08T03:14:27","guid":{"rendered":"https:\/\/noticiasmercedinas.com\/site\/?p=85892"},"modified":"2022-03-08T00:14:27","modified_gmt":"2022-03-08T03:14:27","slug":"una-presentacion-frena-el-inicio-de-la-zona-nivelacion","status":"publish","type":"post","link":"https:\/\/noticiasmercedinas.com\/site\/2022\/03\/08\/una-presentacion-frena-el-inicio-de-la-zona-nivelacion\/","title":{"rendered":"Una presentaci\u00f3n frena el inicio de la Zona Nivelaci\u00f3n"},"content":{"rendered":"<figure id=\"attachment_85893\" aria-describedby=\"caption-attachment-85893\" style=\"width: 640px\" class=\"wp-caption alignnone\"><img loading=\"lazy\" decoding=\"async\" class=\"wp-image-85893 size-full\" src=\"https:\/\/noticiasmercedinas.com\/site\/wp-content\/uploads\/2022\/03\/IMG_3918.jpg\" alt=\"\" width=\"640\" height=\"386\" srcset=\"https:\/\/noticiasmercedinas.com\/site\/wp-content\/uploads\/2022\/03\/IMG_3918.jpg 640w, https:\/\/noticiasmercedinas.com\/site\/wp-content\/uploads\/2022\/03\/IMG_3918-300x181.jpg 300w\" sizes=\"auto, (max-width: 640px) 100vw, 640px\" \/><figcaption id=\"caption-attachment-85893\" class=\"wp-caption-text\">Defensores present\u00f3 una protesta sobre Talleres Payr\u00f3.<\/figcaption><\/figure>\n<p>Cuando todos los partidos para lo que vendr\u00e1 en el torneo de Primera divisi\u00f3n ten\u00edan d\u00eda y hora de disputa, surgi\u00f3 la presentaci\u00f3n que realiz\u00f3 en las \u00faltimas horas Defensores Juniors. En la reuni\u00f3n de la Liga que se llev\u00f3 adelante esta noche se supo que la nota est\u00e1 dirigida al Tribunal de Penas y est\u00e1 enfocada en el \u00faltimo partido que jug\u00f3 el \u201cCeleste\u201d ante Talleres Payr\u00f3 donde cay\u00f3 por 4 a 3.<\/p>\n<p>Con lo sucedido, desde la Liga tomaron la determinaci\u00f3n de no darle inicio a los partidos de la Zona Nivelaci\u00f3n o tambi\u00e9n denominada permanencia, donde Defensores Juniors ten\u00eda que visitar a La Tijera este martes 8 en Suipacha. Es que la protesta de partido podr\u00eda llevar a un cambio en la tabla y con ello cambiar\u00eda uno de los cruces como el futuro de otro de los conjuntos a la hora de volver a jugar.<\/p>\n<p>De ahora en m\u00e1s queda esperar la resoluci\u00f3n del Tribunal de Penas de la Liga, ser\u00e1 un fallo que no saldr\u00e1 en breve, es que tiene sus pasos entre los que est\u00e1 el derecho de descargo a Talleres. El motivo del reclamo seg\u00fan trascendi\u00f3 es la incorrecta inclusi\u00f3n de jugadores, lo que tendr\u00e1 que ser comprobado y a partir de ello indicar la resoluci\u00f3n el Tribunal.<\/p>\n<p>De esta manera la Zona Nivelaci\u00f3n espera fecha para salir a la cancha, no se ver\u00e1n afectados los encuentros de la Zona Campeonato que se llevar\u00e1n adelante a partir del pr\u00f3ximo mi\u00e9rcoles en la Liga San Mart\u00edn vs. V\u00e9lez, en Suipacha Juventud vs. Quilmes, en Marcos Paz Pabell\u00f3n vs. Uni\u00f3n y en San Andr\u00e9s de Giles El Front\u00f3n vs. Trocha.<\/p>\n","protected":false},"excerpt":{"rendered":"<p>\u25a0 A sede de la Liga Mercedina de F\u00fatbol lleg\u00f3 una nota dirigida al Tribunal de Penas. Fue presentada por Defensores y es sobre el partido disputado el \u00faltimo s\u00e1bado ante Talleres. Producto de ello no habr\u00e1 encuentros por la permanencia hasta que se conozca el fallo. <\/p>\n","protected":false},"author":6,"featured_media":85893,"comment_status":"open","ping_status":"open","sticky":false,"template":"","format":"standard","meta":{"footnotes":""},"categories":[5],"tags":[8087,3346,9972,4328],"class_list":["post-85892","post","type-post","status-publish","format-standard","has-post-thumbnail","hentry","category-deportes","tag-defensores-juniors","tag-liga-mercedina-de-futbol","tag-talleres-payro","tag-tribunal-de-penas"],"yoast_head":"<!-- This site is optimized with the Yoast SEO plugin v27.4 - https:\/\/yoast.com\/product\/yoast-seo-wordpress\/ -->\n<title>Una presentaci\u00f3n frena el inicio de la Zona Nivelaci\u00f3n<\/title>\n<meta name=\"robots\" content=\"index, follow, max-snippet:-1, max-image-preview:large, max-video-preview:-1\" \/>\n<link rel=\"canonical\" href=\"https:\/\/noticiasmercedinas.com\/site\/2022\/03\/08\/una-presentacion-frena-el-inicio-de-la-zona-nivelacion\/\" \/>\n<meta property=\"og:locale\" content=\"es_ES\" \/>\n<meta property=\"og:type\" content=\"article\" \/>\n<meta property=\"og:title\" content=\"Una presentaci\u00f3n frena el inicio de la Zona Nivelaci\u00f3n\" \/>\n<meta property=\"og:description\" content=\"\u25a0 A sede de la Liga Mercedina de F\u00fatbol lleg\u00f3 una nota dirigida al Tribunal de Penas. Fue presentada por Defensores y es sobre el partido disputado el \u00faltimo s\u00e1bado ante Talleres. Producto de ello no habr\u00e1 encuentros por la permanencia hasta que se conozca el fallo.\" \/>\n<meta property=\"og:url\" content=\"https:\/\/noticiasmercedinas.com\/site\/2022\/03\/08\/una-presentacion-frena-el-inicio-de-la-zona-nivelacion\/\" \/>\n<meta property=\"og:site_name\" content=\"NOTICIASMERCEDINAS.COM\" \/>\n<meta property=\"article:publisher\" content=\"https:\/\/www.facebook.com\/noticiasmercedinas\/\" \/>\n<meta property=\"article:published_time\" content=\"2022-03-08T03:14:27+00:00\" \/>\n<meta property=\"og:image\" content=\"https:\/\/noticiasmercedinas.com\/site\/wp-content\/uploads\/2022\/03\/IMG_3918.jpg\" \/>\n\t<meta property=\"og:image:width\" content=\"640\" \/>\n\t<meta property=\"og:image:height\" content=\"386\" \/>\n\t<meta property=\"og:image:type\" content=\"image\/jpeg\" \/>\n<meta name=\"author\" content=\"Juan Dagnino NOTICIASMERCEDINAS.COM\" \/>\n<meta name=\"twitter:card\" content=\"summary_large_image\" \/>\n<meta name=\"twitter:creator\" content=\"@notmercedinas\" \/>\n<meta name=\"twitter:site\" content=\"@notmercedinas\" \/>\n<meta name=\"twitter:label1\" content=\"Escrito por\" \/>\n\t<meta name=\"twitter:data1\" content=\"Juan Dagnino NOTICIASMERCEDINAS.COM\" \/>\n\t<meta name=\"twitter:label2\" content=\"Tiempo de lectura\" \/>\n\t<meta name=\"twitter:data2\" content=\"2 minutos\" \/>\n<script type=\"application\/ld+json\" class=\"yoast-schema-graph\">{\"@context\":\"https:\\\/\\\/schema.org\",\"@graph\":[{\"@type\":\"Article\",\"@id\":\"https:\\\/\\\/noticiasmercedinas.com\\\/site\\\/2022\\\/03\\\/08\\\/una-presentacion-frena-el-inicio-de-la-zona-nivelacion\\\/#article\",\"isPartOf\":{\"@id\":\"https:\\\/\\\/noticiasmercedinas.com\\\/site\\\/2022\\\/03\\\/08\\\/una-presentacion-frena-el-inicio-de-la-zona-nivelacion\\\/\"},\"author\":{\"name\":\"Juan Dagnino NOTICIASMERCEDINAS.COM\",\"@id\":\"https:\\\/\\\/noticiasmercedinas.com\\\/site\\\/#\\\/schema\\\/person\\\/8f2f09d666ef40986eba4a5e6f2a06f9\"},\"headline\":\"Una presentaci\u00f3n frena el inicio de la Zona Nivelaci\u00f3n\",\"datePublished\":\"2022-03-08T03:14:27+00:00\",\"mainEntityOfPage\":{\"@id\":\"https:\\\/\\\/noticiasmercedinas.com\\\/site\\\/2022\\\/03\\\/08\\\/una-presentacion-frena-el-inicio-de-la-zona-nivelacion\\\/\"},\"wordCount\":324,\"commentCount\":0,\"publisher\":{\"@id\":\"https:\\\/\\\/noticiasmercedinas.com\\\/site\\\/#organization\"},\"image\":{\"@id\":\"https:\\\/\\\/noticiasmercedinas.com\\\/site\\\/2022\\\/03\\\/08\\\/una-presentacion-frena-el-inicio-de-la-zona-nivelacion\\\/#primaryimage\"},\"thumbnailUrl\":\"https:\\\/\\\/noticiasmercedinas.com\\\/site\\\/wp-content\\\/uploads\\\/2022\\\/03\\\/IMG_3918.jpg\",\"keywords\":[\"Defensores Juniors\",\"Liga Mercedina de F\u00fatbol\",\"talleres payr\u00f3\",\"Tribunal de Penas\"],\"articleSection\":[\"Deportes\"],\"inLanguage\":\"es\",\"potentialAction\":[{\"@type\":\"CommentAction\",\"name\":\"Comment\",\"target\":[\"https:\\\/\\\/noticiasmercedinas.com\\\/site\\\/2022\\\/03\\\/08\\\/una-presentacion-frena-el-inicio-de-la-zona-nivelacion\\\/#respond\"]}]},{\"@type\":\"WebPage\",\"@id\":\"https:\\\/\\\/noticiasmercedinas.com\\\/site\\\/2022\\\/03\\\/08\\\/una-presentacion-frena-el-inicio-de-la-zona-nivelacion\\\/\",\"url\":\"https:\\\/\\\/noticiasmercedinas.com\\\/site\\\/2022\\\/03\\\/08\\\/una-presentacion-frena-el-inicio-de-la-zona-nivelacion\\\/\",\"name\":\"Una presentaci\u00f3n frena el inicio de la Zona Nivelaci\u00f3n\",\"isPartOf\":{\"@id\":\"https:\\\/\\\/noticiasmercedinas.com\\\/site\\\/#website\"},\"primaryImageOfPage\":{\"@id\":\"https:\\\/\\\/noticiasmercedinas.com\\\/site\\\/2022\\\/03\\\/08\\\/una-presentacion-frena-el-inicio-de-la-zona-nivelacion\\\/#primaryimage\"},\"image\":{\"@id\":\"https:\\\/\\\/noticiasmercedinas.com\\\/site\\\/2022\\\/03\\\/08\\\/una-presentacion-frena-el-inicio-de-la-zona-nivelacion\\\/#primaryimage\"},\"thumbnailUrl\":\"https:\\\/\\\/noticiasmercedinas.com\\\/site\\\/wp-content\\\/uploads\\\/2022\\\/03\\\/IMG_3918.jpg\",\"datePublished\":\"2022-03-08T03:14:27+00:00\",\"breadcrumb\":{\"@id\":\"https:\\\/\\\/noticiasmercedinas.com\\\/site\\\/2022\\\/03\\\/08\\\/una-presentacion-frena-el-inicio-de-la-zona-nivelacion\\\/#breadcrumb\"},\"inLanguage\":\"es\",\"potentialAction\":[{\"@type\":\"ReadAction\",\"target\":[\"https:\\\/\\\/noticiasmercedinas.com\\\/site\\\/2022\\\/03\\\/08\\\/una-presentacion-frena-el-inicio-de-la-zona-nivelacion\\\/\"]}]},{\"@type\":\"ImageObject\",\"inLanguage\":\"es\",\"@id\":\"https:\\\/\\\/noticiasmercedinas.com\\\/site\\\/2022\\\/03\\\/08\\\/una-presentacion-frena-el-inicio-de-la-zona-nivelacion\\\/#primaryimage\",\"url\":\"https:\\\/\\\/noticiasmercedinas.com\\\/site\\\/wp-content\\\/uploads\\\/2022\\\/03\\\/IMG_3918.jpg\",\"contentUrl\":\"https:\\\/\\\/noticiasmercedinas.com\\\/site\\\/wp-content\\\/uploads\\\/2022\\\/03\\\/IMG_3918.jpg\",\"width\":640,\"height\":386},{\"@type\":\"BreadcrumbList\",\"@id\":\"https:\\\/\\\/noticiasmercedinas.com\\\/site\\\/2022\\\/03\\\/08\\\/una-presentacion-frena-el-inicio-de-la-zona-nivelacion\\\/#breadcrumb\",\"itemListElement\":[{\"@type\":\"ListItem\",\"position\":1,\"name\":\"Portada\",\"item\":\"https:\\\/\\\/noticiasmercedinas.com\\\/site\\\/\"},{\"@type\":\"ListItem\",\"position\":2,\"name\":\"Una presentaci\u00f3n frena el inicio de la Zona Nivelaci\u00f3n\"}]},{\"@type\":\"WebSite\",\"@id\":\"https:\\\/\\\/noticiasmercedinas.com\\\/site\\\/#website\",\"url\":\"https:\\\/\\\/noticiasmercedinas.com\\\/site\\\/\",\"name\":\"NOTICIASMERCEDINAS.COM\",\"description\":\"Mercedes, Buenos Aires, Argentina\",\"publisher\":{\"@id\":\"https:\\\/\\\/noticiasmercedinas.com\\\/site\\\/#organization\"},\"potentialAction\":[{\"@type\":\"SearchAction\",\"target\":{\"@type\":\"EntryPoint\",\"urlTemplate\":\"https:\\\/\\\/noticiasmercedinas.com\\\/site\\\/?s={search_term_string}\"},\"query-input\":{\"@type\":\"PropertyValueSpecification\",\"valueRequired\":true,\"valueName\":\"search_term_string\"}}],\"inLanguage\":\"es\"},{\"@type\":\"Organization\",\"@id\":\"https:\\\/\\\/noticiasmercedinas.com\\\/site\\\/#organization\",\"name\":\"NOTICIASMERCEDINAS.COM\",\"url\":\"https:\\\/\\\/noticiasmercedinas.com\\\/site\\\/\",\"logo\":{\"@type\":\"ImageObject\",\"inLanguage\":\"es\",\"@id\":\"https:\\\/\\\/noticiasmercedinas.com\\\/site\\\/#\\\/schema\\\/logo\\\/image\\\/\",\"url\":\"https:\\\/\\\/noticiasmercedinas.com\\\/site\\\/wp-content\\\/uploads\\\/2020\\\/06\\\/LOGO-512.jpg\",\"contentUrl\":\"https:\\\/\\\/noticiasmercedinas.com\\\/site\\\/wp-content\\\/uploads\\\/2020\\\/06\\\/LOGO-512.jpg\",\"width\":512,\"height\":512,\"caption\":\"NOTICIASMERCEDINAS.COM\"},\"image\":{\"@id\":\"https:\\\/\\\/noticiasmercedinas.com\\\/site\\\/#\\\/schema\\\/logo\\\/image\\\/\"},\"sameAs\":[\"https:\\\/\\\/www.facebook.com\\\/noticiasmercedinas\\\/\",\"https:\\\/\\\/x.com\\\/notmercedinas\",\"https:\\\/\\\/www.instagram.com\\\/noticiasmercedinas\\\/\"]},{\"@type\":\"Person\",\"@id\":\"https:\\\/\\\/noticiasmercedinas.com\\\/site\\\/#\\\/schema\\\/person\\\/8f2f09d666ef40986eba4a5e6f2a06f9\",\"name\":\"Juan Dagnino NOTICIASMERCEDINAS.COM\",\"image\":{\"@type\":\"ImageObject\",\"inLanguage\":\"es\",\"@id\":\"https:\\\/\\\/secure.gravatar.com\\\/avatar\\\/fc7059a769f5a3cae65fadb228a3e4accf3a64b4b2305020d0a27e6d5333c91b?s=96&d=mm&r=g\",\"url\":\"https:\\\/\\\/secure.gravatar.com\\\/avatar\\\/fc7059a769f5a3cae65fadb228a3e4accf3a64b4b2305020d0a27e6d5333c91b?s=96&d=mm&r=g\",\"contentUrl\":\"https:\\\/\\\/secure.gravatar.com\\\/avatar\\\/fc7059a769f5a3cae65fadb228a3e4accf3a64b4b2305020d0a27e6d5333c91b?s=96&d=mm&r=g\",\"caption\":\"Juan Dagnino NOTICIASMERCEDINAS.COM\"},\"url\":\"https:\\\/\\\/noticiasmercedinas.com\\\/site\\\/author\\\/juandagnino\\\/\"}]}<\/script>\n<!-- \/ Yoast SEO plugin. -->","yoast_head_json":{"title":"Una presentaci\u00f3n frena el inicio de la Zona Nivelaci\u00f3n","robots":{"index":"index","follow":"follow","max-snippet":"max-snippet:-1","max-image-preview":"max-image-preview:large","max-video-preview":"max-video-preview:-1"},"canonical":"https:\/\/noticiasmercedinas.com\/site\/2022\/03\/08\/una-presentacion-frena-el-inicio-de-la-zona-nivelacion\/","og_locale":"es_ES","og_type":"article","og_title":"Una presentaci\u00f3n frena el inicio de la Zona Nivelaci\u00f3n","og_description":"\u25a0 A sede de la Liga Mercedina de F\u00fatbol lleg\u00f3 una nota dirigida al Tribunal de Penas. Fue presentada por Defensores y es sobre el partido disputado el \u00faltimo s\u00e1bado ante Talleres. Producto de ello no habr\u00e1 encuentros por la permanencia hasta que se conozca el fallo.","og_url":"https:\/\/noticiasmercedinas.com\/site\/2022\/03\/08\/una-presentacion-frena-el-inicio-de-la-zona-nivelacion\/","og_site_name":"NOTICIASMERCEDINAS.COM","article_publisher":"https:\/\/www.facebook.com\/noticiasmercedinas\/","article_published_time":"2022-03-08T03:14:27+00:00","og_image":[{"width":640,"height":386,"url":"https:\/\/noticiasmercedinas.com\/site\/wp-content\/uploads\/2022\/03\/IMG_3918.jpg","type":"image\/jpeg"}],"author":"Juan Dagnino NOTICIASMERCEDINAS.COM","twitter_card":"summary_large_image","twitter_creator":"@notmercedinas","twitter_site":"@notmercedinas","twitter_misc":{"Escrito por":"Juan Dagnino NOTICIASMERCEDINAS.COM","Tiempo de lectura":"2 minutos"},"schema":{"@context":"https:\/\/schema.org","@graph":[{"@type":"Article","@id":"https:\/\/noticiasmercedinas.com\/site\/2022\/03\/08\/una-presentacion-frena-el-inicio-de-la-zona-nivelacion\/#article","isPartOf":{"@id":"https:\/\/noticiasmercedinas.com\/site\/2022\/03\/08\/una-presentacion-frena-el-inicio-de-la-zona-nivelacion\/"},"author":{"name":"Juan Dagnino NOTICIASMERCEDINAS.COM","@id":"https:\/\/noticiasmercedinas.com\/site\/#\/schema\/person\/8f2f09d666ef40986eba4a5e6f2a06f9"},"headline":"Una presentaci\u00f3n frena el inicio de la Zona Nivelaci\u00f3n","datePublished":"2022-03-08T03:14:27+00:00","mainEntityOfPage":{"@id":"https:\/\/noticiasmercedinas.com\/site\/2022\/03\/08\/una-presentacion-frena-el-inicio-de-la-zona-nivelacion\/"},"wordCount":324,"commentCount":0,"publisher":{"@id":"https:\/\/noticiasmercedinas.com\/site\/#organization"},"image":{"@id":"https:\/\/noticiasmercedinas.com\/site\/2022\/03\/08\/una-presentacion-frena-el-inicio-de-la-zona-nivelacion\/#primaryimage"},"thumbnailUrl":"https:\/\/noticiasmercedinas.com\/site\/wp-content\/uploads\/2022\/03\/IMG_3918.jpg","keywords":["Defensores Juniors","Liga Mercedina de F\u00fatbol","talleres payr\u00f3","Tribunal de Penas"],"articleSection":["Deportes"],"inLanguage":"es","potentialAction":[{"@type":"CommentAction","name":"Comment","target":["https:\/\/noticiasmercedinas.com\/site\/2022\/03\/08\/una-presentacion-frena-el-inicio-de-la-zona-nivelacion\/#respond"]}]},{"@type":"WebPage","@id":"https:\/\/noticiasmercedinas.com\/site\/2022\/03\/08\/una-presentacion-frena-el-inicio-de-la-zona-nivelacion\/","url":"https:\/\/noticiasmercedinas.com\/site\/2022\/03\/08\/una-presentacion-frena-el-inicio-de-la-zona-nivelacion\/","name":"Una presentaci\u00f3n frena el inicio de la Zona Nivelaci\u00f3n","isPartOf":{"@id":"https:\/\/noticiasmercedinas.com\/site\/#website"},"primaryImageOfPage":{"@id":"https:\/\/noticiasmercedinas.com\/site\/2022\/03\/08\/una-presentacion-frena-el-inicio-de-la-zona-nivelacion\/#primaryimage"},"image":{"@id":"https:\/\/noticiasmercedinas.com\/site\/2022\/03\/08\/una-presentacion-frena-el-inicio-de-la-zona-nivelacion\/#primaryimage"},"thumbnailUrl":"https:\/\/noticiasmercedinas.com\/site\/wp-content\/uploads\/2022\/03\/IMG_3918.jpg","datePublished":"2022-03-08T03:14:27+00:00","breadcrumb":{"@id":"https:\/\/noticiasmercedinas.com\/site\/2022\/03\/08\/una-presentacion-frena-el-inicio-de-la-zona-nivelacion\/#breadcrumb"},"inLanguage":"es","potentialAction":[{"@type":"ReadAction","target":["https:\/\/noticiasmercedinas.com\/site\/2022\/03\/08\/una-presentacion-frena-el-inicio-de-la-zona-nivelacion\/"]}]},{"@type":"ImageObject","inLanguage":"es","@id":"https:\/\/noticiasmercedinas.com\/site\/2022\/03\/08\/una-presentacion-frena-el-inicio-de-la-zona-nivelacion\/#primaryimage","url":"https:\/\/noticiasmercedinas.com\/site\/wp-content\/uploads\/2022\/03\/IMG_3918.jpg","contentUrl":"https:\/\/noticiasmercedinas.com\/site\/wp-content\/uploads\/2022\/03\/IMG_3918.jpg","width":640,"height":386},{"@type":"BreadcrumbList","@id":"https:\/\/noticiasmercedinas.com\/site\/2022\/03\/08\/una-presentacion-frena-el-inicio-de-la-zona-nivelacion\/#breadcrumb","itemListElement":[{"@type":"ListItem","position":1,"name":"Portada","item":"https:\/\/noticiasmercedinas.com\/site\/"},{"@type":"ListItem","position":2,"name":"Una presentaci\u00f3n frena el inicio de la Zona Nivelaci\u00f3n"}]},{"@type":"WebSite","@id":"https:\/\/noticiasmercedinas.com\/site\/#website","url":"https:\/\/noticiasmercedinas.com\/site\/","name":"NOTICIASMERCEDINAS.COM","description":"Mercedes, Buenos Aires, Argentina","publisher":{"@id":"https:\/\/noticiasmercedinas.com\/site\/#organization"},"potentialAction":[{"@type":"SearchAction","target":{"@type":"EntryPoint","urlTemplate":"https:\/\/noticiasmercedinas.com\/site\/?s={search_term_string}"},"query-input":{"@type":"PropertyValueSpecification","valueRequired":true,"valueName":"search_term_string"}}],"inLanguage":"es"},{"@type":"Organization","@id":"https:\/\/noticiasmercedinas.com\/site\/#organization","name":"NOTICIASMERCEDINAS.COM","url":"https:\/\/noticiasmercedinas.com\/site\/","logo":{"@type":"ImageObject","inLanguage":"es","@id":"https:\/\/noticiasmercedinas.com\/site\/#\/schema\/logo\/image\/","url":"https:\/\/noticiasmercedinas.com\/site\/wp-content\/uploads\/2020\/06\/LOGO-512.jpg","contentUrl":"https:\/\/noticiasmercedinas.com\/site\/wp-content\/uploads\/2020\/06\/LOGO-512.jpg","width":512,"height":512,"caption":"NOTICIASMERCEDINAS.COM"},"image":{"@id":"https:\/\/noticiasmercedinas.com\/site\/#\/schema\/logo\/image\/"},"sameAs":["https:\/\/www.facebook.com\/noticiasmercedinas\/","https:\/\/x.com\/notmercedinas","https:\/\/www.instagram.com\/noticiasmercedinas\/"]},{"@type":"Person","@id":"https:\/\/noticiasmercedinas.com\/site\/#\/schema\/person\/8f2f09d666ef40986eba4a5e6f2a06f9","name":"Juan Dagnino NOTICIASMERCEDINAS.COM","image":{"@type":"ImageObject","inLanguage":"es","@id":"https:\/\/secure.gravatar.com\/avatar\/fc7059a769f5a3cae65fadb228a3e4accf3a64b4b2305020d0a27e6d5333c91b?s=96&d=mm&r=g","url":"https:\/\/secure.gravatar.com\/avatar\/fc7059a769f5a3cae65fadb228a3e4accf3a64b4b2305020d0a27e6d5333c91b?s=96&d=mm&r=g","contentUrl":"https:\/\/secure.gravatar.com\/avatar\/fc7059a769f5a3cae65fadb228a3e4accf3a64b4b2305020d0a27e6d5333c91b?s=96&d=mm&r=g","caption":"Juan Dagnino NOTICIASMERCEDINAS.COM"},"url":"https:\/\/noticiasmercedinas.com\/site\/author\/juandagnino\/"}]}},"amp_enabled":true,"_links":{"self":[{"href":"https:\/\/noticiasmercedinas.com\/site\/wp-json\/wp\/v2\/posts\/85892","targetHints":{"allow":["GET"]}}],"collection":[{"href":"https:\/\/noticiasmercedinas.com\/site\/wp-json\/wp\/v2\/posts"}],"about":[{"href":"https:\/\/noticiasmercedinas.com\/site\/wp-json\/wp\/v2\/types\/post"}],"author":[{"embeddable":true,"href":"https:\/\/noticiasmercedinas.com\/site\/wp-json\/wp\/v2\/users\/6"}],"replies":[{"embeddable":true,"href":"https:\/\/noticiasmercedinas.com\/site\/wp-json\/wp\/v2\/comments?post=85892"}],"version-history":[{"count":1,"href":"https:\/\/noticiasmercedinas.com\/site\/wp-json\/wp\/v2\/posts\/85892\/revisions"}],"predecessor-version":[{"id":85894,"href":"https:\/\/noticiasmercedinas.com\/site\/wp-json\/wp\/v2\/posts\/85892\/revisions\/85894"}],"wp:featuredmedia":[{"embeddable":true,"href":"https:\/\/noticiasmercedinas.com\/site\/wp-json\/wp\/v2\/media\/85893"}],"wp:attachment":[{"href":"https:\/\/noticiasmercedinas.com\/site\/wp-json\/wp\/v2\/media?parent=85892"}],"wp:term":[{"taxonomy":"category","embeddable":true,"href":"https:\/\/noticiasmercedinas.com\/site\/wp-json\/wp\/v2\/categories?post=85892"},{"taxonomy":"post_tag","embeddable":true,"href":"https:\/\/noticiasmercedinas.com\/site\/wp-json\/wp\/v2\/tags?post=85892"}],"curies":[{"name":"wp","href":"https:\/\/api.w.org\/{rel}","templated":true}]}}