{"id":8592,"date":"2018-12-07T21:07:26","date_gmt":"2018-12-08T00:07:26","guid":{"rendered":"https:\/\/noticiasmercedinas.com\/site\/?p=8592"},"modified":"2018-12-07T21:07:26","modified_gmt":"2018-12-08T00:07:26","slug":"se-conocieron-los-nuevos-destinos-sacerdotales","status":"publish","type":"post","link":"https:\/\/noticiasmercedinas.com\/site\/2018\/12\/07\/se-conocieron-los-nuevos-destinos-sacerdotales\/","title":{"rendered":"Se conocieron los nuevos destinos sacerdotales"},"content":{"rendered":"<figure id=\"attachment_8593\" aria-describedby=\"caption-attachment-8593\" style=\"width: 640px\" class=\"wp-caption alignnone\"><img loading=\"lazy\" decoding=\"async\" class=\"wp-image-8593 size-full\" src=\"https:\/\/noticiasmercedinas.com\/site\/wp-content\/uploads\/2018\/12\/juancabouzou.jpg\" alt=\"\" width=\"640\" height=\"398\" srcset=\"https:\/\/noticiasmercedinas.com\/site\/wp-content\/uploads\/2018\/12\/juancabouzou.jpg 640w, https:\/\/noticiasmercedinas.com\/site\/wp-content\/uploads\/2018\/12\/juancabouzou-300x187.jpg 300w\" sizes=\"auto, (max-width: 640px) 100vw, 640px\" \/><figcaption id=\"caption-attachment-8593\" class=\"wp-caption-text\">Juan Carlos Bouzou, nuevo cura p\u00e1rroco de la Iglesia Catedral<\/figcaption><\/figure>\n<p>El arzobispo de Mercedes \u2013 Luj\u00e1n, monse\u00f1or <strong>Agust\u00edn Radrizzani<\/strong>, dio a conocer los nuevos destinos sacerdotales, que incluyen importantes cambios en destacadas parroquias como la Iglesia catedral de Mercedes, donde los tres sacerdotes que est\u00e1n actualmente dejar\u00e1n su funci\u00f3n para asumir nuevos desaf\u00edos en otras ciudades. En tanto llegar\u00e1n otros presb\u00edteros.<\/p>\n<p>\u201cEn las v\u00edsperas de Mar\u00eda Inmaculada queremos con Monse\u00f1or Jorge Eduardo comunicarles los nuevos destinos de varios de nuestros hermanos\u201d, dice Radrizzani en una carta que se dio a conocer esta tarde.<\/p>\n<p>\u201cDeseamos agradecerles de coraz\u00f3n la disponibilidad que han manifestado para ir hacia donde el Esp\u00edritu de Jes\u00fas nuestro Buen Pastor los env\u00eda y por la confianza depositada en el discernimiento que hemos hecho nosotros como pastores de nuestra querida Iglesia Particular\u201d, esgrime e indica los nuevos destinos, a saber:<\/p>\n<ul>\n<li>Pbro. Juan Manuel Andriola, p\u00e1rroco de Cristo Redentor en Jun\u00edn. Residir\u00e1 en Sagrado Coraz\u00f3n en Jun\u00edn.<\/li>\n<li>Pbro. Juan Carlos Bouzou, p\u00e1rroco de la Catedral.<\/li>\n<li>Pbro. Jorge Bruno, Vicario General y p\u00e1rroco de Nuestra Se\u00f1ora del Rosario en Alberti. Reside en la Curia diocesana.<\/li>\n<li>Pbro. Alberto Gagliano, p\u00e1rroco de Nuestra Se\u00f1ora de la Asunci\u00f3n en Chacabuco.<\/li>\n<li>Pbro. Roberto Giovanetone, p\u00e1rroco de Sagrado Coraz\u00f3n de Jes\u00fas en Vedia e Inmaculada Concepci\u00f3n en Alberdi. Residir\u00e1 en Sagrado Coraz\u00f3n de Jes\u00fas en Vedia.<\/li>\n<li>Pbro. H\u00e9ctor Gustavo Gonz\u00e1lez, p\u00e1rroco de San Roque en Alem.<\/li>\n<li>Pbro. Lucas Jerez, p\u00e1rroco de San Isidro Labrador en Chacabuco.<\/li>\n<li>Pbro. Federico Lagoa, p\u00e1rroco de San Pedro Ap\u00f3stol en Chivilcoy.<\/li>\n<li>Pbro. Hern\u00e1n Luc\u00eda, p\u00e1rroco de Nuestra Se\u00f1ora del Carmen en Chivilcoy.<\/li>\n<li>Pbro. Ra\u00fal Moretto, cuasi p\u00e1rroco de la Cuasi Parroquia-Santuario Nuestra Sra. de F\u00e1tima en Jun\u00edn. Residir\u00e1 en Nuestra Sra. del Pilar en Agust\u00edn Roca.<\/li>\n<li>Pbro. Alejandro Trobo, p\u00e1rroco de Nuestra Sra. de la Medalla Milagrosa en Gral. Rodr\u00edguez y de Inmaculada Concepci\u00f3n en Las Malvinas. Residir\u00e1 en Nuestra Se\u00f1ora de la Medalla Milagrosa en Gral. Rodr\u00edguez.<\/li>\n<li>Pbro. Pablo Valles, p\u00e1rroco de San Jos\u00e9 en Luj\u00e1n. Residir\u00e1 en la Bas\u00edlica de Luj\u00e1n.<\/li>\n<li>Pbro. Eduardo Ceres, p\u00e1rroco em\u00e9rito de San Isidro Labrador en Chacabuco, colaborar\u00e1 con esa parroquia. Residir\u00e1 en su casa en Chacabuco.<\/li>\n<li>Pbro. Franco Carreras, vicario de las parroquias Nuestra Sra. de la Medalla Milagrosa en Gral. Rodr\u00edguez y de Inmaculada Concepci\u00f3n en Las Malvinas. Residir\u00e1 en Nuestra Se\u00f1ora de la Medalla Milagrosa en Gral. Rodr\u00edguez.<\/li>\n<li>Pbro. Diego Celay, vicario de la parroquia de la Catedral.<\/li>\n<li>Pbro. Federico Lazarte, vicario de la parroquia de San Marcos Evangelista en Marcos Paz.<\/li>\n<li>Pbro. Gabriel Paglieri, residir\u00e1 en la casa de sus padres en Carmen de Areco y colaborar\u00e1 pastoralmente en la parroquia Nuestra Se\u00f1ora del Carmen.<\/li>\n<li>Di\u00e1cono H\u00e9ctor Lalla, residir\u00e1 y ejercer\u00e1 su ministerio en la Iglesia Catedral.<\/li>\n<li>Di\u00e1cono Diego Zacca, formador en el Seminario diocesano, encargado del ciclo introductorio.<\/li>\n<\/ul>\n<figure id=\"attachment_8594\" aria-describedby=\"caption-attachment-8594\" style=\"width: 640px\" class=\"wp-caption alignnone\"><img loading=\"lazy\" decoding=\"async\" class=\"size-full wp-image-8594\" src=\"https:\/\/noticiasmercedinas.com\/site\/wp-content\/uploads\/2018\/12\/padre_franco.jpg\" alt=\"\" width=\"640\" height=\"389\" srcset=\"https:\/\/noticiasmercedinas.com\/site\/wp-content\/uploads\/2018\/12\/padre_franco.jpg 640w, https:\/\/noticiasmercedinas.com\/site\/wp-content\/uploads\/2018\/12\/padre_franco-300x182.jpg 300w\" sizes=\"auto, (max-width: 640px) 100vw, 640px\" \/><figcaption id=\"caption-attachment-8594\" class=\"wp-caption-text\">Padre Franco Carreras, de Mercedes a General Rodr\u00edguez<\/figcaption><\/figure>\n","protected":false},"excerpt":{"rendered":"<p>El arzobispo de Mercedes \u2013 Luj\u00e1n, monse\u00f1or Agust\u00edn Radrizzani, dio a conocer los nuevos destinos sacerdotales, que incluyen importantes cambios en destacadas parroquias como la Iglesia catedral de Mercedes, donde los tres sacerdotes que est\u00e1n actualmente dejar\u00e1n su funci\u00f3n para asumir nuevos desaf\u00edos en otras ciudades. En tanto llegar\u00e1n otros presb\u00edteros. \u201cEn las v\u00edsperas de [&hellip;]<\/p>\n","protected":false},"author":2,"featured_media":8593,"comment_status":"open","ping_status":"open","sticky":false,"template":"","format":"standard","meta":{"footnotes":""},"categories":[3],"tags":[883,2673,2050,2670,398,400,399,788,2671,2672,2674],"class_list":["post-8592","post","type-post","status-publish","format-standard","has-post-thumbnail","hentry","category-sociedad","tag-agustin-radrizzani","tag-alejandro-trobo","tag-arquidiocesis","tag-diego-celay","tag-federico-lagoa","tag-federico-lazarte","tag-franco-carreras","tag-iglesia-catedral","tag-jorge-bruno","tag-mercedes-lujan","tag-roberto-giovanetone"],"yoast_head":"<!-- This site is optimized with the Yoast SEO plugin v27.4 - https:\/\/yoast.com\/product\/yoast-seo-wordpress\/ -->\n<title>Se conocieron los nuevos destinos sacerdotales<\/title>\n<meta name=\"robots\" content=\"index, follow, max-snippet:-1, max-image-preview:large, max-video-preview:-1\" \/>\n<link rel=\"canonical\" href=\"https:\/\/noticiasmercedinas.com\/site\/2018\/12\/07\/se-conocieron-los-nuevos-destinos-sacerdotales\/\" \/>\n<meta property=\"og:locale\" content=\"es_ES\" \/>\n<meta property=\"og:type\" content=\"article\" \/>\n<meta property=\"og:title\" content=\"Se conocieron los nuevos destinos sacerdotales\" \/>\n<meta property=\"og:description\" content=\"El arzobispo de Mercedes \u2013 Luj\u00e1n, monse\u00f1or Agust\u00edn Radrizzani, dio a conocer los nuevos destinos sacerdotales, que incluyen importantes cambios en destacadas parroquias como la Iglesia catedral de Mercedes, donde los tres sacerdotes que est\u00e1n actualmente dejar\u00e1n su funci\u00f3n para asumir nuevos desaf\u00edos en otras ciudades. En tanto llegar\u00e1n otros presb\u00edteros. \u201cEn las v\u00edsperas de [&hellip;]\" \/>\n<meta property=\"og:url\" content=\"https:\/\/noticiasmercedinas.com\/site\/2018\/12\/07\/se-conocieron-los-nuevos-destinos-sacerdotales\/\" \/>\n<meta property=\"og:site_name\" content=\"NOTICIASMERCEDINAS.COM\" \/>\n<meta property=\"article:publisher\" content=\"https:\/\/www.facebook.com\/noticiasmercedinas\/\" \/>\n<meta property=\"article:author\" content=\"https:\/\/www.facebook.com\/cristian.falabella\" \/>\n<meta property=\"article:published_time\" content=\"2018-12-08T00:07:26+00:00\" \/>\n<meta property=\"og:image\" content=\"https:\/\/noticiasmercedinas.com\/site\/wp-content\/uploads\/2018\/12\/juancabouzou.jpg\" \/>\n\t<meta property=\"og:image:width\" content=\"640\" \/>\n\t<meta property=\"og:image:height\" content=\"398\" \/>\n\t<meta property=\"og:image:type\" content=\"image\/jpeg\" \/>\n<meta name=\"author\" content=\"Cristian Falabella NOTICIASMERCEDINAS.COM\" \/>\n<meta name=\"twitter:card\" content=\"summary_large_image\" \/>\n<meta name=\"twitter:creator\" content=\"@https:\/\/twitter.com\/NOTMERCEDINAS\" \/>\n<meta name=\"twitter:site\" content=\"@notmercedinas\" \/>\n<meta name=\"twitter:label1\" content=\"Escrito por\" \/>\n\t<meta name=\"twitter:data1\" content=\"Cristian Falabella NOTICIASMERCEDINAS.COM\" \/>\n\t<meta name=\"twitter:label2\" content=\"Tiempo de lectura\" \/>\n\t<meta name=\"twitter:data2\" content=\"3 minutos\" \/>\n<script type=\"application\/ld+json\" class=\"yoast-schema-graph\">{\"@context\":\"https:\\\/\\\/schema.org\",\"@graph\":[{\"@type\":\"Article\",\"@id\":\"https:\\\/\\\/noticiasmercedinas.com\\\/site\\\/2018\\\/12\\\/07\\\/se-conocieron-los-nuevos-destinos-sacerdotales\\\/#article\",\"isPartOf\":{\"@id\":\"https:\\\/\\\/noticiasmercedinas.com\\\/site\\\/2018\\\/12\\\/07\\\/se-conocieron-los-nuevos-destinos-sacerdotales\\\/\"},\"author\":{\"name\":\"Cristian Falabella NOTICIASMERCEDINAS.COM\",\"@id\":\"https:\\\/\\\/noticiasmercedinas.com\\\/site\\\/#\\\/schema\\\/person\\\/d481a9696a5feaec13a60e2bbd991a6a\"},\"headline\":\"Se conocieron los nuevos destinos sacerdotales\",\"datePublished\":\"2018-12-08T00:07:26+00:00\",\"mainEntityOfPage\":{\"@id\":\"https:\\\/\\\/noticiasmercedinas.com\\\/site\\\/2018\\\/12\\\/07\\\/se-conocieron-los-nuevos-destinos-sacerdotales\\\/\"},\"wordCount\":555,\"commentCount\":0,\"publisher\":{\"@id\":\"https:\\\/\\\/noticiasmercedinas.com\\\/site\\\/#organization\"},\"image\":{\"@id\":\"https:\\\/\\\/noticiasmercedinas.com\\\/site\\\/2018\\\/12\\\/07\\\/se-conocieron-los-nuevos-destinos-sacerdotales\\\/#primaryimage\"},\"thumbnailUrl\":\"https:\\\/\\\/noticiasmercedinas.com\\\/site\\\/wp-content\\\/uploads\\\/2018\\\/12\\\/juancabouzou.jpg\",\"keywords\":[\"Agust\u00edn Radrizzani\",\"Alejandro Trobo\",\"arquidiocesis\",\"Diego celay\",\"federico lagoa\",\"federico lazarte\",\"franco carreras\",\"iglesia catedral\",\"Jorge Bruno\",\"Mercedes-Lujan\",\"Roberto Giovanetone\"],\"articleSection\":[\"Sociedad\"],\"inLanguage\":\"es\",\"potentialAction\":[{\"@type\":\"CommentAction\",\"name\":\"Comment\",\"target\":[\"https:\\\/\\\/noticiasmercedinas.com\\\/site\\\/2018\\\/12\\\/07\\\/se-conocieron-los-nuevos-destinos-sacerdotales\\\/#respond\"]}]},{\"@type\":\"WebPage\",\"@id\":\"https:\\\/\\\/noticiasmercedinas.com\\\/site\\\/2018\\\/12\\\/07\\\/se-conocieron-los-nuevos-destinos-sacerdotales\\\/\",\"url\":\"https:\\\/\\\/noticiasmercedinas.com\\\/site\\\/2018\\\/12\\\/07\\\/se-conocieron-los-nuevos-destinos-sacerdotales\\\/\",\"name\":\"Se conocieron los nuevos destinos sacerdotales\",\"isPartOf\":{\"@id\":\"https:\\\/\\\/noticiasmercedinas.com\\\/site\\\/#website\"},\"primaryImageOfPage\":{\"@id\":\"https:\\\/\\\/noticiasmercedinas.com\\\/site\\\/2018\\\/12\\\/07\\\/se-conocieron-los-nuevos-destinos-sacerdotales\\\/#primaryimage\"},\"image\":{\"@id\":\"https:\\\/\\\/noticiasmercedinas.com\\\/site\\\/2018\\\/12\\\/07\\\/se-conocieron-los-nuevos-destinos-sacerdotales\\\/#primaryimage\"},\"thumbnailUrl\":\"https:\\\/\\\/noticiasmercedinas.com\\\/site\\\/wp-content\\\/uploads\\\/2018\\\/12\\\/juancabouzou.jpg\",\"datePublished\":\"2018-12-08T00:07:26+00:00\",\"breadcrumb\":{\"@id\":\"https:\\\/\\\/noticiasmercedinas.com\\\/site\\\/2018\\\/12\\\/07\\\/se-conocieron-los-nuevos-destinos-sacerdotales\\\/#breadcrumb\"},\"inLanguage\":\"es\",\"potentialAction\":[{\"@type\":\"ReadAction\",\"target\":[\"https:\\\/\\\/noticiasmercedinas.com\\\/site\\\/2018\\\/12\\\/07\\\/se-conocieron-los-nuevos-destinos-sacerdotales\\\/\"]}]},{\"@type\":\"ImageObject\",\"inLanguage\":\"es\",\"@id\":\"https:\\\/\\\/noticiasmercedinas.com\\\/site\\\/2018\\\/12\\\/07\\\/se-conocieron-los-nuevos-destinos-sacerdotales\\\/#primaryimage\",\"url\":\"https:\\\/\\\/noticiasmercedinas.com\\\/site\\\/wp-content\\\/uploads\\\/2018\\\/12\\\/juancabouzou.jpg\",\"contentUrl\":\"https:\\\/\\\/noticiasmercedinas.com\\\/site\\\/wp-content\\\/uploads\\\/2018\\\/12\\\/juancabouzou.jpg\",\"width\":640,\"height\":398},{\"@type\":\"BreadcrumbList\",\"@id\":\"https:\\\/\\\/noticiasmercedinas.com\\\/site\\\/2018\\\/12\\\/07\\\/se-conocieron-los-nuevos-destinos-sacerdotales\\\/#breadcrumb\",\"itemListElement\":[{\"@type\":\"ListItem\",\"position\":1,\"name\":\"Portada\",\"item\":\"https:\\\/\\\/noticiasmercedinas.com\\\/site\\\/\"},{\"@type\":\"ListItem\",\"position\":2,\"name\":\"Se conocieron los nuevos destinos sacerdotales\"}]},{\"@type\":\"WebSite\",\"@id\":\"https:\\\/\\\/noticiasmercedinas.com\\\/site\\\/#website\",\"url\":\"https:\\\/\\\/noticiasmercedinas.com\\\/site\\\/\",\"name\":\"NOTICIASMERCEDINAS.COM\",\"description\":\"Mercedes, Buenos Aires, Argentina\",\"publisher\":{\"@id\":\"https:\\\/\\\/noticiasmercedinas.com\\\/site\\\/#organization\"},\"potentialAction\":[{\"@type\":\"SearchAction\",\"target\":{\"@type\":\"EntryPoint\",\"urlTemplate\":\"https:\\\/\\\/noticiasmercedinas.com\\\/site\\\/?s={search_term_string}\"},\"query-input\":{\"@type\":\"PropertyValueSpecification\",\"valueRequired\":true,\"valueName\":\"search_term_string\"}}],\"inLanguage\":\"es\"},{\"@type\":\"Organization\",\"@id\":\"https:\\\/\\\/noticiasmercedinas.com\\\/site\\\/#organization\",\"name\":\"NOTICIASMERCEDINAS.COM\",\"url\":\"https:\\\/\\\/noticiasmercedinas.com\\\/site\\\/\",\"logo\":{\"@type\":\"ImageObject\",\"inLanguage\":\"es\",\"@id\":\"https:\\\/\\\/noticiasmercedinas.com\\\/site\\\/#\\\/schema\\\/logo\\\/image\\\/\",\"url\":\"https:\\\/\\\/noticiasmercedinas.com\\\/site\\\/wp-content\\\/uploads\\\/2020\\\/06\\\/LOGO-512.jpg\",\"contentUrl\":\"https:\\\/\\\/noticiasmercedinas.com\\\/site\\\/wp-content\\\/uploads\\\/2020\\\/06\\\/LOGO-512.jpg\",\"width\":512,\"height\":512,\"caption\":\"NOTICIASMERCEDINAS.COM\"},\"image\":{\"@id\":\"https:\\\/\\\/noticiasmercedinas.com\\\/site\\\/#\\\/schema\\\/logo\\\/image\\\/\"},\"sameAs\":[\"https:\\\/\\\/www.facebook.com\\\/noticiasmercedinas\\\/\",\"https:\\\/\\\/x.com\\\/notmercedinas\",\"https:\\\/\\\/www.instagram.com\\\/noticiasmercedinas\\\/\"]},{\"@type\":\"Person\",\"@id\":\"https:\\\/\\\/noticiasmercedinas.com\\\/site\\\/#\\\/schema\\\/person\\\/d481a9696a5feaec13a60e2bbd991a6a\",\"name\":\"Cristian Falabella NOTICIASMERCEDINAS.COM\",\"image\":{\"@type\":\"ImageObject\",\"inLanguage\":\"es\",\"@id\":\"https:\\\/\\\/secure.gravatar.com\\\/avatar\\\/0dbbfc45970cc46bcd0e57766228574ff3511d6eed045b182f536f0f478c1f06?s=96&d=mm&r=g\",\"url\":\"https:\\\/\\\/secure.gravatar.com\\\/avatar\\\/0dbbfc45970cc46bcd0e57766228574ff3511d6eed045b182f536f0f478c1f06?s=96&d=mm&r=g\",\"contentUrl\":\"https:\\\/\\\/secure.gravatar.com\\\/avatar\\\/0dbbfc45970cc46bcd0e57766228574ff3511d6eed045b182f536f0f478c1f06?s=96&d=mm&r=g\",\"caption\":\"Cristian Falabella NOTICIASMERCEDINAS.COM\"},\"description\":\"Periodista, editor de Noticias Mercedinas. Pas\u00f3 por varias redacciones y emprendimientos de prensa, en distintos formatos y \u00e9pocas. Se especializ\u00f3 --y sigue haci\u00e9ndolo-- en comunicaci\u00f3n en la web y en junio de 2006 fund\u00f3 este diario digital.\",\"sameAs\":[\"https:\\\/\\\/noticiasmercedinas.com\",\"https:\\\/\\\/www.facebook.com\\\/cristian.falabella\",\"https:\\\/\\\/www.instagram.com\\\/noticiasmercedinas\\\/\",\"https:\\\/\\\/x.com\\\/https:\\\/\\\/twitter.com\\\/NOTMERCEDINAS\"],\"url\":\"https:\\\/\\\/noticiasmercedinas.com\\\/site\\\/author\\\/as000384\\\/\"}]}<\/script>\n<!-- \/ Yoast SEO plugin. -->","yoast_head_json":{"title":"Se conocieron los nuevos destinos sacerdotales","robots":{"index":"index","follow":"follow","max-snippet":"max-snippet:-1","max-image-preview":"max-image-preview:large","max-video-preview":"max-video-preview:-1"},"canonical":"https:\/\/noticiasmercedinas.com\/site\/2018\/12\/07\/se-conocieron-los-nuevos-destinos-sacerdotales\/","og_locale":"es_ES","og_type":"article","og_title":"Se conocieron los nuevos destinos sacerdotales","og_description":"El arzobispo de Mercedes \u2013 Luj\u00e1n, monse\u00f1or Agust\u00edn Radrizzani, dio a conocer los nuevos destinos sacerdotales, que incluyen importantes cambios en destacadas parroquias como la Iglesia catedral de Mercedes, donde los tres sacerdotes que est\u00e1n actualmente dejar\u00e1n su funci\u00f3n para asumir nuevos desaf\u00edos en otras ciudades. En tanto llegar\u00e1n otros presb\u00edteros. \u201cEn las v\u00edsperas de [&hellip;]","og_url":"https:\/\/noticiasmercedinas.com\/site\/2018\/12\/07\/se-conocieron-los-nuevos-destinos-sacerdotales\/","og_site_name":"NOTICIASMERCEDINAS.COM","article_publisher":"https:\/\/www.facebook.com\/noticiasmercedinas\/","article_author":"https:\/\/www.facebook.com\/cristian.falabella","article_published_time":"2018-12-08T00:07:26+00:00","og_image":[{"width":640,"height":398,"url":"https:\/\/noticiasmercedinas.com\/site\/wp-content\/uploads\/2018\/12\/juancabouzou.jpg","type":"image\/jpeg"}],"author":"Cristian Falabella NOTICIASMERCEDINAS.COM","twitter_card":"summary_large_image","twitter_creator":"@https:\/\/twitter.com\/NOTMERCEDINAS","twitter_site":"@notmercedinas","twitter_misc":{"Escrito por":"Cristian Falabella NOTICIASMERCEDINAS.COM","Tiempo de lectura":"3 minutos"},"schema":{"@context":"https:\/\/schema.org","@graph":[{"@type":"Article","@id":"https:\/\/noticiasmercedinas.com\/site\/2018\/12\/07\/se-conocieron-los-nuevos-destinos-sacerdotales\/#article","isPartOf":{"@id":"https:\/\/noticiasmercedinas.com\/site\/2018\/12\/07\/se-conocieron-los-nuevos-destinos-sacerdotales\/"},"author":{"name":"Cristian Falabella NOTICIASMERCEDINAS.COM","@id":"https:\/\/noticiasmercedinas.com\/site\/#\/schema\/person\/d481a9696a5feaec13a60e2bbd991a6a"},"headline":"Se conocieron los nuevos destinos sacerdotales","datePublished":"2018-12-08T00:07:26+00:00","mainEntityOfPage":{"@id":"https:\/\/noticiasmercedinas.com\/site\/2018\/12\/07\/se-conocieron-los-nuevos-destinos-sacerdotales\/"},"wordCount":555,"commentCount":0,"publisher":{"@id":"https:\/\/noticiasmercedinas.com\/site\/#organization"},"image":{"@id":"https:\/\/noticiasmercedinas.com\/site\/2018\/12\/07\/se-conocieron-los-nuevos-destinos-sacerdotales\/#primaryimage"},"thumbnailUrl":"https:\/\/noticiasmercedinas.com\/site\/wp-content\/uploads\/2018\/12\/juancabouzou.jpg","keywords":["Agust\u00edn Radrizzani","Alejandro Trobo","arquidiocesis","Diego celay","federico lagoa","federico lazarte","franco carreras","iglesia catedral","Jorge Bruno","Mercedes-Lujan","Roberto Giovanetone"],"articleSection":["Sociedad"],"inLanguage":"es","potentialAction":[{"@type":"CommentAction","name":"Comment","target":["https:\/\/noticiasmercedinas.com\/site\/2018\/12\/07\/se-conocieron-los-nuevos-destinos-sacerdotales\/#respond"]}]},{"@type":"WebPage","@id":"https:\/\/noticiasmercedinas.com\/site\/2018\/12\/07\/se-conocieron-los-nuevos-destinos-sacerdotales\/","url":"https:\/\/noticiasmercedinas.com\/site\/2018\/12\/07\/se-conocieron-los-nuevos-destinos-sacerdotales\/","name":"Se conocieron los nuevos destinos sacerdotales","isPartOf":{"@id":"https:\/\/noticiasmercedinas.com\/site\/#website"},"primaryImageOfPage":{"@id":"https:\/\/noticiasmercedinas.com\/site\/2018\/12\/07\/se-conocieron-los-nuevos-destinos-sacerdotales\/#primaryimage"},"image":{"@id":"https:\/\/noticiasmercedinas.com\/site\/2018\/12\/07\/se-conocieron-los-nuevos-destinos-sacerdotales\/#primaryimage"},"thumbnailUrl":"https:\/\/noticiasmercedinas.com\/site\/wp-content\/uploads\/2018\/12\/juancabouzou.jpg","datePublished":"2018-12-08T00:07:26+00:00","breadcrumb":{"@id":"https:\/\/noticiasmercedinas.com\/site\/2018\/12\/07\/se-conocieron-los-nuevos-destinos-sacerdotales\/#breadcrumb"},"inLanguage":"es","potentialAction":[{"@type":"ReadAction","target":["https:\/\/noticiasmercedinas.com\/site\/2018\/12\/07\/se-conocieron-los-nuevos-destinos-sacerdotales\/"]}]},{"@type":"ImageObject","inLanguage":"es","@id":"https:\/\/noticiasmercedinas.com\/site\/2018\/12\/07\/se-conocieron-los-nuevos-destinos-sacerdotales\/#primaryimage","url":"https:\/\/noticiasmercedinas.com\/site\/wp-content\/uploads\/2018\/12\/juancabouzou.jpg","contentUrl":"https:\/\/noticiasmercedinas.com\/site\/wp-content\/uploads\/2018\/12\/juancabouzou.jpg","width":640,"height":398},{"@type":"BreadcrumbList","@id":"https:\/\/noticiasmercedinas.com\/site\/2018\/12\/07\/se-conocieron-los-nuevos-destinos-sacerdotales\/#breadcrumb","itemListElement":[{"@type":"ListItem","position":1,"name":"Portada","item":"https:\/\/noticiasmercedinas.com\/site\/"},{"@type":"ListItem","position":2,"name":"Se conocieron los nuevos destinos sacerdotales"}]},{"@type":"WebSite","@id":"https:\/\/noticiasmercedinas.com\/site\/#website","url":"https:\/\/noticiasmercedinas.com\/site\/","name":"NOTICIASMERCEDINAS.COM","description":"Mercedes, Buenos Aires, Argentina","publisher":{"@id":"https:\/\/noticiasmercedinas.com\/site\/#organization"},"potentialAction":[{"@type":"SearchAction","target":{"@type":"EntryPoint","urlTemplate":"https:\/\/noticiasmercedinas.com\/site\/?s={search_term_string}"},"query-input":{"@type":"PropertyValueSpecification","valueRequired":true,"valueName":"search_term_string"}}],"inLanguage":"es"},{"@type":"Organization","@id":"https:\/\/noticiasmercedinas.com\/site\/#organization","name":"NOTICIASMERCEDINAS.COM","url":"https:\/\/noticiasmercedinas.com\/site\/","logo":{"@type":"ImageObject","inLanguage":"es","@id":"https:\/\/noticiasmercedinas.com\/site\/#\/schema\/logo\/image\/","url":"https:\/\/noticiasmercedinas.com\/site\/wp-content\/uploads\/2020\/06\/LOGO-512.jpg","contentUrl":"https:\/\/noticiasmercedinas.com\/site\/wp-content\/uploads\/2020\/06\/LOGO-512.jpg","width":512,"height":512,"caption":"NOTICIASMERCEDINAS.COM"},"image":{"@id":"https:\/\/noticiasmercedinas.com\/site\/#\/schema\/logo\/image\/"},"sameAs":["https:\/\/www.facebook.com\/noticiasmercedinas\/","https:\/\/x.com\/notmercedinas","https:\/\/www.instagram.com\/noticiasmercedinas\/"]},{"@type":"Person","@id":"https:\/\/noticiasmercedinas.com\/site\/#\/schema\/person\/d481a9696a5feaec13a60e2bbd991a6a","name":"Cristian Falabella NOTICIASMERCEDINAS.COM","image":{"@type":"ImageObject","inLanguage":"es","@id":"https:\/\/secure.gravatar.com\/avatar\/0dbbfc45970cc46bcd0e57766228574ff3511d6eed045b182f536f0f478c1f06?s=96&d=mm&r=g","url":"https:\/\/secure.gravatar.com\/avatar\/0dbbfc45970cc46bcd0e57766228574ff3511d6eed045b182f536f0f478c1f06?s=96&d=mm&r=g","contentUrl":"https:\/\/secure.gravatar.com\/avatar\/0dbbfc45970cc46bcd0e57766228574ff3511d6eed045b182f536f0f478c1f06?s=96&d=mm&r=g","caption":"Cristian Falabella NOTICIASMERCEDINAS.COM"},"description":"Periodista, editor de Noticias Mercedinas. Pas\u00f3 por varias redacciones y emprendimientos de prensa, en distintos formatos y \u00e9pocas. Se especializ\u00f3 --y sigue haci\u00e9ndolo-- en comunicaci\u00f3n en la web y en junio de 2006 fund\u00f3 este diario digital.","sameAs":["https:\/\/noticiasmercedinas.com","https:\/\/www.facebook.com\/cristian.falabella","https:\/\/www.instagram.com\/noticiasmercedinas\/","https:\/\/x.com\/https:\/\/twitter.com\/NOTMERCEDINAS"],"url":"https:\/\/noticiasmercedinas.com\/site\/author\/as000384\/"}]}},"amp_enabled":true,"_links":{"self":[{"href":"https:\/\/noticiasmercedinas.com\/site\/wp-json\/wp\/v2\/posts\/8592","targetHints":{"allow":["GET"]}}],"collection":[{"href":"https:\/\/noticiasmercedinas.com\/site\/wp-json\/wp\/v2\/posts"}],"about":[{"href":"https:\/\/noticiasmercedinas.com\/site\/wp-json\/wp\/v2\/types\/post"}],"author":[{"embeddable":true,"href":"https:\/\/noticiasmercedinas.com\/site\/wp-json\/wp\/v2\/users\/2"}],"replies":[{"embeddable":true,"href":"https:\/\/noticiasmercedinas.com\/site\/wp-json\/wp\/v2\/comments?post=8592"}],"version-history":[{"count":1,"href":"https:\/\/noticiasmercedinas.com\/site\/wp-json\/wp\/v2\/posts\/8592\/revisions"}],"predecessor-version":[{"id":8595,"href":"https:\/\/noticiasmercedinas.com\/site\/wp-json\/wp\/v2\/posts\/8592\/revisions\/8595"}],"wp:featuredmedia":[{"embeddable":true,"href":"https:\/\/noticiasmercedinas.com\/site\/wp-json\/wp\/v2\/media\/8593"}],"wp:attachment":[{"href":"https:\/\/noticiasmercedinas.com\/site\/wp-json\/wp\/v2\/media?parent=8592"}],"wp:term":[{"taxonomy":"category","embeddable":true,"href":"https:\/\/noticiasmercedinas.com\/site\/wp-json\/wp\/v2\/categories?post=8592"},{"taxonomy":"post_tag","embeddable":true,"href":"https:\/\/noticiasmercedinas.com\/site\/wp-json\/wp\/v2\/tags?post=8592"}],"curies":[{"name":"wp","href":"https:\/\/api.w.org\/{rel}","templated":true}]}}