{"id":86216,"date":"2022-03-12T20:08:08","date_gmt":"2022-03-12T23:08:08","guid":{"rendered":"https:\/\/noticiasmercedinas.com\/site\/?p=86216"},"modified":"2022-03-12T20:08:08","modified_gmt":"2022-03-12T23:08:08","slug":"flandria-se-despacha-con-un-esperado-triunfo","status":"publish","type":"post","link":"https:\/\/noticiasmercedinas.com\/site\/2022\/03\/12\/flandria-se-despacha-con-un-esperado-triunfo\/","title":{"rendered":"Flandria se despacha con un esperado triunfo"},"content":{"rendered":"<figure id=\"attachment_86217\" aria-describedby=\"caption-attachment-86217\" style=\"width: 1152px\" class=\"wp-caption alignnone\"><img loading=\"lazy\" decoding=\"async\" class=\"wp-image-86217 size-full\" src=\"https:\/\/noticiasmercedinas.com\/site\/wp-content\/uploads\/2022\/03\/rafa.jpg\" alt=\"\" width=\"1152\" height=\"864\" srcset=\"https:\/\/noticiasmercedinas.com\/site\/wp-content\/uploads\/2022\/03\/rafa.jpg 1152w, https:\/\/noticiasmercedinas.com\/site\/wp-content\/uploads\/2022\/03\/rafa-300x225.jpg 300w, https:\/\/noticiasmercedinas.com\/site\/wp-content\/uploads\/2022\/03\/rafa-1024x768.jpg 1024w, https:\/\/noticiasmercedinas.com\/site\/wp-content\/uploads\/2022\/03\/rafa-768x576.jpg 768w, https:\/\/noticiasmercedinas.com\/site\/wp-content\/uploads\/2022\/03\/rafa-80x60.jpg 80w, https:\/\/noticiasmercedinas.com\/site\/wp-content\/uploads\/2022\/03\/rafa-160x120.jpg 160w, https:\/\/noticiasmercedinas.com\/site\/wp-content\/uploads\/2022\/03\/rafa-100x75.jpg 100w, https:\/\/noticiasmercedinas.com\/site\/wp-content\/uploads\/2022\/03\/rafa-200x150.jpg 200w, https:\/\/noticiasmercedinas.com\/site\/wp-content\/uploads\/2022\/03\/rafa-180x135.jpg 180w, https:\/\/noticiasmercedinas.com\/site\/wp-content\/uploads\/2022\/03\/rafa-360x270.jpg 360w, https:\/\/noticiasmercedinas.com\/site\/wp-content\/uploads\/2022\/03\/rafa-238x178.jpg 238w, https:\/\/noticiasmercedinas.com\/site\/wp-content\/uploads\/2022\/03\/rafa-476x356.jpg 476w, https:\/\/noticiasmercedinas.com\/site\/wp-content\/uploads\/2022\/03\/rafa-640x480.jpg 640w, https:\/\/noticiasmercedinas.com\/site\/wp-content\/uploads\/2022\/03\/rafa-681x511.jpg 681w\" sizes=\"auto, (max-width: 1152px) 100vw, 1152px\" \/><figcaption id=\"caption-attachment-86217\" class=\"wp-caption-text\">Flandria y Rafaela jugaron esta tarde. (Foto Prensa Rafaela)<\/figcaption><\/figure>\n<p>Fue un s\u00e1bado feliz para el \u201cCanario\u201d por la quinta fecha de la Primera Nacional, cortando la racha adversa de las primeras cuatro jornadas y con ello sali\u00f3 del fondo de la tabla. Si bien arranc\u00f3 abajo en el marcador, a los 6\u2019 Bieler anot\u00f3 el 1-0 para para Rafaela, el segundo tiempo cambio el rumbo.<\/p>\n<p>El empate en 25\u2019 de Lautaro Gordillo y a los 32\u2019 Juan Barbieri que ingres\u00f3 dej\u00f3 el tanteador 2-1 para Flandria que gan\u00f3 en el Carlos V un importante encuentro, por ser los primeros tres puntos y con ello buscar encaminarse en una dif\u00edcil categor\u00eda.<\/p>\n<p><strong>Flandria: <\/strong>Juan Manuel Lungarzo, Andr\u00e9s Camacho, Juli\u00e1n Marchio, Gast\u00f3n Mansilla, Nicol\u00e1s Henry, Mat\u00edas Montejano, Brian Ferreyra, Mariano Puch, Benjam\u00edn Borasi, Joaqu\u00edn Ib\u00e1\u00f1ez y Lautaro Gordillo. <strong>DT:<\/strong> Andr\u00e9s Montenegro. <strong>Suplentes:<\/strong> Germ\u00e1n Yacaruso y Alejandro Gonz\u00e1lez.<\/p>\n<p><strong>Gol en el PT:<\/strong> A los 6&#8242; Bieler para Rafaela.<br \/>\n<strong>Goles en el ST:<\/strong> 25&#8242; Gordillo y a los 32&#8242; J. Barbieri para Flandria.<br \/>\n<strong>Cambios:<\/strong> 45&#8242; F. Tisera por B. Ferreyra, 45&#8242; J. Rocca por M. Montejano, 57&#8242; J. Barbieri por B. Borasi, 67&#8242; T. Bottari por G. Mansilla y 80&#8242; G. Barbieri por M. Puch en Flandria.<br \/>\n<strong>Arbitro:<\/strong> Yamil Possi.<\/p>\n<p><strong>Pr\u00f3xima fecha<br \/>\nS\u00e1bado 19<br \/>\n<\/strong>A las 20 Santamarina vs. Flandria.<\/p>\n","protected":false},"excerpt":{"rendered":"<p>\u25a0 Tras estar abajo en el marcador le termin\u00f3 ganado 2-1 a Atl\u00e9tico Rafaela en J\u00e1uregui. Fueron los primeros tres puntos del \u201cCanario\u201d en la Primera Nacional. Ahora se viene Santamarina en Tandil. <\/p>\n","protected":false},"author":6,"featured_media":86217,"comment_status":"open","ping_status":"open","sticky":false,"template":"","format":"standard","meta":{"footnotes":""},"categories":[5],"tags":[3526,11470],"class_list":["post-86216","post","type-post","status-publish","format-standard","has-post-thumbnail","hentry","category-deportes","tag-club-flandria","tag-primera-nacional"],"yoast_head":"<!-- This site is optimized with the Yoast SEO plugin v27.4 - https:\/\/yoast.com\/product\/yoast-seo-wordpress\/ -->\n<title>Flandria se despacha con un esperado triunfo<\/title>\n<meta name=\"robots\" content=\"index, follow, max-snippet:-1, max-image-preview:large, max-video-preview:-1\" \/>\n<link rel=\"canonical\" href=\"https:\/\/noticiasmercedinas.com\/site\/2022\/03\/12\/flandria-se-despacha-con-un-esperado-triunfo\/\" \/>\n<meta property=\"og:locale\" content=\"es_ES\" \/>\n<meta property=\"og:type\" content=\"article\" \/>\n<meta property=\"og:title\" content=\"Flandria se despacha con un esperado triunfo\" \/>\n<meta property=\"og:description\" content=\"\u25a0 Tras estar abajo en el marcador le termin\u00f3 ganado 2-1 a Atl\u00e9tico Rafaela en J\u00e1uregui. Fueron los primeros tres puntos del \u201cCanario\u201d en la Primera Nacional. Ahora se viene Santamarina en Tandil.\" \/>\n<meta property=\"og:url\" content=\"https:\/\/noticiasmercedinas.com\/site\/2022\/03\/12\/flandria-se-despacha-con-un-esperado-triunfo\/\" \/>\n<meta property=\"og:site_name\" content=\"NOTICIASMERCEDINAS.COM\" \/>\n<meta property=\"article:publisher\" content=\"https:\/\/www.facebook.com\/noticiasmercedinas\/\" \/>\n<meta property=\"article:published_time\" content=\"2022-03-12T23:08:08+00:00\" \/>\n<meta property=\"og:image\" content=\"https:\/\/noticiasmercedinas.com\/site\/wp-content\/uploads\/2022\/03\/rafa.jpg\" \/>\n\t<meta property=\"og:image:width\" content=\"1152\" \/>\n\t<meta property=\"og:image:height\" content=\"864\" \/>\n\t<meta property=\"og:image:type\" content=\"image\/jpeg\" \/>\n<meta name=\"author\" content=\"Juan Dagnino NOTICIASMERCEDINAS.COM\" \/>\n<meta name=\"twitter:card\" content=\"summary_large_image\" \/>\n<meta name=\"twitter:creator\" content=\"@notmercedinas\" \/>\n<meta name=\"twitter:site\" content=\"@notmercedinas\" \/>\n<meta name=\"twitter:label1\" content=\"Escrito por\" \/>\n\t<meta name=\"twitter:data1\" content=\"Juan Dagnino NOTICIASMERCEDINAS.COM\" \/>\n\t<meta name=\"twitter:label2\" content=\"Tiempo de lectura\" \/>\n\t<meta name=\"twitter:data2\" content=\"2 minutos\" \/>\n<script type=\"application\/ld+json\" class=\"yoast-schema-graph\">{\"@context\":\"https:\\\/\\\/schema.org\",\"@graph\":[{\"@type\":\"Article\",\"@id\":\"https:\\\/\\\/noticiasmercedinas.com\\\/site\\\/2022\\\/03\\\/12\\\/flandria-se-despacha-con-un-esperado-triunfo\\\/#article\",\"isPartOf\":{\"@id\":\"https:\\\/\\\/noticiasmercedinas.com\\\/site\\\/2022\\\/03\\\/12\\\/flandria-se-despacha-con-un-esperado-triunfo\\\/\"},\"author\":{\"name\":\"Juan Dagnino NOTICIASMERCEDINAS.COM\",\"@id\":\"https:\\\/\\\/noticiasmercedinas.com\\\/site\\\/#\\\/schema\\\/person\\\/8f2f09d666ef40986eba4a5e6f2a06f9\"},\"headline\":\"Flandria se despacha con un esperado triunfo\",\"datePublished\":\"2022-03-12T23:08:08+00:00\",\"mainEntityOfPage\":{\"@id\":\"https:\\\/\\\/noticiasmercedinas.com\\\/site\\\/2022\\\/03\\\/12\\\/flandria-se-despacha-con-un-esperado-triunfo\\\/\"},\"wordCount\":232,\"commentCount\":0,\"publisher\":{\"@id\":\"https:\\\/\\\/noticiasmercedinas.com\\\/site\\\/#organization\"},\"image\":{\"@id\":\"https:\\\/\\\/noticiasmercedinas.com\\\/site\\\/2022\\\/03\\\/12\\\/flandria-se-despacha-con-un-esperado-triunfo\\\/#primaryimage\"},\"thumbnailUrl\":\"https:\\\/\\\/noticiasmercedinas.com\\\/site\\\/wp-content\\\/uploads\\\/2022\\\/03\\\/rafa.jpg\",\"keywords\":[\"Club Flandria\",\"primera nacional\"],\"articleSection\":[\"Deportes\"],\"inLanguage\":\"es\",\"potentialAction\":[{\"@type\":\"CommentAction\",\"name\":\"Comment\",\"target\":[\"https:\\\/\\\/noticiasmercedinas.com\\\/site\\\/2022\\\/03\\\/12\\\/flandria-se-despacha-con-un-esperado-triunfo\\\/#respond\"]}]},{\"@type\":\"WebPage\",\"@id\":\"https:\\\/\\\/noticiasmercedinas.com\\\/site\\\/2022\\\/03\\\/12\\\/flandria-se-despacha-con-un-esperado-triunfo\\\/\",\"url\":\"https:\\\/\\\/noticiasmercedinas.com\\\/site\\\/2022\\\/03\\\/12\\\/flandria-se-despacha-con-un-esperado-triunfo\\\/\",\"name\":\"Flandria se despacha con un esperado triunfo\",\"isPartOf\":{\"@id\":\"https:\\\/\\\/noticiasmercedinas.com\\\/site\\\/#website\"},\"primaryImageOfPage\":{\"@id\":\"https:\\\/\\\/noticiasmercedinas.com\\\/site\\\/2022\\\/03\\\/12\\\/flandria-se-despacha-con-un-esperado-triunfo\\\/#primaryimage\"},\"image\":{\"@id\":\"https:\\\/\\\/noticiasmercedinas.com\\\/site\\\/2022\\\/03\\\/12\\\/flandria-se-despacha-con-un-esperado-triunfo\\\/#primaryimage\"},\"thumbnailUrl\":\"https:\\\/\\\/noticiasmercedinas.com\\\/site\\\/wp-content\\\/uploads\\\/2022\\\/03\\\/rafa.jpg\",\"datePublished\":\"2022-03-12T23:08:08+00:00\",\"breadcrumb\":{\"@id\":\"https:\\\/\\\/noticiasmercedinas.com\\\/site\\\/2022\\\/03\\\/12\\\/flandria-se-despacha-con-un-esperado-triunfo\\\/#breadcrumb\"},\"inLanguage\":\"es\",\"potentialAction\":[{\"@type\":\"ReadAction\",\"target\":[\"https:\\\/\\\/noticiasmercedinas.com\\\/site\\\/2022\\\/03\\\/12\\\/flandria-se-despacha-con-un-esperado-triunfo\\\/\"]}]},{\"@type\":\"ImageObject\",\"inLanguage\":\"es\",\"@id\":\"https:\\\/\\\/noticiasmercedinas.com\\\/site\\\/2022\\\/03\\\/12\\\/flandria-se-despacha-con-un-esperado-triunfo\\\/#primaryimage\",\"url\":\"https:\\\/\\\/noticiasmercedinas.com\\\/site\\\/wp-content\\\/uploads\\\/2022\\\/03\\\/rafa.jpg\",\"contentUrl\":\"https:\\\/\\\/noticiasmercedinas.com\\\/site\\\/wp-content\\\/uploads\\\/2022\\\/03\\\/rafa.jpg\",\"width\":1152,\"height\":864},{\"@type\":\"BreadcrumbList\",\"@id\":\"https:\\\/\\\/noticiasmercedinas.com\\\/site\\\/2022\\\/03\\\/12\\\/flandria-se-despacha-con-un-esperado-triunfo\\\/#breadcrumb\",\"itemListElement\":[{\"@type\":\"ListItem\",\"position\":1,\"name\":\"Portada\",\"item\":\"https:\\\/\\\/noticiasmercedinas.com\\\/site\\\/\"},{\"@type\":\"ListItem\",\"position\":2,\"name\":\"Flandria se despacha con un esperado triunfo\"}]},{\"@type\":\"WebSite\",\"@id\":\"https:\\\/\\\/noticiasmercedinas.com\\\/site\\\/#website\",\"url\":\"https:\\\/\\\/noticiasmercedinas.com\\\/site\\\/\",\"name\":\"NOTICIASMERCEDINAS.COM\",\"description\":\"Mercedes, Buenos Aires, Argentina\",\"publisher\":{\"@id\":\"https:\\\/\\\/noticiasmercedinas.com\\\/site\\\/#organization\"},\"potentialAction\":[{\"@type\":\"SearchAction\",\"target\":{\"@type\":\"EntryPoint\",\"urlTemplate\":\"https:\\\/\\\/noticiasmercedinas.com\\\/site\\\/?s={search_term_string}\"},\"query-input\":{\"@type\":\"PropertyValueSpecification\",\"valueRequired\":true,\"valueName\":\"search_term_string\"}}],\"inLanguage\":\"es\"},{\"@type\":\"Organization\",\"@id\":\"https:\\\/\\\/noticiasmercedinas.com\\\/site\\\/#organization\",\"name\":\"NOTICIASMERCEDINAS.COM\",\"url\":\"https:\\\/\\\/noticiasmercedinas.com\\\/site\\\/\",\"logo\":{\"@type\":\"ImageObject\",\"inLanguage\":\"es\",\"@id\":\"https:\\\/\\\/noticiasmercedinas.com\\\/site\\\/#\\\/schema\\\/logo\\\/image\\\/\",\"url\":\"https:\\\/\\\/noticiasmercedinas.com\\\/site\\\/wp-content\\\/uploads\\\/2020\\\/06\\\/LOGO-512.jpg\",\"contentUrl\":\"https:\\\/\\\/noticiasmercedinas.com\\\/site\\\/wp-content\\\/uploads\\\/2020\\\/06\\\/LOGO-512.jpg\",\"width\":512,\"height\":512,\"caption\":\"NOTICIASMERCEDINAS.COM\"},\"image\":{\"@id\":\"https:\\\/\\\/noticiasmercedinas.com\\\/site\\\/#\\\/schema\\\/logo\\\/image\\\/\"},\"sameAs\":[\"https:\\\/\\\/www.facebook.com\\\/noticiasmercedinas\\\/\",\"https:\\\/\\\/x.com\\\/notmercedinas\",\"https:\\\/\\\/www.instagram.com\\\/noticiasmercedinas\\\/\"]},{\"@type\":\"Person\",\"@id\":\"https:\\\/\\\/noticiasmercedinas.com\\\/site\\\/#\\\/schema\\\/person\\\/8f2f09d666ef40986eba4a5e6f2a06f9\",\"name\":\"Juan Dagnino NOTICIASMERCEDINAS.COM\",\"image\":{\"@type\":\"ImageObject\",\"inLanguage\":\"es\",\"@id\":\"https:\\\/\\\/secure.gravatar.com\\\/avatar\\\/fc7059a769f5a3cae65fadb228a3e4accf3a64b4b2305020d0a27e6d5333c91b?s=96&d=mm&r=g\",\"url\":\"https:\\\/\\\/secure.gravatar.com\\\/avatar\\\/fc7059a769f5a3cae65fadb228a3e4accf3a64b4b2305020d0a27e6d5333c91b?s=96&d=mm&r=g\",\"contentUrl\":\"https:\\\/\\\/secure.gravatar.com\\\/avatar\\\/fc7059a769f5a3cae65fadb228a3e4accf3a64b4b2305020d0a27e6d5333c91b?s=96&d=mm&r=g\",\"caption\":\"Juan Dagnino NOTICIASMERCEDINAS.COM\"},\"url\":\"https:\\\/\\\/noticiasmercedinas.com\\\/site\\\/author\\\/juandagnino\\\/\"}]}<\/script>\n<!-- \/ Yoast SEO plugin. -->","yoast_head_json":{"title":"Flandria se despacha con un esperado triunfo","robots":{"index":"index","follow":"follow","max-snippet":"max-snippet:-1","max-image-preview":"max-image-preview:large","max-video-preview":"max-video-preview:-1"},"canonical":"https:\/\/noticiasmercedinas.com\/site\/2022\/03\/12\/flandria-se-despacha-con-un-esperado-triunfo\/","og_locale":"es_ES","og_type":"article","og_title":"Flandria se despacha con un esperado triunfo","og_description":"\u25a0 Tras estar abajo en el marcador le termin\u00f3 ganado 2-1 a Atl\u00e9tico Rafaela en J\u00e1uregui. Fueron los primeros tres puntos del \u201cCanario\u201d en la Primera Nacional. Ahora se viene Santamarina en Tandil.","og_url":"https:\/\/noticiasmercedinas.com\/site\/2022\/03\/12\/flandria-se-despacha-con-un-esperado-triunfo\/","og_site_name":"NOTICIASMERCEDINAS.COM","article_publisher":"https:\/\/www.facebook.com\/noticiasmercedinas\/","article_published_time":"2022-03-12T23:08:08+00:00","og_image":[{"width":1152,"height":864,"url":"https:\/\/noticiasmercedinas.com\/site\/wp-content\/uploads\/2022\/03\/rafa.jpg","type":"image\/jpeg"}],"author":"Juan Dagnino NOTICIASMERCEDINAS.COM","twitter_card":"summary_large_image","twitter_creator":"@notmercedinas","twitter_site":"@notmercedinas","twitter_misc":{"Escrito por":"Juan Dagnino NOTICIASMERCEDINAS.COM","Tiempo de lectura":"2 minutos"},"schema":{"@context":"https:\/\/schema.org","@graph":[{"@type":"Article","@id":"https:\/\/noticiasmercedinas.com\/site\/2022\/03\/12\/flandria-se-despacha-con-un-esperado-triunfo\/#article","isPartOf":{"@id":"https:\/\/noticiasmercedinas.com\/site\/2022\/03\/12\/flandria-se-despacha-con-un-esperado-triunfo\/"},"author":{"name":"Juan Dagnino NOTICIASMERCEDINAS.COM","@id":"https:\/\/noticiasmercedinas.com\/site\/#\/schema\/person\/8f2f09d666ef40986eba4a5e6f2a06f9"},"headline":"Flandria se despacha con un esperado triunfo","datePublished":"2022-03-12T23:08:08+00:00","mainEntityOfPage":{"@id":"https:\/\/noticiasmercedinas.com\/site\/2022\/03\/12\/flandria-se-despacha-con-un-esperado-triunfo\/"},"wordCount":232,"commentCount":0,"publisher":{"@id":"https:\/\/noticiasmercedinas.com\/site\/#organization"},"image":{"@id":"https:\/\/noticiasmercedinas.com\/site\/2022\/03\/12\/flandria-se-despacha-con-un-esperado-triunfo\/#primaryimage"},"thumbnailUrl":"https:\/\/noticiasmercedinas.com\/site\/wp-content\/uploads\/2022\/03\/rafa.jpg","keywords":["Club Flandria","primera nacional"],"articleSection":["Deportes"],"inLanguage":"es","potentialAction":[{"@type":"CommentAction","name":"Comment","target":["https:\/\/noticiasmercedinas.com\/site\/2022\/03\/12\/flandria-se-despacha-con-un-esperado-triunfo\/#respond"]}]},{"@type":"WebPage","@id":"https:\/\/noticiasmercedinas.com\/site\/2022\/03\/12\/flandria-se-despacha-con-un-esperado-triunfo\/","url":"https:\/\/noticiasmercedinas.com\/site\/2022\/03\/12\/flandria-se-despacha-con-un-esperado-triunfo\/","name":"Flandria se despacha con un esperado triunfo","isPartOf":{"@id":"https:\/\/noticiasmercedinas.com\/site\/#website"},"primaryImageOfPage":{"@id":"https:\/\/noticiasmercedinas.com\/site\/2022\/03\/12\/flandria-se-despacha-con-un-esperado-triunfo\/#primaryimage"},"image":{"@id":"https:\/\/noticiasmercedinas.com\/site\/2022\/03\/12\/flandria-se-despacha-con-un-esperado-triunfo\/#primaryimage"},"thumbnailUrl":"https:\/\/noticiasmercedinas.com\/site\/wp-content\/uploads\/2022\/03\/rafa.jpg","datePublished":"2022-03-12T23:08:08+00:00","breadcrumb":{"@id":"https:\/\/noticiasmercedinas.com\/site\/2022\/03\/12\/flandria-se-despacha-con-un-esperado-triunfo\/#breadcrumb"},"inLanguage":"es","potentialAction":[{"@type":"ReadAction","target":["https:\/\/noticiasmercedinas.com\/site\/2022\/03\/12\/flandria-se-despacha-con-un-esperado-triunfo\/"]}]},{"@type":"ImageObject","inLanguage":"es","@id":"https:\/\/noticiasmercedinas.com\/site\/2022\/03\/12\/flandria-se-despacha-con-un-esperado-triunfo\/#primaryimage","url":"https:\/\/noticiasmercedinas.com\/site\/wp-content\/uploads\/2022\/03\/rafa.jpg","contentUrl":"https:\/\/noticiasmercedinas.com\/site\/wp-content\/uploads\/2022\/03\/rafa.jpg","width":1152,"height":864},{"@type":"BreadcrumbList","@id":"https:\/\/noticiasmercedinas.com\/site\/2022\/03\/12\/flandria-se-despacha-con-un-esperado-triunfo\/#breadcrumb","itemListElement":[{"@type":"ListItem","position":1,"name":"Portada","item":"https:\/\/noticiasmercedinas.com\/site\/"},{"@type":"ListItem","position":2,"name":"Flandria se despacha con un esperado triunfo"}]},{"@type":"WebSite","@id":"https:\/\/noticiasmercedinas.com\/site\/#website","url":"https:\/\/noticiasmercedinas.com\/site\/","name":"NOTICIASMERCEDINAS.COM","description":"Mercedes, Buenos Aires, Argentina","publisher":{"@id":"https:\/\/noticiasmercedinas.com\/site\/#organization"},"potentialAction":[{"@type":"SearchAction","target":{"@type":"EntryPoint","urlTemplate":"https:\/\/noticiasmercedinas.com\/site\/?s={search_term_string}"},"query-input":{"@type":"PropertyValueSpecification","valueRequired":true,"valueName":"search_term_string"}}],"inLanguage":"es"},{"@type":"Organization","@id":"https:\/\/noticiasmercedinas.com\/site\/#organization","name":"NOTICIASMERCEDINAS.COM","url":"https:\/\/noticiasmercedinas.com\/site\/","logo":{"@type":"ImageObject","inLanguage":"es","@id":"https:\/\/noticiasmercedinas.com\/site\/#\/schema\/logo\/image\/","url":"https:\/\/noticiasmercedinas.com\/site\/wp-content\/uploads\/2020\/06\/LOGO-512.jpg","contentUrl":"https:\/\/noticiasmercedinas.com\/site\/wp-content\/uploads\/2020\/06\/LOGO-512.jpg","width":512,"height":512,"caption":"NOTICIASMERCEDINAS.COM"},"image":{"@id":"https:\/\/noticiasmercedinas.com\/site\/#\/schema\/logo\/image\/"},"sameAs":["https:\/\/www.facebook.com\/noticiasmercedinas\/","https:\/\/x.com\/notmercedinas","https:\/\/www.instagram.com\/noticiasmercedinas\/"]},{"@type":"Person","@id":"https:\/\/noticiasmercedinas.com\/site\/#\/schema\/person\/8f2f09d666ef40986eba4a5e6f2a06f9","name":"Juan Dagnino NOTICIASMERCEDINAS.COM","image":{"@type":"ImageObject","inLanguage":"es","@id":"https:\/\/secure.gravatar.com\/avatar\/fc7059a769f5a3cae65fadb228a3e4accf3a64b4b2305020d0a27e6d5333c91b?s=96&d=mm&r=g","url":"https:\/\/secure.gravatar.com\/avatar\/fc7059a769f5a3cae65fadb228a3e4accf3a64b4b2305020d0a27e6d5333c91b?s=96&d=mm&r=g","contentUrl":"https:\/\/secure.gravatar.com\/avatar\/fc7059a769f5a3cae65fadb228a3e4accf3a64b4b2305020d0a27e6d5333c91b?s=96&d=mm&r=g","caption":"Juan Dagnino NOTICIASMERCEDINAS.COM"},"url":"https:\/\/noticiasmercedinas.com\/site\/author\/juandagnino\/"}]}},"amp_enabled":true,"_links":{"self":[{"href":"https:\/\/noticiasmercedinas.com\/site\/wp-json\/wp\/v2\/posts\/86216","targetHints":{"allow":["GET"]}}],"collection":[{"href":"https:\/\/noticiasmercedinas.com\/site\/wp-json\/wp\/v2\/posts"}],"about":[{"href":"https:\/\/noticiasmercedinas.com\/site\/wp-json\/wp\/v2\/types\/post"}],"author":[{"embeddable":true,"href":"https:\/\/noticiasmercedinas.com\/site\/wp-json\/wp\/v2\/users\/6"}],"replies":[{"embeddable":true,"href":"https:\/\/noticiasmercedinas.com\/site\/wp-json\/wp\/v2\/comments?post=86216"}],"version-history":[{"count":1,"href":"https:\/\/noticiasmercedinas.com\/site\/wp-json\/wp\/v2\/posts\/86216\/revisions"}],"predecessor-version":[{"id":86218,"href":"https:\/\/noticiasmercedinas.com\/site\/wp-json\/wp\/v2\/posts\/86216\/revisions\/86218"}],"wp:featuredmedia":[{"embeddable":true,"href":"https:\/\/noticiasmercedinas.com\/site\/wp-json\/wp\/v2\/media\/86217"}],"wp:attachment":[{"href":"https:\/\/noticiasmercedinas.com\/site\/wp-json\/wp\/v2\/media?parent=86216"}],"wp:term":[{"taxonomy":"category","embeddable":true,"href":"https:\/\/noticiasmercedinas.com\/site\/wp-json\/wp\/v2\/categories?post=86216"},{"taxonomy":"post_tag","embeddable":true,"href":"https:\/\/noticiasmercedinas.com\/site\/wp-json\/wp\/v2\/tags?post=86216"}],"curies":[{"name":"wp","href":"https:\/\/api.w.org\/{rel}","templated":true}]}}