{"id":86399,"date":"2022-03-15T16:45:41","date_gmt":"2022-03-15T19:45:41","guid":{"rendered":"https:\/\/noticiasmercedinas.com\/site\/?p=86399"},"modified":"2022-03-15T16:45:56","modified_gmt":"2022-03-15T19:45:56","slug":"carbap-rechaza-aumento-en-las-retenciones-e-insta-al-gobernador-a-interceder","status":"publish","type":"post","link":"https:\/\/noticiasmercedinas.com\/site\/2022\/03\/15\/carbap-rechaza-aumento-en-las-retenciones-e-insta-al-gobernador-a-interceder\/","title":{"rendered":"CARBAP rechaza aumento en las retenciones e insta al Gobernador a interceder"},"content":{"rendered":"<p><img loading=\"lazy\" decoding=\"async\" class=\"alignnone size-full wp-image-86400\" src=\"https:\/\/noticiasmercedinas.com\/site\/wp-content\/uploads\/2022\/03\/Depositphotos_18058137_S-e1647373427325.jpg\" alt=\"\" width=\"640\" height=\"425\" \/><\/p>\n<p>La Confederaci\u00f3n de Asociaciones Rurales de Buenos Aires y La Pampa (CARBAP) rechaza cualquier tipo de aumento en las al\u00edcuotas de retenciones actuales, \u00abtal cual hace sospechar la suspensi\u00f3n de exportaciones de aceite y harina de soja del pasado 13 de marzo\u00bb, como as\u00ed tambi\u00e9n la creaci\u00f3n de fideicomisos \u00abque generan distorsiones adicionales y encubiertas en los mercados\u00bb.<\/p>\n<p>\u00abEs indispensable en esta coyuntura que atraviesa el mundo dar se\u00f1ales claras y precisas al sector productivo para que pueda desarrollar todo el potencial necesario para proveer de alimentos a los argentinos y al mundo\u00bb, sostienen y por eso le solicitan al Gobernador de Buenos Aires Axel Kicillof interceder en el tema.<\/p>\n<p>\u00abEn ese sentido resultan contradictorias los rumores, acciones y expresiones de muchos funcionarios del gobierno que se contraponen con las expresadas d\u00edas pasado en la muestra Expoagro, al ratificar que no habr\u00eda modificaci\u00f3n alguna en el esquema de retenciones\u00bb, dicen desde CARBAP.<\/p>\n<p>\u00abLos aumentos en los alimentos que parece preocupar al Gobierno est\u00e1 atado a innumerables variables, muchas de ellas resorte del Gabinete Econ\u00f3mico, como la baja del IVA, el control inflacionario, el achicamiento del gasto pol\u00edtico o la baja de impuestos y tasas distorsivas entre otras\u00bb, opinan.<\/p>\n<p>\u00abEs por eso, que para no detener el crecimiento sectorial en nuestra provincia de Buenos Aires, le solicitamos al Gobernador Axel Kicillof interceda como lo han hecho otros mandatarios ante el presidente Alberto Fernandez para que no se vuelva a cometer el mismo error de querer enfrentar al campo como en el 2008 por el tema retenciones. El campo ha dado vastas muestras de su potencial de crecimiento, siempre y cuando se le den se\u00f1ales claras y pol\u00edticas sustentables y previsibles\u00bb, concluyen.<\/p>\n","protected":false},"excerpt":{"rendered":"<p>La Confederaci\u00f3n de Asociaciones Rurales de Buenos Aires y La Pampa (CARBAP) rechaza cualquier tipo de aumento en las al\u00edcuotas de retenciones actuales, \u00abtal cual hace sospechar la suspensi\u00f3n de exportaciones de aceite y harina de soja del pasado 13 de marzo\u00bb, como as\u00ed tambi\u00e9n la creaci\u00f3n de fideicomisos \u00abque generan distorsiones adicionales y encubiertas [&hellip;]<\/p>\n","protected":false},"author":16,"featured_media":86400,"comment_status":"open","ping_status":"open","sticky":false,"template":"","format":"standard","meta":{"footnotes":""},"categories":[9527],"tags":[3887,3019,7674],"class_list":["post-86399","post","type-post","status-publish","format-standard","has-post-thumbnail","hentry","category-campo","tag-campo","tag-carbap","tag-retenciones"],"yoast_head":"<!-- This site is optimized with the Yoast SEO plugin v27.4 - https:\/\/yoast.com\/product\/yoast-seo-wordpress\/ -->\n<title>CARBAP rechaza aumento en las retenciones e insta al Gobernador a interceder<\/title>\n<meta name=\"robots\" content=\"index, follow, max-snippet:-1, max-image-preview:large, max-video-preview:-1\" \/>\n<link rel=\"canonical\" href=\"https:\/\/noticiasmercedinas.com\/site\/2022\/03\/15\/carbap-rechaza-aumento-en-las-retenciones-e-insta-al-gobernador-a-interceder\/\" \/>\n<meta property=\"og:locale\" content=\"es_ES\" \/>\n<meta property=\"og:type\" content=\"article\" \/>\n<meta property=\"og:title\" content=\"CARBAP rechaza aumento en las retenciones e insta al Gobernador a interceder\" \/>\n<meta property=\"og:description\" content=\"La Confederaci\u00f3n de Asociaciones Rurales de Buenos Aires y La Pampa (CARBAP) rechaza cualquier tipo de aumento en las al\u00edcuotas de retenciones actuales, \u00abtal cual hace sospechar la suspensi\u00f3n de exportaciones de aceite y harina de soja del pasado 13 de marzo\u00bb, como as\u00ed tambi\u00e9n la creaci\u00f3n de fideicomisos \u00abque generan distorsiones adicionales y encubiertas [&hellip;]\" \/>\n<meta property=\"og:url\" content=\"https:\/\/noticiasmercedinas.com\/site\/2022\/03\/15\/carbap-rechaza-aumento-en-las-retenciones-e-insta-al-gobernador-a-interceder\/\" \/>\n<meta property=\"og:site_name\" content=\"NOTICIASMERCEDINAS.COM\" \/>\n<meta property=\"article:publisher\" content=\"https:\/\/www.facebook.com\/noticiasmercedinas\/\" \/>\n<meta property=\"article:published_time\" content=\"2022-03-15T19:45:41+00:00\" \/>\n<meta property=\"article:modified_time\" content=\"2022-03-15T19:45:56+00:00\" \/>\n<meta property=\"og:image\" content=\"https:\/\/noticiasmercedinas.com\/site\/wp-content\/uploads\/2022\/03\/Depositphotos_18058137_S-e1647373427325.jpg\" \/>\n\t<meta property=\"og:image:width\" content=\"640\" \/>\n\t<meta property=\"og:image:height\" content=\"425\" \/>\n\t<meta property=\"og:image:type\" content=\"image\/jpeg\" \/>\n<meta name=\"author\" content=\"NOTICIASMERCEDINAS.COM\" \/>\n<meta name=\"twitter:card\" content=\"summary_large_image\" \/>\n<meta name=\"twitter:creator\" content=\"@notmercedinas\" \/>\n<meta name=\"twitter:site\" content=\"@notmercedinas\" \/>\n<meta name=\"twitter:label1\" content=\"Escrito por\" \/>\n\t<meta name=\"twitter:data1\" content=\"NOTICIASMERCEDINAS.COM\" \/>\n\t<meta name=\"twitter:label2\" content=\"Tiempo de lectura\" \/>\n\t<meta name=\"twitter:data2\" content=\"1 minuto\" \/>\n<script type=\"application\/ld+json\" class=\"yoast-schema-graph\">{\"@context\":\"https:\\\/\\\/schema.org\",\"@graph\":[{\"@type\":\"Article\",\"@id\":\"https:\\\/\\\/noticiasmercedinas.com\\\/site\\\/2022\\\/03\\\/15\\\/carbap-rechaza-aumento-en-las-retenciones-e-insta-al-gobernador-a-interceder\\\/#article\",\"isPartOf\":{\"@id\":\"https:\\\/\\\/noticiasmercedinas.com\\\/site\\\/2022\\\/03\\\/15\\\/carbap-rechaza-aumento-en-las-retenciones-e-insta-al-gobernador-a-interceder\\\/\"},\"author\":{\"name\":\"NOTICIASMERCEDINAS.COM\",\"@id\":\"https:\\\/\\\/noticiasmercedinas.com\\\/site\\\/#\\\/schema\\\/person\\\/84b59c099c28ff2e8b77d4ceec5d8063\"},\"headline\":\"CARBAP rechaza aumento en las retenciones e insta al Gobernador a interceder\",\"datePublished\":\"2022-03-15T19:45:41+00:00\",\"dateModified\":\"2022-03-15T19:45:56+00:00\",\"mainEntityOfPage\":{\"@id\":\"https:\\\/\\\/noticiasmercedinas.com\\\/site\\\/2022\\\/03\\\/15\\\/carbap-rechaza-aumento-en-las-retenciones-e-insta-al-gobernador-a-interceder\\\/\"},\"wordCount\":303,\"commentCount\":0,\"publisher\":{\"@id\":\"https:\\\/\\\/noticiasmercedinas.com\\\/site\\\/#organization\"},\"image\":{\"@id\":\"https:\\\/\\\/noticiasmercedinas.com\\\/site\\\/2022\\\/03\\\/15\\\/carbap-rechaza-aumento-en-las-retenciones-e-insta-al-gobernador-a-interceder\\\/#primaryimage\"},\"thumbnailUrl\":\"https:\\\/\\\/noticiasmercedinas.com\\\/site\\\/wp-content\\\/uploads\\\/2022\\\/03\\\/Depositphotos_18058137_S-e1647373427325.jpg\",\"keywords\":[\"campo\",\"carbap\",\"retenciones\"],\"articleSection\":[\"Campo\"],\"inLanguage\":\"es\",\"potentialAction\":[{\"@type\":\"CommentAction\",\"name\":\"Comment\",\"target\":[\"https:\\\/\\\/noticiasmercedinas.com\\\/site\\\/2022\\\/03\\\/15\\\/carbap-rechaza-aumento-en-las-retenciones-e-insta-al-gobernador-a-interceder\\\/#respond\"]}]},{\"@type\":\"WebPage\",\"@id\":\"https:\\\/\\\/noticiasmercedinas.com\\\/site\\\/2022\\\/03\\\/15\\\/carbap-rechaza-aumento-en-las-retenciones-e-insta-al-gobernador-a-interceder\\\/\",\"url\":\"https:\\\/\\\/noticiasmercedinas.com\\\/site\\\/2022\\\/03\\\/15\\\/carbap-rechaza-aumento-en-las-retenciones-e-insta-al-gobernador-a-interceder\\\/\",\"name\":\"CARBAP rechaza aumento en las retenciones e insta al Gobernador a interceder\",\"isPartOf\":{\"@id\":\"https:\\\/\\\/noticiasmercedinas.com\\\/site\\\/#website\"},\"primaryImageOfPage\":{\"@id\":\"https:\\\/\\\/noticiasmercedinas.com\\\/site\\\/2022\\\/03\\\/15\\\/carbap-rechaza-aumento-en-las-retenciones-e-insta-al-gobernador-a-interceder\\\/#primaryimage\"},\"image\":{\"@id\":\"https:\\\/\\\/noticiasmercedinas.com\\\/site\\\/2022\\\/03\\\/15\\\/carbap-rechaza-aumento-en-las-retenciones-e-insta-al-gobernador-a-interceder\\\/#primaryimage\"},\"thumbnailUrl\":\"https:\\\/\\\/noticiasmercedinas.com\\\/site\\\/wp-content\\\/uploads\\\/2022\\\/03\\\/Depositphotos_18058137_S-e1647373427325.jpg\",\"datePublished\":\"2022-03-15T19:45:41+00:00\",\"dateModified\":\"2022-03-15T19:45:56+00:00\",\"breadcrumb\":{\"@id\":\"https:\\\/\\\/noticiasmercedinas.com\\\/site\\\/2022\\\/03\\\/15\\\/carbap-rechaza-aumento-en-las-retenciones-e-insta-al-gobernador-a-interceder\\\/#breadcrumb\"},\"inLanguage\":\"es\",\"potentialAction\":[{\"@type\":\"ReadAction\",\"target\":[\"https:\\\/\\\/noticiasmercedinas.com\\\/site\\\/2022\\\/03\\\/15\\\/carbap-rechaza-aumento-en-las-retenciones-e-insta-al-gobernador-a-interceder\\\/\"]}]},{\"@type\":\"ImageObject\",\"inLanguage\":\"es\",\"@id\":\"https:\\\/\\\/noticiasmercedinas.com\\\/site\\\/2022\\\/03\\\/15\\\/carbap-rechaza-aumento-en-las-retenciones-e-insta-al-gobernador-a-interceder\\\/#primaryimage\",\"url\":\"https:\\\/\\\/noticiasmercedinas.com\\\/site\\\/wp-content\\\/uploads\\\/2022\\\/03\\\/Depositphotos_18058137_S-e1647373427325.jpg\",\"contentUrl\":\"https:\\\/\\\/noticiasmercedinas.com\\\/site\\\/wp-content\\\/uploads\\\/2022\\\/03\\\/Depositphotos_18058137_S-e1647373427325.jpg\",\"width\":640,\"height\":425},{\"@type\":\"BreadcrumbList\",\"@id\":\"https:\\\/\\\/noticiasmercedinas.com\\\/site\\\/2022\\\/03\\\/15\\\/carbap-rechaza-aumento-en-las-retenciones-e-insta-al-gobernador-a-interceder\\\/#breadcrumb\",\"itemListElement\":[{\"@type\":\"ListItem\",\"position\":1,\"name\":\"Portada\",\"item\":\"https:\\\/\\\/noticiasmercedinas.com\\\/site\\\/\"},{\"@type\":\"ListItem\",\"position\":2,\"name\":\"CARBAP rechaza aumento en las retenciones e insta al Gobernador a interceder\"}]},{\"@type\":\"WebSite\",\"@id\":\"https:\\\/\\\/noticiasmercedinas.com\\\/site\\\/#website\",\"url\":\"https:\\\/\\\/noticiasmercedinas.com\\\/site\\\/\",\"name\":\"NOTICIASMERCEDINAS.COM\",\"description\":\"Mercedes, Buenos Aires, Argentina\",\"publisher\":{\"@id\":\"https:\\\/\\\/noticiasmercedinas.com\\\/site\\\/#organization\"},\"potentialAction\":[{\"@type\":\"SearchAction\",\"target\":{\"@type\":\"EntryPoint\",\"urlTemplate\":\"https:\\\/\\\/noticiasmercedinas.com\\\/site\\\/?s={search_term_string}\"},\"query-input\":{\"@type\":\"PropertyValueSpecification\",\"valueRequired\":true,\"valueName\":\"search_term_string\"}}],\"inLanguage\":\"es\"},{\"@type\":\"Organization\",\"@id\":\"https:\\\/\\\/noticiasmercedinas.com\\\/site\\\/#organization\",\"name\":\"NOTICIASMERCEDINAS.COM\",\"url\":\"https:\\\/\\\/noticiasmercedinas.com\\\/site\\\/\",\"logo\":{\"@type\":\"ImageObject\",\"inLanguage\":\"es\",\"@id\":\"https:\\\/\\\/noticiasmercedinas.com\\\/site\\\/#\\\/schema\\\/logo\\\/image\\\/\",\"url\":\"https:\\\/\\\/noticiasmercedinas.com\\\/site\\\/wp-content\\\/uploads\\\/2020\\\/06\\\/LOGO-512.jpg\",\"contentUrl\":\"https:\\\/\\\/noticiasmercedinas.com\\\/site\\\/wp-content\\\/uploads\\\/2020\\\/06\\\/LOGO-512.jpg\",\"width\":512,\"height\":512,\"caption\":\"NOTICIASMERCEDINAS.COM\"},\"image\":{\"@id\":\"https:\\\/\\\/noticiasmercedinas.com\\\/site\\\/#\\\/schema\\\/logo\\\/image\\\/\"},\"sameAs\":[\"https:\\\/\\\/www.facebook.com\\\/noticiasmercedinas\\\/\",\"https:\\\/\\\/x.com\\\/notmercedinas\",\"https:\\\/\\\/www.instagram.com\\\/noticiasmercedinas\\\/\"]},{\"@type\":\"Person\",\"@id\":\"https:\\\/\\\/noticiasmercedinas.com\\\/site\\\/#\\\/schema\\\/person\\\/84b59c099c28ff2e8b77d4ceec5d8063\",\"name\":\"NOTICIASMERCEDINAS.COM\",\"image\":{\"@type\":\"ImageObject\",\"inLanguage\":\"es\",\"@id\":\"https:\\\/\\\/secure.gravatar.com\\\/avatar\\\/4dfbf16b4d17945bfb6341b2d19043457132fcf478a5ee04f42e959fd8f5df0a?s=96&d=mm&r=g\",\"url\":\"https:\\\/\\\/secure.gravatar.com\\\/avatar\\\/4dfbf16b4d17945bfb6341b2d19043457132fcf478a5ee04f42e959fd8f5df0a?s=96&d=mm&r=g\",\"contentUrl\":\"https:\\\/\\\/secure.gravatar.com\\\/avatar\\\/4dfbf16b4d17945bfb6341b2d19043457132fcf478a5ee04f42e959fd8f5df0a?s=96&d=mm&r=g\",\"caption\":\"NOTICIASMERCEDINAS.COM\"},\"url\":\"https:\\\/\\\/noticiasmercedinas.com\\\/site\\\/author\\\/anonimo\\\/\"}]}<\/script>\n<!-- \/ Yoast SEO plugin. -->","yoast_head_json":{"title":"CARBAP rechaza aumento en las retenciones e insta al Gobernador a interceder","robots":{"index":"index","follow":"follow","max-snippet":"max-snippet:-1","max-image-preview":"max-image-preview:large","max-video-preview":"max-video-preview:-1"},"canonical":"https:\/\/noticiasmercedinas.com\/site\/2022\/03\/15\/carbap-rechaza-aumento-en-las-retenciones-e-insta-al-gobernador-a-interceder\/","og_locale":"es_ES","og_type":"article","og_title":"CARBAP rechaza aumento en las retenciones e insta al Gobernador a interceder","og_description":"La Confederaci\u00f3n de Asociaciones Rurales de Buenos Aires y La Pampa (CARBAP) rechaza cualquier tipo de aumento en las al\u00edcuotas de retenciones actuales, \u00abtal cual hace sospechar la suspensi\u00f3n de exportaciones de aceite y harina de soja del pasado 13 de marzo\u00bb, como as\u00ed tambi\u00e9n la creaci\u00f3n de fideicomisos \u00abque generan distorsiones adicionales y encubiertas [&hellip;]","og_url":"https:\/\/noticiasmercedinas.com\/site\/2022\/03\/15\/carbap-rechaza-aumento-en-las-retenciones-e-insta-al-gobernador-a-interceder\/","og_site_name":"NOTICIASMERCEDINAS.COM","article_publisher":"https:\/\/www.facebook.com\/noticiasmercedinas\/","article_published_time":"2022-03-15T19:45:41+00:00","article_modified_time":"2022-03-15T19:45:56+00:00","og_image":[{"width":640,"height":425,"url":"https:\/\/noticiasmercedinas.com\/site\/wp-content\/uploads\/2022\/03\/Depositphotos_18058137_S-e1647373427325.jpg","type":"image\/jpeg"}],"author":"NOTICIASMERCEDINAS.COM","twitter_card":"summary_large_image","twitter_creator":"@notmercedinas","twitter_site":"@notmercedinas","twitter_misc":{"Escrito por":"NOTICIASMERCEDINAS.COM","Tiempo de lectura":"1 minuto"},"schema":{"@context":"https:\/\/schema.org","@graph":[{"@type":"Article","@id":"https:\/\/noticiasmercedinas.com\/site\/2022\/03\/15\/carbap-rechaza-aumento-en-las-retenciones-e-insta-al-gobernador-a-interceder\/#article","isPartOf":{"@id":"https:\/\/noticiasmercedinas.com\/site\/2022\/03\/15\/carbap-rechaza-aumento-en-las-retenciones-e-insta-al-gobernador-a-interceder\/"},"author":{"name":"NOTICIASMERCEDINAS.COM","@id":"https:\/\/noticiasmercedinas.com\/site\/#\/schema\/person\/84b59c099c28ff2e8b77d4ceec5d8063"},"headline":"CARBAP rechaza aumento en las retenciones e insta al Gobernador a interceder","datePublished":"2022-03-15T19:45:41+00:00","dateModified":"2022-03-15T19:45:56+00:00","mainEntityOfPage":{"@id":"https:\/\/noticiasmercedinas.com\/site\/2022\/03\/15\/carbap-rechaza-aumento-en-las-retenciones-e-insta-al-gobernador-a-interceder\/"},"wordCount":303,"commentCount":0,"publisher":{"@id":"https:\/\/noticiasmercedinas.com\/site\/#organization"},"image":{"@id":"https:\/\/noticiasmercedinas.com\/site\/2022\/03\/15\/carbap-rechaza-aumento-en-las-retenciones-e-insta-al-gobernador-a-interceder\/#primaryimage"},"thumbnailUrl":"https:\/\/noticiasmercedinas.com\/site\/wp-content\/uploads\/2022\/03\/Depositphotos_18058137_S-e1647373427325.jpg","keywords":["campo","carbap","retenciones"],"articleSection":["Campo"],"inLanguage":"es","potentialAction":[{"@type":"CommentAction","name":"Comment","target":["https:\/\/noticiasmercedinas.com\/site\/2022\/03\/15\/carbap-rechaza-aumento-en-las-retenciones-e-insta-al-gobernador-a-interceder\/#respond"]}]},{"@type":"WebPage","@id":"https:\/\/noticiasmercedinas.com\/site\/2022\/03\/15\/carbap-rechaza-aumento-en-las-retenciones-e-insta-al-gobernador-a-interceder\/","url":"https:\/\/noticiasmercedinas.com\/site\/2022\/03\/15\/carbap-rechaza-aumento-en-las-retenciones-e-insta-al-gobernador-a-interceder\/","name":"CARBAP rechaza aumento en las retenciones e insta al Gobernador a interceder","isPartOf":{"@id":"https:\/\/noticiasmercedinas.com\/site\/#website"},"primaryImageOfPage":{"@id":"https:\/\/noticiasmercedinas.com\/site\/2022\/03\/15\/carbap-rechaza-aumento-en-las-retenciones-e-insta-al-gobernador-a-interceder\/#primaryimage"},"image":{"@id":"https:\/\/noticiasmercedinas.com\/site\/2022\/03\/15\/carbap-rechaza-aumento-en-las-retenciones-e-insta-al-gobernador-a-interceder\/#primaryimage"},"thumbnailUrl":"https:\/\/noticiasmercedinas.com\/site\/wp-content\/uploads\/2022\/03\/Depositphotos_18058137_S-e1647373427325.jpg","datePublished":"2022-03-15T19:45:41+00:00","dateModified":"2022-03-15T19:45:56+00:00","breadcrumb":{"@id":"https:\/\/noticiasmercedinas.com\/site\/2022\/03\/15\/carbap-rechaza-aumento-en-las-retenciones-e-insta-al-gobernador-a-interceder\/#breadcrumb"},"inLanguage":"es","potentialAction":[{"@type":"ReadAction","target":["https:\/\/noticiasmercedinas.com\/site\/2022\/03\/15\/carbap-rechaza-aumento-en-las-retenciones-e-insta-al-gobernador-a-interceder\/"]}]},{"@type":"ImageObject","inLanguage":"es","@id":"https:\/\/noticiasmercedinas.com\/site\/2022\/03\/15\/carbap-rechaza-aumento-en-las-retenciones-e-insta-al-gobernador-a-interceder\/#primaryimage","url":"https:\/\/noticiasmercedinas.com\/site\/wp-content\/uploads\/2022\/03\/Depositphotos_18058137_S-e1647373427325.jpg","contentUrl":"https:\/\/noticiasmercedinas.com\/site\/wp-content\/uploads\/2022\/03\/Depositphotos_18058137_S-e1647373427325.jpg","width":640,"height":425},{"@type":"BreadcrumbList","@id":"https:\/\/noticiasmercedinas.com\/site\/2022\/03\/15\/carbap-rechaza-aumento-en-las-retenciones-e-insta-al-gobernador-a-interceder\/#breadcrumb","itemListElement":[{"@type":"ListItem","position":1,"name":"Portada","item":"https:\/\/noticiasmercedinas.com\/site\/"},{"@type":"ListItem","position":2,"name":"CARBAP rechaza aumento en las retenciones e insta al Gobernador a interceder"}]},{"@type":"WebSite","@id":"https:\/\/noticiasmercedinas.com\/site\/#website","url":"https:\/\/noticiasmercedinas.com\/site\/","name":"NOTICIASMERCEDINAS.COM","description":"Mercedes, Buenos Aires, Argentina","publisher":{"@id":"https:\/\/noticiasmercedinas.com\/site\/#organization"},"potentialAction":[{"@type":"SearchAction","target":{"@type":"EntryPoint","urlTemplate":"https:\/\/noticiasmercedinas.com\/site\/?s={search_term_string}"},"query-input":{"@type":"PropertyValueSpecification","valueRequired":true,"valueName":"search_term_string"}}],"inLanguage":"es"},{"@type":"Organization","@id":"https:\/\/noticiasmercedinas.com\/site\/#organization","name":"NOTICIASMERCEDINAS.COM","url":"https:\/\/noticiasmercedinas.com\/site\/","logo":{"@type":"ImageObject","inLanguage":"es","@id":"https:\/\/noticiasmercedinas.com\/site\/#\/schema\/logo\/image\/","url":"https:\/\/noticiasmercedinas.com\/site\/wp-content\/uploads\/2020\/06\/LOGO-512.jpg","contentUrl":"https:\/\/noticiasmercedinas.com\/site\/wp-content\/uploads\/2020\/06\/LOGO-512.jpg","width":512,"height":512,"caption":"NOTICIASMERCEDINAS.COM"},"image":{"@id":"https:\/\/noticiasmercedinas.com\/site\/#\/schema\/logo\/image\/"},"sameAs":["https:\/\/www.facebook.com\/noticiasmercedinas\/","https:\/\/x.com\/notmercedinas","https:\/\/www.instagram.com\/noticiasmercedinas\/"]},{"@type":"Person","@id":"https:\/\/noticiasmercedinas.com\/site\/#\/schema\/person\/84b59c099c28ff2e8b77d4ceec5d8063","name":"NOTICIASMERCEDINAS.COM","image":{"@type":"ImageObject","inLanguage":"es","@id":"https:\/\/secure.gravatar.com\/avatar\/4dfbf16b4d17945bfb6341b2d19043457132fcf478a5ee04f42e959fd8f5df0a?s=96&d=mm&r=g","url":"https:\/\/secure.gravatar.com\/avatar\/4dfbf16b4d17945bfb6341b2d19043457132fcf478a5ee04f42e959fd8f5df0a?s=96&d=mm&r=g","contentUrl":"https:\/\/secure.gravatar.com\/avatar\/4dfbf16b4d17945bfb6341b2d19043457132fcf478a5ee04f42e959fd8f5df0a?s=96&d=mm&r=g","caption":"NOTICIASMERCEDINAS.COM"},"url":"https:\/\/noticiasmercedinas.com\/site\/author\/anonimo\/"}]}},"amp_enabled":true,"_links":{"self":[{"href":"https:\/\/noticiasmercedinas.com\/site\/wp-json\/wp\/v2\/posts\/86399","targetHints":{"allow":["GET"]}}],"collection":[{"href":"https:\/\/noticiasmercedinas.com\/site\/wp-json\/wp\/v2\/posts"}],"about":[{"href":"https:\/\/noticiasmercedinas.com\/site\/wp-json\/wp\/v2\/types\/post"}],"author":[{"embeddable":true,"href":"https:\/\/noticiasmercedinas.com\/site\/wp-json\/wp\/v2\/users\/16"}],"replies":[{"embeddable":true,"href":"https:\/\/noticiasmercedinas.com\/site\/wp-json\/wp\/v2\/comments?post=86399"}],"version-history":[{"count":2,"href":"https:\/\/noticiasmercedinas.com\/site\/wp-json\/wp\/v2\/posts\/86399\/revisions"}],"predecessor-version":[{"id":86402,"href":"https:\/\/noticiasmercedinas.com\/site\/wp-json\/wp\/v2\/posts\/86399\/revisions\/86402"}],"wp:featuredmedia":[{"embeddable":true,"href":"https:\/\/noticiasmercedinas.com\/site\/wp-json\/wp\/v2\/media\/86400"}],"wp:attachment":[{"href":"https:\/\/noticiasmercedinas.com\/site\/wp-json\/wp\/v2\/media?parent=86399"}],"wp:term":[{"taxonomy":"category","embeddable":true,"href":"https:\/\/noticiasmercedinas.com\/site\/wp-json\/wp\/v2\/categories?post=86399"},{"taxonomy":"post_tag","embeddable":true,"href":"https:\/\/noticiasmercedinas.com\/site\/wp-json\/wp\/v2\/tags?post=86399"}],"curies":[{"name":"wp","href":"https:\/\/api.w.org\/{rel}","templated":true}]}}