{"id":8652,"date":"2018-12-09T11:10:30","date_gmt":"2018-12-09T14:10:30","guid":{"rendered":"https:\/\/noticiasmercedinas.com\/site\/?p=8652"},"modified":"2018-12-09T11:10:30","modified_gmt":"2018-12-09T14:10:30","slug":"de-pedro-y-diputados-piden-a-la-procuraduria-contra-la-violencia-institucional-que-tome-posicion","status":"publish","type":"post","link":"https:\/\/noticiasmercedinas.com\/site\/2018\/12\/09\/de-pedro-y-diputados-piden-a-la-procuraduria-contra-la-violencia-institucional-que-tome-posicion\/","title":{"rendered":"De Pedro y diputados piden a la Procuradur\u00eda contra la Violencia Institucional que tome posici\u00f3n"},"content":{"rendered":"<p><strong>Varios legisladores nacionales exigen que tome posici\u00f3n con respecto al protocolo Bullrich. \u201cEste reglamento desconoce de modo franco todo los preceptos de la Constituci\u00f3n Nacional\u201d, sostuvieron<\/strong><\/p>\n<p><img loading=\"lazy\" decoding=\"async\" class=\"alignnone size-full wp-image-8653\" src=\"https:\/\/noticiasmercedinas.com\/site\/wp-content\/uploads\/2018\/12\/Bullrich-13-de-mayo-2018-620x400.jpg\" alt=\"\" width=\"620\" height=\"400\" srcset=\"https:\/\/noticiasmercedinas.com\/site\/wp-content\/uploads\/2018\/12\/Bullrich-13-de-mayo-2018-620x400.jpg 620w, https:\/\/noticiasmercedinas.com\/site\/wp-content\/uploads\/2018\/12\/Bullrich-13-de-mayo-2018-620x400-300x194.jpg 300w, https:\/\/noticiasmercedinas.com\/site\/wp-content\/uploads\/2018\/12\/Bullrich-13-de-mayo-2018-620x400-600x388.jpg 600w, https:\/\/noticiasmercedinas.com\/site\/wp-content\/uploads\/2018\/12\/Bullrich-13-de-mayo-2018-620x400-341x220.jpg 341w\" sizes=\"auto, (max-width: 620px) 100vw, 620px\" \/><\/p>\n<p>En la semana varios diputados nacionales, entre ellos el mercedino Eduardo De Pedro, firmaron y enviaron un documento a la Procuradur\u00eda contra la Violencia Institucional a cargo del Fiscal Andr\u00e9s Heim. La idea es que \u201cadopte una postura institucional y juridica respecto al Reglamento General para el Empleo de las Armas de Fuego por parte de los miembros de las fuerzas federales de seguridad aprobado por el ministerio de Seguridad de la Naci\u00f3n\u201d.<\/p>\n<p>En este sentido, diputados de variadas fuerzas pol\u00edticas como el citado De Pedro, Agust\u00edn Rossi, Victoria Donda, Daniel Arroyo y Nilda Garr\u00e9, entre otros, piden que la Procuradur\u00eda \u201cemita un pronunciamiento que se erija como referencia para todo el sistema de administraci\u00f3n de Justicia Federal Penal\u201d.<\/p>\n<p>\u201cNinguna de las acciones habilitadas por el reglamento puedan entenderse amparadas por la leg\u00edtima defensa o el cumplimiento del deber\u201d, sostuvieron, teniendo en cuenta el alcance del art\u00edculo 34 del C\u00f3digo Penal en casos que se encuentre en discusi\u00f3n.<\/p>\n<p>Por \u00faltimo, criticaron fuertemente el reglamento al expresar que \u201cson pocos los actos de gobierno democr\u00e1ticos que, como en este caso, avalan de tal manera la violencia institucional\u201d.<\/p>\n<p>Otros diputados que firmaron el documento enviado a la Procurador\u00eda son Leonardo Grosso, M\u00f3nica Macha, Cristina \u00c1lvarez Rodr\u00edguez, Adri\u00e1n Grana, Gabriela Cerruti, Nicol\u00e1s Del Ca\u00f1o, Carlos Castagneto, Romina Del Pl\u00e1, Jos\u00e9 Luis Gioja, Mar\u00eda Emilia Soria, Natalia Gonz\u00e1lez y Lucila De Ponti.<\/p>\n<p>&nbsp;<\/p>\n","protected":false},"excerpt":{"rendered":"<p>Varios legisladores nacionales exigen que tome posici\u00f3n con respecto al protocolo Bullrich. \u201cEste reglamento desconoce de modo franco todo los preceptos de la Constituci\u00f3n Nacional\u201d, sostuvieron En la semana varios diputados nacionales, entre ellos el mercedino Eduardo De Pedro, firmaron y enviaron un documento a la Procuradur\u00eda contra la Violencia Institucional a cargo del Fiscal [&hellip;]<\/p>\n","protected":false},"author":2,"featured_media":8653,"comment_status":"open","ping_status":"open","sticky":false,"template":"","format":"standard","meta":{"footnotes":""},"categories":[16],"tags":[407,2690,1604,174,324,2693,2691,2692],"class_list":["post-8652","post","type-post","status-publish","format-standard","has-post-thumbnail","hentry","category-politica","tag-agustin-rossi","tag-andres-heim","tag-daniel-arroyo","tag-diputados","tag-eduardo-de-pedro","tag-nilda-garre","tag-procuraduria","tag-victoria-donda"],"yoast_head":"<!-- This site is optimized with the Yoast SEO plugin v27.4 - https:\/\/yoast.com\/product\/yoast-seo-wordpress\/ -->\n<title>De Pedro y diputados piden a la Procuradur\u00eda contra la Violencia Institucional que tome posici\u00f3n<\/title>\n<meta name=\"robots\" content=\"index, follow, max-snippet:-1, max-image-preview:large, max-video-preview:-1\" \/>\n<link rel=\"canonical\" href=\"https:\/\/noticiasmercedinas.com\/site\/2018\/12\/09\/de-pedro-y-diputados-piden-a-la-procuraduria-contra-la-violencia-institucional-que-tome-posicion\/\" \/>\n<meta property=\"og:locale\" content=\"es_ES\" \/>\n<meta property=\"og:type\" content=\"article\" \/>\n<meta property=\"og:title\" content=\"De Pedro y diputados piden a la Procuradur\u00eda contra la Violencia Institucional que tome posici\u00f3n\" \/>\n<meta property=\"og:description\" content=\"Varios legisladores nacionales exigen que tome posici\u00f3n con respecto al protocolo Bullrich. \u201cEste reglamento desconoce de modo franco todo los preceptos de la Constituci\u00f3n Nacional\u201d, sostuvieron En la semana varios diputados nacionales, entre ellos el mercedino Eduardo De Pedro, firmaron y enviaron un documento a la Procuradur\u00eda contra la Violencia Institucional a cargo del Fiscal [&hellip;]\" \/>\n<meta property=\"og:url\" content=\"https:\/\/noticiasmercedinas.com\/site\/2018\/12\/09\/de-pedro-y-diputados-piden-a-la-procuraduria-contra-la-violencia-institucional-que-tome-posicion\/\" \/>\n<meta property=\"og:site_name\" content=\"NOTICIASMERCEDINAS.COM\" \/>\n<meta property=\"article:publisher\" content=\"https:\/\/www.facebook.com\/noticiasmercedinas\/\" \/>\n<meta property=\"article:author\" content=\"https:\/\/www.facebook.com\/cristian.falabella\" \/>\n<meta property=\"article:published_time\" content=\"2018-12-09T14:10:30+00:00\" \/>\n<meta property=\"og:image\" content=\"https:\/\/noticiasmercedinas.com\/site\/wp-content\/uploads\/2018\/12\/Bullrich-13-de-mayo-2018-620x400.jpg\" \/>\n\t<meta property=\"og:image:width\" content=\"620\" \/>\n\t<meta property=\"og:image:height\" content=\"400\" \/>\n\t<meta property=\"og:image:type\" content=\"image\/jpeg\" \/>\n<meta name=\"author\" content=\"Cristian Falabella NOTICIASMERCEDINAS.COM\" \/>\n<meta name=\"twitter:card\" content=\"summary_large_image\" \/>\n<meta name=\"twitter:creator\" content=\"@https:\/\/twitter.com\/NOTMERCEDINAS\" \/>\n<meta name=\"twitter:site\" content=\"@notmercedinas\" \/>\n<meta name=\"twitter:label1\" content=\"Escrito por\" \/>\n\t<meta name=\"twitter:data1\" content=\"Cristian Falabella NOTICIASMERCEDINAS.COM\" \/>\n\t<meta name=\"twitter:label2\" content=\"Tiempo de lectura\" \/>\n\t<meta name=\"twitter:data2\" content=\"1 minuto\" \/>\n<script type=\"application\/ld+json\" class=\"yoast-schema-graph\">{\"@context\":\"https:\\\/\\\/schema.org\",\"@graph\":[{\"@type\":\"Article\",\"@id\":\"https:\\\/\\\/noticiasmercedinas.com\\\/site\\\/2018\\\/12\\\/09\\\/de-pedro-y-diputados-piden-a-la-procuraduria-contra-la-violencia-institucional-que-tome-posicion\\\/#article\",\"isPartOf\":{\"@id\":\"https:\\\/\\\/noticiasmercedinas.com\\\/site\\\/2018\\\/12\\\/09\\\/de-pedro-y-diputados-piden-a-la-procuraduria-contra-la-violencia-institucional-que-tome-posicion\\\/\"},\"author\":{\"name\":\"Cristian Falabella NOTICIASMERCEDINAS.COM\",\"@id\":\"https:\\\/\\\/noticiasmercedinas.com\\\/site\\\/#\\\/schema\\\/person\\\/d481a9696a5feaec13a60e2bbd991a6a\"},\"headline\":\"De Pedro y diputados piden a la Procuradur\u00eda contra la Violencia Institucional que tome posici\u00f3n\",\"datePublished\":\"2018-12-09T14:10:30+00:00\",\"mainEntityOfPage\":{\"@id\":\"https:\\\/\\\/noticiasmercedinas.com\\\/site\\\/2018\\\/12\\\/09\\\/de-pedro-y-diputados-piden-a-la-procuraduria-contra-la-violencia-institucional-que-tome-posicion\\\/\"},\"wordCount\":293,\"commentCount\":0,\"publisher\":{\"@id\":\"https:\\\/\\\/noticiasmercedinas.com\\\/site\\\/#organization\"},\"image\":{\"@id\":\"https:\\\/\\\/noticiasmercedinas.com\\\/site\\\/2018\\\/12\\\/09\\\/de-pedro-y-diputados-piden-a-la-procuraduria-contra-la-violencia-institucional-que-tome-posicion\\\/#primaryimage\"},\"thumbnailUrl\":\"https:\\\/\\\/noticiasmercedinas.com\\\/site\\\/wp-content\\\/uploads\\\/2018\\\/12\\\/Bullrich-13-de-mayo-2018-620x400.jpg\",\"keywords\":[\"agustin rossi\",\"Andres heim\",\"Daniel Arroyo\",\"diputados\",\"eduardo de pedro\",\"Nilda Garr\u00e9\",\"procuraduria\",\"Victoria Donda\"],\"articleSection\":[\"Politica\"],\"inLanguage\":\"es\",\"potentialAction\":[{\"@type\":\"CommentAction\",\"name\":\"Comment\",\"target\":[\"https:\\\/\\\/noticiasmercedinas.com\\\/site\\\/2018\\\/12\\\/09\\\/de-pedro-y-diputados-piden-a-la-procuraduria-contra-la-violencia-institucional-que-tome-posicion\\\/#respond\"]}]},{\"@type\":\"WebPage\",\"@id\":\"https:\\\/\\\/noticiasmercedinas.com\\\/site\\\/2018\\\/12\\\/09\\\/de-pedro-y-diputados-piden-a-la-procuraduria-contra-la-violencia-institucional-que-tome-posicion\\\/\",\"url\":\"https:\\\/\\\/noticiasmercedinas.com\\\/site\\\/2018\\\/12\\\/09\\\/de-pedro-y-diputados-piden-a-la-procuraduria-contra-la-violencia-institucional-que-tome-posicion\\\/\",\"name\":\"De Pedro y diputados piden a la Procuradur\u00eda contra la Violencia Institucional que tome posici\u00f3n\",\"isPartOf\":{\"@id\":\"https:\\\/\\\/noticiasmercedinas.com\\\/site\\\/#website\"},\"primaryImageOfPage\":{\"@id\":\"https:\\\/\\\/noticiasmercedinas.com\\\/site\\\/2018\\\/12\\\/09\\\/de-pedro-y-diputados-piden-a-la-procuraduria-contra-la-violencia-institucional-que-tome-posicion\\\/#primaryimage\"},\"image\":{\"@id\":\"https:\\\/\\\/noticiasmercedinas.com\\\/site\\\/2018\\\/12\\\/09\\\/de-pedro-y-diputados-piden-a-la-procuraduria-contra-la-violencia-institucional-que-tome-posicion\\\/#primaryimage\"},\"thumbnailUrl\":\"https:\\\/\\\/noticiasmercedinas.com\\\/site\\\/wp-content\\\/uploads\\\/2018\\\/12\\\/Bullrich-13-de-mayo-2018-620x400.jpg\",\"datePublished\":\"2018-12-09T14:10:30+00:00\",\"breadcrumb\":{\"@id\":\"https:\\\/\\\/noticiasmercedinas.com\\\/site\\\/2018\\\/12\\\/09\\\/de-pedro-y-diputados-piden-a-la-procuraduria-contra-la-violencia-institucional-que-tome-posicion\\\/#breadcrumb\"},\"inLanguage\":\"es\",\"potentialAction\":[{\"@type\":\"ReadAction\",\"target\":[\"https:\\\/\\\/noticiasmercedinas.com\\\/site\\\/2018\\\/12\\\/09\\\/de-pedro-y-diputados-piden-a-la-procuraduria-contra-la-violencia-institucional-que-tome-posicion\\\/\"]}]},{\"@type\":\"ImageObject\",\"inLanguage\":\"es\",\"@id\":\"https:\\\/\\\/noticiasmercedinas.com\\\/site\\\/2018\\\/12\\\/09\\\/de-pedro-y-diputados-piden-a-la-procuraduria-contra-la-violencia-institucional-que-tome-posicion\\\/#primaryimage\",\"url\":\"https:\\\/\\\/noticiasmercedinas.com\\\/site\\\/wp-content\\\/uploads\\\/2018\\\/12\\\/Bullrich-13-de-mayo-2018-620x400.jpg\",\"contentUrl\":\"https:\\\/\\\/noticiasmercedinas.com\\\/site\\\/wp-content\\\/uploads\\\/2018\\\/12\\\/Bullrich-13-de-mayo-2018-620x400.jpg\",\"width\":620,\"height\":400},{\"@type\":\"BreadcrumbList\",\"@id\":\"https:\\\/\\\/noticiasmercedinas.com\\\/site\\\/2018\\\/12\\\/09\\\/de-pedro-y-diputados-piden-a-la-procuraduria-contra-la-violencia-institucional-que-tome-posicion\\\/#breadcrumb\",\"itemListElement\":[{\"@type\":\"ListItem\",\"position\":1,\"name\":\"Portada\",\"item\":\"https:\\\/\\\/noticiasmercedinas.com\\\/site\\\/\"},{\"@type\":\"ListItem\",\"position\":2,\"name\":\"De Pedro y diputados piden a la Procuradur\u00eda contra la Violencia Institucional que tome posici\u00f3n\"}]},{\"@type\":\"WebSite\",\"@id\":\"https:\\\/\\\/noticiasmercedinas.com\\\/site\\\/#website\",\"url\":\"https:\\\/\\\/noticiasmercedinas.com\\\/site\\\/\",\"name\":\"NOTICIASMERCEDINAS.COM\",\"description\":\"Mercedes, Buenos Aires, Argentina\",\"publisher\":{\"@id\":\"https:\\\/\\\/noticiasmercedinas.com\\\/site\\\/#organization\"},\"potentialAction\":[{\"@type\":\"SearchAction\",\"target\":{\"@type\":\"EntryPoint\",\"urlTemplate\":\"https:\\\/\\\/noticiasmercedinas.com\\\/site\\\/?s={search_term_string}\"},\"query-input\":{\"@type\":\"PropertyValueSpecification\",\"valueRequired\":true,\"valueName\":\"search_term_string\"}}],\"inLanguage\":\"es\"},{\"@type\":\"Organization\",\"@id\":\"https:\\\/\\\/noticiasmercedinas.com\\\/site\\\/#organization\",\"name\":\"NOTICIASMERCEDINAS.COM\",\"url\":\"https:\\\/\\\/noticiasmercedinas.com\\\/site\\\/\",\"logo\":{\"@type\":\"ImageObject\",\"inLanguage\":\"es\",\"@id\":\"https:\\\/\\\/noticiasmercedinas.com\\\/site\\\/#\\\/schema\\\/logo\\\/image\\\/\",\"url\":\"https:\\\/\\\/noticiasmercedinas.com\\\/site\\\/wp-content\\\/uploads\\\/2020\\\/06\\\/LOGO-512.jpg\",\"contentUrl\":\"https:\\\/\\\/noticiasmercedinas.com\\\/site\\\/wp-content\\\/uploads\\\/2020\\\/06\\\/LOGO-512.jpg\",\"width\":512,\"height\":512,\"caption\":\"NOTICIASMERCEDINAS.COM\"},\"image\":{\"@id\":\"https:\\\/\\\/noticiasmercedinas.com\\\/site\\\/#\\\/schema\\\/logo\\\/image\\\/\"},\"sameAs\":[\"https:\\\/\\\/www.facebook.com\\\/noticiasmercedinas\\\/\",\"https:\\\/\\\/x.com\\\/notmercedinas\",\"https:\\\/\\\/www.instagram.com\\\/noticiasmercedinas\\\/\"]},{\"@type\":\"Person\",\"@id\":\"https:\\\/\\\/noticiasmercedinas.com\\\/site\\\/#\\\/schema\\\/person\\\/d481a9696a5feaec13a60e2bbd991a6a\",\"name\":\"Cristian Falabella NOTICIASMERCEDINAS.COM\",\"image\":{\"@type\":\"ImageObject\",\"inLanguage\":\"es\",\"@id\":\"https:\\\/\\\/secure.gravatar.com\\\/avatar\\\/0dbbfc45970cc46bcd0e57766228574ff3511d6eed045b182f536f0f478c1f06?s=96&d=mm&r=g\",\"url\":\"https:\\\/\\\/secure.gravatar.com\\\/avatar\\\/0dbbfc45970cc46bcd0e57766228574ff3511d6eed045b182f536f0f478c1f06?s=96&d=mm&r=g\",\"contentUrl\":\"https:\\\/\\\/secure.gravatar.com\\\/avatar\\\/0dbbfc45970cc46bcd0e57766228574ff3511d6eed045b182f536f0f478c1f06?s=96&d=mm&r=g\",\"caption\":\"Cristian Falabella NOTICIASMERCEDINAS.COM\"},\"description\":\"Periodista, editor de Noticias Mercedinas. Pas\u00f3 por varias redacciones y emprendimientos de prensa, en distintos formatos y \u00e9pocas. Se especializ\u00f3 --y sigue haci\u00e9ndolo-- en comunicaci\u00f3n en la web y en junio de 2006 fund\u00f3 este diario digital.\",\"sameAs\":[\"https:\\\/\\\/noticiasmercedinas.com\",\"https:\\\/\\\/www.facebook.com\\\/cristian.falabella\",\"https:\\\/\\\/www.instagram.com\\\/noticiasmercedinas\\\/\",\"https:\\\/\\\/x.com\\\/https:\\\/\\\/twitter.com\\\/NOTMERCEDINAS\"],\"url\":\"https:\\\/\\\/noticiasmercedinas.com\\\/site\\\/author\\\/as000384\\\/\"}]}<\/script>\n<!-- \/ Yoast SEO plugin. -->","yoast_head_json":{"title":"De Pedro y diputados piden a la Procuradur\u00eda contra la Violencia Institucional que tome posici\u00f3n","robots":{"index":"index","follow":"follow","max-snippet":"max-snippet:-1","max-image-preview":"max-image-preview:large","max-video-preview":"max-video-preview:-1"},"canonical":"https:\/\/noticiasmercedinas.com\/site\/2018\/12\/09\/de-pedro-y-diputados-piden-a-la-procuraduria-contra-la-violencia-institucional-que-tome-posicion\/","og_locale":"es_ES","og_type":"article","og_title":"De Pedro y diputados piden a la Procuradur\u00eda contra la Violencia Institucional que tome posici\u00f3n","og_description":"Varios legisladores nacionales exigen que tome posici\u00f3n con respecto al protocolo Bullrich. \u201cEste reglamento desconoce de modo franco todo los preceptos de la Constituci\u00f3n Nacional\u201d, sostuvieron En la semana varios diputados nacionales, entre ellos el mercedino Eduardo De Pedro, firmaron y enviaron un documento a la Procuradur\u00eda contra la Violencia Institucional a cargo del Fiscal [&hellip;]","og_url":"https:\/\/noticiasmercedinas.com\/site\/2018\/12\/09\/de-pedro-y-diputados-piden-a-la-procuraduria-contra-la-violencia-institucional-que-tome-posicion\/","og_site_name":"NOTICIASMERCEDINAS.COM","article_publisher":"https:\/\/www.facebook.com\/noticiasmercedinas\/","article_author":"https:\/\/www.facebook.com\/cristian.falabella","article_published_time":"2018-12-09T14:10:30+00:00","og_image":[{"width":620,"height":400,"url":"https:\/\/noticiasmercedinas.com\/site\/wp-content\/uploads\/2018\/12\/Bullrich-13-de-mayo-2018-620x400.jpg","type":"image\/jpeg"}],"author":"Cristian Falabella NOTICIASMERCEDINAS.COM","twitter_card":"summary_large_image","twitter_creator":"@https:\/\/twitter.com\/NOTMERCEDINAS","twitter_site":"@notmercedinas","twitter_misc":{"Escrito por":"Cristian Falabella NOTICIASMERCEDINAS.COM","Tiempo de lectura":"1 minuto"},"schema":{"@context":"https:\/\/schema.org","@graph":[{"@type":"Article","@id":"https:\/\/noticiasmercedinas.com\/site\/2018\/12\/09\/de-pedro-y-diputados-piden-a-la-procuraduria-contra-la-violencia-institucional-que-tome-posicion\/#article","isPartOf":{"@id":"https:\/\/noticiasmercedinas.com\/site\/2018\/12\/09\/de-pedro-y-diputados-piden-a-la-procuraduria-contra-la-violencia-institucional-que-tome-posicion\/"},"author":{"name":"Cristian Falabella NOTICIASMERCEDINAS.COM","@id":"https:\/\/noticiasmercedinas.com\/site\/#\/schema\/person\/d481a9696a5feaec13a60e2bbd991a6a"},"headline":"De Pedro y diputados piden a la Procuradur\u00eda contra la Violencia Institucional que tome posici\u00f3n","datePublished":"2018-12-09T14:10:30+00:00","mainEntityOfPage":{"@id":"https:\/\/noticiasmercedinas.com\/site\/2018\/12\/09\/de-pedro-y-diputados-piden-a-la-procuraduria-contra-la-violencia-institucional-que-tome-posicion\/"},"wordCount":293,"commentCount":0,"publisher":{"@id":"https:\/\/noticiasmercedinas.com\/site\/#organization"},"image":{"@id":"https:\/\/noticiasmercedinas.com\/site\/2018\/12\/09\/de-pedro-y-diputados-piden-a-la-procuraduria-contra-la-violencia-institucional-que-tome-posicion\/#primaryimage"},"thumbnailUrl":"https:\/\/noticiasmercedinas.com\/site\/wp-content\/uploads\/2018\/12\/Bullrich-13-de-mayo-2018-620x400.jpg","keywords":["agustin rossi","Andres heim","Daniel Arroyo","diputados","eduardo de pedro","Nilda Garr\u00e9","procuraduria","Victoria Donda"],"articleSection":["Politica"],"inLanguage":"es","potentialAction":[{"@type":"CommentAction","name":"Comment","target":["https:\/\/noticiasmercedinas.com\/site\/2018\/12\/09\/de-pedro-y-diputados-piden-a-la-procuraduria-contra-la-violencia-institucional-que-tome-posicion\/#respond"]}]},{"@type":"WebPage","@id":"https:\/\/noticiasmercedinas.com\/site\/2018\/12\/09\/de-pedro-y-diputados-piden-a-la-procuraduria-contra-la-violencia-institucional-que-tome-posicion\/","url":"https:\/\/noticiasmercedinas.com\/site\/2018\/12\/09\/de-pedro-y-diputados-piden-a-la-procuraduria-contra-la-violencia-institucional-que-tome-posicion\/","name":"De Pedro y diputados piden a la Procuradur\u00eda contra la Violencia Institucional que tome posici\u00f3n","isPartOf":{"@id":"https:\/\/noticiasmercedinas.com\/site\/#website"},"primaryImageOfPage":{"@id":"https:\/\/noticiasmercedinas.com\/site\/2018\/12\/09\/de-pedro-y-diputados-piden-a-la-procuraduria-contra-la-violencia-institucional-que-tome-posicion\/#primaryimage"},"image":{"@id":"https:\/\/noticiasmercedinas.com\/site\/2018\/12\/09\/de-pedro-y-diputados-piden-a-la-procuraduria-contra-la-violencia-institucional-que-tome-posicion\/#primaryimage"},"thumbnailUrl":"https:\/\/noticiasmercedinas.com\/site\/wp-content\/uploads\/2018\/12\/Bullrich-13-de-mayo-2018-620x400.jpg","datePublished":"2018-12-09T14:10:30+00:00","breadcrumb":{"@id":"https:\/\/noticiasmercedinas.com\/site\/2018\/12\/09\/de-pedro-y-diputados-piden-a-la-procuraduria-contra-la-violencia-institucional-que-tome-posicion\/#breadcrumb"},"inLanguage":"es","potentialAction":[{"@type":"ReadAction","target":["https:\/\/noticiasmercedinas.com\/site\/2018\/12\/09\/de-pedro-y-diputados-piden-a-la-procuraduria-contra-la-violencia-institucional-que-tome-posicion\/"]}]},{"@type":"ImageObject","inLanguage":"es","@id":"https:\/\/noticiasmercedinas.com\/site\/2018\/12\/09\/de-pedro-y-diputados-piden-a-la-procuraduria-contra-la-violencia-institucional-que-tome-posicion\/#primaryimage","url":"https:\/\/noticiasmercedinas.com\/site\/wp-content\/uploads\/2018\/12\/Bullrich-13-de-mayo-2018-620x400.jpg","contentUrl":"https:\/\/noticiasmercedinas.com\/site\/wp-content\/uploads\/2018\/12\/Bullrich-13-de-mayo-2018-620x400.jpg","width":620,"height":400},{"@type":"BreadcrumbList","@id":"https:\/\/noticiasmercedinas.com\/site\/2018\/12\/09\/de-pedro-y-diputados-piden-a-la-procuraduria-contra-la-violencia-institucional-que-tome-posicion\/#breadcrumb","itemListElement":[{"@type":"ListItem","position":1,"name":"Portada","item":"https:\/\/noticiasmercedinas.com\/site\/"},{"@type":"ListItem","position":2,"name":"De Pedro y diputados piden a la Procuradur\u00eda contra la Violencia Institucional que tome posici\u00f3n"}]},{"@type":"WebSite","@id":"https:\/\/noticiasmercedinas.com\/site\/#website","url":"https:\/\/noticiasmercedinas.com\/site\/","name":"NOTICIASMERCEDINAS.COM","description":"Mercedes, Buenos Aires, Argentina","publisher":{"@id":"https:\/\/noticiasmercedinas.com\/site\/#organization"},"potentialAction":[{"@type":"SearchAction","target":{"@type":"EntryPoint","urlTemplate":"https:\/\/noticiasmercedinas.com\/site\/?s={search_term_string}"},"query-input":{"@type":"PropertyValueSpecification","valueRequired":true,"valueName":"search_term_string"}}],"inLanguage":"es"},{"@type":"Organization","@id":"https:\/\/noticiasmercedinas.com\/site\/#organization","name":"NOTICIASMERCEDINAS.COM","url":"https:\/\/noticiasmercedinas.com\/site\/","logo":{"@type":"ImageObject","inLanguage":"es","@id":"https:\/\/noticiasmercedinas.com\/site\/#\/schema\/logo\/image\/","url":"https:\/\/noticiasmercedinas.com\/site\/wp-content\/uploads\/2020\/06\/LOGO-512.jpg","contentUrl":"https:\/\/noticiasmercedinas.com\/site\/wp-content\/uploads\/2020\/06\/LOGO-512.jpg","width":512,"height":512,"caption":"NOTICIASMERCEDINAS.COM"},"image":{"@id":"https:\/\/noticiasmercedinas.com\/site\/#\/schema\/logo\/image\/"},"sameAs":["https:\/\/www.facebook.com\/noticiasmercedinas\/","https:\/\/x.com\/notmercedinas","https:\/\/www.instagram.com\/noticiasmercedinas\/"]},{"@type":"Person","@id":"https:\/\/noticiasmercedinas.com\/site\/#\/schema\/person\/d481a9696a5feaec13a60e2bbd991a6a","name":"Cristian Falabella NOTICIASMERCEDINAS.COM","image":{"@type":"ImageObject","inLanguage":"es","@id":"https:\/\/secure.gravatar.com\/avatar\/0dbbfc45970cc46bcd0e57766228574ff3511d6eed045b182f536f0f478c1f06?s=96&d=mm&r=g","url":"https:\/\/secure.gravatar.com\/avatar\/0dbbfc45970cc46bcd0e57766228574ff3511d6eed045b182f536f0f478c1f06?s=96&d=mm&r=g","contentUrl":"https:\/\/secure.gravatar.com\/avatar\/0dbbfc45970cc46bcd0e57766228574ff3511d6eed045b182f536f0f478c1f06?s=96&d=mm&r=g","caption":"Cristian Falabella NOTICIASMERCEDINAS.COM"},"description":"Periodista, editor de Noticias Mercedinas. Pas\u00f3 por varias redacciones y emprendimientos de prensa, en distintos formatos y \u00e9pocas. Se especializ\u00f3 --y sigue haci\u00e9ndolo-- en comunicaci\u00f3n en la web y en junio de 2006 fund\u00f3 este diario digital.","sameAs":["https:\/\/noticiasmercedinas.com","https:\/\/www.facebook.com\/cristian.falabella","https:\/\/www.instagram.com\/noticiasmercedinas\/","https:\/\/x.com\/https:\/\/twitter.com\/NOTMERCEDINAS"],"url":"https:\/\/noticiasmercedinas.com\/site\/author\/as000384\/"}]}},"amp_enabled":true,"_links":{"self":[{"href":"https:\/\/noticiasmercedinas.com\/site\/wp-json\/wp\/v2\/posts\/8652","targetHints":{"allow":["GET"]}}],"collection":[{"href":"https:\/\/noticiasmercedinas.com\/site\/wp-json\/wp\/v2\/posts"}],"about":[{"href":"https:\/\/noticiasmercedinas.com\/site\/wp-json\/wp\/v2\/types\/post"}],"author":[{"embeddable":true,"href":"https:\/\/noticiasmercedinas.com\/site\/wp-json\/wp\/v2\/users\/2"}],"replies":[{"embeddable":true,"href":"https:\/\/noticiasmercedinas.com\/site\/wp-json\/wp\/v2\/comments?post=8652"}],"version-history":[{"count":1,"href":"https:\/\/noticiasmercedinas.com\/site\/wp-json\/wp\/v2\/posts\/8652\/revisions"}],"predecessor-version":[{"id":8654,"href":"https:\/\/noticiasmercedinas.com\/site\/wp-json\/wp\/v2\/posts\/8652\/revisions\/8654"}],"wp:featuredmedia":[{"embeddable":true,"href":"https:\/\/noticiasmercedinas.com\/site\/wp-json\/wp\/v2\/media\/8653"}],"wp:attachment":[{"href":"https:\/\/noticiasmercedinas.com\/site\/wp-json\/wp\/v2\/media?parent=8652"}],"wp:term":[{"taxonomy":"category","embeddable":true,"href":"https:\/\/noticiasmercedinas.com\/site\/wp-json\/wp\/v2\/categories?post=8652"},{"taxonomy":"post_tag","embeddable":true,"href":"https:\/\/noticiasmercedinas.com\/site\/wp-json\/wp\/v2\/tags?post=8652"}],"curies":[{"name":"wp","href":"https:\/\/api.w.org\/{rel}","templated":true}]}}