{"id":86642,"date":"2022-03-18T18:00:26","date_gmt":"2022-03-18T21:00:26","guid":{"rendered":"https:\/\/noticiasmercedinas.com\/site\/?p=86642"},"modified":"2022-03-18T18:11:28","modified_gmt":"2022-03-18T21:11:28","slug":"avanza-la-discusion-sobre-barbijos-en-escuelas-y-llega-al-consejo-escolar","status":"publish","type":"post","link":"https:\/\/noticiasmercedinas.com\/site\/2022\/03\/18\/avanza-la-discusion-sobre-barbijos-en-escuelas-y-llega-al-consejo-escolar\/","title":{"rendered":"Avanza la discusi\u00f3n sobre barbijos en escuelas y llega al Consejo Escolar"},"content":{"rendered":"<p><img loading=\"lazy\" decoding=\"async\" class=\"alignnone size-large wp-image-86643\" src=\"https:\/\/noticiasmercedinas.com\/site\/wp-content\/uploads\/2022\/03\/e8f44a07-295f-443f-81f8-72bee816148e-1024x534.jpg\" alt=\"\" width=\"640\" height=\"334\" srcset=\"https:\/\/noticiasmercedinas.com\/site\/wp-content\/uploads\/2022\/03\/e8f44a07-295f-443f-81f8-72bee816148e-1024x534.jpg 1024w, https:\/\/noticiasmercedinas.com\/site\/wp-content\/uploads\/2022\/03\/e8f44a07-295f-443f-81f8-72bee816148e-300x156.jpg 300w, https:\/\/noticiasmercedinas.com\/site\/wp-content\/uploads\/2022\/03\/e8f44a07-295f-443f-81f8-72bee816148e-768x401.jpg 768w, https:\/\/noticiasmercedinas.com\/site\/wp-content\/uploads\/2022\/03\/e8f44a07-295f-443f-81f8-72bee816148e-640x334.jpg 640w, https:\/\/noticiasmercedinas.com\/site\/wp-content\/uploads\/2022\/03\/e8f44a07-295f-443f-81f8-72bee816148e-681x355.jpg 681w, https:\/\/noticiasmercedinas.com\/site\/wp-content\/uploads\/2022\/03\/e8f44a07-295f-443f-81f8-72bee816148e.jpg 1185w\" sizes=\"auto, (max-width: 640px) 100vw, 640px\" \/><\/p>\n<p>Cada vez con m\u00e1s fuerza muchos padres y algunos consejeros escolares que toman el reclamo como propio solicitan ponerle fin al uso de barbijos en las escuelas del distrito.<\/p>\n<p>El reclamo ha sido realizado en distintos \u00e1mbitos y toma fuerza en Mercedes, por lo que clon la baja de casos en el marco del paso de pandemia a endemia del coronavirus y dado el avance de la vacunaci\u00f3n, desde Juntos por el Cambio el consejero escolar <strong>Agust\u00edn Ferrarotti<\/strong> pide \u201ccuidado y coherencia\u201d en esta situaci\u00f3n que se vive en establecimientos educativos.<\/p>\n<p>\u201cNos hemos encontrado con varias familias en distintos puntos de la ciudad pidiendo o defendiendo los derechos de sus hijos. Puntualmente solicitan que los peque\u00f1os no deban utilizar barbijos en la escuela\u201d, dijo al respecto y coment\u00f3 que estos padres y madres se han presentado en el Consejo Escolar, en las distintas Inspecciones escolares y en otras dependencias con el \u00fanico motivo de ser escuchados: \u201cSin duda es una situaci\u00f3n compleja, no de soluci\u00f3n inmediata pero que debe ser tenida en consideraci\u00f3n\u201d, opin\u00f3 Ferrarotti, e indic\u00f3 que el planteo fue discutido en el bloque de consejeros que integra.<\/p>\n<p>\u201cLa petici\u00f3n tiene fundamentos m\u00e9dicos, psicol\u00f3gicos y sociales, teniendo en cuenta que las condiciones sanitarias han mejorado mucho y los niveles de vacunaci\u00f3n son respetados. Sin duda la decisi\u00f3n de protocolos sanitarios es de car\u00e1cter colectivo, pero no deber\u00eda coartar libertades individuales en la crianza y cuidado de los hijos como as\u00ed lo pueden interpretan estas familias, sin dejar de lado su posibilidad de escolarizarse con todo lo que ello implica\u201d, agreg\u00f3 el consejero de Juntos.<\/p>\n<blockquote><p>\u00abMedidas similares ya se han tomado en otros lugares de nuestro pa\u00eds atendiendo a las necesidades pedag\u00f3gicas y entendiendo que en este nuevo contexto sanitario la medida tendr\u00e1 un efecto positivo en las tareas de ense\u00f1anza, aprendizaje y sobre todo comunicaci\u00f3n\u00bb<\/p><\/blockquote>\n<p>\u201cEl cuidado sobre la situaci\u00f3n sanitaria que hemos vivido los \u00faltimos 2 a\u00f1os ha sido extremo. A la pandemia y sus consecuencias, forzadas o aceptadas, las hemos sufrido en todos los \u00e1mbitos sociales. La escuela no ha sido la excepci\u00f3n. Y es tiempo de dar mejores y mayores respuestas a nuestros ni\u00f1os. Las distintas instancias gubernamentales no tienen la coherencia que le piden a nuestros ni\u00f1os. En la escuela tenemos que pensar si estas medidas no dificultan las pr\u00e1cticas de alfabetizaci\u00f3n, vinculadas con la oralidad, por ejemplo. O en cu\u00e1les de sus etapas de escolaridad pueden tener mayores dificultades o presentar obst\u00e1culos para su desarrollo ling\u00fc\u00edstico\u201d, indic\u00f3.<\/p>\n<p>\u201cEste importante grupo de familias pide mayor coherencia en las medidas adoptadas y siempre pensando en el cuidado de sus hijos. Medidas similares ya se han tomado en otros lugares de nuestro pa\u00eds atendiendo a las necesidades pedag\u00f3gicas y entendiendo que en este nuevo contexto sanitario la medida tendr\u00e1 un efecto positivo en las tareas de ense\u00f1anza, aprendizaje y sobre todo comunicaci\u00f3n\u201d, concluy\u00f3 Ferrarotti.<\/p>\n","protected":false},"excerpt":{"rendered":"<p>\u25a0 El consejero Agust\u00edn Ferrarotti, de Juntos, plantea que la situaci\u00f3n es compleja y debe ser analizada. \u00abEl cuidado sobre la situaci\u00f3n sanitaria que hemos vivido los \u00faltimos 2 a\u00f1os ha sido extremo\u00bb, remarca<\/p>\n","protected":false},"author":2,"featured_media":86643,"comment_status":"open","ping_status":"open","sticky":false,"template":"","format":"standard","meta":{"footnotes":""},"categories":[16],"tags":[13302,267,8392,18,12447],"class_list":["post-86642","post","type-post","status-publish","format-standard","has-post-thumbnail","hentry","category-politica","tag-agustin-ferrarotti","tag-consejo-escolar","tag-coronavirus","tag-escuelas","tag-juntos"],"yoast_head":"<!-- This site is optimized with the Yoast SEO plugin v27.5 - https:\/\/yoast.com\/product\/yoast-seo-wordpress\/ -->\n<title>Avanza la discusi\u00f3n sobre barbijos en escuelas y llega al Consejo Escolar<\/title>\n<meta name=\"robots\" content=\"index, follow, max-snippet:-1, max-image-preview:large, max-video-preview:-1\" \/>\n<link rel=\"canonical\" href=\"https:\/\/noticiasmercedinas.com\/site\/2022\/03\/18\/avanza-la-discusion-sobre-barbijos-en-escuelas-y-llega-al-consejo-escolar\/\" \/>\n<meta property=\"og:locale\" content=\"es_ES\" \/>\n<meta property=\"og:type\" content=\"article\" \/>\n<meta property=\"og:title\" content=\"Avanza la discusi\u00f3n sobre barbijos en escuelas y llega al Consejo Escolar\" \/>\n<meta property=\"og:description\" content=\"\u25a0 El consejero Agust\u00edn Ferrarotti, de Juntos, plantea que la situaci\u00f3n es compleja y debe ser analizada. &quot;El cuidado sobre la situaci\u00f3n sanitaria que hemos vivido los \u00faltimos 2 a\u00f1os ha sido extremo&quot;, remarca\" \/>\n<meta property=\"og:url\" content=\"https:\/\/noticiasmercedinas.com\/site\/2022\/03\/18\/avanza-la-discusion-sobre-barbijos-en-escuelas-y-llega-al-consejo-escolar\/\" \/>\n<meta property=\"og:site_name\" content=\"NOTICIASMERCEDINAS.COM\" \/>\n<meta property=\"article:publisher\" content=\"https:\/\/www.facebook.com\/noticiasmercedinas\/\" \/>\n<meta property=\"article:author\" content=\"https:\/\/www.facebook.com\/cristian.falabella\" \/>\n<meta property=\"article:published_time\" content=\"2022-03-18T21:00:26+00:00\" \/>\n<meta property=\"article:modified_time\" content=\"2022-03-18T21:11:28+00:00\" \/>\n<meta property=\"og:image\" content=\"https:\/\/noticiasmercedinas.com\/site\/wp-content\/uploads\/2022\/03\/e8f44a07-295f-443f-81f8-72bee816148e.jpg\" \/>\n\t<meta property=\"og:image:width\" content=\"1185\" \/>\n\t<meta property=\"og:image:height\" content=\"618\" \/>\n\t<meta property=\"og:image:type\" content=\"image\/jpeg\" \/>\n<meta name=\"author\" content=\"Cristian Falabella NOTICIASMERCEDINAS.COM\" \/>\n<meta name=\"twitter:card\" content=\"summary_large_image\" \/>\n<meta name=\"twitter:creator\" content=\"@https:\/\/twitter.com\/NOTMERCEDINAS\" \/>\n<meta name=\"twitter:site\" content=\"@notmercedinas\" \/>\n<meta name=\"twitter:label1\" content=\"Escrito por\" \/>\n\t<meta name=\"twitter:data1\" content=\"Cristian Falabella NOTICIASMERCEDINAS.COM\" \/>\n\t<meta name=\"twitter:label2\" content=\"Tiempo de lectura\" \/>\n\t<meta name=\"twitter:data2\" content=\"3 minutos\" \/>\n<script type=\"application\/ld+json\" class=\"yoast-schema-graph\">{\"@context\":\"https:\\\/\\\/schema.org\",\"@graph\":[{\"@type\":\"Article\",\"@id\":\"https:\\\/\\\/noticiasmercedinas.com\\\/site\\\/2022\\\/03\\\/18\\\/avanza-la-discusion-sobre-barbijos-en-escuelas-y-llega-al-consejo-escolar\\\/#article\",\"isPartOf\":{\"@id\":\"https:\\\/\\\/noticiasmercedinas.com\\\/site\\\/2022\\\/03\\\/18\\\/avanza-la-discusion-sobre-barbijos-en-escuelas-y-llega-al-consejo-escolar\\\/\"},\"author\":{\"name\":\"Cristian Falabella NOTICIASMERCEDINAS.COM\",\"@id\":\"https:\\\/\\\/noticiasmercedinas.com\\\/site\\\/#\\\/schema\\\/person\\\/d481a9696a5feaec13a60e2bbd991a6a\"},\"headline\":\"Avanza la discusi\u00f3n sobre barbijos en escuelas y llega al Consejo Escolar\",\"datePublished\":\"2022-03-18T21:00:26+00:00\",\"dateModified\":\"2022-03-18T21:11:28+00:00\",\"mainEntityOfPage\":{\"@id\":\"https:\\\/\\\/noticiasmercedinas.com\\\/site\\\/2022\\\/03\\\/18\\\/avanza-la-discusion-sobre-barbijos-en-escuelas-y-llega-al-consejo-escolar\\\/\"},\"wordCount\":522,\"commentCount\":0,\"publisher\":{\"@id\":\"https:\\\/\\\/noticiasmercedinas.com\\\/site\\\/#organization\"},\"image\":{\"@id\":\"https:\\\/\\\/noticiasmercedinas.com\\\/site\\\/2022\\\/03\\\/18\\\/avanza-la-discusion-sobre-barbijos-en-escuelas-y-llega-al-consejo-escolar\\\/#primaryimage\"},\"thumbnailUrl\":\"https:\\\/\\\/noticiasmercedinas.com\\\/site\\\/wp-content\\\/uploads\\\/2022\\\/03\\\/e8f44a07-295f-443f-81f8-72bee816148e.jpg\",\"keywords\":[\"Agust\u00edn Ferrarotti\",\"consejo escolar\",\"coronavirus\",\"escuelas\",\"Juntos\"],\"articleSection\":[\"Politica\"],\"inLanguage\":\"es\",\"potentialAction\":[{\"@type\":\"CommentAction\",\"name\":\"Comment\",\"target\":[\"https:\\\/\\\/noticiasmercedinas.com\\\/site\\\/2022\\\/03\\\/18\\\/avanza-la-discusion-sobre-barbijos-en-escuelas-y-llega-al-consejo-escolar\\\/#respond\"]}]},{\"@type\":\"WebPage\",\"@id\":\"https:\\\/\\\/noticiasmercedinas.com\\\/site\\\/2022\\\/03\\\/18\\\/avanza-la-discusion-sobre-barbijos-en-escuelas-y-llega-al-consejo-escolar\\\/\",\"url\":\"https:\\\/\\\/noticiasmercedinas.com\\\/site\\\/2022\\\/03\\\/18\\\/avanza-la-discusion-sobre-barbijos-en-escuelas-y-llega-al-consejo-escolar\\\/\",\"name\":\"Avanza la discusi\u00f3n sobre barbijos en escuelas y llega al Consejo Escolar\",\"isPartOf\":{\"@id\":\"https:\\\/\\\/noticiasmercedinas.com\\\/site\\\/#website\"},\"primaryImageOfPage\":{\"@id\":\"https:\\\/\\\/noticiasmercedinas.com\\\/site\\\/2022\\\/03\\\/18\\\/avanza-la-discusion-sobre-barbijos-en-escuelas-y-llega-al-consejo-escolar\\\/#primaryimage\"},\"image\":{\"@id\":\"https:\\\/\\\/noticiasmercedinas.com\\\/site\\\/2022\\\/03\\\/18\\\/avanza-la-discusion-sobre-barbijos-en-escuelas-y-llega-al-consejo-escolar\\\/#primaryimage\"},\"thumbnailUrl\":\"https:\\\/\\\/noticiasmercedinas.com\\\/site\\\/wp-content\\\/uploads\\\/2022\\\/03\\\/e8f44a07-295f-443f-81f8-72bee816148e.jpg\",\"datePublished\":\"2022-03-18T21:00:26+00:00\",\"dateModified\":\"2022-03-18T21:11:28+00:00\",\"breadcrumb\":{\"@id\":\"https:\\\/\\\/noticiasmercedinas.com\\\/site\\\/2022\\\/03\\\/18\\\/avanza-la-discusion-sobre-barbijos-en-escuelas-y-llega-al-consejo-escolar\\\/#breadcrumb\"},\"inLanguage\":\"es\",\"potentialAction\":[{\"@type\":\"ReadAction\",\"target\":[\"https:\\\/\\\/noticiasmercedinas.com\\\/site\\\/2022\\\/03\\\/18\\\/avanza-la-discusion-sobre-barbijos-en-escuelas-y-llega-al-consejo-escolar\\\/\"]}]},{\"@type\":\"ImageObject\",\"inLanguage\":\"es\",\"@id\":\"https:\\\/\\\/noticiasmercedinas.com\\\/site\\\/2022\\\/03\\\/18\\\/avanza-la-discusion-sobre-barbijos-en-escuelas-y-llega-al-consejo-escolar\\\/#primaryimage\",\"url\":\"https:\\\/\\\/noticiasmercedinas.com\\\/site\\\/wp-content\\\/uploads\\\/2022\\\/03\\\/e8f44a07-295f-443f-81f8-72bee816148e.jpg\",\"contentUrl\":\"https:\\\/\\\/noticiasmercedinas.com\\\/site\\\/wp-content\\\/uploads\\\/2022\\\/03\\\/e8f44a07-295f-443f-81f8-72bee816148e.jpg\",\"width\":1185,\"height\":618},{\"@type\":\"BreadcrumbList\",\"@id\":\"https:\\\/\\\/noticiasmercedinas.com\\\/site\\\/2022\\\/03\\\/18\\\/avanza-la-discusion-sobre-barbijos-en-escuelas-y-llega-al-consejo-escolar\\\/#breadcrumb\",\"itemListElement\":[{\"@type\":\"ListItem\",\"position\":1,\"name\":\"Portada\",\"item\":\"https:\\\/\\\/noticiasmercedinas.com\\\/site\\\/\"},{\"@type\":\"ListItem\",\"position\":2,\"name\":\"Avanza la discusi\u00f3n sobre barbijos en escuelas y llega al Consejo Escolar\"}]},{\"@type\":\"WebSite\",\"@id\":\"https:\\\/\\\/noticiasmercedinas.com\\\/site\\\/#website\",\"url\":\"https:\\\/\\\/noticiasmercedinas.com\\\/site\\\/\",\"name\":\"NOTICIASMERCEDINAS.COM\",\"description\":\"Mercedes, Buenos Aires, Argentina\",\"publisher\":{\"@id\":\"https:\\\/\\\/noticiasmercedinas.com\\\/site\\\/#organization\"},\"potentialAction\":[{\"@type\":\"SearchAction\",\"target\":{\"@type\":\"EntryPoint\",\"urlTemplate\":\"https:\\\/\\\/noticiasmercedinas.com\\\/site\\\/?s={search_term_string}\"},\"query-input\":{\"@type\":\"PropertyValueSpecification\",\"valueRequired\":true,\"valueName\":\"search_term_string\"}}],\"inLanguage\":\"es\"},{\"@type\":\"Organization\",\"@id\":\"https:\\\/\\\/noticiasmercedinas.com\\\/site\\\/#organization\",\"name\":\"NOTICIASMERCEDINAS.COM\",\"url\":\"https:\\\/\\\/noticiasmercedinas.com\\\/site\\\/\",\"logo\":{\"@type\":\"ImageObject\",\"inLanguage\":\"es\",\"@id\":\"https:\\\/\\\/noticiasmercedinas.com\\\/site\\\/#\\\/schema\\\/logo\\\/image\\\/\",\"url\":\"https:\\\/\\\/noticiasmercedinas.com\\\/site\\\/wp-content\\\/uploads\\\/2020\\\/06\\\/LOGO-512.jpg\",\"contentUrl\":\"https:\\\/\\\/noticiasmercedinas.com\\\/site\\\/wp-content\\\/uploads\\\/2020\\\/06\\\/LOGO-512.jpg\",\"width\":512,\"height\":512,\"caption\":\"NOTICIASMERCEDINAS.COM\"},\"image\":{\"@id\":\"https:\\\/\\\/noticiasmercedinas.com\\\/site\\\/#\\\/schema\\\/logo\\\/image\\\/\"},\"sameAs\":[\"https:\\\/\\\/www.facebook.com\\\/noticiasmercedinas\\\/\",\"https:\\\/\\\/x.com\\\/notmercedinas\",\"https:\\\/\\\/www.instagram.com\\\/noticiasmercedinas\\\/\"]},{\"@type\":\"Person\",\"@id\":\"https:\\\/\\\/noticiasmercedinas.com\\\/site\\\/#\\\/schema\\\/person\\\/d481a9696a5feaec13a60e2bbd991a6a\",\"name\":\"Cristian Falabella NOTICIASMERCEDINAS.COM\",\"image\":{\"@type\":\"ImageObject\",\"inLanguage\":\"es\",\"@id\":\"https:\\\/\\\/secure.gravatar.com\\\/avatar\\\/0dbbfc45970cc46bcd0e57766228574ff3511d6eed045b182f536f0f478c1f06?s=96&d=mm&r=g\",\"url\":\"https:\\\/\\\/secure.gravatar.com\\\/avatar\\\/0dbbfc45970cc46bcd0e57766228574ff3511d6eed045b182f536f0f478c1f06?s=96&d=mm&r=g\",\"contentUrl\":\"https:\\\/\\\/secure.gravatar.com\\\/avatar\\\/0dbbfc45970cc46bcd0e57766228574ff3511d6eed045b182f536f0f478c1f06?s=96&d=mm&r=g\",\"caption\":\"Cristian Falabella NOTICIASMERCEDINAS.COM\"},\"description\":\"Periodista, editor de Noticias Mercedinas. Pas\u00f3 por varias redacciones y emprendimientos de prensa, en distintos formatos y \u00e9pocas. Se especializ\u00f3 --y sigue haci\u00e9ndolo-- en comunicaci\u00f3n en la web y en junio de 2006 fund\u00f3 este diario digital.\",\"sameAs\":[\"https:\\\/\\\/noticiasmercedinas.com\",\"https:\\\/\\\/www.facebook.com\\\/cristian.falabella\",\"https:\\\/\\\/www.instagram.com\\\/noticiasmercedinas\\\/\",\"https:\\\/\\\/x.com\\\/https:\\\/\\\/twitter.com\\\/NOTMERCEDINAS\"],\"url\":\"https:\\\/\\\/noticiasmercedinas.com\\\/site\\\/author\\\/as000384\\\/\"}]}<\/script>\n<!-- \/ Yoast SEO plugin. -->","yoast_head_json":{"title":"Avanza la discusi\u00f3n sobre barbijos en escuelas y llega al Consejo Escolar","robots":{"index":"index","follow":"follow","max-snippet":"max-snippet:-1","max-image-preview":"max-image-preview:large","max-video-preview":"max-video-preview:-1"},"canonical":"https:\/\/noticiasmercedinas.com\/site\/2022\/03\/18\/avanza-la-discusion-sobre-barbijos-en-escuelas-y-llega-al-consejo-escolar\/","og_locale":"es_ES","og_type":"article","og_title":"Avanza la discusi\u00f3n sobre barbijos en escuelas y llega al Consejo Escolar","og_description":"\u25a0 El consejero Agust\u00edn Ferrarotti, de Juntos, plantea que la situaci\u00f3n es compleja y debe ser analizada. \"El cuidado sobre la situaci\u00f3n sanitaria que hemos vivido los \u00faltimos 2 a\u00f1os ha sido extremo\", remarca","og_url":"https:\/\/noticiasmercedinas.com\/site\/2022\/03\/18\/avanza-la-discusion-sobre-barbijos-en-escuelas-y-llega-al-consejo-escolar\/","og_site_name":"NOTICIASMERCEDINAS.COM","article_publisher":"https:\/\/www.facebook.com\/noticiasmercedinas\/","article_author":"https:\/\/www.facebook.com\/cristian.falabella","article_published_time":"2022-03-18T21:00:26+00:00","article_modified_time":"2022-03-18T21:11:28+00:00","og_image":[{"width":1185,"height":618,"url":"https:\/\/noticiasmercedinas.com\/site\/wp-content\/uploads\/2022\/03\/e8f44a07-295f-443f-81f8-72bee816148e.jpg","type":"image\/jpeg"}],"author":"Cristian Falabella NOTICIASMERCEDINAS.COM","twitter_card":"summary_large_image","twitter_creator":"@https:\/\/twitter.com\/NOTMERCEDINAS","twitter_site":"@notmercedinas","twitter_misc":{"Escrito por":"Cristian Falabella NOTICIASMERCEDINAS.COM","Tiempo de lectura":"3 minutos"},"schema":{"@context":"https:\/\/schema.org","@graph":[{"@type":"Article","@id":"https:\/\/noticiasmercedinas.com\/site\/2022\/03\/18\/avanza-la-discusion-sobre-barbijos-en-escuelas-y-llega-al-consejo-escolar\/#article","isPartOf":{"@id":"https:\/\/noticiasmercedinas.com\/site\/2022\/03\/18\/avanza-la-discusion-sobre-barbijos-en-escuelas-y-llega-al-consejo-escolar\/"},"author":{"name":"Cristian Falabella NOTICIASMERCEDINAS.COM","@id":"https:\/\/noticiasmercedinas.com\/site\/#\/schema\/person\/d481a9696a5feaec13a60e2bbd991a6a"},"headline":"Avanza la discusi\u00f3n sobre barbijos en escuelas y llega al Consejo Escolar","datePublished":"2022-03-18T21:00:26+00:00","dateModified":"2022-03-18T21:11:28+00:00","mainEntityOfPage":{"@id":"https:\/\/noticiasmercedinas.com\/site\/2022\/03\/18\/avanza-la-discusion-sobre-barbijos-en-escuelas-y-llega-al-consejo-escolar\/"},"wordCount":522,"commentCount":0,"publisher":{"@id":"https:\/\/noticiasmercedinas.com\/site\/#organization"},"image":{"@id":"https:\/\/noticiasmercedinas.com\/site\/2022\/03\/18\/avanza-la-discusion-sobre-barbijos-en-escuelas-y-llega-al-consejo-escolar\/#primaryimage"},"thumbnailUrl":"https:\/\/noticiasmercedinas.com\/site\/wp-content\/uploads\/2022\/03\/e8f44a07-295f-443f-81f8-72bee816148e.jpg","keywords":["Agust\u00edn Ferrarotti","consejo escolar","coronavirus","escuelas","Juntos"],"articleSection":["Politica"],"inLanguage":"es","potentialAction":[{"@type":"CommentAction","name":"Comment","target":["https:\/\/noticiasmercedinas.com\/site\/2022\/03\/18\/avanza-la-discusion-sobre-barbijos-en-escuelas-y-llega-al-consejo-escolar\/#respond"]}]},{"@type":"WebPage","@id":"https:\/\/noticiasmercedinas.com\/site\/2022\/03\/18\/avanza-la-discusion-sobre-barbijos-en-escuelas-y-llega-al-consejo-escolar\/","url":"https:\/\/noticiasmercedinas.com\/site\/2022\/03\/18\/avanza-la-discusion-sobre-barbijos-en-escuelas-y-llega-al-consejo-escolar\/","name":"Avanza la discusi\u00f3n sobre barbijos en escuelas y llega al Consejo Escolar","isPartOf":{"@id":"https:\/\/noticiasmercedinas.com\/site\/#website"},"primaryImageOfPage":{"@id":"https:\/\/noticiasmercedinas.com\/site\/2022\/03\/18\/avanza-la-discusion-sobre-barbijos-en-escuelas-y-llega-al-consejo-escolar\/#primaryimage"},"image":{"@id":"https:\/\/noticiasmercedinas.com\/site\/2022\/03\/18\/avanza-la-discusion-sobre-barbijos-en-escuelas-y-llega-al-consejo-escolar\/#primaryimage"},"thumbnailUrl":"https:\/\/noticiasmercedinas.com\/site\/wp-content\/uploads\/2022\/03\/e8f44a07-295f-443f-81f8-72bee816148e.jpg","datePublished":"2022-03-18T21:00:26+00:00","dateModified":"2022-03-18T21:11:28+00:00","breadcrumb":{"@id":"https:\/\/noticiasmercedinas.com\/site\/2022\/03\/18\/avanza-la-discusion-sobre-barbijos-en-escuelas-y-llega-al-consejo-escolar\/#breadcrumb"},"inLanguage":"es","potentialAction":[{"@type":"ReadAction","target":["https:\/\/noticiasmercedinas.com\/site\/2022\/03\/18\/avanza-la-discusion-sobre-barbijos-en-escuelas-y-llega-al-consejo-escolar\/"]}]},{"@type":"ImageObject","inLanguage":"es","@id":"https:\/\/noticiasmercedinas.com\/site\/2022\/03\/18\/avanza-la-discusion-sobre-barbijos-en-escuelas-y-llega-al-consejo-escolar\/#primaryimage","url":"https:\/\/noticiasmercedinas.com\/site\/wp-content\/uploads\/2022\/03\/e8f44a07-295f-443f-81f8-72bee816148e.jpg","contentUrl":"https:\/\/noticiasmercedinas.com\/site\/wp-content\/uploads\/2022\/03\/e8f44a07-295f-443f-81f8-72bee816148e.jpg","width":1185,"height":618},{"@type":"BreadcrumbList","@id":"https:\/\/noticiasmercedinas.com\/site\/2022\/03\/18\/avanza-la-discusion-sobre-barbijos-en-escuelas-y-llega-al-consejo-escolar\/#breadcrumb","itemListElement":[{"@type":"ListItem","position":1,"name":"Portada","item":"https:\/\/noticiasmercedinas.com\/site\/"},{"@type":"ListItem","position":2,"name":"Avanza la discusi\u00f3n sobre barbijos en escuelas y llega al Consejo Escolar"}]},{"@type":"WebSite","@id":"https:\/\/noticiasmercedinas.com\/site\/#website","url":"https:\/\/noticiasmercedinas.com\/site\/","name":"NOTICIASMERCEDINAS.COM","description":"Mercedes, Buenos Aires, Argentina","publisher":{"@id":"https:\/\/noticiasmercedinas.com\/site\/#organization"},"potentialAction":[{"@type":"SearchAction","target":{"@type":"EntryPoint","urlTemplate":"https:\/\/noticiasmercedinas.com\/site\/?s={search_term_string}"},"query-input":{"@type":"PropertyValueSpecification","valueRequired":true,"valueName":"search_term_string"}}],"inLanguage":"es"},{"@type":"Organization","@id":"https:\/\/noticiasmercedinas.com\/site\/#organization","name":"NOTICIASMERCEDINAS.COM","url":"https:\/\/noticiasmercedinas.com\/site\/","logo":{"@type":"ImageObject","inLanguage":"es","@id":"https:\/\/noticiasmercedinas.com\/site\/#\/schema\/logo\/image\/","url":"https:\/\/noticiasmercedinas.com\/site\/wp-content\/uploads\/2020\/06\/LOGO-512.jpg","contentUrl":"https:\/\/noticiasmercedinas.com\/site\/wp-content\/uploads\/2020\/06\/LOGO-512.jpg","width":512,"height":512,"caption":"NOTICIASMERCEDINAS.COM"},"image":{"@id":"https:\/\/noticiasmercedinas.com\/site\/#\/schema\/logo\/image\/"},"sameAs":["https:\/\/www.facebook.com\/noticiasmercedinas\/","https:\/\/x.com\/notmercedinas","https:\/\/www.instagram.com\/noticiasmercedinas\/"]},{"@type":"Person","@id":"https:\/\/noticiasmercedinas.com\/site\/#\/schema\/person\/d481a9696a5feaec13a60e2bbd991a6a","name":"Cristian Falabella NOTICIASMERCEDINAS.COM","image":{"@type":"ImageObject","inLanguage":"es","@id":"https:\/\/secure.gravatar.com\/avatar\/0dbbfc45970cc46bcd0e57766228574ff3511d6eed045b182f536f0f478c1f06?s=96&d=mm&r=g","url":"https:\/\/secure.gravatar.com\/avatar\/0dbbfc45970cc46bcd0e57766228574ff3511d6eed045b182f536f0f478c1f06?s=96&d=mm&r=g","contentUrl":"https:\/\/secure.gravatar.com\/avatar\/0dbbfc45970cc46bcd0e57766228574ff3511d6eed045b182f536f0f478c1f06?s=96&d=mm&r=g","caption":"Cristian Falabella NOTICIASMERCEDINAS.COM"},"description":"Periodista, editor de Noticias Mercedinas. Pas\u00f3 por varias redacciones y emprendimientos de prensa, en distintos formatos y \u00e9pocas. Se especializ\u00f3 --y sigue haci\u00e9ndolo-- en comunicaci\u00f3n en la web y en junio de 2006 fund\u00f3 este diario digital.","sameAs":["https:\/\/noticiasmercedinas.com","https:\/\/www.facebook.com\/cristian.falabella","https:\/\/www.instagram.com\/noticiasmercedinas\/","https:\/\/x.com\/https:\/\/twitter.com\/NOTMERCEDINAS"],"url":"https:\/\/noticiasmercedinas.com\/site\/author\/as000384\/"}]}},"amp_enabled":true,"_links":{"self":[{"href":"https:\/\/noticiasmercedinas.com\/site\/wp-json\/wp\/v2\/posts\/86642","targetHints":{"allow":["GET"]}}],"collection":[{"href":"https:\/\/noticiasmercedinas.com\/site\/wp-json\/wp\/v2\/posts"}],"about":[{"href":"https:\/\/noticiasmercedinas.com\/site\/wp-json\/wp\/v2\/types\/post"}],"author":[{"embeddable":true,"href":"https:\/\/noticiasmercedinas.com\/site\/wp-json\/wp\/v2\/users\/2"}],"replies":[{"embeddable":true,"href":"https:\/\/noticiasmercedinas.com\/site\/wp-json\/wp\/v2\/comments?post=86642"}],"version-history":[{"count":2,"href":"https:\/\/noticiasmercedinas.com\/site\/wp-json\/wp\/v2\/posts\/86642\/revisions"}],"predecessor-version":[{"id":86648,"href":"https:\/\/noticiasmercedinas.com\/site\/wp-json\/wp\/v2\/posts\/86642\/revisions\/86648"}],"wp:featuredmedia":[{"embeddable":true,"href":"https:\/\/noticiasmercedinas.com\/site\/wp-json\/wp\/v2\/media\/86643"}],"wp:attachment":[{"href":"https:\/\/noticiasmercedinas.com\/site\/wp-json\/wp\/v2\/media?parent=86642"}],"wp:term":[{"taxonomy":"category","embeddable":true,"href":"https:\/\/noticiasmercedinas.com\/site\/wp-json\/wp\/v2\/categories?post=86642"},{"taxonomy":"post_tag","embeddable":true,"href":"https:\/\/noticiasmercedinas.com\/site\/wp-json\/wp\/v2\/tags?post=86642"}],"curies":[{"name":"wp","href":"https:\/\/api.w.org\/{rel}","templated":true}]}}