{"id":86673,"date":"2022-03-19T10:13:56","date_gmt":"2022-03-19T13:13:56","guid":{"rendered":"https:\/\/noticiasmercedinas.com\/site\/?p=86673"},"modified":"2022-03-19T10:13:56","modified_gmt":"2022-03-19T13:13:56","slug":"importante-visita-y-firma-de-convenio-en-el-ifad-mercedes","status":"publish","type":"post","link":"https:\/\/noticiasmercedinas.com\/site\/2022\/03\/19\/importante-visita-y-firma-de-convenio-en-el-ifad-mercedes\/","title":{"rendered":"Importante visita y firma de convenio en el IFAD Mercedes"},"content":{"rendered":"<p><img loading=\"lazy\" decoding=\"async\" class=\"alignnone size-full wp-image-86674\" src=\"https:\/\/noticiasmercedinas.com\/site\/wp-content\/uploads\/2022\/03\/soniag.jpg\" alt=\"\" width=\"640\" height=\"412\" srcset=\"https:\/\/noticiasmercedinas.com\/site\/wp-content\/uploads\/2022\/03\/soniag.jpg 640w, https:\/\/noticiasmercedinas.com\/site\/wp-content\/uploads\/2022\/03\/soniag-300x194.jpg 300w, https:\/\/noticiasmercedinas.com\/site\/wp-content\/uploads\/2022\/03\/soniag-341x220.jpg 341w\" sizes=\"auto, (max-width: 640px) 100vw, 640px\" \/><\/p>\n<p>Esta semana y afianzando las actividades que el IFAD lleva adelante de manera presencial en la ciudad de Mercedes, realizando un aporte a la educaci\u00f3n y capacitaci\u00f3n para oficios m\u00e1s que importante, se produjo la firma de convenio y visita a la sede local de uno de sus m\u00e1ximos referentes.<\/p>\n<p>\u201cTrabajaremos en el Club de Leones, hermoso lugar. Gracias a Nino y a la comisi\u00f3n del Club por acceder a esta propuesta educativa. Ahora a llenar las aulas\u201d, coment\u00f3 <strong>Sonia Gonzalez<\/strong>, directora de la escuela local y agradeci\u00f3 adem\u00e1s la visita de <strong>Gustavo Zingoni<\/strong>, Director del IFAD.<\/p>\n<p>El 6 de abril dar\u00e1n comienzo los cursos presenciales del IFAD Educativa Mercedes. \u201cCriminal\u00edstica y Criminolog\u00eda\u201d, \u201cGrafolog\u00eda Forense\u201d, \u201cRecursos Humanos\u201d, \u201cSecretariado Jur\u00eddico y Notarial\u201d, \u201cEstimulaci\u00f3n Temprana\u201d, \u201cAuxiliar Contable\u201d y \u201cAuxiliar de Enfermer\u00eda\u201d ser\u00e1n los que comiencen con esta modalidad, en dependencias del Club de Leones, frente a la plaza San Luis, en calle 22 esquina 15.<\/p>\n<p>Sonia Gonz\u00e1lez es la referente del IFAD en la ciudad de Mercedes, y destac\u00f3 que sigue creciendo d\u00eda a d\u00eda el inter\u00e9s por sumarse a las propuestas educativas que cuentan con aval universitario e inscripci\u00f3n abierta.<\/p>\n<blockquote><p>El 6 de abril dar\u00e1n comienzo los cursos presenciales del IFAD Educativa Mercedes: \u201cCriminal\u00edstica y Criminolog\u00eda\u201d, \u201cGrafolog\u00eda Forense\u201d, \u201cRecursos Humanos\u201d, \u201cSecretariado Jur\u00eddico y Notarial\u201d, \u201cEstimulaci\u00f3n Temprana\u201d, \u201cAuxiliar Contable\u201d y \u201cAuxiliar de Enfermer\u00eda\u201d<\/p><\/blockquote>\n<p>IFAD (Instituto de Formaci\u00f3n A Distancia) es una plataforma educativa digital que funciona presencialmente a trav\u00e9s de un mont\u00f3n de emprendedores y cuenta con 165 sedes en Argentina y la Regi\u00f3n que incluyen Paraguay, Bolivia, Per\u00fa y Ecuador. Tiene su alcance de manera presencial en varias tem\u00e1ticas y el mail de contacto para los interesados es ifadmercedeseducativasg@gmail.com y el tel\u00e9fono 2324-581682<\/p>\n<div style=\"width: 640px;\" class=\"wp-video\"><video class=\"wp-video-shortcode\" id=\"video-86673-1\" width=\"640\" height=\"640\" preload=\"metadata\" controls=\"controls\"><source type=\"video\/mp4\" src=\"https:\/\/noticiasmercedinas.com\/site\/wp-content\/uploads\/2022\/03\/WhatsApp-Video-2022-03-17-at-10.22.31-AM.mp4?_=1\" \/><a href=\"https:\/\/noticiasmercedinas.com\/site\/wp-content\/uploads\/2022\/03\/WhatsApp-Video-2022-03-17-at-10.22.31-AM.mp4\">https:\/\/noticiasmercedinas.com\/site\/wp-content\/uploads\/2022\/03\/WhatsApp-Video-2022-03-17-at-10.22.31-AM.mp4<\/a><\/video><\/div>\n","protected":false},"excerpt":{"rendered":"<p>Esta semana y afianzando las actividades que el IFAD lleva adelante de manera presencial en la ciudad de Mercedes, realizando un aporte a la educaci\u00f3n y capacitaci\u00f3n para oficios m\u00e1s que importante, se produjo la firma de convenio y visita a la sede local de uno de sus m\u00e1ximos referentes. \u201cTrabajaremos en el Club de [&hellip;]<\/p>\n","protected":false},"author":16,"featured_media":86674,"comment_status":"open","ping_status":"open","sticky":false,"template":"","format":"standard","meta":{"footnotes":""},"categories":[74],"tags":[1085,13913,13776,3590,13249],"class_list":["post-86673","post","type-post","status-publish","format-standard","has-post-thumbnail","hentry","category-emprendimientos","tag-cursos","tag-eduicacion","tag-ifad","tag-sonia-gonzalez","tag-utn"],"yoast_head":"<!-- This site is optimized with the Yoast SEO plugin v27.4 - https:\/\/yoast.com\/product\/yoast-seo-wordpress\/ -->\n<title>Importante visita y firma de convenio en el IFAD Mercedes<\/title>\n<meta name=\"robots\" content=\"index, follow, max-snippet:-1, max-image-preview:large, max-video-preview:-1\" \/>\n<link rel=\"canonical\" href=\"https:\/\/noticiasmercedinas.com\/site\/2022\/03\/19\/importante-visita-y-firma-de-convenio-en-el-ifad-mercedes\/\" \/>\n<meta property=\"og:locale\" content=\"es_ES\" \/>\n<meta property=\"og:type\" content=\"article\" \/>\n<meta property=\"og:title\" content=\"Importante visita y firma de convenio en el IFAD Mercedes\" \/>\n<meta property=\"og:description\" content=\"Esta semana y afianzando las actividades que el IFAD lleva adelante de manera presencial en la ciudad de Mercedes, realizando un aporte a la educaci\u00f3n y capacitaci\u00f3n para oficios m\u00e1s que importante, se produjo la firma de convenio y visita a la sede local de uno de sus m\u00e1ximos referentes. \u201cTrabajaremos en el Club de [&hellip;]\" \/>\n<meta property=\"og:url\" content=\"https:\/\/noticiasmercedinas.com\/site\/2022\/03\/19\/importante-visita-y-firma-de-convenio-en-el-ifad-mercedes\/\" \/>\n<meta property=\"og:site_name\" content=\"NOTICIASMERCEDINAS.COM\" \/>\n<meta property=\"article:publisher\" content=\"https:\/\/www.facebook.com\/noticiasmercedinas\/\" \/>\n<meta property=\"article:published_time\" content=\"2022-03-19T13:13:56+00:00\" \/>\n<meta property=\"og:image\" content=\"https:\/\/noticiasmercedinas.com\/site\/wp-content\/uploads\/2022\/03\/soniag.jpg\" \/>\n\t<meta property=\"og:image:width\" content=\"640\" \/>\n\t<meta property=\"og:image:height\" content=\"412\" \/>\n\t<meta property=\"og:image:type\" content=\"image\/jpeg\" \/>\n<meta name=\"author\" content=\"NOTICIASMERCEDINAS.COM\" \/>\n<meta name=\"twitter:card\" content=\"summary_large_image\" \/>\n<meta name=\"twitter:creator\" content=\"@notmercedinas\" \/>\n<meta name=\"twitter:site\" content=\"@notmercedinas\" \/>\n<meta name=\"twitter:label1\" content=\"Escrito por\" \/>\n\t<meta name=\"twitter:data1\" content=\"NOTICIASMERCEDINAS.COM\" \/>\n\t<meta name=\"twitter:label2\" content=\"Tiempo de lectura\" \/>\n\t<meta name=\"twitter:data2\" content=\"2 minutos\" \/>\n<script type=\"application\/ld+json\" class=\"yoast-schema-graph\">{\"@context\":\"https:\\\/\\\/schema.org\",\"@graph\":[{\"@type\":\"Article\",\"@id\":\"https:\\\/\\\/noticiasmercedinas.com\\\/site\\\/2022\\\/03\\\/19\\\/importante-visita-y-firma-de-convenio-en-el-ifad-mercedes\\\/#article\",\"isPartOf\":{\"@id\":\"https:\\\/\\\/noticiasmercedinas.com\\\/site\\\/2022\\\/03\\\/19\\\/importante-visita-y-firma-de-convenio-en-el-ifad-mercedes\\\/\"},\"author\":{\"name\":\"NOTICIASMERCEDINAS.COM\",\"@id\":\"https:\\\/\\\/noticiasmercedinas.com\\\/site\\\/#\\\/schema\\\/person\\\/84b59c099c28ff2e8b77d4ceec5d8063\"},\"headline\":\"Importante visita y firma de convenio en el IFAD Mercedes\",\"datePublished\":\"2022-03-19T13:13:56+00:00\",\"mainEntityOfPage\":{\"@id\":\"https:\\\/\\\/noticiasmercedinas.com\\\/site\\\/2022\\\/03\\\/19\\\/importante-visita-y-firma-de-convenio-en-el-ifad-mercedes\\\/\"},\"wordCount\":338,\"commentCount\":0,\"publisher\":{\"@id\":\"https:\\\/\\\/noticiasmercedinas.com\\\/site\\\/#organization\"},\"image\":{\"@id\":\"https:\\\/\\\/noticiasmercedinas.com\\\/site\\\/2022\\\/03\\\/19\\\/importante-visita-y-firma-de-convenio-en-el-ifad-mercedes\\\/#primaryimage\"},\"thumbnailUrl\":\"https:\\\/\\\/noticiasmercedinas.com\\\/site\\\/wp-content\\\/uploads\\\/2022\\\/03\\\/soniag.jpg\",\"keywords\":[\"cursos\",\"eduicacion\",\"ifad\",\"sonia gonzalez\",\"UTN\"],\"articleSection\":[\"Emprendimientos\"],\"inLanguage\":\"es\",\"potentialAction\":[{\"@type\":\"CommentAction\",\"name\":\"Comment\",\"target\":[\"https:\\\/\\\/noticiasmercedinas.com\\\/site\\\/2022\\\/03\\\/19\\\/importante-visita-y-firma-de-convenio-en-el-ifad-mercedes\\\/#respond\"]}]},{\"@type\":\"WebPage\",\"@id\":\"https:\\\/\\\/noticiasmercedinas.com\\\/site\\\/2022\\\/03\\\/19\\\/importante-visita-y-firma-de-convenio-en-el-ifad-mercedes\\\/\",\"url\":\"https:\\\/\\\/noticiasmercedinas.com\\\/site\\\/2022\\\/03\\\/19\\\/importante-visita-y-firma-de-convenio-en-el-ifad-mercedes\\\/\",\"name\":\"Importante visita y firma de convenio en el IFAD Mercedes\",\"isPartOf\":{\"@id\":\"https:\\\/\\\/noticiasmercedinas.com\\\/site\\\/#website\"},\"primaryImageOfPage\":{\"@id\":\"https:\\\/\\\/noticiasmercedinas.com\\\/site\\\/2022\\\/03\\\/19\\\/importante-visita-y-firma-de-convenio-en-el-ifad-mercedes\\\/#primaryimage\"},\"image\":{\"@id\":\"https:\\\/\\\/noticiasmercedinas.com\\\/site\\\/2022\\\/03\\\/19\\\/importante-visita-y-firma-de-convenio-en-el-ifad-mercedes\\\/#primaryimage\"},\"thumbnailUrl\":\"https:\\\/\\\/noticiasmercedinas.com\\\/site\\\/wp-content\\\/uploads\\\/2022\\\/03\\\/soniag.jpg\",\"datePublished\":\"2022-03-19T13:13:56+00:00\",\"breadcrumb\":{\"@id\":\"https:\\\/\\\/noticiasmercedinas.com\\\/site\\\/2022\\\/03\\\/19\\\/importante-visita-y-firma-de-convenio-en-el-ifad-mercedes\\\/#breadcrumb\"},\"inLanguage\":\"es\",\"potentialAction\":[{\"@type\":\"ReadAction\",\"target\":[\"https:\\\/\\\/noticiasmercedinas.com\\\/site\\\/2022\\\/03\\\/19\\\/importante-visita-y-firma-de-convenio-en-el-ifad-mercedes\\\/\"]}]},{\"@type\":\"ImageObject\",\"inLanguage\":\"es\",\"@id\":\"https:\\\/\\\/noticiasmercedinas.com\\\/site\\\/2022\\\/03\\\/19\\\/importante-visita-y-firma-de-convenio-en-el-ifad-mercedes\\\/#primaryimage\",\"url\":\"https:\\\/\\\/noticiasmercedinas.com\\\/site\\\/wp-content\\\/uploads\\\/2022\\\/03\\\/soniag.jpg\",\"contentUrl\":\"https:\\\/\\\/noticiasmercedinas.com\\\/site\\\/wp-content\\\/uploads\\\/2022\\\/03\\\/soniag.jpg\",\"width\":640,\"height\":412},{\"@type\":\"BreadcrumbList\",\"@id\":\"https:\\\/\\\/noticiasmercedinas.com\\\/site\\\/2022\\\/03\\\/19\\\/importante-visita-y-firma-de-convenio-en-el-ifad-mercedes\\\/#breadcrumb\",\"itemListElement\":[{\"@type\":\"ListItem\",\"position\":1,\"name\":\"Portada\",\"item\":\"https:\\\/\\\/noticiasmercedinas.com\\\/site\\\/\"},{\"@type\":\"ListItem\",\"position\":2,\"name\":\"Importante visita y firma de convenio en el IFAD Mercedes\"}]},{\"@type\":\"WebSite\",\"@id\":\"https:\\\/\\\/noticiasmercedinas.com\\\/site\\\/#website\",\"url\":\"https:\\\/\\\/noticiasmercedinas.com\\\/site\\\/\",\"name\":\"NOTICIASMERCEDINAS.COM\",\"description\":\"Mercedes, Buenos Aires, Argentina\",\"publisher\":{\"@id\":\"https:\\\/\\\/noticiasmercedinas.com\\\/site\\\/#organization\"},\"potentialAction\":[{\"@type\":\"SearchAction\",\"target\":{\"@type\":\"EntryPoint\",\"urlTemplate\":\"https:\\\/\\\/noticiasmercedinas.com\\\/site\\\/?s={search_term_string}\"},\"query-input\":{\"@type\":\"PropertyValueSpecification\",\"valueRequired\":true,\"valueName\":\"search_term_string\"}}],\"inLanguage\":\"es\"},{\"@type\":\"Organization\",\"@id\":\"https:\\\/\\\/noticiasmercedinas.com\\\/site\\\/#organization\",\"name\":\"NOTICIASMERCEDINAS.COM\",\"url\":\"https:\\\/\\\/noticiasmercedinas.com\\\/site\\\/\",\"logo\":{\"@type\":\"ImageObject\",\"inLanguage\":\"es\",\"@id\":\"https:\\\/\\\/noticiasmercedinas.com\\\/site\\\/#\\\/schema\\\/logo\\\/image\\\/\",\"url\":\"https:\\\/\\\/noticiasmercedinas.com\\\/site\\\/wp-content\\\/uploads\\\/2020\\\/06\\\/LOGO-512.jpg\",\"contentUrl\":\"https:\\\/\\\/noticiasmercedinas.com\\\/site\\\/wp-content\\\/uploads\\\/2020\\\/06\\\/LOGO-512.jpg\",\"width\":512,\"height\":512,\"caption\":\"NOTICIASMERCEDINAS.COM\"},\"image\":{\"@id\":\"https:\\\/\\\/noticiasmercedinas.com\\\/site\\\/#\\\/schema\\\/logo\\\/image\\\/\"},\"sameAs\":[\"https:\\\/\\\/www.facebook.com\\\/noticiasmercedinas\\\/\",\"https:\\\/\\\/x.com\\\/notmercedinas\",\"https:\\\/\\\/www.instagram.com\\\/noticiasmercedinas\\\/\"]},{\"@type\":\"Person\",\"@id\":\"https:\\\/\\\/noticiasmercedinas.com\\\/site\\\/#\\\/schema\\\/person\\\/84b59c099c28ff2e8b77d4ceec5d8063\",\"name\":\"NOTICIASMERCEDINAS.COM\",\"image\":{\"@type\":\"ImageObject\",\"inLanguage\":\"es\",\"@id\":\"https:\\\/\\\/secure.gravatar.com\\\/avatar\\\/4dfbf16b4d17945bfb6341b2d19043457132fcf478a5ee04f42e959fd8f5df0a?s=96&d=mm&r=g\",\"url\":\"https:\\\/\\\/secure.gravatar.com\\\/avatar\\\/4dfbf16b4d17945bfb6341b2d19043457132fcf478a5ee04f42e959fd8f5df0a?s=96&d=mm&r=g\",\"contentUrl\":\"https:\\\/\\\/secure.gravatar.com\\\/avatar\\\/4dfbf16b4d17945bfb6341b2d19043457132fcf478a5ee04f42e959fd8f5df0a?s=96&d=mm&r=g\",\"caption\":\"NOTICIASMERCEDINAS.COM\"},\"url\":\"https:\\\/\\\/noticiasmercedinas.com\\\/site\\\/author\\\/anonimo\\\/\"}]}<\/script>\n<!-- \/ Yoast SEO plugin. -->","yoast_head_json":{"title":"Importante visita y firma de convenio en el IFAD Mercedes","robots":{"index":"index","follow":"follow","max-snippet":"max-snippet:-1","max-image-preview":"max-image-preview:large","max-video-preview":"max-video-preview:-1"},"canonical":"https:\/\/noticiasmercedinas.com\/site\/2022\/03\/19\/importante-visita-y-firma-de-convenio-en-el-ifad-mercedes\/","og_locale":"es_ES","og_type":"article","og_title":"Importante visita y firma de convenio en el IFAD Mercedes","og_description":"Esta semana y afianzando las actividades que el IFAD lleva adelante de manera presencial en la ciudad de Mercedes, realizando un aporte a la educaci\u00f3n y capacitaci\u00f3n para oficios m\u00e1s que importante, se produjo la firma de convenio y visita a la sede local de uno de sus m\u00e1ximos referentes. \u201cTrabajaremos en el Club de [&hellip;]","og_url":"https:\/\/noticiasmercedinas.com\/site\/2022\/03\/19\/importante-visita-y-firma-de-convenio-en-el-ifad-mercedes\/","og_site_name":"NOTICIASMERCEDINAS.COM","article_publisher":"https:\/\/www.facebook.com\/noticiasmercedinas\/","article_published_time":"2022-03-19T13:13:56+00:00","og_image":[{"width":640,"height":412,"url":"https:\/\/noticiasmercedinas.com\/site\/wp-content\/uploads\/2022\/03\/soniag.jpg","type":"image\/jpeg"}],"author":"NOTICIASMERCEDINAS.COM","twitter_card":"summary_large_image","twitter_creator":"@notmercedinas","twitter_site":"@notmercedinas","twitter_misc":{"Escrito por":"NOTICIASMERCEDINAS.COM","Tiempo de lectura":"2 minutos"},"schema":{"@context":"https:\/\/schema.org","@graph":[{"@type":"Article","@id":"https:\/\/noticiasmercedinas.com\/site\/2022\/03\/19\/importante-visita-y-firma-de-convenio-en-el-ifad-mercedes\/#article","isPartOf":{"@id":"https:\/\/noticiasmercedinas.com\/site\/2022\/03\/19\/importante-visita-y-firma-de-convenio-en-el-ifad-mercedes\/"},"author":{"name":"NOTICIASMERCEDINAS.COM","@id":"https:\/\/noticiasmercedinas.com\/site\/#\/schema\/person\/84b59c099c28ff2e8b77d4ceec5d8063"},"headline":"Importante visita y firma de convenio en el IFAD Mercedes","datePublished":"2022-03-19T13:13:56+00:00","mainEntityOfPage":{"@id":"https:\/\/noticiasmercedinas.com\/site\/2022\/03\/19\/importante-visita-y-firma-de-convenio-en-el-ifad-mercedes\/"},"wordCount":338,"commentCount":0,"publisher":{"@id":"https:\/\/noticiasmercedinas.com\/site\/#organization"},"image":{"@id":"https:\/\/noticiasmercedinas.com\/site\/2022\/03\/19\/importante-visita-y-firma-de-convenio-en-el-ifad-mercedes\/#primaryimage"},"thumbnailUrl":"https:\/\/noticiasmercedinas.com\/site\/wp-content\/uploads\/2022\/03\/soniag.jpg","keywords":["cursos","eduicacion","ifad","sonia gonzalez","UTN"],"articleSection":["Emprendimientos"],"inLanguage":"es","potentialAction":[{"@type":"CommentAction","name":"Comment","target":["https:\/\/noticiasmercedinas.com\/site\/2022\/03\/19\/importante-visita-y-firma-de-convenio-en-el-ifad-mercedes\/#respond"]}]},{"@type":"WebPage","@id":"https:\/\/noticiasmercedinas.com\/site\/2022\/03\/19\/importante-visita-y-firma-de-convenio-en-el-ifad-mercedes\/","url":"https:\/\/noticiasmercedinas.com\/site\/2022\/03\/19\/importante-visita-y-firma-de-convenio-en-el-ifad-mercedes\/","name":"Importante visita y firma de convenio en el IFAD Mercedes","isPartOf":{"@id":"https:\/\/noticiasmercedinas.com\/site\/#website"},"primaryImageOfPage":{"@id":"https:\/\/noticiasmercedinas.com\/site\/2022\/03\/19\/importante-visita-y-firma-de-convenio-en-el-ifad-mercedes\/#primaryimage"},"image":{"@id":"https:\/\/noticiasmercedinas.com\/site\/2022\/03\/19\/importante-visita-y-firma-de-convenio-en-el-ifad-mercedes\/#primaryimage"},"thumbnailUrl":"https:\/\/noticiasmercedinas.com\/site\/wp-content\/uploads\/2022\/03\/soniag.jpg","datePublished":"2022-03-19T13:13:56+00:00","breadcrumb":{"@id":"https:\/\/noticiasmercedinas.com\/site\/2022\/03\/19\/importante-visita-y-firma-de-convenio-en-el-ifad-mercedes\/#breadcrumb"},"inLanguage":"es","potentialAction":[{"@type":"ReadAction","target":["https:\/\/noticiasmercedinas.com\/site\/2022\/03\/19\/importante-visita-y-firma-de-convenio-en-el-ifad-mercedes\/"]}]},{"@type":"ImageObject","inLanguage":"es","@id":"https:\/\/noticiasmercedinas.com\/site\/2022\/03\/19\/importante-visita-y-firma-de-convenio-en-el-ifad-mercedes\/#primaryimage","url":"https:\/\/noticiasmercedinas.com\/site\/wp-content\/uploads\/2022\/03\/soniag.jpg","contentUrl":"https:\/\/noticiasmercedinas.com\/site\/wp-content\/uploads\/2022\/03\/soniag.jpg","width":640,"height":412},{"@type":"BreadcrumbList","@id":"https:\/\/noticiasmercedinas.com\/site\/2022\/03\/19\/importante-visita-y-firma-de-convenio-en-el-ifad-mercedes\/#breadcrumb","itemListElement":[{"@type":"ListItem","position":1,"name":"Portada","item":"https:\/\/noticiasmercedinas.com\/site\/"},{"@type":"ListItem","position":2,"name":"Importante visita y firma de convenio en el IFAD Mercedes"}]},{"@type":"WebSite","@id":"https:\/\/noticiasmercedinas.com\/site\/#website","url":"https:\/\/noticiasmercedinas.com\/site\/","name":"NOTICIASMERCEDINAS.COM","description":"Mercedes, Buenos Aires, Argentina","publisher":{"@id":"https:\/\/noticiasmercedinas.com\/site\/#organization"},"potentialAction":[{"@type":"SearchAction","target":{"@type":"EntryPoint","urlTemplate":"https:\/\/noticiasmercedinas.com\/site\/?s={search_term_string}"},"query-input":{"@type":"PropertyValueSpecification","valueRequired":true,"valueName":"search_term_string"}}],"inLanguage":"es"},{"@type":"Organization","@id":"https:\/\/noticiasmercedinas.com\/site\/#organization","name":"NOTICIASMERCEDINAS.COM","url":"https:\/\/noticiasmercedinas.com\/site\/","logo":{"@type":"ImageObject","inLanguage":"es","@id":"https:\/\/noticiasmercedinas.com\/site\/#\/schema\/logo\/image\/","url":"https:\/\/noticiasmercedinas.com\/site\/wp-content\/uploads\/2020\/06\/LOGO-512.jpg","contentUrl":"https:\/\/noticiasmercedinas.com\/site\/wp-content\/uploads\/2020\/06\/LOGO-512.jpg","width":512,"height":512,"caption":"NOTICIASMERCEDINAS.COM"},"image":{"@id":"https:\/\/noticiasmercedinas.com\/site\/#\/schema\/logo\/image\/"},"sameAs":["https:\/\/www.facebook.com\/noticiasmercedinas\/","https:\/\/x.com\/notmercedinas","https:\/\/www.instagram.com\/noticiasmercedinas\/"]},{"@type":"Person","@id":"https:\/\/noticiasmercedinas.com\/site\/#\/schema\/person\/84b59c099c28ff2e8b77d4ceec5d8063","name":"NOTICIASMERCEDINAS.COM","image":{"@type":"ImageObject","inLanguage":"es","@id":"https:\/\/secure.gravatar.com\/avatar\/4dfbf16b4d17945bfb6341b2d19043457132fcf478a5ee04f42e959fd8f5df0a?s=96&d=mm&r=g","url":"https:\/\/secure.gravatar.com\/avatar\/4dfbf16b4d17945bfb6341b2d19043457132fcf478a5ee04f42e959fd8f5df0a?s=96&d=mm&r=g","contentUrl":"https:\/\/secure.gravatar.com\/avatar\/4dfbf16b4d17945bfb6341b2d19043457132fcf478a5ee04f42e959fd8f5df0a?s=96&d=mm&r=g","caption":"NOTICIASMERCEDINAS.COM"},"url":"https:\/\/noticiasmercedinas.com\/site\/author\/anonimo\/"}]}},"amp_enabled":true,"_links":{"self":[{"href":"https:\/\/noticiasmercedinas.com\/site\/wp-json\/wp\/v2\/posts\/86673","targetHints":{"allow":["GET"]}}],"collection":[{"href":"https:\/\/noticiasmercedinas.com\/site\/wp-json\/wp\/v2\/posts"}],"about":[{"href":"https:\/\/noticiasmercedinas.com\/site\/wp-json\/wp\/v2\/types\/post"}],"author":[{"embeddable":true,"href":"https:\/\/noticiasmercedinas.com\/site\/wp-json\/wp\/v2\/users\/16"}],"replies":[{"embeddable":true,"href":"https:\/\/noticiasmercedinas.com\/site\/wp-json\/wp\/v2\/comments?post=86673"}],"version-history":[{"count":1,"href":"https:\/\/noticiasmercedinas.com\/site\/wp-json\/wp\/v2\/posts\/86673\/revisions"}],"predecessor-version":[{"id":86676,"href":"https:\/\/noticiasmercedinas.com\/site\/wp-json\/wp\/v2\/posts\/86673\/revisions\/86676"}],"wp:featuredmedia":[{"embeddable":true,"href":"https:\/\/noticiasmercedinas.com\/site\/wp-json\/wp\/v2\/media\/86674"}],"wp:attachment":[{"href":"https:\/\/noticiasmercedinas.com\/site\/wp-json\/wp\/v2\/media?parent=86673"}],"wp:term":[{"taxonomy":"category","embeddable":true,"href":"https:\/\/noticiasmercedinas.com\/site\/wp-json\/wp\/v2\/categories?post=86673"},{"taxonomy":"post_tag","embeddable":true,"href":"https:\/\/noticiasmercedinas.com\/site\/wp-json\/wp\/v2\/tags?post=86673"}],"curies":[{"name":"wp","href":"https:\/\/api.w.org\/{rel}","templated":true}]}}