{"id":86732,"date":"2022-03-20T11:13:23","date_gmt":"2022-03-20T14:13:23","guid":{"rendered":"https:\/\/noticiasmercedinas.com\/site\/?p=86732"},"modified":"2022-03-20T11:13:23","modified_gmt":"2022-03-20T14:13:23","slug":"clubes-de-leones-de-las-zonas-ix-y-x-se-reunieron-en-nueve-de-julio","status":"publish","type":"post","link":"https:\/\/noticiasmercedinas.com\/site\/2022\/03\/20\/clubes-de-leones-de-las-zonas-ix-y-x-se-reunieron-en-nueve-de-julio\/","title":{"rendered":"Clubes de Leones de las zonas IX y X se reunieron en Nueve de Julio"},"content":{"rendered":"<p><img loading=\"lazy\" decoding=\"async\" class=\"alignnone size-large wp-image-86733\" src=\"https:\/\/noticiasmercedinas.com\/site\/wp-content\/uploads\/2022\/03\/WhatsApp-Image-2022-03-19-at-8.58.02-PM-1024x418.jpg\" alt=\"\" width=\"640\" height=\"261\" \/><\/p>\n<p>Integrantes de clubes de Leones del Distrito X y IX &#8211;al que pertenece a ciudad de Mercedes&#8211; se reunieron en la filial de Nueve de Julio.<\/p>\n<p>Es as\u00ed que los principales referentes de Clubes de Leones se reunieron en la sede la instituci\u00f3n nuevejuliense, para tratar temas inherentes a su \u00e1mbito de trabajo. Particip\u00f3 encabezando el encuentro el gobernador N\u00e9stor Gerardo Freccero, y lo acompa\u00f1aron responsables de los centros de Bragado, Carlos Casares, Baigorrita, Lincoln, Chivilcoy, Jun\u00edn, Mercedes y Suipacha, de las zonas IX y X.<\/p>\n<p>Adem\u00e1s se supo que el encuentro tuvo la presencia de la presidente de la Fundaci\u00f3n Leones, Marcela Mart\u00ednez.<\/p>\n<p>La reuni\u00f3n tambi\u00e9n motiv\u00f3 la entrega de premios y distinciones a cada uno de los clubes participantes, que estuvo a cargo de la pasada gobernadora Le\u00f3n Marcela Martinez.<\/p>\n<p><img loading=\"lazy\" decoding=\"async\" class=\"alignnone size-large wp-image-86734\" src=\"https:\/\/noticiasmercedinas.com\/site\/wp-content\/uploads\/2022\/03\/WhatsApp-Image-2022-03-19-at-8.59.01-PM-1024x576.jpeg\" alt=\"\" width=\"640\" height=\"360\" srcset=\"https:\/\/noticiasmercedinas.com\/site\/wp-content\/uploads\/2022\/03\/WhatsApp-Image-2022-03-19-at-8.59.01-PM-1024x576.jpeg 1024w, https:\/\/noticiasmercedinas.com\/site\/wp-content\/uploads\/2022\/03\/WhatsApp-Image-2022-03-19-at-8.59.01-PM-300x169.jpeg 300w, https:\/\/noticiasmercedinas.com\/site\/wp-content\/uploads\/2022\/03\/WhatsApp-Image-2022-03-19-at-8.59.01-PM-768x432.jpeg 768w, https:\/\/noticiasmercedinas.com\/site\/wp-content\/uploads\/2022\/03\/WhatsApp-Image-2022-03-19-at-8.59.01-PM-1536x864.jpeg 1536w, https:\/\/noticiasmercedinas.com\/site\/wp-content\/uploads\/2022\/03\/WhatsApp-Image-2022-03-19-at-8.59.01-PM-640x360.jpeg 640w, https:\/\/noticiasmercedinas.com\/site\/wp-content\/uploads\/2022\/03\/WhatsApp-Image-2022-03-19-at-8.59.01-PM-1280x720.jpeg 1280w, https:\/\/noticiasmercedinas.com\/site\/wp-content\/uploads\/2022\/03\/WhatsApp-Image-2022-03-19-at-8.59.01-PM-681x383.jpeg 681w, https:\/\/noticiasmercedinas.com\/site\/wp-content\/uploads\/2022\/03\/WhatsApp-Image-2022-03-19-at-8.59.01-PM-1362x766.jpeg 1362w, https:\/\/noticiasmercedinas.com\/site\/wp-content\/uploads\/2022\/03\/WhatsApp-Image-2022-03-19-at-8.59.01-PM.jpeg 1600w\" sizes=\"auto, (max-width: 640px) 100vw, 640px\" \/><\/p>\n","protected":false},"excerpt":{"rendered":"<p>Integrantes de clubes de Leones del Distrito X y IX &#8211;al que pertenece a ciudad de Mercedes&#8211; se reunieron en la filial de Nueve de Julio. Es as\u00ed que los principales referentes de Clubes de Leones se reunieron en la sede la instituci\u00f3n nuevejuliense, para tratar temas inherentes a su \u00e1mbito de trabajo. Particip\u00f3 encabezando [&hellip;]<\/p>\n","protected":false},"author":16,"featured_media":86733,"comment_status":"open","ping_status":"open","sticky":false,"template":"","format":"standard","meta":{"footnotes":""},"categories":[139],"tags":[203,364,13923,23,5634],"class_list":["post-86732","post","type-post","status-publish","format-standard","has-post-thumbnail","hentry","category-regionales","tag-chivilcoy","tag-club-de-leones","tag-leones","tag-mercedes","tag-nueve-de-julio"],"yoast_head":"<!-- This site is optimized with the Yoast SEO plugin v27.4 - https:\/\/yoast.com\/product\/yoast-seo-wordpress\/ -->\n<title>Clubes de Leones de las zonas IX y X se reunieron en Nueve de Julio<\/title>\n<meta name=\"robots\" content=\"index, follow, max-snippet:-1, max-image-preview:large, max-video-preview:-1\" \/>\n<link rel=\"canonical\" href=\"https:\/\/noticiasmercedinas.com\/site\/2022\/03\/20\/clubes-de-leones-de-las-zonas-ix-y-x-se-reunieron-en-nueve-de-julio\/\" \/>\n<meta property=\"og:locale\" content=\"es_ES\" \/>\n<meta property=\"og:type\" content=\"article\" \/>\n<meta property=\"og:title\" content=\"Clubes de Leones de las zonas IX y X se reunieron en Nueve de Julio\" \/>\n<meta property=\"og:description\" content=\"Integrantes de clubes de Leones del Distrito X y IX &#8211;al que pertenece a ciudad de Mercedes&#8211; se reunieron en la filial de Nueve de Julio. Es as\u00ed que los principales referentes de Clubes de Leones se reunieron en la sede la instituci\u00f3n nuevejuliense, para tratar temas inherentes a su \u00e1mbito de trabajo. Particip\u00f3 encabezando [&hellip;]\" \/>\n<meta property=\"og:url\" content=\"https:\/\/noticiasmercedinas.com\/site\/2022\/03\/20\/clubes-de-leones-de-las-zonas-ix-y-x-se-reunieron-en-nueve-de-julio\/\" \/>\n<meta property=\"og:site_name\" content=\"NOTICIASMERCEDINAS.COM\" \/>\n<meta property=\"article:publisher\" content=\"https:\/\/www.facebook.com\/noticiasmercedinas\/\" \/>\n<meta property=\"article:published_time\" content=\"2022-03-20T14:13:23+00:00\" \/>\n<meta property=\"og:image\" content=\"https:\/\/noticiasmercedinas.com\/site\/wp-content\/uploads\/2022\/03\/WhatsApp-Image-2022-03-19-at-8.58.02-PM-e1647785580465.jpg\" \/>\n\t<meta property=\"og:image:width\" content=\"640\" \/>\n\t<meta property=\"og:image:height\" content=\"261\" \/>\n\t<meta property=\"og:image:type\" content=\"image\/jpeg\" \/>\n<meta name=\"author\" content=\"NOTICIASMERCEDINAS.COM\" \/>\n<meta name=\"twitter:card\" content=\"summary_large_image\" \/>\n<meta name=\"twitter:creator\" content=\"@notmercedinas\" \/>\n<meta name=\"twitter:site\" content=\"@notmercedinas\" \/>\n<meta name=\"twitter:label1\" content=\"Escrito por\" \/>\n\t<meta name=\"twitter:data1\" content=\"NOTICIASMERCEDINAS.COM\" \/>\n\t<meta name=\"twitter:label2\" content=\"Tiempo de lectura\" \/>\n\t<meta name=\"twitter:data2\" content=\"2 minutos\" \/>\n<script type=\"application\/ld+json\" class=\"yoast-schema-graph\">{\"@context\":\"https:\\\/\\\/schema.org\",\"@graph\":[{\"@type\":\"Article\",\"@id\":\"https:\\\/\\\/noticiasmercedinas.com\\\/site\\\/2022\\\/03\\\/20\\\/clubes-de-leones-de-las-zonas-ix-y-x-se-reunieron-en-nueve-de-julio\\\/#article\",\"isPartOf\":{\"@id\":\"https:\\\/\\\/noticiasmercedinas.com\\\/site\\\/2022\\\/03\\\/20\\\/clubes-de-leones-de-las-zonas-ix-y-x-se-reunieron-en-nueve-de-julio\\\/\"},\"author\":{\"name\":\"NOTICIASMERCEDINAS.COM\",\"@id\":\"https:\\\/\\\/noticiasmercedinas.com\\\/site\\\/#\\\/schema\\\/person\\\/84b59c099c28ff2e8b77d4ceec5d8063\"},\"headline\":\"Clubes de Leones de las zonas IX y X se reunieron en Nueve de Julio\",\"datePublished\":\"2022-03-20T14:13:23+00:00\",\"mainEntityOfPage\":{\"@id\":\"https:\\\/\\\/noticiasmercedinas.com\\\/site\\\/2022\\\/03\\\/20\\\/clubes-de-leones-de-las-zonas-ix-y-x-se-reunieron-en-nueve-de-julio\\\/\"},\"wordCount\":157,\"commentCount\":0,\"publisher\":{\"@id\":\"https:\\\/\\\/noticiasmercedinas.com\\\/site\\\/#organization\"},\"image\":{\"@id\":\"https:\\\/\\\/noticiasmercedinas.com\\\/site\\\/2022\\\/03\\\/20\\\/clubes-de-leones-de-las-zonas-ix-y-x-se-reunieron-en-nueve-de-julio\\\/#primaryimage\"},\"thumbnailUrl\":\"https:\\\/\\\/noticiasmercedinas.com\\\/site\\\/wp-content\\\/uploads\\\/2022\\\/03\\\/WhatsApp-Image-2022-03-19-at-8.58.02-PM-e1647785580465.jpg\",\"keywords\":[\"chivilcoy\",\"club de leones\",\"leones\",\"mercedes\",\"Nueve de Julio\"],\"articleSection\":[\"Regionales\"],\"inLanguage\":\"es\",\"potentialAction\":[{\"@type\":\"CommentAction\",\"name\":\"Comment\",\"target\":[\"https:\\\/\\\/noticiasmercedinas.com\\\/site\\\/2022\\\/03\\\/20\\\/clubes-de-leones-de-las-zonas-ix-y-x-se-reunieron-en-nueve-de-julio\\\/#respond\"]}]},{\"@type\":\"WebPage\",\"@id\":\"https:\\\/\\\/noticiasmercedinas.com\\\/site\\\/2022\\\/03\\\/20\\\/clubes-de-leones-de-las-zonas-ix-y-x-se-reunieron-en-nueve-de-julio\\\/\",\"url\":\"https:\\\/\\\/noticiasmercedinas.com\\\/site\\\/2022\\\/03\\\/20\\\/clubes-de-leones-de-las-zonas-ix-y-x-se-reunieron-en-nueve-de-julio\\\/\",\"name\":\"Clubes de Leones de las zonas IX y X se reunieron en Nueve de Julio\",\"isPartOf\":{\"@id\":\"https:\\\/\\\/noticiasmercedinas.com\\\/site\\\/#website\"},\"primaryImageOfPage\":{\"@id\":\"https:\\\/\\\/noticiasmercedinas.com\\\/site\\\/2022\\\/03\\\/20\\\/clubes-de-leones-de-las-zonas-ix-y-x-se-reunieron-en-nueve-de-julio\\\/#primaryimage\"},\"image\":{\"@id\":\"https:\\\/\\\/noticiasmercedinas.com\\\/site\\\/2022\\\/03\\\/20\\\/clubes-de-leones-de-las-zonas-ix-y-x-se-reunieron-en-nueve-de-julio\\\/#primaryimage\"},\"thumbnailUrl\":\"https:\\\/\\\/noticiasmercedinas.com\\\/site\\\/wp-content\\\/uploads\\\/2022\\\/03\\\/WhatsApp-Image-2022-03-19-at-8.58.02-PM-e1647785580465.jpg\",\"datePublished\":\"2022-03-20T14:13:23+00:00\",\"breadcrumb\":{\"@id\":\"https:\\\/\\\/noticiasmercedinas.com\\\/site\\\/2022\\\/03\\\/20\\\/clubes-de-leones-de-las-zonas-ix-y-x-se-reunieron-en-nueve-de-julio\\\/#breadcrumb\"},\"inLanguage\":\"es\",\"potentialAction\":[{\"@type\":\"ReadAction\",\"target\":[\"https:\\\/\\\/noticiasmercedinas.com\\\/site\\\/2022\\\/03\\\/20\\\/clubes-de-leones-de-las-zonas-ix-y-x-se-reunieron-en-nueve-de-julio\\\/\"]}]},{\"@type\":\"ImageObject\",\"inLanguage\":\"es\",\"@id\":\"https:\\\/\\\/noticiasmercedinas.com\\\/site\\\/2022\\\/03\\\/20\\\/clubes-de-leones-de-las-zonas-ix-y-x-se-reunieron-en-nueve-de-julio\\\/#primaryimage\",\"url\":\"https:\\\/\\\/noticiasmercedinas.com\\\/site\\\/wp-content\\\/uploads\\\/2022\\\/03\\\/WhatsApp-Image-2022-03-19-at-8.58.02-PM-e1647785580465.jpg\",\"contentUrl\":\"https:\\\/\\\/noticiasmercedinas.com\\\/site\\\/wp-content\\\/uploads\\\/2022\\\/03\\\/WhatsApp-Image-2022-03-19-at-8.58.02-PM-e1647785580465.jpg\",\"width\":640,\"height\":261},{\"@type\":\"BreadcrumbList\",\"@id\":\"https:\\\/\\\/noticiasmercedinas.com\\\/site\\\/2022\\\/03\\\/20\\\/clubes-de-leones-de-las-zonas-ix-y-x-se-reunieron-en-nueve-de-julio\\\/#breadcrumb\",\"itemListElement\":[{\"@type\":\"ListItem\",\"position\":1,\"name\":\"Portada\",\"item\":\"https:\\\/\\\/noticiasmercedinas.com\\\/site\\\/\"},{\"@type\":\"ListItem\",\"position\":2,\"name\":\"Clubes de Leones de las zonas IX y X se reunieron en Nueve de Julio\"}]},{\"@type\":\"WebSite\",\"@id\":\"https:\\\/\\\/noticiasmercedinas.com\\\/site\\\/#website\",\"url\":\"https:\\\/\\\/noticiasmercedinas.com\\\/site\\\/\",\"name\":\"NOTICIASMERCEDINAS.COM\",\"description\":\"Mercedes, Buenos Aires, Argentina\",\"publisher\":{\"@id\":\"https:\\\/\\\/noticiasmercedinas.com\\\/site\\\/#organization\"},\"potentialAction\":[{\"@type\":\"SearchAction\",\"target\":{\"@type\":\"EntryPoint\",\"urlTemplate\":\"https:\\\/\\\/noticiasmercedinas.com\\\/site\\\/?s={search_term_string}\"},\"query-input\":{\"@type\":\"PropertyValueSpecification\",\"valueRequired\":true,\"valueName\":\"search_term_string\"}}],\"inLanguage\":\"es\"},{\"@type\":\"Organization\",\"@id\":\"https:\\\/\\\/noticiasmercedinas.com\\\/site\\\/#organization\",\"name\":\"NOTICIASMERCEDINAS.COM\",\"url\":\"https:\\\/\\\/noticiasmercedinas.com\\\/site\\\/\",\"logo\":{\"@type\":\"ImageObject\",\"inLanguage\":\"es\",\"@id\":\"https:\\\/\\\/noticiasmercedinas.com\\\/site\\\/#\\\/schema\\\/logo\\\/image\\\/\",\"url\":\"https:\\\/\\\/noticiasmercedinas.com\\\/site\\\/wp-content\\\/uploads\\\/2020\\\/06\\\/LOGO-512.jpg\",\"contentUrl\":\"https:\\\/\\\/noticiasmercedinas.com\\\/site\\\/wp-content\\\/uploads\\\/2020\\\/06\\\/LOGO-512.jpg\",\"width\":512,\"height\":512,\"caption\":\"NOTICIASMERCEDINAS.COM\"},\"image\":{\"@id\":\"https:\\\/\\\/noticiasmercedinas.com\\\/site\\\/#\\\/schema\\\/logo\\\/image\\\/\"},\"sameAs\":[\"https:\\\/\\\/www.facebook.com\\\/noticiasmercedinas\\\/\",\"https:\\\/\\\/x.com\\\/notmercedinas\",\"https:\\\/\\\/www.instagram.com\\\/noticiasmercedinas\\\/\"]},{\"@type\":\"Person\",\"@id\":\"https:\\\/\\\/noticiasmercedinas.com\\\/site\\\/#\\\/schema\\\/person\\\/84b59c099c28ff2e8b77d4ceec5d8063\",\"name\":\"NOTICIASMERCEDINAS.COM\",\"image\":{\"@type\":\"ImageObject\",\"inLanguage\":\"es\",\"@id\":\"https:\\\/\\\/secure.gravatar.com\\\/avatar\\\/4dfbf16b4d17945bfb6341b2d19043457132fcf478a5ee04f42e959fd8f5df0a?s=96&d=mm&r=g\",\"url\":\"https:\\\/\\\/secure.gravatar.com\\\/avatar\\\/4dfbf16b4d17945bfb6341b2d19043457132fcf478a5ee04f42e959fd8f5df0a?s=96&d=mm&r=g\",\"contentUrl\":\"https:\\\/\\\/secure.gravatar.com\\\/avatar\\\/4dfbf16b4d17945bfb6341b2d19043457132fcf478a5ee04f42e959fd8f5df0a?s=96&d=mm&r=g\",\"caption\":\"NOTICIASMERCEDINAS.COM\"},\"url\":\"https:\\\/\\\/noticiasmercedinas.com\\\/site\\\/author\\\/anonimo\\\/\"}]}<\/script>\n<!-- \/ Yoast SEO plugin. -->","yoast_head_json":{"title":"Clubes de Leones de las zonas IX y X se reunieron en Nueve de Julio","robots":{"index":"index","follow":"follow","max-snippet":"max-snippet:-1","max-image-preview":"max-image-preview:large","max-video-preview":"max-video-preview:-1"},"canonical":"https:\/\/noticiasmercedinas.com\/site\/2022\/03\/20\/clubes-de-leones-de-las-zonas-ix-y-x-se-reunieron-en-nueve-de-julio\/","og_locale":"es_ES","og_type":"article","og_title":"Clubes de Leones de las zonas IX y X se reunieron en Nueve de Julio","og_description":"Integrantes de clubes de Leones del Distrito X y IX &#8211;al que pertenece a ciudad de Mercedes&#8211; se reunieron en la filial de Nueve de Julio. Es as\u00ed que los principales referentes de Clubes de Leones se reunieron en la sede la instituci\u00f3n nuevejuliense, para tratar temas inherentes a su \u00e1mbito de trabajo. Particip\u00f3 encabezando [&hellip;]","og_url":"https:\/\/noticiasmercedinas.com\/site\/2022\/03\/20\/clubes-de-leones-de-las-zonas-ix-y-x-se-reunieron-en-nueve-de-julio\/","og_site_name":"NOTICIASMERCEDINAS.COM","article_publisher":"https:\/\/www.facebook.com\/noticiasmercedinas\/","article_published_time":"2022-03-20T14:13:23+00:00","og_image":[{"width":640,"height":261,"url":"https:\/\/noticiasmercedinas.com\/site\/wp-content\/uploads\/2022\/03\/WhatsApp-Image-2022-03-19-at-8.58.02-PM-e1647785580465.jpg","type":"image\/jpeg"}],"author":"NOTICIASMERCEDINAS.COM","twitter_card":"summary_large_image","twitter_creator":"@notmercedinas","twitter_site":"@notmercedinas","twitter_misc":{"Escrito por":"NOTICIASMERCEDINAS.COM","Tiempo de lectura":"2 minutos"},"schema":{"@context":"https:\/\/schema.org","@graph":[{"@type":"Article","@id":"https:\/\/noticiasmercedinas.com\/site\/2022\/03\/20\/clubes-de-leones-de-las-zonas-ix-y-x-se-reunieron-en-nueve-de-julio\/#article","isPartOf":{"@id":"https:\/\/noticiasmercedinas.com\/site\/2022\/03\/20\/clubes-de-leones-de-las-zonas-ix-y-x-se-reunieron-en-nueve-de-julio\/"},"author":{"name":"NOTICIASMERCEDINAS.COM","@id":"https:\/\/noticiasmercedinas.com\/site\/#\/schema\/person\/84b59c099c28ff2e8b77d4ceec5d8063"},"headline":"Clubes de Leones de las zonas IX y X se reunieron en Nueve de Julio","datePublished":"2022-03-20T14:13:23+00:00","mainEntityOfPage":{"@id":"https:\/\/noticiasmercedinas.com\/site\/2022\/03\/20\/clubes-de-leones-de-las-zonas-ix-y-x-se-reunieron-en-nueve-de-julio\/"},"wordCount":157,"commentCount":0,"publisher":{"@id":"https:\/\/noticiasmercedinas.com\/site\/#organization"},"image":{"@id":"https:\/\/noticiasmercedinas.com\/site\/2022\/03\/20\/clubes-de-leones-de-las-zonas-ix-y-x-se-reunieron-en-nueve-de-julio\/#primaryimage"},"thumbnailUrl":"https:\/\/noticiasmercedinas.com\/site\/wp-content\/uploads\/2022\/03\/WhatsApp-Image-2022-03-19-at-8.58.02-PM-e1647785580465.jpg","keywords":["chivilcoy","club de leones","leones","mercedes","Nueve de Julio"],"articleSection":["Regionales"],"inLanguage":"es","potentialAction":[{"@type":"CommentAction","name":"Comment","target":["https:\/\/noticiasmercedinas.com\/site\/2022\/03\/20\/clubes-de-leones-de-las-zonas-ix-y-x-se-reunieron-en-nueve-de-julio\/#respond"]}]},{"@type":"WebPage","@id":"https:\/\/noticiasmercedinas.com\/site\/2022\/03\/20\/clubes-de-leones-de-las-zonas-ix-y-x-se-reunieron-en-nueve-de-julio\/","url":"https:\/\/noticiasmercedinas.com\/site\/2022\/03\/20\/clubes-de-leones-de-las-zonas-ix-y-x-se-reunieron-en-nueve-de-julio\/","name":"Clubes de Leones de las zonas IX y X se reunieron en Nueve de Julio","isPartOf":{"@id":"https:\/\/noticiasmercedinas.com\/site\/#website"},"primaryImageOfPage":{"@id":"https:\/\/noticiasmercedinas.com\/site\/2022\/03\/20\/clubes-de-leones-de-las-zonas-ix-y-x-se-reunieron-en-nueve-de-julio\/#primaryimage"},"image":{"@id":"https:\/\/noticiasmercedinas.com\/site\/2022\/03\/20\/clubes-de-leones-de-las-zonas-ix-y-x-se-reunieron-en-nueve-de-julio\/#primaryimage"},"thumbnailUrl":"https:\/\/noticiasmercedinas.com\/site\/wp-content\/uploads\/2022\/03\/WhatsApp-Image-2022-03-19-at-8.58.02-PM-e1647785580465.jpg","datePublished":"2022-03-20T14:13:23+00:00","breadcrumb":{"@id":"https:\/\/noticiasmercedinas.com\/site\/2022\/03\/20\/clubes-de-leones-de-las-zonas-ix-y-x-se-reunieron-en-nueve-de-julio\/#breadcrumb"},"inLanguage":"es","potentialAction":[{"@type":"ReadAction","target":["https:\/\/noticiasmercedinas.com\/site\/2022\/03\/20\/clubes-de-leones-de-las-zonas-ix-y-x-se-reunieron-en-nueve-de-julio\/"]}]},{"@type":"ImageObject","inLanguage":"es","@id":"https:\/\/noticiasmercedinas.com\/site\/2022\/03\/20\/clubes-de-leones-de-las-zonas-ix-y-x-se-reunieron-en-nueve-de-julio\/#primaryimage","url":"https:\/\/noticiasmercedinas.com\/site\/wp-content\/uploads\/2022\/03\/WhatsApp-Image-2022-03-19-at-8.58.02-PM-e1647785580465.jpg","contentUrl":"https:\/\/noticiasmercedinas.com\/site\/wp-content\/uploads\/2022\/03\/WhatsApp-Image-2022-03-19-at-8.58.02-PM-e1647785580465.jpg","width":640,"height":261},{"@type":"BreadcrumbList","@id":"https:\/\/noticiasmercedinas.com\/site\/2022\/03\/20\/clubes-de-leones-de-las-zonas-ix-y-x-se-reunieron-en-nueve-de-julio\/#breadcrumb","itemListElement":[{"@type":"ListItem","position":1,"name":"Portada","item":"https:\/\/noticiasmercedinas.com\/site\/"},{"@type":"ListItem","position":2,"name":"Clubes de Leones de las zonas IX y X se reunieron en Nueve de Julio"}]},{"@type":"WebSite","@id":"https:\/\/noticiasmercedinas.com\/site\/#website","url":"https:\/\/noticiasmercedinas.com\/site\/","name":"NOTICIASMERCEDINAS.COM","description":"Mercedes, Buenos Aires, Argentina","publisher":{"@id":"https:\/\/noticiasmercedinas.com\/site\/#organization"},"potentialAction":[{"@type":"SearchAction","target":{"@type":"EntryPoint","urlTemplate":"https:\/\/noticiasmercedinas.com\/site\/?s={search_term_string}"},"query-input":{"@type":"PropertyValueSpecification","valueRequired":true,"valueName":"search_term_string"}}],"inLanguage":"es"},{"@type":"Organization","@id":"https:\/\/noticiasmercedinas.com\/site\/#organization","name":"NOTICIASMERCEDINAS.COM","url":"https:\/\/noticiasmercedinas.com\/site\/","logo":{"@type":"ImageObject","inLanguage":"es","@id":"https:\/\/noticiasmercedinas.com\/site\/#\/schema\/logo\/image\/","url":"https:\/\/noticiasmercedinas.com\/site\/wp-content\/uploads\/2020\/06\/LOGO-512.jpg","contentUrl":"https:\/\/noticiasmercedinas.com\/site\/wp-content\/uploads\/2020\/06\/LOGO-512.jpg","width":512,"height":512,"caption":"NOTICIASMERCEDINAS.COM"},"image":{"@id":"https:\/\/noticiasmercedinas.com\/site\/#\/schema\/logo\/image\/"},"sameAs":["https:\/\/www.facebook.com\/noticiasmercedinas\/","https:\/\/x.com\/notmercedinas","https:\/\/www.instagram.com\/noticiasmercedinas\/"]},{"@type":"Person","@id":"https:\/\/noticiasmercedinas.com\/site\/#\/schema\/person\/84b59c099c28ff2e8b77d4ceec5d8063","name":"NOTICIASMERCEDINAS.COM","image":{"@type":"ImageObject","inLanguage":"es","@id":"https:\/\/secure.gravatar.com\/avatar\/4dfbf16b4d17945bfb6341b2d19043457132fcf478a5ee04f42e959fd8f5df0a?s=96&d=mm&r=g","url":"https:\/\/secure.gravatar.com\/avatar\/4dfbf16b4d17945bfb6341b2d19043457132fcf478a5ee04f42e959fd8f5df0a?s=96&d=mm&r=g","contentUrl":"https:\/\/secure.gravatar.com\/avatar\/4dfbf16b4d17945bfb6341b2d19043457132fcf478a5ee04f42e959fd8f5df0a?s=96&d=mm&r=g","caption":"NOTICIASMERCEDINAS.COM"},"url":"https:\/\/noticiasmercedinas.com\/site\/author\/anonimo\/"}]}},"amp_enabled":true,"_links":{"self":[{"href":"https:\/\/noticiasmercedinas.com\/site\/wp-json\/wp\/v2\/posts\/86732","targetHints":{"allow":["GET"]}}],"collection":[{"href":"https:\/\/noticiasmercedinas.com\/site\/wp-json\/wp\/v2\/posts"}],"about":[{"href":"https:\/\/noticiasmercedinas.com\/site\/wp-json\/wp\/v2\/types\/post"}],"author":[{"embeddable":true,"href":"https:\/\/noticiasmercedinas.com\/site\/wp-json\/wp\/v2\/users\/16"}],"replies":[{"embeddable":true,"href":"https:\/\/noticiasmercedinas.com\/site\/wp-json\/wp\/v2\/comments?post=86732"}],"version-history":[{"count":1,"href":"https:\/\/noticiasmercedinas.com\/site\/wp-json\/wp\/v2\/posts\/86732\/revisions"}],"predecessor-version":[{"id":86735,"href":"https:\/\/noticiasmercedinas.com\/site\/wp-json\/wp\/v2\/posts\/86732\/revisions\/86735"}],"wp:featuredmedia":[{"embeddable":true,"href":"https:\/\/noticiasmercedinas.com\/site\/wp-json\/wp\/v2\/media\/86733"}],"wp:attachment":[{"href":"https:\/\/noticiasmercedinas.com\/site\/wp-json\/wp\/v2\/media?parent=86732"}],"wp:term":[{"taxonomy":"category","embeddable":true,"href":"https:\/\/noticiasmercedinas.com\/site\/wp-json\/wp\/v2\/categories?post=86732"},{"taxonomy":"post_tag","embeddable":true,"href":"https:\/\/noticiasmercedinas.com\/site\/wp-json\/wp\/v2\/tags?post=86732"}],"curies":[{"name":"wp","href":"https:\/\/api.w.org\/{rel}","templated":true}]}}