{"id":86805,"date":"2022-03-21T16:57:41","date_gmt":"2022-03-21T19:57:41","guid":{"rendered":"https:\/\/noticiasmercedinas.com\/site\/?p=86805"},"modified":"2022-03-21T16:57:41","modified_gmt":"2022-03-21T19:57:41","slug":"nueva-edicion-de-festival-la-curva-del-pajarito-en-uh-meda","status":"publish","type":"post","link":"https:\/\/noticiasmercedinas.com\/site\/2022\/03\/21\/nueva-edicion-de-festival-la-curva-del-pajarito-en-uh-meda\/","title":{"rendered":"Nueva edici\u00f3n de Festival \u00abLa Curva del Pajarito\u00bb en Uh! Meda?"},"content":{"rendered":"<p><img loading=\"lazy\" decoding=\"async\" class=\"alignnone size-large wp-image-86810\" src=\"https:\/\/noticiasmercedinas.com\/site\/wp-content\/uploads\/2022\/03\/Ne\u0301stor-Ramljak-1024x576.jpg\" alt=\"\" width=\"640\" height=\"360\" \/><\/p>\n<p>Se viene una nueva edici\u00f3n, la cuarta, del Festival \u00abLa Curva del Pajarito\u00bb en Uh! Meda? y se esperan grandes presencias de artistas en la oportunidad. Va a realizarse este s\u00e1bado 26 de marzo y las entradas est\u00e1n a la venta.<\/p>\n<p>Desde sus inicios el bar Uh! Meda? desarrolla diversos eventos culturales. Y se ha convertido, pro esta caracter\u00edstica, en un espacio de referencia para los artistas musicales en Mercedes.<\/p>\n<p>Entre los eventos que se realizan est\u00e1 el denominado \u201cFestival de la Curva del Pajarito\u201d., que una vez m\u00e1s, autogestionado de m\u00fasica y arte, se enorgullece en anunciar su cuarta edici\u00f3n la que contar\u00e1 con una espectacular grilla.<\/p>\n<p>El festival \u00abLa Curva del Pajarito\u00bb se desarrolla en las instalaciones de Uh! Meda?, en un caracter\u00edstico marco natural otorgado por la zona rural de Mercedes y contar\u00e1 con la participaci\u00f3n de reconocidos m\u00fasicos y bandas de diferentes procedencias, estilos y g\u00e9neros a los que se suman otros exponentes del mundo art\u00edstico.<\/p>\n<p>Sonar\u00e1n en vivo bandas y solistas como Nonpalidece, Andando Descalzo, Polillas de Poli\u00e9ster, Diego Frenkel, La Hermandad (homenaje a Palo Pandolfo), Los Mangrulleros, Sol Pereyra, Edu Schmidt y Los Enroscaos, Karamelo Santo, Mama Gaia, Yacar\u00e9 Manso y Los \u00d1andubay, Rulo Godar &amp; Naci\u00f3n Wiphala, Mamabora, Big Guap, Jandiara, Sanny y Maven Squad<\/p>\n<p>Habr\u00e1 adem\u00e1s de m\u00fasica intervenciones pl\u00e1sticas, de arte callejero y un espacio para los ni\u00f1os y ni\u00f1as con peloteros, juegos y show musical.<\/p>\n<p>Entradas anticipadas en:<br \/>\nPASSLINE.COM<br \/>\nPARAMO VINOTECA (16 y 21)<br \/>\nELE TIENDA (24 e\/23 y25)<br \/>\nGREEN QUEEN GROW SHOP (27 e\/ 14 y 12)<br \/>\nUH!MEDA? RESTO BAR<\/p>\n<p>El costo de las mismas es de $ 2500 hasta el d\u00eda viernes y de $ 3000 en puerta el d\u00eda del evento.<\/p>\n<p><img loading=\"lazy\" decoding=\"async\" class=\"alignnone size-large wp-image-86806\" src=\"https:\/\/noticiasmercedinas.com\/site\/wp-content\/uploads\/2022\/03\/Curva-2022-grilla_feed-1024x1024.jpg\" alt=\"\" width=\"640\" height=\"640\" srcset=\"https:\/\/noticiasmercedinas.com\/site\/wp-content\/uploads\/2022\/03\/Curva-2022-grilla_feed-1024x1024.jpg 1024w, https:\/\/noticiasmercedinas.com\/site\/wp-content\/uploads\/2022\/03\/Curva-2022-grilla_feed-300x300.jpg 300w, https:\/\/noticiasmercedinas.com\/site\/wp-content\/uploads\/2022\/03\/Curva-2022-grilla_feed-150x150.jpg 150w, https:\/\/noticiasmercedinas.com\/site\/wp-content\/uploads\/2022\/03\/Curva-2022-grilla_feed-768x768.jpg 768w, https:\/\/noticiasmercedinas.com\/site\/wp-content\/uploads\/2022\/03\/Curva-2022-grilla_feed-640x640.jpg 640w, https:\/\/noticiasmercedinas.com\/site\/wp-content\/uploads\/2022\/03\/Curva-2022-grilla_feed-681x681.jpg 681w, https:\/\/noticiasmercedinas.com\/site\/wp-content\/uploads\/2022\/03\/Curva-2022-grilla_feed.jpg 1081w\" sizes=\"auto, (max-width: 640px) 100vw, 640px\" \/> <img loading=\"lazy\" decoding=\"async\" class=\"alignnone size-large wp-image-86807\" src=\"https:\/\/noticiasmercedinas.com\/site\/wp-content\/uploads\/2022\/03\/Curva-2022-grilla-horarios_feed-1024x1024.jpg\" alt=\"\" width=\"640\" height=\"640\" srcset=\"https:\/\/noticiasmercedinas.com\/site\/wp-content\/uploads\/2022\/03\/Curva-2022-grilla-horarios_feed-1024x1024.jpg 1024w, https:\/\/noticiasmercedinas.com\/site\/wp-content\/uploads\/2022\/03\/Curva-2022-grilla-horarios_feed-300x300.jpg 300w, https:\/\/noticiasmercedinas.com\/site\/wp-content\/uploads\/2022\/03\/Curva-2022-grilla-horarios_feed-150x150.jpg 150w, https:\/\/noticiasmercedinas.com\/site\/wp-content\/uploads\/2022\/03\/Curva-2022-grilla-horarios_feed-768x768.jpg 768w, https:\/\/noticiasmercedinas.com\/site\/wp-content\/uploads\/2022\/03\/Curva-2022-grilla-horarios_feed-640x640.jpg 640w, https:\/\/noticiasmercedinas.com\/site\/wp-content\/uploads\/2022\/03\/Curva-2022-grilla-horarios_feed-681x681.jpg 681w, https:\/\/noticiasmercedinas.com\/site\/wp-content\/uploads\/2022\/03\/Curva-2022-grilla-horarios_feed.jpg 1081w\" sizes=\"auto, (max-width: 640px) 100vw, 640px\" \/> <img loading=\"lazy\" decoding=\"async\" class=\"alignnone wp-image-86808 size-full\" src=\"https:\/\/noticiasmercedinas.com\/site\/wp-content\/uploads\/2022\/03\/Curva-2022-grilla-horarios_h.jpg\" alt=\"\" width=\"1081\" height=\"1921\" srcset=\"https:\/\/noticiasmercedinas.com\/site\/wp-content\/uploads\/2022\/03\/Curva-2022-grilla-horarios_h.jpg 1081w, https:\/\/noticiasmercedinas.com\/site\/wp-content\/uploads\/2022\/03\/Curva-2022-grilla-horarios_h-169x300.jpg 169w, https:\/\/noticiasmercedinas.com\/site\/wp-content\/uploads\/2022\/03\/Curva-2022-grilla-horarios_h-576x1024.jpg 576w, https:\/\/noticiasmercedinas.com\/site\/wp-content\/uploads\/2022\/03\/Curva-2022-grilla-horarios_h-768x1365.jpg 768w, https:\/\/noticiasmercedinas.com\/site\/wp-content\/uploads\/2022\/03\/Curva-2022-grilla-horarios_h-864x1536.jpg 864w, https:\/\/noticiasmercedinas.com\/site\/wp-content\/uploads\/2022\/03\/Curva-2022-grilla-horarios_h-640x1137.jpg 640w, https:\/\/noticiasmercedinas.com\/site\/wp-content\/uploads\/2022\/03\/Curva-2022-grilla-horarios_h-681x1210.jpg 681w\" sizes=\"auto, (max-width: 1081px) 100vw, 1081px\" \/> <img loading=\"lazy\" decoding=\"async\" class=\"alignnone wp-image-86809 size-full\" src=\"https:\/\/noticiasmercedinas.com\/site\/wp-content\/uploads\/2022\/03\/Curva-2022-grilla_h.jpg\" alt=\"\" width=\"1081\" height=\"1921\" srcset=\"https:\/\/noticiasmercedinas.com\/site\/wp-content\/uploads\/2022\/03\/Curva-2022-grilla_h.jpg 1081w, https:\/\/noticiasmercedinas.com\/site\/wp-content\/uploads\/2022\/03\/Curva-2022-grilla_h-169x300.jpg 169w, https:\/\/noticiasmercedinas.com\/site\/wp-content\/uploads\/2022\/03\/Curva-2022-grilla_h-576x1024.jpg 576w, https:\/\/noticiasmercedinas.com\/site\/wp-content\/uploads\/2022\/03\/Curva-2022-grilla_h-768x1365.jpg 768w, https:\/\/noticiasmercedinas.com\/site\/wp-content\/uploads\/2022\/03\/Curva-2022-grilla_h-864x1536.jpg 864w, https:\/\/noticiasmercedinas.com\/site\/wp-content\/uploads\/2022\/03\/Curva-2022-grilla_h-640x1137.jpg 640w, https:\/\/noticiasmercedinas.com\/site\/wp-content\/uploads\/2022\/03\/Curva-2022-grilla_h-681x1210.jpg 681w\" sizes=\"auto, (max-width: 1081px) 100vw, 1081px\" \/><\/p>\n<p>&nbsp;<\/p>\n","protected":false},"excerpt":{"rendered":"<p>\u25a0 Con dos escenarios y una espectacular grilla, este s\u00e1bado desde las 15, en el espacio de ex ruta 5 y calle 178, Mercedes<\/p>\n","protected":false},"author":16,"featured_media":86810,"comment_status":"open","ping_status":"open","sticky":false,"template":"","format":"standard","meta":{"footnotes":""},"categories":[4],"tags":[13927,7804,13928,13932,4018,9655,13929,13930,13933,1409,13926,6863,3673,13935,13931,3016,13934],"class_list":["post-86805","post","type-post","status-publish","format-standard","has-post-thumbnail","hentry","category-cultura","tag-andando-descalzo","tag-big-guap","tag-diego-frenkel","tag-edu-schmidt-y-los-enroscaos","tag-jandiara","tag-karamelo-santo","tag-la-hermandad-homenaje-a-palo-pandolfo","tag-los-mangrulleros","tag-mama-gaia","tag-mamabora","tag-nonpalidece","tag-polillas-de-poliester","tag-rulo-godar-nacion-wiphala","tag-sanny","tag-sol-pereyra","tag-uhmeda","tag-yacare-manso-y-los-nandubay"],"yoast_head":"<!-- This site is optimized with the Yoast SEO plugin v27.5 - https:\/\/yoast.com\/product\/yoast-seo-wordpress\/ -->\n<title>Nueva edici\u00f3n de Festival &quot;La Curva del Pajarito&quot; en Uh! Meda?<\/title>\n<meta name=\"robots\" content=\"index, follow, max-snippet:-1, max-image-preview:large, max-video-preview:-1\" \/>\n<link rel=\"canonical\" href=\"https:\/\/noticiasmercedinas.com\/site\/2022\/03\/21\/nueva-edicion-de-festival-la-curva-del-pajarito-en-uh-meda\/\" \/>\n<meta property=\"og:locale\" content=\"es_ES\" \/>\n<meta property=\"og:type\" content=\"article\" \/>\n<meta property=\"og:title\" content=\"Nueva edici\u00f3n de Festival &quot;La Curva del Pajarito&quot; en Uh! Meda?\" \/>\n<meta property=\"og:description\" content=\"\u25a0 Con dos escenarios y una espectacular grilla, este s\u00e1bado desde las 15, en el espacio de ex ruta 5 y calle 178, Mercedes\" \/>\n<meta property=\"og:url\" content=\"https:\/\/noticiasmercedinas.com\/site\/2022\/03\/21\/nueva-edicion-de-festival-la-curva-del-pajarito-en-uh-meda\/\" \/>\n<meta property=\"og:site_name\" content=\"NOTICIASMERCEDINAS.COM\" \/>\n<meta property=\"article:publisher\" content=\"https:\/\/www.facebook.com\/noticiasmercedinas\/\" \/>\n<meta property=\"article:published_time\" content=\"2022-03-21T19:57:41+00:00\" \/>\n<meta property=\"og:image\" content=\"https:\/\/noticiasmercedinas.com\/site\/wp-content\/uploads\/2022\/03\/Ne\u0301stor-Ramljak-e1647892482972.jpg\" \/>\n\t<meta property=\"og:image:width\" content=\"640\" \/>\n\t<meta property=\"og:image:height\" content=\"360\" \/>\n\t<meta property=\"og:image:type\" content=\"image\/jpeg\" \/>\n<meta name=\"author\" content=\"NOTICIASMERCEDINAS.COM\" \/>\n<meta name=\"twitter:card\" content=\"summary_large_image\" \/>\n<meta name=\"twitter:creator\" content=\"@notmercedinas\" \/>\n<meta name=\"twitter:site\" content=\"@notmercedinas\" \/>\n<meta name=\"twitter:label1\" content=\"Escrito por\" \/>\n\t<meta name=\"twitter:data1\" content=\"NOTICIASMERCEDINAS.COM\" \/>\n\t<meta name=\"twitter:label2\" content=\"Tiempo de lectura\" \/>\n\t<meta name=\"twitter:data2\" content=\"3 minutos\" \/>\n<script type=\"application\/ld+json\" class=\"yoast-schema-graph\">{\"@context\":\"https:\\\/\\\/schema.org\",\"@graph\":[{\"@type\":\"Article\",\"@id\":\"https:\\\/\\\/noticiasmercedinas.com\\\/site\\\/2022\\\/03\\\/21\\\/nueva-edicion-de-festival-la-curva-del-pajarito-en-uh-meda\\\/#article\",\"isPartOf\":{\"@id\":\"https:\\\/\\\/noticiasmercedinas.com\\\/site\\\/2022\\\/03\\\/21\\\/nueva-edicion-de-festival-la-curva-del-pajarito-en-uh-meda\\\/\"},\"author\":{\"name\":\"NOTICIASMERCEDINAS.COM\",\"@id\":\"https:\\\/\\\/noticiasmercedinas.com\\\/site\\\/#\\\/schema\\\/person\\\/84b59c099c28ff2e8b77d4ceec5d8063\"},\"headline\":\"Nueva edici\u00f3n de Festival \u00abLa Curva del Pajarito\u00bb en Uh! Meda?\",\"datePublished\":\"2022-03-21T19:57:41+00:00\",\"mainEntityOfPage\":{\"@id\":\"https:\\\/\\\/noticiasmercedinas.com\\\/site\\\/2022\\\/03\\\/21\\\/nueva-edicion-de-festival-la-curva-del-pajarito-en-uh-meda\\\/\"},\"wordCount\":310,\"commentCount\":0,\"publisher\":{\"@id\":\"https:\\\/\\\/noticiasmercedinas.com\\\/site\\\/#organization\"},\"image\":{\"@id\":\"https:\\\/\\\/noticiasmercedinas.com\\\/site\\\/2022\\\/03\\\/21\\\/nueva-edicion-de-festival-la-curva-del-pajarito-en-uh-meda\\\/#primaryimage\"},\"thumbnailUrl\":\"https:\\\/\\\/noticiasmercedinas.com\\\/site\\\/wp-content\\\/uploads\\\/2022\\\/03\\\/Ne\u0301stor-Ramljak-e1647892482972.jpg\",\"keywords\":[\"Andando Descalzo\",\"Big Guap\",\"Diego Frenkel\",\"Edu Schmidt y Los Enroscaos\",\"Jandiara\",\"karamelo santo\",\"La Hermandad (homenaje a Palo Pandolfo)\",\"Los Mangrulleros\",\"Mama Gaia\",\"Mamabora\",\"Nonpalidece\",\"POLILLAS DE POLIESTER\",\"Rulo Godar &amp; Nacion Wiphala\",\"Sanny\",\"Sol Pereyra\",\"uhmeda\",\"Yacar\u00e9 Manso y Los \u00d1andubay\"],\"articleSection\":[\"Cultura\"],\"inLanguage\":\"es\",\"potentialAction\":[{\"@type\":\"CommentAction\",\"name\":\"Comment\",\"target\":[\"https:\\\/\\\/noticiasmercedinas.com\\\/site\\\/2022\\\/03\\\/21\\\/nueva-edicion-de-festival-la-curva-del-pajarito-en-uh-meda\\\/#respond\"]}]},{\"@type\":\"WebPage\",\"@id\":\"https:\\\/\\\/noticiasmercedinas.com\\\/site\\\/2022\\\/03\\\/21\\\/nueva-edicion-de-festival-la-curva-del-pajarito-en-uh-meda\\\/\",\"url\":\"https:\\\/\\\/noticiasmercedinas.com\\\/site\\\/2022\\\/03\\\/21\\\/nueva-edicion-de-festival-la-curva-del-pajarito-en-uh-meda\\\/\",\"name\":\"Nueva edici\u00f3n de Festival \\\"La Curva del Pajarito\\\" en Uh! Meda?\",\"isPartOf\":{\"@id\":\"https:\\\/\\\/noticiasmercedinas.com\\\/site\\\/#website\"},\"primaryImageOfPage\":{\"@id\":\"https:\\\/\\\/noticiasmercedinas.com\\\/site\\\/2022\\\/03\\\/21\\\/nueva-edicion-de-festival-la-curva-del-pajarito-en-uh-meda\\\/#primaryimage\"},\"image\":{\"@id\":\"https:\\\/\\\/noticiasmercedinas.com\\\/site\\\/2022\\\/03\\\/21\\\/nueva-edicion-de-festival-la-curva-del-pajarito-en-uh-meda\\\/#primaryimage\"},\"thumbnailUrl\":\"https:\\\/\\\/noticiasmercedinas.com\\\/site\\\/wp-content\\\/uploads\\\/2022\\\/03\\\/Ne\u0301stor-Ramljak-e1647892482972.jpg\",\"datePublished\":\"2022-03-21T19:57:41+00:00\",\"breadcrumb\":{\"@id\":\"https:\\\/\\\/noticiasmercedinas.com\\\/site\\\/2022\\\/03\\\/21\\\/nueva-edicion-de-festival-la-curva-del-pajarito-en-uh-meda\\\/#breadcrumb\"},\"inLanguage\":\"es\",\"potentialAction\":[{\"@type\":\"ReadAction\",\"target\":[\"https:\\\/\\\/noticiasmercedinas.com\\\/site\\\/2022\\\/03\\\/21\\\/nueva-edicion-de-festival-la-curva-del-pajarito-en-uh-meda\\\/\"]}]},{\"@type\":\"ImageObject\",\"inLanguage\":\"es\",\"@id\":\"https:\\\/\\\/noticiasmercedinas.com\\\/site\\\/2022\\\/03\\\/21\\\/nueva-edicion-de-festival-la-curva-del-pajarito-en-uh-meda\\\/#primaryimage\",\"url\":\"https:\\\/\\\/noticiasmercedinas.com\\\/site\\\/wp-content\\\/uploads\\\/2022\\\/03\\\/Ne\u0301stor-Ramljak-e1647892482972.jpg\",\"contentUrl\":\"https:\\\/\\\/noticiasmercedinas.com\\\/site\\\/wp-content\\\/uploads\\\/2022\\\/03\\\/Ne\u0301stor-Ramljak-e1647892482972.jpg\",\"width\":640,\"height\":360},{\"@type\":\"BreadcrumbList\",\"@id\":\"https:\\\/\\\/noticiasmercedinas.com\\\/site\\\/2022\\\/03\\\/21\\\/nueva-edicion-de-festival-la-curva-del-pajarito-en-uh-meda\\\/#breadcrumb\",\"itemListElement\":[{\"@type\":\"ListItem\",\"position\":1,\"name\":\"Portada\",\"item\":\"https:\\\/\\\/noticiasmercedinas.com\\\/site\\\/\"},{\"@type\":\"ListItem\",\"position\":2,\"name\":\"Nueva edici\u00f3n de Festival \u00abLa Curva del Pajarito\u00bb en Uh! Meda?\"}]},{\"@type\":\"WebSite\",\"@id\":\"https:\\\/\\\/noticiasmercedinas.com\\\/site\\\/#website\",\"url\":\"https:\\\/\\\/noticiasmercedinas.com\\\/site\\\/\",\"name\":\"NOTICIASMERCEDINAS.COM\",\"description\":\"Mercedes, Buenos Aires, Argentina\",\"publisher\":{\"@id\":\"https:\\\/\\\/noticiasmercedinas.com\\\/site\\\/#organization\"},\"potentialAction\":[{\"@type\":\"SearchAction\",\"target\":{\"@type\":\"EntryPoint\",\"urlTemplate\":\"https:\\\/\\\/noticiasmercedinas.com\\\/site\\\/?s={search_term_string}\"},\"query-input\":{\"@type\":\"PropertyValueSpecification\",\"valueRequired\":true,\"valueName\":\"search_term_string\"}}],\"inLanguage\":\"es\"},{\"@type\":\"Organization\",\"@id\":\"https:\\\/\\\/noticiasmercedinas.com\\\/site\\\/#organization\",\"name\":\"NOTICIASMERCEDINAS.COM\",\"url\":\"https:\\\/\\\/noticiasmercedinas.com\\\/site\\\/\",\"logo\":{\"@type\":\"ImageObject\",\"inLanguage\":\"es\",\"@id\":\"https:\\\/\\\/noticiasmercedinas.com\\\/site\\\/#\\\/schema\\\/logo\\\/image\\\/\",\"url\":\"https:\\\/\\\/noticiasmercedinas.com\\\/site\\\/wp-content\\\/uploads\\\/2020\\\/06\\\/LOGO-512.jpg\",\"contentUrl\":\"https:\\\/\\\/noticiasmercedinas.com\\\/site\\\/wp-content\\\/uploads\\\/2020\\\/06\\\/LOGO-512.jpg\",\"width\":512,\"height\":512,\"caption\":\"NOTICIASMERCEDINAS.COM\"},\"image\":{\"@id\":\"https:\\\/\\\/noticiasmercedinas.com\\\/site\\\/#\\\/schema\\\/logo\\\/image\\\/\"},\"sameAs\":[\"https:\\\/\\\/www.facebook.com\\\/noticiasmercedinas\\\/\",\"https:\\\/\\\/x.com\\\/notmercedinas\",\"https:\\\/\\\/www.instagram.com\\\/noticiasmercedinas\\\/\"]},{\"@type\":\"Person\",\"@id\":\"https:\\\/\\\/noticiasmercedinas.com\\\/site\\\/#\\\/schema\\\/person\\\/84b59c099c28ff2e8b77d4ceec5d8063\",\"name\":\"NOTICIASMERCEDINAS.COM\",\"image\":{\"@type\":\"ImageObject\",\"inLanguage\":\"es\",\"@id\":\"https:\\\/\\\/secure.gravatar.com\\\/avatar\\\/4dfbf16b4d17945bfb6341b2d19043457132fcf478a5ee04f42e959fd8f5df0a?s=96&d=mm&r=g\",\"url\":\"https:\\\/\\\/secure.gravatar.com\\\/avatar\\\/4dfbf16b4d17945bfb6341b2d19043457132fcf478a5ee04f42e959fd8f5df0a?s=96&d=mm&r=g\",\"contentUrl\":\"https:\\\/\\\/secure.gravatar.com\\\/avatar\\\/4dfbf16b4d17945bfb6341b2d19043457132fcf478a5ee04f42e959fd8f5df0a?s=96&d=mm&r=g\",\"caption\":\"NOTICIASMERCEDINAS.COM\"},\"url\":\"https:\\\/\\\/noticiasmercedinas.com\\\/site\\\/author\\\/anonimo\\\/\"}]}<\/script>\n<!-- \/ Yoast SEO plugin. -->","yoast_head_json":{"title":"Nueva edici\u00f3n de Festival \"La Curva del Pajarito\" en Uh! Meda?","robots":{"index":"index","follow":"follow","max-snippet":"max-snippet:-1","max-image-preview":"max-image-preview:large","max-video-preview":"max-video-preview:-1"},"canonical":"https:\/\/noticiasmercedinas.com\/site\/2022\/03\/21\/nueva-edicion-de-festival-la-curva-del-pajarito-en-uh-meda\/","og_locale":"es_ES","og_type":"article","og_title":"Nueva edici\u00f3n de Festival \"La Curva del Pajarito\" en Uh! Meda?","og_description":"\u25a0 Con dos escenarios y una espectacular grilla, este s\u00e1bado desde las 15, en el espacio de ex ruta 5 y calle 178, Mercedes","og_url":"https:\/\/noticiasmercedinas.com\/site\/2022\/03\/21\/nueva-edicion-de-festival-la-curva-del-pajarito-en-uh-meda\/","og_site_name":"NOTICIASMERCEDINAS.COM","article_publisher":"https:\/\/www.facebook.com\/noticiasmercedinas\/","article_published_time":"2022-03-21T19:57:41+00:00","og_image":[{"width":640,"height":360,"url":"https:\/\/noticiasmercedinas.com\/site\/wp-content\/uploads\/2022\/03\/Ne\u0301stor-Ramljak-e1647892482972.jpg","type":"image\/jpeg"}],"author":"NOTICIASMERCEDINAS.COM","twitter_card":"summary_large_image","twitter_creator":"@notmercedinas","twitter_site":"@notmercedinas","twitter_misc":{"Escrito por":"NOTICIASMERCEDINAS.COM","Tiempo de lectura":"3 minutos"},"schema":{"@context":"https:\/\/schema.org","@graph":[{"@type":"Article","@id":"https:\/\/noticiasmercedinas.com\/site\/2022\/03\/21\/nueva-edicion-de-festival-la-curva-del-pajarito-en-uh-meda\/#article","isPartOf":{"@id":"https:\/\/noticiasmercedinas.com\/site\/2022\/03\/21\/nueva-edicion-de-festival-la-curva-del-pajarito-en-uh-meda\/"},"author":{"name":"NOTICIASMERCEDINAS.COM","@id":"https:\/\/noticiasmercedinas.com\/site\/#\/schema\/person\/84b59c099c28ff2e8b77d4ceec5d8063"},"headline":"Nueva edici\u00f3n de Festival \u00abLa Curva del Pajarito\u00bb en Uh! Meda?","datePublished":"2022-03-21T19:57:41+00:00","mainEntityOfPage":{"@id":"https:\/\/noticiasmercedinas.com\/site\/2022\/03\/21\/nueva-edicion-de-festival-la-curva-del-pajarito-en-uh-meda\/"},"wordCount":310,"commentCount":0,"publisher":{"@id":"https:\/\/noticiasmercedinas.com\/site\/#organization"},"image":{"@id":"https:\/\/noticiasmercedinas.com\/site\/2022\/03\/21\/nueva-edicion-de-festival-la-curva-del-pajarito-en-uh-meda\/#primaryimage"},"thumbnailUrl":"https:\/\/noticiasmercedinas.com\/site\/wp-content\/uploads\/2022\/03\/Ne\u0301stor-Ramljak-e1647892482972.jpg","keywords":["Andando Descalzo","Big Guap","Diego Frenkel","Edu Schmidt y Los Enroscaos","Jandiara","karamelo santo","La Hermandad (homenaje a Palo Pandolfo)","Los Mangrulleros","Mama Gaia","Mamabora","Nonpalidece","POLILLAS DE POLIESTER","Rulo Godar &amp; Nacion Wiphala","Sanny","Sol Pereyra","uhmeda","Yacar\u00e9 Manso y Los \u00d1andubay"],"articleSection":["Cultura"],"inLanguage":"es","potentialAction":[{"@type":"CommentAction","name":"Comment","target":["https:\/\/noticiasmercedinas.com\/site\/2022\/03\/21\/nueva-edicion-de-festival-la-curva-del-pajarito-en-uh-meda\/#respond"]}]},{"@type":"WebPage","@id":"https:\/\/noticiasmercedinas.com\/site\/2022\/03\/21\/nueva-edicion-de-festival-la-curva-del-pajarito-en-uh-meda\/","url":"https:\/\/noticiasmercedinas.com\/site\/2022\/03\/21\/nueva-edicion-de-festival-la-curva-del-pajarito-en-uh-meda\/","name":"Nueva edici\u00f3n de Festival \"La Curva del Pajarito\" en Uh! Meda?","isPartOf":{"@id":"https:\/\/noticiasmercedinas.com\/site\/#website"},"primaryImageOfPage":{"@id":"https:\/\/noticiasmercedinas.com\/site\/2022\/03\/21\/nueva-edicion-de-festival-la-curva-del-pajarito-en-uh-meda\/#primaryimage"},"image":{"@id":"https:\/\/noticiasmercedinas.com\/site\/2022\/03\/21\/nueva-edicion-de-festival-la-curva-del-pajarito-en-uh-meda\/#primaryimage"},"thumbnailUrl":"https:\/\/noticiasmercedinas.com\/site\/wp-content\/uploads\/2022\/03\/Ne\u0301stor-Ramljak-e1647892482972.jpg","datePublished":"2022-03-21T19:57:41+00:00","breadcrumb":{"@id":"https:\/\/noticiasmercedinas.com\/site\/2022\/03\/21\/nueva-edicion-de-festival-la-curva-del-pajarito-en-uh-meda\/#breadcrumb"},"inLanguage":"es","potentialAction":[{"@type":"ReadAction","target":["https:\/\/noticiasmercedinas.com\/site\/2022\/03\/21\/nueva-edicion-de-festival-la-curva-del-pajarito-en-uh-meda\/"]}]},{"@type":"ImageObject","inLanguage":"es","@id":"https:\/\/noticiasmercedinas.com\/site\/2022\/03\/21\/nueva-edicion-de-festival-la-curva-del-pajarito-en-uh-meda\/#primaryimage","url":"https:\/\/noticiasmercedinas.com\/site\/wp-content\/uploads\/2022\/03\/Ne\u0301stor-Ramljak-e1647892482972.jpg","contentUrl":"https:\/\/noticiasmercedinas.com\/site\/wp-content\/uploads\/2022\/03\/Ne\u0301stor-Ramljak-e1647892482972.jpg","width":640,"height":360},{"@type":"BreadcrumbList","@id":"https:\/\/noticiasmercedinas.com\/site\/2022\/03\/21\/nueva-edicion-de-festival-la-curva-del-pajarito-en-uh-meda\/#breadcrumb","itemListElement":[{"@type":"ListItem","position":1,"name":"Portada","item":"https:\/\/noticiasmercedinas.com\/site\/"},{"@type":"ListItem","position":2,"name":"Nueva edici\u00f3n de Festival \u00abLa Curva del Pajarito\u00bb en Uh! Meda?"}]},{"@type":"WebSite","@id":"https:\/\/noticiasmercedinas.com\/site\/#website","url":"https:\/\/noticiasmercedinas.com\/site\/","name":"NOTICIASMERCEDINAS.COM","description":"Mercedes, Buenos Aires, Argentina","publisher":{"@id":"https:\/\/noticiasmercedinas.com\/site\/#organization"},"potentialAction":[{"@type":"SearchAction","target":{"@type":"EntryPoint","urlTemplate":"https:\/\/noticiasmercedinas.com\/site\/?s={search_term_string}"},"query-input":{"@type":"PropertyValueSpecification","valueRequired":true,"valueName":"search_term_string"}}],"inLanguage":"es"},{"@type":"Organization","@id":"https:\/\/noticiasmercedinas.com\/site\/#organization","name":"NOTICIASMERCEDINAS.COM","url":"https:\/\/noticiasmercedinas.com\/site\/","logo":{"@type":"ImageObject","inLanguage":"es","@id":"https:\/\/noticiasmercedinas.com\/site\/#\/schema\/logo\/image\/","url":"https:\/\/noticiasmercedinas.com\/site\/wp-content\/uploads\/2020\/06\/LOGO-512.jpg","contentUrl":"https:\/\/noticiasmercedinas.com\/site\/wp-content\/uploads\/2020\/06\/LOGO-512.jpg","width":512,"height":512,"caption":"NOTICIASMERCEDINAS.COM"},"image":{"@id":"https:\/\/noticiasmercedinas.com\/site\/#\/schema\/logo\/image\/"},"sameAs":["https:\/\/www.facebook.com\/noticiasmercedinas\/","https:\/\/x.com\/notmercedinas","https:\/\/www.instagram.com\/noticiasmercedinas\/"]},{"@type":"Person","@id":"https:\/\/noticiasmercedinas.com\/site\/#\/schema\/person\/84b59c099c28ff2e8b77d4ceec5d8063","name":"NOTICIASMERCEDINAS.COM","image":{"@type":"ImageObject","inLanguage":"es","@id":"https:\/\/secure.gravatar.com\/avatar\/4dfbf16b4d17945bfb6341b2d19043457132fcf478a5ee04f42e959fd8f5df0a?s=96&d=mm&r=g","url":"https:\/\/secure.gravatar.com\/avatar\/4dfbf16b4d17945bfb6341b2d19043457132fcf478a5ee04f42e959fd8f5df0a?s=96&d=mm&r=g","contentUrl":"https:\/\/secure.gravatar.com\/avatar\/4dfbf16b4d17945bfb6341b2d19043457132fcf478a5ee04f42e959fd8f5df0a?s=96&d=mm&r=g","caption":"NOTICIASMERCEDINAS.COM"},"url":"https:\/\/noticiasmercedinas.com\/site\/author\/anonimo\/"}]}},"amp_enabled":true,"_links":{"self":[{"href":"https:\/\/noticiasmercedinas.com\/site\/wp-json\/wp\/v2\/posts\/86805","targetHints":{"allow":["GET"]}}],"collection":[{"href":"https:\/\/noticiasmercedinas.com\/site\/wp-json\/wp\/v2\/posts"}],"about":[{"href":"https:\/\/noticiasmercedinas.com\/site\/wp-json\/wp\/v2\/types\/post"}],"author":[{"embeddable":true,"href":"https:\/\/noticiasmercedinas.com\/site\/wp-json\/wp\/v2\/users\/16"}],"replies":[{"embeddable":true,"href":"https:\/\/noticiasmercedinas.com\/site\/wp-json\/wp\/v2\/comments?post=86805"}],"version-history":[{"count":1,"href":"https:\/\/noticiasmercedinas.com\/site\/wp-json\/wp\/v2\/posts\/86805\/revisions"}],"predecessor-version":[{"id":86811,"href":"https:\/\/noticiasmercedinas.com\/site\/wp-json\/wp\/v2\/posts\/86805\/revisions\/86811"}],"wp:featuredmedia":[{"embeddable":true,"href":"https:\/\/noticiasmercedinas.com\/site\/wp-json\/wp\/v2\/media\/86810"}],"wp:attachment":[{"href":"https:\/\/noticiasmercedinas.com\/site\/wp-json\/wp\/v2\/media?parent=86805"}],"wp:term":[{"taxonomy":"category","embeddable":true,"href":"https:\/\/noticiasmercedinas.com\/site\/wp-json\/wp\/v2\/categories?post=86805"},{"taxonomy":"post_tag","embeddable":true,"href":"https:\/\/noticiasmercedinas.com\/site\/wp-json\/wp\/v2\/tags?post=86805"}],"curies":[{"name":"wp","href":"https:\/\/api.w.org\/{rel}","templated":true}]}}