{"id":86932,"date":"2022-03-23T11:15:06","date_gmt":"2022-03-23T14:15:06","guid":{"rendered":"https:\/\/noticiasmercedinas.com\/site\/?p=86932"},"modified":"2022-03-23T11:15:06","modified_gmt":"2022-03-23T14:15:06","slug":"pisano-nos-concentramos-en-continuar-el-trabajo-iniciado","status":"publish","type":"post","link":"https:\/\/noticiasmercedinas.com\/site\/2022\/03\/23\/pisano-nos-concentramos-en-continuar-el-trabajo-iniciado\/","title":{"rendered":"Pisano: \u201cNos concentramos en continuar el trabajo iniciado\u201d"},"content":{"rendered":"<p><img loading=\"lazy\" decoding=\"async\" class=\"alignnone size-large wp-image-86933\" src=\"https:\/\/noticiasmercedinas.com\/site\/wp-content\/uploads\/2022\/03\/276174256_10224467119858016_3746176788937404433_n-1024x768.jpg\" alt=\"\" width=\"640\" height=\"480\" srcset=\"https:\/\/noticiasmercedinas.com\/site\/wp-content\/uploads\/2022\/03\/276174256_10224467119858016_3746176788937404433_n-1024x768.jpg 1024w, https:\/\/noticiasmercedinas.com\/site\/wp-content\/uploads\/2022\/03\/276174256_10224467119858016_3746176788937404433_n-300x225.jpg 300w, https:\/\/noticiasmercedinas.com\/site\/wp-content\/uploads\/2022\/03\/276174256_10224467119858016_3746176788937404433_n-768x576.jpg 768w, https:\/\/noticiasmercedinas.com\/site\/wp-content\/uploads\/2022\/03\/276174256_10224467119858016_3746176788937404433_n-80x60.jpg 80w, https:\/\/noticiasmercedinas.com\/site\/wp-content\/uploads\/2022\/03\/276174256_10224467119858016_3746176788937404433_n-160x120.jpg 160w, https:\/\/noticiasmercedinas.com\/site\/wp-content\/uploads\/2022\/03\/276174256_10224467119858016_3746176788937404433_n-100x75.jpg 100w, https:\/\/noticiasmercedinas.com\/site\/wp-content\/uploads\/2022\/03\/276174256_10224467119858016_3746176788937404433_n-200x150.jpg 200w, https:\/\/noticiasmercedinas.com\/site\/wp-content\/uploads\/2022\/03\/276174256_10224467119858016_3746176788937404433_n-180x135.jpg 180w, https:\/\/noticiasmercedinas.com\/site\/wp-content\/uploads\/2022\/03\/276174256_10224467119858016_3746176788937404433_n-360x270.jpg 360w, https:\/\/noticiasmercedinas.com\/site\/wp-content\/uploads\/2022\/03\/276174256_10224467119858016_3746176788937404433_n-238x178.jpg 238w, https:\/\/noticiasmercedinas.com\/site\/wp-content\/uploads\/2022\/03\/276174256_10224467119858016_3746176788937404433_n-476x356.jpg 476w, https:\/\/noticiasmercedinas.com\/site\/wp-content\/uploads\/2022\/03\/276174256_10224467119858016_3746176788937404433_n-640x480.jpg 640w, https:\/\/noticiasmercedinas.com\/site\/wp-content\/uploads\/2022\/03\/276174256_10224467119858016_3746176788937404433_n-681x511.jpg 681w, https:\/\/noticiasmercedinas.com\/site\/wp-content\/uploads\/2022\/03\/276174256_10224467119858016_3746176788937404433_n.jpg 1280w\" sizes=\"auto, (max-width: 640px) 100vw, 640px\" \/><\/p>\n<p>Tras cr\u00edticas recibidas de consejeros escolares de Juntos por el Cambio en torno a la no conclusi\u00f3n de los trabajos de refacci\u00f3n en la Escuela 25 de Garc\u00eda, que impidieron comenzar el ciclo lectivo de este a\u00f1o con normalidad en ese establecimiento, el presidente del Consejo Escolar, <strong>Jos\u00e9 Luis Pisano<\/strong>, reconoci\u00f3 demoras pero asegur\u00f3 que est\u00e1n concentrados en su trabajo.<\/p>\n<p>\u201cAvanza la obra de la EP 25 y Jard\u00edn 913 con una inversi\u00f3n hist\u00f3rica\u201d, destac\u00f3 Pisano y reconoci\u00f3 que \u201ccon algunos inconvenientes y con retraso (que venimos trabajando) llevamos adelante una obra que esper\u00f3 a\u00f1os\u201d.<\/p>\n<p>\u201cEn 2021 lo propusimos como prioridad en la UEGD y por primera vez una obra prioritaria se puso en marcha durante el mismo ciclo\u201d, dio.<\/p>\n<p>\u201cAunque garantizamos el trasporte de los estudiantes a escuelas de la ciudad, sabemos que genera inconvenientes pero estamos cada d\u00eda m\u00e1s cerca de retomar en una escuela 100% renovada\u201d, agreg\u00f3 y cuestion\u00f3 a \u201clos que no les cambiaron ni un foco en 4 a\u00f1os\u201d, que \u201cexigen por los medios (porque no han presentado nada en ning\u00fan lado)\u201d.<\/p>\n<p>\u201cNosotros, d\u00eda a d\u00eda, nos concentramos en continuar el trabajo iniciado\u201d, complet\u00f3.<\/p>\n","protected":false},"excerpt":{"rendered":"<p>\u25a0 Reconoci\u00f3 demoras en el edificio de la escuela 25 pero asegur\u00f3 que est\u00e1n concentrados en su trabajo. \u00abPor primera vez una obra prioritaria se puso en marcha durante el mismo ciclo\u201d, destac\u00f3.<\/p>\n","protected":false},"author":16,"featured_media":86933,"comment_status":"open","ping_status":"open","sticky":false,"template":"","format":"standard","meta":{"footnotes":""},"categories":[16],"tags":[267,11773,10145,268],"class_list":["post-86932","post","type-post","status-publish","format-standard","has-post-thumbnail","hentry","category-politica","tag-consejo-escolar","tag-escuela-25","tag-garcia","tag-jose-luis-pisano"],"yoast_head":"<!-- This site is optimized with the Yoast SEO plugin v27.5 - https:\/\/yoast.com\/product\/yoast-seo-wordpress\/ -->\n<title>Pisano: \u201cNos concentramos en continuar el trabajo iniciado\u201d<\/title>\n<meta name=\"robots\" content=\"index, follow, max-snippet:-1, max-image-preview:large, max-video-preview:-1\" \/>\n<link rel=\"canonical\" href=\"https:\/\/noticiasmercedinas.com\/site\/2022\/03\/23\/pisano-nos-concentramos-en-continuar-el-trabajo-iniciado\/\" \/>\n<meta property=\"og:locale\" content=\"es_ES\" \/>\n<meta property=\"og:type\" content=\"article\" \/>\n<meta property=\"og:title\" content=\"Pisano: \u201cNos concentramos en continuar el trabajo iniciado\u201d\" \/>\n<meta property=\"og:description\" content=\"\u25a0 Reconoci\u00f3 demoras en el edificio de la escuela 25 pero asegur\u00f3 que est\u00e1n concentrados en su trabajo. &quot;Por primera vez una obra prioritaria se puso en marcha durante el mismo ciclo\u201d, destac\u00f3.\" \/>\n<meta property=\"og:url\" content=\"https:\/\/noticiasmercedinas.com\/site\/2022\/03\/23\/pisano-nos-concentramos-en-continuar-el-trabajo-iniciado\/\" \/>\n<meta property=\"og:site_name\" content=\"NOTICIASMERCEDINAS.COM\" \/>\n<meta property=\"article:publisher\" content=\"https:\/\/www.facebook.com\/noticiasmercedinas\/\" \/>\n<meta property=\"article:published_time\" content=\"2022-03-23T14:15:06+00:00\" \/>\n<meta property=\"og:image\" content=\"https:\/\/noticiasmercedinas.com\/site\/wp-content\/uploads\/2022\/03\/276174256_10224467119858016_3746176788937404433_n.jpg\" \/>\n\t<meta property=\"og:image:width\" content=\"1280\" \/>\n\t<meta property=\"og:image:height\" content=\"960\" \/>\n\t<meta property=\"og:image:type\" content=\"image\/jpeg\" \/>\n<meta name=\"author\" content=\"NOTICIASMERCEDINAS.COM\" \/>\n<meta name=\"twitter:card\" content=\"summary_large_image\" \/>\n<meta name=\"twitter:creator\" content=\"@notmercedinas\" \/>\n<meta name=\"twitter:site\" content=\"@notmercedinas\" \/>\n<meta name=\"twitter:label1\" content=\"Escrito por\" \/>\n\t<meta name=\"twitter:data1\" content=\"NOTICIASMERCEDINAS.COM\" \/>\n\t<meta name=\"twitter:label2\" content=\"Tiempo de lectura\" \/>\n\t<meta name=\"twitter:data2\" content=\"2 minutos\" \/>\n<script type=\"application\/ld+json\" class=\"yoast-schema-graph\">{\"@context\":\"https:\\\/\\\/schema.org\",\"@graph\":[{\"@type\":\"Article\",\"@id\":\"https:\\\/\\\/noticiasmercedinas.com\\\/site\\\/2022\\\/03\\\/23\\\/pisano-nos-concentramos-en-continuar-el-trabajo-iniciado\\\/#article\",\"isPartOf\":{\"@id\":\"https:\\\/\\\/noticiasmercedinas.com\\\/site\\\/2022\\\/03\\\/23\\\/pisano-nos-concentramos-en-continuar-el-trabajo-iniciado\\\/\"},\"author\":{\"name\":\"NOTICIASMERCEDINAS.COM\",\"@id\":\"https:\\\/\\\/noticiasmercedinas.com\\\/site\\\/#\\\/schema\\\/person\\\/84b59c099c28ff2e8b77d4ceec5d8063\"},\"headline\":\"Pisano: \u201cNos concentramos en continuar el trabajo iniciado\u201d\",\"datePublished\":\"2022-03-23T14:15:06+00:00\",\"mainEntityOfPage\":{\"@id\":\"https:\\\/\\\/noticiasmercedinas.com\\\/site\\\/2022\\\/03\\\/23\\\/pisano-nos-concentramos-en-continuar-el-trabajo-iniciado\\\/\"},\"wordCount\":207,\"commentCount\":0,\"publisher\":{\"@id\":\"https:\\\/\\\/noticiasmercedinas.com\\\/site\\\/#organization\"},\"image\":{\"@id\":\"https:\\\/\\\/noticiasmercedinas.com\\\/site\\\/2022\\\/03\\\/23\\\/pisano-nos-concentramos-en-continuar-el-trabajo-iniciado\\\/#primaryimage\"},\"thumbnailUrl\":\"https:\\\/\\\/noticiasmercedinas.com\\\/site\\\/wp-content\\\/uploads\\\/2022\\\/03\\\/276174256_10224467119858016_3746176788937404433_n.jpg\",\"keywords\":[\"consejo escolar\",\"escuela 25\",\"garcia\",\"jose luis pisano\"],\"articleSection\":[\"Politica\"],\"inLanguage\":\"es\",\"potentialAction\":[{\"@type\":\"CommentAction\",\"name\":\"Comment\",\"target\":[\"https:\\\/\\\/noticiasmercedinas.com\\\/site\\\/2022\\\/03\\\/23\\\/pisano-nos-concentramos-en-continuar-el-trabajo-iniciado\\\/#respond\"]}]},{\"@type\":\"WebPage\",\"@id\":\"https:\\\/\\\/noticiasmercedinas.com\\\/site\\\/2022\\\/03\\\/23\\\/pisano-nos-concentramos-en-continuar-el-trabajo-iniciado\\\/\",\"url\":\"https:\\\/\\\/noticiasmercedinas.com\\\/site\\\/2022\\\/03\\\/23\\\/pisano-nos-concentramos-en-continuar-el-trabajo-iniciado\\\/\",\"name\":\"Pisano: \u201cNos concentramos en continuar el trabajo iniciado\u201d\",\"isPartOf\":{\"@id\":\"https:\\\/\\\/noticiasmercedinas.com\\\/site\\\/#website\"},\"primaryImageOfPage\":{\"@id\":\"https:\\\/\\\/noticiasmercedinas.com\\\/site\\\/2022\\\/03\\\/23\\\/pisano-nos-concentramos-en-continuar-el-trabajo-iniciado\\\/#primaryimage\"},\"image\":{\"@id\":\"https:\\\/\\\/noticiasmercedinas.com\\\/site\\\/2022\\\/03\\\/23\\\/pisano-nos-concentramos-en-continuar-el-trabajo-iniciado\\\/#primaryimage\"},\"thumbnailUrl\":\"https:\\\/\\\/noticiasmercedinas.com\\\/site\\\/wp-content\\\/uploads\\\/2022\\\/03\\\/276174256_10224467119858016_3746176788937404433_n.jpg\",\"datePublished\":\"2022-03-23T14:15:06+00:00\",\"breadcrumb\":{\"@id\":\"https:\\\/\\\/noticiasmercedinas.com\\\/site\\\/2022\\\/03\\\/23\\\/pisano-nos-concentramos-en-continuar-el-trabajo-iniciado\\\/#breadcrumb\"},\"inLanguage\":\"es\",\"potentialAction\":[{\"@type\":\"ReadAction\",\"target\":[\"https:\\\/\\\/noticiasmercedinas.com\\\/site\\\/2022\\\/03\\\/23\\\/pisano-nos-concentramos-en-continuar-el-trabajo-iniciado\\\/\"]}]},{\"@type\":\"ImageObject\",\"inLanguage\":\"es\",\"@id\":\"https:\\\/\\\/noticiasmercedinas.com\\\/site\\\/2022\\\/03\\\/23\\\/pisano-nos-concentramos-en-continuar-el-trabajo-iniciado\\\/#primaryimage\",\"url\":\"https:\\\/\\\/noticiasmercedinas.com\\\/site\\\/wp-content\\\/uploads\\\/2022\\\/03\\\/276174256_10224467119858016_3746176788937404433_n.jpg\",\"contentUrl\":\"https:\\\/\\\/noticiasmercedinas.com\\\/site\\\/wp-content\\\/uploads\\\/2022\\\/03\\\/276174256_10224467119858016_3746176788937404433_n.jpg\",\"width\":1280,\"height\":960},{\"@type\":\"BreadcrumbList\",\"@id\":\"https:\\\/\\\/noticiasmercedinas.com\\\/site\\\/2022\\\/03\\\/23\\\/pisano-nos-concentramos-en-continuar-el-trabajo-iniciado\\\/#breadcrumb\",\"itemListElement\":[{\"@type\":\"ListItem\",\"position\":1,\"name\":\"Portada\",\"item\":\"https:\\\/\\\/noticiasmercedinas.com\\\/site\\\/\"},{\"@type\":\"ListItem\",\"position\":2,\"name\":\"Pisano: \u201cNos concentramos en continuar el trabajo iniciado\u201d\"}]},{\"@type\":\"WebSite\",\"@id\":\"https:\\\/\\\/noticiasmercedinas.com\\\/site\\\/#website\",\"url\":\"https:\\\/\\\/noticiasmercedinas.com\\\/site\\\/\",\"name\":\"NOTICIASMERCEDINAS.COM\",\"description\":\"Mercedes, Buenos Aires, Argentina\",\"publisher\":{\"@id\":\"https:\\\/\\\/noticiasmercedinas.com\\\/site\\\/#organization\"},\"potentialAction\":[{\"@type\":\"SearchAction\",\"target\":{\"@type\":\"EntryPoint\",\"urlTemplate\":\"https:\\\/\\\/noticiasmercedinas.com\\\/site\\\/?s={search_term_string}\"},\"query-input\":{\"@type\":\"PropertyValueSpecification\",\"valueRequired\":true,\"valueName\":\"search_term_string\"}}],\"inLanguage\":\"es\"},{\"@type\":\"Organization\",\"@id\":\"https:\\\/\\\/noticiasmercedinas.com\\\/site\\\/#organization\",\"name\":\"NOTICIASMERCEDINAS.COM\",\"url\":\"https:\\\/\\\/noticiasmercedinas.com\\\/site\\\/\",\"logo\":{\"@type\":\"ImageObject\",\"inLanguage\":\"es\",\"@id\":\"https:\\\/\\\/noticiasmercedinas.com\\\/site\\\/#\\\/schema\\\/logo\\\/image\\\/\",\"url\":\"https:\\\/\\\/noticiasmercedinas.com\\\/site\\\/wp-content\\\/uploads\\\/2020\\\/06\\\/LOGO-512.jpg\",\"contentUrl\":\"https:\\\/\\\/noticiasmercedinas.com\\\/site\\\/wp-content\\\/uploads\\\/2020\\\/06\\\/LOGO-512.jpg\",\"width\":512,\"height\":512,\"caption\":\"NOTICIASMERCEDINAS.COM\"},\"image\":{\"@id\":\"https:\\\/\\\/noticiasmercedinas.com\\\/site\\\/#\\\/schema\\\/logo\\\/image\\\/\"},\"sameAs\":[\"https:\\\/\\\/www.facebook.com\\\/noticiasmercedinas\\\/\",\"https:\\\/\\\/x.com\\\/notmercedinas\",\"https:\\\/\\\/www.instagram.com\\\/noticiasmercedinas\\\/\"]},{\"@type\":\"Person\",\"@id\":\"https:\\\/\\\/noticiasmercedinas.com\\\/site\\\/#\\\/schema\\\/person\\\/84b59c099c28ff2e8b77d4ceec5d8063\",\"name\":\"NOTICIASMERCEDINAS.COM\",\"image\":{\"@type\":\"ImageObject\",\"inLanguage\":\"es\",\"@id\":\"https:\\\/\\\/secure.gravatar.com\\\/avatar\\\/4dfbf16b4d17945bfb6341b2d19043457132fcf478a5ee04f42e959fd8f5df0a?s=96&d=mm&r=g\",\"url\":\"https:\\\/\\\/secure.gravatar.com\\\/avatar\\\/4dfbf16b4d17945bfb6341b2d19043457132fcf478a5ee04f42e959fd8f5df0a?s=96&d=mm&r=g\",\"contentUrl\":\"https:\\\/\\\/secure.gravatar.com\\\/avatar\\\/4dfbf16b4d17945bfb6341b2d19043457132fcf478a5ee04f42e959fd8f5df0a?s=96&d=mm&r=g\",\"caption\":\"NOTICIASMERCEDINAS.COM\"},\"url\":\"https:\\\/\\\/noticiasmercedinas.com\\\/site\\\/author\\\/anonimo\\\/\"}]}<\/script>\n<!-- \/ Yoast SEO plugin. -->","yoast_head_json":{"title":"Pisano: \u201cNos concentramos en continuar el trabajo iniciado\u201d","robots":{"index":"index","follow":"follow","max-snippet":"max-snippet:-1","max-image-preview":"max-image-preview:large","max-video-preview":"max-video-preview:-1"},"canonical":"https:\/\/noticiasmercedinas.com\/site\/2022\/03\/23\/pisano-nos-concentramos-en-continuar-el-trabajo-iniciado\/","og_locale":"es_ES","og_type":"article","og_title":"Pisano: \u201cNos concentramos en continuar el trabajo iniciado\u201d","og_description":"\u25a0 Reconoci\u00f3 demoras en el edificio de la escuela 25 pero asegur\u00f3 que est\u00e1n concentrados en su trabajo. \"Por primera vez una obra prioritaria se puso en marcha durante el mismo ciclo\u201d, destac\u00f3.","og_url":"https:\/\/noticiasmercedinas.com\/site\/2022\/03\/23\/pisano-nos-concentramos-en-continuar-el-trabajo-iniciado\/","og_site_name":"NOTICIASMERCEDINAS.COM","article_publisher":"https:\/\/www.facebook.com\/noticiasmercedinas\/","article_published_time":"2022-03-23T14:15:06+00:00","og_image":[{"width":1280,"height":960,"url":"https:\/\/noticiasmercedinas.com\/site\/wp-content\/uploads\/2022\/03\/276174256_10224467119858016_3746176788937404433_n.jpg","type":"image\/jpeg"}],"author":"NOTICIASMERCEDINAS.COM","twitter_card":"summary_large_image","twitter_creator":"@notmercedinas","twitter_site":"@notmercedinas","twitter_misc":{"Escrito por":"NOTICIASMERCEDINAS.COM","Tiempo de lectura":"2 minutos"},"schema":{"@context":"https:\/\/schema.org","@graph":[{"@type":"Article","@id":"https:\/\/noticiasmercedinas.com\/site\/2022\/03\/23\/pisano-nos-concentramos-en-continuar-el-trabajo-iniciado\/#article","isPartOf":{"@id":"https:\/\/noticiasmercedinas.com\/site\/2022\/03\/23\/pisano-nos-concentramos-en-continuar-el-trabajo-iniciado\/"},"author":{"name":"NOTICIASMERCEDINAS.COM","@id":"https:\/\/noticiasmercedinas.com\/site\/#\/schema\/person\/84b59c099c28ff2e8b77d4ceec5d8063"},"headline":"Pisano: \u201cNos concentramos en continuar el trabajo iniciado\u201d","datePublished":"2022-03-23T14:15:06+00:00","mainEntityOfPage":{"@id":"https:\/\/noticiasmercedinas.com\/site\/2022\/03\/23\/pisano-nos-concentramos-en-continuar-el-trabajo-iniciado\/"},"wordCount":207,"commentCount":0,"publisher":{"@id":"https:\/\/noticiasmercedinas.com\/site\/#organization"},"image":{"@id":"https:\/\/noticiasmercedinas.com\/site\/2022\/03\/23\/pisano-nos-concentramos-en-continuar-el-trabajo-iniciado\/#primaryimage"},"thumbnailUrl":"https:\/\/noticiasmercedinas.com\/site\/wp-content\/uploads\/2022\/03\/276174256_10224467119858016_3746176788937404433_n.jpg","keywords":["consejo escolar","escuela 25","garcia","jose luis pisano"],"articleSection":["Politica"],"inLanguage":"es","potentialAction":[{"@type":"CommentAction","name":"Comment","target":["https:\/\/noticiasmercedinas.com\/site\/2022\/03\/23\/pisano-nos-concentramos-en-continuar-el-trabajo-iniciado\/#respond"]}]},{"@type":"WebPage","@id":"https:\/\/noticiasmercedinas.com\/site\/2022\/03\/23\/pisano-nos-concentramos-en-continuar-el-trabajo-iniciado\/","url":"https:\/\/noticiasmercedinas.com\/site\/2022\/03\/23\/pisano-nos-concentramos-en-continuar-el-trabajo-iniciado\/","name":"Pisano: \u201cNos concentramos en continuar el trabajo iniciado\u201d","isPartOf":{"@id":"https:\/\/noticiasmercedinas.com\/site\/#website"},"primaryImageOfPage":{"@id":"https:\/\/noticiasmercedinas.com\/site\/2022\/03\/23\/pisano-nos-concentramos-en-continuar-el-trabajo-iniciado\/#primaryimage"},"image":{"@id":"https:\/\/noticiasmercedinas.com\/site\/2022\/03\/23\/pisano-nos-concentramos-en-continuar-el-trabajo-iniciado\/#primaryimage"},"thumbnailUrl":"https:\/\/noticiasmercedinas.com\/site\/wp-content\/uploads\/2022\/03\/276174256_10224467119858016_3746176788937404433_n.jpg","datePublished":"2022-03-23T14:15:06+00:00","breadcrumb":{"@id":"https:\/\/noticiasmercedinas.com\/site\/2022\/03\/23\/pisano-nos-concentramos-en-continuar-el-trabajo-iniciado\/#breadcrumb"},"inLanguage":"es","potentialAction":[{"@type":"ReadAction","target":["https:\/\/noticiasmercedinas.com\/site\/2022\/03\/23\/pisano-nos-concentramos-en-continuar-el-trabajo-iniciado\/"]}]},{"@type":"ImageObject","inLanguage":"es","@id":"https:\/\/noticiasmercedinas.com\/site\/2022\/03\/23\/pisano-nos-concentramos-en-continuar-el-trabajo-iniciado\/#primaryimage","url":"https:\/\/noticiasmercedinas.com\/site\/wp-content\/uploads\/2022\/03\/276174256_10224467119858016_3746176788937404433_n.jpg","contentUrl":"https:\/\/noticiasmercedinas.com\/site\/wp-content\/uploads\/2022\/03\/276174256_10224467119858016_3746176788937404433_n.jpg","width":1280,"height":960},{"@type":"BreadcrumbList","@id":"https:\/\/noticiasmercedinas.com\/site\/2022\/03\/23\/pisano-nos-concentramos-en-continuar-el-trabajo-iniciado\/#breadcrumb","itemListElement":[{"@type":"ListItem","position":1,"name":"Portada","item":"https:\/\/noticiasmercedinas.com\/site\/"},{"@type":"ListItem","position":2,"name":"Pisano: \u201cNos concentramos en continuar el trabajo iniciado\u201d"}]},{"@type":"WebSite","@id":"https:\/\/noticiasmercedinas.com\/site\/#website","url":"https:\/\/noticiasmercedinas.com\/site\/","name":"NOTICIASMERCEDINAS.COM","description":"Mercedes, Buenos Aires, Argentina","publisher":{"@id":"https:\/\/noticiasmercedinas.com\/site\/#organization"},"potentialAction":[{"@type":"SearchAction","target":{"@type":"EntryPoint","urlTemplate":"https:\/\/noticiasmercedinas.com\/site\/?s={search_term_string}"},"query-input":{"@type":"PropertyValueSpecification","valueRequired":true,"valueName":"search_term_string"}}],"inLanguage":"es"},{"@type":"Organization","@id":"https:\/\/noticiasmercedinas.com\/site\/#organization","name":"NOTICIASMERCEDINAS.COM","url":"https:\/\/noticiasmercedinas.com\/site\/","logo":{"@type":"ImageObject","inLanguage":"es","@id":"https:\/\/noticiasmercedinas.com\/site\/#\/schema\/logo\/image\/","url":"https:\/\/noticiasmercedinas.com\/site\/wp-content\/uploads\/2020\/06\/LOGO-512.jpg","contentUrl":"https:\/\/noticiasmercedinas.com\/site\/wp-content\/uploads\/2020\/06\/LOGO-512.jpg","width":512,"height":512,"caption":"NOTICIASMERCEDINAS.COM"},"image":{"@id":"https:\/\/noticiasmercedinas.com\/site\/#\/schema\/logo\/image\/"},"sameAs":["https:\/\/www.facebook.com\/noticiasmercedinas\/","https:\/\/x.com\/notmercedinas","https:\/\/www.instagram.com\/noticiasmercedinas\/"]},{"@type":"Person","@id":"https:\/\/noticiasmercedinas.com\/site\/#\/schema\/person\/84b59c099c28ff2e8b77d4ceec5d8063","name":"NOTICIASMERCEDINAS.COM","image":{"@type":"ImageObject","inLanguage":"es","@id":"https:\/\/secure.gravatar.com\/avatar\/4dfbf16b4d17945bfb6341b2d19043457132fcf478a5ee04f42e959fd8f5df0a?s=96&d=mm&r=g","url":"https:\/\/secure.gravatar.com\/avatar\/4dfbf16b4d17945bfb6341b2d19043457132fcf478a5ee04f42e959fd8f5df0a?s=96&d=mm&r=g","contentUrl":"https:\/\/secure.gravatar.com\/avatar\/4dfbf16b4d17945bfb6341b2d19043457132fcf478a5ee04f42e959fd8f5df0a?s=96&d=mm&r=g","caption":"NOTICIASMERCEDINAS.COM"},"url":"https:\/\/noticiasmercedinas.com\/site\/author\/anonimo\/"}]}},"amp_enabled":true,"_links":{"self":[{"href":"https:\/\/noticiasmercedinas.com\/site\/wp-json\/wp\/v2\/posts\/86932","targetHints":{"allow":["GET"]}}],"collection":[{"href":"https:\/\/noticiasmercedinas.com\/site\/wp-json\/wp\/v2\/posts"}],"about":[{"href":"https:\/\/noticiasmercedinas.com\/site\/wp-json\/wp\/v2\/types\/post"}],"author":[{"embeddable":true,"href":"https:\/\/noticiasmercedinas.com\/site\/wp-json\/wp\/v2\/users\/16"}],"replies":[{"embeddable":true,"href":"https:\/\/noticiasmercedinas.com\/site\/wp-json\/wp\/v2\/comments?post=86932"}],"version-history":[{"count":1,"href":"https:\/\/noticiasmercedinas.com\/site\/wp-json\/wp\/v2\/posts\/86932\/revisions"}],"predecessor-version":[{"id":86934,"href":"https:\/\/noticiasmercedinas.com\/site\/wp-json\/wp\/v2\/posts\/86932\/revisions\/86934"}],"wp:featuredmedia":[{"embeddable":true,"href":"https:\/\/noticiasmercedinas.com\/site\/wp-json\/wp\/v2\/media\/86933"}],"wp:attachment":[{"href":"https:\/\/noticiasmercedinas.com\/site\/wp-json\/wp\/v2\/media?parent=86932"}],"wp:term":[{"taxonomy":"category","embeddable":true,"href":"https:\/\/noticiasmercedinas.com\/site\/wp-json\/wp\/v2\/categories?post=86932"},{"taxonomy":"post_tag","embeddable":true,"href":"https:\/\/noticiasmercedinas.com\/site\/wp-json\/wp\/v2\/tags?post=86932"}],"curies":[{"name":"wp","href":"https:\/\/api.w.org\/{rel}","templated":true}]}}