{"id":87215,"date":"2022-03-28T08:53:05","date_gmt":"2022-03-28T11:53:05","guid":{"rendered":"https:\/\/noticiasmercedinas.com\/site\/?p=87215"},"modified":"2022-03-28T08:53:05","modified_gmt":"2022-03-28T11:53:05","slug":"escuela-de-tenis-tomas-pescio-se-llevo-la-categoria-b","status":"publish","type":"post","link":"https:\/\/noticiasmercedinas.com\/site\/2022\/03\/28\/escuela-de-tenis-tomas-pescio-se-llevo-la-categoria-b\/","title":{"rendered":"Escuela de Tenis: Tom\u00e1s Pescio se llev\u00f3 la categor\u00eda B"},"content":{"rendered":"<p><img loading=\"lazy\" decoding=\"async\" class=\"alignnone size-full wp-image-87216\" src=\"https:\/\/noticiasmercedinas.com\/site\/wp-content\/uploads\/2022\/03\/IMG-20220327-WA0006.jpg\" alt=\"\" width=\"640\" height=\"399\" srcset=\"https:\/\/noticiasmercedinas.com\/site\/wp-content\/uploads\/2022\/03\/IMG-20220327-WA0006.jpg 640w, https:\/\/noticiasmercedinas.com\/site\/wp-content\/uploads\/2022\/03\/IMG-20220327-WA0006-300x187.jpg 300w\" sizes=\"auto, (max-width: 640px) 100vw, 640px\" \/><\/p>\n<p>Tom\u00e1s Pescio venci\u00f3 a Tom\u00e1s Vigolongo por 4 &#8211; 2 y se consagr\u00f3 campe\u00f3n del torneo de la categor\u00eda B, realizado por la Escuela de Tenis de Hern\u00e1n Ricaldoni y Mauricio Pisoni el s\u00e1bado, en la Liga de Padres.<\/p>\n<p>Finalmente fue Pescio quien logr\u00f3 imponerse ante Vigolongo y se qued\u00f3 con el primer puesto de la competencia.<\/p>\n<p>El tercer lugar fue compartido por Juan Pescio y Tiziano Meccia, ambos eliminados en semifinales.<\/p>\n<p>El certamen, correspondiente al calendario anual de internos de la escuela, fue realizado por Alan Demattei, Emiliano Marcelo y Juan Rigueiro.<\/p>\n<p>Adem\u00e1s, fue el primero de la categor\u00eda B en 2022 y cont\u00f3 con la participaci\u00f3n de 18 alumnos.<\/p>\n<p>El resto de los resultado:<\/p>\n<p>Zona 1<br \/>\n1 Felipe Rivero<br \/>\n2 Tom\u00e1s Vigolongo<br \/>\n3 Pedro Tipito<br \/>\n4 Juani Andr\u00e9s<\/p>\n<p>Zona 2<br \/>\n1 Tom\u00e1s Pescio<br \/>\n2 Ciro Flores<br \/>\n3 Lucas G\u00f3mez<br \/>\n4 Luca Del Giudice<\/p>\n<p>Zona 3<br \/>\n1 Joaqu\u00edn Trevisan<br \/>\n2 Tiziano Meccia<br \/>\n3 Manuel Cinto<br \/>\n4 Marco Luppi<\/p>\n<p>Zona 4<br \/>\n1 Juan Pescio<br \/>\n2 Mat\u00edas Tosco<br \/>\n3 Juan Belzunces<\/p>\n<p>Zona 5<br \/>\n1 Ger\u00f3nimo Valle<br \/>\n2 Dante Villafa\u00f1e<br \/>\n3 Miqueas Ascani<\/p>\n<p>Octavos de final:<br \/>\nDante Villafa\u00f1e 4 &#8211; 3 a Pedro Tipito<br \/>\nTiziano Meccia 4 &#8211; 0 a Ciro Flores<br \/>\nTom\u00e1s Vigolongo 4 &#8211; 3 a Mat\u00edas Tosco<br \/>\nLucas G\u00f3mez 4 &#8211; 3 a Felipe Rivero<\/p>\n<p>Cuartos de final<br \/>\nTom\u00e1s Pescio 4 &#8211; 2 a Dante Villafa\u00f1e<br \/>\nTiziano Meccia 4 &#8211; 1 a Ger\u00f3nimo Valle<br \/>\nTom\u00e1s Vigolongo 4 &#8211; 3 a Joaqu\u00edn Trevisan<br \/>\nJuan Pescio 4 &#8211; 1 a Lucas G\u00f3mez<\/p>\n<p>Semifinales:<br \/>\nTom\u00e1s Pescio 4 &#8211; 0 a Tiziano Meccia<br \/>\nTom\u00e1s Vigolongo 4 &#8211; 3 a Juan Pescio<\/p>\n<p>Final:<br \/>\nTom\u00e1s Pescio 4 &#8211; 2 a Tom\u00e1s Vigolongo<\/p>\n<p>&nbsp;<\/p>\n","protected":false},"excerpt":{"rendered":"<p>\u25a0 Venci\u00f3 a Tom\u00e1s Vigolongo por 4 &#8211; 2 y se consagr\u00f3 campe\u00f3n del torneo de la categor\u00eda B, realizado por la Escuela de Tenis de Hern\u00e1n Ricaldoni y Mauricio Pisoni el s\u00e1bado, en la Liga de Padres.<\/p>\n","protected":false},"author":16,"featured_media":87216,"comment_status":"open","ping_status":"open","sticky":false,"template":"","format":"standard","meta":{"footnotes":""},"categories":[5],"tags":[8751,133,13965],"class_list":["post-87215","post","type-post","status-publish","format-standard","has-post-thumbnail","hentry","category-deportes","tag-hernan-ricaldoni","tag-tenis","tag-tomas-pescio"],"yoast_head":"<!-- This site is optimized with the Yoast SEO plugin v27.4 - https:\/\/yoast.com\/product\/yoast-seo-wordpress\/ -->\n<title>Escuela de Tenis: Tom\u00e1s Pescio se llev\u00f3 la categor\u00eda B<\/title>\n<meta name=\"robots\" content=\"index, follow, max-snippet:-1, max-image-preview:large, max-video-preview:-1\" \/>\n<link rel=\"canonical\" href=\"https:\/\/noticiasmercedinas.com\/site\/2022\/03\/28\/escuela-de-tenis-tomas-pescio-se-llevo-la-categoria-b\/\" \/>\n<meta property=\"og:locale\" content=\"es_ES\" \/>\n<meta property=\"og:type\" content=\"article\" \/>\n<meta property=\"og:title\" content=\"Escuela de Tenis: Tom\u00e1s Pescio se llev\u00f3 la categor\u00eda B\" \/>\n<meta property=\"og:description\" content=\"\u25a0 Venci\u00f3 a Tom\u00e1s Vigolongo por 4 - 2 y se consagr\u00f3 campe\u00f3n del torneo de la categor\u00eda B, realizado por la Escuela de Tenis de Hern\u00e1n Ricaldoni y Mauricio Pisoni el s\u00e1bado, en la Liga de Padres.\" \/>\n<meta property=\"og:url\" content=\"https:\/\/noticiasmercedinas.com\/site\/2022\/03\/28\/escuela-de-tenis-tomas-pescio-se-llevo-la-categoria-b\/\" \/>\n<meta property=\"og:site_name\" content=\"NOTICIASMERCEDINAS.COM\" \/>\n<meta property=\"article:publisher\" content=\"https:\/\/www.facebook.com\/noticiasmercedinas\/\" \/>\n<meta property=\"article:published_time\" content=\"2022-03-28T11:53:05+00:00\" \/>\n<meta property=\"og:image\" content=\"https:\/\/noticiasmercedinas.com\/site\/wp-content\/uploads\/2022\/03\/IMG-20220327-WA0006.jpg\" \/>\n\t<meta property=\"og:image:width\" content=\"640\" \/>\n\t<meta property=\"og:image:height\" content=\"399\" \/>\n\t<meta property=\"og:image:type\" content=\"image\/jpeg\" \/>\n<meta name=\"author\" content=\"NOTICIASMERCEDINAS.COM\" \/>\n<meta name=\"twitter:card\" content=\"summary_large_image\" \/>\n<meta name=\"twitter:creator\" content=\"@notmercedinas\" \/>\n<meta name=\"twitter:site\" content=\"@notmercedinas\" \/>\n<meta name=\"twitter:label1\" content=\"Escrito por\" \/>\n\t<meta name=\"twitter:data1\" content=\"NOTICIASMERCEDINAS.COM\" \/>\n\t<meta name=\"twitter:label2\" content=\"Tiempo de lectura\" \/>\n\t<meta name=\"twitter:data2\" content=\"2 minutos\" \/>\n<script type=\"application\/ld+json\" class=\"yoast-schema-graph\">{\"@context\":\"https:\\\/\\\/schema.org\",\"@graph\":[{\"@type\":\"Article\",\"@id\":\"https:\\\/\\\/noticiasmercedinas.com\\\/site\\\/2022\\\/03\\\/28\\\/escuela-de-tenis-tomas-pescio-se-llevo-la-categoria-b\\\/#article\",\"isPartOf\":{\"@id\":\"https:\\\/\\\/noticiasmercedinas.com\\\/site\\\/2022\\\/03\\\/28\\\/escuela-de-tenis-tomas-pescio-se-llevo-la-categoria-b\\\/\"},\"author\":{\"name\":\"NOTICIASMERCEDINAS.COM\",\"@id\":\"https:\\\/\\\/noticiasmercedinas.com\\\/site\\\/#\\\/schema\\\/person\\\/84b59c099c28ff2e8b77d4ceec5d8063\"},\"headline\":\"Escuela de Tenis: Tom\u00e1s Pescio se llev\u00f3 la categor\u00eda B\",\"datePublished\":\"2022-03-28T11:53:05+00:00\",\"mainEntityOfPage\":{\"@id\":\"https:\\\/\\\/noticiasmercedinas.com\\\/site\\\/2022\\\/03\\\/28\\\/escuela-de-tenis-tomas-pescio-se-llevo-la-categoria-b\\\/\"},\"wordCount\":272,\"commentCount\":0,\"publisher\":{\"@id\":\"https:\\\/\\\/noticiasmercedinas.com\\\/site\\\/#organization\"},\"image\":{\"@id\":\"https:\\\/\\\/noticiasmercedinas.com\\\/site\\\/2022\\\/03\\\/28\\\/escuela-de-tenis-tomas-pescio-se-llevo-la-categoria-b\\\/#primaryimage\"},\"thumbnailUrl\":\"https:\\\/\\\/noticiasmercedinas.com\\\/site\\\/wp-content\\\/uploads\\\/2022\\\/03\\\/IMG-20220327-WA0006.jpg\",\"keywords\":[\"Hern\u00e1n Ricaldoni\",\"tenis\",\"tomas pescio\"],\"articleSection\":[\"Deportes\"],\"inLanguage\":\"es\",\"potentialAction\":[{\"@type\":\"CommentAction\",\"name\":\"Comment\",\"target\":[\"https:\\\/\\\/noticiasmercedinas.com\\\/site\\\/2022\\\/03\\\/28\\\/escuela-de-tenis-tomas-pescio-se-llevo-la-categoria-b\\\/#respond\"]}]},{\"@type\":\"WebPage\",\"@id\":\"https:\\\/\\\/noticiasmercedinas.com\\\/site\\\/2022\\\/03\\\/28\\\/escuela-de-tenis-tomas-pescio-se-llevo-la-categoria-b\\\/\",\"url\":\"https:\\\/\\\/noticiasmercedinas.com\\\/site\\\/2022\\\/03\\\/28\\\/escuela-de-tenis-tomas-pescio-se-llevo-la-categoria-b\\\/\",\"name\":\"Escuela de Tenis: Tom\u00e1s Pescio se llev\u00f3 la categor\u00eda B\",\"isPartOf\":{\"@id\":\"https:\\\/\\\/noticiasmercedinas.com\\\/site\\\/#website\"},\"primaryImageOfPage\":{\"@id\":\"https:\\\/\\\/noticiasmercedinas.com\\\/site\\\/2022\\\/03\\\/28\\\/escuela-de-tenis-tomas-pescio-se-llevo-la-categoria-b\\\/#primaryimage\"},\"image\":{\"@id\":\"https:\\\/\\\/noticiasmercedinas.com\\\/site\\\/2022\\\/03\\\/28\\\/escuela-de-tenis-tomas-pescio-se-llevo-la-categoria-b\\\/#primaryimage\"},\"thumbnailUrl\":\"https:\\\/\\\/noticiasmercedinas.com\\\/site\\\/wp-content\\\/uploads\\\/2022\\\/03\\\/IMG-20220327-WA0006.jpg\",\"datePublished\":\"2022-03-28T11:53:05+00:00\",\"breadcrumb\":{\"@id\":\"https:\\\/\\\/noticiasmercedinas.com\\\/site\\\/2022\\\/03\\\/28\\\/escuela-de-tenis-tomas-pescio-se-llevo-la-categoria-b\\\/#breadcrumb\"},\"inLanguage\":\"es\",\"potentialAction\":[{\"@type\":\"ReadAction\",\"target\":[\"https:\\\/\\\/noticiasmercedinas.com\\\/site\\\/2022\\\/03\\\/28\\\/escuela-de-tenis-tomas-pescio-se-llevo-la-categoria-b\\\/\"]}]},{\"@type\":\"ImageObject\",\"inLanguage\":\"es\",\"@id\":\"https:\\\/\\\/noticiasmercedinas.com\\\/site\\\/2022\\\/03\\\/28\\\/escuela-de-tenis-tomas-pescio-se-llevo-la-categoria-b\\\/#primaryimage\",\"url\":\"https:\\\/\\\/noticiasmercedinas.com\\\/site\\\/wp-content\\\/uploads\\\/2022\\\/03\\\/IMG-20220327-WA0006.jpg\",\"contentUrl\":\"https:\\\/\\\/noticiasmercedinas.com\\\/site\\\/wp-content\\\/uploads\\\/2022\\\/03\\\/IMG-20220327-WA0006.jpg\",\"width\":640,\"height\":399},{\"@type\":\"BreadcrumbList\",\"@id\":\"https:\\\/\\\/noticiasmercedinas.com\\\/site\\\/2022\\\/03\\\/28\\\/escuela-de-tenis-tomas-pescio-se-llevo-la-categoria-b\\\/#breadcrumb\",\"itemListElement\":[{\"@type\":\"ListItem\",\"position\":1,\"name\":\"Portada\",\"item\":\"https:\\\/\\\/noticiasmercedinas.com\\\/site\\\/\"},{\"@type\":\"ListItem\",\"position\":2,\"name\":\"Escuela de Tenis: Tom\u00e1s Pescio se llev\u00f3 la categor\u00eda B\"}]},{\"@type\":\"WebSite\",\"@id\":\"https:\\\/\\\/noticiasmercedinas.com\\\/site\\\/#website\",\"url\":\"https:\\\/\\\/noticiasmercedinas.com\\\/site\\\/\",\"name\":\"NOTICIASMERCEDINAS.COM\",\"description\":\"Mercedes, Buenos Aires, Argentina\",\"publisher\":{\"@id\":\"https:\\\/\\\/noticiasmercedinas.com\\\/site\\\/#organization\"},\"potentialAction\":[{\"@type\":\"SearchAction\",\"target\":{\"@type\":\"EntryPoint\",\"urlTemplate\":\"https:\\\/\\\/noticiasmercedinas.com\\\/site\\\/?s={search_term_string}\"},\"query-input\":{\"@type\":\"PropertyValueSpecification\",\"valueRequired\":true,\"valueName\":\"search_term_string\"}}],\"inLanguage\":\"es\"},{\"@type\":\"Organization\",\"@id\":\"https:\\\/\\\/noticiasmercedinas.com\\\/site\\\/#organization\",\"name\":\"NOTICIASMERCEDINAS.COM\",\"url\":\"https:\\\/\\\/noticiasmercedinas.com\\\/site\\\/\",\"logo\":{\"@type\":\"ImageObject\",\"inLanguage\":\"es\",\"@id\":\"https:\\\/\\\/noticiasmercedinas.com\\\/site\\\/#\\\/schema\\\/logo\\\/image\\\/\",\"url\":\"https:\\\/\\\/noticiasmercedinas.com\\\/site\\\/wp-content\\\/uploads\\\/2020\\\/06\\\/LOGO-512.jpg\",\"contentUrl\":\"https:\\\/\\\/noticiasmercedinas.com\\\/site\\\/wp-content\\\/uploads\\\/2020\\\/06\\\/LOGO-512.jpg\",\"width\":512,\"height\":512,\"caption\":\"NOTICIASMERCEDINAS.COM\"},\"image\":{\"@id\":\"https:\\\/\\\/noticiasmercedinas.com\\\/site\\\/#\\\/schema\\\/logo\\\/image\\\/\"},\"sameAs\":[\"https:\\\/\\\/www.facebook.com\\\/noticiasmercedinas\\\/\",\"https:\\\/\\\/x.com\\\/notmercedinas\",\"https:\\\/\\\/www.instagram.com\\\/noticiasmercedinas\\\/\"]},{\"@type\":\"Person\",\"@id\":\"https:\\\/\\\/noticiasmercedinas.com\\\/site\\\/#\\\/schema\\\/person\\\/84b59c099c28ff2e8b77d4ceec5d8063\",\"name\":\"NOTICIASMERCEDINAS.COM\",\"image\":{\"@type\":\"ImageObject\",\"inLanguage\":\"es\",\"@id\":\"https:\\\/\\\/secure.gravatar.com\\\/avatar\\\/4dfbf16b4d17945bfb6341b2d19043457132fcf478a5ee04f42e959fd8f5df0a?s=96&d=mm&r=g\",\"url\":\"https:\\\/\\\/secure.gravatar.com\\\/avatar\\\/4dfbf16b4d17945bfb6341b2d19043457132fcf478a5ee04f42e959fd8f5df0a?s=96&d=mm&r=g\",\"contentUrl\":\"https:\\\/\\\/secure.gravatar.com\\\/avatar\\\/4dfbf16b4d17945bfb6341b2d19043457132fcf478a5ee04f42e959fd8f5df0a?s=96&d=mm&r=g\",\"caption\":\"NOTICIASMERCEDINAS.COM\"},\"url\":\"https:\\\/\\\/noticiasmercedinas.com\\\/site\\\/author\\\/anonimo\\\/\"}]}<\/script>\n<!-- \/ Yoast SEO plugin. -->","yoast_head_json":{"title":"Escuela de Tenis: Tom\u00e1s Pescio se llev\u00f3 la categor\u00eda B","robots":{"index":"index","follow":"follow","max-snippet":"max-snippet:-1","max-image-preview":"max-image-preview:large","max-video-preview":"max-video-preview:-1"},"canonical":"https:\/\/noticiasmercedinas.com\/site\/2022\/03\/28\/escuela-de-tenis-tomas-pescio-se-llevo-la-categoria-b\/","og_locale":"es_ES","og_type":"article","og_title":"Escuela de Tenis: Tom\u00e1s Pescio se llev\u00f3 la categor\u00eda B","og_description":"\u25a0 Venci\u00f3 a Tom\u00e1s Vigolongo por 4 - 2 y se consagr\u00f3 campe\u00f3n del torneo de la categor\u00eda B, realizado por la Escuela de Tenis de Hern\u00e1n Ricaldoni y Mauricio Pisoni el s\u00e1bado, en la Liga de Padres.","og_url":"https:\/\/noticiasmercedinas.com\/site\/2022\/03\/28\/escuela-de-tenis-tomas-pescio-se-llevo-la-categoria-b\/","og_site_name":"NOTICIASMERCEDINAS.COM","article_publisher":"https:\/\/www.facebook.com\/noticiasmercedinas\/","article_published_time":"2022-03-28T11:53:05+00:00","og_image":[{"width":640,"height":399,"url":"https:\/\/noticiasmercedinas.com\/site\/wp-content\/uploads\/2022\/03\/IMG-20220327-WA0006.jpg","type":"image\/jpeg"}],"author":"NOTICIASMERCEDINAS.COM","twitter_card":"summary_large_image","twitter_creator":"@notmercedinas","twitter_site":"@notmercedinas","twitter_misc":{"Escrito por":"NOTICIASMERCEDINAS.COM","Tiempo de lectura":"2 minutos"},"schema":{"@context":"https:\/\/schema.org","@graph":[{"@type":"Article","@id":"https:\/\/noticiasmercedinas.com\/site\/2022\/03\/28\/escuela-de-tenis-tomas-pescio-se-llevo-la-categoria-b\/#article","isPartOf":{"@id":"https:\/\/noticiasmercedinas.com\/site\/2022\/03\/28\/escuela-de-tenis-tomas-pescio-se-llevo-la-categoria-b\/"},"author":{"name":"NOTICIASMERCEDINAS.COM","@id":"https:\/\/noticiasmercedinas.com\/site\/#\/schema\/person\/84b59c099c28ff2e8b77d4ceec5d8063"},"headline":"Escuela de Tenis: Tom\u00e1s Pescio se llev\u00f3 la categor\u00eda B","datePublished":"2022-03-28T11:53:05+00:00","mainEntityOfPage":{"@id":"https:\/\/noticiasmercedinas.com\/site\/2022\/03\/28\/escuela-de-tenis-tomas-pescio-se-llevo-la-categoria-b\/"},"wordCount":272,"commentCount":0,"publisher":{"@id":"https:\/\/noticiasmercedinas.com\/site\/#organization"},"image":{"@id":"https:\/\/noticiasmercedinas.com\/site\/2022\/03\/28\/escuela-de-tenis-tomas-pescio-se-llevo-la-categoria-b\/#primaryimage"},"thumbnailUrl":"https:\/\/noticiasmercedinas.com\/site\/wp-content\/uploads\/2022\/03\/IMG-20220327-WA0006.jpg","keywords":["Hern\u00e1n Ricaldoni","tenis","tomas pescio"],"articleSection":["Deportes"],"inLanguage":"es","potentialAction":[{"@type":"CommentAction","name":"Comment","target":["https:\/\/noticiasmercedinas.com\/site\/2022\/03\/28\/escuela-de-tenis-tomas-pescio-se-llevo-la-categoria-b\/#respond"]}]},{"@type":"WebPage","@id":"https:\/\/noticiasmercedinas.com\/site\/2022\/03\/28\/escuela-de-tenis-tomas-pescio-se-llevo-la-categoria-b\/","url":"https:\/\/noticiasmercedinas.com\/site\/2022\/03\/28\/escuela-de-tenis-tomas-pescio-se-llevo-la-categoria-b\/","name":"Escuela de Tenis: Tom\u00e1s Pescio se llev\u00f3 la categor\u00eda B","isPartOf":{"@id":"https:\/\/noticiasmercedinas.com\/site\/#website"},"primaryImageOfPage":{"@id":"https:\/\/noticiasmercedinas.com\/site\/2022\/03\/28\/escuela-de-tenis-tomas-pescio-se-llevo-la-categoria-b\/#primaryimage"},"image":{"@id":"https:\/\/noticiasmercedinas.com\/site\/2022\/03\/28\/escuela-de-tenis-tomas-pescio-se-llevo-la-categoria-b\/#primaryimage"},"thumbnailUrl":"https:\/\/noticiasmercedinas.com\/site\/wp-content\/uploads\/2022\/03\/IMG-20220327-WA0006.jpg","datePublished":"2022-03-28T11:53:05+00:00","breadcrumb":{"@id":"https:\/\/noticiasmercedinas.com\/site\/2022\/03\/28\/escuela-de-tenis-tomas-pescio-se-llevo-la-categoria-b\/#breadcrumb"},"inLanguage":"es","potentialAction":[{"@type":"ReadAction","target":["https:\/\/noticiasmercedinas.com\/site\/2022\/03\/28\/escuela-de-tenis-tomas-pescio-se-llevo-la-categoria-b\/"]}]},{"@type":"ImageObject","inLanguage":"es","@id":"https:\/\/noticiasmercedinas.com\/site\/2022\/03\/28\/escuela-de-tenis-tomas-pescio-se-llevo-la-categoria-b\/#primaryimage","url":"https:\/\/noticiasmercedinas.com\/site\/wp-content\/uploads\/2022\/03\/IMG-20220327-WA0006.jpg","contentUrl":"https:\/\/noticiasmercedinas.com\/site\/wp-content\/uploads\/2022\/03\/IMG-20220327-WA0006.jpg","width":640,"height":399},{"@type":"BreadcrumbList","@id":"https:\/\/noticiasmercedinas.com\/site\/2022\/03\/28\/escuela-de-tenis-tomas-pescio-se-llevo-la-categoria-b\/#breadcrumb","itemListElement":[{"@type":"ListItem","position":1,"name":"Portada","item":"https:\/\/noticiasmercedinas.com\/site\/"},{"@type":"ListItem","position":2,"name":"Escuela de Tenis: Tom\u00e1s Pescio se llev\u00f3 la categor\u00eda B"}]},{"@type":"WebSite","@id":"https:\/\/noticiasmercedinas.com\/site\/#website","url":"https:\/\/noticiasmercedinas.com\/site\/","name":"NOTICIASMERCEDINAS.COM","description":"Mercedes, Buenos Aires, Argentina","publisher":{"@id":"https:\/\/noticiasmercedinas.com\/site\/#organization"},"potentialAction":[{"@type":"SearchAction","target":{"@type":"EntryPoint","urlTemplate":"https:\/\/noticiasmercedinas.com\/site\/?s={search_term_string}"},"query-input":{"@type":"PropertyValueSpecification","valueRequired":true,"valueName":"search_term_string"}}],"inLanguage":"es"},{"@type":"Organization","@id":"https:\/\/noticiasmercedinas.com\/site\/#organization","name":"NOTICIASMERCEDINAS.COM","url":"https:\/\/noticiasmercedinas.com\/site\/","logo":{"@type":"ImageObject","inLanguage":"es","@id":"https:\/\/noticiasmercedinas.com\/site\/#\/schema\/logo\/image\/","url":"https:\/\/noticiasmercedinas.com\/site\/wp-content\/uploads\/2020\/06\/LOGO-512.jpg","contentUrl":"https:\/\/noticiasmercedinas.com\/site\/wp-content\/uploads\/2020\/06\/LOGO-512.jpg","width":512,"height":512,"caption":"NOTICIASMERCEDINAS.COM"},"image":{"@id":"https:\/\/noticiasmercedinas.com\/site\/#\/schema\/logo\/image\/"},"sameAs":["https:\/\/www.facebook.com\/noticiasmercedinas\/","https:\/\/x.com\/notmercedinas","https:\/\/www.instagram.com\/noticiasmercedinas\/"]},{"@type":"Person","@id":"https:\/\/noticiasmercedinas.com\/site\/#\/schema\/person\/84b59c099c28ff2e8b77d4ceec5d8063","name":"NOTICIASMERCEDINAS.COM","image":{"@type":"ImageObject","inLanguage":"es","@id":"https:\/\/secure.gravatar.com\/avatar\/4dfbf16b4d17945bfb6341b2d19043457132fcf478a5ee04f42e959fd8f5df0a?s=96&d=mm&r=g","url":"https:\/\/secure.gravatar.com\/avatar\/4dfbf16b4d17945bfb6341b2d19043457132fcf478a5ee04f42e959fd8f5df0a?s=96&d=mm&r=g","contentUrl":"https:\/\/secure.gravatar.com\/avatar\/4dfbf16b4d17945bfb6341b2d19043457132fcf478a5ee04f42e959fd8f5df0a?s=96&d=mm&r=g","caption":"NOTICIASMERCEDINAS.COM"},"url":"https:\/\/noticiasmercedinas.com\/site\/author\/anonimo\/"}]}},"amp_enabled":true,"_links":{"self":[{"href":"https:\/\/noticiasmercedinas.com\/site\/wp-json\/wp\/v2\/posts\/87215","targetHints":{"allow":["GET"]}}],"collection":[{"href":"https:\/\/noticiasmercedinas.com\/site\/wp-json\/wp\/v2\/posts"}],"about":[{"href":"https:\/\/noticiasmercedinas.com\/site\/wp-json\/wp\/v2\/types\/post"}],"author":[{"embeddable":true,"href":"https:\/\/noticiasmercedinas.com\/site\/wp-json\/wp\/v2\/users\/16"}],"replies":[{"embeddable":true,"href":"https:\/\/noticiasmercedinas.com\/site\/wp-json\/wp\/v2\/comments?post=87215"}],"version-history":[{"count":1,"href":"https:\/\/noticiasmercedinas.com\/site\/wp-json\/wp\/v2\/posts\/87215\/revisions"}],"predecessor-version":[{"id":87217,"href":"https:\/\/noticiasmercedinas.com\/site\/wp-json\/wp\/v2\/posts\/87215\/revisions\/87217"}],"wp:featuredmedia":[{"embeddable":true,"href":"https:\/\/noticiasmercedinas.com\/site\/wp-json\/wp\/v2\/media\/87216"}],"wp:attachment":[{"href":"https:\/\/noticiasmercedinas.com\/site\/wp-json\/wp\/v2\/media?parent=87215"}],"wp:term":[{"taxonomy":"category","embeddable":true,"href":"https:\/\/noticiasmercedinas.com\/site\/wp-json\/wp\/v2\/categories?post=87215"},{"taxonomy":"post_tag","embeddable":true,"href":"https:\/\/noticiasmercedinas.com\/site\/wp-json\/wp\/v2\/tags?post=87215"}],"curies":[{"name":"wp","href":"https:\/\/api.w.org\/{rel}","templated":true}]}}