{"id":87226,"date":"2022-03-28T10:20:03","date_gmt":"2022-03-28T13:20:03","guid":{"rendered":"https:\/\/noticiasmercedinas.com\/site\/?p=87226"},"modified":"2022-03-28T10:20:03","modified_gmt":"2022-03-28T13:20:03","slug":"avanzan-reuniones-del-programa-perfil-productivo-de-mercedes","status":"publish","type":"post","link":"https:\/\/noticiasmercedinas.com\/site\/2022\/03\/28\/avanzan-reuniones-del-programa-perfil-productivo-de-mercedes\/","title":{"rendered":"Avanzan reuniones del programa \u201cPerfil Productivo de Mercedes\u201d"},"content":{"rendered":"<p><img loading=\"lazy\" decoding=\"async\" class=\"alignnone size-large wp-image-87227\" src=\"https:\/\/noticiasmercedinas.com\/site\/wp-content\/uploads\/2022\/03\/DSC07123-1024x576.jpg\" alt=\"\" width=\"640\" height=\"360\" srcset=\"https:\/\/noticiasmercedinas.com\/site\/wp-content\/uploads\/2022\/03\/DSC07123-1024x576.jpg 1024w, https:\/\/noticiasmercedinas.com\/site\/wp-content\/uploads\/2022\/03\/DSC07123-300x169.jpg 300w, https:\/\/noticiasmercedinas.com\/site\/wp-content\/uploads\/2022\/03\/DSC07123-768x432.jpg 768w, https:\/\/noticiasmercedinas.com\/site\/wp-content\/uploads\/2022\/03\/DSC07123-640x360.jpg 640w, https:\/\/noticiasmercedinas.com\/site\/wp-content\/uploads\/2022\/03\/DSC07123-681x383.jpg 681w, https:\/\/noticiasmercedinas.com\/site\/wp-content\/uploads\/2022\/03\/DSC07123.jpg 1094w\" sizes=\"auto, (max-width: 640px) 100vw, 640px\" \/><\/p>\n<p>La Direcci\u00f3n de Producci\u00f3n llev\u00f3 adelante un nuevo encuentro en el marco del programa \u201cPerfil Productivo de Mercedes\u201d que se present\u00f3 en el Sector Industrial en la jornada donde el jefe comunal <strong>Juan Ustarroz<\/strong> firm\u00f3 la compra del predio a Mastellone para ampliar dicho espacio productivo.<\/p>\n<p>El programa llevar\u00e1 y realiza presentaciones, capacitaciones, encuestas, asistencias a empresas y pymes de todos los rubros y tama\u00f1os, relevamiento de datos, constituci\u00f3n de nueva imagen, espacios digitales, asistencia, asesoramiento, entre otras cuestiones.<\/p>\n<p>\u201cEstamos muy felices por poder concretar una nueva mesa de trabajo, gesti\u00f3n y planificaci\u00f3n en t\u00e9rminos de producci\u00f3n, apoyando al trabajo mercedino, a las grandes y peque\u00f1as empresas, al comercio, artesanos, a cada sector de la ciudad vinculado al aparato productivo\u201d mencion\u00f3 Ustarroz y aprovech\u00f3 para \u201cfelicitamos a todo el personal de la direcci\u00f3n de producci\u00f3n por su compromiso, dedicaci\u00f3n y gesti\u00f3n creativa constante\u201d<\/p>\n<p>Por su parte el Ingeniero <strong>Patricio Ballesty<\/strong> tambi\u00e9n expres\u00f3 su satisfacci\u00f3n por \u201ccontinuar avanzando en este proyecto tan importante\u201d que \u201cesperamos y deseamos sea de mucha utilidad para el sistema productivo mercedino, para toda la comunidad\u201d, entre otros conceptos.<\/p>\n<p>En esta ocasi\u00f3n, adem\u00e1s, se trabaj\u00f3 de manera interdisciplinaria con otras \u00e1reas y el encuentro se efectu\u00f3 en el flamante especio del sal\u00f3n superior de Bomberos que ahora utiliza la Municipalidad para el despliegue de la secretar\u00eda de obras y la unidad estrat\u00e9gica de gesti\u00f3n.<\/p>\n<p>&nbsp;<\/p>\n","protected":false},"excerpt":{"rendered":"<p>La Direcci\u00f3n de Producci\u00f3n llev\u00f3 adelante un nuevo encuentro en el marco del programa \u201cPerfil Productivo de Mercedes\u201d que se present\u00f3 en el Sector Industrial en la jornada donde el jefe comunal Juan Ustarroz firm\u00f3 la compra del predio a Mastellone para ampliar dicho espacio productivo. El programa llevar\u00e1 y realiza presentaciones, capacitaciones, encuestas, asistencias [&hellip;]<\/p>\n","protected":false},"author":16,"featured_media":87227,"comment_status":"open","ping_status":"open","sticky":false,"template":"","format":"standard","meta":{"footnotes":""},"categories":[74],"tags":[11279,32,5399],"class_list":["post-87226","post","type-post","status-publish","format-standard","has-post-thumbnail","hentry","category-emprendimientos","tag-patricio-ballesty","tag-produccion","tag-sector-industrial-planificado"],"yoast_head":"<!-- This site is optimized with the Yoast SEO plugin v27.4 - https:\/\/yoast.com\/product\/yoast-seo-wordpress\/ -->\n<title>Avanzan reuniones del programa \u201cPerfil Productivo de Mercedes\u201d<\/title>\n<meta name=\"robots\" content=\"index, follow, max-snippet:-1, max-image-preview:large, max-video-preview:-1\" \/>\n<link rel=\"canonical\" href=\"https:\/\/noticiasmercedinas.com\/site\/2022\/03\/28\/avanzan-reuniones-del-programa-perfil-productivo-de-mercedes\/\" \/>\n<meta property=\"og:locale\" content=\"es_ES\" \/>\n<meta property=\"og:type\" content=\"article\" \/>\n<meta property=\"og:title\" content=\"Avanzan reuniones del programa \u201cPerfil Productivo de Mercedes\u201d\" \/>\n<meta property=\"og:description\" content=\"La Direcci\u00f3n de Producci\u00f3n llev\u00f3 adelante un nuevo encuentro en el marco del programa \u201cPerfil Productivo de Mercedes\u201d que se present\u00f3 en el Sector Industrial en la jornada donde el jefe comunal Juan Ustarroz firm\u00f3 la compra del predio a Mastellone para ampliar dicho espacio productivo. El programa llevar\u00e1 y realiza presentaciones, capacitaciones, encuestas, asistencias [&hellip;]\" \/>\n<meta property=\"og:url\" content=\"https:\/\/noticiasmercedinas.com\/site\/2022\/03\/28\/avanzan-reuniones-del-programa-perfil-productivo-de-mercedes\/\" \/>\n<meta property=\"og:site_name\" content=\"NOTICIASMERCEDINAS.COM\" \/>\n<meta property=\"article:publisher\" content=\"https:\/\/www.facebook.com\/noticiasmercedinas\/\" \/>\n<meta property=\"article:published_time\" content=\"2022-03-28T13:20:03+00:00\" \/>\n<meta property=\"og:image\" content=\"https:\/\/noticiasmercedinas.com\/site\/wp-content\/uploads\/2022\/03\/DSC07123.jpg\" \/>\n\t<meta property=\"og:image:width\" content=\"1094\" \/>\n\t<meta property=\"og:image:height\" content=\"615\" \/>\n\t<meta property=\"og:image:type\" content=\"image\/jpeg\" \/>\n<meta name=\"author\" content=\"NOTICIASMERCEDINAS.COM\" \/>\n<meta name=\"twitter:card\" content=\"summary_large_image\" \/>\n<meta name=\"twitter:creator\" content=\"@notmercedinas\" \/>\n<meta name=\"twitter:site\" content=\"@notmercedinas\" \/>\n<meta name=\"twitter:label1\" content=\"Escrito por\" \/>\n\t<meta name=\"twitter:data1\" content=\"NOTICIASMERCEDINAS.COM\" \/>\n\t<meta name=\"twitter:label2\" content=\"Tiempo de lectura\" \/>\n\t<meta name=\"twitter:data2\" content=\"2 minutos\" \/>\n<script type=\"application\/ld+json\" class=\"yoast-schema-graph\">{\"@context\":\"https:\\\/\\\/schema.org\",\"@graph\":[{\"@type\":\"Article\",\"@id\":\"https:\\\/\\\/noticiasmercedinas.com\\\/site\\\/2022\\\/03\\\/28\\\/avanzan-reuniones-del-programa-perfil-productivo-de-mercedes\\\/#article\",\"isPartOf\":{\"@id\":\"https:\\\/\\\/noticiasmercedinas.com\\\/site\\\/2022\\\/03\\\/28\\\/avanzan-reuniones-del-programa-perfil-productivo-de-mercedes\\\/\"},\"author\":{\"name\":\"NOTICIASMERCEDINAS.COM\",\"@id\":\"https:\\\/\\\/noticiasmercedinas.com\\\/site\\\/#\\\/schema\\\/person\\\/84b59c099c28ff2e8b77d4ceec5d8063\"},\"headline\":\"Avanzan reuniones del programa \u201cPerfil Productivo de Mercedes\u201d\",\"datePublished\":\"2022-03-28T13:20:03+00:00\",\"mainEntityOfPage\":{\"@id\":\"https:\\\/\\\/noticiasmercedinas.com\\\/site\\\/2022\\\/03\\\/28\\\/avanzan-reuniones-del-programa-perfil-productivo-de-mercedes\\\/\"},\"wordCount\":257,\"commentCount\":0,\"publisher\":{\"@id\":\"https:\\\/\\\/noticiasmercedinas.com\\\/site\\\/#organization\"},\"image\":{\"@id\":\"https:\\\/\\\/noticiasmercedinas.com\\\/site\\\/2022\\\/03\\\/28\\\/avanzan-reuniones-del-programa-perfil-productivo-de-mercedes\\\/#primaryimage\"},\"thumbnailUrl\":\"https:\\\/\\\/noticiasmercedinas.com\\\/site\\\/wp-content\\\/uploads\\\/2022\\\/03\\\/DSC07123.jpg\",\"keywords\":[\"patricio ballesty\",\"produccion\",\"sector Industrial planificado\"],\"articleSection\":[\"Emprendimientos\"],\"inLanguage\":\"es\",\"potentialAction\":[{\"@type\":\"CommentAction\",\"name\":\"Comment\",\"target\":[\"https:\\\/\\\/noticiasmercedinas.com\\\/site\\\/2022\\\/03\\\/28\\\/avanzan-reuniones-del-programa-perfil-productivo-de-mercedes\\\/#respond\"]}]},{\"@type\":\"WebPage\",\"@id\":\"https:\\\/\\\/noticiasmercedinas.com\\\/site\\\/2022\\\/03\\\/28\\\/avanzan-reuniones-del-programa-perfil-productivo-de-mercedes\\\/\",\"url\":\"https:\\\/\\\/noticiasmercedinas.com\\\/site\\\/2022\\\/03\\\/28\\\/avanzan-reuniones-del-programa-perfil-productivo-de-mercedes\\\/\",\"name\":\"Avanzan reuniones del programa \u201cPerfil Productivo de Mercedes\u201d\",\"isPartOf\":{\"@id\":\"https:\\\/\\\/noticiasmercedinas.com\\\/site\\\/#website\"},\"primaryImageOfPage\":{\"@id\":\"https:\\\/\\\/noticiasmercedinas.com\\\/site\\\/2022\\\/03\\\/28\\\/avanzan-reuniones-del-programa-perfil-productivo-de-mercedes\\\/#primaryimage\"},\"image\":{\"@id\":\"https:\\\/\\\/noticiasmercedinas.com\\\/site\\\/2022\\\/03\\\/28\\\/avanzan-reuniones-del-programa-perfil-productivo-de-mercedes\\\/#primaryimage\"},\"thumbnailUrl\":\"https:\\\/\\\/noticiasmercedinas.com\\\/site\\\/wp-content\\\/uploads\\\/2022\\\/03\\\/DSC07123.jpg\",\"datePublished\":\"2022-03-28T13:20:03+00:00\",\"breadcrumb\":{\"@id\":\"https:\\\/\\\/noticiasmercedinas.com\\\/site\\\/2022\\\/03\\\/28\\\/avanzan-reuniones-del-programa-perfil-productivo-de-mercedes\\\/#breadcrumb\"},\"inLanguage\":\"es\",\"potentialAction\":[{\"@type\":\"ReadAction\",\"target\":[\"https:\\\/\\\/noticiasmercedinas.com\\\/site\\\/2022\\\/03\\\/28\\\/avanzan-reuniones-del-programa-perfil-productivo-de-mercedes\\\/\"]}]},{\"@type\":\"ImageObject\",\"inLanguage\":\"es\",\"@id\":\"https:\\\/\\\/noticiasmercedinas.com\\\/site\\\/2022\\\/03\\\/28\\\/avanzan-reuniones-del-programa-perfil-productivo-de-mercedes\\\/#primaryimage\",\"url\":\"https:\\\/\\\/noticiasmercedinas.com\\\/site\\\/wp-content\\\/uploads\\\/2022\\\/03\\\/DSC07123.jpg\",\"contentUrl\":\"https:\\\/\\\/noticiasmercedinas.com\\\/site\\\/wp-content\\\/uploads\\\/2022\\\/03\\\/DSC07123.jpg\",\"width\":1094,\"height\":615},{\"@type\":\"BreadcrumbList\",\"@id\":\"https:\\\/\\\/noticiasmercedinas.com\\\/site\\\/2022\\\/03\\\/28\\\/avanzan-reuniones-del-programa-perfil-productivo-de-mercedes\\\/#breadcrumb\",\"itemListElement\":[{\"@type\":\"ListItem\",\"position\":1,\"name\":\"Portada\",\"item\":\"https:\\\/\\\/noticiasmercedinas.com\\\/site\\\/\"},{\"@type\":\"ListItem\",\"position\":2,\"name\":\"Avanzan reuniones del programa \u201cPerfil Productivo de Mercedes\u201d\"}]},{\"@type\":\"WebSite\",\"@id\":\"https:\\\/\\\/noticiasmercedinas.com\\\/site\\\/#website\",\"url\":\"https:\\\/\\\/noticiasmercedinas.com\\\/site\\\/\",\"name\":\"NOTICIASMERCEDINAS.COM\",\"description\":\"Mercedes, Buenos Aires, Argentina\",\"publisher\":{\"@id\":\"https:\\\/\\\/noticiasmercedinas.com\\\/site\\\/#organization\"},\"potentialAction\":[{\"@type\":\"SearchAction\",\"target\":{\"@type\":\"EntryPoint\",\"urlTemplate\":\"https:\\\/\\\/noticiasmercedinas.com\\\/site\\\/?s={search_term_string}\"},\"query-input\":{\"@type\":\"PropertyValueSpecification\",\"valueRequired\":true,\"valueName\":\"search_term_string\"}}],\"inLanguage\":\"es\"},{\"@type\":\"Organization\",\"@id\":\"https:\\\/\\\/noticiasmercedinas.com\\\/site\\\/#organization\",\"name\":\"NOTICIASMERCEDINAS.COM\",\"url\":\"https:\\\/\\\/noticiasmercedinas.com\\\/site\\\/\",\"logo\":{\"@type\":\"ImageObject\",\"inLanguage\":\"es\",\"@id\":\"https:\\\/\\\/noticiasmercedinas.com\\\/site\\\/#\\\/schema\\\/logo\\\/image\\\/\",\"url\":\"https:\\\/\\\/noticiasmercedinas.com\\\/site\\\/wp-content\\\/uploads\\\/2020\\\/06\\\/LOGO-512.jpg\",\"contentUrl\":\"https:\\\/\\\/noticiasmercedinas.com\\\/site\\\/wp-content\\\/uploads\\\/2020\\\/06\\\/LOGO-512.jpg\",\"width\":512,\"height\":512,\"caption\":\"NOTICIASMERCEDINAS.COM\"},\"image\":{\"@id\":\"https:\\\/\\\/noticiasmercedinas.com\\\/site\\\/#\\\/schema\\\/logo\\\/image\\\/\"},\"sameAs\":[\"https:\\\/\\\/www.facebook.com\\\/noticiasmercedinas\\\/\",\"https:\\\/\\\/x.com\\\/notmercedinas\",\"https:\\\/\\\/www.instagram.com\\\/noticiasmercedinas\\\/\"]},{\"@type\":\"Person\",\"@id\":\"https:\\\/\\\/noticiasmercedinas.com\\\/site\\\/#\\\/schema\\\/person\\\/84b59c099c28ff2e8b77d4ceec5d8063\",\"name\":\"NOTICIASMERCEDINAS.COM\",\"image\":{\"@type\":\"ImageObject\",\"inLanguage\":\"es\",\"@id\":\"https:\\\/\\\/secure.gravatar.com\\\/avatar\\\/4dfbf16b4d17945bfb6341b2d19043457132fcf478a5ee04f42e959fd8f5df0a?s=96&d=mm&r=g\",\"url\":\"https:\\\/\\\/secure.gravatar.com\\\/avatar\\\/4dfbf16b4d17945bfb6341b2d19043457132fcf478a5ee04f42e959fd8f5df0a?s=96&d=mm&r=g\",\"contentUrl\":\"https:\\\/\\\/secure.gravatar.com\\\/avatar\\\/4dfbf16b4d17945bfb6341b2d19043457132fcf478a5ee04f42e959fd8f5df0a?s=96&d=mm&r=g\",\"caption\":\"NOTICIASMERCEDINAS.COM\"},\"url\":\"https:\\\/\\\/noticiasmercedinas.com\\\/site\\\/author\\\/anonimo\\\/\"}]}<\/script>\n<!-- \/ Yoast SEO plugin. -->","yoast_head_json":{"title":"Avanzan reuniones del programa \u201cPerfil Productivo de Mercedes\u201d","robots":{"index":"index","follow":"follow","max-snippet":"max-snippet:-1","max-image-preview":"max-image-preview:large","max-video-preview":"max-video-preview:-1"},"canonical":"https:\/\/noticiasmercedinas.com\/site\/2022\/03\/28\/avanzan-reuniones-del-programa-perfil-productivo-de-mercedes\/","og_locale":"es_ES","og_type":"article","og_title":"Avanzan reuniones del programa \u201cPerfil Productivo de Mercedes\u201d","og_description":"La Direcci\u00f3n de Producci\u00f3n llev\u00f3 adelante un nuevo encuentro en el marco del programa \u201cPerfil Productivo de Mercedes\u201d que se present\u00f3 en el Sector Industrial en la jornada donde el jefe comunal Juan Ustarroz firm\u00f3 la compra del predio a Mastellone para ampliar dicho espacio productivo. El programa llevar\u00e1 y realiza presentaciones, capacitaciones, encuestas, asistencias [&hellip;]","og_url":"https:\/\/noticiasmercedinas.com\/site\/2022\/03\/28\/avanzan-reuniones-del-programa-perfil-productivo-de-mercedes\/","og_site_name":"NOTICIASMERCEDINAS.COM","article_publisher":"https:\/\/www.facebook.com\/noticiasmercedinas\/","article_published_time":"2022-03-28T13:20:03+00:00","og_image":[{"width":1094,"height":615,"url":"https:\/\/noticiasmercedinas.com\/site\/wp-content\/uploads\/2022\/03\/DSC07123.jpg","type":"image\/jpeg"}],"author":"NOTICIASMERCEDINAS.COM","twitter_card":"summary_large_image","twitter_creator":"@notmercedinas","twitter_site":"@notmercedinas","twitter_misc":{"Escrito por":"NOTICIASMERCEDINAS.COM","Tiempo de lectura":"2 minutos"},"schema":{"@context":"https:\/\/schema.org","@graph":[{"@type":"Article","@id":"https:\/\/noticiasmercedinas.com\/site\/2022\/03\/28\/avanzan-reuniones-del-programa-perfil-productivo-de-mercedes\/#article","isPartOf":{"@id":"https:\/\/noticiasmercedinas.com\/site\/2022\/03\/28\/avanzan-reuniones-del-programa-perfil-productivo-de-mercedes\/"},"author":{"name":"NOTICIASMERCEDINAS.COM","@id":"https:\/\/noticiasmercedinas.com\/site\/#\/schema\/person\/84b59c099c28ff2e8b77d4ceec5d8063"},"headline":"Avanzan reuniones del programa \u201cPerfil Productivo de Mercedes\u201d","datePublished":"2022-03-28T13:20:03+00:00","mainEntityOfPage":{"@id":"https:\/\/noticiasmercedinas.com\/site\/2022\/03\/28\/avanzan-reuniones-del-programa-perfil-productivo-de-mercedes\/"},"wordCount":257,"commentCount":0,"publisher":{"@id":"https:\/\/noticiasmercedinas.com\/site\/#organization"},"image":{"@id":"https:\/\/noticiasmercedinas.com\/site\/2022\/03\/28\/avanzan-reuniones-del-programa-perfil-productivo-de-mercedes\/#primaryimage"},"thumbnailUrl":"https:\/\/noticiasmercedinas.com\/site\/wp-content\/uploads\/2022\/03\/DSC07123.jpg","keywords":["patricio ballesty","produccion","sector Industrial planificado"],"articleSection":["Emprendimientos"],"inLanguage":"es","potentialAction":[{"@type":"CommentAction","name":"Comment","target":["https:\/\/noticiasmercedinas.com\/site\/2022\/03\/28\/avanzan-reuniones-del-programa-perfil-productivo-de-mercedes\/#respond"]}]},{"@type":"WebPage","@id":"https:\/\/noticiasmercedinas.com\/site\/2022\/03\/28\/avanzan-reuniones-del-programa-perfil-productivo-de-mercedes\/","url":"https:\/\/noticiasmercedinas.com\/site\/2022\/03\/28\/avanzan-reuniones-del-programa-perfil-productivo-de-mercedes\/","name":"Avanzan reuniones del programa \u201cPerfil Productivo de Mercedes\u201d","isPartOf":{"@id":"https:\/\/noticiasmercedinas.com\/site\/#website"},"primaryImageOfPage":{"@id":"https:\/\/noticiasmercedinas.com\/site\/2022\/03\/28\/avanzan-reuniones-del-programa-perfil-productivo-de-mercedes\/#primaryimage"},"image":{"@id":"https:\/\/noticiasmercedinas.com\/site\/2022\/03\/28\/avanzan-reuniones-del-programa-perfil-productivo-de-mercedes\/#primaryimage"},"thumbnailUrl":"https:\/\/noticiasmercedinas.com\/site\/wp-content\/uploads\/2022\/03\/DSC07123.jpg","datePublished":"2022-03-28T13:20:03+00:00","breadcrumb":{"@id":"https:\/\/noticiasmercedinas.com\/site\/2022\/03\/28\/avanzan-reuniones-del-programa-perfil-productivo-de-mercedes\/#breadcrumb"},"inLanguage":"es","potentialAction":[{"@type":"ReadAction","target":["https:\/\/noticiasmercedinas.com\/site\/2022\/03\/28\/avanzan-reuniones-del-programa-perfil-productivo-de-mercedes\/"]}]},{"@type":"ImageObject","inLanguage":"es","@id":"https:\/\/noticiasmercedinas.com\/site\/2022\/03\/28\/avanzan-reuniones-del-programa-perfil-productivo-de-mercedes\/#primaryimage","url":"https:\/\/noticiasmercedinas.com\/site\/wp-content\/uploads\/2022\/03\/DSC07123.jpg","contentUrl":"https:\/\/noticiasmercedinas.com\/site\/wp-content\/uploads\/2022\/03\/DSC07123.jpg","width":1094,"height":615},{"@type":"BreadcrumbList","@id":"https:\/\/noticiasmercedinas.com\/site\/2022\/03\/28\/avanzan-reuniones-del-programa-perfil-productivo-de-mercedes\/#breadcrumb","itemListElement":[{"@type":"ListItem","position":1,"name":"Portada","item":"https:\/\/noticiasmercedinas.com\/site\/"},{"@type":"ListItem","position":2,"name":"Avanzan reuniones del programa \u201cPerfil Productivo de Mercedes\u201d"}]},{"@type":"WebSite","@id":"https:\/\/noticiasmercedinas.com\/site\/#website","url":"https:\/\/noticiasmercedinas.com\/site\/","name":"NOTICIASMERCEDINAS.COM","description":"Mercedes, Buenos Aires, Argentina","publisher":{"@id":"https:\/\/noticiasmercedinas.com\/site\/#organization"},"potentialAction":[{"@type":"SearchAction","target":{"@type":"EntryPoint","urlTemplate":"https:\/\/noticiasmercedinas.com\/site\/?s={search_term_string}"},"query-input":{"@type":"PropertyValueSpecification","valueRequired":true,"valueName":"search_term_string"}}],"inLanguage":"es"},{"@type":"Organization","@id":"https:\/\/noticiasmercedinas.com\/site\/#organization","name":"NOTICIASMERCEDINAS.COM","url":"https:\/\/noticiasmercedinas.com\/site\/","logo":{"@type":"ImageObject","inLanguage":"es","@id":"https:\/\/noticiasmercedinas.com\/site\/#\/schema\/logo\/image\/","url":"https:\/\/noticiasmercedinas.com\/site\/wp-content\/uploads\/2020\/06\/LOGO-512.jpg","contentUrl":"https:\/\/noticiasmercedinas.com\/site\/wp-content\/uploads\/2020\/06\/LOGO-512.jpg","width":512,"height":512,"caption":"NOTICIASMERCEDINAS.COM"},"image":{"@id":"https:\/\/noticiasmercedinas.com\/site\/#\/schema\/logo\/image\/"},"sameAs":["https:\/\/www.facebook.com\/noticiasmercedinas\/","https:\/\/x.com\/notmercedinas","https:\/\/www.instagram.com\/noticiasmercedinas\/"]},{"@type":"Person","@id":"https:\/\/noticiasmercedinas.com\/site\/#\/schema\/person\/84b59c099c28ff2e8b77d4ceec5d8063","name":"NOTICIASMERCEDINAS.COM","image":{"@type":"ImageObject","inLanguage":"es","@id":"https:\/\/secure.gravatar.com\/avatar\/4dfbf16b4d17945bfb6341b2d19043457132fcf478a5ee04f42e959fd8f5df0a?s=96&d=mm&r=g","url":"https:\/\/secure.gravatar.com\/avatar\/4dfbf16b4d17945bfb6341b2d19043457132fcf478a5ee04f42e959fd8f5df0a?s=96&d=mm&r=g","contentUrl":"https:\/\/secure.gravatar.com\/avatar\/4dfbf16b4d17945bfb6341b2d19043457132fcf478a5ee04f42e959fd8f5df0a?s=96&d=mm&r=g","caption":"NOTICIASMERCEDINAS.COM"},"url":"https:\/\/noticiasmercedinas.com\/site\/author\/anonimo\/"}]}},"amp_enabled":true,"_links":{"self":[{"href":"https:\/\/noticiasmercedinas.com\/site\/wp-json\/wp\/v2\/posts\/87226","targetHints":{"allow":["GET"]}}],"collection":[{"href":"https:\/\/noticiasmercedinas.com\/site\/wp-json\/wp\/v2\/posts"}],"about":[{"href":"https:\/\/noticiasmercedinas.com\/site\/wp-json\/wp\/v2\/types\/post"}],"author":[{"embeddable":true,"href":"https:\/\/noticiasmercedinas.com\/site\/wp-json\/wp\/v2\/users\/16"}],"replies":[{"embeddable":true,"href":"https:\/\/noticiasmercedinas.com\/site\/wp-json\/wp\/v2\/comments?post=87226"}],"version-history":[{"count":1,"href":"https:\/\/noticiasmercedinas.com\/site\/wp-json\/wp\/v2\/posts\/87226\/revisions"}],"predecessor-version":[{"id":87228,"href":"https:\/\/noticiasmercedinas.com\/site\/wp-json\/wp\/v2\/posts\/87226\/revisions\/87228"}],"wp:featuredmedia":[{"embeddable":true,"href":"https:\/\/noticiasmercedinas.com\/site\/wp-json\/wp\/v2\/media\/87227"}],"wp:attachment":[{"href":"https:\/\/noticiasmercedinas.com\/site\/wp-json\/wp\/v2\/media?parent=87226"}],"wp:term":[{"taxonomy":"category","embeddable":true,"href":"https:\/\/noticiasmercedinas.com\/site\/wp-json\/wp\/v2\/categories?post=87226"},{"taxonomy":"post_tag","embeddable":true,"href":"https:\/\/noticiasmercedinas.com\/site\/wp-json\/wp\/v2\/tags?post=87226"}],"curies":[{"name":"wp","href":"https:\/\/api.w.org\/{rel}","templated":true}]}}