{"id":87252,"date":"2022-03-28T18:12:29","date_gmt":"2022-03-28T21:12:29","guid":{"rendered":"https:\/\/noticiasmercedinas.com\/site\/?p=87252"},"modified":"2022-03-28T18:12:29","modified_gmt":"2022-03-28T21:12:29","slug":"flandria-vuelve-a-sufrir-otro-traspie","status":"publish","type":"post","link":"https:\/\/noticiasmercedinas.com\/site\/2022\/03\/28\/flandria-vuelve-a-sufrir-otro-traspie\/","title":{"rendered":"Flandria vuelve a sufrir otro traspi\u00e9"},"content":{"rendered":"<figure id=\"attachment_87253\" aria-describedby=\"caption-attachment-87253\" style=\"width: 640px\" class=\"wp-caption alignnone\"><img loading=\"lazy\" decoding=\"async\" class=\"wp-image-87253 size-full\" src=\"https:\/\/noticiasmercedinas.com\/site\/wp-content\/uploads\/2022\/03\/atlanta.jpg\" alt=\"\" width=\"640\" height=\"445\" srcset=\"https:\/\/noticiasmercedinas.com\/site\/wp-content\/uploads\/2022\/03\/atlanta.jpg 640w, https:\/\/noticiasmercedinas.com\/site\/wp-content\/uploads\/2022\/03\/atlanta-300x209.jpg 300w\" sizes=\"auto, (max-width: 640px) 100vw, 640px\" \/><figcaption id=\"caption-attachment-87253\" class=\"wp-caption-text\">Atlanta fue m\u00e1s que Flandria (Foto @atlantaoficial)<\/figcaption><\/figure>\n<p>Este lunes 28 la Primera Nacional tuvo sus encuentros por la octava fecha, jugando en el barrio porte\u00f1o Villa Crespo los equipos de Atlanta y Flandria. Dejando el primer tiempo el 1-1, donde \u201cCanario\u201d en la definici\u00f3n de Benjam\u00edn Borasi se puso en ventaja antes del primer cuarto y a partir de all\u00ed sin generar demasiado manten\u00eda la diferencia.<\/p>\n<p>A un minuto del tiempo reglamentario un rebote que ofreci\u00f3 Lungarzo fue aprovechado por Molina que dej\u00f3 las cosas 1 a 1, teniendo poco despu\u00e9s otra chance el \u201cBohemio\u201d cuando el remate de Fern\u00e1ndez se estrell\u00f3 en el travesa\u00f1o. Una primera parte que comenz\u00f3 bien para los de Montenegro, que cayeron en su producci\u00f3n sobre el cierre de los 45\u2019 iniciales.<\/p>\n<p>El arranque de complemento fue de Atlanta, que en la primera que tuvo el centro Bisanz dio en el palo y Galeano no perdon\u00f3 para el 2-1. Sin dar respiro el local lleg\u00f3 al 3-1 con el tanto de Bisanz que hab\u00eda ingresado a jugar hasta instantes. A todo esto Flandria apel\u00f3 a los cambios, que no alteraron el resultado con lo que fue derrota por 3-1 ante Atlanta.<\/p>\n<p>El equipo dirigido por Andr\u00e9s Montenegro qued\u00f3 al borde de ingresar en zona de descenso, posici\u00f3n 35\u00b0 con s\u00f3lo 5 puntos producto de un triunfo, dos empates y cinco traspi\u00e9s en lo que va de la Primera Nacional. Oportunidades habr\u00e1 para salir adelante, mientras tanto el equipo no aparece en cancha.<\/p>\n<p><strong>Flandria:<\/strong> Juan Lungarzo, Ferm\u00edn Antonini, Nicol\u00e1s Henry, Mariano Puch, Gast\u00f3n Mansilla, Tom\u00e1s Mantia, Benjam\u00edn Borasi, Juan Bottari, Nicol\u00e1s Ferreyra, Joaqu\u00edn Ib\u00e1\u00f1ez y Franco Tisera. <strong>DT:<\/strong> Andr\u00e9s Montenegro. <strong>Relevos:<\/strong> Yacaruso y Marchio.<\/p>\n<p><strong>Gol en el PT:<\/strong> A los 13\u2019 Borasi para Flandria y a los 44\u2019 Molina para Atlanta.<br \/>\n<strong>Gol en el ST:<\/strong> A los 8\u2019 Galeano y a los 9\u2019 Bisanz para Atlanta.<br \/>\n<strong>Cambios:<\/strong> Lautaro Gordillo por Ferreyra, Juli\u00e1n Ford por Tisera, Alejandro Gonz\u00e1lez por Mansilla, Juan Barbieri por Borasi y Mat\u00edas Montejano por \u00a0en \u00a0Flandria.<br \/>\n<strong>Arbitro:<\/strong> Sebasti\u00e1n Zunino.<br \/>\n<strong><br \/>\nPr\u00f3xima fecha<\/strong><br \/>\n<strong>S\u00e1bado 2 de abril<br \/>\nCancha:<\/strong> Carlos V.<br \/>\nA las 15.30 Flandria vs. San Mart\u00edn (San Juan).<br \/>\n<strong><br \/>\nCopa Argentina<\/strong><br \/>\nEl pr\u00f3ximo martes 5 de abril en cancha de Newll\u00b4s jugar\u00eda Flandria ante Sarmiento de Jun\u00edn por la Copa Argentina, \u00fanico encuentro que se celebrar\u00e1 en el Marcelo Bielsa en d\u00eda y horario a confirmar. El \u201cCanario\u201d llega al certamen por ser el \u00faltimo campe\u00f3n de la Primera B y la duda de la realizaci\u00f3n del partido pasa por los compromisos de uno y otro.<\/p>\n","protected":false},"excerpt":{"rendered":"<p>\u25a0 Si bien comenz\u00f3 ganando el encuentro Atlanta se lo empat\u00f3 en el cierre del primer tiempo. En una r\u00e1faga lo termin\u00f3 dando vuelta el local para lo que fue un 3 a 1. Queda con 5 puntos en ocho fechas. El s\u00e1bado el \u201cCanario\u201d recibe a San Mart\u00edn de San Juan y el martes jugar\u00eda por la Copa Argentina.<\/p>\n","protected":false},"author":6,"featured_media":87253,"comment_status":"open","ping_status":"open","sticky":false,"template":"","format":"standard","meta":{"footnotes":""},"categories":[5],"tags":[6424,283,11470],"class_list":["post-87252","post","type-post","status-publish","format-standard","has-post-thumbnail","hentry","category-deportes","tag-afa","tag-flandria","tag-primera-nacional"],"yoast_head":"<!-- This site is optimized with the Yoast SEO plugin v27.4 - https:\/\/yoast.com\/product\/yoast-seo-wordpress\/ -->\n<title>Flandria vuelve a sufrir otro traspi\u00e9<\/title>\n<meta name=\"robots\" content=\"index, follow, max-snippet:-1, max-image-preview:large, max-video-preview:-1\" \/>\n<link rel=\"canonical\" href=\"https:\/\/noticiasmercedinas.com\/site\/2022\/03\/28\/flandria-vuelve-a-sufrir-otro-traspie\/\" \/>\n<meta property=\"og:locale\" content=\"es_ES\" \/>\n<meta property=\"og:type\" content=\"article\" \/>\n<meta property=\"og:title\" content=\"Flandria vuelve a sufrir otro traspi\u00e9\" \/>\n<meta property=\"og:description\" content=\"\u25a0 Si bien comenz\u00f3 ganando el encuentro Atlanta se lo empat\u00f3 en el cierre del primer tiempo. En una r\u00e1faga lo termin\u00f3 dando vuelta el local para lo que fue un 3 a 1. Queda con 5 puntos en ocho fechas. El s\u00e1bado el \u201cCanario\u201d recibe a San Mart\u00edn de San Juan y el martes jugar\u00eda por la Copa Argentina.\" \/>\n<meta property=\"og:url\" content=\"https:\/\/noticiasmercedinas.com\/site\/2022\/03\/28\/flandria-vuelve-a-sufrir-otro-traspie\/\" \/>\n<meta property=\"og:site_name\" content=\"NOTICIASMERCEDINAS.COM\" \/>\n<meta property=\"article:publisher\" content=\"https:\/\/www.facebook.com\/noticiasmercedinas\/\" \/>\n<meta property=\"article:published_time\" content=\"2022-03-28T21:12:29+00:00\" \/>\n<meta property=\"og:image\" content=\"https:\/\/noticiasmercedinas.com\/site\/wp-content\/uploads\/2022\/03\/atlanta.jpg\" \/>\n\t<meta property=\"og:image:width\" content=\"640\" \/>\n\t<meta property=\"og:image:height\" content=\"445\" \/>\n\t<meta property=\"og:image:type\" content=\"image\/jpeg\" \/>\n<meta name=\"author\" content=\"Juan Dagnino NOTICIASMERCEDINAS.COM\" \/>\n<meta name=\"twitter:card\" content=\"summary_large_image\" \/>\n<meta name=\"twitter:creator\" content=\"@notmercedinas\" \/>\n<meta name=\"twitter:site\" content=\"@notmercedinas\" \/>\n<meta name=\"twitter:label1\" content=\"Escrito por\" \/>\n\t<meta name=\"twitter:data1\" content=\"Juan Dagnino NOTICIASMERCEDINAS.COM\" \/>\n\t<meta name=\"twitter:label2\" content=\"Tiempo de lectura\" \/>\n\t<meta name=\"twitter:data2\" content=\"3 minutos\" \/>\n<script type=\"application\/ld+json\" class=\"yoast-schema-graph\">{\"@context\":\"https:\\\/\\\/schema.org\",\"@graph\":[{\"@type\":\"Article\",\"@id\":\"https:\\\/\\\/noticiasmercedinas.com\\\/site\\\/2022\\\/03\\\/28\\\/flandria-vuelve-a-sufrir-otro-traspie\\\/#article\",\"isPartOf\":{\"@id\":\"https:\\\/\\\/noticiasmercedinas.com\\\/site\\\/2022\\\/03\\\/28\\\/flandria-vuelve-a-sufrir-otro-traspie\\\/\"},\"author\":{\"name\":\"Juan Dagnino NOTICIASMERCEDINAS.COM\",\"@id\":\"https:\\\/\\\/noticiasmercedinas.com\\\/site\\\/#\\\/schema\\\/person\\\/8f2f09d666ef40986eba4a5e6f2a06f9\"},\"headline\":\"Flandria vuelve a sufrir otro traspi\u00e9\",\"datePublished\":\"2022-03-28T21:12:29+00:00\",\"mainEntityOfPage\":{\"@id\":\"https:\\\/\\\/noticiasmercedinas.com\\\/site\\\/2022\\\/03\\\/28\\\/flandria-vuelve-a-sufrir-otro-traspie\\\/\"},\"wordCount\":458,\"commentCount\":0,\"publisher\":{\"@id\":\"https:\\\/\\\/noticiasmercedinas.com\\\/site\\\/#organization\"},\"image\":{\"@id\":\"https:\\\/\\\/noticiasmercedinas.com\\\/site\\\/2022\\\/03\\\/28\\\/flandria-vuelve-a-sufrir-otro-traspie\\\/#primaryimage\"},\"thumbnailUrl\":\"https:\\\/\\\/noticiasmercedinas.com\\\/site\\\/wp-content\\\/uploads\\\/2022\\\/03\\\/atlanta.jpg\",\"keywords\":[\"AFA\",\"flandria\",\"primera nacional\"],\"articleSection\":[\"Deportes\"],\"inLanguage\":\"es\",\"potentialAction\":[{\"@type\":\"CommentAction\",\"name\":\"Comment\",\"target\":[\"https:\\\/\\\/noticiasmercedinas.com\\\/site\\\/2022\\\/03\\\/28\\\/flandria-vuelve-a-sufrir-otro-traspie\\\/#respond\"]}]},{\"@type\":\"WebPage\",\"@id\":\"https:\\\/\\\/noticiasmercedinas.com\\\/site\\\/2022\\\/03\\\/28\\\/flandria-vuelve-a-sufrir-otro-traspie\\\/\",\"url\":\"https:\\\/\\\/noticiasmercedinas.com\\\/site\\\/2022\\\/03\\\/28\\\/flandria-vuelve-a-sufrir-otro-traspie\\\/\",\"name\":\"Flandria vuelve a sufrir otro traspi\u00e9\",\"isPartOf\":{\"@id\":\"https:\\\/\\\/noticiasmercedinas.com\\\/site\\\/#website\"},\"primaryImageOfPage\":{\"@id\":\"https:\\\/\\\/noticiasmercedinas.com\\\/site\\\/2022\\\/03\\\/28\\\/flandria-vuelve-a-sufrir-otro-traspie\\\/#primaryimage\"},\"image\":{\"@id\":\"https:\\\/\\\/noticiasmercedinas.com\\\/site\\\/2022\\\/03\\\/28\\\/flandria-vuelve-a-sufrir-otro-traspie\\\/#primaryimage\"},\"thumbnailUrl\":\"https:\\\/\\\/noticiasmercedinas.com\\\/site\\\/wp-content\\\/uploads\\\/2022\\\/03\\\/atlanta.jpg\",\"datePublished\":\"2022-03-28T21:12:29+00:00\",\"breadcrumb\":{\"@id\":\"https:\\\/\\\/noticiasmercedinas.com\\\/site\\\/2022\\\/03\\\/28\\\/flandria-vuelve-a-sufrir-otro-traspie\\\/#breadcrumb\"},\"inLanguage\":\"es\",\"potentialAction\":[{\"@type\":\"ReadAction\",\"target\":[\"https:\\\/\\\/noticiasmercedinas.com\\\/site\\\/2022\\\/03\\\/28\\\/flandria-vuelve-a-sufrir-otro-traspie\\\/\"]}]},{\"@type\":\"ImageObject\",\"inLanguage\":\"es\",\"@id\":\"https:\\\/\\\/noticiasmercedinas.com\\\/site\\\/2022\\\/03\\\/28\\\/flandria-vuelve-a-sufrir-otro-traspie\\\/#primaryimage\",\"url\":\"https:\\\/\\\/noticiasmercedinas.com\\\/site\\\/wp-content\\\/uploads\\\/2022\\\/03\\\/atlanta.jpg\",\"contentUrl\":\"https:\\\/\\\/noticiasmercedinas.com\\\/site\\\/wp-content\\\/uploads\\\/2022\\\/03\\\/atlanta.jpg\",\"width\":640,\"height\":445},{\"@type\":\"BreadcrumbList\",\"@id\":\"https:\\\/\\\/noticiasmercedinas.com\\\/site\\\/2022\\\/03\\\/28\\\/flandria-vuelve-a-sufrir-otro-traspie\\\/#breadcrumb\",\"itemListElement\":[{\"@type\":\"ListItem\",\"position\":1,\"name\":\"Portada\",\"item\":\"https:\\\/\\\/noticiasmercedinas.com\\\/site\\\/\"},{\"@type\":\"ListItem\",\"position\":2,\"name\":\"Flandria vuelve a sufrir otro traspi\u00e9\"}]},{\"@type\":\"WebSite\",\"@id\":\"https:\\\/\\\/noticiasmercedinas.com\\\/site\\\/#website\",\"url\":\"https:\\\/\\\/noticiasmercedinas.com\\\/site\\\/\",\"name\":\"NOTICIASMERCEDINAS.COM\",\"description\":\"Mercedes, Buenos Aires, Argentina\",\"publisher\":{\"@id\":\"https:\\\/\\\/noticiasmercedinas.com\\\/site\\\/#organization\"},\"potentialAction\":[{\"@type\":\"SearchAction\",\"target\":{\"@type\":\"EntryPoint\",\"urlTemplate\":\"https:\\\/\\\/noticiasmercedinas.com\\\/site\\\/?s={search_term_string}\"},\"query-input\":{\"@type\":\"PropertyValueSpecification\",\"valueRequired\":true,\"valueName\":\"search_term_string\"}}],\"inLanguage\":\"es\"},{\"@type\":\"Organization\",\"@id\":\"https:\\\/\\\/noticiasmercedinas.com\\\/site\\\/#organization\",\"name\":\"NOTICIASMERCEDINAS.COM\",\"url\":\"https:\\\/\\\/noticiasmercedinas.com\\\/site\\\/\",\"logo\":{\"@type\":\"ImageObject\",\"inLanguage\":\"es\",\"@id\":\"https:\\\/\\\/noticiasmercedinas.com\\\/site\\\/#\\\/schema\\\/logo\\\/image\\\/\",\"url\":\"https:\\\/\\\/noticiasmercedinas.com\\\/site\\\/wp-content\\\/uploads\\\/2020\\\/06\\\/LOGO-512.jpg\",\"contentUrl\":\"https:\\\/\\\/noticiasmercedinas.com\\\/site\\\/wp-content\\\/uploads\\\/2020\\\/06\\\/LOGO-512.jpg\",\"width\":512,\"height\":512,\"caption\":\"NOTICIASMERCEDINAS.COM\"},\"image\":{\"@id\":\"https:\\\/\\\/noticiasmercedinas.com\\\/site\\\/#\\\/schema\\\/logo\\\/image\\\/\"},\"sameAs\":[\"https:\\\/\\\/www.facebook.com\\\/noticiasmercedinas\\\/\",\"https:\\\/\\\/x.com\\\/notmercedinas\",\"https:\\\/\\\/www.instagram.com\\\/noticiasmercedinas\\\/\"]},{\"@type\":\"Person\",\"@id\":\"https:\\\/\\\/noticiasmercedinas.com\\\/site\\\/#\\\/schema\\\/person\\\/8f2f09d666ef40986eba4a5e6f2a06f9\",\"name\":\"Juan Dagnino NOTICIASMERCEDINAS.COM\",\"image\":{\"@type\":\"ImageObject\",\"inLanguage\":\"es\",\"@id\":\"https:\\\/\\\/secure.gravatar.com\\\/avatar\\\/fc7059a769f5a3cae65fadb228a3e4accf3a64b4b2305020d0a27e6d5333c91b?s=96&d=mm&r=g\",\"url\":\"https:\\\/\\\/secure.gravatar.com\\\/avatar\\\/fc7059a769f5a3cae65fadb228a3e4accf3a64b4b2305020d0a27e6d5333c91b?s=96&d=mm&r=g\",\"contentUrl\":\"https:\\\/\\\/secure.gravatar.com\\\/avatar\\\/fc7059a769f5a3cae65fadb228a3e4accf3a64b4b2305020d0a27e6d5333c91b?s=96&d=mm&r=g\",\"caption\":\"Juan Dagnino NOTICIASMERCEDINAS.COM\"},\"url\":\"https:\\\/\\\/noticiasmercedinas.com\\\/site\\\/author\\\/juandagnino\\\/\"}]}<\/script>\n<!-- \/ Yoast SEO plugin. -->","yoast_head_json":{"title":"Flandria vuelve a sufrir otro traspi\u00e9","robots":{"index":"index","follow":"follow","max-snippet":"max-snippet:-1","max-image-preview":"max-image-preview:large","max-video-preview":"max-video-preview:-1"},"canonical":"https:\/\/noticiasmercedinas.com\/site\/2022\/03\/28\/flandria-vuelve-a-sufrir-otro-traspie\/","og_locale":"es_ES","og_type":"article","og_title":"Flandria vuelve a sufrir otro traspi\u00e9","og_description":"\u25a0 Si bien comenz\u00f3 ganando el encuentro Atlanta se lo empat\u00f3 en el cierre del primer tiempo. En una r\u00e1faga lo termin\u00f3 dando vuelta el local para lo que fue un 3 a 1. Queda con 5 puntos en ocho fechas. El s\u00e1bado el \u201cCanario\u201d recibe a San Mart\u00edn de San Juan y el martes jugar\u00eda por la Copa Argentina.","og_url":"https:\/\/noticiasmercedinas.com\/site\/2022\/03\/28\/flandria-vuelve-a-sufrir-otro-traspie\/","og_site_name":"NOTICIASMERCEDINAS.COM","article_publisher":"https:\/\/www.facebook.com\/noticiasmercedinas\/","article_published_time":"2022-03-28T21:12:29+00:00","og_image":[{"width":640,"height":445,"url":"https:\/\/noticiasmercedinas.com\/site\/wp-content\/uploads\/2022\/03\/atlanta.jpg","type":"image\/jpeg"}],"author":"Juan Dagnino NOTICIASMERCEDINAS.COM","twitter_card":"summary_large_image","twitter_creator":"@notmercedinas","twitter_site":"@notmercedinas","twitter_misc":{"Escrito por":"Juan Dagnino NOTICIASMERCEDINAS.COM","Tiempo de lectura":"3 minutos"},"schema":{"@context":"https:\/\/schema.org","@graph":[{"@type":"Article","@id":"https:\/\/noticiasmercedinas.com\/site\/2022\/03\/28\/flandria-vuelve-a-sufrir-otro-traspie\/#article","isPartOf":{"@id":"https:\/\/noticiasmercedinas.com\/site\/2022\/03\/28\/flandria-vuelve-a-sufrir-otro-traspie\/"},"author":{"name":"Juan Dagnino NOTICIASMERCEDINAS.COM","@id":"https:\/\/noticiasmercedinas.com\/site\/#\/schema\/person\/8f2f09d666ef40986eba4a5e6f2a06f9"},"headline":"Flandria vuelve a sufrir otro traspi\u00e9","datePublished":"2022-03-28T21:12:29+00:00","mainEntityOfPage":{"@id":"https:\/\/noticiasmercedinas.com\/site\/2022\/03\/28\/flandria-vuelve-a-sufrir-otro-traspie\/"},"wordCount":458,"commentCount":0,"publisher":{"@id":"https:\/\/noticiasmercedinas.com\/site\/#organization"},"image":{"@id":"https:\/\/noticiasmercedinas.com\/site\/2022\/03\/28\/flandria-vuelve-a-sufrir-otro-traspie\/#primaryimage"},"thumbnailUrl":"https:\/\/noticiasmercedinas.com\/site\/wp-content\/uploads\/2022\/03\/atlanta.jpg","keywords":["AFA","flandria","primera nacional"],"articleSection":["Deportes"],"inLanguage":"es","potentialAction":[{"@type":"CommentAction","name":"Comment","target":["https:\/\/noticiasmercedinas.com\/site\/2022\/03\/28\/flandria-vuelve-a-sufrir-otro-traspie\/#respond"]}]},{"@type":"WebPage","@id":"https:\/\/noticiasmercedinas.com\/site\/2022\/03\/28\/flandria-vuelve-a-sufrir-otro-traspie\/","url":"https:\/\/noticiasmercedinas.com\/site\/2022\/03\/28\/flandria-vuelve-a-sufrir-otro-traspie\/","name":"Flandria vuelve a sufrir otro traspi\u00e9","isPartOf":{"@id":"https:\/\/noticiasmercedinas.com\/site\/#website"},"primaryImageOfPage":{"@id":"https:\/\/noticiasmercedinas.com\/site\/2022\/03\/28\/flandria-vuelve-a-sufrir-otro-traspie\/#primaryimage"},"image":{"@id":"https:\/\/noticiasmercedinas.com\/site\/2022\/03\/28\/flandria-vuelve-a-sufrir-otro-traspie\/#primaryimage"},"thumbnailUrl":"https:\/\/noticiasmercedinas.com\/site\/wp-content\/uploads\/2022\/03\/atlanta.jpg","datePublished":"2022-03-28T21:12:29+00:00","breadcrumb":{"@id":"https:\/\/noticiasmercedinas.com\/site\/2022\/03\/28\/flandria-vuelve-a-sufrir-otro-traspie\/#breadcrumb"},"inLanguage":"es","potentialAction":[{"@type":"ReadAction","target":["https:\/\/noticiasmercedinas.com\/site\/2022\/03\/28\/flandria-vuelve-a-sufrir-otro-traspie\/"]}]},{"@type":"ImageObject","inLanguage":"es","@id":"https:\/\/noticiasmercedinas.com\/site\/2022\/03\/28\/flandria-vuelve-a-sufrir-otro-traspie\/#primaryimage","url":"https:\/\/noticiasmercedinas.com\/site\/wp-content\/uploads\/2022\/03\/atlanta.jpg","contentUrl":"https:\/\/noticiasmercedinas.com\/site\/wp-content\/uploads\/2022\/03\/atlanta.jpg","width":640,"height":445},{"@type":"BreadcrumbList","@id":"https:\/\/noticiasmercedinas.com\/site\/2022\/03\/28\/flandria-vuelve-a-sufrir-otro-traspie\/#breadcrumb","itemListElement":[{"@type":"ListItem","position":1,"name":"Portada","item":"https:\/\/noticiasmercedinas.com\/site\/"},{"@type":"ListItem","position":2,"name":"Flandria vuelve a sufrir otro traspi\u00e9"}]},{"@type":"WebSite","@id":"https:\/\/noticiasmercedinas.com\/site\/#website","url":"https:\/\/noticiasmercedinas.com\/site\/","name":"NOTICIASMERCEDINAS.COM","description":"Mercedes, Buenos Aires, Argentina","publisher":{"@id":"https:\/\/noticiasmercedinas.com\/site\/#organization"},"potentialAction":[{"@type":"SearchAction","target":{"@type":"EntryPoint","urlTemplate":"https:\/\/noticiasmercedinas.com\/site\/?s={search_term_string}"},"query-input":{"@type":"PropertyValueSpecification","valueRequired":true,"valueName":"search_term_string"}}],"inLanguage":"es"},{"@type":"Organization","@id":"https:\/\/noticiasmercedinas.com\/site\/#organization","name":"NOTICIASMERCEDINAS.COM","url":"https:\/\/noticiasmercedinas.com\/site\/","logo":{"@type":"ImageObject","inLanguage":"es","@id":"https:\/\/noticiasmercedinas.com\/site\/#\/schema\/logo\/image\/","url":"https:\/\/noticiasmercedinas.com\/site\/wp-content\/uploads\/2020\/06\/LOGO-512.jpg","contentUrl":"https:\/\/noticiasmercedinas.com\/site\/wp-content\/uploads\/2020\/06\/LOGO-512.jpg","width":512,"height":512,"caption":"NOTICIASMERCEDINAS.COM"},"image":{"@id":"https:\/\/noticiasmercedinas.com\/site\/#\/schema\/logo\/image\/"},"sameAs":["https:\/\/www.facebook.com\/noticiasmercedinas\/","https:\/\/x.com\/notmercedinas","https:\/\/www.instagram.com\/noticiasmercedinas\/"]},{"@type":"Person","@id":"https:\/\/noticiasmercedinas.com\/site\/#\/schema\/person\/8f2f09d666ef40986eba4a5e6f2a06f9","name":"Juan Dagnino NOTICIASMERCEDINAS.COM","image":{"@type":"ImageObject","inLanguage":"es","@id":"https:\/\/secure.gravatar.com\/avatar\/fc7059a769f5a3cae65fadb228a3e4accf3a64b4b2305020d0a27e6d5333c91b?s=96&d=mm&r=g","url":"https:\/\/secure.gravatar.com\/avatar\/fc7059a769f5a3cae65fadb228a3e4accf3a64b4b2305020d0a27e6d5333c91b?s=96&d=mm&r=g","contentUrl":"https:\/\/secure.gravatar.com\/avatar\/fc7059a769f5a3cae65fadb228a3e4accf3a64b4b2305020d0a27e6d5333c91b?s=96&d=mm&r=g","caption":"Juan Dagnino NOTICIASMERCEDINAS.COM"},"url":"https:\/\/noticiasmercedinas.com\/site\/author\/juandagnino\/"}]}},"amp_enabled":true,"_links":{"self":[{"href":"https:\/\/noticiasmercedinas.com\/site\/wp-json\/wp\/v2\/posts\/87252","targetHints":{"allow":["GET"]}}],"collection":[{"href":"https:\/\/noticiasmercedinas.com\/site\/wp-json\/wp\/v2\/posts"}],"about":[{"href":"https:\/\/noticiasmercedinas.com\/site\/wp-json\/wp\/v2\/types\/post"}],"author":[{"embeddable":true,"href":"https:\/\/noticiasmercedinas.com\/site\/wp-json\/wp\/v2\/users\/6"}],"replies":[{"embeddable":true,"href":"https:\/\/noticiasmercedinas.com\/site\/wp-json\/wp\/v2\/comments?post=87252"}],"version-history":[{"count":1,"href":"https:\/\/noticiasmercedinas.com\/site\/wp-json\/wp\/v2\/posts\/87252\/revisions"}],"predecessor-version":[{"id":87254,"href":"https:\/\/noticiasmercedinas.com\/site\/wp-json\/wp\/v2\/posts\/87252\/revisions\/87254"}],"wp:featuredmedia":[{"embeddable":true,"href":"https:\/\/noticiasmercedinas.com\/site\/wp-json\/wp\/v2\/media\/87253"}],"wp:attachment":[{"href":"https:\/\/noticiasmercedinas.com\/site\/wp-json\/wp\/v2\/media?parent=87252"}],"wp:term":[{"taxonomy":"category","embeddable":true,"href":"https:\/\/noticiasmercedinas.com\/site\/wp-json\/wp\/v2\/categories?post=87252"},{"taxonomy":"post_tag","embeddable":true,"href":"https:\/\/noticiasmercedinas.com\/site\/wp-json\/wp\/v2\/tags?post=87252"}],"curies":[{"name":"wp","href":"https:\/\/api.w.org\/{rel}","templated":true}]}}