{"id":87455,"date":"2022-04-01T08:14:29","date_gmt":"2022-04-01T11:14:29","guid":{"rendered":"https:\/\/noticiasmercedinas.com\/site\/?p=87455"},"modified":"2022-04-01T08:14:29","modified_gmt":"2022-04-01T11:14:29","slug":"se-da-a-conocer-el-primer-corte-del-disco-de-jo-marcel","status":"publish","type":"post","link":"https:\/\/noticiasmercedinas.com\/site\/2022\/04\/01\/se-da-a-conocer-el-primer-corte-del-disco-de-jo-marcel\/","title":{"rendered":"Se da a conocer el primer corte del disco de Jo Marcel"},"content":{"rendered":"<p>Una breve y emotiva balada de 3 minutos de autor\u00eda de Mochhi y Luis Volcoff es el primer corte que se conoce del nuevo disco de Jo Marcel que est\u00e1 por ver la luz.<\/p>\n<p>Se trata de \u201cHora Puente\u201d, una canci\u00f3n que incluye video promocional y, seg\u00fan cont\u00f3 su int\u00e9rprete, \u201camo con todo mi coraz\u00f3n y significa mucho para m\u00ed\u201d.<\/p>\n<p>En este sentido, Josefina est\u00e1 invitando a quienes quieran acompa\u00f1arla en este lanzamiento lo hagan accediendo al link: <a href=\"https:\/\/youtu.be\/tdYxYEmWpQ0\">https:\/\/youtu.be\/tdYxYEmWpQ0<\/a><\/p>\n<p>La canci\u00f3n promocional es de autor\u00eda de Mocchi &amp; Luis Volcoff, fue producida por Fran Ram\u00edrez, mezclada y masterizada por Gabriel Busso, cuenta con guitarra y voz de Jo Marcel, y al piano lo ejecuta Franco Di Catarina.<\/p>\n<p><em><strong>\u201cHora puente\u201d<\/strong><\/em><br \/>\n<em>Canta la soledad, llena ning\u00fan vac\u00edo<\/em><br \/>\n<em>me habla esta canci\u00f3n, el sol ser\u00e1 testigo<\/em><br \/>\n<em>A veces canto yo, y a veces el camino<\/em><\/p>\n<p><em>Baila el oto\u00f1o ah\u00ed, donde nos conocimos<\/em><br \/>\n<em>quisiera comenzar un nuevo a\u00f1o contigo<\/em><br \/>\n<em>Se estremece el amor, si lo miras de frente<\/em><br \/>\n<em>abraza y da calor, ser\u00e1 que somos gente<\/em><\/p>\n<p><em>R\u00ede la libertad cuando me ve contigo,<\/em><br \/>\n<em>grita la humanidad, festeja nuestro abrigo<\/em><br \/>\n<em>susurra el coraz\u00f3n, y nos aleja el ruido<\/em><br \/>\n<em>quisiera compartir un nuevo a\u00f1o contigo.<\/em><\/p>\n<p><em>Baila la confusi\u00f3n, cuando no tapa el r\u00edo<\/em><br \/>\n<em>el agua que me das, dibuja el recorrido<\/em><br \/>\n<em>No quiero manejar lo que querr\u00e1s conmigo<\/em><br \/>\n<em>quisiera compartir mi hora puente contigo<\/em><\/p>\n<p><em>Canta la oscuridad, se abre el desaf\u00edo<\/em><br \/>\n<em>qu\u00e9 importa no saber, siempre seremos ni\u00f1os<\/em><br \/>\n<em>Y pienso en no pensar, y me devora el fr\u00edo<\/em><br \/>\n<em>un d\u00eda contar\u00e9 lo que crec\u00ed contigo<\/em><\/p>\n","protected":false},"excerpt":{"rendered":"<p>\u25a0 Se trata de \u201cHora Puente\u201d, una canci\u00f3n que incluye video promocional y, seg\u00fan cont\u00f3 su int\u00e9rprete, \u201camo con todo mi coraz\u00f3n y significa mucho para m\u00ed\u201d.<\/p>\n","protected":false},"author":16,"featured_media":87456,"comment_status":"open","ping_status":"open","sticky":false,"template":"","format":"video","meta":{"footnotes":""},"categories":[4],"tags":[9028,1161,5741,88],"class_list":["post-87455","post","type-post","status-publish","format-video","has-post-thumbnail","hentry","category-cultura","tag-jo-marcel","tag-josefina-marcel","tag-luciana-mocchi","tag-musica","post_format-post-format-video"],"yoast_head":"<!-- This site is optimized with the Yoast SEO plugin v27.4 - https:\/\/yoast.com\/product\/yoast-seo-wordpress\/ -->\n<title>Se da a conocer el primer corte del disco de Jo Marcel<\/title>\n<meta name=\"robots\" content=\"index, follow, max-snippet:-1, max-image-preview:large, max-video-preview:-1\" \/>\n<link rel=\"canonical\" href=\"https:\/\/noticiasmercedinas.com\/site\/2022\/04\/01\/se-da-a-conocer-el-primer-corte-del-disco-de-jo-marcel\/\" \/>\n<meta property=\"og:locale\" content=\"es_ES\" \/>\n<meta property=\"og:type\" content=\"article\" \/>\n<meta property=\"og:title\" content=\"Se da a conocer el primer corte del disco de Jo Marcel\" \/>\n<meta property=\"og:description\" content=\"\u25a0 Se trata de \u201cHora Puente\u201d, una canci\u00f3n que incluye video promocional y, seg\u00fan cont\u00f3 su int\u00e9rprete, \u201camo con todo mi coraz\u00f3n y significa mucho para m\u00ed\u201d.\" \/>\n<meta property=\"og:url\" content=\"https:\/\/noticiasmercedinas.com\/site\/2022\/04\/01\/se-da-a-conocer-el-primer-corte-del-disco-de-jo-marcel\/\" \/>\n<meta property=\"og:site_name\" content=\"NOTICIASMERCEDINAS.COM\" \/>\n<meta property=\"article:publisher\" content=\"https:\/\/www.facebook.com\/noticiasmercedinas\/\" \/>\n<meta property=\"article:published_time\" content=\"2022-04-01T11:14:29+00:00\" \/>\n<meta property=\"og:image\" content=\"https:\/\/noticiasmercedinas.com\/site\/wp-content\/uploads\/2022\/04\/jomarcel.jpg\" \/>\n\t<meta property=\"og:image:width\" content=\"640\" \/>\n\t<meta property=\"og:image:height\" content=\"441\" \/>\n\t<meta property=\"og:image:type\" content=\"image\/jpeg\" \/>\n<meta name=\"author\" content=\"NOTICIASMERCEDINAS.COM\" \/>\n<meta name=\"twitter:card\" content=\"summary_large_image\" \/>\n<meta name=\"twitter:creator\" content=\"@notmercedinas\" \/>\n<meta name=\"twitter:site\" content=\"@notmercedinas\" \/>\n<meta name=\"twitter:label1\" content=\"Escrito por\" \/>\n\t<meta name=\"twitter:data1\" content=\"NOTICIASMERCEDINAS.COM\" \/>\n\t<meta name=\"twitter:label2\" content=\"Tiempo de lectura\" \/>\n\t<meta name=\"twitter:data2\" content=\"2 minutos\" \/>\n<script type=\"application\/ld+json\" class=\"yoast-schema-graph\">{\"@context\":\"https:\\\/\\\/schema.org\",\"@graph\":[{\"@type\":\"Article\",\"@id\":\"https:\\\/\\\/noticiasmercedinas.com\\\/site\\\/2022\\\/04\\\/01\\\/se-da-a-conocer-el-primer-corte-del-disco-de-jo-marcel\\\/#article\",\"isPartOf\":{\"@id\":\"https:\\\/\\\/noticiasmercedinas.com\\\/site\\\/2022\\\/04\\\/01\\\/se-da-a-conocer-el-primer-corte-del-disco-de-jo-marcel\\\/\"},\"author\":{\"name\":\"NOTICIASMERCEDINAS.COM\",\"@id\":\"https:\\\/\\\/noticiasmercedinas.com\\\/site\\\/#\\\/schema\\\/person\\\/84b59c099c28ff2e8b77d4ceec5d8063\"},\"headline\":\"Se da a conocer el primer corte del disco de Jo Marcel\",\"datePublished\":\"2022-04-01T11:14:29+00:00\",\"mainEntityOfPage\":{\"@id\":\"https:\\\/\\\/noticiasmercedinas.com\\\/site\\\/2022\\\/04\\\/01\\\/se-da-a-conocer-el-primer-corte-del-disco-de-jo-marcel\\\/\"},\"wordCount\":297,\"commentCount\":0,\"publisher\":{\"@id\":\"https:\\\/\\\/noticiasmercedinas.com\\\/site\\\/#organization\"},\"image\":{\"@id\":\"https:\\\/\\\/noticiasmercedinas.com\\\/site\\\/2022\\\/04\\\/01\\\/se-da-a-conocer-el-primer-corte-del-disco-de-jo-marcel\\\/#primaryimage\"},\"thumbnailUrl\":\"https:\\\/\\\/noticiasmercedinas.com\\\/site\\\/wp-content\\\/uploads\\\/2022\\\/04\\\/jomarcel.jpg\",\"keywords\":[\"jo Marcel\",\"josefina marcel\",\"Luciana Mocchi\",\"musica\"],\"articleSection\":[\"Cultura\"],\"inLanguage\":\"es\",\"potentialAction\":[{\"@type\":\"CommentAction\",\"name\":\"Comment\",\"target\":[\"https:\\\/\\\/noticiasmercedinas.com\\\/site\\\/2022\\\/04\\\/01\\\/se-da-a-conocer-el-primer-corte-del-disco-de-jo-marcel\\\/#respond\"]}]},{\"@type\":\"WebPage\",\"@id\":\"https:\\\/\\\/noticiasmercedinas.com\\\/site\\\/2022\\\/04\\\/01\\\/se-da-a-conocer-el-primer-corte-del-disco-de-jo-marcel\\\/\",\"url\":\"https:\\\/\\\/noticiasmercedinas.com\\\/site\\\/2022\\\/04\\\/01\\\/se-da-a-conocer-el-primer-corte-del-disco-de-jo-marcel\\\/\",\"name\":\"Se da a conocer el primer corte del disco de Jo Marcel\",\"isPartOf\":{\"@id\":\"https:\\\/\\\/noticiasmercedinas.com\\\/site\\\/#website\"},\"primaryImageOfPage\":{\"@id\":\"https:\\\/\\\/noticiasmercedinas.com\\\/site\\\/2022\\\/04\\\/01\\\/se-da-a-conocer-el-primer-corte-del-disco-de-jo-marcel\\\/#primaryimage\"},\"image\":{\"@id\":\"https:\\\/\\\/noticiasmercedinas.com\\\/site\\\/2022\\\/04\\\/01\\\/se-da-a-conocer-el-primer-corte-del-disco-de-jo-marcel\\\/#primaryimage\"},\"thumbnailUrl\":\"https:\\\/\\\/noticiasmercedinas.com\\\/site\\\/wp-content\\\/uploads\\\/2022\\\/04\\\/jomarcel.jpg\",\"datePublished\":\"2022-04-01T11:14:29+00:00\",\"breadcrumb\":{\"@id\":\"https:\\\/\\\/noticiasmercedinas.com\\\/site\\\/2022\\\/04\\\/01\\\/se-da-a-conocer-el-primer-corte-del-disco-de-jo-marcel\\\/#breadcrumb\"},\"inLanguage\":\"es\",\"potentialAction\":[{\"@type\":\"ReadAction\",\"target\":[\"https:\\\/\\\/noticiasmercedinas.com\\\/site\\\/2022\\\/04\\\/01\\\/se-da-a-conocer-el-primer-corte-del-disco-de-jo-marcel\\\/\"]}]},{\"@type\":\"ImageObject\",\"inLanguage\":\"es\",\"@id\":\"https:\\\/\\\/noticiasmercedinas.com\\\/site\\\/2022\\\/04\\\/01\\\/se-da-a-conocer-el-primer-corte-del-disco-de-jo-marcel\\\/#primaryimage\",\"url\":\"https:\\\/\\\/noticiasmercedinas.com\\\/site\\\/wp-content\\\/uploads\\\/2022\\\/04\\\/jomarcel.jpg\",\"contentUrl\":\"https:\\\/\\\/noticiasmercedinas.com\\\/site\\\/wp-content\\\/uploads\\\/2022\\\/04\\\/jomarcel.jpg\",\"width\":640,\"height\":441},{\"@type\":\"BreadcrumbList\",\"@id\":\"https:\\\/\\\/noticiasmercedinas.com\\\/site\\\/2022\\\/04\\\/01\\\/se-da-a-conocer-el-primer-corte-del-disco-de-jo-marcel\\\/#breadcrumb\",\"itemListElement\":[{\"@type\":\"ListItem\",\"position\":1,\"name\":\"Portada\",\"item\":\"https:\\\/\\\/noticiasmercedinas.com\\\/site\\\/\"},{\"@type\":\"ListItem\",\"position\":2,\"name\":\"Se da a conocer el primer corte del disco de Jo Marcel\"}]},{\"@type\":\"WebSite\",\"@id\":\"https:\\\/\\\/noticiasmercedinas.com\\\/site\\\/#website\",\"url\":\"https:\\\/\\\/noticiasmercedinas.com\\\/site\\\/\",\"name\":\"NOTICIASMERCEDINAS.COM\",\"description\":\"Mercedes, Buenos Aires, Argentina\",\"publisher\":{\"@id\":\"https:\\\/\\\/noticiasmercedinas.com\\\/site\\\/#organization\"},\"potentialAction\":[{\"@type\":\"SearchAction\",\"target\":{\"@type\":\"EntryPoint\",\"urlTemplate\":\"https:\\\/\\\/noticiasmercedinas.com\\\/site\\\/?s={search_term_string}\"},\"query-input\":{\"@type\":\"PropertyValueSpecification\",\"valueRequired\":true,\"valueName\":\"search_term_string\"}}],\"inLanguage\":\"es\"},{\"@type\":\"Organization\",\"@id\":\"https:\\\/\\\/noticiasmercedinas.com\\\/site\\\/#organization\",\"name\":\"NOTICIASMERCEDINAS.COM\",\"url\":\"https:\\\/\\\/noticiasmercedinas.com\\\/site\\\/\",\"logo\":{\"@type\":\"ImageObject\",\"inLanguage\":\"es\",\"@id\":\"https:\\\/\\\/noticiasmercedinas.com\\\/site\\\/#\\\/schema\\\/logo\\\/image\\\/\",\"url\":\"https:\\\/\\\/noticiasmercedinas.com\\\/site\\\/wp-content\\\/uploads\\\/2020\\\/06\\\/LOGO-512.jpg\",\"contentUrl\":\"https:\\\/\\\/noticiasmercedinas.com\\\/site\\\/wp-content\\\/uploads\\\/2020\\\/06\\\/LOGO-512.jpg\",\"width\":512,\"height\":512,\"caption\":\"NOTICIASMERCEDINAS.COM\"},\"image\":{\"@id\":\"https:\\\/\\\/noticiasmercedinas.com\\\/site\\\/#\\\/schema\\\/logo\\\/image\\\/\"},\"sameAs\":[\"https:\\\/\\\/www.facebook.com\\\/noticiasmercedinas\\\/\",\"https:\\\/\\\/x.com\\\/notmercedinas\",\"https:\\\/\\\/www.instagram.com\\\/noticiasmercedinas\\\/\"]},{\"@type\":\"Person\",\"@id\":\"https:\\\/\\\/noticiasmercedinas.com\\\/site\\\/#\\\/schema\\\/person\\\/84b59c099c28ff2e8b77d4ceec5d8063\",\"name\":\"NOTICIASMERCEDINAS.COM\",\"image\":{\"@type\":\"ImageObject\",\"inLanguage\":\"es\",\"@id\":\"https:\\\/\\\/secure.gravatar.com\\\/avatar\\\/4dfbf16b4d17945bfb6341b2d19043457132fcf478a5ee04f42e959fd8f5df0a?s=96&d=mm&r=g\",\"url\":\"https:\\\/\\\/secure.gravatar.com\\\/avatar\\\/4dfbf16b4d17945bfb6341b2d19043457132fcf478a5ee04f42e959fd8f5df0a?s=96&d=mm&r=g\",\"contentUrl\":\"https:\\\/\\\/secure.gravatar.com\\\/avatar\\\/4dfbf16b4d17945bfb6341b2d19043457132fcf478a5ee04f42e959fd8f5df0a?s=96&d=mm&r=g\",\"caption\":\"NOTICIASMERCEDINAS.COM\"},\"url\":\"https:\\\/\\\/noticiasmercedinas.com\\\/site\\\/author\\\/anonimo\\\/\"}]}<\/script>\n<!-- \/ Yoast SEO plugin. -->","yoast_head_json":{"title":"Se da a conocer el primer corte del disco de Jo Marcel","robots":{"index":"index","follow":"follow","max-snippet":"max-snippet:-1","max-image-preview":"max-image-preview:large","max-video-preview":"max-video-preview:-1"},"canonical":"https:\/\/noticiasmercedinas.com\/site\/2022\/04\/01\/se-da-a-conocer-el-primer-corte-del-disco-de-jo-marcel\/","og_locale":"es_ES","og_type":"article","og_title":"Se da a conocer el primer corte del disco de Jo Marcel","og_description":"\u25a0 Se trata de \u201cHora Puente\u201d, una canci\u00f3n que incluye video promocional y, seg\u00fan cont\u00f3 su int\u00e9rprete, \u201camo con todo mi coraz\u00f3n y significa mucho para m\u00ed\u201d.","og_url":"https:\/\/noticiasmercedinas.com\/site\/2022\/04\/01\/se-da-a-conocer-el-primer-corte-del-disco-de-jo-marcel\/","og_site_name":"NOTICIASMERCEDINAS.COM","article_publisher":"https:\/\/www.facebook.com\/noticiasmercedinas\/","article_published_time":"2022-04-01T11:14:29+00:00","og_image":[{"width":640,"height":441,"url":"https:\/\/noticiasmercedinas.com\/site\/wp-content\/uploads\/2022\/04\/jomarcel.jpg","type":"image\/jpeg"}],"author":"NOTICIASMERCEDINAS.COM","twitter_card":"summary_large_image","twitter_creator":"@notmercedinas","twitter_site":"@notmercedinas","twitter_misc":{"Escrito por":"NOTICIASMERCEDINAS.COM","Tiempo de lectura":"2 minutos"},"schema":{"@context":"https:\/\/schema.org","@graph":[{"@type":"Article","@id":"https:\/\/noticiasmercedinas.com\/site\/2022\/04\/01\/se-da-a-conocer-el-primer-corte-del-disco-de-jo-marcel\/#article","isPartOf":{"@id":"https:\/\/noticiasmercedinas.com\/site\/2022\/04\/01\/se-da-a-conocer-el-primer-corte-del-disco-de-jo-marcel\/"},"author":{"name":"NOTICIASMERCEDINAS.COM","@id":"https:\/\/noticiasmercedinas.com\/site\/#\/schema\/person\/84b59c099c28ff2e8b77d4ceec5d8063"},"headline":"Se da a conocer el primer corte del disco de Jo Marcel","datePublished":"2022-04-01T11:14:29+00:00","mainEntityOfPage":{"@id":"https:\/\/noticiasmercedinas.com\/site\/2022\/04\/01\/se-da-a-conocer-el-primer-corte-del-disco-de-jo-marcel\/"},"wordCount":297,"commentCount":0,"publisher":{"@id":"https:\/\/noticiasmercedinas.com\/site\/#organization"},"image":{"@id":"https:\/\/noticiasmercedinas.com\/site\/2022\/04\/01\/se-da-a-conocer-el-primer-corte-del-disco-de-jo-marcel\/#primaryimage"},"thumbnailUrl":"https:\/\/noticiasmercedinas.com\/site\/wp-content\/uploads\/2022\/04\/jomarcel.jpg","keywords":["jo Marcel","josefina marcel","Luciana Mocchi","musica"],"articleSection":["Cultura"],"inLanguage":"es","potentialAction":[{"@type":"CommentAction","name":"Comment","target":["https:\/\/noticiasmercedinas.com\/site\/2022\/04\/01\/se-da-a-conocer-el-primer-corte-del-disco-de-jo-marcel\/#respond"]}]},{"@type":"WebPage","@id":"https:\/\/noticiasmercedinas.com\/site\/2022\/04\/01\/se-da-a-conocer-el-primer-corte-del-disco-de-jo-marcel\/","url":"https:\/\/noticiasmercedinas.com\/site\/2022\/04\/01\/se-da-a-conocer-el-primer-corte-del-disco-de-jo-marcel\/","name":"Se da a conocer el primer corte del disco de Jo Marcel","isPartOf":{"@id":"https:\/\/noticiasmercedinas.com\/site\/#website"},"primaryImageOfPage":{"@id":"https:\/\/noticiasmercedinas.com\/site\/2022\/04\/01\/se-da-a-conocer-el-primer-corte-del-disco-de-jo-marcel\/#primaryimage"},"image":{"@id":"https:\/\/noticiasmercedinas.com\/site\/2022\/04\/01\/se-da-a-conocer-el-primer-corte-del-disco-de-jo-marcel\/#primaryimage"},"thumbnailUrl":"https:\/\/noticiasmercedinas.com\/site\/wp-content\/uploads\/2022\/04\/jomarcel.jpg","datePublished":"2022-04-01T11:14:29+00:00","breadcrumb":{"@id":"https:\/\/noticiasmercedinas.com\/site\/2022\/04\/01\/se-da-a-conocer-el-primer-corte-del-disco-de-jo-marcel\/#breadcrumb"},"inLanguage":"es","potentialAction":[{"@type":"ReadAction","target":["https:\/\/noticiasmercedinas.com\/site\/2022\/04\/01\/se-da-a-conocer-el-primer-corte-del-disco-de-jo-marcel\/"]}]},{"@type":"ImageObject","inLanguage":"es","@id":"https:\/\/noticiasmercedinas.com\/site\/2022\/04\/01\/se-da-a-conocer-el-primer-corte-del-disco-de-jo-marcel\/#primaryimage","url":"https:\/\/noticiasmercedinas.com\/site\/wp-content\/uploads\/2022\/04\/jomarcel.jpg","contentUrl":"https:\/\/noticiasmercedinas.com\/site\/wp-content\/uploads\/2022\/04\/jomarcel.jpg","width":640,"height":441},{"@type":"BreadcrumbList","@id":"https:\/\/noticiasmercedinas.com\/site\/2022\/04\/01\/se-da-a-conocer-el-primer-corte-del-disco-de-jo-marcel\/#breadcrumb","itemListElement":[{"@type":"ListItem","position":1,"name":"Portada","item":"https:\/\/noticiasmercedinas.com\/site\/"},{"@type":"ListItem","position":2,"name":"Se da a conocer el primer corte del disco de Jo Marcel"}]},{"@type":"WebSite","@id":"https:\/\/noticiasmercedinas.com\/site\/#website","url":"https:\/\/noticiasmercedinas.com\/site\/","name":"NOTICIASMERCEDINAS.COM","description":"Mercedes, Buenos Aires, Argentina","publisher":{"@id":"https:\/\/noticiasmercedinas.com\/site\/#organization"},"potentialAction":[{"@type":"SearchAction","target":{"@type":"EntryPoint","urlTemplate":"https:\/\/noticiasmercedinas.com\/site\/?s={search_term_string}"},"query-input":{"@type":"PropertyValueSpecification","valueRequired":true,"valueName":"search_term_string"}}],"inLanguage":"es"},{"@type":"Organization","@id":"https:\/\/noticiasmercedinas.com\/site\/#organization","name":"NOTICIASMERCEDINAS.COM","url":"https:\/\/noticiasmercedinas.com\/site\/","logo":{"@type":"ImageObject","inLanguage":"es","@id":"https:\/\/noticiasmercedinas.com\/site\/#\/schema\/logo\/image\/","url":"https:\/\/noticiasmercedinas.com\/site\/wp-content\/uploads\/2020\/06\/LOGO-512.jpg","contentUrl":"https:\/\/noticiasmercedinas.com\/site\/wp-content\/uploads\/2020\/06\/LOGO-512.jpg","width":512,"height":512,"caption":"NOTICIASMERCEDINAS.COM"},"image":{"@id":"https:\/\/noticiasmercedinas.com\/site\/#\/schema\/logo\/image\/"},"sameAs":["https:\/\/www.facebook.com\/noticiasmercedinas\/","https:\/\/x.com\/notmercedinas","https:\/\/www.instagram.com\/noticiasmercedinas\/"]},{"@type":"Person","@id":"https:\/\/noticiasmercedinas.com\/site\/#\/schema\/person\/84b59c099c28ff2e8b77d4ceec5d8063","name":"NOTICIASMERCEDINAS.COM","image":{"@type":"ImageObject","inLanguage":"es","@id":"https:\/\/secure.gravatar.com\/avatar\/4dfbf16b4d17945bfb6341b2d19043457132fcf478a5ee04f42e959fd8f5df0a?s=96&d=mm&r=g","url":"https:\/\/secure.gravatar.com\/avatar\/4dfbf16b4d17945bfb6341b2d19043457132fcf478a5ee04f42e959fd8f5df0a?s=96&d=mm&r=g","contentUrl":"https:\/\/secure.gravatar.com\/avatar\/4dfbf16b4d17945bfb6341b2d19043457132fcf478a5ee04f42e959fd8f5df0a?s=96&d=mm&r=g","caption":"NOTICIASMERCEDINAS.COM"},"url":"https:\/\/noticiasmercedinas.com\/site\/author\/anonimo\/"}]}},"amp_enabled":true,"_links":{"self":[{"href":"https:\/\/noticiasmercedinas.com\/site\/wp-json\/wp\/v2\/posts\/87455","targetHints":{"allow":["GET"]}}],"collection":[{"href":"https:\/\/noticiasmercedinas.com\/site\/wp-json\/wp\/v2\/posts"}],"about":[{"href":"https:\/\/noticiasmercedinas.com\/site\/wp-json\/wp\/v2\/types\/post"}],"author":[{"embeddable":true,"href":"https:\/\/noticiasmercedinas.com\/site\/wp-json\/wp\/v2\/users\/16"}],"replies":[{"embeddable":true,"href":"https:\/\/noticiasmercedinas.com\/site\/wp-json\/wp\/v2\/comments?post=87455"}],"version-history":[{"count":1,"href":"https:\/\/noticiasmercedinas.com\/site\/wp-json\/wp\/v2\/posts\/87455\/revisions"}],"predecessor-version":[{"id":87457,"href":"https:\/\/noticiasmercedinas.com\/site\/wp-json\/wp\/v2\/posts\/87455\/revisions\/87457"}],"wp:featuredmedia":[{"embeddable":true,"href":"https:\/\/noticiasmercedinas.com\/site\/wp-json\/wp\/v2\/media\/87456"}],"wp:attachment":[{"href":"https:\/\/noticiasmercedinas.com\/site\/wp-json\/wp\/v2\/media?parent=87455"}],"wp:term":[{"taxonomy":"category","embeddable":true,"href":"https:\/\/noticiasmercedinas.com\/site\/wp-json\/wp\/v2\/categories?post=87455"},{"taxonomy":"post_tag","embeddable":true,"href":"https:\/\/noticiasmercedinas.com\/site\/wp-json\/wp\/v2\/tags?post=87455"}],"curies":[{"name":"wp","href":"https:\/\/api.w.org\/{rel}","templated":true}]}}