{"id":8765,"date":"2018-12-10T15:50:04","date_gmt":"2018-12-10T18:50:04","guid":{"rendered":"https:\/\/noticiasmercedinas.com\/site\/?p=8765"},"modified":"2018-12-10T15:50:04","modified_gmt":"2018-12-10T18:50:04","slug":"finalizan-practicas-profesionalizantes-por-insercion-laboral","status":"publish","type":"post","link":"https:\/\/noticiasmercedinas.com\/site\/2018\/12\/10\/finalizan-practicas-profesionalizantes-por-insercion-laboral\/","title":{"rendered":"Finalizan pr\u00e1cticas profesionalizantes por inserci\u00f3n laboral"},"content":{"rendered":"<p><strong>EDEN finaliz\u00f3 el Programa de Pr\u00e1cticas Profesionalizantes 2018. Compromiso con la educaci\u00f3n y la inserci\u00f3n de los j\u00f3venes en el mundo laboral.<\/strong><\/p>\n<p><img loading=\"lazy\" decoding=\"async\" class=\"alignnone size-large wp-image-8766\" src=\"https:\/\/noticiasmercedinas.com\/site\/wp-content\/uploads\/2018\/12\/EDEN-Cierre-Pr\u00e1cticas-Profesionalizantes-1-1024x616.jpeg\" alt=\"\" width=\"640\" height=\"385\" srcset=\"https:\/\/noticiasmercedinas.com\/site\/wp-content\/uploads\/2018\/12\/EDEN-Cierre-Pr\u00e1cticas-Profesionalizantes-1-1024x616.jpeg 1024w, https:\/\/noticiasmercedinas.com\/site\/wp-content\/uploads\/2018\/12\/EDEN-Cierre-Pr\u00e1cticas-Profesionalizantes-1-300x180.jpeg 300w, https:\/\/noticiasmercedinas.com\/site\/wp-content\/uploads\/2018\/12\/EDEN-Cierre-Pr\u00e1cticas-Profesionalizantes-1-768x462.jpeg 768w, https:\/\/noticiasmercedinas.com\/site\/wp-content\/uploads\/2018\/12\/EDEN-Cierre-Pr\u00e1cticas-Profesionalizantes-1-640x385.jpeg 640w, https:\/\/noticiasmercedinas.com\/site\/wp-content\/uploads\/2018\/12\/EDEN-Cierre-Pr\u00e1cticas-Profesionalizantes-1.jpeg 1280w, https:\/\/noticiasmercedinas.com\/site\/wp-content\/uploads\/2018\/12\/EDEN-Cierre-Pr\u00e1cticas-Profesionalizantes-1-681x410.jpeg 681w\" sizes=\"auto, (max-width: 640px) 100vw, 640px\" \/><\/p>\n<p>La Distribuidora, que trabaja con foco en el desarrollo de las comunidades donde est\u00e1 presente, con un importante compromiso en la educaci\u00f3n, llev\u00f3 a cabo el acto de cierre de la tercera edici\u00f3n del Programa de Pr\u00e1cticas Profesionalizantes para alumnos de escuelas t\u00e9cnicas de Arrecifes, Capit\u00e1n Sarmiento, San Nicol\u00e1s, Bragado, Chivilcoy y Tres Lomas.<\/p>\n<p>Diana Hulten, Gerente de Recursos Humanos y Relaciones Institucionales de EDEN, expres\u00f3: \u201cEstamos convencidos que la educaci\u00f3n es el motor de crecimiento de toda la sociedad, y acompa\u00f1ar la formaci\u00f3n de los j\u00f3venes nos llena de orgullo. En esta 3\u00ba edici\u00f3n del Programa participaron 18 chicos de 6 localidades que alcanzaron m\u00e1s de 4000 horas de capacitaci\u00f3n\u201d.<\/p>\n<p>Las pr\u00e1cticas profesionalizantes, que tienen como objetivo facilitar la incorporaci\u00f3n de los j\u00f3venes al mundo laboral, son parte del dise\u00f1o curricular de las tecnicaturas e incluyen 200 horas de trabajo en una instituci\u00f3n o empresa. EDEN lleva adelante este Programa desde hace 3 a\u00f1os, incrementando a\u00f1o a a\u00f1o la cantidad de chicos y localidades participantes.<\/p>\n<p>\u201cCon esta experiencia generamos un espacio de aprendizaje que nos enriquece de manera mutua. Quiero destacar a nuestro equipo, particularmente a los tutores, por el compromiso asumido en acompa\u00f1ar a los chicos para que vivan el trabajo diario que llevamos adelante y puedan poner en pr\u00e1ctica los conocimientos adquiridos\u201d agreg\u00f3 Hulten.<\/p>\n<p>Las Pr\u00e1cticas Profesionalizantes se encuentran bajo la Coordinaci\u00f3n de la Direcci\u00f3n Provincial de Educaci\u00f3n T\u00e9cnica, con supervisi\u00f3n del Consejo provincial de Educaci\u00f3n T\u00e9cnica y Trabajo (COPRET), en el marco de la Res. 112\/13 de la Direcci\u00f3n General de Cultura y Educaci\u00f3n de la Provincia de Buenos Aires.<\/p>\n<p><img loading=\"lazy\" decoding=\"async\" class=\"alignnone size-large wp-image-8767\" src=\"https:\/\/noticiasmercedinas.com\/site\/wp-content\/uploads\/2018\/12\/EDEN-Cierre-Pr\u00e1cticas-Profesionalizantes-2-1024x768.jpg\" alt=\"\" width=\"640\" height=\"480\" srcset=\"https:\/\/noticiasmercedinas.com\/site\/wp-content\/uploads\/2018\/12\/EDEN-Cierre-Pr\u00e1cticas-Profesionalizantes-2-1024x768.jpg 1024w, https:\/\/noticiasmercedinas.com\/site\/wp-content\/uploads\/2018\/12\/EDEN-Cierre-Pr\u00e1cticas-Profesionalizantes-2-300x225.jpg 300w, https:\/\/noticiasmercedinas.com\/site\/wp-content\/uploads\/2018\/12\/EDEN-Cierre-Pr\u00e1cticas-Profesionalizantes-2-768x576.jpg 768w, https:\/\/noticiasmercedinas.com\/site\/wp-content\/uploads\/2018\/12\/EDEN-Cierre-Pr\u00e1cticas-Profesionalizantes-2-80x60.jpg 80w, https:\/\/noticiasmercedinas.com\/site\/wp-content\/uploads\/2018\/12\/EDEN-Cierre-Pr\u00e1cticas-Profesionalizantes-2-160x120.jpg 160w, https:\/\/noticiasmercedinas.com\/site\/wp-content\/uploads\/2018\/12\/EDEN-Cierre-Pr\u00e1cticas-Profesionalizantes-2-100x75.jpg 100w, https:\/\/noticiasmercedinas.com\/site\/wp-content\/uploads\/2018\/12\/EDEN-Cierre-Pr\u00e1cticas-Profesionalizantes-2-200x150.jpg 200w, https:\/\/noticiasmercedinas.com\/site\/wp-content\/uploads\/2018\/12\/EDEN-Cierre-Pr\u00e1cticas-Profesionalizantes-2-180x135.jpg 180w, https:\/\/noticiasmercedinas.com\/site\/wp-content\/uploads\/2018\/12\/EDEN-Cierre-Pr\u00e1cticas-Profesionalizantes-2-360x270.jpg 360w, https:\/\/noticiasmercedinas.com\/site\/wp-content\/uploads\/2018\/12\/EDEN-Cierre-Pr\u00e1cticas-Profesionalizantes-2-238x178.jpg 238w, https:\/\/noticiasmercedinas.com\/site\/wp-content\/uploads\/2018\/12\/EDEN-Cierre-Pr\u00e1cticas-Profesionalizantes-2-476x356.jpg 476w, https:\/\/noticiasmercedinas.com\/site\/wp-content\/uploads\/2018\/12\/EDEN-Cierre-Pr\u00e1cticas-Profesionalizantes-2-640x480.jpg 640w, https:\/\/noticiasmercedinas.com\/site\/wp-content\/uploads\/2018\/12\/EDEN-Cierre-Pr\u00e1cticas-Profesionalizantes-2.jpg 1280w, https:\/\/noticiasmercedinas.com\/site\/wp-content\/uploads\/2018\/12\/EDEN-Cierre-Pr\u00e1cticas-Profesionalizantes-2-681x511.jpg 681w\" sizes=\"auto, (max-width: 640px) 100vw, 640px\" \/><\/p>\n<p>&nbsp;<\/p>\n","protected":false},"excerpt":{"rendered":"<p>EDEN finaliz\u00f3 el Programa de Pr\u00e1cticas Profesionalizantes 2018. Compromiso con la educaci\u00f3n y la inserci\u00f3n de los j\u00f3venes en el mundo laboral. La Distribuidora, que trabaja con foco en el desarrollo de las comunidades donde est\u00e1 presente, con un importante compromiso en la educaci\u00f3n, llev\u00f3 a cabo el acto de cierre de la tercera edici\u00f3n [&hellip;]<\/p>\n","protected":false},"author":2,"featured_media":8766,"comment_status":"open","ping_status":"open","sticky":false,"template":"","format":"standard","meta":{"footnotes":""},"categories":[74],"tags":[2732,1869,313,2733,203,34,35,2188,2734,2294],"class_list":["post-8765","post","type-post","status-publish","format-standard","has-post-thumbnail","hentry","category-emprendimientos","tag-arrecifes","tag-bragado","tag-capacitacion","tag-capitan-sarmiento","tag-chivilcoy","tag-eden","tag-energia","tag-practicas-profesionalizantes","tag-san-nicolas","tag-tres-lomas"],"yoast_head":"<!-- This site is optimized with the Yoast SEO plugin v27.4 - https:\/\/yoast.com\/product\/yoast-seo-wordpress\/ -->\n<title>Finalizan pr\u00e1cticas profesionalizantes por inserci\u00f3n laboral<\/title>\n<meta name=\"robots\" content=\"index, follow, max-snippet:-1, max-image-preview:large, max-video-preview:-1\" \/>\n<link rel=\"canonical\" href=\"https:\/\/noticiasmercedinas.com\/site\/2018\/12\/10\/finalizan-practicas-profesionalizantes-por-insercion-laboral\/\" \/>\n<meta property=\"og:locale\" content=\"es_ES\" \/>\n<meta property=\"og:type\" content=\"article\" \/>\n<meta property=\"og:title\" content=\"Finalizan pr\u00e1cticas profesionalizantes por inserci\u00f3n laboral\" \/>\n<meta property=\"og:description\" content=\"EDEN finaliz\u00f3 el Programa de Pr\u00e1cticas Profesionalizantes 2018. Compromiso con la educaci\u00f3n y la inserci\u00f3n de los j\u00f3venes en el mundo laboral. La Distribuidora, que trabaja con foco en el desarrollo de las comunidades donde est\u00e1 presente, con un importante compromiso en la educaci\u00f3n, llev\u00f3 a cabo el acto de cierre de la tercera edici\u00f3n [&hellip;]\" \/>\n<meta property=\"og:url\" content=\"https:\/\/noticiasmercedinas.com\/site\/2018\/12\/10\/finalizan-practicas-profesionalizantes-por-insercion-laboral\/\" \/>\n<meta property=\"og:site_name\" content=\"NOTICIASMERCEDINAS.COM\" \/>\n<meta property=\"article:publisher\" content=\"https:\/\/www.facebook.com\/noticiasmercedinas\/\" \/>\n<meta property=\"article:author\" content=\"https:\/\/www.facebook.com\/cristian.falabella\" \/>\n<meta property=\"article:published_time\" content=\"2018-12-10T18:50:04+00:00\" \/>\n<meta property=\"og:image\" content=\"https:\/\/noticiasmercedinas.com\/site\/wp-content\/uploads\/2018\/12\/EDEN-Cierre-Pr\u00e1cticas-Profesionalizantes-1.jpeg\" \/>\n\t<meta property=\"og:image:width\" content=\"1280\" \/>\n\t<meta property=\"og:image:height\" content=\"770\" \/>\n\t<meta property=\"og:image:type\" content=\"image\/jpeg\" \/>\n<meta name=\"author\" content=\"Cristian Falabella NOTICIASMERCEDINAS.COM\" \/>\n<meta name=\"twitter:card\" content=\"summary_large_image\" \/>\n<meta name=\"twitter:creator\" content=\"@https:\/\/twitter.com\/NOTMERCEDINAS\" \/>\n<meta name=\"twitter:site\" content=\"@notmercedinas\" \/>\n<meta name=\"twitter:label1\" content=\"Escrito por\" \/>\n\t<meta name=\"twitter:data1\" content=\"Cristian Falabella NOTICIASMERCEDINAS.COM\" \/>\n\t<meta name=\"twitter:label2\" content=\"Tiempo de lectura\" \/>\n\t<meta name=\"twitter:data2\" content=\"2 minutos\" \/>\n<script type=\"application\/ld+json\" class=\"yoast-schema-graph\">{\"@context\":\"https:\\\/\\\/schema.org\",\"@graph\":[{\"@type\":\"Article\",\"@id\":\"https:\\\/\\\/noticiasmercedinas.com\\\/site\\\/2018\\\/12\\\/10\\\/finalizan-practicas-profesionalizantes-por-insercion-laboral\\\/#article\",\"isPartOf\":{\"@id\":\"https:\\\/\\\/noticiasmercedinas.com\\\/site\\\/2018\\\/12\\\/10\\\/finalizan-practicas-profesionalizantes-por-insercion-laboral\\\/\"},\"author\":{\"name\":\"Cristian Falabella NOTICIASMERCEDINAS.COM\",\"@id\":\"https:\\\/\\\/noticiasmercedinas.com\\\/site\\\/#\\\/schema\\\/person\\\/d481a9696a5feaec13a60e2bbd991a6a\"},\"headline\":\"Finalizan pr\u00e1cticas profesionalizantes por inserci\u00f3n laboral\",\"datePublished\":\"2018-12-10T18:50:04+00:00\",\"mainEntityOfPage\":{\"@id\":\"https:\\\/\\\/noticiasmercedinas.com\\\/site\\\/2018\\\/12\\\/10\\\/finalizan-practicas-profesionalizantes-por-insercion-laboral\\\/\"},\"wordCount\":324,\"commentCount\":0,\"publisher\":{\"@id\":\"https:\\\/\\\/noticiasmercedinas.com\\\/site\\\/#organization\"},\"image\":{\"@id\":\"https:\\\/\\\/noticiasmercedinas.com\\\/site\\\/2018\\\/12\\\/10\\\/finalizan-practicas-profesionalizantes-por-insercion-laboral\\\/#primaryimage\"},\"thumbnailUrl\":\"https:\\\/\\\/noticiasmercedinas.com\\\/site\\\/wp-content\\\/uploads\\\/2018\\\/12\\\/EDEN-Cierre-Pr\u00e1cticas-Profesionalizantes-1.jpeg\",\"keywords\":[\"Arrecifes\",\"Bragado\",\"capacitaci\u00f3n\",\"Capit\u00e1n Sarmiento\",\"chivilcoy\",\"eden\",\"energia\",\"practicas profesionalizantes\",\"San Nicol\u00e1s\",\"Tres Lomas\"],\"articleSection\":[\"Emprendimientos\"],\"inLanguage\":\"es\",\"potentialAction\":[{\"@type\":\"CommentAction\",\"name\":\"Comment\",\"target\":[\"https:\\\/\\\/noticiasmercedinas.com\\\/site\\\/2018\\\/12\\\/10\\\/finalizan-practicas-profesionalizantes-por-insercion-laboral\\\/#respond\"]}]},{\"@type\":\"WebPage\",\"@id\":\"https:\\\/\\\/noticiasmercedinas.com\\\/site\\\/2018\\\/12\\\/10\\\/finalizan-practicas-profesionalizantes-por-insercion-laboral\\\/\",\"url\":\"https:\\\/\\\/noticiasmercedinas.com\\\/site\\\/2018\\\/12\\\/10\\\/finalizan-practicas-profesionalizantes-por-insercion-laboral\\\/\",\"name\":\"Finalizan pr\u00e1cticas profesionalizantes por inserci\u00f3n laboral\",\"isPartOf\":{\"@id\":\"https:\\\/\\\/noticiasmercedinas.com\\\/site\\\/#website\"},\"primaryImageOfPage\":{\"@id\":\"https:\\\/\\\/noticiasmercedinas.com\\\/site\\\/2018\\\/12\\\/10\\\/finalizan-practicas-profesionalizantes-por-insercion-laboral\\\/#primaryimage\"},\"image\":{\"@id\":\"https:\\\/\\\/noticiasmercedinas.com\\\/site\\\/2018\\\/12\\\/10\\\/finalizan-practicas-profesionalizantes-por-insercion-laboral\\\/#primaryimage\"},\"thumbnailUrl\":\"https:\\\/\\\/noticiasmercedinas.com\\\/site\\\/wp-content\\\/uploads\\\/2018\\\/12\\\/EDEN-Cierre-Pr\u00e1cticas-Profesionalizantes-1.jpeg\",\"datePublished\":\"2018-12-10T18:50:04+00:00\",\"breadcrumb\":{\"@id\":\"https:\\\/\\\/noticiasmercedinas.com\\\/site\\\/2018\\\/12\\\/10\\\/finalizan-practicas-profesionalizantes-por-insercion-laboral\\\/#breadcrumb\"},\"inLanguage\":\"es\",\"potentialAction\":[{\"@type\":\"ReadAction\",\"target\":[\"https:\\\/\\\/noticiasmercedinas.com\\\/site\\\/2018\\\/12\\\/10\\\/finalizan-practicas-profesionalizantes-por-insercion-laboral\\\/\"]}]},{\"@type\":\"ImageObject\",\"inLanguage\":\"es\",\"@id\":\"https:\\\/\\\/noticiasmercedinas.com\\\/site\\\/2018\\\/12\\\/10\\\/finalizan-practicas-profesionalizantes-por-insercion-laboral\\\/#primaryimage\",\"url\":\"https:\\\/\\\/noticiasmercedinas.com\\\/site\\\/wp-content\\\/uploads\\\/2018\\\/12\\\/EDEN-Cierre-Pr\u00e1cticas-Profesionalizantes-1.jpeg\",\"contentUrl\":\"https:\\\/\\\/noticiasmercedinas.com\\\/site\\\/wp-content\\\/uploads\\\/2018\\\/12\\\/EDEN-Cierre-Pr\u00e1cticas-Profesionalizantes-1.jpeg\",\"width\":1280,\"height\":770},{\"@type\":\"BreadcrumbList\",\"@id\":\"https:\\\/\\\/noticiasmercedinas.com\\\/site\\\/2018\\\/12\\\/10\\\/finalizan-practicas-profesionalizantes-por-insercion-laboral\\\/#breadcrumb\",\"itemListElement\":[{\"@type\":\"ListItem\",\"position\":1,\"name\":\"Portada\",\"item\":\"https:\\\/\\\/noticiasmercedinas.com\\\/site\\\/\"},{\"@type\":\"ListItem\",\"position\":2,\"name\":\"Finalizan pr\u00e1cticas profesionalizantes por inserci\u00f3n laboral\"}]},{\"@type\":\"WebSite\",\"@id\":\"https:\\\/\\\/noticiasmercedinas.com\\\/site\\\/#website\",\"url\":\"https:\\\/\\\/noticiasmercedinas.com\\\/site\\\/\",\"name\":\"NOTICIASMERCEDINAS.COM\",\"description\":\"Mercedes, Buenos Aires, Argentina\",\"publisher\":{\"@id\":\"https:\\\/\\\/noticiasmercedinas.com\\\/site\\\/#organization\"},\"potentialAction\":[{\"@type\":\"SearchAction\",\"target\":{\"@type\":\"EntryPoint\",\"urlTemplate\":\"https:\\\/\\\/noticiasmercedinas.com\\\/site\\\/?s={search_term_string}\"},\"query-input\":{\"@type\":\"PropertyValueSpecification\",\"valueRequired\":true,\"valueName\":\"search_term_string\"}}],\"inLanguage\":\"es\"},{\"@type\":\"Organization\",\"@id\":\"https:\\\/\\\/noticiasmercedinas.com\\\/site\\\/#organization\",\"name\":\"NOTICIASMERCEDINAS.COM\",\"url\":\"https:\\\/\\\/noticiasmercedinas.com\\\/site\\\/\",\"logo\":{\"@type\":\"ImageObject\",\"inLanguage\":\"es\",\"@id\":\"https:\\\/\\\/noticiasmercedinas.com\\\/site\\\/#\\\/schema\\\/logo\\\/image\\\/\",\"url\":\"https:\\\/\\\/noticiasmercedinas.com\\\/site\\\/wp-content\\\/uploads\\\/2020\\\/06\\\/LOGO-512.jpg\",\"contentUrl\":\"https:\\\/\\\/noticiasmercedinas.com\\\/site\\\/wp-content\\\/uploads\\\/2020\\\/06\\\/LOGO-512.jpg\",\"width\":512,\"height\":512,\"caption\":\"NOTICIASMERCEDINAS.COM\"},\"image\":{\"@id\":\"https:\\\/\\\/noticiasmercedinas.com\\\/site\\\/#\\\/schema\\\/logo\\\/image\\\/\"},\"sameAs\":[\"https:\\\/\\\/www.facebook.com\\\/noticiasmercedinas\\\/\",\"https:\\\/\\\/x.com\\\/notmercedinas\",\"https:\\\/\\\/www.instagram.com\\\/noticiasmercedinas\\\/\"]},{\"@type\":\"Person\",\"@id\":\"https:\\\/\\\/noticiasmercedinas.com\\\/site\\\/#\\\/schema\\\/person\\\/d481a9696a5feaec13a60e2bbd991a6a\",\"name\":\"Cristian Falabella NOTICIASMERCEDINAS.COM\",\"image\":{\"@type\":\"ImageObject\",\"inLanguage\":\"es\",\"@id\":\"https:\\\/\\\/secure.gravatar.com\\\/avatar\\\/0dbbfc45970cc46bcd0e57766228574ff3511d6eed045b182f536f0f478c1f06?s=96&d=mm&r=g\",\"url\":\"https:\\\/\\\/secure.gravatar.com\\\/avatar\\\/0dbbfc45970cc46bcd0e57766228574ff3511d6eed045b182f536f0f478c1f06?s=96&d=mm&r=g\",\"contentUrl\":\"https:\\\/\\\/secure.gravatar.com\\\/avatar\\\/0dbbfc45970cc46bcd0e57766228574ff3511d6eed045b182f536f0f478c1f06?s=96&d=mm&r=g\",\"caption\":\"Cristian Falabella NOTICIASMERCEDINAS.COM\"},\"description\":\"Periodista, editor de Noticias Mercedinas. Pas\u00f3 por varias redacciones y emprendimientos de prensa, en distintos formatos y \u00e9pocas. Se especializ\u00f3 --y sigue haci\u00e9ndolo-- en comunicaci\u00f3n en la web y en junio de 2006 fund\u00f3 este diario digital.\",\"sameAs\":[\"https:\\\/\\\/noticiasmercedinas.com\",\"https:\\\/\\\/www.facebook.com\\\/cristian.falabella\",\"https:\\\/\\\/www.instagram.com\\\/noticiasmercedinas\\\/\",\"https:\\\/\\\/x.com\\\/https:\\\/\\\/twitter.com\\\/NOTMERCEDINAS\"],\"url\":\"https:\\\/\\\/noticiasmercedinas.com\\\/site\\\/author\\\/as000384\\\/\"}]}<\/script>\n<!-- \/ Yoast SEO plugin. -->","yoast_head_json":{"title":"Finalizan pr\u00e1cticas profesionalizantes por inserci\u00f3n laboral","robots":{"index":"index","follow":"follow","max-snippet":"max-snippet:-1","max-image-preview":"max-image-preview:large","max-video-preview":"max-video-preview:-1"},"canonical":"https:\/\/noticiasmercedinas.com\/site\/2018\/12\/10\/finalizan-practicas-profesionalizantes-por-insercion-laboral\/","og_locale":"es_ES","og_type":"article","og_title":"Finalizan pr\u00e1cticas profesionalizantes por inserci\u00f3n laboral","og_description":"EDEN finaliz\u00f3 el Programa de Pr\u00e1cticas Profesionalizantes 2018. Compromiso con la educaci\u00f3n y la inserci\u00f3n de los j\u00f3venes en el mundo laboral. La Distribuidora, que trabaja con foco en el desarrollo de las comunidades donde est\u00e1 presente, con un importante compromiso en la educaci\u00f3n, llev\u00f3 a cabo el acto de cierre de la tercera edici\u00f3n [&hellip;]","og_url":"https:\/\/noticiasmercedinas.com\/site\/2018\/12\/10\/finalizan-practicas-profesionalizantes-por-insercion-laboral\/","og_site_name":"NOTICIASMERCEDINAS.COM","article_publisher":"https:\/\/www.facebook.com\/noticiasmercedinas\/","article_author":"https:\/\/www.facebook.com\/cristian.falabella","article_published_time":"2018-12-10T18:50:04+00:00","og_image":[{"width":1280,"height":770,"url":"https:\/\/noticiasmercedinas.com\/site\/wp-content\/uploads\/2018\/12\/EDEN-Cierre-Pr\u00e1cticas-Profesionalizantes-1.jpeg","type":"image\/jpeg"}],"author":"Cristian Falabella NOTICIASMERCEDINAS.COM","twitter_card":"summary_large_image","twitter_creator":"@https:\/\/twitter.com\/NOTMERCEDINAS","twitter_site":"@notmercedinas","twitter_misc":{"Escrito por":"Cristian Falabella NOTICIASMERCEDINAS.COM","Tiempo de lectura":"2 minutos"},"schema":{"@context":"https:\/\/schema.org","@graph":[{"@type":"Article","@id":"https:\/\/noticiasmercedinas.com\/site\/2018\/12\/10\/finalizan-practicas-profesionalizantes-por-insercion-laboral\/#article","isPartOf":{"@id":"https:\/\/noticiasmercedinas.com\/site\/2018\/12\/10\/finalizan-practicas-profesionalizantes-por-insercion-laboral\/"},"author":{"name":"Cristian Falabella NOTICIASMERCEDINAS.COM","@id":"https:\/\/noticiasmercedinas.com\/site\/#\/schema\/person\/d481a9696a5feaec13a60e2bbd991a6a"},"headline":"Finalizan pr\u00e1cticas profesionalizantes por inserci\u00f3n laboral","datePublished":"2018-12-10T18:50:04+00:00","mainEntityOfPage":{"@id":"https:\/\/noticiasmercedinas.com\/site\/2018\/12\/10\/finalizan-practicas-profesionalizantes-por-insercion-laboral\/"},"wordCount":324,"commentCount":0,"publisher":{"@id":"https:\/\/noticiasmercedinas.com\/site\/#organization"},"image":{"@id":"https:\/\/noticiasmercedinas.com\/site\/2018\/12\/10\/finalizan-practicas-profesionalizantes-por-insercion-laboral\/#primaryimage"},"thumbnailUrl":"https:\/\/noticiasmercedinas.com\/site\/wp-content\/uploads\/2018\/12\/EDEN-Cierre-Pr\u00e1cticas-Profesionalizantes-1.jpeg","keywords":["Arrecifes","Bragado","capacitaci\u00f3n","Capit\u00e1n Sarmiento","chivilcoy","eden","energia","practicas profesionalizantes","San Nicol\u00e1s","Tres Lomas"],"articleSection":["Emprendimientos"],"inLanguage":"es","potentialAction":[{"@type":"CommentAction","name":"Comment","target":["https:\/\/noticiasmercedinas.com\/site\/2018\/12\/10\/finalizan-practicas-profesionalizantes-por-insercion-laboral\/#respond"]}]},{"@type":"WebPage","@id":"https:\/\/noticiasmercedinas.com\/site\/2018\/12\/10\/finalizan-practicas-profesionalizantes-por-insercion-laboral\/","url":"https:\/\/noticiasmercedinas.com\/site\/2018\/12\/10\/finalizan-practicas-profesionalizantes-por-insercion-laboral\/","name":"Finalizan pr\u00e1cticas profesionalizantes por inserci\u00f3n laboral","isPartOf":{"@id":"https:\/\/noticiasmercedinas.com\/site\/#website"},"primaryImageOfPage":{"@id":"https:\/\/noticiasmercedinas.com\/site\/2018\/12\/10\/finalizan-practicas-profesionalizantes-por-insercion-laboral\/#primaryimage"},"image":{"@id":"https:\/\/noticiasmercedinas.com\/site\/2018\/12\/10\/finalizan-practicas-profesionalizantes-por-insercion-laboral\/#primaryimage"},"thumbnailUrl":"https:\/\/noticiasmercedinas.com\/site\/wp-content\/uploads\/2018\/12\/EDEN-Cierre-Pr\u00e1cticas-Profesionalizantes-1.jpeg","datePublished":"2018-12-10T18:50:04+00:00","breadcrumb":{"@id":"https:\/\/noticiasmercedinas.com\/site\/2018\/12\/10\/finalizan-practicas-profesionalizantes-por-insercion-laboral\/#breadcrumb"},"inLanguage":"es","potentialAction":[{"@type":"ReadAction","target":["https:\/\/noticiasmercedinas.com\/site\/2018\/12\/10\/finalizan-practicas-profesionalizantes-por-insercion-laboral\/"]}]},{"@type":"ImageObject","inLanguage":"es","@id":"https:\/\/noticiasmercedinas.com\/site\/2018\/12\/10\/finalizan-practicas-profesionalizantes-por-insercion-laboral\/#primaryimage","url":"https:\/\/noticiasmercedinas.com\/site\/wp-content\/uploads\/2018\/12\/EDEN-Cierre-Pr\u00e1cticas-Profesionalizantes-1.jpeg","contentUrl":"https:\/\/noticiasmercedinas.com\/site\/wp-content\/uploads\/2018\/12\/EDEN-Cierre-Pr\u00e1cticas-Profesionalizantes-1.jpeg","width":1280,"height":770},{"@type":"BreadcrumbList","@id":"https:\/\/noticiasmercedinas.com\/site\/2018\/12\/10\/finalizan-practicas-profesionalizantes-por-insercion-laboral\/#breadcrumb","itemListElement":[{"@type":"ListItem","position":1,"name":"Portada","item":"https:\/\/noticiasmercedinas.com\/site\/"},{"@type":"ListItem","position":2,"name":"Finalizan pr\u00e1cticas profesionalizantes por inserci\u00f3n laboral"}]},{"@type":"WebSite","@id":"https:\/\/noticiasmercedinas.com\/site\/#website","url":"https:\/\/noticiasmercedinas.com\/site\/","name":"NOTICIASMERCEDINAS.COM","description":"Mercedes, Buenos Aires, Argentina","publisher":{"@id":"https:\/\/noticiasmercedinas.com\/site\/#organization"},"potentialAction":[{"@type":"SearchAction","target":{"@type":"EntryPoint","urlTemplate":"https:\/\/noticiasmercedinas.com\/site\/?s={search_term_string}"},"query-input":{"@type":"PropertyValueSpecification","valueRequired":true,"valueName":"search_term_string"}}],"inLanguage":"es"},{"@type":"Organization","@id":"https:\/\/noticiasmercedinas.com\/site\/#organization","name":"NOTICIASMERCEDINAS.COM","url":"https:\/\/noticiasmercedinas.com\/site\/","logo":{"@type":"ImageObject","inLanguage":"es","@id":"https:\/\/noticiasmercedinas.com\/site\/#\/schema\/logo\/image\/","url":"https:\/\/noticiasmercedinas.com\/site\/wp-content\/uploads\/2020\/06\/LOGO-512.jpg","contentUrl":"https:\/\/noticiasmercedinas.com\/site\/wp-content\/uploads\/2020\/06\/LOGO-512.jpg","width":512,"height":512,"caption":"NOTICIASMERCEDINAS.COM"},"image":{"@id":"https:\/\/noticiasmercedinas.com\/site\/#\/schema\/logo\/image\/"},"sameAs":["https:\/\/www.facebook.com\/noticiasmercedinas\/","https:\/\/x.com\/notmercedinas","https:\/\/www.instagram.com\/noticiasmercedinas\/"]},{"@type":"Person","@id":"https:\/\/noticiasmercedinas.com\/site\/#\/schema\/person\/d481a9696a5feaec13a60e2bbd991a6a","name":"Cristian Falabella NOTICIASMERCEDINAS.COM","image":{"@type":"ImageObject","inLanguage":"es","@id":"https:\/\/secure.gravatar.com\/avatar\/0dbbfc45970cc46bcd0e57766228574ff3511d6eed045b182f536f0f478c1f06?s=96&d=mm&r=g","url":"https:\/\/secure.gravatar.com\/avatar\/0dbbfc45970cc46bcd0e57766228574ff3511d6eed045b182f536f0f478c1f06?s=96&d=mm&r=g","contentUrl":"https:\/\/secure.gravatar.com\/avatar\/0dbbfc45970cc46bcd0e57766228574ff3511d6eed045b182f536f0f478c1f06?s=96&d=mm&r=g","caption":"Cristian Falabella NOTICIASMERCEDINAS.COM"},"description":"Periodista, editor de Noticias Mercedinas. Pas\u00f3 por varias redacciones y emprendimientos de prensa, en distintos formatos y \u00e9pocas. Se especializ\u00f3 --y sigue haci\u00e9ndolo-- en comunicaci\u00f3n en la web y en junio de 2006 fund\u00f3 este diario digital.","sameAs":["https:\/\/noticiasmercedinas.com","https:\/\/www.facebook.com\/cristian.falabella","https:\/\/www.instagram.com\/noticiasmercedinas\/","https:\/\/x.com\/https:\/\/twitter.com\/NOTMERCEDINAS"],"url":"https:\/\/noticiasmercedinas.com\/site\/author\/as000384\/"}]}},"amp_enabled":true,"_links":{"self":[{"href":"https:\/\/noticiasmercedinas.com\/site\/wp-json\/wp\/v2\/posts\/8765","targetHints":{"allow":["GET"]}}],"collection":[{"href":"https:\/\/noticiasmercedinas.com\/site\/wp-json\/wp\/v2\/posts"}],"about":[{"href":"https:\/\/noticiasmercedinas.com\/site\/wp-json\/wp\/v2\/types\/post"}],"author":[{"embeddable":true,"href":"https:\/\/noticiasmercedinas.com\/site\/wp-json\/wp\/v2\/users\/2"}],"replies":[{"embeddable":true,"href":"https:\/\/noticiasmercedinas.com\/site\/wp-json\/wp\/v2\/comments?post=8765"}],"version-history":[{"count":1,"href":"https:\/\/noticiasmercedinas.com\/site\/wp-json\/wp\/v2\/posts\/8765\/revisions"}],"predecessor-version":[{"id":8768,"href":"https:\/\/noticiasmercedinas.com\/site\/wp-json\/wp\/v2\/posts\/8765\/revisions\/8768"}],"wp:featuredmedia":[{"embeddable":true,"href":"https:\/\/noticiasmercedinas.com\/site\/wp-json\/wp\/v2\/media\/8766"}],"wp:attachment":[{"href":"https:\/\/noticiasmercedinas.com\/site\/wp-json\/wp\/v2\/media?parent=8765"}],"wp:term":[{"taxonomy":"category","embeddable":true,"href":"https:\/\/noticiasmercedinas.com\/site\/wp-json\/wp\/v2\/categories?post=8765"},{"taxonomy":"post_tag","embeddable":true,"href":"https:\/\/noticiasmercedinas.com\/site\/wp-json\/wp\/v2\/tags?post=8765"}],"curies":[{"name":"wp","href":"https:\/\/api.w.org\/{rel}","templated":true}]}}