{"id":8775,"date":"2018-12-10T19:37:29","date_gmt":"2018-12-10T22:37:29","guid":{"rendered":"https:\/\/noticiasmercedinas.com\/site\/?p=8775"},"modified":"2018-12-18T11:09:34","modified_gmt":"2018-12-18T14:09:34","slug":"homenaje-a-alfonsin-a-35-anos-del-retorno-de-la-democracia","status":"publish","type":"post","link":"https:\/\/noticiasmercedinas.com\/site\/2018\/12\/10\/homenaje-a-alfonsin-a-35-anos-del-retorno-de-la-democracia\/","title":{"rendered":"Homenaje a Alfons\u00edn, a 35 a\u00f1os del retorno de la Democracia"},"content":{"rendered":"<p><em><strong>Cristian Falabella<\/strong><\/em><\/p>\n<p>Este lunes por la tarde, frente al monumento a Ra\u00fal Alfons\u00edn, desde la UCR Mercedes llevaron adelante un acto homenaje en el 35 aniversario de la democracia en la Argentina.<\/p>\n<p>En el bulevar de 30 entre 15 y 17 entre otros referentes del espacio estuvo el presidente del Comit\u00e9, Jorge Aguirre, as\u00ed como tambi\u00e9n concejales de la UCR en Cambiemos como el presidente del recinto, Oscar Albini, y sus pares Edgar Killmeate, y otros ediles de ese Frente tales como Esteban Biagini y con mandato cumplido como Ignacio Respuela, Sergio L\u00f3pez o Juan Navarro, entre otros. Asimismo se encontraron dirigentes como Jorge Pirotta, del partido FE, o la doctora Cristina Gottifredi, del Pro Mercedes.<\/p>\n<p>Quien ley\u00f3 las adhesiones fue Alejandra Repetto, que tambi\u00e9n pas\u00f3 por el Concejo Deliberante en estos \u00faltimos a\u00f1os.<\/p>\n<p><img loading=\"lazy\" decoding=\"async\" class=\"alignnone wp-image-8780 size-full\" src=\"https:\/\/noticiasmercedinas.com\/site\/wp-content\/uploads\/2018\/12\/IMG_20181210_192141.jpg\" width=\"2560\" height=\"1440\" srcset=\"https:\/\/noticiasmercedinas.com\/site\/wp-content\/uploads\/2018\/12\/IMG_20181210_192141.jpg 2560w, https:\/\/noticiasmercedinas.com\/site\/wp-content\/uploads\/2018\/12\/IMG_20181210_192141-300x169.jpg 300w, https:\/\/noticiasmercedinas.com\/site\/wp-content\/uploads\/2018\/12\/IMG_20181210_192141-768x432.jpg 768w, https:\/\/noticiasmercedinas.com\/site\/wp-content\/uploads\/2018\/12\/IMG_20181210_192141-1024x576.jpg 1024w, https:\/\/noticiasmercedinas.com\/site\/wp-content\/uploads\/2018\/12\/IMG_20181210_192141-640x360.jpg 640w, https:\/\/noticiasmercedinas.com\/site\/wp-content\/uploads\/2018\/12\/IMG_20181210_192141-1280x720.jpg 1280w, https:\/\/noticiasmercedinas.com\/site\/wp-content\/uploads\/2018\/12\/IMG_20181210_192141-681x383.jpg 681w, https:\/\/noticiasmercedinas.com\/site\/wp-content\/uploads\/2018\/12\/IMG_20181210_192141-1362x766.jpg 1362w\" sizes=\"auto, (max-width: 2560px) 100vw, 2560px\" \/><\/p>\n<p>Se enton\u00f3 el Himno Nacional, se escuch\u00f3 un breve pasaje del discurso de asunci\u00f3n de Ra\u00fal Alfons\u00edn en el que detalla el pre\u00e1mbulo de la Constituci\u00f3n Nacional y luego hubo ofrendas florales por parte de las autoridades de la UCR y de la Juventud.<\/p>\n<p>\u00abLa asunci\u00f3n de Alfons\u00edn signific\u00f3 el regreso de los argentinos a la libertad y al pleno ejercicio de los derechos\u00bb, dijo Jorge Aguirre y llam\u00f3 a \u00abhonrar la democracia d\u00eda a d\u00eda y a respetar la Constituci\u00f3n\u00bb.<\/p>\n<p>\u00abAlfons\u00edn trasciende a todos y por eso es el padre de la democracia\u00bb, agreg\u00f3 el presidente del Comit\u00e9 local e invit\u00f3 a compartir sus vivencias de esos momentos hist\u00f3ricos s protagonistas de los mismos como Juan Portessi o Susana Camele.<\/p>\n<p><img loading=\"lazy\" decoding=\"async\" class=\"alignnone size-full wp-image-8783\" src=\"https:\/\/noticiasmercedinas.com\/site\/wp-content\/uploads\/2018\/12\/IMG_20181210_192623-1.jpg\" width=\"2560\" height=\"1440\" srcset=\"https:\/\/noticiasmercedinas.com\/site\/wp-content\/uploads\/2018\/12\/IMG_20181210_192623-1.jpg 2560w, https:\/\/noticiasmercedinas.com\/site\/wp-content\/uploads\/2018\/12\/IMG_20181210_192623-1-300x169.jpg 300w, https:\/\/noticiasmercedinas.com\/site\/wp-content\/uploads\/2018\/12\/IMG_20181210_192623-1-768x432.jpg 768w, https:\/\/noticiasmercedinas.com\/site\/wp-content\/uploads\/2018\/12\/IMG_20181210_192623-1-1024x576.jpg 1024w, https:\/\/noticiasmercedinas.com\/site\/wp-content\/uploads\/2018\/12\/IMG_20181210_192623-1-640x360.jpg 640w, https:\/\/noticiasmercedinas.com\/site\/wp-content\/uploads\/2018\/12\/IMG_20181210_192623-1-1280x720.jpg 1280w, https:\/\/noticiasmercedinas.com\/site\/wp-content\/uploads\/2018\/12\/IMG_20181210_192623-1-681x383.jpg 681w, https:\/\/noticiasmercedinas.com\/site\/wp-content\/uploads\/2018\/12\/IMG_20181210_192623-1-1362x766.jpg 1362w\" sizes=\"auto, (max-width: 2560px) 100vw, 2560px\" \/><\/p>\n<p>\u00abVenimos a homenajear a Alfons\u00edn\u00bb, coment\u00f3 Camele y destac\u00f3 el orgullo de ser parte de la lista local de 1983. \u00abYo tuve el honor de dise\u00f1ar este hito que resalta la figura de Alfons\u00edn traspasando la historia. Y cada a\u00f1o su figura se agranda\u00bb, dijo la arquitecta y concejal mandato cumplido. Trajo consigo prendedores de esa \u00e9poca con forma de boina blanca. \u00abLa democracia volv\u00eda y todo era una fiesta. Se viv\u00eda felicidad, con sonrisas a flor de piel\u00bb, agreg\u00f3 y cont\u00f3 su llegada a la Avenida Nueve de Julio. \u00abEra tal la gente que hab\u00eda que en la desconcentraci\u00f3n no sab\u00edamos como salir, pero cada uno lleg\u00f3 a su lugar sin problemas\u00bb, record\u00f3.<\/p>\n<p><img loading=\"lazy\" decoding=\"async\" class=\"alignnone size-full wp-image-8785\" src=\"https:\/\/noticiasmercedinas.com\/site\/wp-content\/uploads\/2018\/12\/IMG_20181210_193504.jpg\" width=\"2560\" height=\"1440\" srcset=\"https:\/\/noticiasmercedinas.com\/site\/wp-content\/uploads\/2018\/12\/IMG_20181210_193504.jpg 2560w, https:\/\/noticiasmercedinas.com\/site\/wp-content\/uploads\/2018\/12\/IMG_20181210_193504-300x169.jpg 300w, https:\/\/noticiasmercedinas.com\/site\/wp-content\/uploads\/2018\/12\/IMG_20181210_193504-768x432.jpg 768w, https:\/\/noticiasmercedinas.com\/site\/wp-content\/uploads\/2018\/12\/IMG_20181210_193504-1024x576.jpg 1024w, https:\/\/noticiasmercedinas.com\/site\/wp-content\/uploads\/2018\/12\/IMG_20181210_193504-640x360.jpg 640w, https:\/\/noticiasmercedinas.com\/site\/wp-content\/uploads\/2018\/12\/IMG_20181210_193504-1280x720.jpg 1280w, https:\/\/noticiasmercedinas.com\/site\/wp-content\/uploads\/2018\/12\/IMG_20181210_193504-681x383.jpg 681w, https:\/\/noticiasmercedinas.com\/site\/wp-content\/uploads\/2018\/12\/IMG_20181210_193504-1362x766.jpg 1362w\" sizes=\"auto, (max-width: 2560px) 100vw, 2560px\" \/><\/p>\n<p>Tambi\u00e9n mencion\u00f3 que Alfons\u00edn inici\u00f3 el camino del Mercosur, cre\u00f3 la CoNaDep y el juicio a las Juntas. \u00abEra un gallego calent\u00f3n\u00bb, dijo y destac\u00f3 sus valores de audacia y liderazgo.<\/p>\n<p>Cont\u00f3 algunas an\u00e9cdotas y dijo que \u00abjam\u00e1s se alej\u00f3 un \u00e1pice de sus ideas\u00bb. Record\u00f3 los trece paros generales, los levantamientos armados y su valent\u00eda, con la que \u00abpar\u00f3 un ba\u00f1o de sangre\u00bb.<\/p>\n<p>\u00abAlfons\u00edn es un espejo donde mirarse para seguir avanzando en una Argentina m\u00e1s justa\u00bb, sostuvo Camele y llam\u00f3 a \u00abayudar a este pa\u00eds que merece un mejor destino\u00bb.<\/p>\n<p>Por \u00faltimo compar\u00f3 a Alfons\u00edn con Lucas Fal por sus valores, sobre todo en el aliento a los j\u00f3venes.<\/p>\n<p><img loading=\"lazy\" decoding=\"async\" class=\"alignnone wp-image-8791 size-full\" src=\"https:\/\/noticiasmercedinas.com\/site\/wp-content\/uploads\/2018\/12\/IMG-20181210-WA0019.jpg\" width=\"1280\" height=\"720\" srcset=\"https:\/\/noticiasmercedinas.com\/site\/wp-content\/uploads\/2018\/12\/IMG-20181210-WA0019.jpg 1280w, https:\/\/noticiasmercedinas.com\/site\/wp-content\/uploads\/2018\/12\/IMG-20181210-WA0019-300x169.jpg 300w, https:\/\/noticiasmercedinas.com\/site\/wp-content\/uploads\/2018\/12\/IMG-20181210-WA0019-768x432.jpg 768w, https:\/\/noticiasmercedinas.com\/site\/wp-content\/uploads\/2018\/12\/IMG-20181210-WA0019-1024x576.jpg 1024w, https:\/\/noticiasmercedinas.com\/site\/wp-content\/uploads\/2018\/12\/IMG-20181210-WA0019-640x360.jpg 640w, https:\/\/noticiasmercedinas.com\/site\/wp-content\/uploads\/2018\/12\/IMG-20181210-WA0019-681x383.jpg 681w\" sizes=\"auto, (max-width: 1280px) 100vw, 1280px\" \/><\/p>\n","protected":false},"excerpt":{"rendered":"<p>Cristian Falabella Este lunes por la tarde, frente al monumento a Ra\u00fal Alfons\u00edn, desde la UCR Mercedes llevaron adelante un acto homenaje en el 35 aniversario de la democracia en la Argentina. En el bulevar de 30 entre 15 y 17 entre otros referentes del espacio estuvo el presidente del Comit\u00e9, Jorge Aguirre, as\u00ed como [&hellip;]<\/p>\n","protected":false},"author":2,"featured_media":8780,"comment_status":"open","ping_status":"open","sticky":false,"template":"","format":"standard","meta":{"footnotes":""},"categories":[16],"tags":[1773,672,2679,1002],"class_list":["post-8775","post","type-post","status-publish","format-standard","has-post-thumbnail","hentry","category-politica","tag-democracia","tag-homenaje","tag-raul-alfonsin","tag-ucr"],"yoast_head":"<!-- This site is optimized with the Yoast SEO plugin v27.4 - https:\/\/yoast.com\/product\/yoast-seo-wordpress\/ -->\n<title>Homenaje a Alfons\u00edn, a 35 a\u00f1os del retorno de la Democracia<\/title>\n<meta name=\"robots\" content=\"index, follow, max-snippet:-1, max-image-preview:large, max-video-preview:-1\" \/>\n<link rel=\"canonical\" href=\"https:\/\/noticiasmercedinas.com\/site\/2018\/12\/10\/homenaje-a-alfonsin-a-35-anos-del-retorno-de-la-democracia\/\" \/>\n<meta property=\"og:locale\" content=\"es_ES\" \/>\n<meta property=\"og:type\" content=\"article\" \/>\n<meta property=\"og:title\" content=\"Homenaje a Alfons\u00edn, a 35 a\u00f1os del retorno de la Democracia\" \/>\n<meta property=\"og:description\" content=\"Cristian Falabella Este lunes por la tarde, frente al monumento a Ra\u00fal Alfons\u00edn, desde la UCR Mercedes llevaron adelante un acto homenaje en el 35 aniversario de la democracia en la Argentina. En el bulevar de 30 entre 15 y 17 entre otros referentes del espacio estuvo el presidente del Comit\u00e9, Jorge Aguirre, as\u00ed como [&hellip;]\" \/>\n<meta property=\"og:url\" content=\"https:\/\/noticiasmercedinas.com\/site\/2018\/12\/10\/homenaje-a-alfonsin-a-35-anos-del-retorno-de-la-democracia\/\" \/>\n<meta property=\"og:site_name\" content=\"NOTICIASMERCEDINAS.COM\" \/>\n<meta property=\"article:publisher\" content=\"https:\/\/www.facebook.com\/noticiasmercedinas\/\" \/>\n<meta property=\"article:author\" content=\"https:\/\/www.facebook.com\/cristian.falabella\" \/>\n<meta property=\"article:published_time\" content=\"2018-12-10T22:37:29+00:00\" \/>\n<meta property=\"article:modified_time\" content=\"2018-12-18T14:09:34+00:00\" \/>\n<meta property=\"og:image\" content=\"https:\/\/noticiasmercedinas.com\/site\/wp-content\/uploads\/2018\/12\/IMG_20181210_192141.jpg\" \/>\n\t<meta property=\"og:image:width\" content=\"2560\" \/>\n\t<meta property=\"og:image:height\" content=\"1440\" \/>\n\t<meta property=\"og:image:type\" content=\"image\/jpeg\" \/>\n<meta name=\"author\" content=\"Cristian Falabella NOTICIASMERCEDINAS.COM\" \/>\n<meta name=\"twitter:card\" content=\"summary_large_image\" \/>\n<meta name=\"twitter:creator\" content=\"@https:\/\/twitter.com\/NOTMERCEDINAS\" \/>\n<meta name=\"twitter:site\" content=\"@notmercedinas\" \/>\n<meta name=\"twitter:label1\" content=\"Escrito por\" \/>\n\t<meta name=\"twitter:data1\" content=\"Cristian Falabella NOTICIASMERCEDINAS.COM\" \/>\n\t<meta name=\"twitter:label2\" content=\"Tiempo de lectura\" \/>\n\t<meta name=\"twitter:data2\" content=\"3 minutos\" \/>\n<script type=\"application\/ld+json\" class=\"yoast-schema-graph\">{\"@context\":\"https:\\\/\\\/schema.org\",\"@graph\":[{\"@type\":\"Article\",\"@id\":\"https:\\\/\\\/noticiasmercedinas.com\\\/site\\\/2018\\\/12\\\/10\\\/homenaje-a-alfonsin-a-35-anos-del-retorno-de-la-democracia\\\/#article\",\"isPartOf\":{\"@id\":\"https:\\\/\\\/noticiasmercedinas.com\\\/site\\\/2018\\\/12\\\/10\\\/homenaje-a-alfonsin-a-35-anos-del-retorno-de-la-democracia\\\/\"},\"author\":{\"name\":\"Cristian Falabella NOTICIASMERCEDINAS.COM\",\"@id\":\"https:\\\/\\\/noticiasmercedinas.com\\\/site\\\/#\\\/schema\\\/person\\\/d481a9696a5feaec13a60e2bbd991a6a\"},\"headline\":\"Homenaje a Alfons\u00edn, a 35 a\u00f1os del retorno de la Democracia\",\"datePublished\":\"2018-12-10T22:37:29+00:00\",\"dateModified\":\"2018-12-18T14:09:34+00:00\",\"mainEntityOfPage\":{\"@id\":\"https:\\\/\\\/noticiasmercedinas.com\\\/site\\\/2018\\\/12\\\/10\\\/homenaje-a-alfonsin-a-35-anos-del-retorno-de-la-democracia\\\/\"},\"wordCount\":526,\"commentCount\":0,\"publisher\":{\"@id\":\"https:\\\/\\\/noticiasmercedinas.com\\\/site\\\/#organization\"},\"image\":{\"@id\":\"https:\\\/\\\/noticiasmercedinas.com\\\/site\\\/2018\\\/12\\\/10\\\/homenaje-a-alfonsin-a-35-anos-del-retorno-de-la-democracia\\\/#primaryimage\"},\"thumbnailUrl\":\"https:\\\/\\\/noticiasmercedinas.com\\\/site\\\/wp-content\\\/uploads\\\/2018\\\/12\\\/IMG_20181210_192141.jpg\",\"keywords\":[\"democracia\",\"homenaje\",\"raul alfonsin\",\"Ucr\"],\"articleSection\":[\"Politica\"],\"inLanguage\":\"es\",\"potentialAction\":[{\"@type\":\"CommentAction\",\"name\":\"Comment\",\"target\":[\"https:\\\/\\\/noticiasmercedinas.com\\\/site\\\/2018\\\/12\\\/10\\\/homenaje-a-alfonsin-a-35-anos-del-retorno-de-la-democracia\\\/#respond\"]}]},{\"@type\":\"WebPage\",\"@id\":\"https:\\\/\\\/noticiasmercedinas.com\\\/site\\\/2018\\\/12\\\/10\\\/homenaje-a-alfonsin-a-35-anos-del-retorno-de-la-democracia\\\/\",\"url\":\"https:\\\/\\\/noticiasmercedinas.com\\\/site\\\/2018\\\/12\\\/10\\\/homenaje-a-alfonsin-a-35-anos-del-retorno-de-la-democracia\\\/\",\"name\":\"Homenaje a Alfons\u00edn, a 35 a\u00f1os del retorno de la Democracia\",\"isPartOf\":{\"@id\":\"https:\\\/\\\/noticiasmercedinas.com\\\/site\\\/#website\"},\"primaryImageOfPage\":{\"@id\":\"https:\\\/\\\/noticiasmercedinas.com\\\/site\\\/2018\\\/12\\\/10\\\/homenaje-a-alfonsin-a-35-anos-del-retorno-de-la-democracia\\\/#primaryimage\"},\"image\":{\"@id\":\"https:\\\/\\\/noticiasmercedinas.com\\\/site\\\/2018\\\/12\\\/10\\\/homenaje-a-alfonsin-a-35-anos-del-retorno-de-la-democracia\\\/#primaryimage\"},\"thumbnailUrl\":\"https:\\\/\\\/noticiasmercedinas.com\\\/site\\\/wp-content\\\/uploads\\\/2018\\\/12\\\/IMG_20181210_192141.jpg\",\"datePublished\":\"2018-12-10T22:37:29+00:00\",\"dateModified\":\"2018-12-18T14:09:34+00:00\",\"breadcrumb\":{\"@id\":\"https:\\\/\\\/noticiasmercedinas.com\\\/site\\\/2018\\\/12\\\/10\\\/homenaje-a-alfonsin-a-35-anos-del-retorno-de-la-democracia\\\/#breadcrumb\"},\"inLanguage\":\"es\",\"potentialAction\":[{\"@type\":\"ReadAction\",\"target\":[\"https:\\\/\\\/noticiasmercedinas.com\\\/site\\\/2018\\\/12\\\/10\\\/homenaje-a-alfonsin-a-35-anos-del-retorno-de-la-democracia\\\/\"]}]},{\"@type\":\"ImageObject\",\"inLanguage\":\"es\",\"@id\":\"https:\\\/\\\/noticiasmercedinas.com\\\/site\\\/2018\\\/12\\\/10\\\/homenaje-a-alfonsin-a-35-anos-del-retorno-de-la-democracia\\\/#primaryimage\",\"url\":\"https:\\\/\\\/noticiasmercedinas.com\\\/site\\\/wp-content\\\/uploads\\\/2018\\\/12\\\/IMG_20181210_192141.jpg\",\"contentUrl\":\"https:\\\/\\\/noticiasmercedinas.com\\\/site\\\/wp-content\\\/uploads\\\/2018\\\/12\\\/IMG_20181210_192141.jpg\",\"width\":2560,\"height\":1440},{\"@type\":\"BreadcrumbList\",\"@id\":\"https:\\\/\\\/noticiasmercedinas.com\\\/site\\\/2018\\\/12\\\/10\\\/homenaje-a-alfonsin-a-35-anos-del-retorno-de-la-democracia\\\/#breadcrumb\",\"itemListElement\":[{\"@type\":\"ListItem\",\"position\":1,\"name\":\"Portada\",\"item\":\"https:\\\/\\\/noticiasmercedinas.com\\\/site\\\/\"},{\"@type\":\"ListItem\",\"position\":2,\"name\":\"Homenaje a Alfons\u00edn, a 35 a\u00f1os del retorno de la Democracia\"}]},{\"@type\":\"WebSite\",\"@id\":\"https:\\\/\\\/noticiasmercedinas.com\\\/site\\\/#website\",\"url\":\"https:\\\/\\\/noticiasmercedinas.com\\\/site\\\/\",\"name\":\"NOTICIASMERCEDINAS.COM\",\"description\":\"Mercedes, Buenos Aires, Argentina\",\"publisher\":{\"@id\":\"https:\\\/\\\/noticiasmercedinas.com\\\/site\\\/#organization\"},\"potentialAction\":[{\"@type\":\"SearchAction\",\"target\":{\"@type\":\"EntryPoint\",\"urlTemplate\":\"https:\\\/\\\/noticiasmercedinas.com\\\/site\\\/?s={search_term_string}\"},\"query-input\":{\"@type\":\"PropertyValueSpecification\",\"valueRequired\":true,\"valueName\":\"search_term_string\"}}],\"inLanguage\":\"es\"},{\"@type\":\"Organization\",\"@id\":\"https:\\\/\\\/noticiasmercedinas.com\\\/site\\\/#organization\",\"name\":\"NOTICIASMERCEDINAS.COM\",\"url\":\"https:\\\/\\\/noticiasmercedinas.com\\\/site\\\/\",\"logo\":{\"@type\":\"ImageObject\",\"inLanguage\":\"es\",\"@id\":\"https:\\\/\\\/noticiasmercedinas.com\\\/site\\\/#\\\/schema\\\/logo\\\/image\\\/\",\"url\":\"https:\\\/\\\/noticiasmercedinas.com\\\/site\\\/wp-content\\\/uploads\\\/2020\\\/06\\\/LOGO-512.jpg\",\"contentUrl\":\"https:\\\/\\\/noticiasmercedinas.com\\\/site\\\/wp-content\\\/uploads\\\/2020\\\/06\\\/LOGO-512.jpg\",\"width\":512,\"height\":512,\"caption\":\"NOTICIASMERCEDINAS.COM\"},\"image\":{\"@id\":\"https:\\\/\\\/noticiasmercedinas.com\\\/site\\\/#\\\/schema\\\/logo\\\/image\\\/\"},\"sameAs\":[\"https:\\\/\\\/www.facebook.com\\\/noticiasmercedinas\\\/\",\"https:\\\/\\\/x.com\\\/notmercedinas\",\"https:\\\/\\\/www.instagram.com\\\/noticiasmercedinas\\\/\"]},{\"@type\":\"Person\",\"@id\":\"https:\\\/\\\/noticiasmercedinas.com\\\/site\\\/#\\\/schema\\\/person\\\/d481a9696a5feaec13a60e2bbd991a6a\",\"name\":\"Cristian Falabella NOTICIASMERCEDINAS.COM\",\"image\":{\"@type\":\"ImageObject\",\"inLanguage\":\"es\",\"@id\":\"https:\\\/\\\/secure.gravatar.com\\\/avatar\\\/0dbbfc45970cc46bcd0e57766228574ff3511d6eed045b182f536f0f478c1f06?s=96&d=mm&r=g\",\"url\":\"https:\\\/\\\/secure.gravatar.com\\\/avatar\\\/0dbbfc45970cc46bcd0e57766228574ff3511d6eed045b182f536f0f478c1f06?s=96&d=mm&r=g\",\"contentUrl\":\"https:\\\/\\\/secure.gravatar.com\\\/avatar\\\/0dbbfc45970cc46bcd0e57766228574ff3511d6eed045b182f536f0f478c1f06?s=96&d=mm&r=g\",\"caption\":\"Cristian Falabella NOTICIASMERCEDINAS.COM\"},\"description\":\"Periodista, editor de Noticias Mercedinas. Pas\u00f3 por varias redacciones y emprendimientos de prensa, en distintos formatos y \u00e9pocas. Se especializ\u00f3 --y sigue haci\u00e9ndolo-- en comunicaci\u00f3n en la web y en junio de 2006 fund\u00f3 este diario digital.\",\"sameAs\":[\"https:\\\/\\\/noticiasmercedinas.com\",\"https:\\\/\\\/www.facebook.com\\\/cristian.falabella\",\"https:\\\/\\\/www.instagram.com\\\/noticiasmercedinas\\\/\",\"https:\\\/\\\/x.com\\\/https:\\\/\\\/twitter.com\\\/NOTMERCEDINAS\"],\"url\":\"https:\\\/\\\/noticiasmercedinas.com\\\/site\\\/author\\\/as000384\\\/\"}]}<\/script>\n<!-- \/ Yoast SEO plugin. -->","yoast_head_json":{"title":"Homenaje a Alfons\u00edn, a 35 a\u00f1os del retorno de la Democracia","robots":{"index":"index","follow":"follow","max-snippet":"max-snippet:-1","max-image-preview":"max-image-preview:large","max-video-preview":"max-video-preview:-1"},"canonical":"https:\/\/noticiasmercedinas.com\/site\/2018\/12\/10\/homenaje-a-alfonsin-a-35-anos-del-retorno-de-la-democracia\/","og_locale":"es_ES","og_type":"article","og_title":"Homenaje a Alfons\u00edn, a 35 a\u00f1os del retorno de la Democracia","og_description":"Cristian Falabella Este lunes por la tarde, frente al monumento a Ra\u00fal Alfons\u00edn, desde la UCR Mercedes llevaron adelante un acto homenaje en el 35 aniversario de la democracia en la Argentina. En el bulevar de 30 entre 15 y 17 entre otros referentes del espacio estuvo el presidente del Comit\u00e9, Jorge Aguirre, as\u00ed como [&hellip;]","og_url":"https:\/\/noticiasmercedinas.com\/site\/2018\/12\/10\/homenaje-a-alfonsin-a-35-anos-del-retorno-de-la-democracia\/","og_site_name":"NOTICIASMERCEDINAS.COM","article_publisher":"https:\/\/www.facebook.com\/noticiasmercedinas\/","article_author":"https:\/\/www.facebook.com\/cristian.falabella","article_published_time":"2018-12-10T22:37:29+00:00","article_modified_time":"2018-12-18T14:09:34+00:00","og_image":[{"width":2560,"height":1440,"url":"https:\/\/noticiasmercedinas.com\/site\/wp-content\/uploads\/2018\/12\/IMG_20181210_192141.jpg","type":"image\/jpeg"}],"author":"Cristian Falabella NOTICIASMERCEDINAS.COM","twitter_card":"summary_large_image","twitter_creator":"@https:\/\/twitter.com\/NOTMERCEDINAS","twitter_site":"@notmercedinas","twitter_misc":{"Escrito por":"Cristian Falabella NOTICIASMERCEDINAS.COM","Tiempo de lectura":"3 minutos"},"schema":{"@context":"https:\/\/schema.org","@graph":[{"@type":"Article","@id":"https:\/\/noticiasmercedinas.com\/site\/2018\/12\/10\/homenaje-a-alfonsin-a-35-anos-del-retorno-de-la-democracia\/#article","isPartOf":{"@id":"https:\/\/noticiasmercedinas.com\/site\/2018\/12\/10\/homenaje-a-alfonsin-a-35-anos-del-retorno-de-la-democracia\/"},"author":{"name":"Cristian Falabella NOTICIASMERCEDINAS.COM","@id":"https:\/\/noticiasmercedinas.com\/site\/#\/schema\/person\/d481a9696a5feaec13a60e2bbd991a6a"},"headline":"Homenaje a Alfons\u00edn, a 35 a\u00f1os del retorno de la Democracia","datePublished":"2018-12-10T22:37:29+00:00","dateModified":"2018-12-18T14:09:34+00:00","mainEntityOfPage":{"@id":"https:\/\/noticiasmercedinas.com\/site\/2018\/12\/10\/homenaje-a-alfonsin-a-35-anos-del-retorno-de-la-democracia\/"},"wordCount":526,"commentCount":0,"publisher":{"@id":"https:\/\/noticiasmercedinas.com\/site\/#organization"},"image":{"@id":"https:\/\/noticiasmercedinas.com\/site\/2018\/12\/10\/homenaje-a-alfonsin-a-35-anos-del-retorno-de-la-democracia\/#primaryimage"},"thumbnailUrl":"https:\/\/noticiasmercedinas.com\/site\/wp-content\/uploads\/2018\/12\/IMG_20181210_192141.jpg","keywords":["democracia","homenaje","raul alfonsin","Ucr"],"articleSection":["Politica"],"inLanguage":"es","potentialAction":[{"@type":"CommentAction","name":"Comment","target":["https:\/\/noticiasmercedinas.com\/site\/2018\/12\/10\/homenaje-a-alfonsin-a-35-anos-del-retorno-de-la-democracia\/#respond"]}]},{"@type":"WebPage","@id":"https:\/\/noticiasmercedinas.com\/site\/2018\/12\/10\/homenaje-a-alfonsin-a-35-anos-del-retorno-de-la-democracia\/","url":"https:\/\/noticiasmercedinas.com\/site\/2018\/12\/10\/homenaje-a-alfonsin-a-35-anos-del-retorno-de-la-democracia\/","name":"Homenaje a Alfons\u00edn, a 35 a\u00f1os del retorno de la Democracia","isPartOf":{"@id":"https:\/\/noticiasmercedinas.com\/site\/#website"},"primaryImageOfPage":{"@id":"https:\/\/noticiasmercedinas.com\/site\/2018\/12\/10\/homenaje-a-alfonsin-a-35-anos-del-retorno-de-la-democracia\/#primaryimage"},"image":{"@id":"https:\/\/noticiasmercedinas.com\/site\/2018\/12\/10\/homenaje-a-alfonsin-a-35-anos-del-retorno-de-la-democracia\/#primaryimage"},"thumbnailUrl":"https:\/\/noticiasmercedinas.com\/site\/wp-content\/uploads\/2018\/12\/IMG_20181210_192141.jpg","datePublished":"2018-12-10T22:37:29+00:00","dateModified":"2018-12-18T14:09:34+00:00","breadcrumb":{"@id":"https:\/\/noticiasmercedinas.com\/site\/2018\/12\/10\/homenaje-a-alfonsin-a-35-anos-del-retorno-de-la-democracia\/#breadcrumb"},"inLanguage":"es","potentialAction":[{"@type":"ReadAction","target":["https:\/\/noticiasmercedinas.com\/site\/2018\/12\/10\/homenaje-a-alfonsin-a-35-anos-del-retorno-de-la-democracia\/"]}]},{"@type":"ImageObject","inLanguage":"es","@id":"https:\/\/noticiasmercedinas.com\/site\/2018\/12\/10\/homenaje-a-alfonsin-a-35-anos-del-retorno-de-la-democracia\/#primaryimage","url":"https:\/\/noticiasmercedinas.com\/site\/wp-content\/uploads\/2018\/12\/IMG_20181210_192141.jpg","contentUrl":"https:\/\/noticiasmercedinas.com\/site\/wp-content\/uploads\/2018\/12\/IMG_20181210_192141.jpg","width":2560,"height":1440},{"@type":"BreadcrumbList","@id":"https:\/\/noticiasmercedinas.com\/site\/2018\/12\/10\/homenaje-a-alfonsin-a-35-anos-del-retorno-de-la-democracia\/#breadcrumb","itemListElement":[{"@type":"ListItem","position":1,"name":"Portada","item":"https:\/\/noticiasmercedinas.com\/site\/"},{"@type":"ListItem","position":2,"name":"Homenaje a Alfons\u00edn, a 35 a\u00f1os del retorno de la Democracia"}]},{"@type":"WebSite","@id":"https:\/\/noticiasmercedinas.com\/site\/#website","url":"https:\/\/noticiasmercedinas.com\/site\/","name":"NOTICIASMERCEDINAS.COM","description":"Mercedes, Buenos Aires, Argentina","publisher":{"@id":"https:\/\/noticiasmercedinas.com\/site\/#organization"},"potentialAction":[{"@type":"SearchAction","target":{"@type":"EntryPoint","urlTemplate":"https:\/\/noticiasmercedinas.com\/site\/?s={search_term_string}"},"query-input":{"@type":"PropertyValueSpecification","valueRequired":true,"valueName":"search_term_string"}}],"inLanguage":"es"},{"@type":"Organization","@id":"https:\/\/noticiasmercedinas.com\/site\/#organization","name":"NOTICIASMERCEDINAS.COM","url":"https:\/\/noticiasmercedinas.com\/site\/","logo":{"@type":"ImageObject","inLanguage":"es","@id":"https:\/\/noticiasmercedinas.com\/site\/#\/schema\/logo\/image\/","url":"https:\/\/noticiasmercedinas.com\/site\/wp-content\/uploads\/2020\/06\/LOGO-512.jpg","contentUrl":"https:\/\/noticiasmercedinas.com\/site\/wp-content\/uploads\/2020\/06\/LOGO-512.jpg","width":512,"height":512,"caption":"NOTICIASMERCEDINAS.COM"},"image":{"@id":"https:\/\/noticiasmercedinas.com\/site\/#\/schema\/logo\/image\/"},"sameAs":["https:\/\/www.facebook.com\/noticiasmercedinas\/","https:\/\/x.com\/notmercedinas","https:\/\/www.instagram.com\/noticiasmercedinas\/"]},{"@type":"Person","@id":"https:\/\/noticiasmercedinas.com\/site\/#\/schema\/person\/d481a9696a5feaec13a60e2bbd991a6a","name":"Cristian Falabella NOTICIASMERCEDINAS.COM","image":{"@type":"ImageObject","inLanguage":"es","@id":"https:\/\/secure.gravatar.com\/avatar\/0dbbfc45970cc46bcd0e57766228574ff3511d6eed045b182f536f0f478c1f06?s=96&d=mm&r=g","url":"https:\/\/secure.gravatar.com\/avatar\/0dbbfc45970cc46bcd0e57766228574ff3511d6eed045b182f536f0f478c1f06?s=96&d=mm&r=g","contentUrl":"https:\/\/secure.gravatar.com\/avatar\/0dbbfc45970cc46bcd0e57766228574ff3511d6eed045b182f536f0f478c1f06?s=96&d=mm&r=g","caption":"Cristian Falabella NOTICIASMERCEDINAS.COM"},"description":"Periodista, editor de Noticias Mercedinas. Pas\u00f3 por varias redacciones y emprendimientos de prensa, en distintos formatos y \u00e9pocas. Se especializ\u00f3 --y sigue haci\u00e9ndolo-- en comunicaci\u00f3n en la web y en junio de 2006 fund\u00f3 este diario digital.","sameAs":["https:\/\/noticiasmercedinas.com","https:\/\/www.facebook.com\/cristian.falabella","https:\/\/www.instagram.com\/noticiasmercedinas\/","https:\/\/x.com\/https:\/\/twitter.com\/NOTMERCEDINAS"],"url":"https:\/\/noticiasmercedinas.com\/site\/author\/as000384\/"}]}},"amp_enabled":true,"_links":{"self":[{"href":"https:\/\/noticiasmercedinas.com\/site\/wp-json\/wp\/v2\/posts\/8775","targetHints":{"allow":["GET"]}}],"collection":[{"href":"https:\/\/noticiasmercedinas.com\/site\/wp-json\/wp\/v2\/posts"}],"about":[{"href":"https:\/\/noticiasmercedinas.com\/site\/wp-json\/wp\/v2\/types\/post"}],"author":[{"embeddable":true,"href":"https:\/\/noticiasmercedinas.com\/site\/wp-json\/wp\/v2\/users\/2"}],"replies":[{"embeddable":true,"href":"https:\/\/noticiasmercedinas.com\/site\/wp-json\/wp\/v2\/comments?post=8775"}],"version-history":[{"count":13,"href":"https:\/\/noticiasmercedinas.com\/site\/wp-json\/wp\/v2\/posts\/8775\/revisions"}],"predecessor-version":[{"id":9317,"href":"https:\/\/noticiasmercedinas.com\/site\/wp-json\/wp\/v2\/posts\/8775\/revisions\/9317"}],"wp:featuredmedia":[{"embeddable":true,"href":"https:\/\/noticiasmercedinas.com\/site\/wp-json\/wp\/v2\/media\/8780"}],"wp:attachment":[{"href":"https:\/\/noticiasmercedinas.com\/site\/wp-json\/wp\/v2\/media?parent=8775"}],"wp:term":[{"taxonomy":"category","embeddable":true,"href":"https:\/\/noticiasmercedinas.com\/site\/wp-json\/wp\/v2\/categories?post=8775"},{"taxonomy":"post_tag","embeddable":true,"href":"https:\/\/noticiasmercedinas.com\/site\/wp-json\/wp\/v2\/tags?post=8775"}],"curies":[{"name":"wp","href":"https:\/\/api.w.org\/{rel}","templated":true}]}}