{"id":8822,"date":"2018-12-11T11:38:39","date_gmt":"2018-12-11T14:38:39","guid":{"rendered":"https:\/\/noticiasmercedinas.com\/site\/?p=8822"},"modified":"2018-12-11T11:38:39","modified_gmt":"2018-12-11T14:38:39","slug":"este-martes-no-habra-ciclismo","status":"publish","type":"post","link":"https:\/\/noticiasmercedinas.com\/site\/2018\/12\/11\/este-martes-no-habra-ciclismo\/","title":{"rendered":"Este martes no habr\u00e1 ciclismo"},"content":{"rendered":"<p><strong>La lluvia complica y el programa de carreras que se iba a disputar se trasladar al martes 18 desde las 20. En el Ranking de la Doble Bragado ya son 7 los clasificados y entre ellos est\u00e1 el KTM. Queda una fecha para definir todo en Esteban Echeverr\u00eda.<\/strong><br \/>\n<img loading=\"lazy\" decoding=\"async\" class=\"alignnone size-full wp-image-8823\" src=\"https:\/\/noticiasmercedinas.com\/site\/wp-content\/uploads\/2018\/12\/47792680_1172107932930320_5968871842599927808_n.jpg\" alt=\"\" width=\"720\" height=\"433\" srcset=\"https:\/\/noticiasmercedinas.com\/site\/wp-content\/uploads\/2018\/12\/47792680_1172107932930320_5968871842599927808_n.jpg 720w, https:\/\/noticiasmercedinas.com\/site\/wp-content\/uploads\/2018\/12\/47792680_1172107932930320_5968871842599927808_n-300x180.jpg 300w, https:\/\/noticiasmercedinas.com\/site\/wp-content\/uploads\/2018\/12\/47792680_1172107932930320_5968871842599927808_n-640x385.jpg 640w, https:\/\/noticiasmercedinas.com\/site\/wp-content\/uploads\/2018\/12\/47792680_1172107932930320_5968871842599927808_n-681x410.jpg 681w\" sizes=\"auto, (max-width: 720px) 100vw, 720px\" \/><br \/>\nEsta noche se iba a celebrar en el circuito del Parque Independencia una martes m\u00e1s de ciclismo, la lluvia obliga a suspender la actividad que retornar\u00e1 el pr\u00f3ximo martes 18. A las 20 se iniciar\u00e1 todo con Rural Bike, le seguir\u00e1 el ciclismo tradicional con Debutantes, Master B y C quedando para el final de la noche la Elite y Sub 23.<\/p>\n<p><strong>Ranking Doble Bragado<\/strong><br \/>\nLos 10 primeros clasifican a la 84\u00b0 Doble Bragado 2019, ya son 7 los que consiguieron el lugar y quedan s\u00f3lo 3 lugares y una fecha el 23 de diciembre en Esteban Echeverr\u00eda. 8 equipos m\u00e1s ser\u00e1n invitados por el Club Ciclista Naci\u00f3n: tres de la Patagonia, dos de Uruguay, uno de Paraguay, otro de Chile y Brasil.<\/p>\n<p>En lo que respecta a la escuadras con mercedinos, el KTM donde se encuentra Dar\u00edo Oliva a partir del resultado del s\u00e1bado se clasific\u00f3. El Ciudad de Mercedes cay\u00f3 a la d\u00e9cima posici\u00f3n y al momento no se asegur\u00f3 una plaza, de terminar all\u00ed estar\u00e1 largado el domingo 2 de febrero. En lo que respecta al JEA Construcciones de Jorge Morales si bien gan\u00f3 una posici\u00f3n se encuentra en el puesto 13\u00b0.<\/p>\n<p>1\u00ba Ciudad de Chivilcoy 1364 \u2013 Clasificado.<br \/>\n2\u00ba\u00a0 SAT 1229 \u2013 Clasificado.<br \/>\n3\u00ba Ciudad de Pehuaj\u00f3 1053 \u2013 Clasificado.<br \/>\n4\u00ba Giant 800 \u2013 Clasificado.<br \/>\n5\u00ba Bragado Cicles Club 644 \u2013 Clasificado.<br \/>\n<strong>6\u00ba KTM 519 \u2013 Clasificado.<\/strong><br \/>\n7\u00ba Ciudad de Lan\u00fas 426 \u2013 Clasificado.<br \/>\n8\u00ba Club Ciclista Bragado 301.<br \/>\n9\u00ba Transporte El Sol (9 de Julio) 287.<br \/>\n<strong>10\u00ba Ciudad de Mercedes 272. <\/strong><br \/>\n11\u00ba Municipalidad de Carlos Casares 233.<br \/>\n12\u00ba Aspor Jun\u00edn 213.<br \/>\n<strong>13\u00ba JEA Construcciones 191.<\/strong><br \/>\n14\u00ba Cicles Imperio 191.<br \/>\n15\u00ba Pe\u00f1a Ciclista Calulo Anacoreto 111.<br \/>\n16\u00ba Cascos Naranja 69.<br \/>\n17\u00ba Ciudad de Col\u00f3n 58.<br \/>\n18\u00ba Expo Ladrillos &#8211; Buona Vita Sport 22.<br \/>\n19\u00ba Fulanos Ciudad de Villa Ca\u00f1as 20.<br \/>\n20\u00ba Bicicleteria Cyntia Elena Indubike 11.<\/p>\n","protected":false},"excerpt":{"rendered":"<p>La lluvia complica y el programa de carreras que se iba a disputar se trasladar al martes 18 desde las 20. En el Ranking de la Doble Bragado ya son 7 los clasificados y entre ellos est\u00e1 el KTM. Queda una fecha para definir todo en Esteban Echeverr\u00eda. Esta noche se iba a celebrar en [&hellip;]<\/p>\n","protected":false},"author":6,"featured_media":8823,"comment_status":"open","ping_status":"open","sticky":false,"template":"","format":"standard","meta":{"footnotes":""},"categories":[5],"tags":[2750],"class_list":["post-8822","post","type-post","status-publish","format-standard","has-post-thumbnail","hentry","category-deportes","tag-cciclismo"],"yoast_head":"<!-- This site is optimized with the Yoast SEO plugin v27.5 - https:\/\/yoast.com\/product\/yoast-seo-wordpress\/ -->\n<title>Este martes no habr\u00e1 ciclismo<\/title>\n<meta name=\"robots\" content=\"index, follow, max-snippet:-1, max-image-preview:large, max-video-preview:-1\" \/>\n<link rel=\"canonical\" href=\"https:\/\/noticiasmercedinas.com\/site\/2018\/12\/11\/este-martes-no-habra-ciclismo\/\" \/>\n<meta property=\"og:locale\" content=\"es_ES\" \/>\n<meta property=\"og:type\" content=\"article\" \/>\n<meta property=\"og:title\" content=\"Este martes no habr\u00e1 ciclismo\" \/>\n<meta property=\"og:description\" content=\"La lluvia complica y el programa de carreras que se iba a disputar se trasladar al martes 18 desde las 20. En el Ranking de la Doble Bragado ya son 7 los clasificados y entre ellos est\u00e1 el KTM. Queda una fecha para definir todo en Esteban Echeverr\u00eda. Esta noche se iba a celebrar en [&hellip;]\" \/>\n<meta property=\"og:url\" content=\"https:\/\/noticiasmercedinas.com\/site\/2018\/12\/11\/este-martes-no-habra-ciclismo\/\" \/>\n<meta property=\"og:site_name\" content=\"NOTICIASMERCEDINAS.COM\" \/>\n<meta property=\"article:publisher\" content=\"https:\/\/www.facebook.com\/noticiasmercedinas\/\" \/>\n<meta property=\"article:published_time\" content=\"2018-12-11T14:38:39+00:00\" \/>\n<meta property=\"og:image\" content=\"https:\/\/noticiasmercedinas.com\/site\/wp-content\/uploads\/2018\/12\/47792680_1172107932930320_5968871842599927808_n.jpg\" \/>\n\t<meta property=\"og:image:width\" content=\"720\" \/>\n\t<meta property=\"og:image:height\" content=\"433\" \/>\n\t<meta property=\"og:image:type\" content=\"image\/jpeg\" \/>\n<meta name=\"author\" content=\"Juan Dagnino NOTICIASMERCEDINAS.COM\" \/>\n<meta name=\"twitter:card\" content=\"summary_large_image\" \/>\n<meta name=\"twitter:creator\" content=\"@notmercedinas\" \/>\n<meta name=\"twitter:site\" content=\"@notmercedinas\" \/>\n<meta name=\"twitter:label1\" content=\"Escrito por\" \/>\n\t<meta name=\"twitter:data1\" content=\"Juan Dagnino NOTICIASMERCEDINAS.COM\" \/>\n\t<meta name=\"twitter:label2\" content=\"Tiempo de lectura\" \/>\n\t<meta name=\"twitter:data2\" content=\"2 minutos\" \/>\n<script type=\"application\/ld+json\" class=\"yoast-schema-graph\">{\"@context\":\"https:\\\/\\\/schema.org\",\"@graph\":[{\"@type\":\"Article\",\"@id\":\"https:\\\/\\\/noticiasmercedinas.com\\\/site\\\/2018\\\/12\\\/11\\\/este-martes-no-habra-ciclismo\\\/#article\",\"isPartOf\":{\"@id\":\"https:\\\/\\\/noticiasmercedinas.com\\\/site\\\/2018\\\/12\\\/11\\\/este-martes-no-habra-ciclismo\\\/\"},\"author\":{\"name\":\"Juan Dagnino NOTICIASMERCEDINAS.COM\",\"@id\":\"https:\\\/\\\/noticiasmercedinas.com\\\/site\\\/#\\\/schema\\\/person\\\/8f2f09d666ef40986eba4a5e6f2a06f9\"},\"headline\":\"Este martes no habr\u00e1 ciclismo\",\"datePublished\":\"2018-12-11T14:38:39+00:00\",\"mainEntityOfPage\":{\"@id\":\"https:\\\/\\\/noticiasmercedinas.com\\\/site\\\/2018\\\/12\\\/11\\\/este-martes-no-habra-ciclismo\\\/\"},\"wordCount\":318,\"commentCount\":0,\"publisher\":{\"@id\":\"https:\\\/\\\/noticiasmercedinas.com\\\/site\\\/#organization\"},\"image\":{\"@id\":\"https:\\\/\\\/noticiasmercedinas.com\\\/site\\\/2018\\\/12\\\/11\\\/este-martes-no-habra-ciclismo\\\/#primaryimage\"},\"thumbnailUrl\":\"https:\\\/\\\/noticiasmercedinas.com\\\/site\\\/wp-content\\\/uploads\\\/2018\\\/12\\\/47792680_1172107932930320_5968871842599927808_n.jpg\",\"keywords\":[\"cciclismo\"],\"articleSection\":[\"Deportes\"],\"inLanguage\":\"es\",\"potentialAction\":[{\"@type\":\"CommentAction\",\"name\":\"Comment\",\"target\":[\"https:\\\/\\\/noticiasmercedinas.com\\\/site\\\/2018\\\/12\\\/11\\\/este-martes-no-habra-ciclismo\\\/#respond\"]}]},{\"@type\":\"WebPage\",\"@id\":\"https:\\\/\\\/noticiasmercedinas.com\\\/site\\\/2018\\\/12\\\/11\\\/este-martes-no-habra-ciclismo\\\/\",\"url\":\"https:\\\/\\\/noticiasmercedinas.com\\\/site\\\/2018\\\/12\\\/11\\\/este-martes-no-habra-ciclismo\\\/\",\"name\":\"Este martes no habr\u00e1 ciclismo\",\"isPartOf\":{\"@id\":\"https:\\\/\\\/noticiasmercedinas.com\\\/site\\\/#website\"},\"primaryImageOfPage\":{\"@id\":\"https:\\\/\\\/noticiasmercedinas.com\\\/site\\\/2018\\\/12\\\/11\\\/este-martes-no-habra-ciclismo\\\/#primaryimage\"},\"image\":{\"@id\":\"https:\\\/\\\/noticiasmercedinas.com\\\/site\\\/2018\\\/12\\\/11\\\/este-martes-no-habra-ciclismo\\\/#primaryimage\"},\"thumbnailUrl\":\"https:\\\/\\\/noticiasmercedinas.com\\\/site\\\/wp-content\\\/uploads\\\/2018\\\/12\\\/47792680_1172107932930320_5968871842599927808_n.jpg\",\"datePublished\":\"2018-12-11T14:38:39+00:00\",\"breadcrumb\":{\"@id\":\"https:\\\/\\\/noticiasmercedinas.com\\\/site\\\/2018\\\/12\\\/11\\\/este-martes-no-habra-ciclismo\\\/#breadcrumb\"},\"inLanguage\":\"es\",\"potentialAction\":[{\"@type\":\"ReadAction\",\"target\":[\"https:\\\/\\\/noticiasmercedinas.com\\\/site\\\/2018\\\/12\\\/11\\\/este-martes-no-habra-ciclismo\\\/\"]}]},{\"@type\":\"ImageObject\",\"inLanguage\":\"es\",\"@id\":\"https:\\\/\\\/noticiasmercedinas.com\\\/site\\\/2018\\\/12\\\/11\\\/este-martes-no-habra-ciclismo\\\/#primaryimage\",\"url\":\"https:\\\/\\\/noticiasmercedinas.com\\\/site\\\/wp-content\\\/uploads\\\/2018\\\/12\\\/47792680_1172107932930320_5968871842599927808_n.jpg\",\"contentUrl\":\"https:\\\/\\\/noticiasmercedinas.com\\\/site\\\/wp-content\\\/uploads\\\/2018\\\/12\\\/47792680_1172107932930320_5968871842599927808_n.jpg\",\"width\":720,\"height\":433},{\"@type\":\"BreadcrumbList\",\"@id\":\"https:\\\/\\\/noticiasmercedinas.com\\\/site\\\/2018\\\/12\\\/11\\\/este-martes-no-habra-ciclismo\\\/#breadcrumb\",\"itemListElement\":[{\"@type\":\"ListItem\",\"position\":1,\"name\":\"Portada\",\"item\":\"https:\\\/\\\/noticiasmercedinas.com\\\/site\\\/\"},{\"@type\":\"ListItem\",\"position\":2,\"name\":\"Este martes no habr\u00e1 ciclismo\"}]},{\"@type\":\"WebSite\",\"@id\":\"https:\\\/\\\/noticiasmercedinas.com\\\/site\\\/#website\",\"url\":\"https:\\\/\\\/noticiasmercedinas.com\\\/site\\\/\",\"name\":\"NOTICIASMERCEDINAS.COM\",\"description\":\"Mercedes, Buenos Aires, Argentina\",\"publisher\":{\"@id\":\"https:\\\/\\\/noticiasmercedinas.com\\\/site\\\/#organization\"},\"potentialAction\":[{\"@type\":\"SearchAction\",\"target\":{\"@type\":\"EntryPoint\",\"urlTemplate\":\"https:\\\/\\\/noticiasmercedinas.com\\\/site\\\/?s={search_term_string}\"},\"query-input\":{\"@type\":\"PropertyValueSpecification\",\"valueRequired\":true,\"valueName\":\"search_term_string\"}}],\"inLanguage\":\"es\"},{\"@type\":\"Organization\",\"@id\":\"https:\\\/\\\/noticiasmercedinas.com\\\/site\\\/#organization\",\"name\":\"NOTICIASMERCEDINAS.COM\",\"url\":\"https:\\\/\\\/noticiasmercedinas.com\\\/site\\\/\",\"logo\":{\"@type\":\"ImageObject\",\"inLanguage\":\"es\",\"@id\":\"https:\\\/\\\/noticiasmercedinas.com\\\/site\\\/#\\\/schema\\\/logo\\\/image\\\/\",\"url\":\"https:\\\/\\\/noticiasmercedinas.com\\\/site\\\/wp-content\\\/uploads\\\/2020\\\/06\\\/LOGO-512.jpg\",\"contentUrl\":\"https:\\\/\\\/noticiasmercedinas.com\\\/site\\\/wp-content\\\/uploads\\\/2020\\\/06\\\/LOGO-512.jpg\",\"width\":512,\"height\":512,\"caption\":\"NOTICIASMERCEDINAS.COM\"},\"image\":{\"@id\":\"https:\\\/\\\/noticiasmercedinas.com\\\/site\\\/#\\\/schema\\\/logo\\\/image\\\/\"},\"sameAs\":[\"https:\\\/\\\/www.facebook.com\\\/noticiasmercedinas\\\/\",\"https:\\\/\\\/x.com\\\/notmercedinas\",\"https:\\\/\\\/www.instagram.com\\\/noticiasmercedinas\\\/\"]},{\"@type\":\"Person\",\"@id\":\"https:\\\/\\\/noticiasmercedinas.com\\\/site\\\/#\\\/schema\\\/person\\\/8f2f09d666ef40986eba4a5e6f2a06f9\",\"name\":\"Juan Dagnino NOTICIASMERCEDINAS.COM\",\"image\":{\"@type\":\"ImageObject\",\"inLanguage\":\"es\",\"@id\":\"https:\\\/\\\/secure.gravatar.com\\\/avatar\\\/fc7059a769f5a3cae65fadb228a3e4accf3a64b4b2305020d0a27e6d5333c91b?s=96&d=mm&r=g\",\"url\":\"https:\\\/\\\/secure.gravatar.com\\\/avatar\\\/fc7059a769f5a3cae65fadb228a3e4accf3a64b4b2305020d0a27e6d5333c91b?s=96&d=mm&r=g\",\"contentUrl\":\"https:\\\/\\\/secure.gravatar.com\\\/avatar\\\/fc7059a769f5a3cae65fadb228a3e4accf3a64b4b2305020d0a27e6d5333c91b?s=96&d=mm&r=g\",\"caption\":\"Juan Dagnino NOTICIASMERCEDINAS.COM\"},\"url\":\"https:\\\/\\\/noticiasmercedinas.com\\\/site\\\/author\\\/juandagnino\\\/\"}]}<\/script>\n<!-- \/ Yoast SEO plugin. -->","yoast_head_json":{"title":"Este martes no habr\u00e1 ciclismo","robots":{"index":"index","follow":"follow","max-snippet":"max-snippet:-1","max-image-preview":"max-image-preview:large","max-video-preview":"max-video-preview:-1"},"canonical":"https:\/\/noticiasmercedinas.com\/site\/2018\/12\/11\/este-martes-no-habra-ciclismo\/","og_locale":"es_ES","og_type":"article","og_title":"Este martes no habr\u00e1 ciclismo","og_description":"La lluvia complica y el programa de carreras que se iba a disputar se trasladar al martes 18 desde las 20. En el Ranking de la Doble Bragado ya son 7 los clasificados y entre ellos est\u00e1 el KTM. Queda una fecha para definir todo en Esteban Echeverr\u00eda. Esta noche se iba a celebrar en [&hellip;]","og_url":"https:\/\/noticiasmercedinas.com\/site\/2018\/12\/11\/este-martes-no-habra-ciclismo\/","og_site_name":"NOTICIASMERCEDINAS.COM","article_publisher":"https:\/\/www.facebook.com\/noticiasmercedinas\/","article_published_time":"2018-12-11T14:38:39+00:00","og_image":[{"width":720,"height":433,"url":"https:\/\/noticiasmercedinas.com\/site\/wp-content\/uploads\/2018\/12\/47792680_1172107932930320_5968871842599927808_n.jpg","type":"image\/jpeg"}],"author":"Juan Dagnino NOTICIASMERCEDINAS.COM","twitter_card":"summary_large_image","twitter_creator":"@notmercedinas","twitter_site":"@notmercedinas","twitter_misc":{"Escrito por":"Juan Dagnino NOTICIASMERCEDINAS.COM","Tiempo de lectura":"2 minutos"},"schema":{"@context":"https:\/\/schema.org","@graph":[{"@type":"Article","@id":"https:\/\/noticiasmercedinas.com\/site\/2018\/12\/11\/este-martes-no-habra-ciclismo\/#article","isPartOf":{"@id":"https:\/\/noticiasmercedinas.com\/site\/2018\/12\/11\/este-martes-no-habra-ciclismo\/"},"author":{"name":"Juan Dagnino NOTICIASMERCEDINAS.COM","@id":"https:\/\/noticiasmercedinas.com\/site\/#\/schema\/person\/8f2f09d666ef40986eba4a5e6f2a06f9"},"headline":"Este martes no habr\u00e1 ciclismo","datePublished":"2018-12-11T14:38:39+00:00","mainEntityOfPage":{"@id":"https:\/\/noticiasmercedinas.com\/site\/2018\/12\/11\/este-martes-no-habra-ciclismo\/"},"wordCount":318,"commentCount":0,"publisher":{"@id":"https:\/\/noticiasmercedinas.com\/site\/#organization"},"image":{"@id":"https:\/\/noticiasmercedinas.com\/site\/2018\/12\/11\/este-martes-no-habra-ciclismo\/#primaryimage"},"thumbnailUrl":"https:\/\/noticiasmercedinas.com\/site\/wp-content\/uploads\/2018\/12\/47792680_1172107932930320_5968871842599927808_n.jpg","keywords":["cciclismo"],"articleSection":["Deportes"],"inLanguage":"es","potentialAction":[{"@type":"CommentAction","name":"Comment","target":["https:\/\/noticiasmercedinas.com\/site\/2018\/12\/11\/este-martes-no-habra-ciclismo\/#respond"]}]},{"@type":"WebPage","@id":"https:\/\/noticiasmercedinas.com\/site\/2018\/12\/11\/este-martes-no-habra-ciclismo\/","url":"https:\/\/noticiasmercedinas.com\/site\/2018\/12\/11\/este-martes-no-habra-ciclismo\/","name":"Este martes no habr\u00e1 ciclismo","isPartOf":{"@id":"https:\/\/noticiasmercedinas.com\/site\/#website"},"primaryImageOfPage":{"@id":"https:\/\/noticiasmercedinas.com\/site\/2018\/12\/11\/este-martes-no-habra-ciclismo\/#primaryimage"},"image":{"@id":"https:\/\/noticiasmercedinas.com\/site\/2018\/12\/11\/este-martes-no-habra-ciclismo\/#primaryimage"},"thumbnailUrl":"https:\/\/noticiasmercedinas.com\/site\/wp-content\/uploads\/2018\/12\/47792680_1172107932930320_5968871842599927808_n.jpg","datePublished":"2018-12-11T14:38:39+00:00","breadcrumb":{"@id":"https:\/\/noticiasmercedinas.com\/site\/2018\/12\/11\/este-martes-no-habra-ciclismo\/#breadcrumb"},"inLanguage":"es","potentialAction":[{"@type":"ReadAction","target":["https:\/\/noticiasmercedinas.com\/site\/2018\/12\/11\/este-martes-no-habra-ciclismo\/"]}]},{"@type":"ImageObject","inLanguage":"es","@id":"https:\/\/noticiasmercedinas.com\/site\/2018\/12\/11\/este-martes-no-habra-ciclismo\/#primaryimage","url":"https:\/\/noticiasmercedinas.com\/site\/wp-content\/uploads\/2018\/12\/47792680_1172107932930320_5968871842599927808_n.jpg","contentUrl":"https:\/\/noticiasmercedinas.com\/site\/wp-content\/uploads\/2018\/12\/47792680_1172107932930320_5968871842599927808_n.jpg","width":720,"height":433},{"@type":"BreadcrumbList","@id":"https:\/\/noticiasmercedinas.com\/site\/2018\/12\/11\/este-martes-no-habra-ciclismo\/#breadcrumb","itemListElement":[{"@type":"ListItem","position":1,"name":"Portada","item":"https:\/\/noticiasmercedinas.com\/site\/"},{"@type":"ListItem","position":2,"name":"Este martes no habr\u00e1 ciclismo"}]},{"@type":"WebSite","@id":"https:\/\/noticiasmercedinas.com\/site\/#website","url":"https:\/\/noticiasmercedinas.com\/site\/","name":"NOTICIASMERCEDINAS.COM","description":"Mercedes, Buenos Aires, Argentina","publisher":{"@id":"https:\/\/noticiasmercedinas.com\/site\/#organization"},"potentialAction":[{"@type":"SearchAction","target":{"@type":"EntryPoint","urlTemplate":"https:\/\/noticiasmercedinas.com\/site\/?s={search_term_string}"},"query-input":{"@type":"PropertyValueSpecification","valueRequired":true,"valueName":"search_term_string"}}],"inLanguage":"es"},{"@type":"Organization","@id":"https:\/\/noticiasmercedinas.com\/site\/#organization","name":"NOTICIASMERCEDINAS.COM","url":"https:\/\/noticiasmercedinas.com\/site\/","logo":{"@type":"ImageObject","inLanguage":"es","@id":"https:\/\/noticiasmercedinas.com\/site\/#\/schema\/logo\/image\/","url":"https:\/\/noticiasmercedinas.com\/site\/wp-content\/uploads\/2020\/06\/LOGO-512.jpg","contentUrl":"https:\/\/noticiasmercedinas.com\/site\/wp-content\/uploads\/2020\/06\/LOGO-512.jpg","width":512,"height":512,"caption":"NOTICIASMERCEDINAS.COM"},"image":{"@id":"https:\/\/noticiasmercedinas.com\/site\/#\/schema\/logo\/image\/"},"sameAs":["https:\/\/www.facebook.com\/noticiasmercedinas\/","https:\/\/x.com\/notmercedinas","https:\/\/www.instagram.com\/noticiasmercedinas\/"]},{"@type":"Person","@id":"https:\/\/noticiasmercedinas.com\/site\/#\/schema\/person\/8f2f09d666ef40986eba4a5e6f2a06f9","name":"Juan Dagnino NOTICIASMERCEDINAS.COM","image":{"@type":"ImageObject","inLanguage":"es","@id":"https:\/\/secure.gravatar.com\/avatar\/fc7059a769f5a3cae65fadb228a3e4accf3a64b4b2305020d0a27e6d5333c91b?s=96&d=mm&r=g","url":"https:\/\/secure.gravatar.com\/avatar\/fc7059a769f5a3cae65fadb228a3e4accf3a64b4b2305020d0a27e6d5333c91b?s=96&d=mm&r=g","contentUrl":"https:\/\/secure.gravatar.com\/avatar\/fc7059a769f5a3cae65fadb228a3e4accf3a64b4b2305020d0a27e6d5333c91b?s=96&d=mm&r=g","caption":"Juan Dagnino NOTICIASMERCEDINAS.COM"},"url":"https:\/\/noticiasmercedinas.com\/site\/author\/juandagnino\/"}]}},"amp_enabled":true,"_links":{"self":[{"href":"https:\/\/noticiasmercedinas.com\/site\/wp-json\/wp\/v2\/posts\/8822","targetHints":{"allow":["GET"]}}],"collection":[{"href":"https:\/\/noticiasmercedinas.com\/site\/wp-json\/wp\/v2\/posts"}],"about":[{"href":"https:\/\/noticiasmercedinas.com\/site\/wp-json\/wp\/v2\/types\/post"}],"author":[{"embeddable":true,"href":"https:\/\/noticiasmercedinas.com\/site\/wp-json\/wp\/v2\/users\/6"}],"replies":[{"embeddable":true,"href":"https:\/\/noticiasmercedinas.com\/site\/wp-json\/wp\/v2\/comments?post=8822"}],"version-history":[{"count":1,"href":"https:\/\/noticiasmercedinas.com\/site\/wp-json\/wp\/v2\/posts\/8822\/revisions"}],"predecessor-version":[{"id":8824,"href":"https:\/\/noticiasmercedinas.com\/site\/wp-json\/wp\/v2\/posts\/8822\/revisions\/8824"}],"wp:featuredmedia":[{"embeddable":true,"href":"https:\/\/noticiasmercedinas.com\/site\/wp-json\/wp\/v2\/media\/8823"}],"wp:attachment":[{"href":"https:\/\/noticiasmercedinas.com\/site\/wp-json\/wp\/v2\/media?parent=8822"}],"wp:term":[{"taxonomy":"category","embeddable":true,"href":"https:\/\/noticiasmercedinas.com\/site\/wp-json\/wp\/v2\/categories?post=8822"},{"taxonomy":"post_tag","embeddable":true,"href":"https:\/\/noticiasmercedinas.com\/site\/wp-json\/wp\/v2\/tags?post=8822"}],"curies":[{"name":"wp","href":"https:\/\/api.w.org\/{rel}","templated":true}]}}