{"id":88312,"date":"2022-04-11T16:21:37","date_gmt":"2022-04-11T19:21:37","guid":{"rendered":"https:\/\/noticiasmercedinas.com\/site\/?p=88312"},"modified":"2022-04-11T16:21:37","modified_gmt":"2022-04-11T19:21:37","slug":"universidad-siglo-21-avanza-con-sus-cursadas-y-las-inscripciones-siguen-abiertas","status":"publish","type":"post","link":"https:\/\/noticiasmercedinas.com\/site\/2022\/04\/11\/universidad-siglo-21-avanza-con-sus-cursadas-y-las-inscripciones-siguen-abiertas\/","title":{"rendered":"Universidad Siglo 21 avanza con sus cursadas y las inscripciones siguen abiertas"},"content":{"rendered":"<p><img loading=\"lazy\" decoding=\"async\" class=\"alignnone size-full wp-image-88313\" src=\"https:\/\/noticiasmercedinas.com\/site\/wp-content\/uploads\/2022\/04\/SigloIMG_2554.jpg\" alt=\"\" width=\"640\" height=\"427\" srcset=\"https:\/\/noticiasmercedinas.com\/site\/wp-content\/uploads\/2022\/04\/SigloIMG_2554.jpg 640w, https:\/\/noticiasmercedinas.com\/site\/wp-content\/uploads\/2022\/04\/SigloIMG_2554-300x200.jpg 300w\" sizes=\"auto, (max-width: 640px) 100vw, 640px\" \/><\/p>\n<p>La sede Mercedes de la Universidad Siglo 21 arranc\u00f3 otro excelente a\u00f1o con su propuesta educativa de nivel superior que incluye las mejores propuestas, y las inscripciones para sumarse siguen abiertas.<\/p>\n<p>Es que en la Siglo 21 las inscripciones est\u00e1n abiertas todo el a\u00f1o. En tanto, el pr\u00f3ximo inicio es en el segundo bimestre, a fines del mes de mayo, lo que constituye una buena oportunidad para arrancar una carrera universitaria. El horario de atenci\u00f3n del Centro de Aprendizaje Universitario de Mercedes es de 14.00 a 20.00 horas.<\/p>\n<p><img loading=\"lazy\" decoding=\"async\" class=\"alignnone size-full wp-image-88314\" src=\"https:\/\/noticiasmercedinas.com\/site\/wp-content\/uploads\/2022\/04\/SigloIMG_2557.jpg\" alt=\"\" width=\"640\" height=\"392\" srcset=\"https:\/\/noticiasmercedinas.com\/site\/wp-content\/uploads\/2022\/04\/SigloIMG_2557.jpg 640w, https:\/\/noticiasmercedinas.com\/site\/wp-content\/uploads\/2022\/04\/SigloIMG_2557-300x184.jpg 300w\" sizes=\"auto, (max-width: 640px) 100vw, 640px\" \/><\/p>\n<p>\u201cDesde el equipo de Siglo 21 estamos m\u00e1s que felices por el avance de nuestros alumnos y la buena respuestas que hemos tenido en el inicio de este 2022, y recordamos que las\u00a0 inscripciones siguen abiertas todo el a\u00f1o\u201d, aclar\u00f3 <strong>Alejandra Tempesta<\/strong>, quien es una de las coordinadoras del Centro de Aprendizaje Mercedes, que funciona en avenida 29 entre 32 y 34.<\/p>\n<p>Las carreras m\u00e1s elegidas siguen siendo las tradicionales, como Abogac\u00eda, Contador P\u00fablico, Licenciatura en Administraci\u00f3n, Licenciatura y Tecnicatura en Higiene y Seguridad, Licenciatura en Educaci\u00f3n, Martillero y Corredor Publico y Licenciatura en Recursos Humanos, entre otras. Aunque las que tienen que ver con las tecnolog\u00edas, la log\u00edstica, el dise\u00f1o y animaci\u00f3n, marketing, inform\u00e1tica y periodismo tambi\u00e9n son muy requeridas.<\/p>\n<p>Desde la Educaci\u00f3n positiva, Siglo 21 propone un entorno que le permite al alumno aprender un plan de estudios establecido para desarrollar habilidades acad\u00e9micas y tambi\u00e9n humanas. En este sentido consideran que su bienestar emocional es un recurso para afrontar el estr\u00e9s cotidiano, estudiar de manera productiva y desarrollar su talento.<\/p>\n<p>La Universidad tiene m\u00e1s de 25 a\u00f1os de trayectoria, cuenta con m\u00e1s de 100 programas de pregrado, grado y posgrado a trav\u00e9s de metodolog\u00edas educativas de vanguardia mediadas por la tecnolog\u00eda.<\/p>\n<p><img loading=\"lazy\" decoding=\"async\" class=\"alignnone size-full wp-image-88316\" src=\"https:\/\/noticiasmercedinas.com\/site\/wp-content\/uploads\/2022\/04\/Siglo21IMG_2555.jpg\" alt=\"\" width=\"640\" height=\"427\" srcset=\"https:\/\/noticiasmercedinas.com\/site\/wp-content\/uploads\/2022\/04\/Siglo21IMG_2555.jpg 640w, https:\/\/noticiasmercedinas.com\/site\/wp-content\/uploads\/2022\/04\/Siglo21IMG_2555-300x200.jpg 300w\" sizes=\"auto, (max-width: 640px) 100vw, 640px\" \/><\/p>\n<p>A continuaci\u00f3n, la oferta completa:<\/p>\n<p><strong>CARRERAS DE GRADO:<\/strong><\/p>\n<p>Abogac\u00eda.<br \/>\nContador P\u00fablico.<br \/>\nLic. en Administraci\u00f3n.<br \/>\nLic. en Administraci\u00f3n Agraria.<br \/>\nLic. en Administraci\u00f3n P\u00fablica.<br \/>\nLic. en Comercializaci\u00f3n (Marketing).<br \/>\nLic. en Comercio Internacional.<br \/>\nLic. En Criminolog\u00eda y Seguridad.<br \/>\nLic. En Log\u00edstica Global.<br \/>\nLic. en Dise\u00f1o y Animaci\u00f3n Digital.<br \/>\nLic. en Gesti\u00f3n Ambiental.<br \/>\nLic. en Gesti\u00f3n de Recursos Humanos.<br \/>\nLic. en Gesti\u00f3n Tur\u00edstica.<br \/>\nLic. en Higiene, Seguridad y Medio Ambiente del trabajo.<br \/>\nLic. en Inform\u00e1tica.<br \/>\nLic. en Periodismo.<br \/>\nLic. en Publicidad.<br \/>\nLic. en Relaciones Internacionales.<br \/>\nLic. en Relaciones P\u00fablicas e Institucionales.<br \/>\nLicenciatura en Administraci\u00f3n Hotelera.<br \/>\nLic. en Educaci\u00f3n (2 a\u00f1os) \u2013 Requisito tener t\u00edtulo de Profesor que acredite 12.00 hs reloj.<br \/>\nEscriban\u00eda (1 a\u00f1o) \u2013 Requisito tener t\u00edtulo de Abogado.<br \/>\nLic. en Antropolog\u00eda organizacional \u2013\u00a0<strong>\u00a1Nueva carrera!<\/strong><br \/>\nLic. en Ciencia de datos\u00a0 \u2013\u00a0<strong>\u00a1Nueva carrera!<\/strong><br \/>\nLic. en Inteligencia artificial y rob\u00f3tica\u00a0 \u2013\u00a0<strong>\u00a1Nueva carrera!<\/strong><br \/>\nLic. en Matem\u00e1tica\u00a0 \u2013\u00a0<strong>\u00a1Nueva carrera!<\/strong><br \/>\nLic. en Seguridad inform\u00e1tica\u00a0 \u2013\u00a0<strong>\u00a1Nueva carrera!<\/strong><br \/>\nLic. en Terapia ocupacional y desarrollo humano\u00a0 \u2013\u00a0<strong>\u00a1Nueva carrera!<\/strong><br \/>\nLic. en emprendimiento (2 a\u00f1os) Requisito: poseer t\u00edtulo previo de 2 a\u00f1os de duraci\u00f3n y carga horaria no inferior a 1400 hs reloj. (egresados t\u00e9cnicos en administraci\u00f3n y management) \u2013\u00a0<strong>\u00a1Nueva carrera!<\/strong><br \/>\nLic. en Gerontolog\u00eda (2 a\u00f1os) Requisito poseer t\u00edtulo de Enfermero, Trabajador Social, Terapista Ocupacional, T\u00e9cnico en Gerontolog\u00eda o T\u00e9cnico Universitario en Acompa\u00f1amiento, Cuidado y Asistencia al adulto mayor; otorgado por Instituci\u00f3n autorizada, con duraci\u00f3n de al menos 2 a\u00f1os y carga horaria no inferior a 1600 horas reloj. \u2013\u00a0<strong>\u00a1Nueva carrera!<\/strong><\/p>\n<p>&nbsp;<\/p>\n<p><strong>CARRERAS DE PREGRADO:<\/strong><\/p>\n<p>Martillero, Corredor P\u00fablico y Corredor Inmobiliario.<br \/>\nProcurador.<br \/>\nTec. Universitaria en Redes Inform\u00e1ticas y Telecomunicaciones \u2013\u00a0<strong>\u00a1Nueva carrera!<br \/>\n<\/strong>Tec. En investigaci\u00f3n de la escena del crimen.<br \/>\nTec. En Administraci\u00f3n y Gesti\u00f3n Tributaria.<br \/>\nTec. En Gesti\u00f3n de Empresas Familiares.<br \/>\nTec. Univ. En Administraci\u00f3n y Gesti\u00f3n de Pol\u00edticas P\u00fablicas.<br \/>\nTec. En Responsabilidad y Gesti\u00f3n Social.<br \/>\nTec. En Higiene y Seguridad Laboral.<br \/>\nTec. Univ. En Dise\u00f1o y Animaci\u00f3n Digital.<br \/>\nTec. En Marketing y Publicidad Digital.<br \/>\nTec. Univ. En Recursos Tur\u00edsticos.<br \/>\nTec. Univ. En Hidrocarburos y Geociencias.<br \/>\nTec. Univ. En Gesti\u00f3n y Auditor\u00edas Ambientales.<br \/>\nTec. En Relaciones Laborales.<br \/>\nTec. En Direcci\u00f3n de Protocolo, Organizaci\u00f3n de Eventos y RRPP.<br \/>\nTec. Univ. En Gesti\u00f3n de Moda.<br \/>\nTec. Univ. En Gesti\u00f3n del Clima Laboral de la Organizaci\u00f3n.<br \/>\nTec. Univ. Promoci\u00f3n Comunitaria en Ni\u00f1ez y Adolescencia.<br \/>\nTec. en Gesti\u00f3n Administrativas de Servicios de Salud.<\/p>\n<p><strong>Para consultas e inscripciones, comunicarse con el Centro de Aprendizaje Universitario (CAU) Mercedes: Av. 29 entre 32 y 34 n\u00b0769, Mercedes. Comunicarse por Whatsapp al 02324.15611184 para recibir asesoramiento personalizado.\u00a0<\/strong><\/p>\n<p>Ver m\u00e1s en:\u00a0<strong><a href=\"https:\/\/landingadmisionues21.com\/\">Universidad Siglo 21 \u2013 Mercedes<\/a><\/strong><\/p>\n<p><img loading=\"lazy\" decoding=\"async\" class=\"alignnone size-full wp-image-88315\" src=\"https:\/\/noticiasmercedinas.com\/site\/wp-content\/uploads\/2022\/04\/sigloIMG_2560.jpg\" alt=\"\" width=\"640\" height=\"427\" srcset=\"https:\/\/noticiasmercedinas.com\/site\/wp-content\/uploads\/2022\/04\/sigloIMG_2560.jpg 640w, https:\/\/noticiasmercedinas.com\/site\/wp-content\/uploads\/2022\/04\/sigloIMG_2560-300x200.jpg 300w\" sizes=\"auto, (max-width: 640px) 100vw, 640px\" \/><\/p>\n<p>&nbsp;<\/p>\n","protected":false},"excerpt":{"rendered":"<p>La sede Mercedes de la Universidad Siglo 21 arranc\u00f3 otro excelente a\u00f1o con su propuesta educativa de nivel superior que incluye las mejores propuestas, y las inscripciones para sumarse siguen abiertas. Es que en la Siglo 21 las inscripciones est\u00e1n abiertas todo el a\u00f1o. En tanto, el pr\u00f3ximo inicio es en el segundo bimestre, a [&hellip;]<\/p>\n","protected":false},"author":16,"featured_media":88313,"comment_status":"open","ping_status":"open","sticky":false,"template":"","format":"standard","meta":{"footnotes":""},"categories":[74],"tags":[6123,14080,38,14081,14082,14083,7171,2479,14084,335],"class_list":["post-88312","post","type-post","status-publish","format-standard","has-post-thumbnail","hentry","category-emprendimientos","tag-abogacia","tag-contador-publico","tag-educacion","tag-licenciatura-en-administracion","tag-licenciatura-en-educacion","tag-licenciatura-en-recursos-humanos","tag-martillero-y-corredor-publico","tag-siglo-21","tag-tecnicatura-en-higiene-y-seguridad","tag-universidad"],"yoast_head":"<!-- This site is optimized with the Yoast SEO plugin v27.5 - https:\/\/yoast.com\/product\/yoast-seo-wordpress\/ -->\n<title>Universidad Siglo 21 avanza con sus cursadas y las inscripciones siguen abiertas<\/title>\n<meta name=\"robots\" content=\"index, follow, max-snippet:-1, max-image-preview:large, max-video-preview:-1\" \/>\n<link rel=\"canonical\" href=\"https:\/\/noticiasmercedinas.com\/site\/2022\/04\/11\/universidad-siglo-21-avanza-con-sus-cursadas-y-las-inscripciones-siguen-abiertas\/\" \/>\n<meta property=\"og:locale\" content=\"es_ES\" \/>\n<meta property=\"og:type\" content=\"article\" \/>\n<meta property=\"og:title\" content=\"Universidad Siglo 21 avanza con sus cursadas y las inscripciones siguen abiertas\" \/>\n<meta property=\"og:description\" content=\"La sede Mercedes de la Universidad Siglo 21 arranc\u00f3 otro excelente a\u00f1o con su propuesta educativa de nivel superior que incluye las mejores propuestas, y las inscripciones para sumarse siguen abiertas. Es que en la Siglo 21 las inscripciones est\u00e1n abiertas todo el a\u00f1o. En tanto, el pr\u00f3ximo inicio es en el segundo bimestre, a [&hellip;]\" \/>\n<meta property=\"og:url\" content=\"https:\/\/noticiasmercedinas.com\/site\/2022\/04\/11\/universidad-siglo-21-avanza-con-sus-cursadas-y-las-inscripciones-siguen-abiertas\/\" \/>\n<meta property=\"og:site_name\" content=\"NOTICIASMERCEDINAS.COM\" \/>\n<meta property=\"article:publisher\" content=\"https:\/\/www.facebook.com\/noticiasmercedinas\/\" \/>\n<meta property=\"article:published_time\" content=\"2022-04-11T19:21:37+00:00\" \/>\n<meta property=\"og:image\" content=\"https:\/\/noticiasmercedinas.com\/site\/wp-content\/uploads\/2022\/04\/SigloIMG_2554.jpg\" \/>\n\t<meta property=\"og:image:width\" content=\"640\" \/>\n\t<meta property=\"og:image:height\" content=\"427\" \/>\n\t<meta property=\"og:image:type\" content=\"image\/jpeg\" \/>\n<meta name=\"author\" content=\"NOTICIASMERCEDINAS.COM\" \/>\n<meta name=\"twitter:card\" content=\"summary_large_image\" \/>\n<meta name=\"twitter:creator\" content=\"@notmercedinas\" \/>\n<meta name=\"twitter:site\" content=\"@notmercedinas\" \/>\n<meta name=\"twitter:label1\" content=\"Escrito por\" \/>\n\t<meta name=\"twitter:data1\" content=\"NOTICIASMERCEDINAS.COM\" \/>\n\t<meta name=\"twitter:label2\" content=\"Tiempo de lectura\" \/>\n\t<meta name=\"twitter:data2\" content=\"5 minutos\" \/>\n<script type=\"application\/ld+json\" class=\"yoast-schema-graph\">{\"@context\":\"https:\\\/\\\/schema.org\",\"@graph\":[{\"@type\":\"Article\",\"@id\":\"https:\\\/\\\/noticiasmercedinas.com\\\/site\\\/2022\\\/04\\\/11\\\/universidad-siglo-21-avanza-con-sus-cursadas-y-las-inscripciones-siguen-abiertas\\\/#article\",\"isPartOf\":{\"@id\":\"https:\\\/\\\/noticiasmercedinas.com\\\/site\\\/2022\\\/04\\\/11\\\/universidad-siglo-21-avanza-con-sus-cursadas-y-las-inscripciones-siguen-abiertas\\\/\"},\"author\":{\"name\":\"NOTICIASMERCEDINAS.COM\",\"@id\":\"https:\\\/\\\/noticiasmercedinas.com\\\/site\\\/#\\\/schema\\\/person\\\/84b59c099c28ff2e8b77d4ceec5d8063\"},\"headline\":\"Universidad Siglo 21 avanza con sus cursadas y las inscripciones siguen abiertas\",\"datePublished\":\"2022-04-11T19:21:37+00:00\",\"mainEntityOfPage\":{\"@id\":\"https:\\\/\\\/noticiasmercedinas.com\\\/site\\\/2022\\\/04\\\/11\\\/universidad-siglo-21-avanza-con-sus-cursadas-y-las-inscripciones-siguen-abiertas\\\/\"},\"wordCount\":786,\"commentCount\":0,\"publisher\":{\"@id\":\"https:\\\/\\\/noticiasmercedinas.com\\\/site\\\/#organization\"},\"image\":{\"@id\":\"https:\\\/\\\/noticiasmercedinas.com\\\/site\\\/2022\\\/04\\\/11\\\/universidad-siglo-21-avanza-con-sus-cursadas-y-las-inscripciones-siguen-abiertas\\\/#primaryimage\"},\"thumbnailUrl\":\"https:\\\/\\\/noticiasmercedinas.com\\\/site\\\/wp-content\\\/uploads\\\/2022\\\/04\\\/SigloIMG_2554.jpg\",\"keywords\":[\"abogacia\",\"Contador P\u00fablico\",\"educacion\",\"Licenciatura en Administraci\u00f3n\",\"Licenciatura en Educaci\u00f3n\",\"Licenciatura en Recursos Humanos\",\"martillero y corredor publico\",\"siglo 21\",\"Tecnicatura en Higiene y Seguridad\",\"universidad\"],\"articleSection\":[\"Emprendimientos\"],\"inLanguage\":\"es\",\"potentialAction\":[{\"@type\":\"CommentAction\",\"name\":\"Comment\",\"target\":[\"https:\\\/\\\/noticiasmercedinas.com\\\/site\\\/2022\\\/04\\\/11\\\/universidad-siglo-21-avanza-con-sus-cursadas-y-las-inscripciones-siguen-abiertas\\\/#respond\"]}]},{\"@type\":\"WebPage\",\"@id\":\"https:\\\/\\\/noticiasmercedinas.com\\\/site\\\/2022\\\/04\\\/11\\\/universidad-siglo-21-avanza-con-sus-cursadas-y-las-inscripciones-siguen-abiertas\\\/\",\"url\":\"https:\\\/\\\/noticiasmercedinas.com\\\/site\\\/2022\\\/04\\\/11\\\/universidad-siglo-21-avanza-con-sus-cursadas-y-las-inscripciones-siguen-abiertas\\\/\",\"name\":\"Universidad Siglo 21 avanza con sus cursadas y las inscripciones siguen abiertas\",\"isPartOf\":{\"@id\":\"https:\\\/\\\/noticiasmercedinas.com\\\/site\\\/#website\"},\"primaryImageOfPage\":{\"@id\":\"https:\\\/\\\/noticiasmercedinas.com\\\/site\\\/2022\\\/04\\\/11\\\/universidad-siglo-21-avanza-con-sus-cursadas-y-las-inscripciones-siguen-abiertas\\\/#primaryimage\"},\"image\":{\"@id\":\"https:\\\/\\\/noticiasmercedinas.com\\\/site\\\/2022\\\/04\\\/11\\\/universidad-siglo-21-avanza-con-sus-cursadas-y-las-inscripciones-siguen-abiertas\\\/#primaryimage\"},\"thumbnailUrl\":\"https:\\\/\\\/noticiasmercedinas.com\\\/site\\\/wp-content\\\/uploads\\\/2022\\\/04\\\/SigloIMG_2554.jpg\",\"datePublished\":\"2022-04-11T19:21:37+00:00\",\"breadcrumb\":{\"@id\":\"https:\\\/\\\/noticiasmercedinas.com\\\/site\\\/2022\\\/04\\\/11\\\/universidad-siglo-21-avanza-con-sus-cursadas-y-las-inscripciones-siguen-abiertas\\\/#breadcrumb\"},\"inLanguage\":\"es\",\"potentialAction\":[{\"@type\":\"ReadAction\",\"target\":[\"https:\\\/\\\/noticiasmercedinas.com\\\/site\\\/2022\\\/04\\\/11\\\/universidad-siglo-21-avanza-con-sus-cursadas-y-las-inscripciones-siguen-abiertas\\\/\"]}]},{\"@type\":\"ImageObject\",\"inLanguage\":\"es\",\"@id\":\"https:\\\/\\\/noticiasmercedinas.com\\\/site\\\/2022\\\/04\\\/11\\\/universidad-siglo-21-avanza-con-sus-cursadas-y-las-inscripciones-siguen-abiertas\\\/#primaryimage\",\"url\":\"https:\\\/\\\/noticiasmercedinas.com\\\/site\\\/wp-content\\\/uploads\\\/2022\\\/04\\\/SigloIMG_2554.jpg\",\"contentUrl\":\"https:\\\/\\\/noticiasmercedinas.com\\\/site\\\/wp-content\\\/uploads\\\/2022\\\/04\\\/SigloIMG_2554.jpg\",\"width\":640,\"height\":427},{\"@type\":\"BreadcrumbList\",\"@id\":\"https:\\\/\\\/noticiasmercedinas.com\\\/site\\\/2022\\\/04\\\/11\\\/universidad-siglo-21-avanza-con-sus-cursadas-y-las-inscripciones-siguen-abiertas\\\/#breadcrumb\",\"itemListElement\":[{\"@type\":\"ListItem\",\"position\":1,\"name\":\"Portada\",\"item\":\"https:\\\/\\\/noticiasmercedinas.com\\\/site\\\/\"},{\"@type\":\"ListItem\",\"position\":2,\"name\":\"Universidad Siglo 21 avanza con sus cursadas y las inscripciones siguen abiertas\"}]},{\"@type\":\"WebSite\",\"@id\":\"https:\\\/\\\/noticiasmercedinas.com\\\/site\\\/#website\",\"url\":\"https:\\\/\\\/noticiasmercedinas.com\\\/site\\\/\",\"name\":\"NOTICIASMERCEDINAS.COM\",\"description\":\"Mercedes, Buenos Aires, Argentina\",\"publisher\":{\"@id\":\"https:\\\/\\\/noticiasmercedinas.com\\\/site\\\/#organization\"},\"potentialAction\":[{\"@type\":\"SearchAction\",\"target\":{\"@type\":\"EntryPoint\",\"urlTemplate\":\"https:\\\/\\\/noticiasmercedinas.com\\\/site\\\/?s={search_term_string}\"},\"query-input\":{\"@type\":\"PropertyValueSpecification\",\"valueRequired\":true,\"valueName\":\"search_term_string\"}}],\"inLanguage\":\"es\"},{\"@type\":\"Organization\",\"@id\":\"https:\\\/\\\/noticiasmercedinas.com\\\/site\\\/#organization\",\"name\":\"NOTICIASMERCEDINAS.COM\",\"url\":\"https:\\\/\\\/noticiasmercedinas.com\\\/site\\\/\",\"logo\":{\"@type\":\"ImageObject\",\"inLanguage\":\"es\",\"@id\":\"https:\\\/\\\/noticiasmercedinas.com\\\/site\\\/#\\\/schema\\\/logo\\\/image\\\/\",\"url\":\"https:\\\/\\\/noticiasmercedinas.com\\\/site\\\/wp-content\\\/uploads\\\/2020\\\/06\\\/LOGO-512.jpg\",\"contentUrl\":\"https:\\\/\\\/noticiasmercedinas.com\\\/site\\\/wp-content\\\/uploads\\\/2020\\\/06\\\/LOGO-512.jpg\",\"width\":512,\"height\":512,\"caption\":\"NOTICIASMERCEDINAS.COM\"},\"image\":{\"@id\":\"https:\\\/\\\/noticiasmercedinas.com\\\/site\\\/#\\\/schema\\\/logo\\\/image\\\/\"},\"sameAs\":[\"https:\\\/\\\/www.facebook.com\\\/noticiasmercedinas\\\/\",\"https:\\\/\\\/x.com\\\/notmercedinas\",\"https:\\\/\\\/www.instagram.com\\\/noticiasmercedinas\\\/\"]},{\"@type\":\"Person\",\"@id\":\"https:\\\/\\\/noticiasmercedinas.com\\\/site\\\/#\\\/schema\\\/person\\\/84b59c099c28ff2e8b77d4ceec5d8063\",\"name\":\"NOTICIASMERCEDINAS.COM\",\"image\":{\"@type\":\"ImageObject\",\"inLanguage\":\"es\",\"@id\":\"https:\\\/\\\/secure.gravatar.com\\\/avatar\\\/4dfbf16b4d17945bfb6341b2d19043457132fcf478a5ee04f42e959fd8f5df0a?s=96&d=mm&r=g\",\"url\":\"https:\\\/\\\/secure.gravatar.com\\\/avatar\\\/4dfbf16b4d17945bfb6341b2d19043457132fcf478a5ee04f42e959fd8f5df0a?s=96&d=mm&r=g\",\"contentUrl\":\"https:\\\/\\\/secure.gravatar.com\\\/avatar\\\/4dfbf16b4d17945bfb6341b2d19043457132fcf478a5ee04f42e959fd8f5df0a?s=96&d=mm&r=g\",\"caption\":\"NOTICIASMERCEDINAS.COM\"},\"url\":\"https:\\\/\\\/noticiasmercedinas.com\\\/site\\\/author\\\/anonimo\\\/\"}]}<\/script>\n<!-- \/ Yoast SEO plugin. -->","yoast_head_json":{"title":"Universidad Siglo 21 avanza con sus cursadas y las inscripciones siguen abiertas","robots":{"index":"index","follow":"follow","max-snippet":"max-snippet:-1","max-image-preview":"max-image-preview:large","max-video-preview":"max-video-preview:-1"},"canonical":"https:\/\/noticiasmercedinas.com\/site\/2022\/04\/11\/universidad-siglo-21-avanza-con-sus-cursadas-y-las-inscripciones-siguen-abiertas\/","og_locale":"es_ES","og_type":"article","og_title":"Universidad Siglo 21 avanza con sus cursadas y las inscripciones siguen abiertas","og_description":"La sede Mercedes de la Universidad Siglo 21 arranc\u00f3 otro excelente a\u00f1o con su propuesta educativa de nivel superior que incluye las mejores propuestas, y las inscripciones para sumarse siguen abiertas. Es que en la Siglo 21 las inscripciones est\u00e1n abiertas todo el a\u00f1o. En tanto, el pr\u00f3ximo inicio es en el segundo bimestre, a [&hellip;]","og_url":"https:\/\/noticiasmercedinas.com\/site\/2022\/04\/11\/universidad-siglo-21-avanza-con-sus-cursadas-y-las-inscripciones-siguen-abiertas\/","og_site_name":"NOTICIASMERCEDINAS.COM","article_publisher":"https:\/\/www.facebook.com\/noticiasmercedinas\/","article_published_time":"2022-04-11T19:21:37+00:00","og_image":[{"width":640,"height":427,"url":"https:\/\/noticiasmercedinas.com\/site\/wp-content\/uploads\/2022\/04\/SigloIMG_2554.jpg","type":"image\/jpeg"}],"author":"NOTICIASMERCEDINAS.COM","twitter_card":"summary_large_image","twitter_creator":"@notmercedinas","twitter_site":"@notmercedinas","twitter_misc":{"Escrito por":"NOTICIASMERCEDINAS.COM","Tiempo de lectura":"5 minutos"},"schema":{"@context":"https:\/\/schema.org","@graph":[{"@type":"Article","@id":"https:\/\/noticiasmercedinas.com\/site\/2022\/04\/11\/universidad-siglo-21-avanza-con-sus-cursadas-y-las-inscripciones-siguen-abiertas\/#article","isPartOf":{"@id":"https:\/\/noticiasmercedinas.com\/site\/2022\/04\/11\/universidad-siglo-21-avanza-con-sus-cursadas-y-las-inscripciones-siguen-abiertas\/"},"author":{"name":"NOTICIASMERCEDINAS.COM","@id":"https:\/\/noticiasmercedinas.com\/site\/#\/schema\/person\/84b59c099c28ff2e8b77d4ceec5d8063"},"headline":"Universidad Siglo 21 avanza con sus cursadas y las inscripciones siguen abiertas","datePublished":"2022-04-11T19:21:37+00:00","mainEntityOfPage":{"@id":"https:\/\/noticiasmercedinas.com\/site\/2022\/04\/11\/universidad-siglo-21-avanza-con-sus-cursadas-y-las-inscripciones-siguen-abiertas\/"},"wordCount":786,"commentCount":0,"publisher":{"@id":"https:\/\/noticiasmercedinas.com\/site\/#organization"},"image":{"@id":"https:\/\/noticiasmercedinas.com\/site\/2022\/04\/11\/universidad-siglo-21-avanza-con-sus-cursadas-y-las-inscripciones-siguen-abiertas\/#primaryimage"},"thumbnailUrl":"https:\/\/noticiasmercedinas.com\/site\/wp-content\/uploads\/2022\/04\/SigloIMG_2554.jpg","keywords":["abogacia","Contador P\u00fablico","educacion","Licenciatura en Administraci\u00f3n","Licenciatura en Educaci\u00f3n","Licenciatura en Recursos Humanos","martillero y corredor publico","siglo 21","Tecnicatura en Higiene y Seguridad","universidad"],"articleSection":["Emprendimientos"],"inLanguage":"es","potentialAction":[{"@type":"CommentAction","name":"Comment","target":["https:\/\/noticiasmercedinas.com\/site\/2022\/04\/11\/universidad-siglo-21-avanza-con-sus-cursadas-y-las-inscripciones-siguen-abiertas\/#respond"]}]},{"@type":"WebPage","@id":"https:\/\/noticiasmercedinas.com\/site\/2022\/04\/11\/universidad-siglo-21-avanza-con-sus-cursadas-y-las-inscripciones-siguen-abiertas\/","url":"https:\/\/noticiasmercedinas.com\/site\/2022\/04\/11\/universidad-siglo-21-avanza-con-sus-cursadas-y-las-inscripciones-siguen-abiertas\/","name":"Universidad Siglo 21 avanza con sus cursadas y las inscripciones siguen abiertas","isPartOf":{"@id":"https:\/\/noticiasmercedinas.com\/site\/#website"},"primaryImageOfPage":{"@id":"https:\/\/noticiasmercedinas.com\/site\/2022\/04\/11\/universidad-siglo-21-avanza-con-sus-cursadas-y-las-inscripciones-siguen-abiertas\/#primaryimage"},"image":{"@id":"https:\/\/noticiasmercedinas.com\/site\/2022\/04\/11\/universidad-siglo-21-avanza-con-sus-cursadas-y-las-inscripciones-siguen-abiertas\/#primaryimage"},"thumbnailUrl":"https:\/\/noticiasmercedinas.com\/site\/wp-content\/uploads\/2022\/04\/SigloIMG_2554.jpg","datePublished":"2022-04-11T19:21:37+00:00","breadcrumb":{"@id":"https:\/\/noticiasmercedinas.com\/site\/2022\/04\/11\/universidad-siglo-21-avanza-con-sus-cursadas-y-las-inscripciones-siguen-abiertas\/#breadcrumb"},"inLanguage":"es","potentialAction":[{"@type":"ReadAction","target":["https:\/\/noticiasmercedinas.com\/site\/2022\/04\/11\/universidad-siglo-21-avanza-con-sus-cursadas-y-las-inscripciones-siguen-abiertas\/"]}]},{"@type":"ImageObject","inLanguage":"es","@id":"https:\/\/noticiasmercedinas.com\/site\/2022\/04\/11\/universidad-siglo-21-avanza-con-sus-cursadas-y-las-inscripciones-siguen-abiertas\/#primaryimage","url":"https:\/\/noticiasmercedinas.com\/site\/wp-content\/uploads\/2022\/04\/SigloIMG_2554.jpg","contentUrl":"https:\/\/noticiasmercedinas.com\/site\/wp-content\/uploads\/2022\/04\/SigloIMG_2554.jpg","width":640,"height":427},{"@type":"BreadcrumbList","@id":"https:\/\/noticiasmercedinas.com\/site\/2022\/04\/11\/universidad-siglo-21-avanza-con-sus-cursadas-y-las-inscripciones-siguen-abiertas\/#breadcrumb","itemListElement":[{"@type":"ListItem","position":1,"name":"Portada","item":"https:\/\/noticiasmercedinas.com\/site\/"},{"@type":"ListItem","position":2,"name":"Universidad Siglo 21 avanza con sus cursadas y las inscripciones siguen abiertas"}]},{"@type":"WebSite","@id":"https:\/\/noticiasmercedinas.com\/site\/#website","url":"https:\/\/noticiasmercedinas.com\/site\/","name":"NOTICIASMERCEDINAS.COM","description":"Mercedes, Buenos Aires, Argentina","publisher":{"@id":"https:\/\/noticiasmercedinas.com\/site\/#organization"},"potentialAction":[{"@type":"SearchAction","target":{"@type":"EntryPoint","urlTemplate":"https:\/\/noticiasmercedinas.com\/site\/?s={search_term_string}"},"query-input":{"@type":"PropertyValueSpecification","valueRequired":true,"valueName":"search_term_string"}}],"inLanguage":"es"},{"@type":"Organization","@id":"https:\/\/noticiasmercedinas.com\/site\/#organization","name":"NOTICIASMERCEDINAS.COM","url":"https:\/\/noticiasmercedinas.com\/site\/","logo":{"@type":"ImageObject","inLanguage":"es","@id":"https:\/\/noticiasmercedinas.com\/site\/#\/schema\/logo\/image\/","url":"https:\/\/noticiasmercedinas.com\/site\/wp-content\/uploads\/2020\/06\/LOGO-512.jpg","contentUrl":"https:\/\/noticiasmercedinas.com\/site\/wp-content\/uploads\/2020\/06\/LOGO-512.jpg","width":512,"height":512,"caption":"NOTICIASMERCEDINAS.COM"},"image":{"@id":"https:\/\/noticiasmercedinas.com\/site\/#\/schema\/logo\/image\/"},"sameAs":["https:\/\/www.facebook.com\/noticiasmercedinas\/","https:\/\/x.com\/notmercedinas","https:\/\/www.instagram.com\/noticiasmercedinas\/"]},{"@type":"Person","@id":"https:\/\/noticiasmercedinas.com\/site\/#\/schema\/person\/84b59c099c28ff2e8b77d4ceec5d8063","name":"NOTICIASMERCEDINAS.COM","image":{"@type":"ImageObject","inLanguage":"es","@id":"https:\/\/secure.gravatar.com\/avatar\/4dfbf16b4d17945bfb6341b2d19043457132fcf478a5ee04f42e959fd8f5df0a?s=96&d=mm&r=g","url":"https:\/\/secure.gravatar.com\/avatar\/4dfbf16b4d17945bfb6341b2d19043457132fcf478a5ee04f42e959fd8f5df0a?s=96&d=mm&r=g","contentUrl":"https:\/\/secure.gravatar.com\/avatar\/4dfbf16b4d17945bfb6341b2d19043457132fcf478a5ee04f42e959fd8f5df0a?s=96&d=mm&r=g","caption":"NOTICIASMERCEDINAS.COM"},"url":"https:\/\/noticiasmercedinas.com\/site\/author\/anonimo\/"}]}},"amp_enabled":true,"_links":{"self":[{"href":"https:\/\/noticiasmercedinas.com\/site\/wp-json\/wp\/v2\/posts\/88312","targetHints":{"allow":["GET"]}}],"collection":[{"href":"https:\/\/noticiasmercedinas.com\/site\/wp-json\/wp\/v2\/posts"}],"about":[{"href":"https:\/\/noticiasmercedinas.com\/site\/wp-json\/wp\/v2\/types\/post"}],"author":[{"embeddable":true,"href":"https:\/\/noticiasmercedinas.com\/site\/wp-json\/wp\/v2\/users\/16"}],"replies":[{"embeddable":true,"href":"https:\/\/noticiasmercedinas.com\/site\/wp-json\/wp\/v2\/comments?post=88312"}],"version-history":[{"count":1,"href":"https:\/\/noticiasmercedinas.com\/site\/wp-json\/wp\/v2\/posts\/88312\/revisions"}],"predecessor-version":[{"id":88317,"href":"https:\/\/noticiasmercedinas.com\/site\/wp-json\/wp\/v2\/posts\/88312\/revisions\/88317"}],"wp:featuredmedia":[{"embeddable":true,"href":"https:\/\/noticiasmercedinas.com\/site\/wp-json\/wp\/v2\/media\/88313"}],"wp:attachment":[{"href":"https:\/\/noticiasmercedinas.com\/site\/wp-json\/wp\/v2\/media?parent=88312"}],"wp:term":[{"taxonomy":"category","embeddable":true,"href":"https:\/\/noticiasmercedinas.com\/site\/wp-json\/wp\/v2\/categories?post=88312"},{"taxonomy":"post_tag","embeddable":true,"href":"https:\/\/noticiasmercedinas.com\/site\/wp-json\/wp\/v2\/tags?post=88312"}],"curies":[{"name":"wp","href":"https:\/\/api.w.org\/{rel}","templated":true}]}}