{"id":88331,"date":"2022-04-11T17:55:54","date_gmt":"2022-04-11T20:55:54","guid":{"rendered":"https:\/\/noticiasmercedinas.com\/site\/?p=88331"},"modified":"2022-04-11T17:56:58","modified_gmt":"2022-04-11T20:56:58","slug":"las-cursadas-presenciales-del-ifad-ya-comenzaron-y-las-inscripciones-siguen-abiertas","status":"publish","type":"post","link":"https:\/\/noticiasmercedinas.com\/site\/2022\/04\/11\/las-cursadas-presenciales-del-ifad-ya-comenzaron-y-las-inscripciones-siguen-abiertas\/","title":{"rendered":"Las cursadas presenciales del IFAD ya comenzaron y las inscripciones siguen abiertas"},"content":{"rendered":"<p><img loading=\"lazy\" decoding=\"async\" class=\"alignnone size-large wp-image-88333\" src=\"https:\/\/noticiasmercedinas.com\/site\/wp-content\/uploads\/2022\/04\/92b00241-eabb-4348-8929-25f868abd2ef-1024x765.jpg\" alt=\"\" width=\"640\" height=\"478\" srcset=\"https:\/\/noticiasmercedinas.com\/site\/wp-content\/uploads\/2022\/04\/92b00241-eabb-4348-8929-25f868abd2ef-1024x765.jpg 1024w, https:\/\/noticiasmercedinas.com\/site\/wp-content\/uploads\/2022\/04\/92b00241-eabb-4348-8929-25f868abd2ef-300x224.jpg 300w, https:\/\/noticiasmercedinas.com\/site\/wp-content\/uploads\/2022\/04\/92b00241-eabb-4348-8929-25f868abd2ef-768x574.jpg 768w, https:\/\/noticiasmercedinas.com\/site\/wp-content\/uploads\/2022\/04\/92b00241-eabb-4348-8929-25f868abd2ef-1536x1148.jpg 1536w, https:\/\/noticiasmercedinas.com\/site\/wp-content\/uploads\/2022\/04\/92b00241-eabb-4348-8929-25f868abd2ef-80x60.jpg 80w, https:\/\/noticiasmercedinas.com\/site\/wp-content\/uploads\/2022\/04\/92b00241-eabb-4348-8929-25f868abd2ef-160x120.jpg 160w, https:\/\/noticiasmercedinas.com\/site\/wp-content\/uploads\/2022\/04\/92b00241-eabb-4348-8929-25f868abd2ef-100x75.jpg 100w, https:\/\/noticiasmercedinas.com\/site\/wp-content\/uploads\/2022\/04\/92b00241-eabb-4348-8929-25f868abd2ef-200x150.jpg 200w, https:\/\/noticiasmercedinas.com\/site\/wp-content\/uploads\/2022\/04\/92b00241-eabb-4348-8929-25f868abd2ef-180x135.jpg 180w, https:\/\/noticiasmercedinas.com\/site\/wp-content\/uploads\/2022\/04\/92b00241-eabb-4348-8929-25f868abd2ef-360x270.jpg 360w, https:\/\/noticiasmercedinas.com\/site\/wp-content\/uploads\/2022\/04\/92b00241-eabb-4348-8929-25f868abd2ef-238x178.jpg 238w, https:\/\/noticiasmercedinas.com\/site\/wp-content\/uploads\/2022\/04\/92b00241-eabb-4348-8929-25f868abd2ef-476x356.jpg 476w, https:\/\/noticiasmercedinas.com\/site\/wp-content\/uploads\/2022\/04\/92b00241-eabb-4348-8929-25f868abd2ef-640x478.jpg 640w, https:\/\/noticiasmercedinas.com\/site\/wp-content\/uploads\/2022\/04\/92b00241-eabb-4348-8929-25f868abd2ef-1280x957.jpg 1280w, https:\/\/noticiasmercedinas.com\/site\/wp-content\/uploads\/2022\/04\/92b00241-eabb-4348-8929-25f868abd2ef-681x509.jpg 681w, https:\/\/noticiasmercedinas.com\/site\/wp-content\/uploads\/2022\/04\/92b00241-eabb-4348-8929-25f868abd2ef-1362x1018.jpg 1362w, https:\/\/noticiasmercedinas.com\/site\/wp-content\/uploads\/2022\/04\/92b00241-eabb-4348-8929-25f868abd2ef.jpg 1600w\" sizes=\"auto, (max-width: 640px) 100vw, 640px\" \/><\/p>\n<p>El curso de <strong>Criminolog\u00eda<\/strong> presencial fue uno de los que se inici\u00f3 por estos d\u00edas en el IFAD, cuya sede Mercedes est\u00e1 en el Club de Leones.<\/p>\n<p><strong>Auxiliar en Recursos Humanos<\/strong> y <strong>Grafolog\u00eda Forense<\/strong> son dos de los que est\u00e1n teniendo importante demanda en lo que hace a inscripciones, y se inician las cursadas presenciales en breve. Y para mayo se espera iniciar <strong>Estimulaci\u00f3n Temprana<\/strong> y <strong>Secretariado Jur\u00eddico.<\/strong><\/p>\n<p>El IFAD tambi\u00e9n ofrece pr\u00f3ximamente otros cursos virtuales como <strong>Refrigeraci\u00f3n y Aire Acondicionado<\/strong>, <strong>Dise\u00f1o Gr\u00e1fico<\/strong>, <strong>Ingl\u00e9s Adultos Nivel I y II<\/strong>, <strong>Auxiliar de Farmacia con Facturaci\u00f3n de Obras Sociales<\/strong> y otros.<\/p>\n<p>Tal cual coment\u00f3\u00a0<strong>Sonia Gonz\u00e1lez<\/strong>, la referente del IFAD en la ciudad de Mercedes, el inter\u00e9s es grande por sumarse a las propuestas educativas que cuentan con aval universitario y la inscripci\u00f3n sigue abierta.<\/p>\n<p>IFAD (Instituto de Formaci\u00f3n A Distancia) es una plataforma educativa digital que funciona presencialmente a trav\u00e9s de un mont\u00f3n de emprendedores y cuenta con 165 sedes en Argentina y la Regi\u00f3n que incluyen Paraguay, Bolivia, Per\u00fa y Ecuador. Tiene su alcance de manera presencial en varias tem\u00e1ticas y el mail de contacto para los interesados es\u00a0<a href=\"mailto:ifadmercedeseducativasg@gmail.com\">ifadmercedeseducativasg@gmail.com<\/a>\u00a0y el tel\u00e9fono\u00a0<strong>2324-581682\u00a0<\/strong><\/p>\n<p><img loading=\"lazy\" decoding=\"async\" class=\"alignnone size-large wp-image-88332\" src=\"https:\/\/noticiasmercedinas.com\/site\/wp-content\/uploads\/2022\/04\/f4b97c67-bf73-4c21-8da9-3eac09917e09-1024x768.jpg\" alt=\"\" width=\"640\" height=\"480\" srcset=\"https:\/\/noticiasmercedinas.com\/site\/wp-content\/uploads\/2022\/04\/f4b97c67-bf73-4c21-8da9-3eac09917e09-1024x768.jpg 1024w, https:\/\/noticiasmercedinas.com\/site\/wp-content\/uploads\/2022\/04\/f4b97c67-bf73-4c21-8da9-3eac09917e09-300x225.jpg 300w, https:\/\/noticiasmercedinas.com\/site\/wp-content\/uploads\/2022\/04\/f4b97c67-bf73-4c21-8da9-3eac09917e09-768x576.jpg 768w, https:\/\/noticiasmercedinas.com\/site\/wp-content\/uploads\/2022\/04\/f4b97c67-bf73-4c21-8da9-3eac09917e09-80x60.jpg 80w, https:\/\/noticiasmercedinas.com\/site\/wp-content\/uploads\/2022\/04\/f4b97c67-bf73-4c21-8da9-3eac09917e09-160x120.jpg 160w, https:\/\/noticiasmercedinas.com\/site\/wp-content\/uploads\/2022\/04\/f4b97c67-bf73-4c21-8da9-3eac09917e09-100x75.jpg 100w, https:\/\/noticiasmercedinas.com\/site\/wp-content\/uploads\/2022\/04\/f4b97c67-bf73-4c21-8da9-3eac09917e09-200x150.jpg 200w, https:\/\/noticiasmercedinas.com\/site\/wp-content\/uploads\/2022\/04\/f4b97c67-bf73-4c21-8da9-3eac09917e09-180x135.jpg 180w, https:\/\/noticiasmercedinas.com\/site\/wp-content\/uploads\/2022\/04\/f4b97c67-bf73-4c21-8da9-3eac09917e09-360x270.jpg 360w, https:\/\/noticiasmercedinas.com\/site\/wp-content\/uploads\/2022\/04\/f4b97c67-bf73-4c21-8da9-3eac09917e09-238x178.jpg 238w, https:\/\/noticiasmercedinas.com\/site\/wp-content\/uploads\/2022\/04\/f4b97c67-bf73-4c21-8da9-3eac09917e09-476x356.jpg 476w, https:\/\/noticiasmercedinas.com\/site\/wp-content\/uploads\/2022\/04\/f4b97c67-bf73-4c21-8da9-3eac09917e09-640x480.jpg 640w, https:\/\/noticiasmercedinas.com\/site\/wp-content\/uploads\/2022\/04\/f4b97c67-bf73-4c21-8da9-3eac09917e09-681x511.jpg 681w, https:\/\/noticiasmercedinas.com\/site\/wp-content\/uploads\/2022\/04\/f4b97c67-bf73-4c21-8da9-3eac09917e09.jpg 1280w\" sizes=\"auto, (max-width: 640px) 100vw, 640px\" \/><\/p>\n<p>&nbsp;<\/p>\n","protected":false},"excerpt":{"rendered":"<p>El curso de Criminolog\u00eda presencial fue uno de los que se inici\u00f3 por estos d\u00edas en el IFAD, cuya sede Mercedes est\u00e1 en el Club de Leones. Auxiliar en Recursos Humanos y Grafolog\u00eda Forense son dos de los que est\u00e1n teniendo importante demanda en lo que hace a inscripciones, y se inician las cursadas presenciales [&hellip;]<\/p>\n","protected":false},"author":16,"featured_media":88333,"comment_status":"open","ping_status":"open","sticky":false,"template":"","format":"standard","meta":{"footnotes":""},"categories":[74],"tags":[14092,14088,14090,38,13891,13776,14091,23,14089,3590],"class_list":["post-88331","post","type-post","status-publish","format-standard","has-post-thumbnail","hentry","category-emprendimientos","tag-auxiliar-de-farmacia-con-facturacion-de-obras-sociales","tag-auxiliar-en-recursos-humanos","tag-diseno-grafico","tag-educacion","tag-grafologia-forense","tag-ifad","tag-ingles-adultos-nivel-i-y-ii","tag-mercedes","tag-refrigeracion-y-aire-acondicionado","tag-sonia-gonzalez"],"yoast_head":"<!-- This site is optimized with the Yoast SEO plugin v27.4 - https:\/\/yoast.com\/product\/yoast-seo-wordpress\/ -->\n<title>Las cursadas presenciales del IFAD ya comenzaron y las inscripciones siguen abiertas<\/title>\n<meta name=\"robots\" content=\"index, follow, max-snippet:-1, max-image-preview:large, max-video-preview:-1\" \/>\n<link rel=\"canonical\" href=\"https:\/\/noticiasmercedinas.com\/site\/2022\/04\/11\/las-cursadas-presenciales-del-ifad-ya-comenzaron-y-las-inscripciones-siguen-abiertas\/\" \/>\n<meta property=\"og:locale\" content=\"es_ES\" \/>\n<meta property=\"og:type\" content=\"article\" \/>\n<meta property=\"og:title\" content=\"Las cursadas presenciales del IFAD ya comenzaron y las inscripciones siguen abiertas\" \/>\n<meta property=\"og:description\" content=\"El curso de Criminolog\u00eda presencial fue uno de los que se inici\u00f3 por estos d\u00edas en el IFAD, cuya sede Mercedes est\u00e1 en el Club de Leones. Auxiliar en Recursos Humanos y Grafolog\u00eda Forense son dos de los que est\u00e1n teniendo importante demanda en lo que hace a inscripciones, y se inician las cursadas presenciales [&hellip;]\" \/>\n<meta property=\"og:url\" content=\"https:\/\/noticiasmercedinas.com\/site\/2022\/04\/11\/las-cursadas-presenciales-del-ifad-ya-comenzaron-y-las-inscripciones-siguen-abiertas\/\" \/>\n<meta property=\"og:site_name\" content=\"NOTICIASMERCEDINAS.COM\" \/>\n<meta property=\"article:publisher\" content=\"https:\/\/www.facebook.com\/noticiasmercedinas\/\" \/>\n<meta property=\"article:published_time\" content=\"2022-04-11T20:55:54+00:00\" \/>\n<meta property=\"article:modified_time\" content=\"2022-04-11T20:56:58+00:00\" \/>\n<meta property=\"og:image\" content=\"https:\/\/noticiasmercedinas.com\/site\/wp-content\/uploads\/2022\/04\/92b00241-eabb-4348-8929-25f868abd2ef.jpg\" \/>\n\t<meta property=\"og:image:width\" content=\"1600\" \/>\n\t<meta property=\"og:image:height\" content=\"1196\" \/>\n\t<meta property=\"og:image:type\" content=\"image\/jpeg\" \/>\n<meta name=\"author\" content=\"NOTICIASMERCEDINAS.COM\" \/>\n<meta name=\"twitter:card\" content=\"summary_large_image\" \/>\n<meta name=\"twitter:creator\" content=\"@notmercedinas\" \/>\n<meta name=\"twitter:site\" content=\"@notmercedinas\" \/>\n<meta name=\"twitter:label1\" content=\"Escrito por\" \/>\n\t<meta name=\"twitter:data1\" content=\"NOTICIASMERCEDINAS.COM\" \/>\n\t<meta name=\"twitter:label2\" content=\"Tiempo de lectura\" \/>\n\t<meta name=\"twitter:data2\" content=\"2 minutos\" \/>\n<script type=\"application\/ld+json\" class=\"yoast-schema-graph\">{\"@context\":\"https:\\\/\\\/schema.org\",\"@graph\":[{\"@type\":\"Article\",\"@id\":\"https:\\\/\\\/noticiasmercedinas.com\\\/site\\\/2022\\\/04\\\/11\\\/las-cursadas-presenciales-del-ifad-ya-comenzaron-y-las-inscripciones-siguen-abiertas\\\/#article\",\"isPartOf\":{\"@id\":\"https:\\\/\\\/noticiasmercedinas.com\\\/site\\\/2022\\\/04\\\/11\\\/las-cursadas-presenciales-del-ifad-ya-comenzaron-y-las-inscripciones-siguen-abiertas\\\/\"},\"author\":{\"name\":\"NOTICIASMERCEDINAS.COM\",\"@id\":\"https:\\\/\\\/noticiasmercedinas.com\\\/site\\\/#\\\/schema\\\/person\\\/84b59c099c28ff2e8b77d4ceec5d8063\"},\"headline\":\"Las cursadas presenciales del IFAD ya comenzaron y las inscripciones siguen abiertas\",\"datePublished\":\"2022-04-11T20:55:54+00:00\",\"dateModified\":\"2022-04-11T20:56:58+00:00\",\"mainEntityOfPage\":{\"@id\":\"https:\\\/\\\/noticiasmercedinas.com\\\/site\\\/2022\\\/04\\\/11\\\/las-cursadas-presenciales-del-ifad-ya-comenzaron-y-las-inscripciones-siguen-abiertas\\\/\"},\"wordCount\":230,\"commentCount\":0,\"publisher\":{\"@id\":\"https:\\\/\\\/noticiasmercedinas.com\\\/site\\\/#organization\"},\"image\":{\"@id\":\"https:\\\/\\\/noticiasmercedinas.com\\\/site\\\/2022\\\/04\\\/11\\\/las-cursadas-presenciales-del-ifad-ya-comenzaron-y-las-inscripciones-siguen-abiertas\\\/#primaryimage\"},\"thumbnailUrl\":\"https:\\\/\\\/noticiasmercedinas.com\\\/site\\\/wp-content\\\/uploads\\\/2022\\\/04\\\/92b00241-eabb-4348-8929-25f868abd2ef.jpg\",\"keywords\":[\"Auxiliar de Farmacia con Facturaci\u00f3n de Obras Sociales\",\"Auxiliar en Recursos Humanos\",\"Dise\u00f1o Gr\u00e1fico\",\"educacion\",\"Grafolog\u00eda Forense\",\"ifad\",\"Ingl\u00e9s Adultos Nivel I y II\",\"mercedes\",\"Refrigeraci\u00f3n y Aire Acondicionado\",\"sonia gonzalez\"],\"articleSection\":[\"Emprendimientos\"],\"inLanguage\":\"es\",\"potentialAction\":[{\"@type\":\"CommentAction\",\"name\":\"Comment\",\"target\":[\"https:\\\/\\\/noticiasmercedinas.com\\\/site\\\/2022\\\/04\\\/11\\\/las-cursadas-presenciales-del-ifad-ya-comenzaron-y-las-inscripciones-siguen-abiertas\\\/#respond\"]}]},{\"@type\":\"WebPage\",\"@id\":\"https:\\\/\\\/noticiasmercedinas.com\\\/site\\\/2022\\\/04\\\/11\\\/las-cursadas-presenciales-del-ifad-ya-comenzaron-y-las-inscripciones-siguen-abiertas\\\/\",\"url\":\"https:\\\/\\\/noticiasmercedinas.com\\\/site\\\/2022\\\/04\\\/11\\\/las-cursadas-presenciales-del-ifad-ya-comenzaron-y-las-inscripciones-siguen-abiertas\\\/\",\"name\":\"Las cursadas presenciales del IFAD ya comenzaron y las inscripciones siguen abiertas\",\"isPartOf\":{\"@id\":\"https:\\\/\\\/noticiasmercedinas.com\\\/site\\\/#website\"},\"primaryImageOfPage\":{\"@id\":\"https:\\\/\\\/noticiasmercedinas.com\\\/site\\\/2022\\\/04\\\/11\\\/las-cursadas-presenciales-del-ifad-ya-comenzaron-y-las-inscripciones-siguen-abiertas\\\/#primaryimage\"},\"image\":{\"@id\":\"https:\\\/\\\/noticiasmercedinas.com\\\/site\\\/2022\\\/04\\\/11\\\/las-cursadas-presenciales-del-ifad-ya-comenzaron-y-las-inscripciones-siguen-abiertas\\\/#primaryimage\"},\"thumbnailUrl\":\"https:\\\/\\\/noticiasmercedinas.com\\\/site\\\/wp-content\\\/uploads\\\/2022\\\/04\\\/92b00241-eabb-4348-8929-25f868abd2ef.jpg\",\"datePublished\":\"2022-04-11T20:55:54+00:00\",\"dateModified\":\"2022-04-11T20:56:58+00:00\",\"breadcrumb\":{\"@id\":\"https:\\\/\\\/noticiasmercedinas.com\\\/site\\\/2022\\\/04\\\/11\\\/las-cursadas-presenciales-del-ifad-ya-comenzaron-y-las-inscripciones-siguen-abiertas\\\/#breadcrumb\"},\"inLanguage\":\"es\",\"potentialAction\":[{\"@type\":\"ReadAction\",\"target\":[\"https:\\\/\\\/noticiasmercedinas.com\\\/site\\\/2022\\\/04\\\/11\\\/las-cursadas-presenciales-del-ifad-ya-comenzaron-y-las-inscripciones-siguen-abiertas\\\/\"]}]},{\"@type\":\"ImageObject\",\"inLanguage\":\"es\",\"@id\":\"https:\\\/\\\/noticiasmercedinas.com\\\/site\\\/2022\\\/04\\\/11\\\/las-cursadas-presenciales-del-ifad-ya-comenzaron-y-las-inscripciones-siguen-abiertas\\\/#primaryimage\",\"url\":\"https:\\\/\\\/noticiasmercedinas.com\\\/site\\\/wp-content\\\/uploads\\\/2022\\\/04\\\/92b00241-eabb-4348-8929-25f868abd2ef.jpg\",\"contentUrl\":\"https:\\\/\\\/noticiasmercedinas.com\\\/site\\\/wp-content\\\/uploads\\\/2022\\\/04\\\/92b00241-eabb-4348-8929-25f868abd2ef.jpg\",\"width\":1600,\"height\":1196},{\"@type\":\"BreadcrumbList\",\"@id\":\"https:\\\/\\\/noticiasmercedinas.com\\\/site\\\/2022\\\/04\\\/11\\\/las-cursadas-presenciales-del-ifad-ya-comenzaron-y-las-inscripciones-siguen-abiertas\\\/#breadcrumb\",\"itemListElement\":[{\"@type\":\"ListItem\",\"position\":1,\"name\":\"Portada\",\"item\":\"https:\\\/\\\/noticiasmercedinas.com\\\/site\\\/\"},{\"@type\":\"ListItem\",\"position\":2,\"name\":\"Las cursadas presenciales del IFAD ya comenzaron y las inscripciones siguen abiertas\"}]},{\"@type\":\"WebSite\",\"@id\":\"https:\\\/\\\/noticiasmercedinas.com\\\/site\\\/#website\",\"url\":\"https:\\\/\\\/noticiasmercedinas.com\\\/site\\\/\",\"name\":\"NOTICIASMERCEDINAS.COM\",\"description\":\"Mercedes, Buenos Aires, Argentina\",\"publisher\":{\"@id\":\"https:\\\/\\\/noticiasmercedinas.com\\\/site\\\/#organization\"},\"potentialAction\":[{\"@type\":\"SearchAction\",\"target\":{\"@type\":\"EntryPoint\",\"urlTemplate\":\"https:\\\/\\\/noticiasmercedinas.com\\\/site\\\/?s={search_term_string}\"},\"query-input\":{\"@type\":\"PropertyValueSpecification\",\"valueRequired\":true,\"valueName\":\"search_term_string\"}}],\"inLanguage\":\"es\"},{\"@type\":\"Organization\",\"@id\":\"https:\\\/\\\/noticiasmercedinas.com\\\/site\\\/#organization\",\"name\":\"NOTICIASMERCEDINAS.COM\",\"url\":\"https:\\\/\\\/noticiasmercedinas.com\\\/site\\\/\",\"logo\":{\"@type\":\"ImageObject\",\"inLanguage\":\"es\",\"@id\":\"https:\\\/\\\/noticiasmercedinas.com\\\/site\\\/#\\\/schema\\\/logo\\\/image\\\/\",\"url\":\"https:\\\/\\\/noticiasmercedinas.com\\\/site\\\/wp-content\\\/uploads\\\/2020\\\/06\\\/LOGO-512.jpg\",\"contentUrl\":\"https:\\\/\\\/noticiasmercedinas.com\\\/site\\\/wp-content\\\/uploads\\\/2020\\\/06\\\/LOGO-512.jpg\",\"width\":512,\"height\":512,\"caption\":\"NOTICIASMERCEDINAS.COM\"},\"image\":{\"@id\":\"https:\\\/\\\/noticiasmercedinas.com\\\/site\\\/#\\\/schema\\\/logo\\\/image\\\/\"},\"sameAs\":[\"https:\\\/\\\/www.facebook.com\\\/noticiasmercedinas\\\/\",\"https:\\\/\\\/x.com\\\/notmercedinas\",\"https:\\\/\\\/www.instagram.com\\\/noticiasmercedinas\\\/\"]},{\"@type\":\"Person\",\"@id\":\"https:\\\/\\\/noticiasmercedinas.com\\\/site\\\/#\\\/schema\\\/person\\\/84b59c099c28ff2e8b77d4ceec5d8063\",\"name\":\"NOTICIASMERCEDINAS.COM\",\"image\":{\"@type\":\"ImageObject\",\"inLanguage\":\"es\",\"@id\":\"https:\\\/\\\/secure.gravatar.com\\\/avatar\\\/4dfbf16b4d17945bfb6341b2d19043457132fcf478a5ee04f42e959fd8f5df0a?s=96&d=mm&r=g\",\"url\":\"https:\\\/\\\/secure.gravatar.com\\\/avatar\\\/4dfbf16b4d17945bfb6341b2d19043457132fcf478a5ee04f42e959fd8f5df0a?s=96&d=mm&r=g\",\"contentUrl\":\"https:\\\/\\\/secure.gravatar.com\\\/avatar\\\/4dfbf16b4d17945bfb6341b2d19043457132fcf478a5ee04f42e959fd8f5df0a?s=96&d=mm&r=g\",\"caption\":\"NOTICIASMERCEDINAS.COM\"},\"url\":\"https:\\\/\\\/noticiasmercedinas.com\\\/site\\\/author\\\/anonimo\\\/\"}]}<\/script>\n<!-- \/ Yoast SEO plugin. -->","yoast_head_json":{"title":"Las cursadas presenciales del IFAD ya comenzaron y las inscripciones siguen abiertas","robots":{"index":"index","follow":"follow","max-snippet":"max-snippet:-1","max-image-preview":"max-image-preview:large","max-video-preview":"max-video-preview:-1"},"canonical":"https:\/\/noticiasmercedinas.com\/site\/2022\/04\/11\/las-cursadas-presenciales-del-ifad-ya-comenzaron-y-las-inscripciones-siguen-abiertas\/","og_locale":"es_ES","og_type":"article","og_title":"Las cursadas presenciales del IFAD ya comenzaron y las inscripciones siguen abiertas","og_description":"El curso de Criminolog\u00eda presencial fue uno de los que se inici\u00f3 por estos d\u00edas en el IFAD, cuya sede Mercedes est\u00e1 en el Club de Leones. Auxiliar en Recursos Humanos y Grafolog\u00eda Forense son dos de los que est\u00e1n teniendo importante demanda en lo que hace a inscripciones, y se inician las cursadas presenciales [&hellip;]","og_url":"https:\/\/noticiasmercedinas.com\/site\/2022\/04\/11\/las-cursadas-presenciales-del-ifad-ya-comenzaron-y-las-inscripciones-siguen-abiertas\/","og_site_name":"NOTICIASMERCEDINAS.COM","article_publisher":"https:\/\/www.facebook.com\/noticiasmercedinas\/","article_published_time":"2022-04-11T20:55:54+00:00","article_modified_time":"2022-04-11T20:56:58+00:00","og_image":[{"width":1600,"height":1196,"url":"https:\/\/noticiasmercedinas.com\/site\/wp-content\/uploads\/2022\/04\/92b00241-eabb-4348-8929-25f868abd2ef.jpg","type":"image\/jpeg"}],"author":"NOTICIASMERCEDINAS.COM","twitter_card":"summary_large_image","twitter_creator":"@notmercedinas","twitter_site":"@notmercedinas","twitter_misc":{"Escrito por":"NOTICIASMERCEDINAS.COM","Tiempo de lectura":"2 minutos"},"schema":{"@context":"https:\/\/schema.org","@graph":[{"@type":"Article","@id":"https:\/\/noticiasmercedinas.com\/site\/2022\/04\/11\/las-cursadas-presenciales-del-ifad-ya-comenzaron-y-las-inscripciones-siguen-abiertas\/#article","isPartOf":{"@id":"https:\/\/noticiasmercedinas.com\/site\/2022\/04\/11\/las-cursadas-presenciales-del-ifad-ya-comenzaron-y-las-inscripciones-siguen-abiertas\/"},"author":{"name":"NOTICIASMERCEDINAS.COM","@id":"https:\/\/noticiasmercedinas.com\/site\/#\/schema\/person\/84b59c099c28ff2e8b77d4ceec5d8063"},"headline":"Las cursadas presenciales del IFAD ya comenzaron y las inscripciones siguen abiertas","datePublished":"2022-04-11T20:55:54+00:00","dateModified":"2022-04-11T20:56:58+00:00","mainEntityOfPage":{"@id":"https:\/\/noticiasmercedinas.com\/site\/2022\/04\/11\/las-cursadas-presenciales-del-ifad-ya-comenzaron-y-las-inscripciones-siguen-abiertas\/"},"wordCount":230,"commentCount":0,"publisher":{"@id":"https:\/\/noticiasmercedinas.com\/site\/#organization"},"image":{"@id":"https:\/\/noticiasmercedinas.com\/site\/2022\/04\/11\/las-cursadas-presenciales-del-ifad-ya-comenzaron-y-las-inscripciones-siguen-abiertas\/#primaryimage"},"thumbnailUrl":"https:\/\/noticiasmercedinas.com\/site\/wp-content\/uploads\/2022\/04\/92b00241-eabb-4348-8929-25f868abd2ef.jpg","keywords":["Auxiliar de Farmacia con Facturaci\u00f3n de Obras Sociales","Auxiliar en Recursos Humanos","Dise\u00f1o Gr\u00e1fico","educacion","Grafolog\u00eda Forense","ifad","Ingl\u00e9s Adultos Nivel I y II","mercedes","Refrigeraci\u00f3n y Aire Acondicionado","sonia gonzalez"],"articleSection":["Emprendimientos"],"inLanguage":"es","potentialAction":[{"@type":"CommentAction","name":"Comment","target":["https:\/\/noticiasmercedinas.com\/site\/2022\/04\/11\/las-cursadas-presenciales-del-ifad-ya-comenzaron-y-las-inscripciones-siguen-abiertas\/#respond"]}]},{"@type":"WebPage","@id":"https:\/\/noticiasmercedinas.com\/site\/2022\/04\/11\/las-cursadas-presenciales-del-ifad-ya-comenzaron-y-las-inscripciones-siguen-abiertas\/","url":"https:\/\/noticiasmercedinas.com\/site\/2022\/04\/11\/las-cursadas-presenciales-del-ifad-ya-comenzaron-y-las-inscripciones-siguen-abiertas\/","name":"Las cursadas presenciales del IFAD ya comenzaron y las inscripciones siguen abiertas","isPartOf":{"@id":"https:\/\/noticiasmercedinas.com\/site\/#website"},"primaryImageOfPage":{"@id":"https:\/\/noticiasmercedinas.com\/site\/2022\/04\/11\/las-cursadas-presenciales-del-ifad-ya-comenzaron-y-las-inscripciones-siguen-abiertas\/#primaryimage"},"image":{"@id":"https:\/\/noticiasmercedinas.com\/site\/2022\/04\/11\/las-cursadas-presenciales-del-ifad-ya-comenzaron-y-las-inscripciones-siguen-abiertas\/#primaryimage"},"thumbnailUrl":"https:\/\/noticiasmercedinas.com\/site\/wp-content\/uploads\/2022\/04\/92b00241-eabb-4348-8929-25f868abd2ef.jpg","datePublished":"2022-04-11T20:55:54+00:00","dateModified":"2022-04-11T20:56:58+00:00","breadcrumb":{"@id":"https:\/\/noticiasmercedinas.com\/site\/2022\/04\/11\/las-cursadas-presenciales-del-ifad-ya-comenzaron-y-las-inscripciones-siguen-abiertas\/#breadcrumb"},"inLanguage":"es","potentialAction":[{"@type":"ReadAction","target":["https:\/\/noticiasmercedinas.com\/site\/2022\/04\/11\/las-cursadas-presenciales-del-ifad-ya-comenzaron-y-las-inscripciones-siguen-abiertas\/"]}]},{"@type":"ImageObject","inLanguage":"es","@id":"https:\/\/noticiasmercedinas.com\/site\/2022\/04\/11\/las-cursadas-presenciales-del-ifad-ya-comenzaron-y-las-inscripciones-siguen-abiertas\/#primaryimage","url":"https:\/\/noticiasmercedinas.com\/site\/wp-content\/uploads\/2022\/04\/92b00241-eabb-4348-8929-25f868abd2ef.jpg","contentUrl":"https:\/\/noticiasmercedinas.com\/site\/wp-content\/uploads\/2022\/04\/92b00241-eabb-4348-8929-25f868abd2ef.jpg","width":1600,"height":1196},{"@type":"BreadcrumbList","@id":"https:\/\/noticiasmercedinas.com\/site\/2022\/04\/11\/las-cursadas-presenciales-del-ifad-ya-comenzaron-y-las-inscripciones-siguen-abiertas\/#breadcrumb","itemListElement":[{"@type":"ListItem","position":1,"name":"Portada","item":"https:\/\/noticiasmercedinas.com\/site\/"},{"@type":"ListItem","position":2,"name":"Las cursadas presenciales del IFAD ya comenzaron y las inscripciones siguen abiertas"}]},{"@type":"WebSite","@id":"https:\/\/noticiasmercedinas.com\/site\/#website","url":"https:\/\/noticiasmercedinas.com\/site\/","name":"NOTICIASMERCEDINAS.COM","description":"Mercedes, Buenos Aires, Argentina","publisher":{"@id":"https:\/\/noticiasmercedinas.com\/site\/#organization"},"potentialAction":[{"@type":"SearchAction","target":{"@type":"EntryPoint","urlTemplate":"https:\/\/noticiasmercedinas.com\/site\/?s={search_term_string}"},"query-input":{"@type":"PropertyValueSpecification","valueRequired":true,"valueName":"search_term_string"}}],"inLanguage":"es"},{"@type":"Organization","@id":"https:\/\/noticiasmercedinas.com\/site\/#organization","name":"NOTICIASMERCEDINAS.COM","url":"https:\/\/noticiasmercedinas.com\/site\/","logo":{"@type":"ImageObject","inLanguage":"es","@id":"https:\/\/noticiasmercedinas.com\/site\/#\/schema\/logo\/image\/","url":"https:\/\/noticiasmercedinas.com\/site\/wp-content\/uploads\/2020\/06\/LOGO-512.jpg","contentUrl":"https:\/\/noticiasmercedinas.com\/site\/wp-content\/uploads\/2020\/06\/LOGO-512.jpg","width":512,"height":512,"caption":"NOTICIASMERCEDINAS.COM"},"image":{"@id":"https:\/\/noticiasmercedinas.com\/site\/#\/schema\/logo\/image\/"},"sameAs":["https:\/\/www.facebook.com\/noticiasmercedinas\/","https:\/\/x.com\/notmercedinas","https:\/\/www.instagram.com\/noticiasmercedinas\/"]},{"@type":"Person","@id":"https:\/\/noticiasmercedinas.com\/site\/#\/schema\/person\/84b59c099c28ff2e8b77d4ceec5d8063","name":"NOTICIASMERCEDINAS.COM","image":{"@type":"ImageObject","inLanguage":"es","@id":"https:\/\/secure.gravatar.com\/avatar\/4dfbf16b4d17945bfb6341b2d19043457132fcf478a5ee04f42e959fd8f5df0a?s=96&d=mm&r=g","url":"https:\/\/secure.gravatar.com\/avatar\/4dfbf16b4d17945bfb6341b2d19043457132fcf478a5ee04f42e959fd8f5df0a?s=96&d=mm&r=g","contentUrl":"https:\/\/secure.gravatar.com\/avatar\/4dfbf16b4d17945bfb6341b2d19043457132fcf478a5ee04f42e959fd8f5df0a?s=96&d=mm&r=g","caption":"NOTICIASMERCEDINAS.COM"},"url":"https:\/\/noticiasmercedinas.com\/site\/author\/anonimo\/"}]}},"amp_enabled":true,"_links":{"self":[{"href":"https:\/\/noticiasmercedinas.com\/site\/wp-json\/wp\/v2\/posts\/88331","targetHints":{"allow":["GET"]}}],"collection":[{"href":"https:\/\/noticiasmercedinas.com\/site\/wp-json\/wp\/v2\/posts"}],"about":[{"href":"https:\/\/noticiasmercedinas.com\/site\/wp-json\/wp\/v2\/types\/post"}],"author":[{"embeddable":true,"href":"https:\/\/noticiasmercedinas.com\/site\/wp-json\/wp\/v2\/users\/16"}],"replies":[{"embeddable":true,"href":"https:\/\/noticiasmercedinas.com\/site\/wp-json\/wp\/v2\/comments?post=88331"}],"version-history":[{"count":2,"href":"https:\/\/noticiasmercedinas.com\/site\/wp-json\/wp\/v2\/posts\/88331\/revisions"}],"predecessor-version":[{"id":88335,"href":"https:\/\/noticiasmercedinas.com\/site\/wp-json\/wp\/v2\/posts\/88331\/revisions\/88335"}],"wp:featuredmedia":[{"embeddable":true,"href":"https:\/\/noticiasmercedinas.com\/site\/wp-json\/wp\/v2\/media\/88333"}],"wp:attachment":[{"href":"https:\/\/noticiasmercedinas.com\/site\/wp-json\/wp\/v2\/media?parent=88331"}],"wp:term":[{"taxonomy":"category","embeddable":true,"href":"https:\/\/noticiasmercedinas.com\/site\/wp-json\/wp\/v2\/categories?post=88331"},{"taxonomy":"post_tag","embeddable":true,"href":"https:\/\/noticiasmercedinas.com\/site\/wp-json\/wp\/v2\/tags?post=88331"}],"curies":[{"name":"wp","href":"https:\/\/api.w.org\/{rel}","templated":true}]}}