{"id":88369,"date":"2022-04-12T09:36:45","date_gmt":"2022-04-12T12:36:45","guid":{"rendered":"https:\/\/noticiasmercedinas.com\/site\/?p=88369"},"modified":"2022-04-12T09:39:29","modified_gmt":"2022-04-12T12:39:29","slug":"diputada-noelia-ruiz-fue-parte-de-reunion-con-mauricio-macri","status":"publish","type":"post","link":"https:\/\/noticiasmercedinas.com\/site\/2022\/04\/12\/diputada-noelia-ruiz-fue-parte-de-reunion-con-mauricio-macri\/","title":{"rendered":"Diputada Noelia Ruiz fue parte de reuni\u00f3n con Mauricio Macri"},"content":{"rendered":"<p><img loading=\"lazy\" decoding=\"async\" class=\"alignnone size-large wp-image-88373\" src=\"https:\/\/noticiasmercedinas.com\/site\/wp-content\/uploads\/2022\/04\/FTMSGOD3KBAF3FRNYEKESRDM6A-1024x637.jpg\" alt=\"\" width=\"640\" height=\"398\" srcset=\"https:\/\/noticiasmercedinas.com\/site\/wp-content\/uploads\/2022\/04\/FTMSGOD3KBAF3FRNYEKESRDM6A-1024x637.jpg 1024w, https:\/\/noticiasmercedinas.com\/site\/wp-content\/uploads\/2022\/04\/FTMSGOD3KBAF3FRNYEKESRDM6A-300x187.jpg 300w, https:\/\/noticiasmercedinas.com\/site\/wp-content\/uploads\/2022\/04\/FTMSGOD3KBAF3FRNYEKESRDM6A-768x477.jpg 768w, https:\/\/noticiasmercedinas.com\/site\/wp-content\/uploads\/2022\/04\/FTMSGOD3KBAF3FRNYEKESRDM6A-640x398.jpg 640w, https:\/\/noticiasmercedinas.com\/site\/wp-content\/uploads\/2022\/04\/FTMSGOD3KBAF3FRNYEKESRDM6A-681x423.jpg 681w, https:\/\/noticiasmercedinas.com\/site\/wp-content\/uploads\/2022\/04\/FTMSGOD3KBAF3FRNYEKESRDM6A.jpg 1200w\" sizes=\"auto, (max-width: 640px) 100vw, 640px\" \/><\/p>\n<p>La diputada <strong>Noelia Ruiz<\/strong>, quien reside en Altamira y es una de las principales dirigentes del PRO en Mercedes, fue parte de una reuni\u00f3n de legisladores provinciales con Mauricio Macri, ex presidente de la Naci\u00f3n, tal cual se conoci\u00f3 este lunes.<\/p>\n<p>En el marco de su importante rol como referente en Juntos por el Cambio, y tras una gira internacional por Italia, Espa\u00f1a, Qatar y los Estados Unidos, Macri recibi\u00f3 en sus oficinas a los integrantes del bloque de diputados Pro bonaerenses y les pidi\u00f3 \u201ctrabajar por la unidad\u201d.<\/p>\n<p>\u201c\u00a1Gracias Mauricio Macri por recibirnos a todos los diputados Pro de la Provincia de Buenos Aires! Sos una gran fuente de inspiraci\u00f3n en todos nosotros como el primer d\u00eda! La Argentina y Juntos por el Cambio te necesitan\u201d, public\u00f3 Alex Campbell en su cuenta de Twitter, con una foto del encuentro.<\/p>\n<p><img loading=\"lazy\" decoding=\"async\" class=\"alignnone size-full wp-image-88372\" src=\"https:\/\/noticiasmercedinas.com\/site\/wp-content\/uploads\/2022\/04\/generacion.jpg\" alt=\"\" width=\"640\" height=\"434\" srcset=\"https:\/\/noticiasmercedinas.com\/site\/wp-content\/uploads\/2022\/04\/generacion.jpg 640w, https:\/\/noticiasmercedinas.com\/site\/wp-content\/uploads\/2022\/04\/generacion-300x203.jpg 300w\" sizes=\"auto, (max-width: 640px) 100vw, 640px\" \/><\/p>\n<p><strong>Congreso de La Generaci\u00f3n Argentina<br \/>\n<\/strong>Por otro lado, d\u00edas pasados adem\u00e1s Noelia Ruiz integro un encuentro con Horacio Rodr\u00edguez Larreta y otros dirigentes como Martin Tetaz.<\/p>\n<p>\u201cComo todos los a\u00f1os nos encontramos en el Congreso Anual de La Generaci\u00f3n Argentina y junto a Horacio Rodriguez Larreta, Maria Eugenia Vidal, Mart\u00edn Tetaz y Maxi Ferraro debatimos sobre los enormes desaf\u00edos que tiene el pa\u00eds para el desarrollo\u201d, coment\u00f3 al respecto.<\/p>\n<p>\u201cNos desafiaron a seguir consolidando Juntos, a armar equipos que salgan a comerse la cancha para ganar, a ir un paso m\u00e1s all\u00e1 siempre y jug\u00e1rnoslas por el pa\u00eds que queremos\u201d, dijo.<\/p>\n<p>&nbsp;<\/p>\n","protected":false},"excerpt":{"rendered":"<p>\u25a0 Tras una gira internacional por Italia, Espa\u00f1a, Qatar\u00a0y los Estados Unidos, Macri recibi\u00f3 en sus oficinas a los integrantes del bloque de diputados Pro bonaerenses y les pidi\u00f3 \u201ctrabajar por la unidad\u201d.<\/p>\n","protected":false},"author":16,"featured_media":88373,"comment_status":"open","ping_status":"open","sticky":false,"template":"","format":"standard","meta":{"footnotes":""},"categories":[16],"tags":[5269,548,11066,817],"class_list":["post-88369","post","type-post","status-publish","format-standard","has-post-thumbnail","hentry","category-politica","tag-juntos-por-el-cambio","tag-mauricio-macri","tag-noelia-ruiz","tag-pro"],"yoast_head":"<!-- This site is optimized with the Yoast SEO plugin v27.5 - https:\/\/yoast.com\/product\/yoast-seo-wordpress\/ -->\n<title>Diputada Noelia Ruiz fue parte de reuni\u00f3n con Mauricio Macri<\/title>\n<meta name=\"robots\" content=\"index, follow, max-snippet:-1, max-image-preview:large, max-video-preview:-1\" \/>\n<link rel=\"canonical\" href=\"https:\/\/noticiasmercedinas.com\/site\/2022\/04\/12\/diputada-noelia-ruiz-fue-parte-de-reunion-con-mauricio-macri\/\" \/>\n<meta property=\"og:locale\" content=\"es_ES\" \/>\n<meta property=\"og:type\" content=\"article\" \/>\n<meta property=\"og:title\" content=\"Diputada Noelia Ruiz fue parte de reuni\u00f3n con Mauricio Macri\" \/>\n<meta property=\"og:description\" content=\"\u25a0 Tras una gira internacional por Italia, Espa\u00f1a, Qatar\u00a0y los Estados Unidos, Macri recibi\u00f3 en sus oficinas a los integrantes del bloque de diputados Pro bonaerenses y les pidi\u00f3 \u201ctrabajar por la unidad\u201d.\" \/>\n<meta property=\"og:url\" content=\"https:\/\/noticiasmercedinas.com\/site\/2022\/04\/12\/diputada-noelia-ruiz-fue-parte-de-reunion-con-mauricio-macri\/\" \/>\n<meta property=\"og:site_name\" content=\"NOTICIASMERCEDINAS.COM\" \/>\n<meta property=\"article:publisher\" content=\"https:\/\/www.facebook.com\/noticiasmercedinas\/\" \/>\n<meta property=\"article:published_time\" content=\"2022-04-12T12:36:45+00:00\" \/>\n<meta property=\"article:modified_time\" content=\"2022-04-12T12:39:29+00:00\" \/>\n<meta property=\"og:image\" content=\"https:\/\/noticiasmercedinas.com\/site\/wp-content\/uploads\/2022\/04\/FTMSGOD3KBAF3FRNYEKESRDM6A.jpg\" \/>\n\t<meta property=\"og:image:width\" content=\"1200\" \/>\n\t<meta property=\"og:image:height\" content=\"746\" \/>\n\t<meta property=\"og:image:type\" content=\"image\/jpeg\" \/>\n<meta name=\"author\" content=\"NOTICIASMERCEDINAS.COM\" \/>\n<meta name=\"twitter:card\" content=\"summary_large_image\" \/>\n<meta name=\"twitter:creator\" content=\"@notmercedinas\" \/>\n<meta name=\"twitter:site\" content=\"@notmercedinas\" \/>\n<meta name=\"twitter:label1\" content=\"Escrito por\" \/>\n\t<meta name=\"twitter:data1\" content=\"NOTICIASMERCEDINAS.COM\" \/>\n\t<meta name=\"twitter:label2\" content=\"Tiempo de lectura\" \/>\n\t<meta name=\"twitter:data2\" content=\"2 minutos\" \/>\n<script type=\"application\/ld+json\" class=\"yoast-schema-graph\">{\"@context\":\"https:\\\/\\\/schema.org\",\"@graph\":[{\"@type\":\"Article\",\"@id\":\"https:\\\/\\\/noticiasmercedinas.com\\\/site\\\/2022\\\/04\\\/12\\\/diputada-noelia-ruiz-fue-parte-de-reunion-con-mauricio-macri\\\/#article\",\"isPartOf\":{\"@id\":\"https:\\\/\\\/noticiasmercedinas.com\\\/site\\\/2022\\\/04\\\/12\\\/diputada-noelia-ruiz-fue-parte-de-reunion-con-mauricio-macri\\\/\"},\"author\":{\"name\":\"NOTICIASMERCEDINAS.COM\",\"@id\":\"https:\\\/\\\/noticiasmercedinas.com\\\/site\\\/#\\\/schema\\\/person\\\/84b59c099c28ff2e8b77d4ceec5d8063\"},\"headline\":\"Diputada Noelia Ruiz fue parte de reuni\u00f3n con Mauricio Macri\",\"datePublished\":\"2022-04-12T12:36:45+00:00\",\"dateModified\":\"2022-04-12T12:39:29+00:00\",\"mainEntityOfPage\":{\"@id\":\"https:\\\/\\\/noticiasmercedinas.com\\\/site\\\/2022\\\/04\\\/12\\\/diputada-noelia-ruiz-fue-parte-de-reunion-con-mauricio-macri\\\/\"},\"wordCount\":270,\"commentCount\":0,\"publisher\":{\"@id\":\"https:\\\/\\\/noticiasmercedinas.com\\\/site\\\/#organization\"},\"image\":{\"@id\":\"https:\\\/\\\/noticiasmercedinas.com\\\/site\\\/2022\\\/04\\\/12\\\/diputada-noelia-ruiz-fue-parte-de-reunion-con-mauricio-macri\\\/#primaryimage\"},\"thumbnailUrl\":\"https:\\\/\\\/noticiasmercedinas.com\\\/site\\\/wp-content\\\/uploads\\\/2022\\\/04\\\/FTMSGOD3KBAF3FRNYEKESRDM6A.jpg\",\"keywords\":[\"juntos por el cambio\",\"mauricio macri\",\"Noelia Ruiz\",\"Pro\"],\"articleSection\":[\"Politica\"],\"inLanguage\":\"es\",\"potentialAction\":[{\"@type\":\"CommentAction\",\"name\":\"Comment\",\"target\":[\"https:\\\/\\\/noticiasmercedinas.com\\\/site\\\/2022\\\/04\\\/12\\\/diputada-noelia-ruiz-fue-parte-de-reunion-con-mauricio-macri\\\/#respond\"]}]},{\"@type\":\"WebPage\",\"@id\":\"https:\\\/\\\/noticiasmercedinas.com\\\/site\\\/2022\\\/04\\\/12\\\/diputada-noelia-ruiz-fue-parte-de-reunion-con-mauricio-macri\\\/\",\"url\":\"https:\\\/\\\/noticiasmercedinas.com\\\/site\\\/2022\\\/04\\\/12\\\/diputada-noelia-ruiz-fue-parte-de-reunion-con-mauricio-macri\\\/\",\"name\":\"Diputada Noelia Ruiz fue parte de reuni\u00f3n con Mauricio Macri\",\"isPartOf\":{\"@id\":\"https:\\\/\\\/noticiasmercedinas.com\\\/site\\\/#website\"},\"primaryImageOfPage\":{\"@id\":\"https:\\\/\\\/noticiasmercedinas.com\\\/site\\\/2022\\\/04\\\/12\\\/diputada-noelia-ruiz-fue-parte-de-reunion-con-mauricio-macri\\\/#primaryimage\"},\"image\":{\"@id\":\"https:\\\/\\\/noticiasmercedinas.com\\\/site\\\/2022\\\/04\\\/12\\\/diputada-noelia-ruiz-fue-parte-de-reunion-con-mauricio-macri\\\/#primaryimage\"},\"thumbnailUrl\":\"https:\\\/\\\/noticiasmercedinas.com\\\/site\\\/wp-content\\\/uploads\\\/2022\\\/04\\\/FTMSGOD3KBAF3FRNYEKESRDM6A.jpg\",\"datePublished\":\"2022-04-12T12:36:45+00:00\",\"dateModified\":\"2022-04-12T12:39:29+00:00\",\"breadcrumb\":{\"@id\":\"https:\\\/\\\/noticiasmercedinas.com\\\/site\\\/2022\\\/04\\\/12\\\/diputada-noelia-ruiz-fue-parte-de-reunion-con-mauricio-macri\\\/#breadcrumb\"},\"inLanguage\":\"es\",\"potentialAction\":[{\"@type\":\"ReadAction\",\"target\":[\"https:\\\/\\\/noticiasmercedinas.com\\\/site\\\/2022\\\/04\\\/12\\\/diputada-noelia-ruiz-fue-parte-de-reunion-con-mauricio-macri\\\/\"]}]},{\"@type\":\"ImageObject\",\"inLanguage\":\"es\",\"@id\":\"https:\\\/\\\/noticiasmercedinas.com\\\/site\\\/2022\\\/04\\\/12\\\/diputada-noelia-ruiz-fue-parte-de-reunion-con-mauricio-macri\\\/#primaryimage\",\"url\":\"https:\\\/\\\/noticiasmercedinas.com\\\/site\\\/wp-content\\\/uploads\\\/2022\\\/04\\\/FTMSGOD3KBAF3FRNYEKESRDM6A.jpg\",\"contentUrl\":\"https:\\\/\\\/noticiasmercedinas.com\\\/site\\\/wp-content\\\/uploads\\\/2022\\\/04\\\/FTMSGOD3KBAF3FRNYEKESRDM6A.jpg\",\"width\":1200,\"height\":746},{\"@type\":\"BreadcrumbList\",\"@id\":\"https:\\\/\\\/noticiasmercedinas.com\\\/site\\\/2022\\\/04\\\/12\\\/diputada-noelia-ruiz-fue-parte-de-reunion-con-mauricio-macri\\\/#breadcrumb\",\"itemListElement\":[{\"@type\":\"ListItem\",\"position\":1,\"name\":\"Portada\",\"item\":\"https:\\\/\\\/noticiasmercedinas.com\\\/site\\\/\"},{\"@type\":\"ListItem\",\"position\":2,\"name\":\"Diputada Noelia Ruiz fue parte de reuni\u00f3n con Mauricio Macri\"}]},{\"@type\":\"WebSite\",\"@id\":\"https:\\\/\\\/noticiasmercedinas.com\\\/site\\\/#website\",\"url\":\"https:\\\/\\\/noticiasmercedinas.com\\\/site\\\/\",\"name\":\"NOTICIASMERCEDINAS.COM\",\"description\":\"Mercedes, Buenos Aires, Argentina\",\"publisher\":{\"@id\":\"https:\\\/\\\/noticiasmercedinas.com\\\/site\\\/#organization\"},\"potentialAction\":[{\"@type\":\"SearchAction\",\"target\":{\"@type\":\"EntryPoint\",\"urlTemplate\":\"https:\\\/\\\/noticiasmercedinas.com\\\/site\\\/?s={search_term_string}\"},\"query-input\":{\"@type\":\"PropertyValueSpecification\",\"valueRequired\":true,\"valueName\":\"search_term_string\"}}],\"inLanguage\":\"es\"},{\"@type\":\"Organization\",\"@id\":\"https:\\\/\\\/noticiasmercedinas.com\\\/site\\\/#organization\",\"name\":\"NOTICIASMERCEDINAS.COM\",\"url\":\"https:\\\/\\\/noticiasmercedinas.com\\\/site\\\/\",\"logo\":{\"@type\":\"ImageObject\",\"inLanguage\":\"es\",\"@id\":\"https:\\\/\\\/noticiasmercedinas.com\\\/site\\\/#\\\/schema\\\/logo\\\/image\\\/\",\"url\":\"https:\\\/\\\/noticiasmercedinas.com\\\/site\\\/wp-content\\\/uploads\\\/2020\\\/06\\\/LOGO-512.jpg\",\"contentUrl\":\"https:\\\/\\\/noticiasmercedinas.com\\\/site\\\/wp-content\\\/uploads\\\/2020\\\/06\\\/LOGO-512.jpg\",\"width\":512,\"height\":512,\"caption\":\"NOTICIASMERCEDINAS.COM\"},\"image\":{\"@id\":\"https:\\\/\\\/noticiasmercedinas.com\\\/site\\\/#\\\/schema\\\/logo\\\/image\\\/\"},\"sameAs\":[\"https:\\\/\\\/www.facebook.com\\\/noticiasmercedinas\\\/\",\"https:\\\/\\\/x.com\\\/notmercedinas\",\"https:\\\/\\\/www.instagram.com\\\/noticiasmercedinas\\\/\"]},{\"@type\":\"Person\",\"@id\":\"https:\\\/\\\/noticiasmercedinas.com\\\/site\\\/#\\\/schema\\\/person\\\/84b59c099c28ff2e8b77d4ceec5d8063\",\"name\":\"NOTICIASMERCEDINAS.COM\",\"image\":{\"@type\":\"ImageObject\",\"inLanguage\":\"es\",\"@id\":\"https:\\\/\\\/secure.gravatar.com\\\/avatar\\\/4dfbf16b4d17945bfb6341b2d19043457132fcf478a5ee04f42e959fd8f5df0a?s=96&d=mm&r=g\",\"url\":\"https:\\\/\\\/secure.gravatar.com\\\/avatar\\\/4dfbf16b4d17945bfb6341b2d19043457132fcf478a5ee04f42e959fd8f5df0a?s=96&d=mm&r=g\",\"contentUrl\":\"https:\\\/\\\/secure.gravatar.com\\\/avatar\\\/4dfbf16b4d17945bfb6341b2d19043457132fcf478a5ee04f42e959fd8f5df0a?s=96&d=mm&r=g\",\"caption\":\"NOTICIASMERCEDINAS.COM\"},\"url\":\"https:\\\/\\\/noticiasmercedinas.com\\\/site\\\/author\\\/anonimo\\\/\"}]}<\/script>\n<!-- \/ Yoast SEO plugin. -->","yoast_head_json":{"title":"Diputada Noelia Ruiz fue parte de reuni\u00f3n con Mauricio Macri","robots":{"index":"index","follow":"follow","max-snippet":"max-snippet:-1","max-image-preview":"max-image-preview:large","max-video-preview":"max-video-preview:-1"},"canonical":"https:\/\/noticiasmercedinas.com\/site\/2022\/04\/12\/diputada-noelia-ruiz-fue-parte-de-reunion-con-mauricio-macri\/","og_locale":"es_ES","og_type":"article","og_title":"Diputada Noelia Ruiz fue parte de reuni\u00f3n con Mauricio Macri","og_description":"\u25a0 Tras una gira internacional por Italia, Espa\u00f1a, Qatar\u00a0y los Estados Unidos, Macri recibi\u00f3 en sus oficinas a los integrantes del bloque de diputados Pro bonaerenses y les pidi\u00f3 \u201ctrabajar por la unidad\u201d.","og_url":"https:\/\/noticiasmercedinas.com\/site\/2022\/04\/12\/diputada-noelia-ruiz-fue-parte-de-reunion-con-mauricio-macri\/","og_site_name":"NOTICIASMERCEDINAS.COM","article_publisher":"https:\/\/www.facebook.com\/noticiasmercedinas\/","article_published_time":"2022-04-12T12:36:45+00:00","article_modified_time":"2022-04-12T12:39:29+00:00","og_image":[{"width":1200,"height":746,"url":"https:\/\/noticiasmercedinas.com\/site\/wp-content\/uploads\/2022\/04\/FTMSGOD3KBAF3FRNYEKESRDM6A.jpg","type":"image\/jpeg"}],"author":"NOTICIASMERCEDINAS.COM","twitter_card":"summary_large_image","twitter_creator":"@notmercedinas","twitter_site":"@notmercedinas","twitter_misc":{"Escrito por":"NOTICIASMERCEDINAS.COM","Tiempo de lectura":"2 minutos"},"schema":{"@context":"https:\/\/schema.org","@graph":[{"@type":"Article","@id":"https:\/\/noticiasmercedinas.com\/site\/2022\/04\/12\/diputada-noelia-ruiz-fue-parte-de-reunion-con-mauricio-macri\/#article","isPartOf":{"@id":"https:\/\/noticiasmercedinas.com\/site\/2022\/04\/12\/diputada-noelia-ruiz-fue-parte-de-reunion-con-mauricio-macri\/"},"author":{"name":"NOTICIASMERCEDINAS.COM","@id":"https:\/\/noticiasmercedinas.com\/site\/#\/schema\/person\/84b59c099c28ff2e8b77d4ceec5d8063"},"headline":"Diputada Noelia Ruiz fue parte de reuni\u00f3n con Mauricio Macri","datePublished":"2022-04-12T12:36:45+00:00","dateModified":"2022-04-12T12:39:29+00:00","mainEntityOfPage":{"@id":"https:\/\/noticiasmercedinas.com\/site\/2022\/04\/12\/diputada-noelia-ruiz-fue-parte-de-reunion-con-mauricio-macri\/"},"wordCount":270,"commentCount":0,"publisher":{"@id":"https:\/\/noticiasmercedinas.com\/site\/#organization"},"image":{"@id":"https:\/\/noticiasmercedinas.com\/site\/2022\/04\/12\/diputada-noelia-ruiz-fue-parte-de-reunion-con-mauricio-macri\/#primaryimage"},"thumbnailUrl":"https:\/\/noticiasmercedinas.com\/site\/wp-content\/uploads\/2022\/04\/FTMSGOD3KBAF3FRNYEKESRDM6A.jpg","keywords":["juntos por el cambio","mauricio macri","Noelia Ruiz","Pro"],"articleSection":["Politica"],"inLanguage":"es","potentialAction":[{"@type":"CommentAction","name":"Comment","target":["https:\/\/noticiasmercedinas.com\/site\/2022\/04\/12\/diputada-noelia-ruiz-fue-parte-de-reunion-con-mauricio-macri\/#respond"]}]},{"@type":"WebPage","@id":"https:\/\/noticiasmercedinas.com\/site\/2022\/04\/12\/diputada-noelia-ruiz-fue-parte-de-reunion-con-mauricio-macri\/","url":"https:\/\/noticiasmercedinas.com\/site\/2022\/04\/12\/diputada-noelia-ruiz-fue-parte-de-reunion-con-mauricio-macri\/","name":"Diputada Noelia Ruiz fue parte de reuni\u00f3n con Mauricio Macri","isPartOf":{"@id":"https:\/\/noticiasmercedinas.com\/site\/#website"},"primaryImageOfPage":{"@id":"https:\/\/noticiasmercedinas.com\/site\/2022\/04\/12\/diputada-noelia-ruiz-fue-parte-de-reunion-con-mauricio-macri\/#primaryimage"},"image":{"@id":"https:\/\/noticiasmercedinas.com\/site\/2022\/04\/12\/diputada-noelia-ruiz-fue-parte-de-reunion-con-mauricio-macri\/#primaryimage"},"thumbnailUrl":"https:\/\/noticiasmercedinas.com\/site\/wp-content\/uploads\/2022\/04\/FTMSGOD3KBAF3FRNYEKESRDM6A.jpg","datePublished":"2022-04-12T12:36:45+00:00","dateModified":"2022-04-12T12:39:29+00:00","breadcrumb":{"@id":"https:\/\/noticiasmercedinas.com\/site\/2022\/04\/12\/diputada-noelia-ruiz-fue-parte-de-reunion-con-mauricio-macri\/#breadcrumb"},"inLanguage":"es","potentialAction":[{"@type":"ReadAction","target":["https:\/\/noticiasmercedinas.com\/site\/2022\/04\/12\/diputada-noelia-ruiz-fue-parte-de-reunion-con-mauricio-macri\/"]}]},{"@type":"ImageObject","inLanguage":"es","@id":"https:\/\/noticiasmercedinas.com\/site\/2022\/04\/12\/diputada-noelia-ruiz-fue-parte-de-reunion-con-mauricio-macri\/#primaryimage","url":"https:\/\/noticiasmercedinas.com\/site\/wp-content\/uploads\/2022\/04\/FTMSGOD3KBAF3FRNYEKESRDM6A.jpg","contentUrl":"https:\/\/noticiasmercedinas.com\/site\/wp-content\/uploads\/2022\/04\/FTMSGOD3KBAF3FRNYEKESRDM6A.jpg","width":1200,"height":746},{"@type":"BreadcrumbList","@id":"https:\/\/noticiasmercedinas.com\/site\/2022\/04\/12\/diputada-noelia-ruiz-fue-parte-de-reunion-con-mauricio-macri\/#breadcrumb","itemListElement":[{"@type":"ListItem","position":1,"name":"Portada","item":"https:\/\/noticiasmercedinas.com\/site\/"},{"@type":"ListItem","position":2,"name":"Diputada Noelia Ruiz fue parte de reuni\u00f3n con Mauricio Macri"}]},{"@type":"WebSite","@id":"https:\/\/noticiasmercedinas.com\/site\/#website","url":"https:\/\/noticiasmercedinas.com\/site\/","name":"NOTICIASMERCEDINAS.COM","description":"Mercedes, Buenos Aires, Argentina","publisher":{"@id":"https:\/\/noticiasmercedinas.com\/site\/#organization"},"potentialAction":[{"@type":"SearchAction","target":{"@type":"EntryPoint","urlTemplate":"https:\/\/noticiasmercedinas.com\/site\/?s={search_term_string}"},"query-input":{"@type":"PropertyValueSpecification","valueRequired":true,"valueName":"search_term_string"}}],"inLanguage":"es"},{"@type":"Organization","@id":"https:\/\/noticiasmercedinas.com\/site\/#organization","name":"NOTICIASMERCEDINAS.COM","url":"https:\/\/noticiasmercedinas.com\/site\/","logo":{"@type":"ImageObject","inLanguage":"es","@id":"https:\/\/noticiasmercedinas.com\/site\/#\/schema\/logo\/image\/","url":"https:\/\/noticiasmercedinas.com\/site\/wp-content\/uploads\/2020\/06\/LOGO-512.jpg","contentUrl":"https:\/\/noticiasmercedinas.com\/site\/wp-content\/uploads\/2020\/06\/LOGO-512.jpg","width":512,"height":512,"caption":"NOTICIASMERCEDINAS.COM"},"image":{"@id":"https:\/\/noticiasmercedinas.com\/site\/#\/schema\/logo\/image\/"},"sameAs":["https:\/\/www.facebook.com\/noticiasmercedinas\/","https:\/\/x.com\/notmercedinas","https:\/\/www.instagram.com\/noticiasmercedinas\/"]},{"@type":"Person","@id":"https:\/\/noticiasmercedinas.com\/site\/#\/schema\/person\/84b59c099c28ff2e8b77d4ceec5d8063","name":"NOTICIASMERCEDINAS.COM","image":{"@type":"ImageObject","inLanguage":"es","@id":"https:\/\/secure.gravatar.com\/avatar\/4dfbf16b4d17945bfb6341b2d19043457132fcf478a5ee04f42e959fd8f5df0a?s=96&d=mm&r=g","url":"https:\/\/secure.gravatar.com\/avatar\/4dfbf16b4d17945bfb6341b2d19043457132fcf478a5ee04f42e959fd8f5df0a?s=96&d=mm&r=g","contentUrl":"https:\/\/secure.gravatar.com\/avatar\/4dfbf16b4d17945bfb6341b2d19043457132fcf478a5ee04f42e959fd8f5df0a?s=96&d=mm&r=g","caption":"NOTICIASMERCEDINAS.COM"},"url":"https:\/\/noticiasmercedinas.com\/site\/author\/anonimo\/"}]}},"amp_enabled":true,"_links":{"self":[{"href":"https:\/\/noticiasmercedinas.com\/site\/wp-json\/wp\/v2\/posts\/88369","targetHints":{"allow":["GET"]}}],"collection":[{"href":"https:\/\/noticiasmercedinas.com\/site\/wp-json\/wp\/v2\/posts"}],"about":[{"href":"https:\/\/noticiasmercedinas.com\/site\/wp-json\/wp\/v2\/types\/post"}],"author":[{"embeddable":true,"href":"https:\/\/noticiasmercedinas.com\/site\/wp-json\/wp\/v2\/users\/16"}],"replies":[{"embeddable":true,"href":"https:\/\/noticiasmercedinas.com\/site\/wp-json\/wp\/v2\/comments?post=88369"}],"version-history":[{"count":2,"href":"https:\/\/noticiasmercedinas.com\/site\/wp-json\/wp\/v2\/posts\/88369\/revisions"}],"predecessor-version":[{"id":88375,"href":"https:\/\/noticiasmercedinas.com\/site\/wp-json\/wp\/v2\/posts\/88369\/revisions\/88375"}],"wp:featuredmedia":[{"embeddable":true,"href":"https:\/\/noticiasmercedinas.com\/site\/wp-json\/wp\/v2\/media\/88373"}],"wp:attachment":[{"href":"https:\/\/noticiasmercedinas.com\/site\/wp-json\/wp\/v2\/media?parent=88369"}],"wp:term":[{"taxonomy":"category","embeddable":true,"href":"https:\/\/noticiasmercedinas.com\/site\/wp-json\/wp\/v2\/categories?post=88369"},{"taxonomy":"post_tag","embeddable":true,"href":"https:\/\/noticiasmercedinas.com\/site\/wp-json\/wp\/v2\/tags?post=88369"}],"curies":[{"name":"wp","href":"https:\/\/api.w.org\/{rel}","templated":true}]}}