{"id":8861,"date":"2018-12-11T22:01:49","date_gmt":"2018-12-12T01:01:49","guid":{"rendered":"https:\/\/noticiasmercedinas.com\/site\/?p=8861"},"modified":"2018-12-11T22:01:49","modified_gmt":"2018-12-12T01:01:49","slug":"expo-muni-en-el-tercer-ano-de-asuncion-de-ustarroz-como-intendente","status":"publish","type":"post","link":"https:\/\/noticiasmercedinas.com\/site\/2018\/12\/11\/expo-muni-en-el-tercer-ano-de-asuncion-de-ustarroz-como-intendente\/","title":{"rendered":"\u201cExpo Muni\u201d en el tercer a\u00f1o de asunci\u00f3n de Ustarroz como intendente"},"content":{"rendered":"<p><strong>Muestran programas, beneficios y ofrecen entretenimiento.\u00a0La invitaci\u00f3n contin\u00faa este mi\u00e9rcoles, jueves y viernes en la plaza San Mart\u00edn.<\/strong><\/p>\n\r\n                <style type=\"text\/css\">\r\n                    \r\n                    #td_uid_1_69f1d9694f43e  .td-doubleSlider-2 .td-item1 {\r\n                        background: url(https:\/\/noticiasmercedinas.com\/site\/wp-content\/uploads\/2018\/12\/DSC_0015-160x120.jpg) 0 0 no-repeat;\r\n                    }\r\n                    #td_uid_1_69f1d9694f43e  .td-doubleSlider-2 .td-item2 {\r\n                        background: url(https:\/\/noticiasmercedinas.com\/site\/wp-content\/uploads\/2018\/12\/DSC_0028-160x120.jpg) 0 0 no-repeat;\r\n                    }\r\n                    #td_uid_1_69f1d9694f43e  .td-doubleSlider-2 .td-item3 {\r\n                        background: url(https:\/\/noticiasmercedinas.com\/site\/wp-content\/uploads\/2018\/12\/DSC_0029-160x120.jpg) 0 0 no-repeat;\r\n                    }\r\n                    #td_uid_1_69f1d9694f43e  .td-doubleSlider-2 .td-item4 {\r\n                        background: url(https:\/\/noticiasmercedinas.com\/site\/wp-content\/uploads\/2018\/12\/DSC_0070-160x120.jpg) 0 0 no-repeat;\r\n                    }\r\n                    #td_uid_1_69f1d9694f43e  .td-doubleSlider-2 .td-item5 {\r\n                        background: url(https:\/\/noticiasmercedinas.com\/site\/wp-content\/uploads\/2018\/12\/DSC_0071-160x120.jpg) 0 0 no-repeat;\r\n                    }\r\n                    #td_uid_1_69f1d9694f43e  .td-doubleSlider-2 .td-item6 {\r\n                        background: url(https:\/\/noticiasmercedinas.com\/site\/wp-content\/uploads\/2018\/12\/DSC_0075-160x120.jpg) 0 0 no-repeat;\r\n                    }\r\n                    #td_uid_1_69f1d9694f43e  .td-doubleSlider-2 .td-item7 {\r\n                        background: url(https:\/\/noticiasmercedinas.com\/site\/wp-content\/uploads\/2018\/12\/DSC_0078-160x120.jpg) 0 0 no-repeat;\r\n                    }\r\n                    #td_uid_1_69f1d9694f43e  .td-doubleSlider-2 .td-item8 {\r\n                        background: url(https:\/\/noticiasmercedinas.com\/site\/wp-content\/uploads\/2018\/12\/DSC_0080-1-160x120.jpg) 0 0 no-repeat;\r\n                    }\r\n                    #td_uid_1_69f1d9694f43e  .td-doubleSlider-2 .td-item9 {\r\n                        background: url(https:\/\/noticiasmercedinas.com\/site\/wp-content\/uploads\/2018\/12\/DSC_0103-1-160x120.jpg) 0 0 no-repeat;\r\n                    }\r\n                    #td_uid_1_69f1d9694f43e  .td-doubleSlider-2 .td-item10 {\r\n                        background: url(https:\/\/noticiasmercedinas.com\/site\/wp-content\/uploads\/2018\/12\/DSC_0107-1-160x120.jpg) 0 0 no-repeat;\r\n                    }\r\n                    #td_uid_1_69f1d9694f43e  .td-doubleSlider-2 .td-item11 {\r\n                        background: url(https:\/\/noticiasmercedinas.com\/site\/wp-content\/uploads\/2018\/12\/DSC_0117-160x120.jpg) 0 0 no-repeat;\r\n                    }\r\n                    #td_uid_1_69f1d9694f43e  .td-doubleSlider-2 .td-item12 {\r\n                        background: url(https:\/\/noticiasmercedinas.com\/site\/wp-content\/uploads\/2018\/12\/DSC_0119-160x120.jpg) 0 0 no-repeat;\r\n                    }\r\n                    #td_uid_1_69f1d9694f43e  .td-doubleSlider-2 .td-item13 {\r\n                        background: url(https:\/\/noticiasmercedinas.com\/site\/wp-content\/uploads\/2018\/12\/DSC_0152-160x120.jpg) 0 0 no-repeat;\r\n                    }\r\n                    #td_uid_1_69f1d9694f43e  .td-doubleSlider-2 .td-item14 {\r\n                        background: url(https:\/\/noticiasmercedinas.com\/site\/wp-content\/uploads\/2018\/12\/DSC_0171-160x120.jpg) 0 0 no-repeat;\r\n                    }\r\n                    #td_uid_1_69f1d9694f43e  .td-doubleSlider-2 .td-item15 {\r\n                        background: url(https:\/\/noticiasmercedinas.com\/site\/wp-content\/uploads\/2018\/12\/DSC_0177-160x120.jpg) 0 0 no-repeat;\r\n                    }\r\n                    #td_uid_1_69f1d9694f43e  .td-doubleSlider-2 .td-item16 {\r\n                        background: url(https:\/\/noticiasmercedinas.com\/site\/wp-content\/uploads\/2018\/12\/DSC_0197-160x120.jpg) 0 0 no-repeat;\r\n                    }\r\n                    #td_uid_1_69f1d9694f43e  .td-doubleSlider-2 .td-item17 {\r\n                        background: url(https:\/\/noticiasmercedinas.com\/site\/wp-content\/uploads\/2018\/12\/WhatsApp-Image-2018-12-10-at-21.44.152-160x120.jpeg) 0 0 no-repeat;\r\n                    }\r\n                    #td_uid_1_69f1d9694f43e  .td-doubleSlider-2 .td-item18 {\r\n                        background: url(https:\/\/noticiasmercedinas.com\/site\/wp-content\/uploads\/2018\/12\/WhatsApp-Image-2018-12-10-at-21.44.15-160x120.jpeg) 0 0 no-repeat;\r\n                    }\r\n                <\/style>\r\n\r\n                <div id=\"td_uid_1_69f1d9694f43e\" class=\"td-gallery td-slide-on-2-columns\">\r\n                    <div class=\"post_td_gallery\">\r\n                        <div class=\"td-gallery-slide-top\">\r\n                           <div class=\"td-gallery-title\"><\/div>\r\n\r\n                            <div class=\"td-gallery-controls-wrapper\">\r\n                                <div class=\"td-gallery-slide-count\"><span class=\"td-gallery-slide-item-focus\">1<\/span> de 18<\/div>\r\n                                <div class=\"td-gallery-slide-prev-next-but\">\r\n                                    <i class = \"td-icon-left doubleSliderPrevButton\"><\/i>\r\n                                    <i class = \"td-icon-right doubleSliderNextButton\"><\/i>\r\n                                <\/div>\r\n                            <\/div>\r\n                        <\/div>\r\n\r\n                        <div class = \"td-doubleSlider-1 \">\r\n                            <div class = \"td-slider\">\r\n                                \r\n                    <div class = \"td-slide-item td-item1\">\r\n                        <figure class=\"td-slide-galery-figure td-slide-popup-gallery\">\r\n                            <a class=\"slide-gallery-image-link\" href=\"https:\/\/noticiasmercedinas.com\/site\/wp-content\/uploads\/2018\/12\/DSC_0015.jpg\" title=\"DSC_0015\"  data-caption=\"\"  data-description=\"\">\r\n                                <img decoding=\"async\" src=\"https:\/\/noticiasmercedinas.com\/site\/wp-content\/uploads\/2018\/12\/DSC_0015.jpg\" srcset=\"https:\/\/noticiasmercedinas.com\/site\/wp-content\/uploads\/2018\/12\/DSC_0015.jpg 912w, https:\/\/noticiasmercedinas.com\/site\/wp-content\/uploads\/2018\/12\/DSC_0015-300x200.jpg 300w, https:\/\/noticiasmercedinas.com\/site\/wp-content\/uploads\/2018\/12\/DSC_0015-768x511.jpg 768w, https:\/\/noticiasmercedinas.com\/site\/wp-content\/uploads\/2018\/12\/DSC_0015-640x426.jpg 640w, https:\/\/noticiasmercedinas.com\/site\/wp-content\/uploads\/2018\/12\/DSC_0015-681x453.jpg 681w\" sizes=\"(max-width: 912px) 100vw, 912px\" alt=\"\">\r\n                            <\/a>\r\n                            \r\n                        <\/figure>\r\n                    <\/div>\r\n                    <div class = \"td-slide-item td-item2\">\r\n                        <figure class=\"td-slide-galery-figure td-slide-popup-gallery\">\r\n                            <a class=\"slide-gallery-image-link\" href=\"https:\/\/noticiasmercedinas.com\/site\/wp-content\/uploads\/2018\/12\/DSC_0028.jpg\" title=\"DSC_0028\"  data-caption=\"\"  data-description=\"\">\r\n                                <img decoding=\"async\" src=\"https:\/\/noticiasmercedinas.com\/site\/wp-content\/uploads\/2018\/12\/DSC_0028.jpg\" srcset=\"https:\/\/noticiasmercedinas.com\/site\/wp-content\/uploads\/2018\/12\/DSC_0028.jpg 912w, https:\/\/noticiasmercedinas.com\/site\/wp-content\/uploads\/2018\/12\/DSC_0028-300x200.jpg 300w, https:\/\/noticiasmercedinas.com\/site\/wp-content\/uploads\/2018\/12\/DSC_0028-768x512.jpg 768w, https:\/\/noticiasmercedinas.com\/site\/wp-content\/uploads\/2018\/12\/DSC_0028-640x427.jpg 640w, https:\/\/noticiasmercedinas.com\/site\/wp-content\/uploads\/2018\/12\/DSC_0028-681x454.jpg 681w\" sizes=\"(max-width: 912px) 100vw, 912px\" alt=\"\">\r\n                            <\/a>\r\n                            \r\n                        <\/figure>\r\n                    <\/div>\r\n                    <div class = \"td-slide-item td-item3\">\r\n                        <figure class=\"td-slide-galery-figure td-slide-popup-gallery\">\r\n                            <a class=\"slide-gallery-image-link\" href=\"https:\/\/noticiasmercedinas.com\/site\/wp-content\/uploads\/2018\/12\/DSC_0029.jpg\" title=\"DSC_0029\"  data-caption=\"\"  data-description=\"\">\r\n                                <img decoding=\"async\" src=\"https:\/\/noticiasmercedinas.com\/site\/wp-content\/uploads\/2018\/12\/DSC_0029.jpg\" srcset=\"https:\/\/noticiasmercedinas.com\/site\/wp-content\/uploads\/2018\/12\/DSC_0029.jpg 912w, https:\/\/noticiasmercedinas.com\/site\/wp-content\/uploads\/2018\/12\/DSC_0029-300x200.jpg 300w, https:\/\/noticiasmercedinas.com\/site\/wp-content\/uploads\/2018\/12\/DSC_0029-768x512.jpg 768w, https:\/\/noticiasmercedinas.com\/site\/wp-content\/uploads\/2018\/12\/DSC_0029-640x427.jpg 640w, https:\/\/noticiasmercedinas.com\/site\/wp-content\/uploads\/2018\/12\/DSC_0029-681x454.jpg 681w\" sizes=\"(max-width: 912px) 100vw, 912px\" alt=\"\">\r\n                            <\/a>\r\n                            \r\n                        <\/figure>\r\n                    <\/div>\r\n                    <div class = \"td-slide-item td-item4\">\r\n                        <figure class=\"td-slide-galery-figure td-slide-popup-gallery\">\r\n                            <a class=\"slide-gallery-image-link\" href=\"https:\/\/noticiasmercedinas.com\/site\/wp-content\/uploads\/2018\/12\/DSC_0070.jpg\" title=\"DSC_0070\"  data-caption=\"\"  data-description=\"\">\r\n                                <img decoding=\"async\" src=\"https:\/\/noticiasmercedinas.com\/site\/wp-content\/uploads\/2018\/12\/DSC_0070.jpg\" srcset=\"https:\/\/noticiasmercedinas.com\/site\/wp-content\/uploads\/2018\/12\/DSC_0070.jpg 912w, https:\/\/noticiasmercedinas.com\/site\/wp-content\/uploads\/2018\/12\/DSC_0070-300x200.jpg 300w, https:\/\/noticiasmercedinas.com\/site\/wp-content\/uploads\/2018\/12\/DSC_0070-768x512.jpg 768w, https:\/\/noticiasmercedinas.com\/site\/wp-content\/uploads\/2018\/12\/DSC_0070-640x427.jpg 640w, https:\/\/noticiasmercedinas.com\/site\/wp-content\/uploads\/2018\/12\/DSC_0070-681x454.jpg 681w\" sizes=\"(max-width: 912px) 100vw, 912px\" alt=\"\">\r\n                            <\/a>\r\n                            \r\n                        <\/figure>\r\n                    <\/div>\r\n                    <div class = \"td-slide-item td-item5\">\r\n                        <figure class=\"td-slide-galery-figure td-slide-popup-gallery\">\r\n                            <a class=\"slide-gallery-image-link\" href=\"https:\/\/noticiasmercedinas.com\/site\/wp-content\/uploads\/2018\/12\/DSC_0071.jpg\" title=\"DSC_0071\"  data-caption=\"\"  data-description=\"\">\r\n                                <img decoding=\"async\" src=\"https:\/\/noticiasmercedinas.com\/site\/wp-content\/uploads\/2018\/12\/DSC_0071.jpg\" srcset=\"https:\/\/noticiasmercedinas.com\/site\/wp-content\/uploads\/2018\/12\/DSC_0071.jpg 912w, https:\/\/noticiasmercedinas.com\/site\/wp-content\/uploads\/2018\/12\/DSC_0071-300x200.jpg 300w, https:\/\/noticiasmercedinas.com\/site\/wp-content\/uploads\/2018\/12\/DSC_0071-768x512.jpg 768w, https:\/\/noticiasmercedinas.com\/site\/wp-content\/uploads\/2018\/12\/DSC_0071-640x427.jpg 640w, https:\/\/noticiasmercedinas.com\/site\/wp-content\/uploads\/2018\/12\/DSC_0071-681x454.jpg 681w\" sizes=\"(max-width: 912px) 100vw, 912px\" alt=\"\">\r\n                            <\/a>\r\n                            \r\n                        <\/figure>\r\n                    <\/div>\r\n                    <div class = \"td-slide-item td-item6\">\r\n                        <figure class=\"td-slide-galery-figure td-slide-popup-gallery\">\r\n                            <a class=\"slide-gallery-image-link\" href=\"https:\/\/noticiasmercedinas.com\/site\/wp-content\/uploads\/2018\/12\/DSC_0075.jpg\" title=\"DSC_0075\"  data-caption=\"\"  data-description=\"\">\r\n                                <img decoding=\"async\" src=\"https:\/\/noticiasmercedinas.com\/site\/wp-content\/uploads\/2018\/12\/DSC_0075.jpg\" srcset=\"https:\/\/noticiasmercedinas.com\/site\/wp-content\/uploads\/2018\/12\/DSC_0075.jpg 912w, https:\/\/noticiasmercedinas.com\/site\/wp-content\/uploads\/2018\/12\/DSC_0075-300x200.jpg 300w, https:\/\/noticiasmercedinas.com\/site\/wp-content\/uploads\/2018\/12\/DSC_0075-768x512.jpg 768w, https:\/\/noticiasmercedinas.com\/site\/wp-content\/uploads\/2018\/12\/DSC_0075-640x427.jpg 640w, https:\/\/noticiasmercedinas.com\/site\/wp-content\/uploads\/2018\/12\/DSC_0075-681x454.jpg 681w\" sizes=\"(max-width: 912px) 100vw, 912px\" alt=\"\">\r\n                            <\/a>\r\n                            \r\n                        <\/figure>\r\n                    <\/div>\r\n                    <div class = \"td-slide-item td-item7\">\r\n                        <figure class=\"td-slide-galery-figure td-slide-popup-gallery\">\r\n                            <a class=\"slide-gallery-image-link\" href=\"https:\/\/noticiasmercedinas.com\/site\/wp-content\/uploads\/2018\/12\/DSC_0078.jpg\" title=\"DSC_0078\"  data-caption=\"\"  data-description=\"\">\r\n                                <img decoding=\"async\" src=\"https:\/\/noticiasmercedinas.com\/site\/wp-content\/uploads\/2018\/12\/DSC_0078.jpg\" srcset=\"https:\/\/noticiasmercedinas.com\/site\/wp-content\/uploads\/2018\/12\/DSC_0078.jpg 912w, https:\/\/noticiasmercedinas.com\/site\/wp-content\/uploads\/2018\/12\/DSC_0078-300x200.jpg 300w, https:\/\/noticiasmercedinas.com\/site\/wp-content\/uploads\/2018\/12\/DSC_0078-768x512.jpg 768w, https:\/\/noticiasmercedinas.com\/site\/wp-content\/uploads\/2018\/12\/DSC_0078-640x427.jpg 640w, https:\/\/noticiasmercedinas.com\/site\/wp-content\/uploads\/2018\/12\/DSC_0078-681x454.jpg 681w\" sizes=\"(max-width: 912px) 100vw, 912px\" alt=\"\">\r\n                            <\/a>\r\n                            \r\n                        <\/figure>\r\n                    <\/div>\r\n                    <div class = \"td-slide-item td-item8\">\r\n                        <figure class=\"td-slide-galery-figure td-slide-popup-gallery\">\r\n                            <a class=\"slide-gallery-image-link\" href=\"https:\/\/noticiasmercedinas.com\/site\/wp-content\/uploads\/2018\/12\/DSC_0080-1.jpg\" title=\"DSC_0080 (1)\"  data-caption=\"\"  data-description=\"\">\r\n                                <img decoding=\"async\" src=\"https:\/\/noticiasmercedinas.com\/site\/wp-content\/uploads\/2018\/12\/DSC_0080-1.jpg\" srcset=\"https:\/\/noticiasmercedinas.com\/site\/wp-content\/uploads\/2018\/12\/DSC_0080-1.jpg 912w, https:\/\/noticiasmercedinas.com\/site\/wp-content\/uploads\/2018\/12\/DSC_0080-1-300x200.jpg 300w, https:\/\/noticiasmercedinas.com\/site\/wp-content\/uploads\/2018\/12\/DSC_0080-1-768x512.jpg 768w, https:\/\/noticiasmercedinas.com\/site\/wp-content\/uploads\/2018\/12\/DSC_0080-1-640x427.jpg 640w, https:\/\/noticiasmercedinas.com\/site\/wp-content\/uploads\/2018\/12\/DSC_0080-1-681x454.jpg 681w\" sizes=\"(max-width: 912px) 100vw, 912px\" alt=\"\">\r\n                            <\/a>\r\n                            \r\n                        <\/figure>\r\n                    <\/div>\r\n                    <div class = \"td-slide-item td-item9\">\r\n                        <figure class=\"td-slide-galery-figure td-slide-popup-gallery\">\r\n                            <a class=\"slide-gallery-image-link\" href=\"https:\/\/noticiasmercedinas.com\/site\/wp-content\/uploads\/2018\/12\/DSC_0103-1.jpg\" title=\"DSC_0103 (1)\"  data-caption=\"\"  data-description=\"\">\r\n                                <img decoding=\"async\" src=\"https:\/\/noticiasmercedinas.com\/site\/wp-content\/uploads\/2018\/12\/DSC_0103-1.jpg\" srcset=\"https:\/\/noticiasmercedinas.com\/site\/wp-content\/uploads\/2018\/12\/DSC_0103-1.jpg 912w, https:\/\/noticiasmercedinas.com\/site\/wp-content\/uploads\/2018\/12\/DSC_0103-1-300x200.jpg 300w, https:\/\/noticiasmercedinas.com\/site\/wp-content\/uploads\/2018\/12\/DSC_0103-1-768x512.jpg 768w, https:\/\/noticiasmercedinas.com\/site\/wp-content\/uploads\/2018\/12\/DSC_0103-1-640x427.jpg 640w, https:\/\/noticiasmercedinas.com\/site\/wp-content\/uploads\/2018\/12\/DSC_0103-1-681x454.jpg 681w\" sizes=\"(max-width: 912px) 100vw, 912px\" alt=\"\">\r\n                            <\/a>\r\n                            \r\n                        <\/figure>\r\n                    <\/div>\r\n                    <div class = \"td-slide-item td-item10\">\r\n                        <figure class=\"td-slide-galery-figure td-slide-popup-gallery\">\r\n                            <a class=\"slide-gallery-image-link\" href=\"https:\/\/noticiasmercedinas.com\/site\/wp-content\/uploads\/2018\/12\/DSC_0107-1.jpg\" title=\"DSC_0107 (1)\"  data-caption=\"\"  data-description=\"\">\r\n                                <img decoding=\"async\" src=\"https:\/\/noticiasmercedinas.com\/site\/wp-content\/uploads\/2018\/12\/DSC_0107-1.jpg\" srcset=\"https:\/\/noticiasmercedinas.com\/site\/wp-content\/uploads\/2018\/12\/DSC_0107-1.jpg 912w, https:\/\/noticiasmercedinas.com\/site\/wp-content\/uploads\/2018\/12\/DSC_0107-1-300x200.jpg 300w, https:\/\/noticiasmercedinas.com\/site\/wp-content\/uploads\/2018\/12\/DSC_0107-1-768x512.jpg 768w, https:\/\/noticiasmercedinas.com\/site\/wp-content\/uploads\/2018\/12\/DSC_0107-1-640x427.jpg 640w, https:\/\/noticiasmercedinas.com\/site\/wp-content\/uploads\/2018\/12\/DSC_0107-1-681x454.jpg 681w\" sizes=\"(max-width: 912px) 100vw, 912px\" alt=\"\">\r\n                            <\/a>\r\n                            \r\n                        <\/figure>\r\n                    <\/div>\r\n                    <div class = \"td-slide-item td-item11\">\r\n                        <figure class=\"td-slide-galery-figure td-slide-popup-gallery\">\r\n                            <a class=\"slide-gallery-image-link\" href=\"https:\/\/noticiasmercedinas.com\/site\/wp-content\/uploads\/2018\/12\/DSC_0117.jpg\" title=\"DSC_0117\"  data-caption=\"\"  data-description=\"\">\r\n                                <img decoding=\"async\" src=\"https:\/\/noticiasmercedinas.com\/site\/wp-content\/uploads\/2018\/12\/DSC_0117.jpg\" srcset=\"https:\/\/noticiasmercedinas.com\/site\/wp-content\/uploads\/2018\/12\/DSC_0117.jpg 912w, https:\/\/noticiasmercedinas.com\/site\/wp-content\/uploads\/2018\/12\/DSC_0117-300x200.jpg 300w, https:\/\/noticiasmercedinas.com\/site\/wp-content\/uploads\/2018\/12\/DSC_0117-768x512.jpg 768w, https:\/\/noticiasmercedinas.com\/site\/wp-content\/uploads\/2018\/12\/DSC_0117-640x427.jpg 640w, https:\/\/noticiasmercedinas.com\/site\/wp-content\/uploads\/2018\/12\/DSC_0117-681x454.jpg 681w\" sizes=\"(max-width: 912px) 100vw, 912px\" alt=\"\">\r\n                            <\/a>\r\n                            \r\n                        <\/figure>\r\n                    <\/div>\r\n                    <div class = \"td-slide-item td-item12\">\r\n                        <figure class=\"td-slide-galery-figure td-slide-popup-gallery\">\r\n                            <a class=\"slide-gallery-image-link\" href=\"https:\/\/noticiasmercedinas.com\/site\/wp-content\/uploads\/2018\/12\/DSC_0119.jpg\" title=\"DSC_0119\"  data-caption=\"\"  data-description=\"\">\r\n                                <img decoding=\"async\" src=\"https:\/\/noticiasmercedinas.com\/site\/wp-content\/uploads\/2018\/12\/DSC_0119.jpg\" srcset=\"https:\/\/noticiasmercedinas.com\/site\/wp-content\/uploads\/2018\/12\/DSC_0119.jpg 912w, https:\/\/noticiasmercedinas.com\/site\/wp-content\/uploads\/2018\/12\/DSC_0119-300x200.jpg 300w, https:\/\/noticiasmercedinas.com\/site\/wp-content\/uploads\/2018\/12\/DSC_0119-768x512.jpg 768w, https:\/\/noticiasmercedinas.com\/site\/wp-content\/uploads\/2018\/12\/DSC_0119-640x427.jpg 640w, https:\/\/noticiasmercedinas.com\/site\/wp-content\/uploads\/2018\/12\/DSC_0119-681x454.jpg 681w\" sizes=\"(max-width: 912px) 100vw, 912px\" alt=\"\">\r\n                            <\/a>\r\n                            \r\n                        <\/figure>\r\n                    <\/div>\r\n                    <div class = \"td-slide-item td-item13\">\r\n                        <figure class=\"td-slide-galery-figure td-slide-popup-gallery\">\r\n                            <a class=\"slide-gallery-image-link\" href=\"https:\/\/noticiasmercedinas.com\/site\/wp-content\/uploads\/2018\/12\/DSC_0152.jpg\" title=\"DSC_0152\"  data-caption=\"\"  data-description=\"\">\r\n                                <img decoding=\"async\" src=\"https:\/\/noticiasmercedinas.com\/site\/wp-content\/uploads\/2018\/12\/DSC_0152.jpg\" srcset=\"https:\/\/noticiasmercedinas.com\/site\/wp-content\/uploads\/2018\/12\/DSC_0152.jpg 912w, https:\/\/noticiasmercedinas.com\/site\/wp-content\/uploads\/2018\/12\/DSC_0152-300x200.jpg 300w, https:\/\/noticiasmercedinas.com\/site\/wp-content\/uploads\/2018\/12\/DSC_0152-768x512.jpg 768w, https:\/\/noticiasmercedinas.com\/site\/wp-content\/uploads\/2018\/12\/DSC_0152-640x427.jpg 640w, https:\/\/noticiasmercedinas.com\/site\/wp-content\/uploads\/2018\/12\/DSC_0152-681x454.jpg 681w\" sizes=\"(max-width: 912px) 100vw, 912px\" alt=\"\">\r\n                            <\/a>\r\n                            \r\n                        <\/figure>\r\n                    <\/div>\r\n                    <div class = \"td-slide-item td-item14\">\r\n                        <figure class=\"td-slide-galery-figure td-slide-popup-gallery\">\r\n                            <a class=\"slide-gallery-image-link\" href=\"https:\/\/noticiasmercedinas.com\/site\/wp-content\/uploads\/2018\/12\/DSC_0171.jpg\" title=\"DSC_0171\"  data-caption=\"\"  data-description=\"\">\r\n                                <img decoding=\"async\" src=\"https:\/\/noticiasmercedinas.com\/site\/wp-content\/uploads\/2018\/12\/DSC_0171.jpg\" srcset=\"https:\/\/noticiasmercedinas.com\/site\/wp-content\/uploads\/2018\/12\/DSC_0171.jpg 912w, https:\/\/noticiasmercedinas.com\/site\/wp-content\/uploads\/2018\/12\/DSC_0171-300x200.jpg 300w, https:\/\/noticiasmercedinas.com\/site\/wp-content\/uploads\/2018\/12\/DSC_0171-768x512.jpg 768w, https:\/\/noticiasmercedinas.com\/site\/wp-content\/uploads\/2018\/12\/DSC_0171-640x427.jpg 640w, https:\/\/noticiasmercedinas.com\/site\/wp-content\/uploads\/2018\/12\/DSC_0171-681x454.jpg 681w\" sizes=\"(max-width: 912px) 100vw, 912px\" alt=\"\">\r\n                            <\/a>\r\n                            \r\n                        <\/figure>\r\n                    <\/div>\r\n                    <div class = \"td-slide-item td-item15\">\r\n                        <figure class=\"td-slide-galery-figure td-slide-popup-gallery\">\r\n                            <a class=\"slide-gallery-image-link\" href=\"https:\/\/noticiasmercedinas.com\/site\/wp-content\/uploads\/2018\/12\/DSC_0177.jpg\" title=\"DSC_0177\"  data-caption=\"\"  data-description=\"\">\r\n                                <img decoding=\"async\" src=\"https:\/\/noticiasmercedinas.com\/site\/wp-content\/uploads\/2018\/12\/DSC_0177.jpg\" srcset=\"https:\/\/noticiasmercedinas.com\/site\/wp-content\/uploads\/2018\/12\/DSC_0177.jpg 985w, https:\/\/noticiasmercedinas.com\/site\/wp-content\/uploads\/2018\/12\/DSC_0177-300x200.jpg 300w, https:\/\/noticiasmercedinas.com\/site\/wp-content\/uploads\/2018\/12\/DSC_0177-768x512.jpg 768w, https:\/\/noticiasmercedinas.com\/site\/wp-content\/uploads\/2018\/12\/DSC_0177-640x427.jpg 640w, https:\/\/noticiasmercedinas.com\/site\/wp-content\/uploads\/2018\/12\/DSC_0177-681x454.jpg 681w\" sizes=\"(max-width: 985px) 100vw, 985px\" alt=\"\">\r\n                            <\/a>\r\n                            \r\n                        <\/figure>\r\n                    <\/div>\r\n                    <div class = \"td-slide-item td-item16\">\r\n                        <figure class=\"td-slide-galery-figure td-slide-popup-gallery\">\r\n                            <a class=\"slide-gallery-image-link\" href=\"https:\/\/noticiasmercedinas.com\/site\/wp-content\/uploads\/2018\/12\/DSC_0197.jpg\" title=\"DSC_0197\"  data-caption=\"\"  data-description=\"\">\r\n                                <img decoding=\"async\" src=\"https:\/\/noticiasmercedinas.com\/site\/wp-content\/uploads\/2018\/12\/DSC_0197.jpg\" srcset=\"https:\/\/noticiasmercedinas.com\/site\/wp-content\/uploads\/2018\/12\/DSC_0197.jpg 912w, https:\/\/noticiasmercedinas.com\/site\/wp-content\/uploads\/2018\/12\/DSC_0197-300x200.jpg 300w, https:\/\/noticiasmercedinas.com\/site\/wp-content\/uploads\/2018\/12\/DSC_0197-768x512.jpg 768w, https:\/\/noticiasmercedinas.com\/site\/wp-content\/uploads\/2018\/12\/DSC_0197-640x427.jpg 640w, https:\/\/noticiasmercedinas.com\/site\/wp-content\/uploads\/2018\/12\/DSC_0197-681x454.jpg 681w\" sizes=\"(max-width: 912px) 100vw, 912px\" alt=\"\">\r\n                            <\/a>\r\n                            \r\n                        <\/figure>\r\n                    <\/div>\r\n                    <div class = \"td-slide-item td-item17\">\r\n                        <figure class=\"td-slide-galery-figure td-slide-popup-gallery\">\r\n                            <a class=\"slide-gallery-image-link\" href=\"https:\/\/noticiasmercedinas.com\/site\/wp-content\/uploads\/2018\/12\/WhatsApp-Image-2018-12-10-at-21.44.152.jpeg\" title=\"WhatsApp Image 2018-12-10 at 21.44.15(2)\"  data-caption=\"\"  data-description=\"\">\r\n                                <img decoding=\"async\" src=\"https:\/\/noticiasmercedinas.com\/site\/wp-content\/uploads\/2018\/12\/WhatsApp-Image-2018-12-10-at-21.44.152.jpeg\" srcset=\"https:\/\/noticiasmercedinas.com\/site\/wp-content\/uploads\/2018\/12\/WhatsApp-Image-2018-12-10-at-21.44.152.jpeg 1280w, https:\/\/noticiasmercedinas.com\/site\/wp-content\/uploads\/2018\/12\/WhatsApp-Image-2018-12-10-at-21.44.152-300x169.jpeg 300w, https:\/\/noticiasmercedinas.com\/site\/wp-content\/uploads\/2018\/12\/WhatsApp-Image-2018-12-10-at-21.44.152-768x432.jpeg 768w, https:\/\/noticiasmercedinas.com\/site\/wp-content\/uploads\/2018\/12\/WhatsApp-Image-2018-12-10-at-21.44.152-1024x576.jpeg 1024w, https:\/\/noticiasmercedinas.com\/site\/wp-content\/uploads\/2018\/12\/WhatsApp-Image-2018-12-10-at-21.44.152-640x360.jpeg 640w, https:\/\/noticiasmercedinas.com\/site\/wp-content\/uploads\/2018\/12\/WhatsApp-Image-2018-12-10-at-21.44.152-681x383.jpeg 681w\" sizes=\"(max-width: 1280px) 100vw, 1280px\" alt=\"\">\r\n                            <\/a>\r\n                            \r\n                        <\/figure>\r\n                    <\/div>\r\n                    <div class = \"td-slide-item td-item18\">\r\n                        <figure class=\"td-slide-galery-figure td-slide-popup-gallery\">\r\n                            <a class=\"slide-gallery-image-link\" href=\"https:\/\/noticiasmercedinas.com\/site\/wp-content\/uploads\/2018\/12\/WhatsApp-Image-2018-12-10-at-21.44.15.jpeg\" title=\"WhatsApp Image 2018-12-10 at 21.44.15\"  data-caption=\"\"  data-description=\"\">\r\n                                <img decoding=\"async\" src=\"https:\/\/noticiasmercedinas.com\/site\/wp-content\/uploads\/2018\/12\/WhatsApp-Image-2018-12-10-at-21.44.15.jpeg\" srcset=\"https:\/\/noticiasmercedinas.com\/site\/wp-content\/uploads\/2018\/12\/WhatsApp-Image-2018-12-10-at-21.44.15.jpeg 1280w, https:\/\/noticiasmercedinas.com\/site\/wp-content\/uploads\/2018\/12\/WhatsApp-Image-2018-12-10-at-21.44.15-300x169.jpeg 300w, https:\/\/noticiasmercedinas.com\/site\/wp-content\/uploads\/2018\/12\/WhatsApp-Image-2018-12-10-at-21.44.15-768x432.jpeg 768w, https:\/\/noticiasmercedinas.com\/site\/wp-content\/uploads\/2018\/12\/WhatsApp-Image-2018-12-10-at-21.44.15-1024x576.jpeg 1024w, https:\/\/noticiasmercedinas.com\/site\/wp-content\/uploads\/2018\/12\/WhatsApp-Image-2018-12-10-at-21.44.15-640x360.jpeg 640w, https:\/\/noticiasmercedinas.com\/site\/wp-content\/uploads\/2018\/12\/WhatsApp-Image-2018-12-10-at-21.44.15-681x383.jpeg 681w\" sizes=\"(max-width: 1280px) 100vw, 1280px\" alt=\"\">\r\n                            <\/a>\r\n                            \r\n                        <\/figure>\r\n                    <\/div>\r\n                            <\/div>\r\n                        <\/div>\r\n\r\n                        <div class = \"td-doubleSlider-2\">\r\n                            <div class = \"td-slider\">\r\n                                \r\n                    <div class = \"td-button td-item1\">\r\n                        <div class = \"td-border\"><\/div>\r\n                    <\/div>\r\n                    <div class = \"td-button td-item2\">\r\n                        <div class = \"td-border\"><\/div>\r\n                    <\/div>\r\n                    <div class = \"td-button td-item3\">\r\n                        <div class = \"td-border\"><\/div>\r\n                    <\/div>\r\n                    <div class = \"td-button td-item4\">\r\n                        <div class = \"td-border\"><\/div>\r\n                    <\/div>\r\n                    <div class = \"td-button td-item5\">\r\n                        <div class = \"td-border\"><\/div>\r\n                    <\/div>\r\n                    <div class = \"td-button td-item6\">\r\n                        <div class = \"td-border\"><\/div>\r\n                    <\/div>\r\n                    <div class = \"td-button td-item7\">\r\n                        <div class = \"td-border\"><\/div>\r\n                    <\/div>\r\n                    <div class = \"td-button td-item8\">\r\n                        <div class = \"td-border\"><\/div>\r\n                    <\/div>\r\n                    <div class = \"td-button td-item9\">\r\n                        <div class = \"td-border\"><\/div>\r\n                    <\/div>\r\n                    <div class = \"td-button td-item10\">\r\n                        <div class = \"td-border\"><\/div>\r\n                    <\/div>\r\n                    <div class = \"td-button td-item11\">\r\n                        <div class = \"td-border\"><\/div>\r\n                    <\/div>\r\n                    <div class = \"td-button td-item12\">\r\n                        <div class = \"td-border\"><\/div>\r\n                    <\/div>\r\n                    <div class = \"td-button td-item13\">\r\n                        <div class = \"td-border\"><\/div>\r\n                    <\/div>\r\n                    <div class = \"td-button td-item14\">\r\n                        <div class = \"td-border\"><\/div>\r\n                    <\/div>\r\n                    <div class = \"td-button td-item15\">\r\n                        <div class = \"td-border\"><\/div>\r\n                    <\/div>\r\n                    <div class = \"td-button td-item16\">\r\n                        <div class = \"td-border\"><\/div>\r\n                    <\/div>\r\n                    <div class = \"td-button td-item17\">\r\n                        <div class = \"td-border\"><\/div>\r\n                    <\/div>\r\n                    <div class = \"td-button td-item18\">\r\n                        <div class = \"td-border\"><\/div>\r\n                    <\/div>\r\n                            <\/div>\r\n                        <\/div>\r\n\r\n                    <\/div>\r\n\r\n                <\/div>\r\n                \n<p>Desde la plaza San Mart\u00edn, epicentro de nuestra ciudad, el Dr. Juan Ignacio Ustarroz, junto a trabajadores, funcionarios y una gran cantidad de vecinos de Mercedes dej\u00f3 inaugurada la Expo Municipal 2018. La misma se da en el marco de los 35 de la vuelta a la democracia y de los 70 a\u00f1os de la declaraci\u00f3n Universal de los Derechos Humanos. A su vez, en este d\u00eda tan especial, se conmemoraba la llegada a la intendencia del Dr. Ustarroz. \u201cLa democracia es el gobierno del pueblo, por ello, desde el Municipio, durante estos tres a\u00f1os, lo que venimos e intentaremos seguir haciendo es construir una sociedad entre todos\u201d defini\u00f3 el jefe comunal.<\/p>\n<p>En ese sentido, el intendente Ustarroz sostuvo: \u201cHoy a tres a\u00f1os de comenzada la gesti\u00f3n, la primera reflexi\u00f3n es el agradecimiento, en primer lugar, a todos los trabajadores municipales por el compromiso, pero tambi\u00e9n a las instituciones porque de a poco fuimos encontrando la forma de llevar juntos adelante los sue\u00f1os de todos, trabajando codo a codo por nuestra ciudad\u201d.<\/p>\n<p>Juan Ignacio Ustarroz record\u00f3: \u201cDec\u00edamos all\u00e1, en diciembre del 2015, que \u00edbamos a trabajar con una idea rectora, que es Primero Mercedes, trabajando todos los d\u00edas, buscando soluciones a los problemas que tenemos como sociedad y como Estado\u201d.<\/p>\n<p>Ustarroz, se\u00f1alando gran parte de la maquinaria adquirida durante su gesti\u00f3n -m\u00e1s de 50 veh\u00edculos- explic\u00f3: \u201cEste fue el primer desaf\u00edo que nos planteamos, empezar a darles a los trabajadores la herramientas adecuadas para que ellos puedan realizar lo que el vecino reclama todos los d\u00edas\u201d y remarc\u00f3 que \u201ccost\u00f3, debimos sanear la econom\u00eda, pero la decisi\u00f3n fue acertada, en el a\u00f1o 2016 luego de much\u00edsimo esfuerzo, de todas las \u00e1reas del Municipio, como de los vecinos, logramos hacerlo\u201d.<\/p>\n<p>\u201cLa compra de maquinaria fue una fuerte inversi\u00f3n que hicimos, con recursos propios. Son recursos que se generan sobre la base del esfuerzo de los mercedinos, la estructura fiscal e impositiva de nuestro pa\u00eds se establece con aquello que se llama coparticipaci\u00f3n, todos los mercedinos aportamos a las arcas del Estado Nacional y provincial. Por ello, cuando decimos recursos propios es lo que se genera desde nuestra comunidad. Despu\u00e9s est\u00e1n los aportes extraordinarios, los aportes del tesoro Nacional, o determinados recursos que son para llevar adelante extraordinariamente otro tipo de obras. Y este a\u00f1o no tenemos obras del Estado Nacional ni del provincial\u201d, dijo.<\/p>\n<p>A la vez, el intendente Ustarroz subray\u00f3: \u201cSi tenemos muchas obras con nuestros recursos, el de todos los mercedinos. Son recursos no s\u00f3lo econ\u00f3micos, esto es lo m\u00e1s importante y lo que queremos reflejar en esta muestra, que son los recursos humanos\u201d.<\/p>\n<p>\u201cCreo que ese es el gran potencial que tiene nuestra comunidad, el trabajo mancomunado por el bien de toda la ciudad\u201d, dijo.<\/p>\n<p>La Exposici\u00f3n, es una oportunidad para poder conocer m\u00e1s todo lo efectuado durante estos \u00faltimos a\u00f1os en la ciudad, pero tambi\u00e9n para realizar tr\u00e1mites, como los turnos e info de licencias de conducir, bot\u00f3n anti p\u00e1nico, ver las c\u00e1maras del centro de monitoreo, inscripci\u00f3n en programas de Desarrollo Social, Salud, conocer m\u00e1s los beneficios de los programas educativos, deportivos, sanitarios, culturales y adem\u00e1s encontrar un espacio para el entretenimiento dado que hay sectores de juegos e inflables para que los m\u00e1s chicos se diviertan.<\/p>\n<p>Tambi\u00e9n hubo un reconocimiento a los trabajadores y el paso de m\u00e1s de 30 de las m\u00e1quinas compradas, como mini buses, retropalas, motoniveladoras, camiones, recolectores, auto, desobtructores, motos, es decir, una suerte de desfile del gran parque automotor incorporado.<\/p>\n<p>La invitaci\u00f3n contin\u00faa este mi\u00e9rcoles, jueves y viernes en la mencionada plaza San Mart\u00edn.<\/p>\n","protected":false},"excerpt":{"rendered":"<p>Muestran programas, beneficios y ofrecen entretenimiento.\u00a0La invitaci\u00f3n contin\u00faa este mi\u00e9rcoles, jueves y viernes en la plaza San Mart\u00edn. Desde la plaza San Mart\u00edn, epicentro de nuestra ciudad, el Dr. Juan Ignacio Ustarroz, junto a trabajadores, funcionarios y una gran cantidad de vecinos de Mercedes dej\u00f3 inaugurada la Expo Municipal 2018. La misma se da en [&hellip;]<\/p>\n","protected":false},"author":2,"featured_media":8872,"comment_status":"open","ping_status":"open","sticky":false,"template":"","format":"standard","meta":{"footnotes":""},"categories":[3],"tags":[2774,266],"class_list":["post-8861","post","type-post","status-publish","format-standard","has-post-thumbnail","hentry","category-sociedad","tag-expo-muni","tag-juan-ignacio-ustarroz"],"yoast_head":"<!-- This site is optimized with the Yoast SEO plugin v27.4 - https:\/\/yoast.com\/product\/yoast-seo-wordpress\/ -->\n<title>\u201cExpo Muni\u201d en el tercer a\u00f1o de asunci\u00f3n de Ustarroz como intendente<\/title>\n<meta name=\"robots\" content=\"index, follow, max-snippet:-1, max-image-preview:large, max-video-preview:-1\" \/>\n<link rel=\"canonical\" href=\"https:\/\/noticiasmercedinas.com\/site\/2018\/12\/11\/expo-muni-en-el-tercer-ano-de-asuncion-de-ustarroz-como-intendente\/\" \/>\n<meta property=\"og:locale\" content=\"es_ES\" \/>\n<meta property=\"og:type\" content=\"article\" \/>\n<meta property=\"og:title\" content=\"\u201cExpo Muni\u201d en el tercer a\u00f1o de asunci\u00f3n de Ustarroz como intendente\" \/>\n<meta property=\"og:description\" content=\"Muestran programas, beneficios y ofrecen entretenimiento.\u00a0La invitaci\u00f3n contin\u00faa este mi\u00e9rcoles, jueves y viernes en la plaza San Mart\u00edn. Desde la plaza San Mart\u00edn, epicentro de nuestra ciudad, el Dr. Juan Ignacio Ustarroz, junto a trabajadores, funcionarios y una gran cantidad de vecinos de Mercedes dej\u00f3 inaugurada la Expo Municipal 2018. La misma se da en [&hellip;]\" \/>\n<meta property=\"og:url\" content=\"https:\/\/noticiasmercedinas.com\/site\/2018\/12\/11\/expo-muni-en-el-tercer-ano-de-asuncion-de-ustarroz-como-intendente\/\" \/>\n<meta property=\"og:site_name\" content=\"NOTICIASMERCEDINAS.COM\" \/>\n<meta property=\"article:publisher\" content=\"https:\/\/www.facebook.com\/noticiasmercedinas\/\" \/>\n<meta property=\"article:author\" content=\"https:\/\/www.facebook.com\/cristian.falabella\" \/>\n<meta property=\"article:published_time\" content=\"2018-12-12T01:01:49+00:00\" \/>\n<meta property=\"og:image\" content=\"https:\/\/noticiasmercedinas.com\/site\/wp-content\/uploads\/2018\/12\/DSC_0117.jpg\" \/>\n\t<meta property=\"og:image:width\" content=\"912\" \/>\n\t<meta property=\"og:image:height\" content=\"608\" \/>\n\t<meta property=\"og:image:type\" content=\"image\/jpeg\" \/>\n<meta name=\"author\" content=\"Cristian Falabella NOTICIASMERCEDINAS.COM\" \/>\n<meta name=\"twitter:card\" content=\"summary_large_image\" \/>\n<meta name=\"twitter:creator\" content=\"@https:\/\/twitter.com\/NOTMERCEDINAS\" \/>\n<meta name=\"twitter:site\" content=\"@notmercedinas\" \/>\n<meta name=\"twitter:label1\" content=\"Escrito por\" \/>\n\t<meta name=\"twitter:data1\" content=\"Cristian Falabella NOTICIASMERCEDINAS.COM\" \/>\n\t<meta name=\"twitter:label2\" content=\"Tiempo de lectura\" \/>\n\t<meta name=\"twitter:data2\" content=\"3 minutos\" \/>\n<script type=\"application\/ld+json\" class=\"yoast-schema-graph\">{\"@context\":\"https:\\\/\\\/schema.org\",\"@graph\":[{\"@type\":\"Article\",\"@id\":\"https:\\\/\\\/noticiasmercedinas.com\\\/site\\\/2018\\\/12\\\/11\\\/expo-muni-en-el-tercer-ano-de-asuncion-de-ustarroz-como-intendente\\\/#article\",\"isPartOf\":{\"@id\":\"https:\\\/\\\/noticiasmercedinas.com\\\/site\\\/2018\\\/12\\\/11\\\/expo-muni-en-el-tercer-ano-de-asuncion-de-ustarroz-como-intendente\\\/\"},\"author\":{\"name\":\"Cristian Falabella NOTICIASMERCEDINAS.COM\",\"@id\":\"https:\\\/\\\/noticiasmercedinas.com\\\/site\\\/#\\\/schema\\\/person\\\/d481a9696a5feaec13a60e2bbd991a6a\"},\"headline\":\"\u201cExpo Muni\u201d en el tercer a\u00f1o de asunci\u00f3n de Ustarroz como intendente\",\"datePublished\":\"2018-12-12T01:01:49+00:00\",\"mainEntityOfPage\":{\"@id\":\"https:\\\/\\\/noticiasmercedinas.com\\\/site\\\/2018\\\/12\\\/11\\\/expo-muni-en-el-tercer-ano-de-asuncion-de-ustarroz-como-intendente\\\/\"},\"wordCount\":683,\"commentCount\":0,\"publisher\":{\"@id\":\"https:\\\/\\\/noticiasmercedinas.com\\\/site\\\/#organization\"},\"image\":{\"@id\":\"https:\\\/\\\/noticiasmercedinas.com\\\/site\\\/2018\\\/12\\\/11\\\/expo-muni-en-el-tercer-ano-de-asuncion-de-ustarroz-como-intendente\\\/#primaryimage\"},\"thumbnailUrl\":\"https:\\\/\\\/noticiasmercedinas.com\\\/site\\\/wp-content\\\/uploads\\\/2018\\\/12\\\/DSC_0117.jpg\",\"keywords\":[\"expo muni\",\"juan ignacio ustarroz\"],\"articleSection\":[\"Sociedad\"],\"inLanguage\":\"es\",\"potentialAction\":[{\"@type\":\"CommentAction\",\"name\":\"Comment\",\"target\":[\"https:\\\/\\\/noticiasmercedinas.com\\\/site\\\/2018\\\/12\\\/11\\\/expo-muni-en-el-tercer-ano-de-asuncion-de-ustarroz-como-intendente\\\/#respond\"]}]},{\"@type\":\"WebPage\",\"@id\":\"https:\\\/\\\/noticiasmercedinas.com\\\/site\\\/2018\\\/12\\\/11\\\/expo-muni-en-el-tercer-ano-de-asuncion-de-ustarroz-como-intendente\\\/\",\"url\":\"https:\\\/\\\/noticiasmercedinas.com\\\/site\\\/2018\\\/12\\\/11\\\/expo-muni-en-el-tercer-ano-de-asuncion-de-ustarroz-como-intendente\\\/\",\"name\":\"\u201cExpo Muni\u201d en el tercer a\u00f1o de asunci\u00f3n de Ustarroz como intendente\",\"isPartOf\":{\"@id\":\"https:\\\/\\\/noticiasmercedinas.com\\\/site\\\/#website\"},\"primaryImageOfPage\":{\"@id\":\"https:\\\/\\\/noticiasmercedinas.com\\\/site\\\/2018\\\/12\\\/11\\\/expo-muni-en-el-tercer-ano-de-asuncion-de-ustarroz-como-intendente\\\/#primaryimage\"},\"image\":{\"@id\":\"https:\\\/\\\/noticiasmercedinas.com\\\/site\\\/2018\\\/12\\\/11\\\/expo-muni-en-el-tercer-ano-de-asuncion-de-ustarroz-como-intendente\\\/#primaryimage\"},\"thumbnailUrl\":\"https:\\\/\\\/noticiasmercedinas.com\\\/site\\\/wp-content\\\/uploads\\\/2018\\\/12\\\/DSC_0117.jpg\",\"datePublished\":\"2018-12-12T01:01:49+00:00\",\"breadcrumb\":{\"@id\":\"https:\\\/\\\/noticiasmercedinas.com\\\/site\\\/2018\\\/12\\\/11\\\/expo-muni-en-el-tercer-ano-de-asuncion-de-ustarroz-como-intendente\\\/#breadcrumb\"},\"inLanguage\":\"es\",\"potentialAction\":[{\"@type\":\"ReadAction\",\"target\":[\"https:\\\/\\\/noticiasmercedinas.com\\\/site\\\/2018\\\/12\\\/11\\\/expo-muni-en-el-tercer-ano-de-asuncion-de-ustarroz-como-intendente\\\/\"]}]},{\"@type\":\"ImageObject\",\"inLanguage\":\"es\",\"@id\":\"https:\\\/\\\/noticiasmercedinas.com\\\/site\\\/2018\\\/12\\\/11\\\/expo-muni-en-el-tercer-ano-de-asuncion-de-ustarroz-como-intendente\\\/#primaryimage\",\"url\":\"https:\\\/\\\/noticiasmercedinas.com\\\/site\\\/wp-content\\\/uploads\\\/2018\\\/12\\\/DSC_0117.jpg\",\"contentUrl\":\"https:\\\/\\\/noticiasmercedinas.com\\\/site\\\/wp-content\\\/uploads\\\/2018\\\/12\\\/DSC_0117.jpg\",\"width\":912,\"height\":608},{\"@type\":\"BreadcrumbList\",\"@id\":\"https:\\\/\\\/noticiasmercedinas.com\\\/site\\\/2018\\\/12\\\/11\\\/expo-muni-en-el-tercer-ano-de-asuncion-de-ustarroz-como-intendente\\\/#breadcrumb\",\"itemListElement\":[{\"@type\":\"ListItem\",\"position\":1,\"name\":\"Portada\",\"item\":\"https:\\\/\\\/noticiasmercedinas.com\\\/site\\\/\"},{\"@type\":\"ListItem\",\"position\":2,\"name\":\"\u201cExpo Muni\u201d en el tercer a\u00f1o de asunci\u00f3n de Ustarroz como intendente\"}]},{\"@type\":\"WebSite\",\"@id\":\"https:\\\/\\\/noticiasmercedinas.com\\\/site\\\/#website\",\"url\":\"https:\\\/\\\/noticiasmercedinas.com\\\/site\\\/\",\"name\":\"NOTICIASMERCEDINAS.COM\",\"description\":\"Mercedes, Buenos Aires, Argentina\",\"publisher\":{\"@id\":\"https:\\\/\\\/noticiasmercedinas.com\\\/site\\\/#organization\"},\"potentialAction\":[{\"@type\":\"SearchAction\",\"target\":{\"@type\":\"EntryPoint\",\"urlTemplate\":\"https:\\\/\\\/noticiasmercedinas.com\\\/site\\\/?s={search_term_string}\"},\"query-input\":{\"@type\":\"PropertyValueSpecification\",\"valueRequired\":true,\"valueName\":\"search_term_string\"}}],\"inLanguage\":\"es\"},{\"@type\":\"Organization\",\"@id\":\"https:\\\/\\\/noticiasmercedinas.com\\\/site\\\/#organization\",\"name\":\"NOTICIASMERCEDINAS.COM\",\"url\":\"https:\\\/\\\/noticiasmercedinas.com\\\/site\\\/\",\"logo\":{\"@type\":\"ImageObject\",\"inLanguage\":\"es\",\"@id\":\"https:\\\/\\\/noticiasmercedinas.com\\\/site\\\/#\\\/schema\\\/logo\\\/image\\\/\",\"url\":\"https:\\\/\\\/noticiasmercedinas.com\\\/site\\\/wp-content\\\/uploads\\\/2020\\\/06\\\/LOGO-512.jpg\",\"contentUrl\":\"https:\\\/\\\/noticiasmercedinas.com\\\/site\\\/wp-content\\\/uploads\\\/2020\\\/06\\\/LOGO-512.jpg\",\"width\":512,\"height\":512,\"caption\":\"NOTICIASMERCEDINAS.COM\"},\"image\":{\"@id\":\"https:\\\/\\\/noticiasmercedinas.com\\\/site\\\/#\\\/schema\\\/logo\\\/image\\\/\"},\"sameAs\":[\"https:\\\/\\\/www.facebook.com\\\/noticiasmercedinas\\\/\",\"https:\\\/\\\/x.com\\\/notmercedinas\",\"https:\\\/\\\/www.instagram.com\\\/noticiasmercedinas\\\/\"]},{\"@type\":\"Person\",\"@id\":\"https:\\\/\\\/noticiasmercedinas.com\\\/site\\\/#\\\/schema\\\/person\\\/d481a9696a5feaec13a60e2bbd991a6a\",\"name\":\"Cristian Falabella NOTICIASMERCEDINAS.COM\",\"image\":{\"@type\":\"ImageObject\",\"inLanguage\":\"es\",\"@id\":\"https:\\\/\\\/secure.gravatar.com\\\/avatar\\\/0dbbfc45970cc46bcd0e57766228574ff3511d6eed045b182f536f0f478c1f06?s=96&d=mm&r=g\",\"url\":\"https:\\\/\\\/secure.gravatar.com\\\/avatar\\\/0dbbfc45970cc46bcd0e57766228574ff3511d6eed045b182f536f0f478c1f06?s=96&d=mm&r=g\",\"contentUrl\":\"https:\\\/\\\/secure.gravatar.com\\\/avatar\\\/0dbbfc45970cc46bcd0e57766228574ff3511d6eed045b182f536f0f478c1f06?s=96&d=mm&r=g\",\"caption\":\"Cristian Falabella NOTICIASMERCEDINAS.COM\"},\"description\":\"Periodista, editor de Noticias Mercedinas. Pas\u00f3 por varias redacciones y emprendimientos de prensa, en distintos formatos y \u00e9pocas. Se especializ\u00f3 --y sigue haci\u00e9ndolo-- en comunicaci\u00f3n en la web y en junio de 2006 fund\u00f3 este diario digital.\",\"sameAs\":[\"https:\\\/\\\/noticiasmercedinas.com\",\"https:\\\/\\\/www.facebook.com\\\/cristian.falabella\",\"https:\\\/\\\/www.instagram.com\\\/noticiasmercedinas\\\/\",\"https:\\\/\\\/x.com\\\/https:\\\/\\\/twitter.com\\\/NOTMERCEDINAS\"],\"url\":\"https:\\\/\\\/noticiasmercedinas.com\\\/site\\\/author\\\/as000384\\\/\"}]}<\/script>\n<!-- \/ Yoast SEO plugin. -->","yoast_head_json":{"title":"\u201cExpo Muni\u201d en el tercer a\u00f1o de asunci\u00f3n de Ustarroz como intendente","robots":{"index":"index","follow":"follow","max-snippet":"max-snippet:-1","max-image-preview":"max-image-preview:large","max-video-preview":"max-video-preview:-1"},"canonical":"https:\/\/noticiasmercedinas.com\/site\/2018\/12\/11\/expo-muni-en-el-tercer-ano-de-asuncion-de-ustarroz-como-intendente\/","og_locale":"es_ES","og_type":"article","og_title":"\u201cExpo Muni\u201d en el tercer a\u00f1o de asunci\u00f3n de Ustarroz como intendente","og_description":"Muestran programas, beneficios y ofrecen entretenimiento.\u00a0La invitaci\u00f3n contin\u00faa este mi\u00e9rcoles, jueves y viernes en la plaza San Mart\u00edn. Desde la plaza San Mart\u00edn, epicentro de nuestra ciudad, el Dr. Juan Ignacio Ustarroz, junto a trabajadores, funcionarios y una gran cantidad de vecinos de Mercedes dej\u00f3 inaugurada la Expo Municipal 2018. La misma se da en [&hellip;]","og_url":"https:\/\/noticiasmercedinas.com\/site\/2018\/12\/11\/expo-muni-en-el-tercer-ano-de-asuncion-de-ustarroz-como-intendente\/","og_site_name":"NOTICIASMERCEDINAS.COM","article_publisher":"https:\/\/www.facebook.com\/noticiasmercedinas\/","article_author":"https:\/\/www.facebook.com\/cristian.falabella","article_published_time":"2018-12-12T01:01:49+00:00","og_image":[{"width":912,"height":608,"url":"https:\/\/noticiasmercedinas.com\/site\/wp-content\/uploads\/2018\/12\/DSC_0117.jpg","type":"image\/jpeg"}],"author":"Cristian Falabella NOTICIASMERCEDINAS.COM","twitter_card":"summary_large_image","twitter_creator":"@https:\/\/twitter.com\/NOTMERCEDINAS","twitter_site":"@notmercedinas","twitter_misc":{"Escrito por":"Cristian Falabella NOTICIASMERCEDINAS.COM","Tiempo de lectura":"3 minutos"},"schema":{"@context":"https:\/\/schema.org","@graph":[{"@type":"Article","@id":"https:\/\/noticiasmercedinas.com\/site\/2018\/12\/11\/expo-muni-en-el-tercer-ano-de-asuncion-de-ustarroz-como-intendente\/#article","isPartOf":{"@id":"https:\/\/noticiasmercedinas.com\/site\/2018\/12\/11\/expo-muni-en-el-tercer-ano-de-asuncion-de-ustarroz-como-intendente\/"},"author":{"name":"Cristian Falabella NOTICIASMERCEDINAS.COM","@id":"https:\/\/noticiasmercedinas.com\/site\/#\/schema\/person\/d481a9696a5feaec13a60e2bbd991a6a"},"headline":"\u201cExpo Muni\u201d en el tercer a\u00f1o de asunci\u00f3n de Ustarroz como intendente","datePublished":"2018-12-12T01:01:49+00:00","mainEntityOfPage":{"@id":"https:\/\/noticiasmercedinas.com\/site\/2018\/12\/11\/expo-muni-en-el-tercer-ano-de-asuncion-de-ustarroz-como-intendente\/"},"wordCount":683,"commentCount":0,"publisher":{"@id":"https:\/\/noticiasmercedinas.com\/site\/#organization"},"image":{"@id":"https:\/\/noticiasmercedinas.com\/site\/2018\/12\/11\/expo-muni-en-el-tercer-ano-de-asuncion-de-ustarroz-como-intendente\/#primaryimage"},"thumbnailUrl":"https:\/\/noticiasmercedinas.com\/site\/wp-content\/uploads\/2018\/12\/DSC_0117.jpg","keywords":["expo muni","juan ignacio ustarroz"],"articleSection":["Sociedad"],"inLanguage":"es","potentialAction":[{"@type":"CommentAction","name":"Comment","target":["https:\/\/noticiasmercedinas.com\/site\/2018\/12\/11\/expo-muni-en-el-tercer-ano-de-asuncion-de-ustarroz-como-intendente\/#respond"]}]},{"@type":"WebPage","@id":"https:\/\/noticiasmercedinas.com\/site\/2018\/12\/11\/expo-muni-en-el-tercer-ano-de-asuncion-de-ustarroz-como-intendente\/","url":"https:\/\/noticiasmercedinas.com\/site\/2018\/12\/11\/expo-muni-en-el-tercer-ano-de-asuncion-de-ustarroz-como-intendente\/","name":"\u201cExpo Muni\u201d en el tercer a\u00f1o de asunci\u00f3n de Ustarroz como intendente","isPartOf":{"@id":"https:\/\/noticiasmercedinas.com\/site\/#website"},"primaryImageOfPage":{"@id":"https:\/\/noticiasmercedinas.com\/site\/2018\/12\/11\/expo-muni-en-el-tercer-ano-de-asuncion-de-ustarroz-como-intendente\/#primaryimage"},"image":{"@id":"https:\/\/noticiasmercedinas.com\/site\/2018\/12\/11\/expo-muni-en-el-tercer-ano-de-asuncion-de-ustarroz-como-intendente\/#primaryimage"},"thumbnailUrl":"https:\/\/noticiasmercedinas.com\/site\/wp-content\/uploads\/2018\/12\/DSC_0117.jpg","datePublished":"2018-12-12T01:01:49+00:00","breadcrumb":{"@id":"https:\/\/noticiasmercedinas.com\/site\/2018\/12\/11\/expo-muni-en-el-tercer-ano-de-asuncion-de-ustarroz-como-intendente\/#breadcrumb"},"inLanguage":"es","potentialAction":[{"@type":"ReadAction","target":["https:\/\/noticiasmercedinas.com\/site\/2018\/12\/11\/expo-muni-en-el-tercer-ano-de-asuncion-de-ustarroz-como-intendente\/"]}]},{"@type":"ImageObject","inLanguage":"es","@id":"https:\/\/noticiasmercedinas.com\/site\/2018\/12\/11\/expo-muni-en-el-tercer-ano-de-asuncion-de-ustarroz-como-intendente\/#primaryimage","url":"https:\/\/noticiasmercedinas.com\/site\/wp-content\/uploads\/2018\/12\/DSC_0117.jpg","contentUrl":"https:\/\/noticiasmercedinas.com\/site\/wp-content\/uploads\/2018\/12\/DSC_0117.jpg","width":912,"height":608},{"@type":"BreadcrumbList","@id":"https:\/\/noticiasmercedinas.com\/site\/2018\/12\/11\/expo-muni-en-el-tercer-ano-de-asuncion-de-ustarroz-como-intendente\/#breadcrumb","itemListElement":[{"@type":"ListItem","position":1,"name":"Portada","item":"https:\/\/noticiasmercedinas.com\/site\/"},{"@type":"ListItem","position":2,"name":"\u201cExpo Muni\u201d en el tercer a\u00f1o de asunci\u00f3n de Ustarroz como intendente"}]},{"@type":"WebSite","@id":"https:\/\/noticiasmercedinas.com\/site\/#website","url":"https:\/\/noticiasmercedinas.com\/site\/","name":"NOTICIASMERCEDINAS.COM","description":"Mercedes, Buenos Aires, Argentina","publisher":{"@id":"https:\/\/noticiasmercedinas.com\/site\/#organization"},"potentialAction":[{"@type":"SearchAction","target":{"@type":"EntryPoint","urlTemplate":"https:\/\/noticiasmercedinas.com\/site\/?s={search_term_string}"},"query-input":{"@type":"PropertyValueSpecification","valueRequired":true,"valueName":"search_term_string"}}],"inLanguage":"es"},{"@type":"Organization","@id":"https:\/\/noticiasmercedinas.com\/site\/#organization","name":"NOTICIASMERCEDINAS.COM","url":"https:\/\/noticiasmercedinas.com\/site\/","logo":{"@type":"ImageObject","inLanguage":"es","@id":"https:\/\/noticiasmercedinas.com\/site\/#\/schema\/logo\/image\/","url":"https:\/\/noticiasmercedinas.com\/site\/wp-content\/uploads\/2020\/06\/LOGO-512.jpg","contentUrl":"https:\/\/noticiasmercedinas.com\/site\/wp-content\/uploads\/2020\/06\/LOGO-512.jpg","width":512,"height":512,"caption":"NOTICIASMERCEDINAS.COM"},"image":{"@id":"https:\/\/noticiasmercedinas.com\/site\/#\/schema\/logo\/image\/"},"sameAs":["https:\/\/www.facebook.com\/noticiasmercedinas\/","https:\/\/x.com\/notmercedinas","https:\/\/www.instagram.com\/noticiasmercedinas\/"]},{"@type":"Person","@id":"https:\/\/noticiasmercedinas.com\/site\/#\/schema\/person\/d481a9696a5feaec13a60e2bbd991a6a","name":"Cristian Falabella NOTICIASMERCEDINAS.COM","image":{"@type":"ImageObject","inLanguage":"es","@id":"https:\/\/secure.gravatar.com\/avatar\/0dbbfc45970cc46bcd0e57766228574ff3511d6eed045b182f536f0f478c1f06?s=96&d=mm&r=g","url":"https:\/\/secure.gravatar.com\/avatar\/0dbbfc45970cc46bcd0e57766228574ff3511d6eed045b182f536f0f478c1f06?s=96&d=mm&r=g","contentUrl":"https:\/\/secure.gravatar.com\/avatar\/0dbbfc45970cc46bcd0e57766228574ff3511d6eed045b182f536f0f478c1f06?s=96&d=mm&r=g","caption":"Cristian Falabella NOTICIASMERCEDINAS.COM"},"description":"Periodista, editor de Noticias Mercedinas. Pas\u00f3 por varias redacciones y emprendimientos de prensa, en distintos formatos y \u00e9pocas. Se especializ\u00f3 --y sigue haci\u00e9ndolo-- en comunicaci\u00f3n en la web y en junio de 2006 fund\u00f3 este diario digital.","sameAs":["https:\/\/noticiasmercedinas.com","https:\/\/www.facebook.com\/cristian.falabella","https:\/\/www.instagram.com\/noticiasmercedinas\/","https:\/\/x.com\/https:\/\/twitter.com\/NOTMERCEDINAS"],"url":"https:\/\/noticiasmercedinas.com\/site\/author\/as000384\/"}]}},"amp_enabled":true,"_links":{"self":[{"href":"https:\/\/noticiasmercedinas.com\/site\/wp-json\/wp\/v2\/posts\/8861","targetHints":{"allow":["GET"]}}],"collection":[{"href":"https:\/\/noticiasmercedinas.com\/site\/wp-json\/wp\/v2\/posts"}],"about":[{"href":"https:\/\/noticiasmercedinas.com\/site\/wp-json\/wp\/v2\/types\/post"}],"author":[{"embeddable":true,"href":"https:\/\/noticiasmercedinas.com\/site\/wp-json\/wp\/v2\/users\/2"}],"replies":[{"embeddable":true,"href":"https:\/\/noticiasmercedinas.com\/site\/wp-json\/wp\/v2\/comments?post=8861"}],"version-history":[{"count":1,"href":"https:\/\/noticiasmercedinas.com\/site\/wp-json\/wp\/v2\/posts\/8861\/revisions"}],"predecessor-version":[{"id":8881,"href":"https:\/\/noticiasmercedinas.com\/site\/wp-json\/wp\/v2\/posts\/8861\/revisions\/8881"}],"wp:featuredmedia":[{"embeddable":true,"href":"https:\/\/noticiasmercedinas.com\/site\/wp-json\/wp\/v2\/media\/8872"}],"wp:attachment":[{"href":"https:\/\/noticiasmercedinas.com\/site\/wp-json\/wp\/v2\/media?parent=8861"}],"wp:term":[{"taxonomy":"category","embeddable":true,"href":"https:\/\/noticiasmercedinas.com\/site\/wp-json\/wp\/v2\/categories?post=8861"},{"taxonomy":"post_tag","embeddable":true,"href":"https:\/\/noticiasmercedinas.com\/site\/wp-json\/wp\/v2\/tags?post=8861"}],"curies":[{"name":"wp","href":"https:\/\/api.w.org\/{rel}","templated":true}]}}