{"id":88674,"date":"2022-04-16T23:32:50","date_gmt":"2022-04-17T02:32:50","guid":{"rendered":"https:\/\/noticiasmercedinas.com\/site\/?p=88674"},"modified":"2022-04-16T23:32:50","modified_gmt":"2022-04-17T02:32:50","slug":"flandria-consiguio-recuperarse-y-lo-empato","status":"publish","type":"post","link":"https:\/\/noticiasmercedinas.com\/site\/2022\/04\/16\/flandria-consiguio-recuperarse-y-lo-empato\/","title":{"rendered":"Flandria consigui\u00f3 recuperarse y lo empat\u00f3"},"content":{"rendered":"<figure id=\"attachment_88675\" aria-describedby=\"caption-attachment-88675\" style=\"width: 1600px\" class=\"wp-caption alignnone\"><img loading=\"lazy\" decoding=\"async\" class=\"wp-image-88675 size-full\" src=\"https:\/\/noticiasmercedinas.com\/site\/wp-content\/uploads\/2022\/04\/ad0f05b7-3722-4f2d-bfe6-e4e1b61b8454.jpg\" alt=\"\" width=\"1600\" height=\"738\" srcset=\"https:\/\/noticiasmercedinas.com\/site\/wp-content\/uploads\/2022\/04\/ad0f05b7-3722-4f2d-bfe6-e4e1b61b8454.jpg 1600w, https:\/\/noticiasmercedinas.com\/site\/wp-content\/uploads\/2022\/04\/ad0f05b7-3722-4f2d-bfe6-e4e1b61b8454-300x138.jpg 300w, https:\/\/noticiasmercedinas.com\/site\/wp-content\/uploads\/2022\/04\/ad0f05b7-3722-4f2d-bfe6-e4e1b61b8454-1024x472.jpg 1024w, https:\/\/noticiasmercedinas.com\/site\/wp-content\/uploads\/2022\/04\/ad0f05b7-3722-4f2d-bfe6-e4e1b61b8454-768x354.jpg 768w, https:\/\/noticiasmercedinas.com\/site\/wp-content\/uploads\/2022\/04\/ad0f05b7-3722-4f2d-bfe6-e4e1b61b8454-1536x708.jpg 1536w, https:\/\/noticiasmercedinas.com\/site\/wp-content\/uploads\/2022\/04\/ad0f05b7-3722-4f2d-bfe6-e4e1b61b8454-640x295.jpg 640w, https:\/\/noticiasmercedinas.com\/site\/wp-content\/uploads\/2022\/04\/ad0f05b7-3722-4f2d-bfe6-e4e1b61b8454-1280x590.jpg 1280w, https:\/\/noticiasmercedinas.com\/site\/wp-content\/uploads\/2022\/04\/ad0f05b7-3722-4f2d-bfe6-e4e1b61b8454-681x314.jpg 681w, https:\/\/noticiasmercedinas.com\/site\/wp-content\/uploads\/2022\/04\/ad0f05b7-3722-4f2d-bfe6-e4e1b61b8454-1362x628.jpg 1362w\" sizes=\"auto, (max-width: 1600px) 100vw, 1600px\" \/><figcaption id=\"caption-attachment-88675\" class=\"wp-caption-text\">En el Carlos V jugaron Flandria y San Telmo.<\/figcaption><\/figure>\n<p>Por la Primera Nacional el primer equipo de Flandria ven\u00eda de empatar 2-2 ante Chaco For Ever como visitante, el s\u00e1bado 16 fue el turno de la und\u00e9cima fecha donde el \u201cCanario\u201d en el Carlos V tuvo la visita de San Telmo en la b\u00fasqueda de encaminarse en la categor\u00eda. Una divisi\u00f3n donde ya a estado aunque en esta ocasi\u00f3n los resultado no siempre acompa\u00f1aron.<\/p>\n<p>Flandria arranc\u00f3 abajo en el marcador, lo empat\u00f3 y a poco del final del primer tiempo se fue al descanso cayendo por 2-1. Pasar\u00eda a perder 3-1, reaccionando para el descuento y en el adicional lo empat\u00f3 3-3 cuando parec\u00eda todo perdido en el local. El certamen lo encuentra con 10 puntos.<\/p>\n<p><strong>Flandria:<\/strong> Juan Manuel Lungarzo, Nicol\u00e1s Henry, Gast\u00f3n Mansilla, Tom\u00e1s Mant\u00eda, Andr\u00e9s Camacho, Facundo Quintana, Benjam\u00edn Borasi, Mariano Puch, Brian Ferreyra, Lautaro Gordillo y Joaqu\u00edn Ib\u00e1\u00f1ez. <strong>DT:<\/strong> Andr\u00e9s Montenegro. <strong>Relevos:<\/strong> Germ\u00e1n Yacaruso y Ferm\u00edn Antonini.<\/p>\n<p><img loading=\"lazy\" decoding=\"async\" class=\"alignnone size-full wp-image-88676\" src=\"https:\/\/noticiasmercedinas.com\/site\/wp-content\/uploads\/2022\/04\/67b22589-a9a2-4197-b764-8d2328dd642f.jpg\" alt=\"\" width=\"1032\" height=\"774\" srcset=\"https:\/\/noticiasmercedinas.com\/site\/wp-content\/uploads\/2022\/04\/67b22589-a9a2-4197-b764-8d2328dd642f.jpg 1032w, https:\/\/noticiasmercedinas.com\/site\/wp-content\/uploads\/2022\/04\/67b22589-a9a2-4197-b764-8d2328dd642f-300x225.jpg 300w, https:\/\/noticiasmercedinas.com\/site\/wp-content\/uploads\/2022\/04\/67b22589-a9a2-4197-b764-8d2328dd642f-1024x768.jpg 1024w, https:\/\/noticiasmercedinas.com\/site\/wp-content\/uploads\/2022\/04\/67b22589-a9a2-4197-b764-8d2328dd642f-768x576.jpg 768w, https:\/\/noticiasmercedinas.com\/site\/wp-content\/uploads\/2022\/04\/67b22589-a9a2-4197-b764-8d2328dd642f-80x60.jpg 80w, https:\/\/noticiasmercedinas.com\/site\/wp-content\/uploads\/2022\/04\/67b22589-a9a2-4197-b764-8d2328dd642f-160x120.jpg 160w, https:\/\/noticiasmercedinas.com\/site\/wp-content\/uploads\/2022\/04\/67b22589-a9a2-4197-b764-8d2328dd642f-100x75.jpg 100w, https:\/\/noticiasmercedinas.com\/site\/wp-content\/uploads\/2022\/04\/67b22589-a9a2-4197-b764-8d2328dd642f-200x150.jpg 200w, https:\/\/noticiasmercedinas.com\/site\/wp-content\/uploads\/2022\/04\/67b22589-a9a2-4197-b764-8d2328dd642f-180x135.jpg 180w, https:\/\/noticiasmercedinas.com\/site\/wp-content\/uploads\/2022\/04\/67b22589-a9a2-4197-b764-8d2328dd642f-360x270.jpg 360w, https:\/\/noticiasmercedinas.com\/site\/wp-content\/uploads\/2022\/04\/67b22589-a9a2-4197-b764-8d2328dd642f-238x178.jpg 238w, https:\/\/noticiasmercedinas.com\/site\/wp-content\/uploads\/2022\/04\/67b22589-a9a2-4197-b764-8d2328dd642f-476x356.jpg 476w, https:\/\/noticiasmercedinas.com\/site\/wp-content\/uploads\/2022\/04\/67b22589-a9a2-4197-b764-8d2328dd642f-640x480.jpg 640w, https:\/\/noticiasmercedinas.com\/site\/wp-content\/uploads\/2022\/04\/67b22589-a9a2-4197-b764-8d2328dd642f-681x511.jpg 681w\" sizes=\"auto, (max-width: 1032px) 100vw, 1032px\" \/><br \/>\n<strong><br \/>\nGoles en el PT:<\/strong> A los 36\u2019 y 41\u2019 Ca\u00f1ete para San Telmo y a los 39\u2019 Gordillo para Flandria.<br \/>\n<strong>Goles en el ST:<\/strong> A los 25\u2019 Pugliese para San Telmo, \u00a029\u2019 Tisera y a los 93\u2019 de penal Iba\u00f1ez para Flandria.<br \/>\n<strong>Cambios: <\/strong>45&#8242; F. Tisera por B. Ferreyra, 68&#8242; J.I. Barbieri por F. Quintana, 68&#8242; M. Montejano por N. Henry, 76&#8242; A. Torres por L. Gordillo y 86&#8242; T. Bottari por G. Mansilla en Flandria.<br \/>\n<strong>Arbitro: <\/strong>Adri\u00e1n Franklin.<\/p>\n<p><strong>Pr\u00f3xima fecha<\/strong><br \/>\n<strong>Lunes 25<\/strong><br \/>\nA las 21 Gimnasia de Mendoza vs. Flandria.<\/p>\n<p><iframe loading=\"lazy\" title=\"GOL de Flandria 3 a 3 vs San Telmo\" width=\"640\" height=\"360\" src=\"https:\/\/www.youtube.com\/embed\/WMzr7pf79QU?feature=oembed\" frameborder=\"0\" allow=\"accelerometer; autoplay; clipboard-write; encrypted-media; gyroscope; picture-in-picture; web-share\" referrerpolicy=\"strict-origin-when-cross-origin\" allowfullscreen><\/iframe><\/p>\n<p><iframe loading=\"lazy\" title=\"GOL de Flandria 2 a 3 vs San Telmo\" width=\"640\" height=\"360\" src=\"https:\/\/www.youtube.com\/embed\/3PIe7BMnUEM?feature=oembed\" frameborder=\"0\" allow=\"accelerometer; autoplay; clipboard-write; encrypted-media; gyroscope; picture-in-picture; web-share\" referrerpolicy=\"strict-origin-when-cross-origin\" allowfullscreen><\/iframe><\/p>\n<p><iframe loading=\"lazy\" title=\"GOL de Flandria 1 a 1 vs San Telmo\" width=\"640\" height=\"360\" src=\"https:\/\/www.youtube.com\/embed\/UJN223Pv9QE?feature=oembed\" frameborder=\"0\" allow=\"accelerometer; autoplay; clipboard-write; encrypted-media; gyroscope; picture-in-picture; web-share\" referrerpolicy=\"strict-origin-when-cross-origin\" allowfullscreen><\/iframe><\/p>\n","protected":false},"excerpt":{"rendered":"<p>\u25a0 En una tarde que parec\u00eda terminar complicada termin\u00f3 rescatando un empate por 3-3 ante San Telmo en el Carlos V. Lo perd\u00eda, empat\u00f3 para marcharse al entretiempo cayendo 2-1. En la segunda mitad el rival lleg\u00f3 a estar 3-1 para venirse la remontada del \u201cCanario\u201d.<\/p>\n","protected":false},"author":16,"featured_media":88675,"comment_status":"open","ping_status":"open","sticky":false,"template":"","format":"standard","meta":{"footnotes":""},"categories":[5],"tags":[283,11470],"class_list":["post-88674","post","type-post","status-publish","format-standard","has-post-thumbnail","hentry","category-deportes","tag-flandria","tag-primera-nacional"],"yoast_head":"<!-- This site is optimized with the Yoast SEO plugin v27.4 - https:\/\/yoast.com\/product\/yoast-seo-wordpress\/ -->\n<title>Flandria consigui\u00f3 recuperarse y lo empat\u00f3<\/title>\n<meta name=\"robots\" content=\"index, follow, max-snippet:-1, max-image-preview:large, max-video-preview:-1\" \/>\n<link rel=\"canonical\" href=\"https:\/\/noticiasmercedinas.com\/site\/2022\/04\/16\/flandria-consiguio-recuperarse-y-lo-empato\/\" \/>\n<meta property=\"og:locale\" content=\"es_ES\" \/>\n<meta property=\"og:type\" content=\"article\" \/>\n<meta property=\"og:title\" content=\"Flandria consigui\u00f3 recuperarse y lo empat\u00f3\" \/>\n<meta property=\"og:description\" content=\"\u25a0 En una tarde que parec\u00eda terminar complicada termin\u00f3 rescatando un empate por 3-3 ante San Telmo en el Carlos V. Lo perd\u00eda, empat\u00f3 para marcharse al entretiempo cayendo 2-1. En la segunda mitad el rival lleg\u00f3 a estar 3-1 para venirse la remontada del \u201cCanario\u201d.\" \/>\n<meta property=\"og:url\" content=\"https:\/\/noticiasmercedinas.com\/site\/2022\/04\/16\/flandria-consiguio-recuperarse-y-lo-empato\/\" \/>\n<meta property=\"og:site_name\" content=\"NOTICIASMERCEDINAS.COM\" \/>\n<meta property=\"article:publisher\" content=\"https:\/\/www.facebook.com\/noticiasmercedinas\/\" \/>\n<meta property=\"article:published_time\" content=\"2022-04-17T02:32:50+00:00\" \/>\n<meta property=\"og:image\" content=\"https:\/\/noticiasmercedinas.com\/site\/wp-content\/uploads\/2022\/04\/ad0f05b7-3722-4f2d-bfe6-e4e1b61b8454.jpg\" \/>\n\t<meta property=\"og:image:width\" content=\"1600\" \/>\n\t<meta property=\"og:image:height\" content=\"738\" \/>\n\t<meta property=\"og:image:type\" content=\"image\/jpeg\" \/>\n<meta name=\"author\" content=\"NOTICIASMERCEDINAS.COM\" \/>\n<meta name=\"twitter:card\" content=\"summary_large_image\" \/>\n<meta name=\"twitter:creator\" content=\"@notmercedinas\" \/>\n<meta name=\"twitter:site\" content=\"@notmercedinas\" \/>\n<meta name=\"twitter:label1\" content=\"Escrito por\" \/>\n\t<meta name=\"twitter:data1\" content=\"NOTICIASMERCEDINAS.COM\" \/>\n\t<meta name=\"twitter:label2\" content=\"Tiempo de lectura\" \/>\n\t<meta name=\"twitter:data2\" content=\"2 minutos\" \/>\n<script type=\"application\/ld+json\" class=\"yoast-schema-graph\">{\"@context\":\"https:\\\/\\\/schema.org\",\"@graph\":[{\"@type\":\"Article\",\"@id\":\"https:\\\/\\\/noticiasmercedinas.com\\\/site\\\/2022\\\/04\\\/16\\\/flandria-consiguio-recuperarse-y-lo-empato\\\/#article\",\"isPartOf\":{\"@id\":\"https:\\\/\\\/noticiasmercedinas.com\\\/site\\\/2022\\\/04\\\/16\\\/flandria-consiguio-recuperarse-y-lo-empato\\\/\"},\"author\":{\"name\":\"NOTICIASMERCEDINAS.COM\",\"@id\":\"https:\\\/\\\/noticiasmercedinas.com\\\/site\\\/#\\\/schema\\\/person\\\/84b59c099c28ff2e8b77d4ceec5d8063\"},\"headline\":\"Flandria consigui\u00f3 recuperarse y lo empat\u00f3\",\"datePublished\":\"2022-04-17T02:32:50+00:00\",\"mainEntityOfPage\":{\"@id\":\"https:\\\/\\\/noticiasmercedinas.com\\\/site\\\/2022\\\/04\\\/16\\\/flandria-consiguio-recuperarse-y-lo-empato\\\/\"},\"wordCount\":292,\"commentCount\":0,\"publisher\":{\"@id\":\"https:\\\/\\\/noticiasmercedinas.com\\\/site\\\/#organization\"},\"image\":{\"@id\":\"https:\\\/\\\/noticiasmercedinas.com\\\/site\\\/2022\\\/04\\\/16\\\/flandria-consiguio-recuperarse-y-lo-empato\\\/#primaryimage\"},\"thumbnailUrl\":\"https:\\\/\\\/noticiasmercedinas.com\\\/site\\\/wp-content\\\/uploads\\\/2022\\\/04\\\/ad0f05b7-3722-4f2d-bfe6-e4e1b61b8454.jpg\",\"keywords\":[\"flandria\",\"primera nacional\"],\"articleSection\":[\"Deportes\"],\"inLanguage\":\"es\",\"potentialAction\":[{\"@type\":\"CommentAction\",\"name\":\"Comment\",\"target\":[\"https:\\\/\\\/noticiasmercedinas.com\\\/site\\\/2022\\\/04\\\/16\\\/flandria-consiguio-recuperarse-y-lo-empato\\\/#respond\"]}]},{\"@type\":\"WebPage\",\"@id\":\"https:\\\/\\\/noticiasmercedinas.com\\\/site\\\/2022\\\/04\\\/16\\\/flandria-consiguio-recuperarse-y-lo-empato\\\/\",\"url\":\"https:\\\/\\\/noticiasmercedinas.com\\\/site\\\/2022\\\/04\\\/16\\\/flandria-consiguio-recuperarse-y-lo-empato\\\/\",\"name\":\"Flandria consigui\u00f3 recuperarse y lo empat\u00f3\",\"isPartOf\":{\"@id\":\"https:\\\/\\\/noticiasmercedinas.com\\\/site\\\/#website\"},\"primaryImageOfPage\":{\"@id\":\"https:\\\/\\\/noticiasmercedinas.com\\\/site\\\/2022\\\/04\\\/16\\\/flandria-consiguio-recuperarse-y-lo-empato\\\/#primaryimage\"},\"image\":{\"@id\":\"https:\\\/\\\/noticiasmercedinas.com\\\/site\\\/2022\\\/04\\\/16\\\/flandria-consiguio-recuperarse-y-lo-empato\\\/#primaryimage\"},\"thumbnailUrl\":\"https:\\\/\\\/noticiasmercedinas.com\\\/site\\\/wp-content\\\/uploads\\\/2022\\\/04\\\/ad0f05b7-3722-4f2d-bfe6-e4e1b61b8454.jpg\",\"datePublished\":\"2022-04-17T02:32:50+00:00\",\"breadcrumb\":{\"@id\":\"https:\\\/\\\/noticiasmercedinas.com\\\/site\\\/2022\\\/04\\\/16\\\/flandria-consiguio-recuperarse-y-lo-empato\\\/#breadcrumb\"},\"inLanguage\":\"es\",\"potentialAction\":[{\"@type\":\"ReadAction\",\"target\":[\"https:\\\/\\\/noticiasmercedinas.com\\\/site\\\/2022\\\/04\\\/16\\\/flandria-consiguio-recuperarse-y-lo-empato\\\/\"]}]},{\"@type\":\"ImageObject\",\"inLanguage\":\"es\",\"@id\":\"https:\\\/\\\/noticiasmercedinas.com\\\/site\\\/2022\\\/04\\\/16\\\/flandria-consiguio-recuperarse-y-lo-empato\\\/#primaryimage\",\"url\":\"https:\\\/\\\/noticiasmercedinas.com\\\/site\\\/wp-content\\\/uploads\\\/2022\\\/04\\\/ad0f05b7-3722-4f2d-bfe6-e4e1b61b8454.jpg\",\"contentUrl\":\"https:\\\/\\\/noticiasmercedinas.com\\\/site\\\/wp-content\\\/uploads\\\/2022\\\/04\\\/ad0f05b7-3722-4f2d-bfe6-e4e1b61b8454.jpg\",\"width\":1600,\"height\":738},{\"@type\":\"BreadcrumbList\",\"@id\":\"https:\\\/\\\/noticiasmercedinas.com\\\/site\\\/2022\\\/04\\\/16\\\/flandria-consiguio-recuperarse-y-lo-empato\\\/#breadcrumb\",\"itemListElement\":[{\"@type\":\"ListItem\",\"position\":1,\"name\":\"Portada\",\"item\":\"https:\\\/\\\/noticiasmercedinas.com\\\/site\\\/\"},{\"@type\":\"ListItem\",\"position\":2,\"name\":\"Flandria consigui\u00f3 recuperarse y lo empat\u00f3\"}]},{\"@type\":\"WebSite\",\"@id\":\"https:\\\/\\\/noticiasmercedinas.com\\\/site\\\/#website\",\"url\":\"https:\\\/\\\/noticiasmercedinas.com\\\/site\\\/\",\"name\":\"NOTICIASMERCEDINAS.COM\",\"description\":\"Mercedes, Buenos Aires, Argentina\",\"publisher\":{\"@id\":\"https:\\\/\\\/noticiasmercedinas.com\\\/site\\\/#organization\"},\"potentialAction\":[{\"@type\":\"SearchAction\",\"target\":{\"@type\":\"EntryPoint\",\"urlTemplate\":\"https:\\\/\\\/noticiasmercedinas.com\\\/site\\\/?s={search_term_string}\"},\"query-input\":{\"@type\":\"PropertyValueSpecification\",\"valueRequired\":true,\"valueName\":\"search_term_string\"}}],\"inLanguage\":\"es\"},{\"@type\":\"Organization\",\"@id\":\"https:\\\/\\\/noticiasmercedinas.com\\\/site\\\/#organization\",\"name\":\"NOTICIASMERCEDINAS.COM\",\"url\":\"https:\\\/\\\/noticiasmercedinas.com\\\/site\\\/\",\"logo\":{\"@type\":\"ImageObject\",\"inLanguage\":\"es\",\"@id\":\"https:\\\/\\\/noticiasmercedinas.com\\\/site\\\/#\\\/schema\\\/logo\\\/image\\\/\",\"url\":\"https:\\\/\\\/noticiasmercedinas.com\\\/site\\\/wp-content\\\/uploads\\\/2020\\\/06\\\/LOGO-512.jpg\",\"contentUrl\":\"https:\\\/\\\/noticiasmercedinas.com\\\/site\\\/wp-content\\\/uploads\\\/2020\\\/06\\\/LOGO-512.jpg\",\"width\":512,\"height\":512,\"caption\":\"NOTICIASMERCEDINAS.COM\"},\"image\":{\"@id\":\"https:\\\/\\\/noticiasmercedinas.com\\\/site\\\/#\\\/schema\\\/logo\\\/image\\\/\"},\"sameAs\":[\"https:\\\/\\\/www.facebook.com\\\/noticiasmercedinas\\\/\",\"https:\\\/\\\/x.com\\\/notmercedinas\",\"https:\\\/\\\/www.instagram.com\\\/noticiasmercedinas\\\/\"]},{\"@type\":\"Person\",\"@id\":\"https:\\\/\\\/noticiasmercedinas.com\\\/site\\\/#\\\/schema\\\/person\\\/84b59c099c28ff2e8b77d4ceec5d8063\",\"name\":\"NOTICIASMERCEDINAS.COM\",\"image\":{\"@type\":\"ImageObject\",\"inLanguage\":\"es\",\"@id\":\"https:\\\/\\\/secure.gravatar.com\\\/avatar\\\/4dfbf16b4d17945bfb6341b2d19043457132fcf478a5ee04f42e959fd8f5df0a?s=96&d=mm&r=g\",\"url\":\"https:\\\/\\\/secure.gravatar.com\\\/avatar\\\/4dfbf16b4d17945bfb6341b2d19043457132fcf478a5ee04f42e959fd8f5df0a?s=96&d=mm&r=g\",\"contentUrl\":\"https:\\\/\\\/secure.gravatar.com\\\/avatar\\\/4dfbf16b4d17945bfb6341b2d19043457132fcf478a5ee04f42e959fd8f5df0a?s=96&d=mm&r=g\",\"caption\":\"NOTICIASMERCEDINAS.COM\"},\"url\":\"https:\\\/\\\/noticiasmercedinas.com\\\/site\\\/author\\\/anonimo\\\/\"}]}<\/script>\n<!-- \/ Yoast SEO plugin. -->","yoast_head_json":{"title":"Flandria consigui\u00f3 recuperarse y lo empat\u00f3","robots":{"index":"index","follow":"follow","max-snippet":"max-snippet:-1","max-image-preview":"max-image-preview:large","max-video-preview":"max-video-preview:-1"},"canonical":"https:\/\/noticiasmercedinas.com\/site\/2022\/04\/16\/flandria-consiguio-recuperarse-y-lo-empato\/","og_locale":"es_ES","og_type":"article","og_title":"Flandria consigui\u00f3 recuperarse y lo empat\u00f3","og_description":"\u25a0 En una tarde que parec\u00eda terminar complicada termin\u00f3 rescatando un empate por 3-3 ante San Telmo en el Carlos V. Lo perd\u00eda, empat\u00f3 para marcharse al entretiempo cayendo 2-1. En la segunda mitad el rival lleg\u00f3 a estar 3-1 para venirse la remontada del \u201cCanario\u201d.","og_url":"https:\/\/noticiasmercedinas.com\/site\/2022\/04\/16\/flandria-consiguio-recuperarse-y-lo-empato\/","og_site_name":"NOTICIASMERCEDINAS.COM","article_publisher":"https:\/\/www.facebook.com\/noticiasmercedinas\/","article_published_time":"2022-04-17T02:32:50+00:00","og_image":[{"width":1600,"height":738,"url":"https:\/\/noticiasmercedinas.com\/site\/wp-content\/uploads\/2022\/04\/ad0f05b7-3722-4f2d-bfe6-e4e1b61b8454.jpg","type":"image\/jpeg"}],"author":"NOTICIASMERCEDINAS.COM","twitter_card":"summary_large_image","twitter_creator":"@notmercedinas","twitter_site":"@notmercedinas","twitter_misc":{"Escrito por":"NOTICIASMERCEDINAS.COM","Tiempo de lectura":"2 minutos"},"schema":{"@context":"https:\/\/schema.org","@graph":[{"@type":"Article","@id":"https:\/\/noticiasmercedinas.com\/site\/2022\/04\/16\/flandria-consiguio-recuperarse-y-lo-empato\/#article","isPartOf":{"@id":"https:\/\/noticiasmercedinas.com\/site\/2022\/04\/16\/flandria-consiguio-recuperarse-y-lo-empato\/"},"author":{"name":"NOTICIASMERCEDINAS.COM","@id":"https:\/\/noticiasmercedinas.com\/site\/#\/schema\/person\/84b59c099c28ff2e8b77d4ceec5d8063"},"headline":"Flandria consigui\u00f3 recuperarse y lo empat\u00f3","datePublished":"2022-04-17T02:32:50+00:00","mainEntityOfPage":{"@id":"https:\/\/noticiasmercedinas.com\/site\/2022\/04\/16\/flandria-consiguio-recuperarse-y-lo-empato\/"},"wordCount":292,"commentCount":0,"publisher":{"@id":"https:\/\/noticiasmercedinas.com\/site\/#organization"},"image":{"@id":"https:\/\/noticiasmercedinas.com\/site\/2022\/04\/16\/flandria-consiguio-recuperarse-y-lo-empato\/#primaryimage"},"thumbnailUrl":"https:\/\/noticiasmercedinas.com\/site\/wp-content\/uploads\/2022\/04\/ad0f05b7-3722-4f2d-bfe6-e4e1b61b8454.jpg","keywords":["flandria","primera nacional"],"articleSection":["Deportes"],"inLanguage":"es","potentialAction":[{"@type":"CommentAction","name":"Comment","target":["https:\/\/noticiasmercedinas.com\/site\/2022\/04\/16\/flandria-consiguio-recuperarse-y-lo-empato\/#respond"]}]},{"@type":"WebPage","@id":"https:\/\/noticiasmercedinas.com\/site\/2022\/04\/16\/flandria-consiguio-recuperarse-y-lo-empato\/","url":"https:\/\/noticiasmercedinas.com\/site\/2022\/04\/16\/flandria-consiguio-recuperarse-y-lo-empato\/","name":"Flandria consigui\u00f3 recuperarse y lo empat\u00f3","isPartOf":{"@id":"https:\/\/noticiasmercedinas.com\/site\/#website"},"primaryImageOfPage":{"@id":"https:\/\/noticiasmercedinas.com\/site\/2022\/04\/16\/flandria-consiguio-recuperarse-y-lo-empato\/#primaryimage"},"image":{"@id":"https:\/\/noticiasmercedinas.com\/site\/2022\/04\/16\/flandria-consiguio-recuperarse-y-lo-empato\/#primaryimage"},"thumbnailUrl":"https:\/\/noticiasmercedinas.com\/site\/wp-content\/uploads\/2022\/04\/ad0f05b7-3722-4f2d-bfe6-e4e1b61b8454.jpg","datePublished":"2022-04-17T02:32:50+00:00","breadcrumb":{"@id":"https:\/\/noticiasmercedinas.com\/site\/2022\/04\/16\/flandria-consiguio-recuperarse-y-lo-empato\/#breadcrumb"},"inLanguage":"es","potentialAction":[{"@type":"ReadAction","target":["https:\/\/noticiasmercedinas.com\/site\/2022\/04\/16\/flandria-consiguio-recuperarse-y-lo-empato\/"]}]},{"@type":"ImageObject","inLanguage":"es","@id":"https:\/\/noticiasmercedinas.com\/site\/2022\/04\/16\/flandria-consiguio-recuperarse-y-lo-empato\/#primaryimage","url":"https:\/\/noticiasmercedinas.com\/site\/wp-content\/uploads\/2022\/04\/ad0f05b7-3722-4f2d-bfe6-e4e1b61b8454.jpg","contentUrl":"https:\/\/noticiasmercedinas.com\/site\/wp-content\/uploads\/2022\/04\/ad0f05b7-3722-4f2d-bfe6-e4e1b61b8454.jpg","width":1600,"height":738},{"@type":"BreadcrumbList","@id":"https:\/\/noticiasmercedinas.com\/site\/2022\/04\/16\/flandria-consiguio-recuperarse-y-lo-empato\/#breadcrumb","itemListElement":[{"@type":"ListItem","position":1,"name":"Portada","item":"https:\/\/noticiasmercedinas.com\/site\/"},{"@type":"ListItem","position":2,"name":"Flandria consigui\u00f3 recuperarse y lo empat\u00f3"}]},{"@type":"WebSite","@id":"https:\/\/noticiasmercedinas.com\/site\/#website","url":"https:\/\/noticiasmercedinas.com\/site\/","name":"NOTICIASMERCEDINAS.COM","description":"Mercedes, Buenos Aires, Argentina","publisher":{"@id":"https:\/\/noticiasmercedinas.com\/site\/#organization"},"potentialAction":[{"@type":"SearchAction","target":{"@type":"EntryPoint","urlTemplate":"https:\/\/noticiasmercedinas.com\/site\/?s={search_term_string}"},"query-input":{"@type":"PropertyValueSpecification","valueRequired":true,"valueName":"search_term_string"}}],"inLanguage":"es"},{"@type":"Organization","@id":"https:\/\/noticiasmercedinas.com\/site\/#organization","name":"NOTICIASMERCEDINAS.COM","url":"https:\/\/noticiasmercedinas.com\/site\/","logo":{"@type":"ImageObject","inLanguage":"es","@id":"https:\/\/noticiasmercedinas.com\/site\/#\/schema\/logo\/image\/","url":"https:\/\/noticiasmercedinas.com\/site\/wp-content\/uploads\/2020\/06\/LOGO-512.jpg","contentUrl":"https:\/\/noticiasmercedinas.com\/site\/wp-content\/uploads\/2020\/06\/LOGO-512.jpg","width":512,"height":512,"caption":"NOTICIASMERCEDINAS.COM"},"image":{"@id":"https:\/\/noticiasmercedinas.com\/site\/#\/schema\/logo\/image\/"},"sameAs":["https:\/\/www.facebook.com\/noticiasmercedinas\/","https:\/\/x.com\/notmercedinas","https:\/\/www.instagram.com\/noticiasmercedinas\/"]},{"@type":"Person","@id":"https:\/\/noticiasmercedinas.com\/site\/#\/schema\/person\/84b59c099c28ff2e8b77d4ceec5d8063","name":"NOTICIASMERCEDINAS.COM","image":{"@type":"ImageObject","inLanguage":"es","@id":"https:\/\/secure.gravatar.com\/avatar\/4dfbf16b4d17945bfb6341b2d19043457132fcf478a5ee04f42e959fd8f5df0a?s=96&d=mm&r=g","url":"https:\/\/secure.gravatar.com\/avatar\/4dfbf16b4d17945bfb6341b2d19043457132fcf478a5ee04f42e959fd8f5df0a?s=96&d=mm&r=g","contentUrl":"https:\/\/secure.gravatar.com\/avatar\/4dfbf16b4d17945bfb6341b2d19043457132fcf478a5ee04f42e959fd8f5df0a?s=96&d=mm&r=g","caption":"NOTICIASMERCEDINAS.COM"},"url":"https:\/\/noticiasmercedinas.com\/site\/author\/anonimo\/"}]}},"amp_enabled":true,"_links":{"self":[{"href":"https:\/\/noticiasmercedinas.com\/site\/wp-json\/wp\/v2\/posts\/88674","targetHints":{"allow":["GET"]}}],"collection":[{"href":"https:\/\/noticiasmercedinas.com\/site\/wp-json\/wp\/v2\/posts"}],"about":[{"href":"https:\/\/noticiasmercedinas.com\/site\/wp-json\/wp\/v2\/types\/post"}],"author":[{"embeddable":true,"href":"https:\/\/noticiasmercedinas.com\/site\/wp-json\/wp\/v2\/users\/16"}],"replies":[{"embeddable":true,"href":"https:\/\/noticiasmercedinas.com\/site\/wp-json\/wp\/v2\/comments?post=88674"}],"version-history":[{"count":1,"href":"https:\/\/noticiasmercedinas.com\/site\/wp-json\/wp\/v2\/posts\/88674\/revisions"}],"predecessor-version":[{"id":88677,"href":"https:\/\/noticiasmercedinas.com\/site\/wp-json\/wp\/v2\/posts\/88674\/revisions\/88677"}],"wp:featuredmedia":[{"embeddable":true,"href":"https:\/\/noticiasmercedinas.com\/site\/wp-json\/wp\/v2\/media\/88675"}],"wp:attachment":[{"href":"https:\/\/noticiasmercedinas.com\/site\/wp-json\/wp\/v2\/media?parent=88674"}],"wp:term":[{"taxonomy":"category","embeddable":true,"href":"https:\/\/noticiasmercedinas.com\/site\/wp-json\/wp\/v2\/categories?post=88674"},{"taxonomy":"post_tag","embeddable":true,"href":"https:\/\/noticiasmercedinas.com\/site\/wp-json\/wp\/v2\/tags?post=88674"}],"curies":[{"name":"wp","href":"https:\/\/api.w.org\/{rel}","templated":true}]}}