{"id":88924,"date":"2022-04-21T15:51:20","date_gmt":"2022-04-21T18:51:20","guid":{"rendered":"https:\/\/noticiasmercedinas.com\/site\/?p=88924"},"modified":"2022-04-21T16:26:32","modified_gmt":"2022-04-21T19:26:32","slug":"confirmado-club-mercedes-jugara-en-la-primera-d","status":"publish","type":"post","link":"https:\/\/noticiasmercedinas.com\/site\/2022\/04\/21\/confirmado-club-mercedes-jugara-en-la-primera-d\/","title":{"rendered":"Confirmado: Club Mercedes jugar\u00e1 en la Primera D"},"content":{"rendered":"<figure id=\"attachment_88930\" aria-describedby=\"caption-attachment-88930\" style=\"width: 1599px\" class=\"wp-caption alignnone\"><img loading=\"lazy\" decoding=\"async\" class=\"wp-image-88930 size-full\" src=\"https:\/\/noticiasmercedinas.com\/site\/wp-content\/uploads\/2022\/04\/merce-1.jpg\" alt=\"\" width=\"1599\" height=\"899\" srcset=\"https:\/\/noticiasmercedinas.com\/site\/wp-content\/uploads\/2022\/04\/merce-1.jpg 1599w, https:\/\/noticiasmercedinas.com\/site\/wp-content\/uploads\/2022\/04\/merce-1-300x169.jpg 300w, https:\/\/noticiasmercedinas.com\/site\/wp-content\/uploads\/2022\/04\/merce-1-1024x576.jpg 1024w, https:\/\/noticiasmercedinas.com\/site\/wp-content\/uploads\/2022\/04\/merce-1-768x432.jpg 768w, https:\/\/noticiasmercedinas.com\/site\/wp-content\/uploads\/2022\/04\/merce-1-1536x864.jpg 1536w, https:\/\/noticiasmercedinas.com\/site\/wp-content\/uploads\/2022\/04\/merce-1-640x360.jpg 640w, https:\/\/noticiasmercedinas.com\/site\/wp-content\/uploads\/2022\/04\/merce-1-1280x720.jpg 1280w, https:\/\/noticiasmercedinas.com\/site\/wp-content\/uploads\/2022\/04\/merce-1-681x383.jpg 681w, https:\/\/noticiasmercedinas.com\/site\/wp-content\/uploads\/2022\/04\/merce-1-1362x766.jpg 1362w\" sizes=\"auto, (max-width: 1599px) 100vw, 1599px\" \/><figcaption id=\"caption-attachment-88930\" class=\"wp-caption-text\">Junto al la presidente Tapia (AFA) los directivos Gatti, de Paola, Pisoni, Musso y Ponce. (Foto Club Mercedes).<\/figcaption><\/figure>\n<p>En la ciudad m\u00e1s de una vez se realizaron gestiones para que un club pueda tomar parte de la Primera D de AFA. Club Mercedes es uno de ellos y en la jornada de este jueves 21 se convirti\u00f3 en realidad lo que alguna vez pareci\u00f3 ser un sue\u00f1o. Si bien ya hab\u00eda existido un contacto entre directivos de AFA y Club Mercedes tras enviarse un pedido de invitaci\u00f3n, pasaron meses sin novedades, hasta que hoy al sorteo de la categor\u00eda fueron invitados representantes de la instituci\u00f3n \u201cBlanquinegra\u201d.<\/p>\n<p>En la previa se confirm\u00f3 la incorporaci\u00f3n a AFA, siendo el \u00fanico club que tuvo ese privilegio, es que en danza hubo varios nombres que terminaron quedando al margen para una divisi\u00f3n que ahora pasar\u00e1 a tener 11 equipos, quedando uno libre por fecha. Se supo que se jugar\u00e1 un Apertura y Clausura para enfrentarse el ganador de cada rueda en busca del ascenso a la Primera D, seg\u00fan public\u00f3 AFA.<\/p>\n<p>Por estas horas se conocen otros detalles, Club Mercedes no tendr\u00e1 el derecho a subir de categor\u00eda en esta primera temporada. A todo esto y previendo la llegada a la D, el DT Walter D\u00edaz junto a Diego Silvestre trabajan intensamente en la conformaci\u00f3n del equipo que por otra parte no abandonar\u00e1 su participaci\u00f3n en la Liga Mercedina. Desde la directiva ya se ven\u00eda trabajando en aspectos organizativos, como un acuerdo con la Liga Mercedina de F\u00fatbol para utilizar la cancha.<\/p>\n<p>Donde podr\u00e1 ser local el \u201cBlanquinegro\u201d sin interferir con los cert\u00e1menes locales que utilizar\u00e1n el mismo escenario. En cuanto a lo que vendr\u00e1 se conoce el fixture, debutando Club Mercedes con el Deportivo Mu\u00f1iz que ven\u00eda siendo local en Malvinas Argentinas. El primer cotejo como local se espera ante Deportivo Paraguayo, la fecha de comienzo de la Primera D ser\u00e1 la del s\u00e1bado 7 de mayo.<\/p>\n<p>La categor\u00eda mantiene la modalidad que s\u00f3lo podr\u00e1n tomar parte futbolistas amateur, se entiende por todos aquellos que no llegaron a firmar contrato profesional alguna vez. Adem\u00e1s, pueden ser fichados jugadores sub 23 y s\u00f3lo 5 mayores. Del sorteo surgi\u00f3 que no habr\u00e1 descenso o desafiliaci\u00f3n al \u00faltimo la tabla como alguna vez ocurri\u00f3, Club Mercedes afronta un interesante desaf\u00edo, sus socios e hinchas festejan el ingreso a la Primera D.<\/p>\n<p>En sus redes sociales manifestaron: \u201cLa Comisi\u00f3n Directiva del Club Mercedes tiene el agrado de informar a las socias, socios y a toda la comunidad en general, que el comit\u00e9 ejecutivo de la Asociaci\u00f3n del F\u00fatbol Argentino resolvi\u00f3 invitar al Club m\u00e1s antiguo del pa\u00eds a participar en el pr\u00f3ximo torneo de Primera Divisi\u00f3n D del F\u00fatbol Argentino\u201d<\/p>\n<p>Y agradecieron \u201ca todos los que nos ayudaron y el apoyo brindado por el Ministro del Interior, Dr. Eduardo Wado de Pedro, el Subsecretario de Asuntos Municipales de la Provincia de Buenos Aires, Dr. Santiago R\u00e9vora \u00a0y nuestro Intendente, Dr. Juan Ignacio Ustarroz\u201d.<\/p>\n<p><strong>Fixture<\/strong><br \/>\n1ra fecha: Deportivo Mu\u00f1iz (V).<br \/>\n2da fecha: Deportivo Paraguayo (L).<br \/>\n3ra fecha: Libre.<br \/>\n4ta fecha: Centro Espa\u00f1ol (V).<br \/>\n5ta fecha: Yupanqui (L).<br \/>\n6ta fecha: Central Ballester (V).<br \/>\n7ma fecha: Argentino de Rosario (L).<br \/>\n8va fecha: Lugano (V).<br \/>\n9na fecha: Defensores de Cambaceres (L).<br \/>\n10ma fecha: Sportivo Barracas (V).<br \/>\n11ma fecha: Juventud Unida (L).<\/p>\n<p><strong>\u00a0<\/strong><\/p>\n","protected":false},"excerpt":{"rendered":"<p>\u25a0 Este mediod\u00eda sus directivos presenciaron el sorteo del fixture y con ello la Primera divisi\u00f3n se suma a la categor\u00eda de ascenso de AFA. El debut ser\u00e1 frente a Mu\u00f1iz como visitante. Trabajan en la conformaci\u00f3n del plantel y otros aspectos organizativos. <\/p>\n","protected":false},"author":6,"featured_media":88930,"comment_status":"open","ping_status":"open","sticky":false,"template":"","format":"standard","meta":{"footnotes":""},"categories":[5],"tags":[6424,135,11935],"class_list":["post-88924","post","type-post","status-publish","format-standard","has-post-thumbnail","hentry","category-deportes","tag-afa","tag-club-mercedes","tag-primera-d"],"yoast_head":"<!-- This site is optimized with the Yoast SEO plugin v27.5 - https:\/\/yoast.com\/product\/yoast-seo-wordpress\/ -->\n<title>Confirmado: Club Mercedes jugar\u00e1 en la Primera D<\/title>\n<meta name=\"robots\" content=\"index, follow, max-snippet:-1, max-image-preview:large, max-video-preview:-1\" \/>\n<link rel=\"canonical\" href=\"https:\/\/noticiasmercedinas.com\/site\/2022\/04\/21\/confirmado-club-mercedes-jugara-en-la-primera-d\/\" \/>\n<meta property=\"og:locale\" content=\"es_ES\" \/>\n<meta property=\"og:type\" content=\"article\" \/>\n<meta property=\"og:title\" content=\"Confirmado: Club Mercedes jugar\u00e1 en la Primera D\" \/>\n<meta property=\"og:description\" content=\"\u25a0 Este mediod\u00eda sus directivos presenciaron el sorteo del fixture y con ello la Primera divisi\u00f3n se suma a la categor\u00eda de ascenso de AFA. El debut ser\u00e1 frente a Mu\u00f1iz como visitante. Trabajan en la conformaci\u00f3n del plantel y otros aspectos organizativos.\" \/>\n<meta property=\"og:url\" content=\"https:\/\/noticiasmercedinas.com\/site\/2022\/04\/21\/confirmado-club-mercedes-jugara-en-la-primera-d\/\" \/>\n<meta property=\"og:site_name\" content=\"NOTICIASMERCEDINAS.COM\" \/>\n<meta property=\"article:publisher\" content=\"https:\/\/www.facebook.com\/noticiasmercedinas\/\" \/>\n<meta property=\"article:published_time\" content=\"2022-04-21T18:51:20+00:00\" \/>\n<meta property=\"article:modified_time\" content=\"2022-04-21T19:26:32+00:00\" \/>\n<meta property=\"og:image\" content=\"https:\/\/noticiasmercedinas.com\/site\/wp-content\/uploads\/2022\/04\/merce-1.jpg\" \/>\n\t<meta property=\"og:image:width\" content=\"1599\" \/>\n\t<meta property=\"og:image:height\" content=\"899\" \/>\n\t<meta property=\"og:image:type\" content=\"image\/jpeg\" \/>\n<meta name=\"author\" content=\"Juan Dagnino NOTICIASMERCEDINAS.COM\" \/>\n<meta name=\"twitter:card\" content=\"summary_large_image\" \/>\n<meta name=\"twitter:creator\" content=\"@notmercedinas\" \/>\n<meta name=\"twitter:site\" content=\"@notmercedinas\" \/>\n<meta name=\"twitter:label1\" content=\"Escrito por\" \/>\n\t<meta name=\"twitter:data1\" content=\"Juan Dagnino NOTICIASMERCEDINAS.COM\" \/>\n\t<meta name=\"twitter:label2\" content=\"Tiempo de lectura\" \/>\n\t<meta name=\"twitter:data2\" content=\"3 minutos\" \/>\n<script type=\"application\/ld+json\" class=\"yoast-schema-graph\">{\"@context\":\"https:\\\/\\\/schema.org\",\"@graph\":[{\"@type\":\"Article\",\"@id\":\"https:\\\/\\\/noticiasmercedinas.com\\\/site\\\/2022\\\/04\\\/21\\\/confirmado-club-mercedes-jugara-en-la-primera-d\\\/#article\",\"isPartOf\":{\"@id\":\"https:\\\/\\\/noticiasmercedinas.com\\\/site\\\/2022\\\/04\\\/21\\\/confirmado-club-mercedes-jugara-en-la-primera-d\\\/\"},\"author\":{\"name\":\"Juan Dagnino NOTICIASMERCEDINAS.COM\",\"@id\":\"https:\\\/\\\/noticiasmercedinas.com\\\/site\\\/#\\\/schema\\\/person\\\/8f2f09d666ef40986eba4a5e6f2a06f9\"},\"headline\":\"Confirmado: Club Mercedes jugar\u00e1 en la Primera D\",\"datePublished\":\"2022-04-21T18:51:20+00:00\",\"dateModified\":\"2022-04-21T19:26:32+00:00\",\"mainEntityOfPage\":{\"@id\":\"https:\\\/\\\/noticiasmercedinas.com\\\/site\\\/2022\\\/04\\\/21\\\/confirmado-club-mercedes-jugara-en-la-primera-d\\\/\"},\"wordCount\":598,\"commentCount\":0,\"publisher\":{\"@id\":\"https:\\\/\\\/noticiasmercedinas.com\\\/site\\\/#organization\"},\"image\":{\"@id\":\"https:\\\/\\\/noticiasmercedinas.com\\\/site\\\/2022\\\/04\\\/21\\\/confirmado-club-mercedes-jugara-en-la-primera-d\\\/#primaryimage\"},\"thumbnailUrl\":\"https:\\\/\\\/noticiasmercedinas.com\\\/site\\\/wp-content\\\/uploads\\\/2022\\\/04\\\/merce-1.jpg\",\"keywords\":[\"AFA\",\"club mercedes\",\"Primera D\"],\"articleSection\":[\"Deportes\"],\"inLanguage\":\"es\",\"potentialAction\":[{\"@type\":\"CommentAction\",\"name\":\"Comment\",\"target\":[\"https:\\\/\\\/noticiasmercedinas.com\\\/site\\\/2022\\\/04\\\/21\\\/confirmado-club-mercedes-jugara-en-la-primera-d\\\/#respond\"]}]},{\"@type\":\"WebPage\",\"@id\":\"https:\\\/\\\/noticiasmercedinas.com\\\/site\\\/2022\\\/04\\\/21\\\/confirmado-club-mercedes-jugara-en-la-primera-d\\\/\",\"url\":\"https:\\\/\\\/noticiasmercedinas.com\\\/site\\\/2022\\\/04\\\/21\\\/confirmado-club-mercedes-jugara-en-la-primera-d\\\/\",\"name\":\"Confirmado: Club Mercedes jugar\u00e1 en la Primera D\",\"isPartOf\":{\"@id\":\"https:\\\/\\\/noticiasmercedinas.com\\\/site\\\/#website\"},\"primaryImageOfPage\":{\"@id\":\"https:\\\/\\\/noticiasmercedinas.com\\\/site\\\/2022\\\/04\\\/21\\\/confirmado-club-mercedes-jugara-en-la-primera-d\\\/#primaryimage\"},\"image\":{\"@id\":\"https:\\\/\\\/noticiasmercedinas.com\\\/site\\\/2022\\\/04\\\/21\\\/confirmado-club-mercedes-jugara-en-la-primera-d\\\/#primaryimage\"},\"thumbnailUrl\":\"https:\\\/\\\/noticiasmercedinas.com\\\/site\\\/wp-content\\\/uploads\\\/2022\\\/04\\\/merce-1.jpg\",\"datePublished\":\"2022-04-21T18:51:20+00:00\",\"dateModified\":\"2022-04-21T19:26:32+00:00\",\"breadcrumb\":{\"@id\":\"https:\\\/\\\/noticiasmercedinas.com\\\/site\\\/2022\\\/04\\\/21\\\/confirmado-club-mercedes-jugara-en-la-primera-d\\\/#breadcrumb\"},\"inLanguage\":\"es\",\"potentialAction\":[{\"@type\":\"ReadAction\",\"target\":[\"https:\\\/\\\/noticiasmercedinas.com\\\/site\\\/2022\\\/04\\\/21\\\/confirmado-club-mercedes-jugara-en-la-primera-d\\\/\"]}]},{\"@type\":\"ImageObject\",\"inLanguage\":\"es\",\"@id\":\"https:\\\/\\\/noticiasmercedinas.com\\\/site\\\/2022\\\/04\\\/21\\\/confirmado-club-mercedes-jugara-en-la-primera-d\\\/#primaryimage\",\"url\":\"https:\\\/\\\/noticiasmercedinas.com\\\/site\\\/wp-content\\\/uploads\\\/2022\\\/04\\\/merce-1.jpg\",\"contentUrl\":\"https:\\\/\\\/noticiasmercedinas.com\\\/site\\\/wp-content\\\/uploads\\\/2022\\\/04\\\/merce-1.jpg\",\"width\":1599,\"height\":899},{\"@type\":\"BreadcrumbList\",\"@id\":\"https:\\\/\\\/noticiasmercedinas.com\\\/site\\\/2022\\\/04\\\/21\\\/confirmado-club-mercedes-jugara-en-la-primera-d\\\/#breadcrumb\",\"itemListElement\":[{\"@type\":\"ListItem\",\"position\":1,\"name\":\"Portada\",\"item\":\"https:\\\/\\\/noticiasmercedinas.com\\\/site\\\/\"},{\"@type\":\"ListItem\",\"position\":2,\"name\":\"Confirmado: Club Mercedes jugar\u00e1 en la Primera D\"}]},{\"@type\":\"WebSite\",\"@id\":\"https:\\\/\\\/noticiasmercedinas.com\\\/site\\\/#website\",\"url\":\"https:\\\/\\\/noticiasmercedinas.com\\\/site\\\/\",\"name\":\"NOTICIASMERCEDINAS.COM\",\"description\":\"Mercedes, Buenos Aires, Argentina\",\"publisher\":{\"@id\":\"https:\\\/\\\/noticiasmercedinas.com\\\/site\\\/#organization\"},\"potentialAction\":[{\"@type\":\"SearchAction\",\"target\":{\"@type\":\"EntryPoint\",\"urlTemplate\":\"https:\\\/\\\/noticiasmercedinas.com\\\/site\\\/?s={search_term_string}\"},\"query-input\":{\"@type\":\"PropertyValueSpecification\",\"valueRequired\":true,\"valueName\":\"search_term_string\"}}],\"inLanguage\":\"es\"},{\"@type\":\"Organization\",\"@id\":\"https:\\\/\\\/noticiasmercedinas.com\\\/site\\\/#organization\",\"name\":\"NOTICIASMERCEDINAS.COM\",\"url\":\"https:\\\/\\\/noticiasmercedinas.com\\\/site\\\/\",\"logo\":{\"@type\":\"ImageObject\",\"inLanguage\":\"es\",\"@id\":\"https:\\\/\\\/noticiasmercedinas.com\\\/site\\\/#\\\/schema\\\/logo\\\/image\\\/\",\"url\":\"https:\\\/\\\/noticiasmercedinas.com\\\/site\\\/wp-content\\\/uploads\\\/2020\\\/06\\\/LOGO-512.jpg\",\"contentUrl\":\"https:\\\/\\\/noticiasmercedinas.com\\\/site\\\/wp-content\\\/uploads\\\/2020\\\/06\\\/LOGO-512.jpg\",\"width\":512,\"height\":512,\"caption\":\"NOTICIASMERCEDINAS.COM\"},\"image\":{\"@id\":\"https:\\\/\\\/noticiasmercedinas.com\\\/site\\\/#\\\/schema\\\/logo\\\/image\\\/\"},\"sameAs\":[\"https:\\\/\\\/www.facebook.com\\\/noticiasmercedinas\\\/\",\"https:\\\/\\\/x.com\\\/notmercedinas\",\"https:\\\/\\\/www.instagram.com\\\/noticiasmercedinas\\\/\"]},{\"@type\":\"Person\",\"@id\":\"https:\\\/\\\/noticiasmercedinas.com\\\/site\\\/#\\\/schema\\\/person\\\/8f2f09d666ef40986eba4a5e6f2a06f9\",\"name\":\"Juan Dagnino NOTICIASMERCEDINAS.COM\",\"image\":{\"@type\":\"ImageObject\",\"inLanguage\":\"es\",\"@id\":\"https:\\\/\\\/secure.gravatar.com\\\/avatar\\\/fc7059a769f5a3cae65fadb228a3e4accf3a64b4b2305020d0a27e6d5333c91b?s=96&d=mm&r=g\",\"url\":\"https:\\\/\\\/secure.gravatar.com\\\/avatar\\\/fc7059a769f5a3cae65fadb228a3e4accf3a64b4b2305020d0a27e6d5333c91b?s=96&d=mm&r=g\",\"contentUrl\":\"https:\\\/\\\/secure.gravatar.com\\\/avatar\\\/fc7059a769f5a3cae65fadb228a3e4accf3a64b4b2305020d0a27e6d5333c91b?s=96&d=mm&r=g\",\"caption\":\"Juan Dagnino NOTICIASMERCEDINAS.COM\"},\"url\":\"https:\\\/\\\/noticiasmercedinas.com\\\/site\\\/author\\\/juandagnino\\\/\"}]}<\/script>\n<!-- \/ Yoast SEO plugin. -->","yoast_head_json":{"title":"Confirmado: Club Mercedes jugar\u00e1 en la Primera D","robots":{"index":"index","follow":"follow","max-snippet":"max-snippet:-1","max-image-preview":"max-image-preview:large","max-video-preview":"max-video-preview:-1"},"canonical":"https:\/\/noticiasmercedinas.com\/site\/2022\/04\/21\/confirmado-club-mercedes-jugara-en-la-primera-d\/","og_locale":"es_ES","og_type":"article","og_title":"Confirmado: Club Mercedes jugar\u00e1 en la Primera D","og_description":"\u25a0 Este mediod\u00eda sus directivos presenciaron el sorteo del fixture y con ello la Primera divisi\u00f3n se suma a la categor\u00eda de ascenso de AFA. El debut ser\u00e1 frente a Mu\u00f1iz como visitante. Trabajan en la conformaci\u00f3n del plantel y otros aspectos organizativos.","og_url":"https:\/\/noticiasmercedinas.com\/site\/2022\/04\/21\/confirmado-club-mercedes-jugara-en-la-primera-d\/","og_site_name":"NOTICIASMERCEDINAS.COM","article_publisher":"https:\/\/www.facebook.com\/noticiasmercedinas\/","article_published_time":"2022-04-21T18:51:20+00:00","article_modified_time":"2022-04-21T19:26:32+00:00","og_image":[{"width":1599,"height":899,"url":"https:\/\/noticiasmercedinas.com\/site\/wp-content\/uploads\/2022\/04\/merce-1.jpg","type":"image\/jpeg"}],"author":"Juan Dagnino NOTICIASMERCEDINAS.COM","twitter_card":"summary_large_image","twitter_creator":"@notmercedinas","twitter_site":"@notmercedinas","twitter_misc":{"Escrito por":"Juan Dagnino NOTICIASMERCEDINAS.COM","Tiempo de lectura":"3 minutos"},"schema":{"@context":"https:\/\/schema.org","@graph":[{"@type":"Article","@id":"https:\/\/noticiasmercedinas.com\/site\/2022\/04\/21\/confirmado-club-mercedes-jugara-en-la-primera-d\/#article","isPartOf":{"@id":"https:\/\/noticiasmercedinas.com\/site\/2022\/04\/21\/confirmado-club-mercedes-jugara-en-la-primera-d\/"},"author":{"name":"Juan Dagnino NOTICIASMERCEDINAS.COM","@id":"https:\/\/noticiasmercedinas.com\/site\/#\/schema\/person\/8f2f09d666ef40986eba4a5e6f2a06f9"},"headline":"Confirmado: Club Mercedes jugar\u00e1 en la Primera D","datePublished":"2022-04-21T18:51:20+00:00","dateModified":"2022-04-21T19:26:32+00:00","mainEntityOfPage":{"@id":"https:\/\/noticiasmercedinas.com\/site\/2022\/04\/21\/confirmado-club-mercedes-jugara-en-la-primera-d\/"},"wordCount":598,"commentCount":0,"publisher":{"@id":"https:\/\/noticiasmercedinas.com\/site\/#organization"},"image":{"@id":"https:\/\/noticiasmercedinas.com\/site\/2022\/04\/21\/confirmado-club-mercedes-jugara-en-la-primera-d\/#primaryimage"},"thumbnailUrl":"https:\/\/noticiasmercedinas.com\/site\/wp-content\/uploads\/2022\/04\/merce-1.jpg","keywords":["AFA","club mercedes","Primera D"],"articleSection":["Deportes"],"inLanguage":"es","potentialAction":[{"@type":"CommentAction","name":"Comment","target":["https:\/\/noticiasmercedinas.com\/site\/2022\/04\/21\/confirmado-club-mercedes-jugara-en-la-primera-d\/#respond"]}]},{"@type":"WebPage","@id":"https:\/\/noticiasmercedinas.com\/site\/2022\/04\/21\/confirmado-club-mercedes-jugara-en-la-primera-d\/","url":"https:\/\/noticiasmercedinas.com\/site\/2022\/04\/21\/confirmado-club-mercedes-jugara-en-la-primera-d\/","name":"Confirmado: Club Mercedes jugar\u00e1 en la Primera D","isPartOf":{"@id":"https:\/\/noticiasmercedinas.com\/site\/#website"},"primaryImageOfPage":{"@id":"https:\/\/noticiasmercedinas.com\/site\/2022\/04\/21\/confirmado-club-mercedes-jugara-en-la-primera-d\/#primaryimage"},"image":{"@id":"https:\/\/noticiasmercedinas.com\/site\/2022\/04\/21\/confirmado-club-mercedes-jugara-en-la-primera-d\/#primaryimage"},"thumbnailUrl":"https:\/\/noticiasmercedinas.com\/site\/wp-content\/uploads\/2022\/04\/merce-1.jpg","datePublished":"2022-04-21T18:51:20+00:00","dateModified":"2022-04-21T19:26:32+00:00","breadcrumb":{"@id":"https:\/\/noticiasmercedinas.com\/site\/2022\/04\/21\/confirmado-club-mercedes-jugara-en-la-primera-d\/#breadcrumb"},"inLanguage":"es","potentialAction":[{"@type":"ReadAction","target":["https:\/\/noticiasmercedinas.com\/site\/2022\/04\/21\/confirmado-club-mercedes-jugara-en-la-primera-d\/"]}]},{"@type":"ImageObject","inLanguage":"es","@id":"https:\/\/noticiasmercedinas.com\/site\/2022\/04\/21\/confirmado-club-mercedes-jugara-en-la-primera-d\/#primaryimage","url":"https:\/\/noticiasmercedinas.com\/site\/wp-content\/uploads\/2022\/04\/merce-1.jpg","contentUrl":"https:\/\/noticiasmercedinas.com\/site\/wp-content\/uploads\/2022\/04\/merce-1.jpg","width":1599,"height":899},{"@type":"BreadcrumbList","@id":"https:\/\/noticiasmercedinas.com\/site\/2022\/04\/21\/confirmado-club-mercedes-jugara-en-la-primera-d\/#breadcrumb","itemListElement":[{"@type":"ListItem","position":1,"name":"Portada","item":"https:\/\/noticiasmercedinas.com\/site\/"},{"@type":"ListItem","position":2,"name":"Confirmado: Club Mercedes jugar\u00e1 en la Primera D"}]},{"@type":"WebSite","@id":"https:\/\/noticiasmercedinas.com\/site\/#website","url":"https:\/\/noticiasmercedinas.com\/site\/","name":"NOTICIASMERCEDINAS.COM","description":"Mercedes, Buenos Aires, Argentina","publisher":{"@id":"https:\/\/noticiasmercedinas.com\/site\/#organization"},"potentialAction":[{"@type":"SearchAction","target":{"@type":"EntryPoint","urlTemplate":"https:\/\/noticiasmercedinas.com\/site\/?s={search_term_string}"},"query-input":{"@type":"PropertyValueSpecification","valueRequired":true,"valueName":"search_term_string"}}],"inLanguage":"es"},{"@type":"Organization","@id":"https:\/\/noticiasmercedinas.com\/site\/#organization","name":"NOTICIASMERCEDINAS.COM","url":"https:\/\/noticiasmercedinas.com\/site\/","logo":{"@type":"ImageObject","inLanguage":"es","@id":"https:\/\/noticiasmercedinas.com\/site\/#\/schema\/logo\/image\/","url":"https:\/\/noticiasmercedinas.com\/site\/wp-content\/uploads\/2020\/06\/LOGO-512.jpg","contentUrl":"https:\/\/noticiasmercedinas.com\/site\/wp-content\/uploads\/2020\/06\/LOGO-512.jpg","width":512,"height":512,"caption":"NOTICIASMERCEDINAS.COM"},"image":{"@id":"https:\/\/noticiasmercedinas.com\/site\/#\/schema\/logo\/image\/"},"sameAs":["https:\/\/www.facebook.com\/noticiasmercedinas\/","https:\/\/x.com\/notmercedinas","https:\/\/www.instagram.com\/noticiasmercedinas\/"]},{"@type":"Person","@id":"https:\/\/noticiasmercedinas.com\/site\/#\/schema\/person\/8f2f09d666ef40986eba4a5e6f2a06f9","name":"Juan Dagnino NOTICIASMERCEDINAS.COM","image":{"@type":"ImageObject","inLanguage":"es","@id":"https:\/\/secure.gravatar.com\/avatar\/fc7059a769f5a3cae65fadb228a3e4accf3a64b4b2305020d0a27e6d5333c91b?s=96&d=mm&r=g","url":"https:\/\/secure.gravatar.com\/avatar\/fc7059a769f5a3cae65fadb228a3e4accf3a64b4b2305020d0a27e6d5333c91b?s=96&d=mm&r=g","contentUrl":"https:\/\/secure.gravatar.com\/avatar\/fc7059a769f5a3cae65fadb228a3e4accf3a64b4b2305020d0a27e6d5333c91b?s=96&d=mm&r=g","caption":"Juan Dagnino NOTICIASMERCEDINAS.COM"},"url":"https:\/\/noticiasmercedinas.com\/site\/author\/juandagnino\/"}]}},"amp_enabled":true,"_links":{"self":[{"href":"https:\/\/noticiasmercedinas.com\/site\/wp-json\/wp\/v2\/posts\/88924","targetHints":{"allow":["GET"]}}],"collection":[{"href":"https:\/\/noticiasmercedinas.com\/site\/wp-json\/wp\/v2\/posts"}],"about":[{"href":"https:\/\/noticiasmercedinas.com\/site\/wp-json\/wp\/v2\/types\/post"}],"author":[{"embeddable":true,"href":"https:\/\/noticiasmercedinas.com\/site\/wp-json\/wp\/v2\/users\/6"}],"replies":[{"embeddable":true,"href":"https:\/\/noticiasmercedinas.com\/site\/wp-json\/wp\/v2\/comments?post=88924"}],"version-history":[{"count":3,"href":"https:\/\/noticiasmercedinas.com\/site\/wp-json\/wp\/v2\/posts\/88924\/revisions"}],"predecessor-version":[{"id":88937,"href":"https:\/\/noticiasmercedinas.com\/site\/wp-json\/wp\/v2\/posts\/88924\/revisions\/88937"}],"wp:featuredmedia":[{"embeddable":true,"href":"https:\/\/noticiasmercedinas.com\/site\/wp-json\/wp\/v2\/media\/88930"}],"wp:attachment":[{"href":"https:\/\/noticiasmercedinas.com\/site\/wp-json\/wp\/v2\/media?parent=88924"}],"wp:term":[{"taxonomy":"category","embeddable":true,"href":"https:\/\/noticiasmercedinas.com\/site\/wp-json\/wp\/v2\/categories?post=88924"},{"taxonomy":"post_tag","embeddable":true,"href":"https:\/\/noticiasmercedinas.com\/site\/wp-json\/wp\/v2\/tags?post=88924"}],"curies":[{"name":"wp","href":"https:\/\/api.w.org\/{rel}","templated":true}]}}