{"id":89049,"date":"2022-04-22T17:40:50","date_gmt":"2022-04-22T20:40:50","guid":{"rendered":"https:\/\/noticiasmercedinas.com\/site\/?p=89049"},"modified":"2022-04-22T17:40:50","modified_gmt":"2022-04-22T20:40:50","slug":"la-bancaria-convoco-a-un-paro-total-para-el-28-de-abril","status":"publish","type":"post","link":"https:\/\/noticiasmercedinas.com\/site\/2022\/04\/22\/la-bancaria-convoco-a-un-paro-total-para-el-28-de-abril\/","title":{"rendered":"La Bancaria convoc\u00f3 a un paro total para el 28 de abril"},"content":{"rendered":"<p><img loading=\"lazy\" decoding=\"async\" class=\"alignnone size-full wp-image-89050\" src=\"https:\/\/noticiasmercedinas.com\/site\/wp-content\/uploads\/2022\/04\/La-Bancaria-convoca-a-un-paro-total-para-este-jueves-e1650660000175.jpg\" alt=\"\" width=\"640\" height=\"480\" \/><\/p>\n<p>Tras varias reuniones y meses de negociaciones, la Asociaci\u00f3n Bancaria llam\u00f3 a un paro para este jueves 28 de abril. La decisi\u00f3n del sindicato ser\u00e1 avanzar con medidas de fuerza y mantener el estado de alerta y movilizaci\u00f3n.<\/p>\n<p>Seg\u00fan informaron, se reclama una suba del 60%, por lo que la huelga se llevar\u00e1 a cabo a nivel nacional e incluir\u00e1 tanto a las entidades financieras p\u00fablicas como a las privadas.<\/p>\n<p>Cabe destacar que desde el gremio indicaron que la medida de fuerza se comunic\u00f3 \u00abcon la suficiente antelaci\u00f3n para prever y organizar todo lo referido al pago de jubilaciones, como as\u00ed tambi\u00e9n las distintas asignaciones sociales que deban pagarse ese d\u00eda en las entidades bancarias\u00bb.<\/p>\n<p>Al respecto, el Secretario General de la CGI Seccional Chivilcoy Miguel \u00c1ngel Pastorini indic\u00f3 que \u201cen las negociaciones con el sector empresario, ellos ofrecieron un 45 % pagadero en 8 cuotas, lo cual consideramos inadmisible y alejado de la realidad econ\u00f3mica que estamos atravesando\u201d.<\/p>\n<p>En relaci\u00f3n a lo que se est\u00e1 solicitando, Pastorini enfatiz\u00f3 que \u201clos guarismos inflacionarios est\u00e1n en ese n\u00famero. Ojala podamos llegar a un acuerdo, hecho que hasta el momento no se efectu\u00f3 y es por eso es que realizamos la medida de fuerza\u201d, indicando adem\u00e1s que \u201ces el mismo sector empresario quienes diagnostican la inflaci\u00f3n en expectativa de mercado y los diagn\u00f3sticos que ellos presentan est\u00e1n por encima de lo que ofrecen\u201d.<\/p>\n<p>\u201cLo que solicitamos est\u00e1 basado en base a n\u00fameros reales. Los \u00edndices inflacionarios oscilan entre el 58% y el 64%. Estamos pidiendo una discusi\u00f3n sobre ese rango\u201d, expres\u00f3 el Secretario General de la CGI Seccional Chivilcoy.<\/p>\n<p>En un comunicado la Asociaci\u00f3n Bancaria indic\u00f3 que \u00abcon esta actitud los banqueros no tienen en cuenta su valor m\u00e1s preciado, que son sus trabajadores y trabajadoras, y piensan en su rentabilidad a cualquier costo\u201d.<\/p>\n<p>Adem\u00e1s de una mejora salarial, desde el gremio se reclama por la regulaci\u00f3n de la ley de teletrabajo, guarder\u00eda universal, tercerizaciones, desarticulaci\u00f3n del trabajo bancario, reconversi\u00f3n de los puestos laborales respecto del avance tecnol\u00f3gico, frenar los cierres de sucursales y derogar las circulares del Banco Central que permiten brindar servicios financieros por fuera del sistema bancario, entre otros.<\/p>\n","protected":false},"excerpt":{"rendered":"<p>\u25a0\u00a0Se reclama una suba del 60%, por lo que la huelga se llevar\u00e1 a cabo a nivel nacional. Pastorini resalt\u00f3 que lo que ofrece el sector empresario \u201ces inadmisible\u201d y \u201cest\u00e1 alejado de la realidad\u201d.<\/p>\n","protected":false},"author":16,"featured_media":89050,"comment_status":"open","ping_status":"open","sticky":false,"template":"","format":"standard","meta":{"footnotes":""},"categories":[139],"tags":[1913,843,851,231],"class_list":["post-89049","post","type-post","status-publish","format-standard","has-post-thumbnail","hentry","category-regionales","tag-bancos","tag-la-bancaria","tag-miguel-pastorini","tag-paro"],"yoast_head":"<!-- This site is optimized with the Yoast SEO plugin v27.4 - https:\/\/yoast.com\/product\/yoast-seo-wordpress\/ -->\n<title>La Bancaria convoc\u00f3 a un paro total para el 28 de abril<\/title>\n<meta name=\"robots\" content=\"index, follow, max-snippet:-1, max-image-preview:large, max-video-preview:-1\" \/>\n<link rel=\"canonical\" href=\"https:\/\/noticiasmercedinas.com\/site\/2022\/04\/22\/la-bancaria-convoco-a-un-paro-total-para-el-28-de-abril\/\" \/>\n<meta property=\"og:locale\" content=\"es_ES\" \/>\n<meta property=\"og:type\" content=\"article\" \/>\n<meta property=\"og:title\" content=\"La Bancaria convoc\u00f3 a un paro total para el 28 de abril\" \/>\n<meta property=\"og:description\" content=\"\u25a0\u00a0Se reclama una suba del 60%, por lo que la huelga se llevar\u00e1 a cabo a nivel nacional. Pastorini resalt\u00f3 que lo que ofrece el sector empresario \u201ces inadmisible\u201d y \u201cest\u00e1 alejado de la realidad\u201d.\" \/>\n<meta property=\"og:url\" content=\"https:\/\/noticiasmercedinas.com\/site\/2022\/04\/22\/la-bancaria-convoco-a-un-paro-total-para-el-28-de-abril\/\" \/>\n<meta property=\"og:site_name\" content=\"NOTICIASMERCEDINAS.COM\" \/>\n<meta property=\"article:publisher\" content=\"https:\/\/www.facebook.com\/noticiasmercedinas\/\" \/>\n<meta property=\"article:published_time\" content=\"2022-04-22T20:40:50+00:00\" \/>\n<meta property=\"og:image\" content=\"https:\/\/noticiasmercedinas.com\/site\/wp-content\/uploads\/2022\/04\/La-Bancaria-convoca-a-un-paro-total-para-este-jueves-e1650660000175.jpg\" \/>\n\t<meta property=\"og:image:width\" content=\"640\" \/>\n\t<meta property=\"og:image:height\" content=\"480\" \/>\n\t<meta property=\"og:image:type\" content=\"image\/jpeg\" \/>\n<meta name=\"author\" content=\"NOTICIASMERCEDINAS.COM\" \/>\n<meta name=\"twitter:card\" content=\"summary_large_image\" \/>\n<meta name=\"twitter:creator\" content=\"@notmercedinas\" \/>\n<meta name=\"twitter:site\" content=\"@notmercedinas\" \/>\n<meta name=\"twitter:label1\" content=\"Escrito por\" \/>\n\t<meta name=\"twitter:data1\" content=\"NOTICIASMERCEDINAS.COM\" \/>\n\t<meta name=\"twitter:label2\" content=\"Tiempo de lectura\" \/>\n\t<meta name=\"twitter:data2\" content=\"2 minutos\" \/>\n<script type=\"application\/ld+json\" class=\"yoast-schema-graph\">{\"@context\":\"https:\\\/\\\/schema.org\",\"@graph\":[{\"@type\":\"Article\",\"@id\":\"https:\\\/\\\/noticiasmercedinas.com\\\/site\\\/2022\\\/04\\\/22\\\/la-bancaria-convoco-a-un-paro-total-para-el-28-de-abril\\\/#article\",\"isPartOf\":{\"@id\":\"https:\\\/\\\/noticiasmercedinas.com\\\/site\\\/2022\\\/04\\\/22\\\/la-bancaria-convoco-a-un-paro-total-para-el-28-de-abril\\\/\"},\"author\":{\"name\":\"NOTICIASMERCEDINAS.COM\",\"@id\":\"https:\\\/\\\/noticiasmercedinas.com\\\/site\\\/#\\\/schema\\\/person\\\/84b59c099c28ff2e8b77d4ceec5d8063\"},\"headline\":\"La Bancaria convoc\u00f3 a un paro total para el 28 de abril\",\"datePublished\":\"2022-04-22T20:40:50+00:00\",\"mainEntityOfPage\":{\"@id\":\"https:\\\/\\\/noticiasmercedinas.com\\\/site\\\/2022\\\/04\\\/22\\\/la-bancaria-convoco-a-un-paro-total-para-el-28-de-abril\\\/\"},\"wordCount\":390,\"commentCount\":0,\"publisher\":{\"@id\":\"https:\\\/\\\/noticiasmercedinas.com\\\/site\\\/#organization\"},\"image\":{\"@id\":\"https:\\\/\\\/noticiasmercedinas.com\\\/site\\\/2022\\\/04\\\/22\\\/la-bancaria-convoco-a-un-paro-total-para-el-28-de-abril\\\/#primaryimage\"},\"thumbnailUrl\":\"https:\\\/\\\/noticiasmercedinas.com\\\/site\\\/wp-content\\\/uploads\\\/2022\\\/04\\\/La-Bancaria-convoca-a-un-paro-total-para-este-jueves-e1650660000175.jpg\",\"keywords\":[\"bancos\",\"la bancaria\",\"miguel pastorini\",\"paro\"],\"articleSection\":[\"Regionales\"],\"inLanguage\":\"es\",\"potentialAction\":[{\"@type\":\"CommentAction\",\"name\":\"Comment\",\"target\":[\"https:\\\/\\\/noticiasmercedinas.com\\\/site\\\/2022\\\/04\\\/22\\\/la-bancaria-convoco-a-un-paro-total-para-el-28-de-abril\\\/#respond\"]}]},{\"@type\":\"WebPage\",\"@id\":\"https:\\\/\\\/noticiasmercedinas.com\\\/site\\\/2022\\\/04\\\/22\\\/la-bancaria-convoco-a-un-paro-total-para-el-28-de-abril\\\/\",\"url\":\"https:\\\/\\\/noticiasmercedinas.com\\\/site\\\/2022\\\/04\\\/22\\\/la-bancaria-convoco-a-un-paro-total-para-el-28-de-abril\\\/\",\"name\":\"La Bancaria convoc\u00f3 a un paro total para el 28 de abril\",\"isPartOf\":{\"@id\":\"https:\\\/\\\/noticiasmercedinas.com\\\/site\\\/#website\"},\"primaryImageOfPage\":{\"@id\":\"https:\\\/\\\/noticiasmercedinas.com\\\/site\\\/2022\\\/04\\\/22\\\/la-bancaria-convoco-a-un-paro-total-para-el-28-de-abril\\\/#primaryimage\"},\"image\":{\"@id\":\"https:\\\/\\\/noticiasmercedinas.com\\\/site\\\/2022\\\/04\\\/22\\\/la-bancaria-convoco-a-un-paro-total-para-el-28-de-abril\\\/#primaryimage\"},\"thumbnailUrl\":\"https:\\\/\\\/noticiasmercedinas.com\\\/site\\\/wp-content\\\/uploads\\\/2022\\\/04\\\/La-Bancaria-convoca-a-un-paro-total-para-este-jueves-e1650660000175.jpg\",\"datePublished\":\"2022-04-22T20:40:50+00:00\",\"breadcrumb\":{\"@id\":\"https:\\\/\\\/noticiasmercedinas.com\\\/site\\\/2022\\\/04\\\/22\\\/la-bancaria-convoco-a-un-paro-total-para-el-28-de-abril\\\/#breadcrumb\"},\"inLanguage\":\"es\",\"potentialAction\":[{\"@type\":\"ReadAction\",\"target\":[\"https:\\\/\\\/noticiasmercedinas.com\\\/site\\\/2022\\\/04\\\/22\\\/la-bancaria-convoco-a-un-paro-total-para-el-28-de-abril\\\/\"]}]},{\"@type\":\"ImageObject\",\"inLanguage\":\"es\",\"@id\":\"https:\\\/\\\/noticiasmercedinas.com\\\/site\\\/2022\\\/04\\\/22\\\/la-bancaria-convoco-a-un-paro-total-para-el-28-de-abril\\\/#primaryimage\",\"url\":\"https:\\\/\\\/noticiasmercedinas.com\\\/site\\\/wp-content\\\/uploads\\\/2022\\\/04\\\/La-Bancaria-convoca-a-un-paro-total-para-este-jueves-e1650660000175.jpg\",\"contentUrl\":\"https:\\\/\\\/noticiasmercedinas.com\\\/site\\\/wp-content\\\/uploads\\\/2022\\\/04\\\/La-Bancaria-convoca-a-un-paro-total-para-este-jueves-e1650660000175.jpg\",\"width\":640,\"height\":480},{\"@type\":\"BreadcrumbList\",\"@id\":\"https:\\\/\\\/noticiasmercedinas.com\\\/site\\\/2022\\\/04\\\/22\\\/la-bancaria-convoco-a-un-paro-total-para-el-28-de-abril\\\/#breadcrumb\",\"itemListElement\":[{\"@type\":\"ListItem\",\"position\":1,\"name\":\"Portada\",\"item\":\"https:\\\/\\\/noticiasmercedinas.com\\\/site\\\/\"},{\"@type\":\"ListItem\",\"position\":2,\"name\":\"La Bancaria convoc\u00f3 a un paro total para el 28 de abril\"}]},{\"@type\":\"WebSite\",\"@id\":\"https:\\\/\\\/noticiasmercedinas.com\\\/site\\\/#website\",\"url\":\"https:\\\/\\\/noticiasmercedinas.com\\\/site\\\/\",\"name\":\"NOTICIASMERCEDINAS.COM\",\"description\":\"Mercedes, Buenos Aires, Argentina\",\"publisher\":{\"@id\":\"https:\\\/\\\/noticiasmercedinas.com\\\/site\\\/#organization\"},\"potentialAction\":[{\"@type\":\"SearchAction\",\"target\":{\"@type\":\"EntryPoint\",\"urlTemplate\":\"https:\\\/\\\/noticiasmercedinas.com\\\/site\\\/?s={search_term_string}\"},\"query-input\":{\"@type\":\"PropertyValueSpecification\",\"valueRequired\":true,\"valueName\":\"search_term_string\"}}],\"inLanguage\":\"es\"},{\"@type\":\"Organization\",\"@id\":\"https:\\\/\\\/noticiasmercedinas.com\\\/site\\\/#organization\",\"name\":\"NOTICIASMERCEDINAS.COM\",\"url\":\"https:\\\/\\\/noticiasmercedinas.com\\\/site\\\/\",\"logo\":{\"@type\":\"ImageObject\",\"inLanguage\":\"es\",\"@id\":\"https:\\\/\\\/noticiasmercedinas.com\\\/site\\\/#\\\/schema\\\/logo\\\/image\\\/\",\"url\":\"https:\\\/\\\/noticiasmercedinas.com\\\/site\\\/wp-content\\\/uploads\\\/2020\\\/06\\\/LOGO-512.jpg\",\"contentUrl\":\"https:\\\/\\\/noticiasmercedinas.com\\\/site\\\/wp-content\\\/uploads\\\/2020\\\/06\\\/LOGO-512.jpg\",\"width\":512,\"height\":512,\"caption\":\"NOTICIASMERCEDINAS.COM\"},\"image\":{\"@id\":\"https:\\\/\\\/noticiasmercedinas.com\\\/site\\\/#\\\/schema\\\/logo\\\/image\\\/\"},\"sameAs\":[\"https:\\\/\\\/www.facebook.com\\\/noticiasmercedinas\\\/\",\"https:\\\/\\\/x.com\\\/notmercedinas\",\"https:\\\/\\\/www.instagram.com\\\/noticiasmercedinas\\\/\"]},{\"@type\":\"Person\",\"@id\":\"https:\\\/\\\/noticiasmercedinas.com\\\/site\\\/#\\\/schema\\\/person\\\/84b59c099c28ff2e8b77d4ceec5d8063\",\"name\":\"NOTICIASMERCEDINAS.COM\",\"image\":{\"@type\":\"ImageObject\",\"inLanguage\":\"es\",\"@id\":\"https:\\\/\\\/secure.gravatar.com\\\/avatar\\\/4dfbf16b4d17945bfb6341b2d19043457132fcf478a5ee04f42e959fd8f5df0a?s=96&d=mm&r=g\",\"url\":\"https:\\\/\\\/secure.gravatar.com\\\/avatar\\\/4dfbf16b4d17945bfb6341b2d19043457132fcf478a5ee04f42e959fd8f5df0a?s=96&d=mm&r=g\",\"contentUrl\":\"https:\\\/\\\/secure.gravatar.com\\\/avatar\\\/4dfbf16b4d17945bfb6341b2d19043457132fcf478a5ee04f42e959fd8f5df0a?s=96&d=mm&r=g\",\"caption\":\"NOTICIASMERCEDINAS.COM\"},\"url\":\"https:\\\/\\\/noticiasmercedinas.com\\\/site\\\/author\\\/anonimo\\\/\"}]}<\/script>\n<!-- \/ Yoast SEO plugin. -->","yoast_head_json":{"title":"La Bancaria convoc\u00f3 a un paro total para el 28 de abril","robots":{"index":"index","follow":"follow","max-snippet":"max-snippet:-1","max-image-preview":"max-image-preview:large","max-video-preview":"max-video-preview:-1"},"canonical":"https:\/\/noticiasmercedinas.com\/site\/2022\/04\/22\/la-bancaria-convoco-a-un-paro-total-para-el-28-de-abril\/","og_locale":"es_ES","og_type":"article","og_title":"La Bancaria convoc\u00f3 a un paro total para el 28 de abril","og_description":"\u25a0\u00a0Se reclama una suba del 60%, por lo que la huelga se llevar\u00e1 a cabo a nivel nacional. Pastorini resalt\u00f3 que lo que ofrece el sector empresario \u201ces inadmisible\u201d y \u201cest\u00e1 alejado de la realidad\u201d.","og_url":"https:\/\/noticiasmercedinas.com\/site\/2022\/04\/22\/la-bancaria-convoco-a-un-paro-total-para-el-28-de-abril\/","og_site_name":"NOTICIASMERCEDINAS.COM","article_publisher":"https:\/\/www.facebook.com\/noticiasmercedinas\/","article_published_time":"2022-04-22T20:40:50+00:00","og_image":[{"width":640,"height":480,"url":"https:\/\/noticiasmercedinas.com\/site\/wp-content\/uploads\/2022\/04\/La-Bancaria-convoca-a-un-paro-total-para-este-jueves-e1650660000175.jpg","type":"image\/jpeg"}],"author":"NOTICIASMERCEDINAS.COM","twitter_card":"summary_large_image","twitter_creator":"@notmercedinas","twitter_site":"@notmercedinas","twitter_misc":{"Escrito por":"NOTICIASMERCEDINAS.COM","Tiempo de lectura":"2 minutos"},"schema":{"@context":"https:\/\/schema.org","@graph":[{"@type":"Article","@id":"https:\/\/noticiasmercedinas.com\/site\/2022\/04\/22\/la-bancaria-convoco-a-un-paro-total-para-el-28-de-abril\/#article","isPartOf":{"@id":"https:\/\/noticiasmercedinas.com\/site\/2022\/04\/22\/la-bancaria-convoco-a-un-paro-total-para-el-28-de-abril\/"},"author":{"name":"NOTICIASMERCEDINAS.COM","@id":"https:\/\/noticiasmercedinas.com\/site\/#\/schema\/person\/84b59c099c28ff2e8b77d4ceec5d8063"},"headline":"La Bancaria convoc\u00f3 a un paro total para el 28 de abril","datePublished":"2022-04-22T20:40:50+00:00","mainEntityOfPage":{"@id":"https:\/\/noticiasmercedinas.com\/site\/2022\/04\/22\/la-bancaria-convoco-a-un-paro-total-para-el-28-de-abril\/"},"wordCount":390,"commentCount":0,"publisher":{"@id":"https:\/\/noticiasmercedinas.com\/site\/#organization"},"image":{"@id":"https:\/\/noticiasmercedinas.com\/site\/2022\/04\/22\/la-bancaria-convoco-a-un-paro-total-para-el-28-de-abril\/#primaryimage"},"thumbnailUrl":"https:\/\/noticiasmercedinas.com\/site\/wp-content\/uploads\/2022\/04\/La-Bancaria-convoca-a-un-paro-total-para-este-jueves-e1650660000175.jpg","keywords":["bancos","la bancaria","miguel pastorini","paro"],"articleSection":["Regionales"],"inLanguage":"es","potentialAction":[{"@type":"CommentAction","name":"Comment","target":["https:\/\/noticiasmercedinas.com\/site\/2022\/04\/22\/la-bancaria-convoco-a-un-paro-total-para-el-28-de-abril\/#respond"]}]},{"@type":"WebPage","@id":"https:\/\/noticiasmercedinas.com\/site\/2022\/04\/22\/la-bancaria-convoco-a-un-paro-total-para-el-28-de-abril\/","url":"https:\/\/noticiasmercedinas.com\/site\/2022\/04\/22\/la-bancaria-convoco-a-un-paro-total-para-el-28-de-abril\/","name":"La Bancaria convoc\u00f3 a un paro total para el 28 de abril","isPartOf":{"@id":"https:\/\/noticiasmercedinas.com\/site\/#website"},"primaryImageOfPage":{"@id":"https:\/\/noticiasmercedinas.com\/site\/2022\/04\/22\/la-bancaria-convoco-a-un-paro-total-para-el-28-de-abril\/#primaryimage"},"image":{"@id":"https:\/\/noticiasmercedinas.com\/site\/2022\/04\/22\/la-bancaria-convoco-a-un-paro-total-para-el-28-de-abril\/#primaryimage"},"thumbnailUrl":"https:\/\/noticiasmercedinas.com\/site\/wp-content\/uploads\/2022\/04\/La-Bancaria-convoca-a-un-paro-total-para-este-jueves-e1650660000175.jpg","datePublished":"2022-04-22T20:40:50+00:00","breadcrumb":{"@id":"https:\/\/noticiasmercedinas.com\/site\/2022\/04\/22\/la-bancaria-convoco-a-un-paro-total-para-el-28-de-abril\/#breadcrumb"},"inLanguage":"es","potentialAction":[{"@type":"ReadAction","target":["https:\/\/noticiasmercedinas.com\/site\/2022\/04\/22\/la-bancaria-convoco-a-un-paro-total-para-el-28-de-abril\/"]}]},{"@type":"ImageObject","inLanguage":"es","@id":"https:\/\/noticiasmercedinas.com\/site\/2022\/04\/22\/la-bancaria-convoco-a-un-paro-total-para-el-28-de-abril\/#primaryimage","url":"https:\/\/noticiasmercedinas.com\/site\/wp-content\/uploads\/2022\/04\/La-Bancaria-convoca-a-un-paro-total-para-este-jueves-e1650660000175.jpg","contentUrl":"https:\/\/noticiasmercedinas.com\/site\/wp-content\/uploads\/2022\/04\/La-Bancaria-convoca-a-un-paro-total-para-este-jueves-e1650660000175.jpg","width":640,"height":480},{"@type":"BreadcrumbList","@id":"https:\/\/noticiasmercedinas.com\/site\/2022\/04\/22\/la-bancaria-convoco-a-un-paro-total-para-el-28-de-abril\/#breadcrumb","itemListElement":[{"@type":"ListItem","position":1,"name":"Portada","item":"https:\/\/noticiasmercedinas.com\/site\/"},{"@type":"ListItem","position":2,"name":"La Bancaria convoc\u00f3 a un paro total para el 28 de abril"}]},{"@type":"WebSite","@id":"https:\/\/noticiasmercedinas.com\/site\/#website","url":"https:\/\/noticiasmercedinas.com\/site\/","name":"NOTICIASMERCEDINAS.COM","description":"Mercedes, Buenos Aires, Argentina","publisher":{"@id":"https:\/\/noticiasmercedinas.com\/site\/#organization"},"potentialAction":[{"@type":"SearchAction","target":{"@type":"EntryPoint","urlTemplate":"https:\/\/noticiasmercedinas.com\/site\/?s={search_term_string}"},"query-input":{"@type":"PropertyValueSpecification","valueRequired":true,"valueName":"search_term_string"}}],"inLanguage":"es"},{"@type":"Organization","@id":"https:\/\/noticiasmercedinas.com\/site\/#organization","name":"NOTICIASMERCEDINAS.COM","url":"https:\/\/noticiasmercedinas.com\/site\/","logo":{"@type":"ImageObject","inLanguage":"es","@id":"https:\/\/noticiasmercedinas.com\/site\/#\/schema\/logo\/image\/","url":"https:\/\/noticiasmercedinas.com\/site\/wp-content\/uploads\/2020\/06\/LOGO-512.jpg","contentUrl":"https:\/\/noticiasmercedinas.com\/site\/wp-content\/uploads\/2020\/06\/LOGO-512.jpg","width":512,"height":512,"caption":"NOTICIASMERCEDINAS.COM"},"image":{"@id":"https:\/\/noticiasmercedinas.com\/site\/#\/schema\/logo\/image\/"},"sameAs":["https:\/\/www.facebook.com\/noticiasmercedinas\/","https:\/\/x.com\/notmercedinas","https:\/\/www.instagram.com\/noticiasmercedinas\/"]},{"@type":"Person","@id":"https:\/\/noticiasmercedinas.com\/site\/#\/schema\/person\/84b59c099c28ff2e8b77d4ceec5d8063","name":"NOTICIASMERCEDINAS.COM","image":{"@type":"ImageObject","inLanguage":"es","@id":"https:\/\/secure.gravatar.com\/avatar\/4dfbf16b4d17945bfb6341b2d19043457132fcf478a5ee04f42e959fd8f5df0a?s=96&d=mm&r=g","url":"https:\/\/secure.gravatar.com\/avatar\/4dfbf16b4d17945bfb6341b2d19043457132fcf478a5ee04f42e959fd8f5df0a?s=96&d=mm&r=g","contentUrl":"https:\/\/secure.gravatar.com\/avatar\/4dfbf16b4d17945bfb6341b2d19043457132fcf478a5ee04f42e959fd8f5df0a?s=96&d=mm&r=g","caption":"NOTICIASMERCEDINAS.COM"},"url":"https:\/\/noticiasmercedinas.com\/site\/author\/anonimo\/"}]}},"amp_enabled":true,"_links":{"self":[{"href":"https:\/\/noticiasmercedinas.com\/site\/wp-json\/wp\/v2\/posts\/89049","targetHints":{"allow":["GET"]}}],"collection":[{"href":"https:\/\/noticiasmercedinas.com\/site\/wp-json\/wp\/v2\/posts"}],"about":[{"href":"https:\/\/noticiasmercedinas.com\/site\/wp-json\/wp\/v2\/types\/post"}],"author":[{"embeddable":true,"href":"https:\/\/noticiasmercedinas.com\/site\/wp-json\/wp\/v2\/users\/16"}],"replies":[{"embeddable":true,"href":"https:\/\/noticiasmercedinas.com\/site\/wp-json\/wp\/v2\/comments?post=89049"}],"version-history":[{"count":1,"href":"https:\/\/noticiasmercedinas.com\/site\/wp-json\/wp\/v2\/posts\/89049\/revisions"}],"predecessor-version":[{"id":89051,"href":"https:\/\/noticiasmercedinas.com\/site\/wp-json\/wp\/v2\/posts\/89049\/revisions\/89051"}],"wp:featuredmedia":[{"embeddable":true,"href":"https:\/\/noticiasmercedinas.com\/site\/wp-json\/wp\/v2\/media\/89050"}],"wp:attachment":[{"href":"https:\/\/noticiasmercedinas.com\/site\/wp-json\/wp\/v2\/media?parent=89049"}],"wp:term":[{"taxonomy":"category","embeddable":true,"href":"https:\/\/noticiasmercedinas.com\/site\/wp-json\/wp\/v2\/categories?post=89049"},{"taxonomy":"post_tag","embeddable":true,"href":"https:\/\/noticiasmercedinas.com\/site\/wp-json\/wp\/v2\/tags?post=89049"}],"curies":[{"name":"wp","href":"https:\/\/api.w.org\/{rel}","templated":true}]}}