{"id":89097,"date":"2022-04-23T21:47:14","date_gmt":"2022-04-24T00:47:14","guid":{"rendered":"https:\/\/noticiasmercedinas.com\/site\/?p=89097"},"modified":"2022-04-23T21:55:02","modified_gmt":"2022-04-24T00:55:02","slug":"el-fronton-rojo-y-timon-a-paso-firme","status":"publish","type":"post","link":"https:\/\/noticiasmercedinas.com\/site\/2022\/04\/23\/el-fronton-rojo-y-timon-a-paso-firme\/","title":{"rendered":"El Front\u00f3n Rojo y Tim\u00f3n a paso firme"},"content":{"rendered":"<figure id=\"attachment_89098\" aria-describedby=\"caption-attachment-89098\" style=\"width: 666px\" class=\"wp-caption alignnone\"><img loading=\"lazy\" decoding=\"async\" class=\"wp-image-89098 size-full\" src=\"https:\/\/noticiasmercedinas.com\/site\/wp-content\/uploads\/2022\/04\/3bba288b-d4de-46fb-aeee-fc1a3a1ac274.jpg\" alt=\"\" width=\"666\" height=\"369\" srcset=\"https:\/\/noticiasmercedinas.com\/site\/wp-content\/uploads\/2022\/04\/3bba288b-d4de-46fb-aeee-fc1a3a1ac274.jpg 666w, https:\/\/noticiasmercedinas.com\/site\/wp-content\/uploads\/2022\/04\/3bba288b-d4de-46fb-aeee-fc1a3a1ac274-300x166.jpg 300w, https:\/\/noticiasmercedinas.com\/site\/wp-content\/uploads\/2022\/04\/3bba288b-d4de-46fb-aeee-fc1a3a1ac274-640x355.jpg 640w\" sizes=\"auto, (max-width: 666px) 100vw, 666px\" \/><figcaption id=\"caption-attachment-89098\" class=\"wp-caption-text\">Trocha y Palometas jugaron en cancha de Los Carteros.<\/figcaption><\/figure>\n<p>En la tarde del s\u00e1bado 23 se cumpli\u00f3 con la cuarta fecha del f\u00fatbol femenino de Primera divisi\u00f3n correspondiente a la Liga Mercedina. En Giles gan\u00f3 Tim\u00f3n a Front\u00f3n Azul \u00a0para seguir liderando la Zona B, en tanto en la misma cancha pero por la Zona A fue el cuarto triunfo consecutivo de Front\u00f3n Rojo que no se baja de lo alto de la tabla, se impuso a Flandria.<\/p>\n<p>En cuanto a Trocha, que perd\u00eda 1-0 lo dio vuelta para quedar como escolta. Ya por el interzonal en el cl\u00e1sico de Marcos Paz fue empate entre Pabell\u00f3n y Atl\u00e9tico, primer punto para el \u201cVerde\u201d en la temporada. Ya en Mercedes, adem\u00e1s del partido de Trocha y Palometas,\u00a0 hubo reparto de puntos entre Mercedes y Defensores con un 1 a 1.<\/p>\n<p>Sucediendo los mismo con Los Carteros y Estudiantes aunque sin goles. Por su parte V\u00e9lez logr\u00f3 el primer triunfo y fue ante AMEFIP San Mart\u00edn. Atr\u00e1s qued\u00f3 una jornada que reedit\u00f3 dos finales, la de la pasada Copa de Oro y Plata.<\/p>\n<p><strong>El Front\u00f3n Azul 1.<\/strong><br \/>\n<strong>El Tim\u00f3n 2:<\/strong> Mar\u00eda Mu\u00f1oz 2.<\/p>\n<p><strong>El Front\u00f3n Rojo 1:<\/strong> Josefina Mu\u00f1oz.<br \/>\n<strong>Flandria 0.<\/strong><\/p>\n<p><strong>Club Mercedes 1:<\/strong> Julieta Olivieri.<br \/>\n<strong>Defensores Juniors 1:<\/strong> Tamara Ortubia.<\/p>\n<p><strong>V\u00e9lez 2:<\/strong> Julia Romero y Luz Romero.<br \/>\n<strong>AMEFIP San Mart\u00edn 1:<\/strong> Camila Morales.<\/p>\n<p><strong>Trocha 3:<\/strong> Aranda 2 y Brites.<br \/>\n<strong>Palometas FC 1:<\/strong> Carmen Reynoso.<\/p>\n<p><strong>Los Carteros 0.<br \/>\nEstudiantes 0.<br \/>\n<\/strong><br \/>\nPabell\u00f3n \u00a02.<br \/>\nAtl\u00e9tico Marcos Paz 2.<\/p>\n<p><strong>Posiciones<br \/>\nZona A: <\/strong>\u00a01\u00b0 El Front\u00f3n Rojo 12 puntos, 2\u00b0 Trocha 9, 3\u00b0 Flandria 6, 4\u00b0 Pabell\u00f3n y V\u00e9lez 4, 6\u00b0 AMEFIP San Mart\u00edn 3 y 7\u00b0 Palometas 1 unidad.<\/p>\n<p><strong>Zona B:<\/strong> 1\u00b0 El Tim\u00f3n 10 puntos, 2\u00b0 El Front\u00f3n Azul, Los Carteros y \u00a0Defensores 6, 5\u00b0 Club Mercedes 4, 6\u00b0 Estudiantes 3, 7\u00b0 Atl\u00e9tico Marcos Paz 1 unidad.<\/p>\n<p><strong>Pr\u00f3xima fecha<\/strong><br \/>\nAMEFIP San Mart\u00edn vs. Trocha.<br \/>\nPabell\u00f3n Argentino vs. Flandria.<br \/>\nV\u00e9lez vs. El Front\u00f3n Rojo.<br \/>\nEstudiantes vs. Atl\u00e9tico Marcos Paz.<br \/>\nDefensores Juniors vs. El Front\u00f3n Azul.<br \/>\nEl Tim\u00f3n vs. Los Carteros.<br \/>\nPalometas FC vs. Club Mercedes.<\/p>\n<p><em>Ampliaremos con goleadoras<\/em><\/p>\n","protected":false},"excerpt":{"rendered":"<p>\u25a0 Ganaron sus encuentros para seguir liderando cada zona del f\u00fatbol femenino de Primera. Las de Giles volvieron a reeditar la pasada final ante Flandria. Trocha lo dio vuelta ante palometas para quedar como escolta. <\/p>\n","protected":false},"author":6,"featured_media":89098,"comment_status":"open","ping_status":"open","sticky":false,"template":"","format":"standard","meta":{"footnotes":""},"categories":[5],"tags":[751,3346,14177],"class_list":["post-89097","post","type-post","status-publish","format-standard","has-post-thumbnail","hentry","category-deportes","tag-futbol-femenino","tag-liga-mercedina-de-futbol","tag-primera-division"],"yoast_head":"<!-- This site is optimized with the Yoast SEO plugin v27.4 - https:\/\/yoast.com\/product\/yoast-seo-wordpress\/ -->\n<title>El Front\u00f3n Rojo y Tim\u00f3n a paso firme<\/title>\n<meta name=\"robots\" content=\"index, follow, max-snippet:-1, max-image-preview:large, max-video-preview:-1\" \/>\n<link rel=\"canonical\" href=\"https:\/\/noticiasmercedinas.com\/site\/2022\/04\/23\/el-fronton-rojo-y-timon-a-paso-firme\/\" \/>\n<meta property=\"og:locale\" content=\"es_ES\" \/>\n<meta property=\"og:type\" content=\"article\" \/>\n<meta property=\"og:title\" content=\"El Front\u00f3n Rojo y Tim\u00f3n a paso firme\" \/>\n<meta property=\"og:description\" content=\"\u25a0 Ganaron sus encuentros para seguir liderando cada zona del f\u00fatbol femenino de Primera. Las de Giles volvieron a reeditar la pasada final ante Flandria. Trocha lo dio vuelta ante palometas para quedar como escolta.\" \/>\n<meta property=\"og:url\" content=\"https:\/\/noticiasmercedinas.com\/site\/2022\/04\/23\/el-fronton-rojo-y-timon-a-paso-firme\/\" \/>\n<meta property=\"og:site_name\" content=\"NOTICIASMERCEDINAS.COM\" \/>\n<meta property=\"article:publisher\" content=\"https:\/\/www.facebook.com\/noticiasmercedinas\/\" \/>\n<meta property=\"article:published_time\" content=\"2022-04-24T00:47:14+00:00\" \/>\n<meta property=\"article:modified_time\" content=\"2022-04-24T00:55:02+00:00\" \/>\n<meta property=\"og:image\" content=\"https:\/\/noticiasmercedinas.com\/site\/wp-content\/uploads\/2022\/04\/3bba288b-d4de-46fb-aeee-fc1a3a1ac274.jpg\" \/>\n\t<meta property=\"og:image:width\" content=\"666\" \/>\n\t<meta property=\"og:image:height\" content=\"369\" \/>\n\t<meta property=\"og:image:type\" content=\"image\/jpeg\" \/>\n<meta name=\"author\" content=\"Juan Dagnino NOTICIASMERCEDINAS.COM\" \/>\n<meta name=\"twitter:card\" content=\"summary_large_image\" \/>\n<meta name=\"twitter:creator\" content=\"@notmercedinas\" \/>\n<meta name=\"twitter:site\" content=\"@notmercedinas\" \/>\n<meta name=\"twitter:label1\" content=\"Escrito por\" \/>\n\t<meta name=\"twitter:data1\" content=\"Juan Dagnino NOTICIASMERCEDINAS.COM\" \/>\n\t<meta name=\"twitter:label2\" content=\"Tiempo de lectura\" \/>\n\t<meta name=\"twitter:data2\" content=\"2 minutos\" \/>\n<script type=\"application\/ld+json\" class=\"yoast-schema-graph\">{\"@context\":\"https:\\\/\\\/schema.org\",\"@graph\":[{\"@type\":\"Article\",\"@id\":\"https:\\\/\\\/noticiasmercedinas.com\\\/site\\\/2022\\\/04\\\/23\\\/el-fronton-rojo-y-timon-a-paso-firme\\\/#article\",\"isPartOf\":{\"@id\":\"https:\\\/\\\/noticiasmercedinas.com\\\/site\\\/2022\\\/04\\\/23\\\/el-fronton-rojo-y-timon-a-paso-firme\\\/\"},\"author\":{\"name\":\"Juan Dagnino NOTICIASMERCEDINAS.COM\",\"@id\":\"https:\\\/\\\/noticiasmercedinas.com\\\/site\\\/#\\\/schema\\\/person\\\/8f2f09d666ef40986eba4a5e6f2a06f9\"},\"headline\":\"El Front\u00f3n Rojo y Tim\u00f3n a paso firme\",\"datePublished\":\"2022-04-24T00:47:14+00:00\",\"dateModified\":\"2022-04-24T00:55:02+00:00\",\"mainEntityOfPage\":{\"@id\":\"https:\\\/\\\/noticiasmercedinas.com\\\/site\\\/2022\\\/04\\\/23\\\/el-fronton-rojo-y-timon-a-paso-firme\\\/\"},\"wordCount\":358,\"commentCount\":0,\"publisher\":{\"@id\":\"https:\\\/\\\/noticiasmercedinas.com\\\/site\\\/#organization\"},\"image\":{\"@id\":\"https:\\\/\\\/noticiasmercedinas.com\\\/site\\\/2022\\\/04\\\/23\\\/el-fronton-rojo-y-timon-a-paso-firme\\\/#primaryimage\"},\"thumbnailUrl\":\"https:\\\/\\\/noticiasmercedinas.com\\\/site\\\/wp-content\\\/uploads\\\/2022\\\/04\\\/3bba288b-d4de-46fb-aeee-fc1a3a1ac274.jpg\",\"keywords\":[\"f\u00fatbol femenino\",\"Liga Mercedina de F\u00fatbol\",\"primera divisi\u00f3n\"],\"articleSection\":[\"Deportes\"],\"inLanguage\":\"es\",\"potentialAction\":[{\"@type\":\"CommentAction\",\"name\":\"Comment\",\"target\":[\"https:\\\/\\\/noticiasmercedinas.com\\\/site\\\/2022\\\/04\\\/23\\\/el-fronton-rojo-y-timon-a-paso-firme\\\/#respond\"]}]},{\"@type\":\"WebPage\",\"@id\":\"https:\\\/\\\/noticiasmercedinas.com\\\/site\\\/2022\\\/04\\\/23\\\/el-fronton-rojo-y-timon-a-paso-firme\\\/\",\"url\":\"https:\\\/\\\/noticiasmercedinas.com\\\/site\\\/2022\\\/04\\\/23\\\/el-fronton-rojo-y-timon-a-paso-firme\\\/\",\"name\":\"El Front\u00f3n Rojo y Tim\u00f3n a paso firme\",\"isPartOf\":{\"@id\":\"https:\\\/\\\/noticiasmercedinas.com\\\/site\\\/#website\"},\"primaryImageOfPage\":{\"@id\":\"https:\\\/\\\/noticiasmercedinas.com\\\/site\\\/2022\\\/04\\\/23\\\/el-fronton-rojo-y-timon-a-paso-firme\\\/#primaryimage\"},\"image\":{\"@id\":\"https:\\\/\\\/noticiasmercedinas.com\\\/site\\\/2022\\\/04\\\/23\\\/el-fronton-rojo-y-timon-a-paso-firme\\\/#primaryimage\"},\"thumbnailUrl\":\"https:\\\/\\\/noticiasmercedinas.com\\\/site\\\/wp-content\\\/uploads\\\/2022\\\/04\\\/3bba288b-d4de-46fb-aeee-fc1a3a1ac274.jpg\",\"datePublished\":\"2022-04-24T00:47:14+00:00\",\"dateModified\":\"2022-04-24T00:55:02+00:00\",\"breadcrumb\":{\"@id\":\"https:\\\/\\\/noticiasmercedinas.com\\\/site\\\/2022\\\/04\\\/23\\\/el-fronton-rojo-y-timon-a-paso-firme\\\/#breadcrumb\"},\"inLanguage\":\"es\",\"potentialAction\":[{\"@type\":\"ReadAction\",\"target\":[\"https:\\\/\\\/noticiasmercedinas.com\\\/site\\\/2022\\\/04\\\/23\\\/el-fronton-rojo-y-timon-a-paso-firme\\\/\"]}]},{\"@type\":\"ImageObject\",\"inLanguage\":\"es\",\"@id\":\"https:\\\/\\\/noticiasmercedinas.com\\\/site\\\/2022\\\/04\\\/23\\\/el-fronton-rojo-y-timon-a-paso-firme\\\/#primaryimage\",\"url\":\"https:\\\/\\\/noticiasmercedinas.com\\\/site\\\/wp-content\\\/uploads\\\/2022\\\/04\\\/3bba288b-d4de-46fb-aeee-fc1a3a1ac274.jpg\",\"contentUrl\":\"https:\\\/\\\/noticiasmercedinas.com\\\/site\\\/wp-content\\\/uploads\\\/2022\\\/04\\\/3bba288b-d4de-46fb-aeee-fc1a3a1ac274.jpg\",\"width\":666,\"height\":369},{\"@type\":\"BreadcrumbList\",\"@id\":\"https:\\\/\\\/noticiasmercedinas.com\\\/site\\\/2022\\\/04\\\/23\\\/el-fronton-rojo-y-timon-a-paso-firme\\\/#breadcrumb\",\"itemListElement\":[{\"@type\":\"ListItem\",\"position\":1,\"name\":\"Portada\",\"item\":\"https:\\\/\\\/noticiasmercedinas.com\\\/site\\\/\"},{\"@type\":\"ListItem\",\"position\":2,\"name\":\"El Front\u00f3n Rojo y Tim\u00f3n a paso firme\"}]},{\"@type\":\"WebSite\",\"@id\":\"https:\\\/\\\/noticiasmercedinas.com\\\/site\\\/#website\",\"url\":\"https:\\\/\\\/noticiasmercedinas.com\\\/site\\\/\",\"name\":\"NOTICIASMERCEDINAS.COM\",\"description\":\"Mercedes, Buenos Aires, Argentina\",\"publisher\":{\"@id\":\"https:\\\/\\\/noticiasmercedinas.com\\\/site\\\/#organization\"},\"potentialAction\":[{\"@type\":\"SearchAction\",\"target\":{\"@type\":\"EntryPoint\",\"urlTemplate\":\"https:\\\/\\\/noticiasmercedinas.com\\\/site\\\/?s={search_term_string}\"},\"query-input\":{\"@type\":\"PropertyValueSpecification\",\"valueRequired\":true,\"valueName\":\"search_term_string\"}}],\"inLanguage\":\"es\"},{\"@type\":\"Organization\",\"@id\":\"https:\\\/\\\/noticiasmercedinas.com\\\/site\\\/#organization\",\"name\":\"NOTICIASMERCEDINAS.COM\",\"url\":\"https:\\\/\\\/noticiasmercedinas.com\\\/site\\\/\",\"logo\":{\"@type\":\"ImageObject\",\"inLanguage\":\"es\",\"@id\":\"https:\\\/\\\/noticiasmercedinas.com\\\/site\\\/#\\\/schema\\\/logo\\\/image\\\/\",\"url\":\"https:\\\/\\\/noticiasmercedinas.com\\\/site\\\/wp-content\\\/uploads\\\/2020\\\/06\\\/LOGO-512.jpg\",\"contentUrl\":\"https:\\\/\\\/noticiasmercedinas.com\\\/site\\\/wp-content\\\/uploads\\\/2020\\\/06\\\/LOGO-512.jpg\",\"width\":512,\"height\":512,\"caption\":\"NOTICIASMERCEDINAS.COM\"},\"image\":{\"@id\":\"https:\\\/\\\/noticiasmercedinas.com\\\/site\\\/#\\\/schema\\\/logo\\\/image\\\/\"},\"sameAs\":[\"https:\\\/\\\/www.facebook.com\\\/noticiasmercedinas\\\/\",\"https:\\\/\\\/x.com\\\/notmercedinas\",\"https:\\\/\\\/www.instagram.com\\\/noticiasmercedinas\\\/\"]},{\"@type\":\"Person\",\"@id\":\"https:\\\/\\\/noticiasmercedinas.com\\\/site\\\/#\\\/schema\\\/person\\\/8f2f09d666ef40986eba4a5e6f2a06f9\",\"name\":\"Juan Dagnino NOTICIASMERCEDINAS.COM\",\"image\":{\"@type\":\"ImageObject\",\"inLanguage\":\"es\",\"@id\":\"https:\\\/\\\/secure.gravatar.com\\\/avatar\\\/fc7059a769f5a3cae65fadb228a3e4accf3a64b4b2305020d0a27e6d5333c91b?s=96&d=mm&r=g\",\"url\":\"https:\\\/\\\/secure.gravatar.com\\\/avatar\\\/fc7059a769f5a3cae65fadb228a3e4accf3a64b4b2305020d0a27e6d5333c91b?s=96&d=mm&r=g\",\"contentUrl\":\"https:\\\/\\\/secure.gravatar.com\\\/avatar\\\/fc7059a769f5a3cae65fadb228a3e4accf3a64b4b2305020d0a27e6d5333c91b?s=96&d=mm&r=g\",\"caption\":\"Juan Dagnino NOTICIASMERCEDINAS.COM\"},\"url\":\"https:\\\/\\\/noticiasmercedinas.com\\\/site\\\/author\\\/juandagnino\\\/\"}]}<\/script>\n<!-- \/ Yoast SEO plugin. -->","yoast_head_json":{"title":"El Front\u00f3n Rojo y Tim\u00f3n a paso firme","robots":{"index":"index","follow":"follow","max-snippet":"max-snippet:-1","max-image-preview":"max-image-preview:large","max-video-preview":"max-video-preview:-1"},"canonical":"https:\/\/noticiasmercedinas.com\/site\/2022\/04\/23\/el-fronton-rojo-y-timon-a-paso-firme\/","og_locale":"es_ES","og_type":"article","og_title":"El Front\u00f3n Rojo y Tim\u00f3n a paso firme","og_description":"\u25a0 Ganaron sus encuentros para seguir liderando cada zona del f\u00fatbol femenino de Primera. Las de Giles volvieron a reeditar la pasada final ante Flandria. Trocha lo dio vuelta ante palometas para quedar como escolta.","og_url":"https:\/\/noticiasmercedinas.com\/site\/2022\/04\/23\/el-fronton-rojo-y-timon-a-paso-firme\/","og_site_name":"NOTICIASMERCEDINAS.COM","article_publisher":"https:\/\/www.facebook.com\/noticiasmercedinas\/","article_published_time":"2022-04-24T00:47:14+00:00","article_modified_time":"2022-04-24T00:55:02+00:00","og_image":[{"width":666,"height":369,"url":"https:\/\/noticiasmercedinas.com\/site\/wp-content\/uploads\/2022\/04\/3bba288b-d4de-46fb-aeee-fc1a3a1ac274.jpg","type":"image\/jpeg"}],"author":"Juan Dagnino NOTICIASMERCEDINAS.COM","twitter_card":"summary_large_image","twitter_creator":"@notmercedinas","twitter_site":"@notmercedinas","twitter_misc":{"Escrito por":"Juan Dagnino NOTICIASMERCEDINAS.COM","Tiempo de lectura":"2 minutos"},"schema":{"@context":"https:\/\/schema.org","@graph":[{"@type":"Article","@id":"https:\/\/noticiasmercedinas.com\/site\/2022\/04\/23\/el-fronton-rojo-y-timon-a-paso-firme\/#article","isPartOf":{"@id":"https:\/\/noticiasmercedinas.com\/site\/2022\/04\/23\/el-fronton-rojo-y-timon-a-paso-firme\/"},"author":{"name":"Juan Dagnino NOTICIASMERCEDINAS.COM","@id":"https:\/\/noticiasmercedinas.com\/site\/#\/schema\/person\/8f2f09d666ef40986eba4a5e6f2a06f9"},"headline":"El Front\u00f3n Rojo y Tim\u00f3n a paso firme","datePublished":"2022-04-24T00:47:14+00:00","dateModified":"2022-04-24T00:55:02+00:00","mainEntityOfPage":{"@id":"https:\/\/noticiasmercedinas.com\/site\/2022\/04\/23\/el-fronton-rojo-y-timon-a-paso-firme\/"},"wordCount":358,"commentCount":0,"publisher":{"@id":"https:\/\/noticiasmercedinas.com\/site\/#organization"},"image":{"@id":"https:\/\/noticiasmercedinas.com\/site\/2022\/04\/23\/el-fronton-rojo-y-timon-a-paso-firme\/#primaryimage"},"thumbnailUrl":"https:\/\/noticiasmercedinas.com\/site\/wp-content\/uploads\/2022\/04\/3bba288b-d4de-46fb-aeee-fc1a3a1ac274.jpg","keywords":["f\u00fatbol femenino","Liga Mercedina de F\u00fatbol","primera divisi\u00f3n"],"articleSection":["Deportes"],"inLanguage":"es","potentialAction":[{"@type":"CommentAction","name":"Comment","target":["https:\/\/noticiasmercedinas.com\/site\/2022\/04\/23\/el-fronton-rojo-y-timon-a-paso-firme\/#respond"]}]},{"@type":"WebPage","@id":"https:\/\/noticiasmercedinas.com\/site\/2022\/04\/23\/el-fronton-rojo-y-timon-a-paso-firme\/","url":"https:\/\/noticiasmercedinas.com\/site\/2022\/04\/23\/el-fronton-rojo-y-timon-a-paso-firme\/","name":"El Front\u00f3n Rojo y Tim\u00f3n a paso firme","isPartOf":{"@id":"https:\/\/noticiasmercedinas.com\/site\/#website"},"primaryImageOfPage":{"@id":"https:\/\/noticiasmercedinas.com\/site\/2022\/04\/23\/el-fronton-rojo-y-timon-a-paso-firme\/#primaryimage"},"image":{"@id":"https:\/\/noticiasmercedinas.com\/site\/2022\/04\/23\/el-fronton-rojo-y-timon-a-paso-firme\/#primaryimage"},"thumbnailUrl":"https:\/\/noticiasmercedinas.com\/site\/wp-content\/uploads\/2022\/04\/3bba288b-d4de-46fb-aeee-fc1a3a1ac274.jpg","datePublished":"2022-04-24T00:47:14+00:00","dateModified":"2022-04-24T00:55:02+00:00","breadcrumb":{"@id":"https:\/\/noticiasmercedinas.com\/site\/2022\/04\/23\/el-fronton-rojo-y-timon-a-paso-firme\/#breadcrumb"},"inLanguage":"es","potentialAction":[{"@type":"ReadAction","target":["https:\/\/noticiasmercedinas.com\/site\/2022\/04\/23\/el-fronton-rojo-y-timon-a-paso-firme\/"]}]},{"@type":"ImageObject","inLanguage":"es","@id":"https:\/\/noticiasmercedinas.com\/site\/2022\/04\/23\/el-fronton-rojo-y-timon-a-paso-firme\/#primaryimage","url":"https:\/\/noticiasmercedinas.com\/site\/wp-content\/uploads\/2022\/04\/3bba288b-d4de-46fb-aeee-fc1a3a1ac274.jpg","contentUrl":"https:\/\/noticiasmercedinas.com\/site\/wp-content\/uploads\/2022\/04\/3bba288b-d4de-46fb-aeee-fc1a3a1ac274.jpg","width":666,"height":369},{"@type":"BreadcrumbList","@id":"https:\/\/noticiasmercedinas.com\/site\/2022\/04\/23\/el-fronton-rojo-y-timon-a-paso-firme\/#breadcrumb","itemListElement":[{"@type":"ListItem","position":1,"name":"Portada","item":"https:\/\/noticiasmercedinas.com\/site\/"},{"@type":"ListItem","position":2,"name":"El Front\u00f3n Rojo y Tim\u00f3n a paso firme"}]},{"@type":"WebSite","@id":"https:\/\/noticiasmercedinas.com\/site\/#website","url":"https:\/\/noticiasmercedinas.com\/site\/","name":"NOTICIASMERCEDINAS.COM","description":"Mercedes, Buenos Aires, Argentina","publisher":{"@id":"https:\/\/noticiasmercedinas.com\/site\/#organization"},"potentialAction":[{"@type":"SearchAction","target":{"@type":"EntryPoint","urlTemplate":"https:\/\/noticiasmercedinas.com\/site\/?s={search_term_string}"},"query-input":{"@type":"PropertyValueSpecification","valueRequired":true,"valueName":"search_term_string"}}],"inLanguage":"es"},{"@type":"Organization","@id":"https:\/\/noticiasmercedinas.com\/site\/#organization","name":"NOTICIASMERCEDINAS.COM","url":"https:\/\/noticiasmercedinas.com\/site\/","logo":{"@type":"ImageObject","inLanguage":"es","@id":"https:\/\/noticiasmercedinas.com\/site\/#\/schema\/logo\/image\/","url":"https:\/\/noticiasmercedinas.com\/site\/wp-content\/uploads\/2020\/06\/LOGO-512.jpg","contentUrl":"https:\/\/noticiasmercedinas.com\/site\/wp-content\/uploads\/2020\/06\/LOGO-512.jpg","width":512,"height":512,"caption":"NOTICIASMERCEDINAS.COM"},"image":{"@id":"https:\/\/noticiasmercedinas.com\/site\/#\/schema\/logo\/image\/"},"sameAs":["https:\/\/www.facebook.com\/noticiasmercedinas\/","https:\/\/x.com\/notmercedinas","https:\/\/www.instagram.com\/noticiasmercedinas\/"]},{"@type":"Person","@id":"https:\/\/noticiasmercedinas.com\/site\/#\/schema\/person\/8f2f09d666ef40986eba4a5e6f2a06f9","name":"Juan Dagnino NOTICIASMERCEDINAS.COM","image":{"@type":"ImageObject","inLanguage":"es","@id":"https:\/\/secure.gravatar.com\/avatar\/fc7059a769f5a3cae65fadb228a3e4accf3a64b4b2305020d0a27e6d5333c91b?s=96&d=mm&r=g","url":"https:\/\/secure.gravatar.com\/avatar\/fc7059a769f5a3cae65fadb228a3e4accf3a64b4b2305020d0a27e6d5333c91b?s=96&d=mm&r=g","contentUrl":"https:\/\/secure.gravatar.com\/avatar\/fc7059a769f5a3cae65fadb228a3e4accf3a64b4b2305020d0a27e6d5333c91b?s=96&d=mm&r=g","caption":"Juan Dagnino NOTICIASMERCEDINAS.COM"},"url":"https:\/\/noticiasmercedinas.com\/site\/author\/juandagnino\/"}]}},"amp_enabled":true,"_links":{"self":[{"href":"https:\/\/noticiasmercedinas.com\/site\/wp-json\/wp\/v2\/posts\/89097","targetHints":{"allow":["GET"]}}],"collection":[{"href":"https:\/\/noticiasmercedinas.com\/site\/wp-json\/wp\/v2\/posts"}],"about":[{"href":"https:\/\/noticiasmercedinas.com\/site\/wp-json\/wp\/v2\/types\/post"}],"author":[{"embeddable":true,"href":"https:\/\/noticiasmercedinas.com\/site\/wp-json\/wp\/v2\/users\/6"}],"replies":[{"embeddable":true,"href":"https:\/\/noticiasmercedinas.com\/site\/wp-json\/wp\/v2\/comments?post=89097"}],"version-history":[{"count":3,"href":"https:\/\/noticiasmercedinas.com\/site\/wp-json\/wp\/v2\/posts\/89097\/revisions"}],"predecessor-version":[{"id":89101,"href":"https:\/\/noticiasmercedinas.com\/site\/wp-json\/wp\/v2\/posts\/89097\/revisions\/89101"}],"wp:featuredmedia":[{"embeddable":true,"href":"https:\/\/noticiasmercedinas.com\/site\/wp-json\/wp\/v2\/media\/89098"}],"wp:attachment":[{"href":"https:\/\/noticiasmercedinas.com\/site\/wp-json\/wp\/v2\/media?parent=89097"}],"wp:term":[{"taxonomy":"category","embeddable":true,"href":"https:\/\/noticiasmercedinas.com\/site\/wp-json\/wp\/v2\/categories?post=89097"},{"taxonomy":"post_tag","embeddable":true,"href":"https:\/\/noticiasmercedinas.com\/site\/wp-json\/wp\/v2\/tags?post=89097"}],"curies":[{"name":"wp","href":"https:\/\/api.w.org\/{rel}","templated":true}]}}