{"id":89218,"date":"2022-04-25T15:08:04","date_gmt":"2022-04-25T18:08:04","guid":{"rendered":"https:\/\/noticiasmercedinas.com\/site\/?p=89218"},"modified":"2022-04-25T15:45:03","modified_gmt":"2022-04-25T18:45:03","slug":"licitan-obra-de-instalacion-electrica-total-de-colegio-nacional","status":"publish","type":"post","link":"https:\/\/noticiasmercedinas.com\/site\/2022\/04\/25\/licitan-obra-de-instalacion-electrica-total-de-colegio-nacional\/","title":{"rendered":"Licitan obra de instalaci\u00f3n el\u00e9ctrica total de Colegio Nacional"},"content":{"rendered":"<p><img loading=\"lazy\" decoding=\"async\" class=\"alignnone wp-image-89217 size-full\" src=\"https:\/\/noticiasmercedinas.com\/site\/wp-content\/uploads\/2022\/04\/img-20220425-wa0022-761342008.jpg\" width=\"922\" height=\"615\" srcset=\"https:\/\/noticiasmercedinas.com\/site\/wp-content\/uploads\/2022\/04\/img-20220425-wa0022-761342008.jpg 922w, https:\/\/noticiasmercedinas.com\/site\/wp-content\/uploads\/2022\/04\/img-20220425-wa0022-761342008-300x200.jpg 300w, https:\/\/noticiasmercedinas.com\/site\/wp-content\/uploads\/2022\/04\/img-20220425-wa0022-761342008-768x512.jpg 768w, https:\/\/noticiasmercedinas.com\/site\/wp-content\/uploads\/2022\/04\/img-20220425-wa0022-761342008-640x427.jpg 640w, https:\/\/noticiasmercedinas.com\/site\/wp-content\/uploads\/2022\/04\/img-20220425-wa0022-761342008-681x454.jpg 681w\" sizes=\"auto, (max-width: 922px) 100vw, 922px\" \/><\/p>\n<p>Desde la secretar\u00eda de Obras P\u00fablicas de la Municipalidad se llev\u00f3 adelante la licitaci\u00f3n de la obra para la renovaci\u00f3n total de la instalaci\u00f3n el\u00e9ctrica de la escuela secundaria n\u00famero 3 ex colegio Nacional.<\/p>\n<p>\u00abEs una obra de enorme importancia y envergadura\u00bb, destac\u00f3 Jos\u00e9 Luis Pisano, presidente del Consejo Escolar.<\/p>\n<p>La intervenci\u00f3n est\u00e1 presupuestada en 26.000.000 de pesos y forma parte del convenio que tiene la Municipalidad de Mercedes con el gobierno provincial y la Direcci\u00f3n General de Cultura y Educaci\u00f3n mediante el cual el gobierno provincial remite los fondos al municipio para que est\u00e9 realice todo el proceso de licitaci\u00f3n, contrataci\u00f3n, puesta en marcha, control y pago de toda la obra.<\/p>\n<p>Este convenio firmado en el 2020 tiene como objetivos agilizar los tr\u00e1mites para llevar adelante obras que superan los 20.000.000 de pesos que hist\u00f3ricamente solicitaban la sede provincial y que demoran demasiado tiempo en el proceso licitatorio.<\/p>\n<p>Con la participaci\u00f3n de consejeros escolares el equipo de infraestructura escolar de la municipalidad y representante de la direcci\u00f3n provincial de infraestructura escolar se abrieron las propuestas con la participaci\u00f3n de 3 empresas.<\/p>\n<p>Ahora se inicia el proceso de evaluaci\u00f3n y aspectos jur\u00eddicos y de transparencia, teniendo en cuenta tambi\u00e9n el contexto socio econ\u00f3mico y viabilidad del proyecto, pero como aspecto positivo es que la licitaci\u00f3n se pudo realizar y se dio el paso fundamental. Hay un tiempo previsto por las legislaciones vigente y as\u00ed poder realizar la obra como corresponde y se desea.<\/p>\n<p>\u201cCon mucha alegr\u00eda llegamos a esta fecha porque es una obra qu\u00e9 fue reclamada durante a\u00f1os y que durante esta gesti\u00f3n logramos desarrollar la obra y estamos pronto a ponerla en pr\u00e1ctica. La instalaci\u00f3n de la escuela es muy antigua y generalmente en los momentos de utilidad y de mayor consumo suelen producirse cortes por la fuerte demanda y por la inestabilidad de los cables que existen. Esta obra nos va a permitir no s\u00f3lo fortalecer la seguridad es una de nuestras prioridades sino tambi\u00e9n garantizar una continuidad en el desarrollo de jornada de clases\u201d cont\u00f3 Jos\u00e9 Lu\u00eds Pisano, presidente del Consejo Escolar.<\/p>\n<p>\u201cAgradecemos al gobierno provincial el permanente acompa\u00f1amiento para el desarrollo de este tipo de obras llevando adelante una inversi\u00f3n hist\u00f3rica en infraestructura desde el 2020 a la fecha y ya nos estamos preparando para el desarrollo de nuevas licitaciones y m\u00e1s obras para nuestras escuelas\u201d, sostuvo.<\/p>\n","protected":false},"excerpt":{"rendered":"<p>\u25a0 La intervenci\u00f3n est\u00e1 presupuestada en 26.000.000 de pesos y forma parte del convenio que tiene la Municipalidad de Mercedes con el gobierno provincial y la Direcci\u00f3n General de Cultura y Educaci\u00f3n<\/p>\n","protected":false},"author":16,"featured_media":89217,"comment_status":"open","ping_status":"open","sticky":false,"template":"","format":"standard","meta":{"footnotes":""},"categories":[3],"tags":[267,1250],"class_list":["post-89218","post","type-post","status-publish","format-standard","has-post-thumbnail","hentry","category-sociedad","tag-consejo-escolar","tag-nacional"],"yoast_head":"<!-- This site is optimized with the Yoast SEO plugin v27.5 - https:\/\/yoast.com\/product\/yoast-seo-wordpress\/ -->\n<title>Licitan obra de instalaci\u00f3n el\u00e9ctrica total de Colegio Nacional<\/title>\n<meta name=\"robots\" content=\"index, follow, max-snippet:-1, max-image-preview:large, max-video-preview:-1\" \/>\n<link rel=\"canonical\" href=\"https:\/\/noticiasmercedinas.com\/site\/2022\/04\/25\/licitan-obra-de-instalacion-electrica-total-de-colegio-nacional\/\" \/>\n<meta property=\"og:locale\" content=\"es_ES\" \/>\n<meta property=\"og:type\" content=\"article\" \/>\n<meta property=\"og:title\" content=\"Licitan obra de instalaci\u00f3n el\u00e9ctrica total de Colegio Nacional\" \/>\n<meta property=\"og:description\" content=\"\u25a0 La intervenci\u00f3n est\u00e1 presupuestada en 26.000.000 de pesos y forma parte del convenio que tiene la Municipalidad de Mercedes con el gobierno provincial y la Direcci\u00f3n General de Cultura y Educaci\u00f3n\" \/>\n<meta property=\"og:url\" content=\"https:\/\/noticiasmercedinas.com\/site\/2022\/04\/25\/licitan-obra-de-instalacion-electrica-total-de-colegio-nacional\/\" \/>\n<meta property=\"og:site_name\" content=\"NOTICIASMERCEDINAS.COM\" \/>\n<meta property=\"article:publisher\" content=\"https:\/\/www.facebook.com\/noticiasmercedinas\/\" \/>\n<meta property=\"article:published_time\" content=\"2022-04-25T18:08:04+00:00\" \/>\n<meta property=\"article:modified_time\" content=\"2022-04-25T18:45:03+00:00\" \/>\n<meta property=\"og:image\" content=\"https:\/\/noticiasmercedinas.com\/site\/wp-content\/uploads\/2022\/04\/img-20220425-wa0022-761342008.jpg\" \/>\n\t<meta property=\"og:image:width\" content=\"922\" \/>\n\t<meta property=\"og:image:height\" content=\"615\" \/>\n\t<meta property=\"og:image:type\" content=\"image\/jpeg\" \/>\n<meta name=\"author\" content=\"NOTICIASMERCEDINAS.COM\" \/>\n<meta name=\"twitter:card\" content=\"summary_large_image\" \/>\n<meta name=\"twitter:creator\" content=\"@notmercedinas\" \/>\n<meta name=\"twitter:site\" content=\"@notmercedinas\" \/>\n<meta name=\"twitter:label1\" content=\"Escrito por\" \/>\n\t<meta name=\"twitter:data1\" content=\"NOTICIASMERCEDINAS.COM\" \/>\n\t<meta name=\"twitter:label2\" content=\"Tiempo de lectura\" \/>\n\t<meta name=\"twitter:data2\" content=\"2 minutos\" \/>\n<script type=\"application\/ld+json\" class=\"yoast-schema-graph\">{\"@context\":\"https:\\\/\\\/schema.org\",\"@graph\":[{\"@type\":\"Article\",\"@id\":\"https:\\\/\\\/noticiasmercedinas.com\\\/site\\\/2022\\\/04\\\/25\\\/licitan-obra-de-instalacion-electrica-total-de-colegio-nacional\\\/#article\",\"isPartOf\":{\"@id\":\"https:\\\/\\\/noticiasmercedinas.com\\\/site\\\/2022\\\/04\\\/25\\\/licitan-obra-de-instalacion-electrica-total-de-colegio-nacional\\\/\"},\"author\":{\"name\":\"NOTICIASMERCEDINAS.COM\",\"@id\":\"https:\\\/\\\/noticiasmercedinas.com\\\/site\\\/#\\\/schema\\\/person\\\/84b59c099c28ff2e8b77d4ceec5d8063\"},\"headline\":\"Licitan obra de instalaci\u00f3n el\u00e9ctrica total de Colegio Nacional\",\"datePublished\":\"2022-04-25T18:08:04+00:00\",\"dateModified\":\"2022-04-25T18:45:03+00:00\",\"mainEntityOfPage\":{\"@id\":\"https:\\\/\\\/noticiasmercedinas.com\\\/site\\\/2022\\\/04\\\/25\\\/licitan-obra-de-instalacion-electrica-total-de-colegio-nacional\\\/\"},\"wordCount\":431,\"commentCount\":0,\"publisher\":{\"@id\":\"https:\\\/\\\/noticiasmercedinas.com\\\/site\\\/#organization\"},\"image\":{\"@id\":\"https:\\\/\\\/noticiasmercedinas.com\\\/site\\\/2022\\\/04\\\/25\\\/licitan-obra-de-instalacion-electrica-total-de-colegio-nacional\\\/#primaryimage\"},\"thumbnailUrl\":\"https:\\\/\\\/noticiasmercedinas.com\\\/site\\\/wp-content\\\/uploads\\\/2022\\\/04\\\/img-20220425-wa0022-761342008.jpg\",\"keywords\":[\"consejo escolar\",\"nacional\"],\"articleSection\":[\"Sociedad\"],\"inLanguage\":\"es\",\"potentialAction\":[{\"@type\":\"CommentAction\",\"name\":\"Comment\",\"target\":[\"https:\\\/\\\/noticiasmercedinas.com\\\/site\\\/2022\\\/04\\\/25\\\/licitan-obra-de-instalacion-electrica-total-de-colegio-nacional\\\/#respond\"]}]},{\"@type\":\"WebPage\",\"@id\":\"https:\\\/\\\/noticiasmercedinas.com\\\/site\\\/2022\\\/04\\\/25\\\/licitan-obra-de-instalacion-electrica-total-de-colegio-nacional\\\/\",\"url\":\"https:\\\/\\\/noticiasmercedinas.com\\\/site\\\/2022\\\/04\\\/25\\\/licitan-obra-de-instalacion-electrica-total-de-colegio-nacional\\\/\",\"name\":\"Licitan obra de instalaci\u00f3n el\u00e9ctrica total de Colegio Nacional\",\"isPartOf\":{\"@id\":\"https:\\\/\\\/noticiasmercedinas.com\\\/site\\\/#website\"},\"primaryImageOfPage\":{\"@id\":\"https:\\\/\\\/noticiasmercedinas.com\\\/site\\\/2022\\\/04\\\/25\\\/licitan-obra-de-instalacion-electrica-total-de-colegio-nacional\\\/#primaryimage\"},\"image\":{\"@id\":\"https:\\\/\\\/noticiasmercedinas.com\\\/site\\\/2022\\\/04\\\/25\\\/licitan-obra-de-instalacion-electrica-total-de-colegio-nacional\\\/#primaryimage\"},\"thumbnailUrl\":\"https:\\\/\\\/noticiasmercedinas.com\\\/site\\\/wp-content\\\/uploads\\\/2022\\\/04\\\/img-20220425-wa0022-761342008.jpg\",\"datePublished\":\"2022-04-25T18:08:04+00:00\",\"dateModified\":\"2022-04-25T18:45:03+00:00\",\"breadcrumb\":{\"@id\":\"https:\\\/\\\/noticiasmercedinas.com\\\/site\\\/2022\\\/04\\\/25\\\/licitan-obra-de-instalacion-electrica-total-de-colegio-nacional\\\/#breadcrumb\"},\"inLanguage\":\"es\",\"potentialAction\":[{\"@type\":\"ReadAction\",\"target\":[\"https:\\\/\\\/noticiasmercedinas.com\\\/site\\\/2022\\\/04\\\/25\\\/licitan-obra-de-instalacion-electrica-total-de-colegio-nacional\\\/\"]}]},{\"@type\":\"ImageObject\",\"inLanguage\":\"es\",\"@id\":\"https:\\\/\\\/noticiasmercedinas.com\\\/site\\\/2022\\\/04\\\/25\\\/licitan-obra-de-instalacion-electrica-total-de-colegio-nacional\\\/#primaryimage\",\"url\":\"https:\\\/\\\/noticiasmercedinas.com\\\/site\\\/wp-content\\\/uploads\\\/2022\\\/04\\\/img-20220425-wa0022-761342008.jpg\",\"contentUrl\":\"https:\\\/\\\/noticiasmercedinas.com\\\/site\\\/wp-content\\\/uploads\\\/2022\\\/04\\\/img-20220425-wa0022-761342008.jpg\",\"width\":922,\"height\":615},{\"@type\":\"BreadcrumbList\",\"@id\":\"https:\\\/\\\/noticiasmercedinas.com\\\/site\\\/2022\\\/04\\\/25\\\/licitan-obra-de-instalacion-electrica-total-de-colegio-nacional\\\/#breadcrumb\",\"itemListElement\":[{\"@type\":\"ListItem\",\"position\":1,\"name\":\"Portada\",\"item\":\"https:\\\/\\\/noticiasmercedinas.com\\\/site\\\/\"},{\"@type\":\"ListItem\",\"position\":2,\"name\":\"Licitan obra de instalaci\u00f3n el\u00e9ctrica total de Colegio Nacional\"}]},{\"@type\":\"WebSite\",\"@id\":\"https:\\\/\\\/noticiasmercedinas.com\\\/site\\\/#website\",\"url\":\"https:\\\/\\\/noticiasmercedinas.com\\\/site\\\/\",\"name\":\"NOTICIASMERCEDINAS.COM\",\"description\":\"Mercedes, Buenos Aires, Argentina\",\"publisher\":{\"@id\":\"https:\\\/\\\/noticiasmercedinas.com\\\/site\\\/#organization\"},\"potentialAction\":[{\"@type\":\"SearchAction\",\"target\":{\"@type\":\"EntryPoint\",\"urlTemplate\":\"https:\\\/\\\/noticiasmercedinas.com\\\/site\\\/?s={search_term_string}\"},\"query-input\":{\"@type\":\"PropertyValueSpecification\",\"valueRequired\":true,\"valueName\":\"search_term_string\"}}],\"inLanguage\":\"es\"},{\"@type\":\"Organization\",\"@id\":\"https:\\\/\\\/noticiasmercedinas.com\\\/site\\\/#organization\",\"name\":\"NOTICIASMERCEDINAS.COM\",\"url\":\"https:\\\/\\\/noticiasmercedinas.com\\\/site\\\/\",\"logo\":{\"@type\":\"ImageObject\",\"inLanguage\":\"es\",\"@id\":\"https:\\\/\\\/noticiasmercedinas.com\\\/site\\\/#\\\/schema\\\/logo\\\/image\\\/\",\"url\":\"https:\\\/\\\/noticiasmercedinas.com\\\/site\\\/wp-content\\\/uploads\\\/2020\\\/06\\\/LOGO-512.jpg\",\"contentUrl\":\"https:\\\/\\\/noticiasmercedinas.com\\\/site\\\/wp-content\\\/uploads\\\/2020\\\/06\\\/LOGO-512.jpg\",\"width\":512,\"height\":512,\"caption\":\"NOTICIASMERCEDINAS.COM\"},\"image\":{\"@id\":\"https:\\\/\\\/noticiasmercedinas.com\\\/site\\\/#\\\/schema\\\/logo\\\/image\\\/\"},\"sameAs\":[\"https:\\\/\\\/www.facebook.com\\\/noticiasmercedinas\\\/\",\"https:\\\/\\\/x.com\\\/notmercedinas\",\"https:\\\/\\\/www.instagram.com\\\/noticiasmercedinas\\\/\"]},{\"@type\":\"Person\",\"@id\":\"https:\\\/\\\/noticiasmercedinas.com\\\/site\\\/#\\\/schema\\\/person\\\/84b59c099c28ff2e8b77d4ceec5d8063\",\"name\":\"NOTICIASMERCEDINAS.COM\",\"image\":{\"@type\":\"ImageObject\",\"inLanguage\":\"es\",\"@id\":\"https:\\\/\\\/secure.gravatar.com\\\/avatar\\\/4dfbf16b4d17945bfb6341b2d19043457132fcf478a5ee04f42e959fd8f5df0a?s=96&d=mm&r=g\",\"url\":\"https:\\\/\\\/secure.gravatar.com\\\/avatar\\\/4dfbf16b4d17945bfb6341b2d19043457132fcf478a5ee04f42e959fd8f5df0a?s=96&d=mm&r=g\",\"contentUrl\":\"https:\\\/\\\/secure.gravatar.com\\\/avatar\\\/4dfbf16b4d17945bfb6341b2d19043457132fcf478a5ee04f42e959fd8f5df0a?s=96&d=mm&r=g\",\"caption\":\"NOTICIASMERCEDINAS.COM\"},\"url\":\"https:\\\/\\\/noticiasmercedinas.com\\\/site\\\/author\\\/anonimo\\\/\"}]}<\/script>\n<!-- \/ Yoast SEO plugin. -->","yoast_head_json":{"title":"Licitan obra de instalaci\u00f3n el\u00e9ctrica total de Colegio Nacional","robots":{"index":"index","follow":"follow","max-snippet":"max-snippet:-1","max-image-preview":"max-image-preview:large","max-video-preview":"max-video-preview:-1"},"canonical":"https:\/\/noticiasmercedinas.com\/site\/2022\/04\/25\/licitan-obra-de-instalacion-electrica-total-de-colegio-nacional\/","og_locale":"es_ES","og_type":"article","og_title":"Licitan obra de instalaci\u00f3n el\u00e9ctrica total de Colegio Nacional","og_description":"\u25a0 La intervenci\u00f3n est\u00e1 presupuestada en 26.000.000 de pesos y forma parte del convenio que tiene la Municipalidad de Mercedes con el gobierno provincial y la Direcci\u00f3n General de Cultura y Educaci\u00f3n","og_url":"https:\/\/noticiasmercedinas.com\/site\/2022\/04\/25\/licitan-obra-de-instalacion-electrica-total-de-colegio-nacional\/","og_site_name":"NOTICIASMERCEDINAS.COM","article_publisher":"https:\/\/www.facebook.com\/noticiasmercedinas\/","article_published_time":"2022-04-25T18:08:04+00:00","article_modified_time":"2022-04-25T18:45:03+00:00","og_image":[{"width":922,"height":615,"url":"https:\/\/noticiasmercedinas.com\/site\/wp-content\/uploads\/2022\/04\/img-20220425-wa0022-761342008.jpg","type":"image\/jpeg"}],"author":"NOTICIASMERCEDINAS.COM","twitter_card":"summary_large_image","twitter_creator":"@notmercedinas","twitter_site":"@notmercedinas","twitter_misc":{"Escrito por":"NOTICIASMERCEDINAS.COM","Tiempo de lectura":"2 minutos"},"schema":{"@context":"https:\/\/schema.org","@graph":[{"@type":"Article","@id":"https:\/\/noticiasmercedinas.com\/site\/2022\/04\/25\/licitan-obra-de-instalacion-electrica-total-de-colegio-nacional\/#article","isPartOf":{"@id":"https:\/\/noticiasmercedinas.com\/site\/2022\/04\/25\/licitan-obra-de-instalacion-electrica-total-de-colegio-nacional\/"},"author":{"name":"NOTICIASMERCEDINAS.COM","@id":"https:\/\/noticiasmercedinas.com\/site\/#\/schema\/person\/84b59c099c28ff2e8b77d4ceec5d8063"},"headline":"Licitan obra de instalaci\u00f3n el\u00e9ctrica total de Colegio Nacional","datePublished":"2022-04-25T18:08:04+00:00","dateModified":"2022-04-25T18:45:03+00:00","mainEntityOfPage":{"@id":"https:\/\/noticiasmercedinas.com\/site\/2022\/04\/25\/licitan-obra-de-instalacion-electrica-total-de-colegio-nacional\/"},"wordCount":431,"commentCount":0,"publisher":{"@id":"https:\/\/noticiasmercedinas.com\/site\/#organization"},"image":{"@id":"https:\/\/noticiasmercedinas.com\/site\/2022\/04\/25\/licitan-obra-de-instalacion-electrica-total-de-colegio-nacional\/#primaryimage"},"thumbnailUrl":"https:\/\/noticiasmercedinas.com\/site\/wp-content\/uploads\/2022\/04\/img-20220425-wa0022-761342008.jpg","keywords":["consejo escolar","nacional"],"articleSection":["Sociedad"],"inLanguage":"es","potentialAction":[{"@type":"CommentAction","name":"Comment","target":["https:\/\/noticiasmercedinas.com\/site\/2022\/04\/25\/licitan-obra-de-instalacion-electrica-total-de-colegio-nacional\/#respond"]}]},{"@type":"WebPage","@id":"https:\/\/noticiasmercedinas.com\/site\/2022\/04\/25\/licitan-obra-de-instalacion-electrica-total-de-colegio-nacional\/","url":"https:\/\/noticiasmercedinas.com\/site\/2022\/04\/25\/licitan-obra-de-instalacion-electrica-total-de-colegio-nacional\/","name":"Licitan obra de instalaci\u00f3n el\u00e9ctrica total de Colegio Nacional","isPartOf":{"@id":"https:\/\/noticiasmercedinas.com\/site\/#website"},"primaryImageOfPage":{"@id":"https:\/\/noticiasmercedinas.com\/site\/2022\/04\/25\/licitan-obra-de-instalacion-electrica-total-de-colegio-nacional\/#primaryimage"},"image":{"@id":"https:\/\/noticiasmercedinas.com\/site\/2022\/04\/25\/licitan-obra-de-instalacion-electrica-total-de-colegio-nacional\/#primaryimage"},"thumbnailUrl":"https:\/\/noticiasmercedinas.com\/site\/wp-content\/uploads\/2022\/04\/img-20220425-wa0022-761342008.jpg","datePublished":"2022-04-25T18:08:04+00:00","dateModified":"2022-04-25T18:45:03+00:00","breadcrumb":{"@id":"https:\/\/noticiasmercedinas.com\/site\/2022\/04\/25\/licitan-obra-de-instalacion-electrica-total-de-colegio-nacional\/#breadcrumb"},"inLanguage":"es","potentialAction":[{"@type":"ReadAction","target":["https:\/\/noticiasmercedinas.com\/site\/2022\/04\/25\/licitan-obra-de-instalacion-electrica-total-de-colegio-nacional\/"]}]},{"@type":"ImageObject","inLanguage":"es","@id":"https:\/\/noticiasmercedinas.com\/site\/2022\/04\/25\/licitan-obra-de-instalacion-electrica-total-de-colegio-nacional\/#primaryimage","url":"https:\/\/noticiasmercedinas.com\/site\/wp-content\/uploads\/2022\/04\/img-20220425-wa0022-761342008.jpg","contentUrl":"https:\/\/noticiasmercedinas.com\/site\/wp-content\/uploads\/2022\/04\/img-20220425-wa0022-761342008.jpg","width":922,"height":615},{"@type":"BreadcrumbList","@id":"https:\/\/noticiasmercedinas.com\/site\/2022\/04\/25\/licitan-obra-de-instalacion-electrica-total-de-colegio-nacional\/#breadcrumb","itemListElement":[{"@type":"ListItem","position":1,"name":"Portada","item":"https:\/\/noticiasmercedinas.com\/site\/"},{"@type":"ListItem","position":2,"name":"Licitan obra de instalaci\u00f3n el\u00e9ctrica total de Colegio Nacional"}]},{"@type":"WebSite","@id":"https:\/\/noticiasmercedinas.com\/site\/#website","url":"https:\/\/noticiasmercedinas.com\/site\/","name":"NOTICIASMERCEDINAS.COM","description":"Mercedes, Buenos Aires, Argentina","publisher":{"@id":"https:\/\/noticiasmercedinas.com\/site\/#organization"},"potentialAction":[{"@type":"SearchAction","target":{"@type":"EntryPoint","urlTemplate":"https:\/\/noticiasmercedinas.com\/site\/?s={search_term_string}"},"query-input":{"@type":"PropertyValueSpecification","valueRequired":true,"valueName":"search_term_string"}}],"inLanguage":"es"},{"@type":"Organization","@id":"https:\/\/noticiasmercedinas.com\/site\/#organization","name":"NOTICIASMERCEDINAS.COM","url":"https:\/\/noticiasmercedinas.com\/site\/","logo":{"@type":"ImageObject","inLanguage":"es","@id":"https:\/\/noticiasmercedinas.com\/site\/#\/schema\/logo\/image\/","url":"https:\/\/noticiasmercedinas.com\/site\/wp-content\/uploads\/2020\/06\/LOGO-512.jpg","contentUrl":"https:\/\/noticiasmercedinas.com\/site\/wp-content\/uploads\/2020\/06\/LOGO-512.jpg","width":512,"height":512,"caption":"NOTICIASMERCEDINAS.COM"},"image":{"@id":"https:\/\/noticiasmercedinas.com\/site\/#\/schema\/logo\/image\/"},"sameAs":["https:\/\/www.facebook.com\/noticiasmercedinas\/","https:\/\/x.com\/notmercedinas","https:\/\/www.instagram.com\/noticiasmercedinas\/"]},{"@type":"Person","@id":"https:\/\/noticiasmercedinas.com\/site\/#\/schema\/person\/84b59c099c28ff2e8b77d4ceec5d8063","name":"NOTICIASMERCEDINAS.COM","image":{"@type":"ImageObject","inLanguage":"es","@id":"https:\/\/secure.gravatar.com\/avatar\/4dfbf16b4d17945bfb6341b2d19043457132fcf478a5ee04f42e959fd8f5df0a?s=96&d=mm&r=g","url":"https:\/\/secure.gravatar.com\/avatar\/4dfbf16b4d17945bfb6341b2d19043457132fcf478a5ee04f42e959fd8f5df0a?s=96&d=mm&r=g","contentUrl":"https:\/\/secure.gravatar.com\/avatar\/4dfbf16b4d17945bfb6341b2d19043457132fcf478a5ee04f42e959fd8f5df0a?s=96&d=mm&r=g","caption":"NOTICIASMERCEDINAS.COM"},"url":"https:\/\/noticiasmercedinas.com\/site\/author\/anonimo\/"}]}},"amp_enabled":true,"_links":{"self":[{"href":"https:\/\/noticiasmercedinas.com\/site\/wp-json\/wp\/v2\/posts\/89218","targetHints":{"allow":["GET"]}}],"collection":[{"href":"https:\/\/noticiasmercedinas.com\/site\/wp-json\/wp\/v2\/posts"}],"about":[{"href":"https:\/\/noticiasmercedinas.com\/site\/wp-json\/wp\/v2\/types\/post"}],"author":[{"embeddable":true,"href":"https:\/\/noticiasmercedinas.com\/site\/wp-json\/wp\/v2\/users\/16"}],"replies":[{"embeddable":true,"href":"https:\/\/noticiasmercedinas.com\/site\/wp-json\/wp\/v2\/comments?post=89218"}],"version-history":[{"count":1,"href":"https:\/\/noticiasmercedinas.com\/site\/wp-json\/wp\/v2\/posts\/89218\/revisions"}],"predecessor-version":[{"id":89219,"href":"https:\/\/noticiasmercedinas.com\/site\/wp-json\/wp\/v2\/posts\/89218\/revisions\/89219"}],"wp:featuredmedia":[{"embeddable":true,"href":"https:\/\/noticiasmercedinas.com\/site\/wp-json\/wp\/v2\/media\/89217"}],"wp:attachment":[{"href":"https:\/\/noticiasmercedinas.com\/site\/wp-json\/wp\/v2\/media?parent=89218"}],"wp:term":[{"taxonomy":"category","embeddable":true,"href":"https:\/\/noticiasmercedinas.com\/site\/wp-json\/wp\/v2\/categories?post=89218"},{"taxonomy":"post_tag","embeddable":true,"href":"https:\/\/noticiasmercedinas.com\/site\/wp-json\/wp\/v2\/tags?post=89218"}],"curies":[{"name":"wp","href":"https:\/\/api.w.org\/{rel}","templated":true}]}}