{"id":89353,"date":"2022-04-27T09:49:16","date_gmt":"2022-04-27T12:49:16","guid":{"rendered":"https:\/\/noticiasmercedinas.com\/site\/?p=89353"},"modified":"2022-04-27T09:49:16","modified_gmt":"2022-04-27T12:49:16","slug":"club-mercedes-apunta-a-dos-frentes","status":"publish","type":"post","link":"https:\/\/noticiasmercedinas.com\/site\/2022\/04\/27\/club-mercedes-apunta-a-dos-frentes\/","title":{"rendered":"Club Mercedes apunta a dos frentes"},"content":{"rendered":"<figure id=\"attachment_89354\" aria-describedby=\"caption-attachment-89354\" style=\"width: 640px\" class=\"wp-caption alignnone\"><img loading=\"lazy\" decoding=\"async\" class=\"wp-image-89354 size-full\" src=\"https:\/\/noticiasmercedinas.com\/site\/wp-content\/uploads\/2022\/04\/predio.jpg\" alt=\"\" width=\"640\" height=\"356\" srcset=\"https:\/\/noticiasmercedinas.com\/site\/wp-content\/uploads\/2022\/04\/predio.jpg 640w, https:\/\/noticiasmercedinas.com\/site\/wp-content\/uploads\/2022\/04\/predio-300x167.jpg 300w\" sizes=\"auto, (max-width: 640px) 100vw, 640px\" \/><figcaption id=\"caption-attachment-89354\" class=\"wp-caption-text\">Ayer hubo ensayo de f\u00fatbol en el predio el Parque Independencia.<\/figcaption><\/figure>\n<p>En la noche de ayer Club Mercedes cumpli\u00f3 con un entrenamiento m\u00e1s de cara a lo que vendr\u00e1, un numeroso grupo de jugadores lo hicieron en el campo de deportes de H\u00e9roes de Malvinas y otro en el anexo del Parque Independencia. La meta futbol\u00edstica del \u201cBlanquinegro\u201d es en dos cert\u00e1menes, la Liga Mercedina de F\u00fatbol y la venidera participaci\u00f3n hist\u00f3rica en la Primera D tras ser invitado el pasado jueves 21 de abril, fecha que quedar\u00e1 grabada en la instituci\u00f3n al empezar a medirse con clubes de AFA.<\/p>\n<p>En ese aspecto ayer hubo un ensayo futbol\u00edstico, a cargo de Walter D\u00edaz y Diego Silvestre donde seis futbolistas formaron parte de una prueba que se volver\u00e1 a repetir este s\u00e1bado frente a Pabell\u00f3n en cancha de la Liga. Ya dentro del plantel de la Primera D est\u00e1 el defensor Blas De Los Santos (22), son evaluados el volante central El\u00edas Collazo de pasado en Col\u00f3n de Chivilcoy en el Regional Amateur y El Tim\u00f3n de J\u00e1uregui en la Liga Mercedina. En la pr\u00e1ctica estuvo Dante D\u00edaz que viene de V\u00e9lez, se desempe\u00f1\u00f3 por izquierda y derecha en la zona media.<\/p>\n<p>Otro de los que se sumaron a la prueba es el volante Laureano Torres (22), que en la Liga estuvo jugando para Uni\u00f3n y tiene pasado en Estudiantes y Los Carteros, habiendo realizado inferiores en AFA. Comenz\u00f3 jugando por la banda derecha y luego pas\u00f3 a la izquierda. En el rol de enganche estuvo Rodrigo Scarnatto (20), zurdo con antecedentes en infantiles de Flandria, juveniles de V\u00e9lez, Lan\u00fas, Atlanta y Alem, viene de Nueva Santa Cruz (Bolivia) que toma parte de una liga amateur. Ya en el arco estuvo Rodrigo Nicasio (ex Villa D\u00e1lmine).<\/p>\n<p>Para la ofensiva fue parte de la prueba el delantero Nahuel Menseguez, conocido en la Liga por su paso en Trocha, aunque en el ascenso jug\u00f3 en Alem, Centro Espa\u00f1ol y Atlas m\u00e1s la Liga del Oeste (Jun\u00edn). Son d\u00edas importantes en el mundo futbol\u00edstico del \u201cBlanquinegro\u201d que en Primera D debutar\u00e1 ante Deportivo Mu\u00f1iz que ser\u00e1 local en cancha a confirmar, \u00faltimamente lo hac\u00eda en Malvinas Argentinas (Adolfo Sourdeaux) aunque se mudar\u00eda a otro escenario que podr\u00eda ser Atlas en Las Malvinas (General Rodr\u00edguez) o Juventud Unida en Mu\u00f1iz (San Miguel).<\/p>\n<p>Estos seis jugadores y la posibilidad que se sumen otros volver\u00e1 a ser observados por el cuerpo t\u00e9cnico, cerr\u00e1ndose la lista de buena fe la pr\u00f3xima semana.<br \/>\n<iframe loading=\"lazy\" title=\"Entrenamiento de Club Mercedes\" width=\"640\" height=\"360\" src=\"https:\/\/www.youtube.com\/embed\/B_rAf9A-VI4?feature=oembed\" frameborder=\"0\" allow=\"accelerometer; autoplay; clipboard-write; encrypted-media; gyroscope; picture-in-picture; web-share\" referrerpolicy=\"strict-origin-when-cross-origin\" allowfullscreen><\/iframe><\/p>\n","protected":false},"excerpt":{"rendered":"<p>\u25a0 Se alista para la nueva temporada de la Liga y lo que vendr\u00e1 en la Primera D. Anoche en un ensayo futbol\u00edstico hubo pruebas de futbolistas que seguir\u00e1n siendo observados en pr\u00f3ximos amistosos de cara al debut en AFA.<\/p>\n","protected":false},"author":6,"featured_media":89354,"comment_status":"open","ping_status":"open","sticky":false,"template":"","format":"standard","meta":{"footnotes":""},"categories":[5],"tags":[135,3346,11935],"class_list":["post-89353","post","type-post","status-publish","format-standard","has-post-thumbnail","hentry","category-deportes","tag-club-mercedes","tag-liga-mercedina-de-futbol","tag-primera-d"],"yoast_head":"<!-- This site is optimized with the Yoast SEO plugin v27.5 - https:\/\/yoast.com\/product\/yoast-seo-wordpress\/ -->\n<title>Club Mercedes apunta a dos frentes<\/title>\n<meta name=\"robots\" content=\"index, follow, max-snippet:-1, max-image-preview:large, max-video-preview:-1\" \/>\n<link rel=\"canonical\" href=\"https:\/\/noticiasmercedinas.com\/site\/2022\/04\/27\/club-mercedes-apunta-a-dos-frentes\/\" \/>\n<meta property=\"og:locale\" content=\"es_ES\" \/>\n<meta property=\"og:type\" content=\"article\" \/>\n<meta property=\"og:title\" content=\"Club Mercedes apunta a dos frentes\" \/>\n<meta property=\"og:description\" content=\"\u25a0 Se alista para la nueva temporada de la Liga y lo que vendr\u00e1 en la Primera D. Anoche en un ensayo futbol\u00edstico hubo pruebas de futbolistas que seguir\u00e1n siendo observados en pr\u00f3ximos amistosos de cara al debut en AFA.\" \/>\n<meta property=\"og:url\" content=\"https:\/\/noticiasmercedinas.com\/site\/2022\/04\/27\/club-mercedes-apunta-a-dos-frentes\/\" \/>\n<meta property=\"og:site_name\" content=\"NOTICIASMERCEDINAS.COM\" \/>\n<meta property=\"article:publisher\" content=\"https:\/\/www.facebook.com\/noticiasmercedinas\/\" \/>\n<meta property=\"article:published_time\" content=\"2022-04-27T12:49:16+00:00\" \/>\n<meta property=\"og:image\" content=\"https:\/\/noticiasmercedinas.com\/site\/wp-content\/uploads\/2022\/04\/predio.jpg\" \/>\n\t<meta property=\"og:image:width\" content=\"640\" \/>\n\t<meta property=\"og:image:height\" content=\"356\" \/>\n\t<meta property=\"og:image:type\" content=\"image\/jpeg\" \/>\n<meta name=\"author\" content=\"Juan Dagnino NOTICIASMERCEDINAS.COM\" \/>\n<meta name=\"twitter:card\" content=\"summary_large_image\" \/>\n<meta name=\"twitter:creator\" content=\"@notmercedinas\" \/>\n<meta name=\"twitter:site\" content=\"@notmercedinas\" \/>\n<meta name=\"twitter:label1\" content=\"Escrito por\" \/>\n\t<meta name=\"twitter:data1\" content=\"Juan Dagnino NOTICIASMERCEDINAS.COM\" \/>\n\t<meta name=\"twitter:label2\" content=\"Tiempo de lectura\" \/>\n\t<meta name=\"twitter:data2\" content=\"3 minutos\" \/>\n<script type=\"application\/ld+json\" class=\"yoast-schema-graph\">{\"@context\":\"https:\\\/\\\/schema.org\",\"@graph\":[{\"@type\":\"Article\",\"@id\":\"https:\\\/\\\/noticiasmercedinas.com\\\/site\\\/2022\\\/04\\\/27\\\/club-mercedes-apunta-a-dos-frentes\\\/#article\",\"isPartOf\":{\"@id\":\"https:\\\/\\\/noticiasmercedinas.com\\\/site\\\/2022\\\/04\\\/27\\\/club-mercedes-apunta-a-dos-frentes\\\/\"},\"author\":{\"name\":\"Juan Dagnino NOTICIASMERCEDINAS.COM\",\"@id\":\"https:\\\/\\\/noticiasmercedinas.com\\\/site\\\/#\\\/schema\\\/person\\\/8f2f09d666ef40986eba4a5e6f2a06f9\"},\"headline\":\"Club Mercedes apunta a dos frentes\",\"datePublished\":\"2022-04-27T12:49:16+00:00\",\"mainEntityOfPage\":{\"@id\":\"https:\\\/\\\/noticiasmercedinas.com\\\/site\\\/2022\\\/04\\\/27\\\/club-mercedes-apunta-a-dos-frentes\\\/\"},\"wordCount\":467,\"commentCount\":0,\"publisher\":{\"@id\":\"https:\\\/\\\/noticiasmercedinas.com\\\/site\\\/#organization\"},\"image\":{\"@id\":\"https:\\\/\\\/noticiasmercedinas.com\\\/site\\\/2022\\\/04\\\/27\\\/club-mercedes-apunta-a-dos-frentes\\\/#primaryimage\"},\"thumbnailUrl\":\"https:\\\/\\\/noticiasmercedinas.com\\\/site\\\/wp-content\\\/uploads\\\/2022\\\/04\\\/predio.jpg\",\"keywords\":[\"club mercedes\",\"Liga Mercedina de F\u00fatbol\",\"Primera D\"],\"articleSection\":[\"Deportes\"],\"inLanguage\":\"es\",\"potentialAction\":[{\"@type\":\"CommentAction\",\"name\":\"Comment\",\"target\":[\"https:\\\/\\\/noticiasmercedinas.com\\\/site\\\/2022\\\/04\\\/27\\\/club-mercedes-apunta-a-dos-frentes\\\/#respond\"]}]},{\"@type\":\"WebPage\",\"@id\":\"https:\\\/\\\/noticiasmercedinas.com\\\/site\\\/2022\\\/04\\\/27\\\/club-mercedes-apunta-a-dos-frentes\\\/\",\"url\":\"https:\\\/\\\/noticiasmercedinas.com\\\/site\\\/2022\\\/04\\\/27\\\/club-mercedes-apunta-a-dos-frentes\\\/\",\"name\":\"Club Mercedes apunta a dos frentes\",\"isPartOf\":{\"@id\":\"https:\\\/\\\/noticiasmercedinas.com\\\/site\\\/#website\"},\"primaryImageOfPage\":{\"@id\":\"https:\\\/\\\/noticiasmercedinas.com\\\/site\\\/2022\\\/04\\\/27\\\/club-mercedes-apunta-a-dos-frentes\\\/#primaryimage\"},\"image\":{\"@id\":\"https:\\\/\\\/noticiasmercedinas.com\\\/site\\\/2022\\\/04\\\/27\\\/club-mercedes-apunta-a-dos-frentes\\\/#primaryimage\"},\"thumbnailUrl\":\"https:\\\/\\\/noticiasmercedinas.com\\\/site\\\/wp-content\\\/uploads\\\/2022\\\/04\\\/predio.jpg\",\"datePublished\":\"2022-04-27T12:49:16+00:00\",\"breadcrumb\":{\"@id\":\"https:\\\/\\\/noticiasmercedinas.com\\\/site\\\/2022\\\/04\\\/27\\\/club-mercedes-apunta-a-dos-frentes\\\/#breadcrumb\"},\"inLanguage\":\"es\",\"potentialAction\":[{\"@type\":\"ReadAction\",\"target\":[\"https:\\\/\\\/noticiasmercedinas.com\\\/site\\\/2022\\\/04\\\/27\\\/club-mercedes-apunta-a-dos-frentes\\\/\"]}]},{\"@type\":\"ImageObject\",\"inLanguage\":\"es\",\"@id\":\"https:\\\/\\\/noticiasmercedinas.com\\\/site\\\/2022\\\/04\\\/27\\\/club-mercedes-apunta-a-dos-frentes\\\/#primaryimage\",\"url\":\"https:\\\/\\\/noticiasmercedinas.com\\\/site\\\/wp-content\\\/uploads\\\/2022\\\/04\\\/predio.jpg\",\"contentUrl\":\"https:\\\/\\\/noticiasmercedinas.com\\\/site\\\/wp-content\\\/uploads\\\/2022\\\/04\\\/predio.jpg\",\"width\":640,\"height\":356},{\"@type\":\"BreadcrumbList\",\"@id\":\"https:\\\/\\\/noticiasmercedinas.com\\\/site\\\/2022\\\/04\\\/27\\\/club-mercedes-apunta-a-dos-frentes\\\/#breadcrumb\",\"itemListElement\":[{\"@type\":\"ListItem\",\"position\":1,\"name\":\"Portada\",\"item\":\"https:\\\/\\\/noticiasmercedinas.com\\\/site\\\/\"},{\"@type\":\"ListItem\",\"position\":2,\"name\":\"Club Mercedes apunta a dos frentes\"}]},{\"@type\":\"WebSite\",\"@id\":\"https:\\\/\\\/noticiasmercedinas.com\\\/site\\\/#website\",\"url\":\"https:\\\/\\\/noticiasmercedinas.com\\\/site\\\/\",\"name\":\"NOTICIASMERCEDINAS.COM\",\"description\":\"Mercedes, Buenos Aires, Argentina\",\"publisher\":{\"@id\":\"https:\\\/\\\/noticiasmercedinas.com\\\/site\\\/#organization\"},\"potentialAction\":[{\"@type\":\"SearchAction\",\"target\":{\"@type\":\"EntryPoint\",\"urlTemplate\":\"https:\\\/\\\/noticiasmercedinas.com\\\/site\\\/?s={search_term_string}\"},\"query-input\":{\"@type\":\"PropertyValueSpecification\",\"valueRequired\":true,\"valueName\":\"search_term_string\"}}],\"inLanguage\":\"es\"},{\"@type\":\"Organization\",\"@id\":\"https:\\\/\\\/noticiasmercedinas.com\\\/site\\\/#organization\",\"name\":\"NOTICIASMERCEDINAS.COM\",\"url\":\"https:\\\/\\\/noticiasmercedinas.com\\\/site\\\/\",\"logo\":{\"@type\":\"ImageObject\",\"inLanguage\":\"es\",\"@id\":\"https:\\\/\\\/noticiasmercedinas.com\\\/site\\\/#\\\/schema\\\/logo\\\/image\\\/\",\"url\":\"https:\\\/\\\/noticiasmercedinas.com\\\/site\\\/wp-content\\\/uploads\\\/2020\\\/06\\\/LOGO-512.jpg\",\"contentUrl\":\"https:\\\/\\\/noticiasmercedinas.com\\\/site\\\/wp-content\\\/uploads\\\/2020\\\/06\\\/LOGO-512.jpg\",\"width\":512,\"height\":512,\"caption\":\"NOTICIASMERCEDINAS.COM\"},\"image\":{\"@id\":\"https:\\\/\\\/noticiasmercedinas.com\\\/site\\\/#\\\/schema\\\/logo\\\/image\\\/\"},\"sameAs\":[\"https:\\\/\\\/www.facebook.com\\\/noticiasmercedinas\\\/\",\"https:\\\/\\\/x.com\\\/notmercedinas\",\"https:\\\/\\\/www.instagram.com\\\/noticiasmercedinas\\\/\"]},{\"@type\":\"Person\",\"@id\":\"https:\\\/\\\/noticiasmercedinas.com\\\/site\\\/#\\\/schema\\\/person\\\/8f2f09d666ef40986eba4a5e6f2a06f9\",\"name\":\"Juan Dagnino NOTICIASMERCEDINAS.COM\",\"image\":{\"@type\":\"ImageObject\",\"inLanguage\":\"es\",\"@id\":\"https:\\\/\\\/secure.gravatar.com\\\/avatar\\\/fc7059a769f5a3cae65fadb228a3e4accf3a64b4b2305020d0a27e6d5333c91b?s=96&d=mm&r=g\",\"url\":\"https:\\\/\\\/secure.gravatar.com\\\/avatar\\\/fc7059a769f5a3cae65fadb228a3e4accf3a64b4b2305020d0a27e6d5333c91b?s=96&d=mm&r=g\",\"contentUrl\":\"https:\\\/\\\/secure.gravatar.com\\\/avatar\\\/fc7059a769f5a3cae65fadb228a3e4accf3a64b4b2305020d0a27e6d5333c91b?s=96&d=mm&r=g\",\"caption\":\"Juan Dagnino NOTICIASMERCEDINAS.COM\"},\"url\":\"https:\\\/\\\/noticiasmercedinas.com\\\/site\\\/author\\\/juandagnino\\\/\"}]}<\/script>\n<!-- \/ Yoast SEO plugin. -->","yoast_head_json":{"title":"Club Mercedes apunta a dos frentes","robots":{"index":"index","follow":"follow","max-snippet":"max-snippet:-1","max-image-preview":"max-image-preview:large","max-video-preview":"max-video-preview:-1"},"canonical":"https:\/\/noticiasmercedinas.com\/site\/2022\/04\/27\/club-mercedes-apunta-a-dos-frentes\/","og_locale":"es_ES","og_type":"article","og_title":"Club Mercedes apunta a dos frentes","og_description":"\u25a0 Se alista para la nueva temporada de la Liga y lo que vendr\u00e1 en la Primera D. Anoche en un ensayo futbol\u00edstico hubo pruebas de futbolistas que seguir\u00e1n siendo observados en pr\u00f3ximos amistosos de cara al debut en AFA.","og_url":"https:\/\/noticiasmercedinas.com\/site\/2022\/04\/27\/club-mercedes-apunta-a-dos-frentes\/","og_site_name":"NOTICIASMERCEDINAS.COM","article_publisher":"https:\/\/www.facebook.com\/noticiasmercedinas\/","article_published_time":"2022-04-27T12:49:16+00:00","og_image":[{"width":640,"height":356,"url":"https:\/\/noticiasmercedinas.com\/site\/wp-content\/uploads\/2022\/04\/predio.jpg","type":"image\/jpeg"}],"author":"Juan Dagnino NOTICIASMERCEDINAS.COM","twitter_card":"summary_large_image","twitter_creator":"@notmercedinas","twitter_site":"@notmercedinas","twitter_misc":{"Escrito por":"Juan Dagnino NOTICIASMERCEDINAS.COM","Tiempo de lectura":"3 minutos"},"schema":{"@context":"https:\/\/schema.org","@graph":[{"@type":"Article","@id":"https:\/\/noticiasmercedinas.com\/site\/2022\/04\/27\/club-mercedes-apunta-a-dos-frentes\/#article","isPartOf":{"@id":"https:\/\/noticiasmercedinas.com\/site\/2022\/04\/27\/club-mercedes-apunta-a-dos-frentes\/"},"author":{"name":"Juan Dagnino NOTICIASMERCEDINAS.COM","@id":"https:\/\/noticiasmercedinas.com\/site\/#\/schema\/person\/8f2f09d666ef40986eba4a5e6f2a06f9"},"headline":"Club Mercedes apunta a dos frentes","datePublished":"2022-04-27T12:49:16+00:00","mainEntityOfPage":{"@id":"https:\/\/noticiasmercedinas.com\/site\/2022\/04\/27\/club-mercedes-apunta-a-dos-frentes\/"},"wordCount":467,"commentCount":0,"publisher":{"@id":"https:\/\/noticiasmercedinas.com\/site\/#organization"},"image":{"@id":"https:\/\/noticiasmercedinas.com\/site\/2022\/04\/27\/club-mercedes-apunta-a-dos-frentes\/#primaryimage"},"thumbnailUrl":"https:\/\/noticiasmercedinas.com\/site\/wp-content\/uploads\/2022\/04\/predio.jpg","keywords":["club mercedes","Liga Mercedina de F\u00fatbol","Primera D"],"articleSection":["Deportes"],"inLanguage":"es","potentialAction":[{"@type":"CommentAction","name":"Comment","target":["https:\/\/noticiasmercedinas.com\/site\/2022\/04\/27\/club-mercedes-apunta-a-dos-frentes\/#respond"]}]},{"@type":"WebPage","@id":"https:\/\/noticiasmercedinas.com\/site\/2022\/04\/27\/club-mercedes-apunta-a-dos-frentes\/","url":"https:\/\/noticiasmercedinas.com\/site\/2022\/04\/27\/club-mercedes-apunta-a-dos-frentes\/","name":"Club Mercedes apunta a dos frentes","isPartOf":{"@id":"https:\/\/noticiasmercedinas.com\/site\/#website"},"primaryImageOfPage":{"@id":"https:\/\/noticiasmercedinas.com\/site\/2022\/04\/27\/club-mercedes-apunta-a-dos-frentes\/#primaryimage"},"image":{"@id":"https:\/\/noticiasmercedinas.com\/site\/2022\/04\/27\/club-mercedes-apunta-a-dos-frentes\/#primaryimage"},"thumbnailUrl":"https:\/\/noticiasmercedinas.com\/site\/wp-content\/uploads\/2022\/04\/predio.jpg","datePublished":"2022-04-27T12:49:16+00:00","breadcrumb":{"@id":"https:\/\/noticiasmercedinas.com\/site\/2022\/04\/27\/club-mercedes-apunta-a-dos-frentes\/#breadcrumb"},"inLanguage":"es","potentialAction":[{"@type":"ReadAction","target":["https:\/\/noticiasmercedinas.com\/site\/2022\/04\/27\/club-mercedes-apunta-a-dos-frentes\/"]}]},{"@type":"ImageObject","inLanguage":"es","@id":"https:\/\/noticiasmercedinas.com\/site\/2022\/04\/27\/club-mercedes-apunta-a-dos-frentes\/#primaryimage","url":"https:\/\/noticiasmercedinas.com\/site\/wp-content\/uploads\/2022\/04\/predio.jpg","contentUrl":"https:\/\/noticiasmercedinas.com\/site\/wp-content\/uploads\/2022\/04\/predio.jpg","width":640,"height":356},{"@type":"BreadcrumbList","@id":"https:\/\/noticiasmercedinas.com\/site\/2022\/04\/27\/club-mercedes-apunta-a-dos-frentes\/#breadcrumb","itemListElement":[{"@type":"ListItem","position":1,"name":"Portada","item":"https:\/\/noticiasmercedinas.com\/site\/"},{"@type":"ListItem","position":2,"name":"Club Mercedes apunta a dos frentes"}]},{"@type":"WebSite","@id":"https:\/\/noticiasmercedinas.com\/site\/#website","url":"https:\/\/noticiasmercedinas.com\/site\/","name":"NOTICIASMERCEDINAS.COM","description":"Mercedes, Buenos Aires, Argentina","publisher":{"@id":"https:\/\/noticiasmercedinas.com\/site\/#organization"},"potentialAction":[{"@type":"SearchAction","target":{"@type":"EntryPoint","urlTemplate":"https:\/\/noticiasmercedinas.com\/site\/?s={search_term_string}"},"query-input":{"@type":"PropertyValueSpecification","valueRequired":true,"valueName":"search_term_string"}}],"inLanguage":"es"},{"@type":"Organization","@id":"https:\/\/noticiasmercedinas.com\/site\/#organization","name":"NOTICIASMERCEDINAS.COM","url":"https:\/\/noticiasmercedinas.com\/site\/","logo":{"@type":"ImageObject","inLanguage":"es","@id":"https:\/\/noticiasmercedinas.com\/site\/#\/schema\/logo\/image\/","url":"https:\/\/noticiasmercedinas.com\/site\/wp-content\/uploads\/2020\/06\/LOGO-512.jpg","contentUrl":"https:\/\/noticiasmercedinas.com\/site\/wp-content\/uploads\/2020\/06\/LOGO-512.jpg","width":512,"height":512,"caption":"NOTICIASMERCEDINAS.COM"},"image":{"@id":"https:\/\/noticiasmercedinas.com\/site\/#\/schema\/logo\/image\/"},"sameAs":["https:\/\/www.facebook.com\/noticiasmercedinas\/","https:\/\/x.com\/notmercedinas","https:\/\/www.instagram.com\/noticiasmercedinas\/"]},{"@type":"Person","@id":"https:\/\/noticiasmercedinas.com\/site\/#\/schema\/person\/8f2f09d666ef40986eba4a5e6f2a06f9","name":"Juan Dagnino NOTICIASMERCEDINAS.COM","image":{"@type":"ImageObject","inLanguage":"es","@id":"https:\/\/secure.gravatar.com\/avatar\/fc7059a769f5a3cae65fadb228a3e4accf3a64b4b2305020d0a27e6d5333c91b?s=96&d=mm&r=g","url":"https:\/\/secure.gravatar.com\/avatar\/fc7059a769f5a3cae65fadb228a3e4accf3a64b4b2305020d0a27e6d5333c91b?s=96&d=mm&r=g","contentUrl":"https:\/\/secure.gravatar.com\/avatar\/fc7059a769f5a3cae65fadb228a3e4accf3a64b4b2305020d0a27e6d5333c91b?s=96&d=mm&r=g","caption":"Juan Dagnino NOTICIASMERCEDINAS.COM"},"url":"https:\/\/noticiasmercedinas.com\/site\/author\/juandagnino\/"}]}},"amp_enabled":true,"_links":{"self":[{"href":"https:\/\/noticiasmercedinas.com\/site\/wp-json\/wp\/v2\/posts\/89353","targetHints":{"allow":["GET"]}}],"collection":[{"href":"https:\/\/noticiasmercedinas.com\/site\/wp-json\/wp\/v2\/posts"}],"about":[{"href":"https:\/\/noticiasmercedinas.com\/site\/wp-json\/wp\/v2\/types\/post"}],"author":[{"embeddable":true,"href":"https:\/\/noticiasmercedinas.com\/site\/wp-json\/wp\/v2\/users\/6"}],"replies":[{"embeddable":true,"href":"https:\/\/noticiasmercedinas.com\/site\/wp-json\/wp\/v2\/comments?post=89353"}],"version-history":[{"count":1,"href":"https:\/\/noticiasmercedinas.com\/site\/wp-json\/wp\/v2\/posts\/89353\/revisions"}],"predecessor-version":[{"id":89355,"href":"https:\/\/noticiasmercedinas.com\/site\/wp-json\/wp\/v2\/posts\/89353\/revisions\/89355"}],"wp:featuredmedia":[{"embeddable":true,"href":"https:\/\/noticiasmercedinas.com\/site\/wp-json\/wp\/v2\/media\/89354"}],"wp:attachment":[{"href":"https:\/\/noticiasmercedinas.com\/site\/wp-json\/wp\/v2\/media?parent=89353"}],"wp:term":[{"taxonomy":"category","embeddable":true,"href":"https:\/\/noticiasmercedinas.com\/site\/wp-json\/wp\/v2\/categories?post=89353"},{"taxonomy":"post_tag","embeddable":true,"href":"https:\/\/noticiasmercedinas.com\/site\/wp-json\/wp\/v2\/tags?post=89353"}],"curies":[{"name":"wp","href":"https:\/\/api.w.org\/{rel}","templated":true}]}}