{"id":89467,"date":"2022-04-29T08:10:21","date_gmt":"2022-04-29T11:10:21","guid":{"rendered":"https:\/\/noticiasmercedinas.com\/site\/?p=89467"},"modified":"2022-04-29T08:10:21","modified_gmt":"2022-04-29T11:10:21","slug":"desarrollo-de-la-comunidad-sigue-brindando-asistencia-tras-temporal","status":"publish","type":"post","link":"https:\/\/noticiasmercedinas.com\/site\/2022\/04\/29\/desarrollo-de-la-comunidad-sigue-brindando-asistencia-tras-temporal\/","title":{"rendered":"Desarrollo de la Comunidad sigue brindando asistencia tras temporal"},"content":{"rendered":"<p><img loading=\"lazy\" decoding=\"async\" class=\"alignnone size-full wp-image-89468\" src=\"https:\/\/noticiasmercedinas.com\/site\/wp-content\/uploads\/2022\/04\/279368730_3370986906560258_3350733325556895239_n.jpg\" alt=\"\" width=\"640\" height=\"476\" srcset=\"https:\/\/noticiasmercedinas.com\/site\/wp-content\/uploads\/2022\/04\/279368730_3370986906560258_3350733325556895239_n.jpg 640w, https:\/\/noticiasmercedinas.com\/site\/wp-content\/uploads\/2022\/04\/279368730_3370986906560258_3350733325556895239_n-300x223.jpg 300w, https:\/\/noticiasmercedinas.com\/site\/wp-content\/uploads\/2022\/04\/279368730_3370986906560258_3350733325556895239_n-80x60.jpg 80w, https:\/\/noticiasmercedinas.com\/site\/wp-content\/uploads\/2022\/04\/279368730_3370986906560258_3350733325556895239_n-160x120.jpg 160w, https:\/\/noticiasmercedinas.com\/site\/wp-content\/uploads\/2022\/04\/279368730_3370986906560258_3350733325556895239_n-100x75.jpg 100w, https:\/\/noticiasmercedinas.com\/site\/wp-content\/uploads\/2022\/04\/279368730_3370986906560258_3350733325556895239_n-200x150.jpg 200w, https:\/\/noticiasmercedinas.com\/site\/wp-content\/uploads\/2022\/04\/279368730_3370986906560258_3350733325556895239_n-180x135.jpg 180w, https:\/\/noticiasmercedinas.com\/site\/wp-content\/uploads\/2022\/04\/279368730_3370986906560258_3350733325556895239_n-238x178.jpg 238w\" sizes=\"auto, (max-width: 640px) 100vw, 640px\" \/><\/p>\n<p>Desde la Secretar\u00eda de Desarrollo de la Comunidad se contin\u00faa, pasado el temporal, acompa\u00f1ando a distintas familias que padecieron la bravura de la tormenta. Son 20 soluciones habitacionales. Durante la misma madrugada las cuadrillas estuvieron toda la noche acompa\u00f1ando y en las primeras horas del d\u00eda se reforzaron todos los dispositivos de asistencia.<\/p>\n<p><strong>Jorgelina Silva<\/strong>, secretaria de Desarrollo de la Comunidad, inform\u00f3: \u201cHasta ahora son 20 familias las damnificadas por el temporal, donde no s\u00f3lo son familias a las cuales se les vol\u00f3 el techo, sino tambi\u00e9n tienen \u00e1rboles ca\u00eddos en el patio o que ha destruido parte de la vivienda. Desde nuestra secretar\u00eda trabajamos de manera conjunta con el \u00e1rea Servicios P\u00fablicos y Protecci\u00f3n Civil en la manera de brindar ayuda a estas familias\u201d.<\/p>\n<p>\u201cA los vecinos que se hayan visto afectados por estas circunstancias les pedimos que se comuniquen al 147, porque es el \u00e1rea integral que puede derivarlo a las distintas secretar\u00edas\u201d, remarc\u00f3 luego. \u201cSi alguna familia est\u00e1 sufriendo una situaci\u00f3n luego de este temporal y a\u00fan no la identificamos, que se comunique a ese n\u00famero\u201d, pidi\u00f3.<\/p>\n<p>Por otro lado, la secretaria de Desarrollo de la Comunidad destac\u00f3 que \u201cdesde el Ministerio de Desarrollo de la Comunidad de la provincia de Buenos Aires, nos alertan sobre situaciones clim\u00e1ticas complejas que se podr\u00edan suscitar, como as\u00ed tambi\u00e9n, se comunican ante alguna situaci\u00f3n de cat\u00e1strofe para proveernos de insumos, por lo que queremos agradecer al Estado Provincial y al \u00e1rea que conduce Andr\u00e9s Larroque\u201d.<\/p>\n<p>Protecci\u00f3n Civil como Servicios P\u00fablicos siguen recorriendo distintos sectores, resolviendo distintas problem\u00e1ticas y urgencias. El 147 sigue siendo una l\u00ednea de atenci\u00f3n de emergencias.<\/p>\n","protected":false},"excerpt":{"rendered":"<p>\u25a0 \u201cA los vecinos que se hayan visto afectados por estas circunstancias les pedimos que se comuniquen al 147, porque es el \u00e1rea integral que puede derivarlo a las distintas secretar\u00edas\u201d, remarc\u00f3 Jorgelina Silva<\/p>\n","protected":false},"author":16,"featured_media":89468,"comment_status":"open","ping_status":"open","sticky":false,"template":"","format":"standard","meta":{"footnotes":""},"categories":[3],"tags":[7996,14212,709,3089],"class_list":["post-89467","post","type-post","status-publish","format-standard","has-post-thumbnail","hentry","category-sociedad","tag-desarrollo-de-la-comunidad","tag-destrozos","tag-jorgelina-silva","tag-temporal"],"yoast_head":"<!-- This site is optimized with the Yoast SEO plugin v27.5 - https:\/\/yoast.com\/product\/yoast-seo-wordpress\/ -->\n<title>Desarrollo de la Comunidad sigue brindando asistencia tras temporal<\/title>\n<meta name=\"robots\" content=\"index, follow, max-snippet:-1, max-image-preview:large, max-video-preview:-1\" \/>\n<link rel=\"canonical\" href=\"https:\/\/noticiasmercedinas.com\/site\/2022\/04\/29\/desarrollo-de-la-comunidad-sigue-brindando-asistencia-tras-temporal\/\" \/>\n<meta property=\"og:locale\" content=\"es_ES\" \/>\n<meta property=\"og:type\" content=\"article\" \/>\n<meta property=\"og:title\" content=\"Desarrollo de la Comunidad sigue brindando asistencia tras temporal\" \/>\n<meta property=\"og:description\" content=\"\u25a0 \u201cA los vecinos que se hayan visto afectados por estas circunstancias les pedimos que se comuniquen al 147, porque es el \u00e1rea integral que puede derivarlo a las distintas secretar\u00edas\u201d, remarc\u00f3 Jorgelina Silva\" \/>\n<meta property=\"og:url\" content=\"https:\/\/noticiasmercedinas.com\/site\/2022\/04\/29\/desarrollo-de-la-comunidad-sigue-brindando-asistencia-tras-temporal\/\" \/>\n<meta property=\"og:site_name\" content=\"NOTICIASMERCEDINAS.COM\" \/>\n<meta property=\"article:publisher\" content=\"https:\/\/www.facebook.com\/noticiasmercedinas\/\" \/>\n<meta property=\"article:published_time\" content=\"2022-04-29T11:10:21+00:00\" \/>\n<meta property=\"og:image\" content=\"https:\/\/noticiasmercedinas.com\/site\/wp-content\/uploads\/2022\/04\/279368730_3370986906560258_3350733325556895239_n.jpg\" \/>\n\t<meta property=\"og:image:width\" content=\"640\" \/>\n\t<meta property=\"og:image:height\" content=\"476\" \/>\n\t<meta property=\"og:image:type\" content=\"image\/jpeg\" \/>\n<meta name=\"author\" content=\"NOTICIASMERCEDINAS.COM\" \/>\n<meta name=\"twitter:card\" content=\"summary_large_image\" \/>\n<meta name=\"twitter:creator\" content=\"@notmercedinas\" \/>\n<meta name=\"twitter:site\" content=\"@notmercedinas\" \/>\n<meta name=\"twitter:label1\" content=\"Escrito por\" \/>\n\t<meta name=\"twitter:data1\" content=\"NOTICIASMERCEDINAS.COM\" \/>\n\t<meta name=\"twitter:label2\" content=\"Tiempo de lectura\" \/>\n\t<meta name=\"twitter:data2\" content=\"2 minutos\" \/>\n<script type=\"application\/ld+json\" class=\"yoast-schema-graph\">{\"@context\":\"https:\\\/\\\/schema.org\",\"@graph\":[{\"@type\":\"Article\",\"@id\":\"https:\\\/\\\/noticiasmercedinas.com\\\/site\\\/2022\\\/04\\\/29\\\/desarrollo-de-la-comunidad-sigue-brindando-asistencia-tras-temporal\\\/#article\",\"isPartOf\":{\"@id\":\"https:\\\/\\\/noticiasmercedinas.com\\\/site\\\/2022\\\/04\\\/29\\\/desarrollo-de-la-comunidad-sigue-brindando-asistencia-tras-temporal\\\/\"},\"author\":{\"name\":\"NOTICIASMERCEDINAS.COM\",\"@id\":\"https:\\\/\\\/noticiasmercedinas.com\\\/site\\\/#\\\/schema\\\/person\\\/84b59c099c28ff2e8b77d4ceec5d8063\"},\"headline\":\"Desarrollo de la Comunidad sigue brindando asistencia tras temporal\",\"datePublished\":\"2022-04-29T11:10:21+00:00\",\"mainEntityOfPage\":{\"@id\":\"https:\\\/\\\/noticiasmercedinas.com\\\/site\\\/2022\\\/04\\\/29\\\/desarrollo-de-la-comunidad-sigue-brindando-asistencia-tras-temporal\\\/\"},\"wordCount\":300,\"commentCount\":0,\"publisher\":{\"@id\":\"https:\\\/\\\/noticiasmercedinas.com\\\/site\\\/#organization\"},\"image\":{\"@id\":\"https:\\\/\\\/noticiasmercedinas.com\\\/site\\\/2022\\\/04\\\/29\\\/desarrollo-de-la-comunidad-sigue-brindando-asistencia-tras-temporal\\\/#primaryimage\"},\"thumbnailUrl\":\"https:\\\/\\\/noticiasmercedinas.com\\\/site\\\/wp-content\\\/uploads\\\/2022\\\/04\\\/279368730_3370986906560258_3350733325556895239_n.jpg\",\"keywords\":[\"Desarrollo de la Comunidad\",\"destrozos\",\"jorgelina silva\",\"temporal\"],\"articleSection\":[\"Sociedad\"],\"inLanguage\":\"es\",\"potentialAction\":[{\"@type\":\"CommentAction\",\"name\":\"Comment\",\"target\":[\"https:\\\/\\\/noticiasmercedinas.com\\\/site\\\/2022\\\/04\\\/29\\\/desarrollo-de-la-comunidad-sigue-brindando-asistencia-tras-temporal\\\/#respond\"]}]},{\"@type\":\"WebPage\",\"@id\":\"https:\\\/\\\/noticiasmercedinas.com\\\/site\\\/2022\\\/04\\\/29\\\/desarrollo-de-la-comunidad-sigue-brindando-asistencia-tras-temporal\\\/\",\"url\":\"https:\\\/\\\/noticiasmercedinas.com\\\/site\\\/2022\\\/04\\\/29\\\/desarrollo-de-la-comunidad-sigue-brindando-asistencia-tras-temporal\\\/\",\"name\":\"Desarrollo de la Comunidad sigue brindando asistencia tras temporal\",\"isPartOf\":{\"@id\":\"https:\\\/\\\/noticiasmercedinas.com\\\/site\\\/#website\"},\"primaryImageOfPage\":{\"@id\":\"https:\\\/\\\/noticiasmercedinas.com\\\/site\\\/2022\\\/04\\\/29\\\/desarrollo-de-la-comunidad-sigue-brindando-asistencia-tras-temporal\\\/#primaryimage\"},\"image\":{\"@id\":\"https:\\\/\\\/noticiasmercedinas.com\\\/site\\\/2022\\\/04\\\/29\\\/desarrollo-de-la-comunidad-sigue-brindando-asistencia-tras-temporal\\\/#primaryimage\"},\"thumbnailUrl\":\"https:\\\/\\\/noticiasmercedinas.com\\\/site\\\/wp-content\\\/uploads\\\/2022\\\/04\\\/279368730_3370986906560258_3350733325556895239_n.jpg\",\"datePublished\":\"2022-04-29T11:10:21+00:00\",\"breadcrumb\":{\"@id\":\"https:\\\/\\\/noticiasmercedinas.com\\\/site\\\/2022\\\/04\\\/29\\\/desarrollo-de-la-comunidad-sigue-brindando-asistencia-tras-temporal\\\/#breadcrumb\"},\"inLanguage\":\"es\",\"potentialAction\":[{\"@type\":\"ReadAction\",\"target\":[\"https:\\\/\\\/noticiasmercedinas.com\\\/site\\\/2022\\\/04\\\/29\\\/desarrollo-de-la-comunidad-sigue-brindando-asistencia-tras-temporal\\\/\"]}]},{\"@type\":\"ImageObject\",\"inLanguage\":\"es\",\"@id\":\"https:\\\/\\\/noticiasmercedinas.com\\\/site\\\/2022\\\/04\\\/29\\\/desarrollo-de-la-comunidad-sigue-brindando-asistencia-tras-temporal\\\/#primaryimage\",\"url\":\"https:\\\/\\\/noticiasmercedinas.com\\\/site\\\/wp-content\\\/uploads\\\/2022\\\/04\\\/279368730_3370986906560258_3350733325556895239_n.jpg\",\"contentUrl\":\"https:\\\/\\\/noticiasmercedinas.com\\\/site\\\/wp-content\\\/uploads\\\/2022\\\/04\\\/279368730_3370986906560258_3350733325556895239_n.jpg\",\"width\":640,\"height\":476},{\"@type\":\"BreadcrumbList\",\"@id\":\"https:\\\/\\\/noticiasmercedinas.com\\\/site\\\/2022\\\/04\\\/29\\\/desarrollo-de-la-comunidad-sigue-brindando-asistencia-tras-temporal\\\/#breadcrumb\",\"itemListElement\":[{\"@type\":\"ListItem\",\"position\":1,\"name\":\"Portada\",\"item\":\"https:\\\/\\\/noticiasmercedinas.com\\\/site\\\/\"},{\"@type\":\"ListItem\",\"position\":2,\"name\":\"Desarrollo de la Comunidad sigue brindando asistencia tras temporal\"}]},{\"@type\":\"WebSite\",\"@id\":\"https:\\\/\\\/noticiasmercedinas.com\\\/site\\\/#website\",\"url\":\"https:\\\/\\\/noticiasmercedinas.com\\\/site\\\/\",\"name\":\"NOTICIASMERCEDINAS.COM\",\"description\":\"Mercedes, Buenos Aires, Argentina\",\"publisher\":{\"@id\":\"https:\\\/\\\/noticiasmercedinas.com\\\/site\\\/#organization\"},\"potentialAction\":[{\"@type\":\"SearchAction\",\"target\":{\"@type\":\"EntryPoint\",\"urlTemplate\":\"https:\\\/\\\/noticiasmercedinas.com\\\/site\\\/?s={search_term_string}\"},\"query-input\":{\"@type\":\"PropertyValueSpecification\",\"valueRequired\":true,\"valueName\":\"search_term_string\"}}],\"inLanguage\":\"es\"},{\"@type\":\"Organization\",\"@id\":\"https:\\\/\\\/noticiasmercedinas.com\\\/site\\\/#organization\",\"name\":\"NOTICIASMERCEDINAS.COM\",\"url\":\"https:\\\/\\\/noticiasmercedinas.com\\\/site\\\/\",\"logo\":{\"@type\":\"ImageObject\",\"inLanguage\":\"es\",\"@id\":\"https:\\\/\\\/noticiasmercedinas.com\\\/site\\\/#\\\/schema\\\/logo\\\/image\\\/\",\"url\":\"https:\\\/\\\/noticiasmercedinas.com\\\/site\\\/wp-content\\\/uploads\\\/2020\\\/06\\\/LOGO-512.jpg\",\"contentUrl\":\"https:\\\/\\\/noticiasmercedinas.com\\\/site\\\/wp-content\\\/uploads\\\/2020\\\/06\\\/LOGO-512.jpg\",\"width\":512,\"height\":512,\"caption\":\"NOTICIASMERCEDINAS.COM\"},\"image\":{\"@id\":\"https:\\\/\\\/noticiasmercedinas.com\\\/site\\\/#\\\/schema\\\/logo\\\/image\\\/\"},\"sameAs\":[\"https:\\\/\\\/www.facebook.com\\\/noticiasmercedinas\\\/\",\"https:\\\/\\\/x.com\\\/notmercedinas\",\"https:\\\/\\\/www.instagram.com\\\/noticiasmercedinas\\\/\"]},{\"@type\":\"Person\",\"@id\":\"https:\\\/\\\/noticiasmercedinas.com\\\/site\\\/#\\\/schema\\\/person\\\/84b59c099c28ff2e8b77d4ceec5d8063\",\"name\":\"NOTICIASMERCEDINAS.COM\",\"image\":{\"@type\":\"ImageObject\",\"inLanguage\":\"es\",\"@id\":\"https:\\\/\\\/secure.gravatar.com\\\/avatar\\\/4dfbf16b4d17945bfb6341b2d19043457132fcf478a5ee04f42e959fd8f5df0a?s=96&d=mm&r=g\",\"url\":\"https:\\\/\\\/secure.gravatar.com\\\/avatar\\\/4dfbf16b4d17945bfb6341b2d19043457132fcf478a5ee04f42e959fd8f5df0a?s=96&d=mm&r=g\",\"contentUrl\":\"https:\\\/\\\/secure.gravatar.com\\\/avatar\\\/4dfbf16b4d17945bfb6341b2d19043457132fcf478a5ee04f42e959fd8f5df0a?s=96&d=mm&r=g\",\"caption\":\"NOTICIASMERCEDINAS.COM\"},\"url\":\"https:\\\/\\\/noticiasmercedinas.com\\\/site\\\/author\\\/anonimo\\\/\"}]}<\/script>\n<!-- \/ Yoast SEO plugin. -->","yoast_head_json":{"title":"Desarrollo de la Comunidad sigue brindando asistencia tras temporal","robots":{"index":"index","follow":"follow","max-snippet":"max-snippet:-1","max-image-preview":"max-image-preview:large","max-video-preview":"max-video-preview:-1"},"canonical":"https:\/\/noticiasmercedinas.com\/site\/2022\/04\/29\/desarrollo-de-la-comunidad-sigue-brindando-asistencia-tras-temporal\/","og_locale":"es_ES","og_type":"article","og_title":"Desarrollo de la Comunidad sigue brindando asistencia tras temporal","og_description":"\u25a0 \u201cA los vecinos que se hayan visto afectados por estas circunstancias les pedimos que se comuniquen al 147, porque es el \u00e1rea integral que puede derivarlo a las distintas secretar\u00edas\u201d, remarc\u00f3 Jorgelina Silva","og_url":"https:\/\/noticiasmercedinas.com\/site\/2022\/04\/29\/desarrollo-de-la-comunidad-sigue-brindando-asistencia-tras-temporal\/","og_site_name":"NOTICIASMERCEDINAS.COM","article_publisher":"https:\/\/www.facebook.com\/noticiasmercedinas\/","article_published_time":"2022-04-29T11:10:21+00:00","og_image":[{"width":640,"height":476,"url":"https:\/\/noticiasmercedinas.com\/site\/wp-content\/uploads\/2022\/04\/279368730_3370986906560258_3350733325556895239_n.jpg","type":"image\/jpeg"}],"author":"NOTICIASMERCEDINAS.COM","twitter_card":"summary_large_image","twitter_creator":"@notmercedinas","twitter_site":"@notmercedinas","twitter_misc":{"Escrito por":"NOTICIASMERCEDINAS.COM","Tiempo de lectura":"2 minutos"},"schema":{"@context":"https:\/\/schema.org","@graph":[{"@type":"Article","@id":"https:\/\/noticiasmercedinas.com\/site\/2022\/04\/29\/desarrollo-de-la-comunidad-sigue-brindando-asistencia-tras-temporal\/#article","isPartOf":{"@id":"https:\/\/noticiasmercedinas.com\/site\/2022\/04\/29\/desarrollo-de-la-comunidad-sigue-brindando-asistencia-tras-temporal\/"},"author":{"name":"NOTICIASMERCEDINAS.COM","@id":"https:\/\/noticiasmercedinas.com\/site\/#\/schema\/person\/84b59c099c28ff2e8b77d4ceec5d8063"},"headline":"Desarrollo de la Comunidad sigue brindando asistencia tras temporal","datePublished":"2022-04-29T11:10:21+00:00","mainEntityOfPage":{"@id":"https:\/\/noticiasmercedinas.com\/site\/2022\/04\/29\/desarrollo-de-la-comunidad-sigue-brindando-asistencia-tras-temporal\/"},"wordCount":300,"commentCount":0,"publisher":{"@id":"https:\/\/noticiasmercedinas.com\/site\/#organization"},"image":{"@id":"https:\/\/noticiasmercedinas.com\/site\/2022\/04\/29\/desarrollo-de-la-comunidad-sigue-brindando-asistencia-tras-temporal\/#primaryimage"},"thumbnailUrl":"https:\/\/noticiasmercedinas.com\/site\/wp-content\/uploads\/2022\/04\/279368730_3370986906560258_3350733325556895239_n.jpg","keywords":["Desarrollo de la Comunidad","destrozos","jorgelina silva","temporal"],"articleSection":["Sociedad"],"inLanguage":"es","potentialAction":[{"@type":"CommentAction","name":"Comment","target":["https:\/\/noticiasmercedinas.com\/site\/2022\/04\/29\/desarrollo-de-la-comunidad-sigue-brindando-asistencia-tras-temporal\/#respond"]}]},{"@type":"WebPage","@id":"https:\/\/noticiasmercedinas.com\/site\/2022\/04\/29\/desarrollo-de-la-comunidad-sigue-brindando-asistencia-tras-temporal\/","url":"https:\/\/noticiasmercedinas.com\/site\/2022\/04\/29\/desarrollo-de-la-comunidad-sigue-brindando-asistencia-tras-temporal\/","name":"Desarrollo de la Comunidad sigue brindando asistencia tras temporal","isPartOf":{"@id":"https:\/\/noticiasmercedinas.com\/site\/#website"},"primaryImageOfPage":{"@id":"https:\/\/noticiasmercedinas.com\/site\/2022\/04\/29\/desarrollo-de-la-comunidad-sigue-brindando-asistencia-tras-temporal\/#primaryimage"},"image":{"@id":"https:\/\/noticiasmercedinas.com\/site\/2022\/04\/29\/desarrollo-de-la-comunidad-sigue-brindando-asistencia-tras-temporal\/#primaryimage"},"thumbnailUrl":"https:\/\/noticiasmercedinas.com\/site\/wp-content\/uploads\/2022\/04\/279368730_3370986906560258_3350733325556895239_n.jpg","datePublished":"2022-04-29T11:10:21+00:00","breadcrumb":{"@id":"https:\/\/noticiasmercedinas.com\/site\/2022\/04\/29\/desarrollo-de-la-comunidad-sigue-brindando-asistencia-tras-temporal\/#breadcrumb"},"inLanguage":"es","potentialAction":[{"@type":"ReadAction","target":["https:\/\/noticiasmercedinas.com\/site\/2022\/04\/29\/desarrollo-de-la-comunidad-sigue-brindando-asistencia-tras-temporal\/"]}]},{"@type":"ImageObject","inLanguage":"es","@id":"https:\/\/noticiasmercedinas.com\/site\/2022\/04\/29\/desarrollo-de-la-comunidad-sigue-brindando-asistencia-tras-temporal\/#primaryimage","url":"https:\/\/noticiasmercedinas.com\/site\/wp-content\/uploads\/2022\/04\/279368730_3370986906560258_3350733325556895239_n.jpg","contentUrl":"https:\/\/noticiasmercedinas.com\/site\/wp-content\/uploads\/2022\/04\/279368730_3370986906560258_3350733325556895239_n.jpg","width":640,"height":476},{"@type":"BreadcrumbList","@id":"https:\/\/noticiasmercedinas.com\/site\/2022\/04\/29\/desarrollo-de-la-comunidad-sigue-brindando-asistencia-tras-temporal\/#breadcrumb","itemListElement":[{"@type":"ListItem","position":1,"name":"Portada","item":"https:\/\/noticiasmercedinas.com\/site\/"},{"@type":"ListItem","position":2,"name":"Desarrollo de la Comunidad sigue brindando asistencia tras temporal"}]},{"@type":"WebSite","@id":"https:\/\/noticiasmercedinas.com\/site\/#website","url":"https:\/\/noticiasmercedinas.com\/site\/","name":"NOTICIASMERCEDINAS.COM","description":"Mercedes, Buenos Aires, Argentina","publisher":{"@id":"https:\/\/noticiasmercedinas.com\/site\/#organization"},"potentialAction":[{"@type":"SearchAction","target":{"@type":"EntryPoint","urlTemplate":"https:\/\/noticiasmercedinas.com\/site\/?s={search_term_string}"},"query-input":{"@type":"PropertyValueSpecification","valueRequired":true,"valueName":"search_term_string"}}],"inLanguage":"es"},{"@type":"Organization","@id":"https:\/\/noticiasmercedinas.com\/site\/#organization","name":"NOTICIASMERCEDINAS.COM","url":"https:\/\/noticiasmercedinas.com\/site\/","logo":{"@type":"ImageObject","inLanguage":"es","@id":"https:\/\/noticiasmercedinas.com\/site\/#\/schema\/logo\/image\/","url":"https:\/\/noticiasmercedinas.com\/site\/wp-content\/uploads\/2020\/06\/LOGO-512.jpg","contentUrl":"https:\/\/noticiasmercedinas.com\/site\/wp-content\/uploads\/2020\/06\/LOGO-512.jpg","width":512,"height":512,"caption":"NOTICIASMERCEDINAS.COM"},"image":{"@id":"https:\/\/noticiasmercedinas.com\/site\/#\/schema\/logo\/image\/"},"sameAs":["https:\/\/www.facebook.com\/noticiasmercedinas\/","https:\/\/x.com\/notmercedinas","https:\/\/www.instagram.com\/noticiasmercedinas\/"]},{"@type":"Person","@id":"https:\/\/noticiasmercedinas.com\/site\/#\/schema\/person\/84b59c099c28ff2e8b77d4ceec5d8063","name":"NOTICIASMERCEDINAS.COM","image":{"@type":"ImageObject","inLanguage":"es","@id":"https:\/\/secure.gravatar.com\/avatar\/4dfbf16b4d17945bfb6341b2d19043457132fcf478a5ee04f42e959fd8f5df0a?s=96&d=mm&r=g","url":"https:\/\/secure.gravatar.com\/avatar\/4dfbf16b4d17945bfb6341b2d19043457132fcf478a5ee04f42e959fd8f5df0a?s=96&d=mm&r=g","contentUrl":"https:\/\/secure.gravatar.com\/avatar\/4dfbf16b4d17945bfb6341b2d19043457132fcf478a5ee04f42e959fd8f5df0a?s=96&d=mm&r=g","caption":"NOTICIASMERCEDINAS.COM"},"url":"https:\/\/noticiasmercedinas.com\/site\/author\/anonimo\/"}]}},"amp_enabled":true,"_links":{"self":[{"href":"https:\/\/noticiasmercedinas.com\/site\/wp-json\/wp\/v2\/posts\/89467","targetHints":{"allow":["GET"]}}],"collection":[{"href":"https:\/\/noticiasmercedinas.com\/site\/wp-json\/wp\/v2\/posts"}],"about":[{"href":"https:\/\/noticiasmercedinas.com\/site\/wp-json\/wp\/v2\/types\/post"}],"author":[{"embeddable":true,"href":"https:\/\/noticiasmercedinas.com\/site\/wp-json\/wp\/v2\/users\/16"}],"replies":[{"embeddable":true,"href":"https:\/\/noticiasmercedinas.com\/site\/wp-json\/wp\/v2\/comments?post=89467"}],"version-history":[{"count":1,"href":"https:\/\/noticiasmercedinas.com\/site\/wp-json\/wp\/v2\/posts\/89467\/revisions"}],"predecessor-version":[{"id":89469,"href":"https:\/\/noticiasmercedinas.com\/site\/wp-json\/wp\/v2\/posts\/89467\/revisions\/89469"}],"wp:featuredmedia":[{"embeddable":true,"href":"https:\/\/noticiasmercedinas.com\/site\/wp-json\/wp\/v2\/media\/89468"}],"wp:attachment":[{"href":"https:\/\/noticiasmercedinas.com\/site\/wp-json\/wp\/v2\/media?parent=89467"}],"wp:term":[{"taxonomy":"category","embeddable":true,"href":"https:\/\/noticiasmercedinas.com\/site\/wp-json\/wp\/v2\/categories?post=89467"},{"taxonomy":"post_tag","embeddable":true,"href":"https:\/\/noticiasmercedinas.com\/site\/wp-json\/wp\/v2\/tags?post=89467"}],"curies":[{"name":"wp","href":"https:\/\/api.w.org\/{rel}","templated":true}]}}