{"id":90001,"date":"2022-05-06T10:41:44","date_gmt":"2022-05-06T13:41:44","guid":{"rendered":"https:\/\/noticiasmercedinas.com\/site\/?p=90001"},"modified":"2022-05-06T11:42:36","modified_gmt":"2022-05-06T14:42:36","slug":"colegio-de-farmaceuticos-entrega-botiquines-a-escuelas","status":"publish","type":"post","link":"https:\/\/noticiasmercedinas.com\/site\/2022\/05\/06\/colegio-de-farmaceuticos-entrega-botiquines-a-escuelas\/","title":{"rendered":"Colegio de Farmac\u00e9uticos entrega botiquines a escuelas"},"content":{"rendered":"<p><a href=\"https:\/\/noticiasmercedinas.com\/site\/wp-content\/uploads\/2022\/05\/photo5163387762194360658.jpg\"><img loading=\"lazy\" decoding=\"async\" class=\"alignnone size-full wp-image-90003\" src=\"https:\/\/noticiasmercedinas.com\/site\/wp-content\/uploads\/2022\/05\/photo5163387762194360658.jpg\" alt=\"\" width=\"640\" height=\"505\" srcset=\"https:\/\/noticiasmercedinas.com\/site\/wp-content\/uploads\/2022\/05\/photo5163387762194360658.jpg 640w, https:\/\/noticiasmercedinas.com\/site\/wp-content\/uploads\/2022\/05\/photo5163387762194360658-300x237.jpg 300w\" sizes=\"auto, (max-width: 640px) 100vw, 640px\" \/><\/a><\/p>\n<p>El Colegio de Farmac\u00e9utico de Mercedes entregar\u00e1 este lunes al Consejo Escolar los productos necesarios para los botiquines de 100 establecimientos educativos del distrito, que este a\u00f1o incluir\u00e1n elementos de primeros auxilios y tambi\u00e9n barbijos y alcohol en gel.<\/p>\n<p>Carlos Milhomme, Tesorero del Colegio, cont\u00f3 a Noticias Mercedinas que este aporte anual se realiza habitualmente desde hace mucho tiempo pero que en 2022 significa una satisfacci\u00f3n especial porque hab\u00eda sido interrumpido por la pandemia de Covid 19.<\/p>\n<blockquote><p>\u201cEs una forma de devolver la inserci\u00f3n que el Colegio tiene en la sociedad\u201d.<\/p><\/blockquote>\n<p>\u201cEs una forma de devolver la inserci\u00f3n que el Colegio tiene en la sociedad\u201d, indic\u00f3 Milhomme y destac\u00f3 que \u201ccada farmacia de barrio genera un contacto con el vecino, paciente o amigo, formando parte de la cadena de salud\u201d.<\/p>\n<p>En este sentido, el farmac\u00e9utico resalt\u00f3 el car\u00e1cter de bien social de los medicamentos y a\u00f1adi\u00f3 que las farmacias llevan adelante un un trabajo que tiene como \u00fanico objetivo la salud de cada paciente, a trav\u00e9s de las obras sociales y de la seguridad social.<\/p>\n<p>Milhomme reconoci\u00f3 la labor de cada farmac\u00e9utico en el barrio como eslabones de la salud p\u00fablica e inform\u00f3 que la entrega de los elementos para los botiquines se realizar\u00e1 el lunes a las 13 horas en la sede del Consejo Escolar de calle 13 y 32. \u201cSer\u00e1 una jornada de mucha alegr\u00eda para nosotros\u201d, expres\u00f3.<\/p>\n<p><a href=\"https:\/\/noticiasmercedinas.com\/site\/wp-content\/uploads\/2022\/05\/photo5163387762194360657.jpg\"><img loading=\"lazy\" decoding=\"async\" class=\"alignnone size-full wp-image-90002\" src=\"https:\/\/noticiasmercedinas.com\/site\/wp-content\/uploads\/2022\/05\/photo5163387762194360657.jpg\" alt=\"\" width=\"1213\" height=\"750\" srcset=\"https:\/\/noticiasmercedinas.com\/site\/wp-content\/uploads\/2022\/05\/photo5163387762194360657.jpg 1213w, https:\/\/noticiasmercedinas.com\/site\/wp-content\/uploads\/2022\/05\/photo5163387762194360657-300x185.jpg 300w, https:\/\/noticiasmercedinas.com\/site\/wp-content\/uploads\/2022\/05\/photo5163387762194360657-1024x633.jpg 1024w, https:\/\/noticiasmercedinas.com\/site\/wp-content\/uploads\/2022\/05\/photo5163387762194360657-768x475.jpg 768w, https:\/\/noticiasmercedinas.com\/site\/wp-content\/uploads\/2022\/05\/photo5163387762194360657-640x396.jpg 640w, https:\/\/noticiasmercedinas.com\/site\/wp-content\/uploads\/2022\/05\/photo5163387762194360657-681x421.jpg 681w\" sizes=\"auto, (max-width: 1213px) 100vw, 1213px\" \/><\/a><\/p>\n","protected":false},"excerpt":{"rendered":"<p>\u25a0 Proveer\u00e1 a 100 establecimientos educativos a trav\u00e9s del Consejo Escolar. Retoma el aporte despu\u00e9s de la pandemia.<\/p>\n","protected":false},"author":16,"featured_media":90003,"comment_status":"open","ping_status":"open","sticky":false,"template":"","format":"standard","meta":{"footnotes":""},"categories":[3],"tags":[14263,1511,1916,267],"class_list":["post-90001","post","type-post","status-publish","format-standard","has-post-thumbnail","hentry","category-sociedad","tag-botiquines","tag-carlos-milhomme","tag-colegio-de-farmaceuticos","tag-consejo-escolar"],"yoast_head":"<!-- This site is optimized with the Yoast SEO plugin v27.5 - https:\/\/yoast.com\/product\/yoast-seo-wordpress\/ -->\n<title>Colegio de Farmac\u00e9uticos entrega botiquines a escuelas<\/title>\n<meta name=\"robots\" content=\"index, follow, max-snippet:-1, max-image-preview:large, max-video-preview:-1\" \/>\n<link rel=\"canonical\" href=\"https:\/\/noticiasmercedinas.com\/site\/2022\/05\/06\/colegio-de-farmaceuticos-entrega-botiquines-a-escuelas\/\" \/>\n<meta property=\"og:locale\" content=\"es_ES\" \/>\n<meta property=\"og:type\" content=\"article\" \/>\n<meta property=\"og:title\" content=\"Colegio de Farmac\u00e9uticos entrega botiquines a escuelas\" \/>\n<meta property=\"og:description\" content=\"\u25a0 Proveer\u00e1 a 100 establecimientos educativos a trav\u00e9s del Consejo Escolar. Retoma el aporte despu\u00e9s de la pandemia.\" \/>\n<meta property=\"og:url\" content=\"https:\/\/noticiasmercedinas.com\/site\/2022\/05\/06\/colegio-de-farmaceuticos-entrega-botiquines-a-escuelas\/\" \/>\n<meta property=\"og:site_name\" content=\"NOTICIASMERCEDINAS.COM\" \/>\n<meta property=\"article:publisher\" content=\"https:\/\/www.facebook.com\/noticiasmercedinas\/\" \/>\n<meta property=\"article:published_time\" content=\"2022-05-06T13:41:44+00:00\" \/>\n<meta property=\"article:modified_time\" content=\"2022-05-06T14:42:36+00:00\" \/>\n<meta property=\"og:image\" content=\"https:\/\/noticiasmercedinas.com\/site\/wp-content\/uploads\/2022\/05\/photo5163387762194360658.jpg\" \/>\n\t<meta property=\"og:image:width\" content=\"640\" \/>\n\t<meta property=\"og:image:height\" content=\"505\" \/>\n\t<meta property=\"og:image:type\" content=\"image\/jpeg\" \/>\n<meta name=\"author\" content=\"NOTICIASMERCEDINAS.COM\" \/>\n<meta name=\"twitter:card\" content=\"summary_large_image\" \/>\n<meta name=\"twitter:creator\" content=\"@notmercedinas\" \/>\n<meta name=\"twitter:site\" content=\"@notmercedinas\" \/>\n<meta name=\"twitter:label1\" content=\"Escrito por\" \/>\n\t<meta name=\"twitter:data1\" content=\"NOTICIASMERCEDINAS.COM\" \/>\n\t<meta name=\"twitter:label2\" content=\"Tiempo de lectura\" \/>\n\t<meta name=\"twitter:data2\" content=\"2 minutos\" \/>\n<script type=\"application\/ld+json\" class=\"yoast-schema-graph\">{\"@context\":\"https:\\\/\\\/schema.org\",\"@graph\":[{\"@type\":\"Article\",\"@id\":\"https:\\\/\\\/noticiasmercedinas.com\\\/site\\\/2022\\\/05\\\/06\\\/colegio-de-farmaceuticos-entrega-botiquines-a-escuelas\\\/#article\",\"isPartOf\":{\"@id\":\"https:\\\/\\\/noticiasmercedinas.com\\\/site\\\/2022\\\/05\\\/06\\\/colegio-de-farmaceuticos-entrega-botiquines-a-escuelas\\\/\"},\"author\":{\"name\":\"NOTICIASMERCEDINAS.COM\",\"@id\":\"https:\\\/\\\/noticiasmercedinas.com\\\/site\\\/#\\\/schema\\\/person\\\/84b59c099c28ff2e8b77d4ceec5d8063\"},\"headline\":\"Colegio de Farmac\u00e9uticos entrega botiquines a escuelas\",\"datePublished\":\"2022-05-06T13:41:44+00:00\",\"dateModified\":\"2022-05-06T14:42:36+00:00\",\"mainEntityOfPage\":{\"@id\":\"https:\\\/\\\/noticiasmercedinas.com\\\/site\\\/2022\\\/05\\\/06\\\/colegio-de-farmaceuticos-entrega-botiquines-a-escuelas\\\/\"},\"wordCount\":247,\"commentCount\":0,\"publisher\":{\"@id\":\"https:\\\/\\\/noticiasmercedinas.com\\\/site\\\/#organization\"},\"image\":{\"@id\":\"https:\\\/\\\/noticiasmercedinas.com\\\/site\\\/2022\\\/05\\\/06\\\/colegio-de-farmaceuticos-entrega-botiquines-a-escuelas\\\/#primaryimage\"},\"thumbnailUrl\":\"https:\\\/\\\/noticiasmercedinas.com\\\/site\\\/wp-content\\\/uploads\\\/2022\\\/05\\\/photo5163387762194360658.jpg\",\"keywords\":[\"Botiquines\",\"carlos milhomme\",\"colegio de farmaceuticos\",\"consejo escolar\"],\"articleSection\":[\"Sociedad\"],\"inLanguage\":\"es\",\"potentialAction\":[{\"@type\":\"CommentAction\",\"name\":\"Comment\",\"target\":[\"https:\\\/\\\/noticiasmercedinas.com\\\/site\\\/2022\\\/05\\\/06\\\/colegio-de-farmaceuticos-entrega-botiquines-a-escuelas\\\/#respond\"]}]},{\"@type\":\"WebPage\",\"@id\":\"https:\\\/\\\/noticiasmercedinas.com\\\/site\\\/2022\\\/05\\\/06\\\/colegio-de-farmaceuticos-entrega-botiquines-a-escuelas\\\/\",\"url\":\"https:\\\/\\\/noticiasmercedinas.com\\\/site\\\/2022\\\/05\\\/06\\\/colegio-de-farmaceuticos-entrega-botiquines-a-escuelas\\\/\",\"name\":\"Colegio de Farmac\u00e9uticos entrega botiquines a escuelas\",\"isPartOf\":{\"@id\":\"https:\\\/\\\/noticiasmercedinas.com\\\/site\\\/#website\"},\"primaryImageOfPage\":{\"@id\":\"https:\\\/\\\/noticiasmercedinas.com\\\/site\\\/2022\\\/05\\\/06\\\/colegio-de-farmaceuticos-entrega-botiquines-a-escuelas\\\/#primaryimage\"},\"image\":{\"@id\":\"https:\\\/\\\/noticiasmercedinas.com\\\/site\\\/2022\\\/05\\\/06\\\/colegio-de-farmaceuticos-entrega-botiquines-a-escuelas\\\/#primaryimage\"},\"thumbnailUrl\":\"https:\\\/\\\/noticiasmercedinas.com\\\/site\\\/wp-content\\\/uploads\\\/2022\\\/05\\\/photo5163387762194360658.jpg\",\"datePublished\":\"2022-05-06T13:41:44+00:00\",\"dateModified\":\"2022-05-06T14:42:36+00:00\",\"breadcrumb\":{\"@id\":\"https:\\\/\\\/noticiasmercedinas.com\\\/site\\\/2022\\\/05\\\/06\\\/colegio-de-farmaceuticos-entrega-botiquines-a-escuelas\\\/#breadcrumb\"},\"inLanguage\":\"es\",\"potentialAction\":[{\"@type\":\"ReadAction\",\"target\":[\"https:\\\/\\\/noticiasmercedinas.com\\\/site\\\/2022\\\/05\\\/06\\\/colegio-de-farmaceuticos-entrega-botiquines-a-escuelas\\\/\"]}]},{\"@type\":\"ImageObject\",\"inLanguage\":\"es\",\"@id\":\"https:\\\/\\\/noticiasmercedinas.com\\\/site\\\/2022\\\/05\\\/06\\\/colegio-de-farmaceuticos-entrega-botiquines-a-escuelas\\\/#primaryimage\",\"url\":\"https:\\\/\\\/noticiasmercedinas.com\\\/site\\\/wp-content\\\/uploads\\\/2022\\\/05\\\/photo5163387762194360658.jpg\",\"contentUrl\":\"https:\\\/\\\/noticiasmercedinas.com\\\/site\\\/wp-content\\\/uploads\\\/2022\\\/05\\\/photo5163387762194360658.jpg\",\"width\":640,\"height\":505},{\"@type\":\"BreadcrumbList\",\"@id\":\"https:\\\/\\\/noticiasmercedinas.com\\\/site\\\/2022\\\/05\\\/06\\\/colegio-de-farmaceuticos-entrega-botiquines-a-escuelas\\\/#breadcrumb\",\"itemListElement\":[{\"@type\":\"ListItem\",\"position\":1,\"name\":\"Portada\",\"item\":\"https:\\\/\\\/noticiasmercedinas.com\\\/site\\\/\"},{\"@type\":\"ListItem\",\"position\":2,\"name\":\"Colegio de Farmac\u00e9uticos entrega botiquines a escuelas\"}]},{\"@type\":\"WebSite\",\"@id\":\"https:\\\/\\\/noticiasmercedinas.com\\\/site\\\/#website\",\"url\":\"https:\\\/\\\/noticiasmercedinas.com\\\/site\\\/\",\"name\":\"NOTICIASMERCEDINAS.COM\",\"description\":\"Mercedes, Buenos Aires, Argentina\",\"publisher\":{\"@id\":\"https:\\\/\\\/noticiasmercedinas.com\\\/site\\\/#organization\"},\"potentialAction\":[{\"@type\":\"SearchAction\",\"target\":{\"@type\":\"EntryPoint\",\"urlTemplate\":\"https:\\\/\\\/noticiasmercedinas.com\\\/site\\\/?s={search_term_string}\"},\"query-input\":{\"@type\":\"PropertyValueSpecification\",\"valueRequired\":true,\"valueName\":\"search_term_string\"}}],\"inLanguage\":\"es\"},{\"@type\":\"Organization\",\"@id\":\"https:\\\/\\\/noticiasmercedinas.com\\\/site\\\/#organization\",\"name\":\"NOTICIASMERCEDINAS.COM\",\"url\":\"https:\\\/\\\/noticiasmercedinas.com\\\/site\\\/\",\"logo\":{\"@type\":\"ImageObject\",\"inLanguage\":\"es\",\"@id\":\"https:\\\/\\\/noticiasmercedinas.com\\\/site\\\/#\\\/schema\\\/logo\\\/image\\\/\",\"url\":\"https:\\\/\\\/noticiasmercedinas.com\\\/site\\\/wp-content\\\/uploads\\\/2020\\\/06\\\/LOGO-512.jpg\",\"contentUrl\":\"https:\\\/\\\/noticiasmercedinas.com\\\/site\\\/wp-content\\\/uploads\\\/2020\\\/06\\\/LOGO-512.jpg\",\"width\":512,\"height\":512,\"caption\":\"NOTICIASMERCEDINAS.COM\"},\"image\":{\"@id\":\"https:\\\/\\\/noticiasmercedinas.com\\\/site\\\/#\\\/schema\\\/logo\\\/image\\\/\"},\"sameAs\":[\"https:\\\/\\\/www.facebook.com\\\/noticiasmercedinas\\\/\",\"https:\\\/\\\/x.com\\\/notmercedinas\",\"https:\\\/\\\/www.instagram.com\\\/noticiasmercedinas\\\/\"]},{\"@type\":\"Person\",\"@id\":\"https:\\\/\\\/noticiasmercedinas.com\\\/site\\\/#\\\/schema\\\/person\\\/84b59c099c28ff2e8b77d4ceec5d8063\",\"name\":\"NOTICIASMERCEDINAS.COM\",\"image\":{\"@type\":\"ImageObject\",\"inLanguage\":\"es\",\"@id\":\"https:\\\/\\\/secure.gravatar.com\\\/avatar\\\/4dfbf16b4d17945bfb6341b2d19043457132fcf478a5ee04f42e959fd8f5df0a?s=96&d=mm&r=g\",\"url\":\"https:\\\/\\\/secure.gravatar.com\\\/avatar\\\/4dfbf16b4d17945bfb6341b2d19043457132fcf478a5ee04f42e959fd8f5df0a?s=96&d=mm&r=g\",\"contentUrl\":\"https:\\\/\\\/secure.gravatar.com\\\/avatar\\\/4dfbf16b4d17945bfb6341b2d19043457132fcf478a5ee04f42e959fd8f5df0a?s=96&d=mm&r=g\",\"caption\":\"NOTICIASMERCEDINAS.COM\"},\"url\":\"https:\\\/\\\/noticiasmercedinas.com\\\/site\\\/author\\\/anonimo\\\/\"}]}<\/script>\n<!-- \/ Yoast SEO plugin. -->","yoast_head_json":{"title":"Colegio de Farmac\u00e9uticos entrega botiquines a escuelas","robots":{"index":"index","follow":"follow","max-snippet":"max-snippet:-1","max-image-preview":"max-image-preview:large","max-video-preview":"max-video-preview:-1"},"canonical":"https:\/\/noticiasmercedinas.com\/site\/2022\/05\/06\/colegio-de-farmaceuticos-entrega-botiquines-a-escuelas\/","og_locale":"es_ES","og_type":"article","og_title":"Colegio de Farmac\u00e9uticos entrega botiquines a escuelas","og_description":"\u25a0 Proveer\u00e1 a 100 establecimientos educativos a trav\u00e9s del Consejo Escolar. Retoma el aporte despu\u00e9s de la pandemia.","og_url":"https:\/\/noticiasmercedinas.com\/site\/2022\/05\/06\/colegio-de-farmaceuticos-entrega-botiquines-a-escuelas\/","og_site_name":"NOTICIASMERCEDINAS.COM","article_publisher":"https:\/\/www.facebook.com\/noticiasmercedinas\/","article_published_time":"2022-05-06T13:41:44+00:00","article_modified_time":"2022-05-06T14:42:36+00:00","og_image":[{"width":640,"height":505,"url":"https:\/\/noticiasmercedinas.com\/site\/wp-content\/uploads\/2022\/05\/photo5163387762194360658.jpg","type":"image\/jpeg"}],"author":"NOTICIASMERCEDINAS.COM","twitter_card":"summary_large_image","twitter_creator":"@notmercedinas","twitter_site":"@notmercedinas","twitter_misc":{"Escrito por":"NOTICIASMERCEDINAS.COM","Tiempo de lectura":"2 minutos"},"schema":{"@context":"https:\/\/schema.org","@graph":[{"@type":"Article","@id":"https:\/\/noticiasmercedinas.com\/site\/2022\/05\/06\/colegio-de-farmaceuticos-entrega-botiquines-a-escuelas\/#article","isPartOf":{"@id":"https:\/\/noticiasmercedinas.com\/site\/2022\/05\/06\/colegio-de-farmaceuticos-entrega-botiquines-a-escuelas\/"},"author":{"name":"NOTICIASMERCEDINAS.COM","@id":"https:\/\/noticiasmercedinas.com\/site\/#\/schema\/person\/84b59c099c28ff2e8b77d4ceec5d8063"},"headline":"Colegio de Farmac\u00e9uticos entrega botiquines a escuelas","datePublished":"2022-05-06T13:41:44+00:00","dateModified":"2022-05-06T14:42:36+00:00","mainEntityOfPage":{"@id":"https:\/\/noticiasmercedinas.com\/site\/2022\/05\/06\/colegio-de-farmaceuticos-entrega-botiquines-a-escuelas\/"},"wordCount":247,"commentCount":0,"publisher":{"@id":"https:\/\/noticiasmercedinas.com\/site\/#organization"},"image":{"@id":"https:\/\/noticiasmercedinas.com\/site\/2022\/05\/06\/colegio-de-farmaceuticos-entrega-botiquines-a-escuelas\/#primaryimage"},"thumbnailUrl":"https:\/\/noticiasmercedinas.com\/site\/wp-content\/uploads\/2022\/05\/photo5163387762194360658.jpg","keywords":["Botiquines","carlos milhomme","colegio de farmaceuticos","consejo escolar"],"articleSection":["Sociedad"],"inLanguage":"es","potentialAction":[{"@type":"CommentAction","name":"Comment","target":["https:\/\/noticiasmercedinas.com\/site\/2022\/05\/06\/colegio-de-farmaceuticos-entrega-botiquines-a-escuelas\/#respond"]}]},{"@type":"WebPage","@id":"https:\/\/noticiasmercedinas.com\/site\/2022\/05\/06\/colegio-de-farmaceuticos-entrega-botiquines-a-escuelas\/","url":"https:\/\/noticiasmercedinas.com\/site\/2022\/05\/06\/colegio-de-farmaceuticos-entrega-botiquines-a-escuelas\/","name":"Colegio de Farmac\u00e9uticos entrega botiquines a escuelas","isPartOf":{"@id":"https:\/\/noticiasmercedinas.com\/site\/#website"},"primaryImageOfPage":{"@id":"https:\/\/noticiasmercedinas.com\/site\/2022\/05\/06\/colegio-de-farmaceuticos-entrega-botiquines-a-escuelas\/#primaryimage"},"image":{"@id":"https:\/\/noticiasmercedinas.com\/site\/2022\/05\/06\/colegio-de-farmaceuticos-entrega-botiquines-a-escuelas\/#primaryimage"},"thumbnailUrl":"https:\/\/noticiasmercedinas.com\/site\/wp-content\/uploads\/2022\/05\/photo5163387762194360658.jpg","datePublished":"2022-05-06T13:41:44+00:00","dateModified":"2022-05-06T14:42:36+00:00","breadcrumb":{"@id":"https:\/\/noticiasmercedinas.com\/site\/2022\/05\/06\/colegio-de-farmaceuticos-entrega-botiquines-a-escuelas\/#breadcrumb"},"inLanguage":"es","potentialAction":[{"@type":"ReadAction","target":["https:\/\/noticiasmercedinas.com\/site\/2022\/05\/06\/colegio-de-farmaceuticos-entrega-botiquines-a-escuelas\/"]}]},{"@type":"ImageObject","inLanguage":"es","@id":"https:\/\/noticiasmercedinas.com\/site\/2022\/05\/06\/colegio-de-farmaceuticos-entrega-botiquines-a-escuelas\/#primaryimage","url":"https:\/\/noticiasmercedinas.com\/site\/wp-content\/uploads\/2022\/05\/photo5163387762194360658.jpg","contentUrl":"https:\/\/noticiasmercedinas.com\/site\/wp-content\/uploads\/2022\/05\/photo5163387762194360658.jpg","width":640,"height":505},{"@type":"BreadcrumbList","@id":"https:\/\/noticiasmercedinas.com\/site\/2022\/05\/06\/colegio-de-farmaceuticos-entrega-botiquines-a-escuelas\/#breadcrumb","itemListElement":[{"@type":"ListItem","position":1,"name":"Portada","item":"https:\/\/noticiasmercedinas.com\/site\/"},{"@type":"ListItem","position":2,"name":"Colegio de Farmac\u00e9uticos entrega botiquines a escuelas"}]},{"@type":"WebSite","@id":"https:\/\/noticiasmercedinas.com\/site\/#website","url":"https:\/\/noticiasmercedinas.com\/site\/","name":"NOTICIASMERCEDINAS.COM","description":"Mercedes, Buenos Aires, Argentina","publisher":{"@id":"https:\/\/noticiasmercedinas.com\/site\/#organization"},"potentialAction":[{"@type":"SearchAction","target":{"@type":"EntryPoint","urlTemplate":"https:\/\/noticiasmercedinas.com\/site\/?s={search_term_string}"},"query-input":{"@type":"PropertyValueSpecification","valueRequired":true,"valueName":"search_term_string"}}],"inLanguage":"es"},{"@type":"Organization","@id":"https:\/\/noticiasmercedinas.com\/site\/#organization","name":"NOTICIASMERCEDINAS.COM","url":"https:\/\/noticiasmercedinas.com\/site\/","logo":{"@type":"ImageObject","inLanguage":"es","@id":"https:\/\/noticiasmercedinas.com\/site\/#\/schema\/logo\/image\/","url":"https:\/\/noticiasmercedinas.com\/site\/wp-content\/uploads\/2020\/06\/LOGO-512.jpg","contentUrl":"https:\/\/noticiasmercedinas.com\/site\/wp-content\/uploads\/2020\/06\/LOGO-512.jpg","width":512,"height":512,"caption":"NOTICIASMERCEDINAS.COM"},"image":{"@id":"https:\/\/noticiasmercedinas.com\/site\/#\/schema\/logo\/image\/"},"sameAs":["https:\/\/www.facebook.com\/noticiasmercedinas\/","https:\/\/x.com\/notmercedinas","https:\/\/www.instagram.com\/noticiasmercedinas\/"]},{"@type":"Person","@id":"https:\/\/noticiasmercedinas.com\/site\/#\/schema\/person\/84b59c099c28ff2e8b77d4ceec5d8063","name":"NOTICIASMERCEDINAS.COM","image":{"@type":"ImageObject","inLanguage":"es","@id":"https:\/\/secure.gravatar.com\/avatar\/4dfbf16b4d17945bfb6341b2d19043457132fcf478a5ee04f42e959fd8f5df0a?s=96&d=mm&r=g","url":"https:\/\/secure.gravatar.com\/avatar\/4dfbf16b4d17945bfb6341b2d19043457132fcf478a5ee04f42e959fd8f5df0a?s=96&d=mm&r=g","contentUrl":"https:\/\/secure.gravatar.com\/avatar\/4dfbf16b4d17945bfb6341b2d19043457132fcf478a5ee04f42e959fd8f5df0a?s=96&d=mm&r=g","caption":"NOTICIASMERCEDINAS.COM"},"url":"https:\/\/noticiasmercedinas.com\/site\/author\/anonimo\/"}]}},"amp_enabled":true,"_links":{"self":[{"href":"https:\/\/noticiasmercedinas.com\/site\/wp-json\/wp\/v2\/posts\/90001","targetHints":{"allow":["GET"]}}],"collection":[{"href":"https:\/\/noticiasmercedinas.com\/site\/wp-json\/wp\/v2\/posts"}],"about":[{"href":"https:\/\/noticiasmercedinas.com\/site\/wp-json\/wp\/v2\/types\/post"}],"author":[{"embeddable":true,"href":"https:\/\/noticiasmercedinas.com\/site\/wp-json\/wp\/v2\/users\/16"}],"replies":[{"embeddable":true,"href":"https:\/\/noticiasmercedinas.com\/site\/wp-json\/wp\/v2\/comments?post=90001"}],"version-history":[{"count":2,"href":"https:\/\/noticiasmercedinas.com\/site\/wp-json\/wp\/v2\/posts\/90001\/revisions"}],"predecessor-version":[{"id":90005,"href":"https:\/\/noticiasmercedinas.com\/site\/wp-json\/wp\/v2\/posts\/90001\/revisions\/90005"}],"wp:featuredmedia":[{"embeddable":true,"href":"https:\/\/noticiasmercedinas.com\/site\/wp-json\/wp\/v2\/media\/90003"}],"wp:attachment":[{"href":"https:\/\/noticiasmercedinas.com\/site\/wp-json\/wp\/v2\/media?parent=90001"}],"wp:term":[{"taxonomy":"category","embeddable":true,"href":"https:\/\/noticiasmercedinas.com\/site\/wp-json\/wp\/v2\/categories?post=90001"},{"taxonomy":"post_tag","embeddable":true,"href":"https:\/\/noticiasmercedinas.com\/site\/wp-json\/wp\/v2\/tags?post=90001"}],"curies":[{"name":"wp","href":"https:\/\/api.w.org\/{rel}","templated":true}]}}