{"id":90046,"date":"2022-05-07T07:46:40","date_gmt":"2022-05-07T10:46:40","guid":{"rendered":"https:\/\/noticiasmercedinas.com\/site\/?p=90046"},"modified":"2022-05-07T07:46:40","modified_gmt":"2022-05-07T10:46:40","slug":"avanza-con-exito-el-censo-productivo-mercedino","status":"publish","type":"post","link":"https:\/\/noticiasmercedinas.com\/site\/2022\/05\/07\/avanza-con-exito-el-censo-productivo-mercedino\/","title":{"rendered":"Avanza con \u00e9xito el censo productivo mercedino"},"content":{"rendered":"<p><img loading=\"lazy\" decoding=\"async\" class=\"alignnone size-full wp-image-90047\" src=\"https:\/\/noticiasmercedinas.com\/site\/wp-content\/uploads\/2022\/05\/DSC_0057.jpg\" alt=\"\" width=\"922\" height=\"615\" srcset=\"https:\/\/noticiasmercedinas.com\/site\/wp-content\/uploads\/2022\/05\/DSC_0057.jpg 922w, https:\/\/noticiasmercedinas.com\/site\/wp-content\/uploads\/2022\/05\/DSC_0057-300x200.jpg 300w, https:\/\/noticiasmercedinas.com\/site\/wp-content\/uploads\/2022\/05\/DSC_0057-768x512.jpg 768w, https:\/\/noticiasmercedinas.com\/site\/wp-content\/uploads\/2022\/05\/DSC_0057-640x427.jpg 640w, https:\/\/noticiasmercedinas.com\/site\/wp-content\/uploads\/2022\/05\/DSC_0057-681x454.jpg 681w\" sizes=\"auto, (max-width: 922px) 100vw, 922px\" \/><\/p>\n<p>Desde la Direcci\u00f3n de Producci\u00f3n avanzan con acciones que tienen como objetivo obtener un gran marco informativo de los sectores industriales, culturales, tur\u00edsticos, emprendedores, artesanos, es decir, de las m\u00faltiples unidades productivas del Partido. Es un Censo sumamente valioso para el presente y la planificaci\u00f3n futura.<\/p>\n<p>Desde el \u00e1rea que conduce el Ingeniero Patricio Ballesty se trabaja para obtener un resultado que permita obtener el perfil productivo de nuestra ciudad, totalmente actualizado, ya que hace muchos a\u00f1os se habla de que la ciudad posee un perfil metal mec\u00e1nico, pero la realidad local fue cambiando y tomando otros rumbos con respecto a la producci\u00f3n.<\/p>\n<p>Deber\u00e1 trabajarse de forma ordenada en las diferentes medidas que tienen que ver con las necesidades de los productores. Del informe se prev\u00e9 acompa\u00f1ar en temas como las capacitaciones, asistencia t\u00e9cnica, financiera, de promoci\u00f3n, seg\u00fan qu\u00e9 requiera cada situaci\u00f3n en particular.<\/p>\n<p>Hasta el momento se han visitado m\u00e1s de 40 empresas que han abiertos sus puertas para esta forma de trabajo coordinando los esfuerzos del Estado y el sector privado.<\/p>\n<p>Algunas de ellas son Agrale Argentina, Almacima, Blockera, Destiler\u00eda Dio Furbo, Clonaquim, Establecimiento fideero Mercedes, Fernandez Omar, Good Cream, Indemet, Valia, Internegocios, Intraud, JP servicio t\u00e9cnico montajes industriales, JR Micromec\u00e1nica, Laplaca Hern\u00e1n Obdulio, Piedra Grande, Metal\u00fargica Lobato, Losinno Lucas, Mandaglio Jos\u00e9, Mecanizados La Regina, Merplac, 6600 cerveza de autor, Pura bio, Qu\u00edmica JP, Real Cesar Alberto, La Parmesana, Agomar, Tecnovax, Venegoni Omar, Vitron biotecnolog\u00eda vegetal Argentina, Metal sil, El Tiz\u00f3n hotel de campo, Finca La Paquita, Gran Hotel Mercedes, Don Huberto, Antenor restaurante de campo, Corral\u00f3n San Jos\u00e9, Burgos Pedro, Gatica Marcelo, BM servicios industriales, entre otras, tal cual destacaron desde Producci\u00f3n.<\/p>\n<p>\u201cAgradecemos la predisposici\u00f3n y colaboraci\u00f3n del sector ya que es de suma importancia el trabajo articulado para poder seguir construyendo una ciudad unida, con proyecci\u00f3n y planificaci\u00f3n, tal como siempre nos insta el intendente Ustarroz\u201d, manifest\u00f3 el director del \u00e1rea, <strong>Patricio Ballesty<\/strong>.<\/p>\n","protected":false},"excerpt":{"rendered":"<p>\u25a0 Ya se han visitado m\u00e1s de 40 empresas. Del informe se prev\u00e9 acompa\u00f1ar en temas como las capacitaciones, asistencia t\u00e9cnica, financiera, de promoci\u00f3n, seg\u00fan qu\u00e9 requiera cada situaci\u00f3n en particular.<\/p>\n","protected":false},"author":16,"featured_media":90047,"comment_status":"open","ping_status":"open","sticky":false,"template":"","format":"standard","meta":{"footnotes":""},"categories":[74],"tags":[14287,14291,9854,14270,14299,14271,14303,14301,12309,14273,14300,14272,14298,14295,14274,14275,14296,14302,14276,14297,10749,14278,7715,14279,14280,3295,14281,14284,14285,14286,13531,14294,14283,11279,14282,32,14288,14289,14290,12098,14277,14292,14293],"class_list":["post-90046","post","type-post","status-publish","format-standard","has-post-thumbnail","hentry","category-emprendimientos","tag-6600-cerveza-de-autor","tag-agomar","tag-agrale-argentina","tag-almacima","tag-antenor-restaurante-de-campo","tag-blockera","tag-bm-servicios-industriales","tag-burgos-pedro","tag-censo","tag-clonaquim","tag-corralon-san-jose","tag-destileria-dio-furbo","tag-don-huberto","tag-el-tizon-hotel-de-campo","tag-establecimiento-fideero-mercedes","tag-fernandez-omar","tag-finca-la-paquita","tag-gatica-marcelo","tag-good-cream","tag-gran-hotel-mercedes","tag-indemet","tag-internegocios","tag-intraud","tag-jp-servicio-tecnico-montajes-industriales","tag-jr-micromecanica","tag-la-parmesana","tag-laplaca-hernan-obdulio","tag-losinno-lucas","tag-mandaglio-jose","tag-mecanizados-la-regina","tag-merplac","tag-metal-sil","tag-metalurgica-lobato","tag-patricio-ballesty","tag-piedra-grande","tag-produccion","tag-pura-bio","tag-quimica-jp","tag-real-cesar-alberto","tag-tecnovax","tag-valia","tag-venegoni-omar","tag-vitron-biotecnologia-vegetal-argentina"],"yoast_head":"<!-- This site is optimized with the Yoast SEO plugin v27.4 - https:\/\/yoast.com\/product\/yoast-seo-wordpress\/ -->\n<title>Avanza con \u00e9xito el censo productivo mercedino<\/title>\n<meta name=\"robots\" content=\"index, follow, max-snippet:-1, max-image-preview:large, max-video-preview:-1\" \/>\n<link rel=\"canonical\" href=\"https:\/\/noticiasmercedinas.com\/site\/2022\/05\/07\/avanza-con-exito-el-censo-productivo-mercedino\/\" \/>\n<meta property=\"og:locale\" content=\"es_ES\" \/>\n<meta property=\"og:type\" content=\"article\" \/>\n<meta property=\"og:title\" content=\"Avanza con \u00e9xito el censo productivo mercedino\" \/>\n<meta property=\"og:description\" content=\"\u25a0 Ya se han visitado m\u00e1s de 40 empresas. Del informe se prev\u00e9 acompa\u00f1ar en temas como las capacitaciones, asistencia t\u00e9cnica, financiera, de promoci\u00f3n, seg\u00fan qu\u00e9 requiera cada situaci\u00f3n en particular.\" \/>\n<meta property=\"og:url\" content=\"https:\/\/noticiasmercedinas.com\/site\/2022\/05\/07\/avanza-con-exito-el-censo-productivo-mercedino\/\" \/>\n<meta property=\"og:site_name\" content=\"NOTICIASMERCEDINAS.COM\" \/>\n<meta property=\"article:publisher\" content=\"https:\/\/www.facebook.com\/noticiasmercedinas\/\" \/>\n<meta property=\"article:published_time\" content=\"2022-05-07T10:46:40+00:00\" \/>\n<meta property=\"og:image\" content=\"https:\/\/noticiasmercedinas.com\/site\/wp-content\/uploads\/2022\/05\/DSC_0057.jpg\" \/>\n\t<meta property=\"og:image:width\" content=\"922\" \/>\n\t<meta property=\"og:image:height\" content=\"615\" \/>\n\t<meta property=\"og:image:type\" content=\"image\/jpeg\" \/>\n<meta name=\"author\" content=\"NOTICIASMERCEDINAS.COM\" \/>\n<meta name=\"twitter:card\" content=\"summary_large_image\" \/>\n<meta name=\"twitter:creator\" content=\"@notmercedinas\" \/>\n<meta name=\"twitter:site\" content=\"@notmercedinas\" \/>\n<meta name=\"twitter:label1\" content=\"Escrito por\" \/>\n\t<meta name=\"twitter:data1\" content=\"NOTICIASMERCEDINAS.COM\" \/>\n\t<meta name=\"twitter:label2\" content=\"Tiempo de lectura\" \/>\n\t<meta name=\"twitter:data2\" content=\"2 minutos\" \/>\n<script type=\"application\/ld+json\" class=\"yoast-schema-graph\">{\"@context\":\"https:\\\/\\\/schema.org\",\"@graph\":[{\"@type\":\"Article\",\"@id\":\"https:\\\/\\\/noticiasmercedinas.com\\\/site\\\/2022\\\/05\\\/07\\\/avanza-con-exito-el-censo-productivo-mercedino\\\/#article\",\"isPartOf\":{\"@id\":\"https:\\\/\\\/noticiasmercedinas.com\\\/site\\\/2022\\\/05\\\/07\\\/avanza-con-exito-el-censo-productivo-mercedino\\\/\"},\"author\":{\"name\":\"NOTICIASMERCEDINAS.COM\",\"@id\":\"https:\\\/\\\/noticiasmercedinas.com\\\/site\\\/#\\\/schema\\\/person\\\/84b59c099c28ff2e8b77d4ceec5d8063\"},\"headline\":\"Avanza con \u00e9xito el censo productivo mercedino\",\"datePublished\":\"2022-05-07T10:46:40+00:00\",\"mainEntityOfPage\":{\"@id\":\"https:\\\/\\\/noticiasmercedinas.com\\\/site\\\/2022\\\/05\\\/07\\\/avanza-con-exito-el-censo-productivo-mercedino\\\/\"},\"wordCount\":350,\"commentCount\":0,\"publisher\":{\"@id\":\"https:\\\/\\\/noticiasmercedinas.com\\\/site\\\/#organization\"},\"image\":{\"@id\":\"https:\\\/\\\/noticiasmercedinas.com\\\/site\\\/2022\\\/05\\\/07\\\/avanza-con-exito-el-censo-productivo-mercedino\\\/#primaryimage\"},\"thumbnailUrl\":\"https:\\\/\\\/noticiasmercedinas.com\\\/site\\\/wp-content\\\/uploads\\\/2022\\\/05\\\/DSC_0057.jpg\",\"keywords\":[\"6600 cerveza de autor\",\"Agomar\",\"agrale argentina\",\"Almacima\",\"Antenor restaurante de campo\",\"Blockera\",\"BM servicios industriales\",\"Burgos Pedro\",\"censo\",\"Clonaquim\",\"Corral\u00f3n San Jos\u00e9\",\"Destiler\u00eda Dio Furbo\",\"Don Huberto\",\"El Tiz\u00f3n hotel de campo\",\"Establecimiento fideero Mercedes\",\"Fernandez Omar\",\"Finca La Paquita\",\"Gatica Marcelo\",\"Good Cream\",\"Gran Hotel Mercedes\",\"INDEMET\",\"Internegocios\",\"Intraud\",\"JP servicio t\u00e9cnico montajes industriales\",\"JR Micromec\u00e1nica\",\"la parmesana\",\"Laplaca Hern\u00e1n Obdulio\",\"Losinno Lucas\",\"Mandaglio Jos\u00e9\",\"Mecanizados La Regina\",\"merplac\",\"Metal sil\",\"Metal\u00fargica Lobato\",\"patricio ballesty\",\"Piedra Grande\",\"produccion\",\"Pura bio\",\"Qu\u00edmica JP\",\"Real Cesar Alberto\",\"tecnovax\",\"Valia\",\"Venegoni Omar\",\"Vitron biotecnolog\u00eda vegetal Argentina\"],\"articleSection\":[\"Emprendimientos\"],\"inLanguage\":\"es\",\"potentialAction\":[{\"@type\":\"CommentAction\",\"name\":\"Comment\",\"target\":[\"https:\\\/\\\/noticiasmercedinas.com\\\/site\\\/2022\\\/05\\\/07\\\/avanza-con-exito-el-censo-productivo-mercedino\\\/#respond\"]}]},{\"@type\":\"WebPage\",\"@id\":\"https:\\\/\\\/noticiasmercedinas.com\\\/site\\\/2022\\\/05\\\/07\\\/avanza-con-exito-el-censo-productivo-mercedino\\\/\",\"url\":\"https:\\\/\\\/noticiasmercedinas.com\\\/site\\\/2022\\\/05\\\/07\\\/avanza-con-exito-el-censo-productivo-mercedino\\\/\",\"name\":\"Avanza con \u00e9xito el censo productivo mercedino\",\"isPartOf\":{\"@id\":\"https:\\\/\\\/noticiasmercedinas.com\\\/site\\\/#website\"},\"primaryImageOfPage\":{\"@id\":\"https:\\\/\\\/noticiasmercedinas.com\\\/site\\\/2022\\\/05\\\/07\\\/avanza-con-exito-el-censo-productivo-mercedino\\\/#primaryimage\"},\"image\":{\"@id\":\"https:\\\/\\\/noticiasmercedinas.com\\\/site\\\/2022\\\/05\\\/07\\\/avanza-con-exito-el-censo-productivo-mercedino\\\/#primaryimage\"},\"thumbnailUrl\":\"https:\\\/\\\/noticiasmercedinas.com\\\/site\\\/wp-content\\\/uploads\\\/2022\\\/05\\\/DSC_0057.jpg\",\"datePublished\":\"2022-05-07T10:46:40+00:00\",\"breadcrumb\":{\"@id\":\"https:\\\/\\\/noticiasmercedinas.com\\\/site\\\/2022\\\/05\\\/07\\\/avanza-con-exito-el-censo-productivo-mercedino\\\/#breadcrumb\"},\"inLanguage\":\"es\",\"potentialAction\":[{\"@type\":\"ReadAction\",\"target\":[\"https:\\\/\\\/noticiasmercedinas.com\\\/site\\\/2022\\\/05\\\/07\\\/avanza-con-exito-el-censo-productivo-mercedino\\\/\"]}]},{\"@type\":\"ImageObject\",\"inLanguage\":\"es\",\"@id\":\"https:\\\/\\\/noticiasmercedinas.com\\\/site\\\/2022\\\/05\\\/07\\\/avanza-con-exito-el-censo-productivo-mercedino\\\/#primaryimage\",\"url\":\"https:\\\/\\\/noticiasmercedinas.com\\\/site\\\/wp-content\\\/uploads\\\/2022\\\/05\\\/DSC_0057.jpg\",\"contentUrl\":\"https:\\\/\\\/noticiasmercedinas.com\\\/site\\\/wp-content\\\/uploads\\\/2022\\\/05\\\/DSC_0057.jpg\",\"width\":922,\"height\":615},{\"@type\":\"BreadcrumbList\",\"@id\":\"https:\\\/\\\/noticiasmercedinas.com\\\/site\\\/2022\\\/05\\\/07\\\/avanza-con-exito-el-censo-productivo-mercedino\\\/#breadcrumb\",\"itemListElement\":[{\"@type\":\"ListItem\",\"position\":1,\"name\":\"Portada\",\"item\":\"https:\\\/\\\/noticiasmercedinas.com\\\/site\\\/\"},{\"@type\":\"ListItem\",\"position\":2,\"name\":\"Avanza con \u00e9xito el censo productivo mercedino\"}]},{\"@type\":\"WebSite\",\"@id\":\"https:\\\/\\\/noticiasmercedinas.com\\\/site\\\/#website\",\"url\":\"https:\\\/\\\/noticiasmercedinas.com\\\/site\\\/\",\"name\":\"NOTICIASMERCEDINAS.COM\",\"description\":\"Mercedes, Buenos Aires, Argentina\",\"publisher\":{\"@id\":\"https:\\\/\\\/noticiasmercedinas.com\\\/site\\\/#organization\"},\"potentialAction\":[{\"@type\":\"SearchAction\",\"target\":{\"@type\":\"EntryPoint\",\"urlTemplate\":\"https:\\\/\\\/noticiasmercedinas.com\\\/site\\\/?s={search_term_string}\"},\"query-input\":{\"@type\":\"PropertyValueSpecification\",\"valueRequired\":true,\"valueName\":\"search_term_string\"}}],\"inLanguage\":\"es\"},{\"@type\":\"Organization\",\"@id\":\"https:\\\/\\\/noticiasmercedinas.com\\\/site\\\/#organization\",\"name\":\"NOTICIASMERCEDINAS.COM\",\"url\":\"https:\\\/\\\/noticiasmercedinas.com\\\/site\\\/\",\"logo\":{\"@type\":\"ImageObject\",\"inLanguage\":\"es\",\"@id\":\"https:\\\/\\\/noticiasmercedinas.com\\\/site\\\/#\\\/schema\\\/logo\\\/image\\\/\",\"url\":\"https:\\\/\\\/noticiasmercedinas.com\\\/site\\\/wp-content\\\/uploads\\\/2020\\\/06\\\/LOGO-512.jpg\",\"contentUrl\":\"https:\\\/\\\/noticiasmercedinas.com\\\/site\\\/wp-content\\\/uploads\\\/2020\\\/06\\\/LOGO-512.jpg\",\"width\":512,\"height\":512,\"caption\":\"NOTICIASMERCEDINAS.COM\"},\"image\":{\"@id\":\"https:\\\/\\\/noticiasmercedinas.com\\\/site\\\/#\\\/schema\\\/logo\\\/image\\\/\"},\"sameAs\":[\"https:\\\/\\\/www.facebook.com\\\/noticiasmercedinas\\\/\",\"https:\\\/\\\/x.com\\\/notmercedinas\",\"https:\\\/\\\/www.instagram.com\\\/noticiasmercedinas\\\/\"]},{\"@type\":\"Person\",\"@id\":\"https:\\\/\\\/noticiasmercedinas.com\\\/site\\\/#\\\/schema\\\/person\\\/84b59c099c28ff2e8b77d4ceec5d8063\",\"name\":\"NOTICIASMERCEDINAS.COM\",\"image\":{\"@type\":\"ImageObject\",\"inLanguage\":\"es\",\"@id\":\"https:\\\/\\\/secure.gravatar.com\\\/avatar\\\/4dfbf16b4d17945bfb6341b2d19043457132fcf478a5ee04f42e959fd8f5df0a?s=96&d=mm&r=g\",\"url\":\"https:\\\/\\\/secure.gravatar.com\\\/avatar\\\/4dfbf16b4d17945bfb6341b2d19043457132fcf478a5ee04f42e959fd8f5df0a?s=96&d=mm&r=g\",\"contentUrl\":\"https:\\\/\\\/secure.gravatar.com\\\/avatar\\\/4dfbf16b4d17945bfb6341b2d19043457132fcf478a5ee04f42e959fd8f5df0a?s=96&d=mm&r=g\",\"caption\":\"NOTICIASMERCEDINAS.COM\"},\"url\":\"https:\\\/\\\/noticiasmercedinas.com\\\/site\\\/author\\\/anonimo\\\/\"}]}<\/script>\n<!-- \/ Yoast SEO plugin. -->","yoast_head_json":{"title":"Avanza con \u00e9xito el censo productivo mercedino","robots":{"index":"index","follow":"follow","max-snippet":"max-snippet:-1","max-image-preview":"max-image-preview:large","max-video-preview":"max-video-preview:-1"},"canonical":"https:\/\/noticiasmercedinas.com\/site\/2022\/05\/07\/avanza-con-exito-el-censo-productivo-mercedino\/","og_locale":"es_ES","og_type":"article","og_title":"Avanza con \u00e9xito el censo productivo mercedino","og_description":"\u25a0 Ya se han visitado m\u00e1s de 40 empresas. Del informe se prev\u00e9 acompa\u00f1ar en temas como las capacitaciones, asistencia t\u00e9cnica, financiera, de promoci\u00f3n, seg\u00fan qu\u00e9 requiera cada situaci\u00f3n en particular.","og_url":"https:\/\/noticiasmercedinas.com\/site\/2022\/05\/07\/avanza-con-exito-el-censo-productivo-mercedino\/","og_site_name":"NOTICIASMERCEDINAS.COM","article_publisher":"https:\/\/www.facebook.com\/noticiasmercedinas\/","article_published_time":"2022-05-07T10:46:40+00:00","og_image":[{"width":922,"height":615,"url":"https:\/\/noticiasmercedinas.com\/site\/wp-content\/uploads\/2022\/05\/DSC_0057.jpg","type":"image\/jpeg"}],"author":"NOTICIASMERCEDINAS.COM","twitter_card":"summary_large_image","twitter_creator":"@notmercedinas","twitter_site":"@notmercedinas","twitter_misc":{"Escrito por":"NOTICIASMERCEDINAS.COM","Tiempo de lectura":"2 minutos"},"schema":{"@context":"https:\/\/schema.org","@graph":[{"@type":"Article","@id":"https:\/\/noticiasmercedinas.com\/site\/2022\/05\/07\/avanza-con-exito-el-censo-productivo-mercedino\/#article","isPartOf":{"@id":"https:\/\/noticiasmercedinas.com\/site\/2022\/05\/07\/avanza-con-exito-el-censo-productivo-mercedino\/"},"author":{"name":"NOTICIASMERCEDINAS.COM","@id":"https:\/\/noticiasmercedinas.com\/site\/#\/schema\/person\/84b59c099c28ff2e8b77d4ceec5d8063"},"headline":"Avanza con \u00e9xito el censo productivo mercedino","datePublished":"2022-05-07T10:46:40+00:00","mainEntityOfPage":{"@id":"https:\/\/noticiasmercedinas.com\/site\/2022\/05\/07\/avanza-con-exito-el-censo-productivo-mercedino\/"},"wordCount":350,"commentCount":0,"publisher":{"@id":"https:\/\/noticiasmercedinas.com\/site\/#organization"},"image":{"@id":"https:\/\/noticiasmercedinas.com\/site\/2022\/05\/07\/avanza-con-exito-el-censo-productivo-mercedino\/#primaryimage"},"thumbnailUrl":"https:\/\/noticiasmercedinas.com\/site\/wp-content\/uploads\/2022\/05\/DSC_0057.jpg","keywords":["6600 cerveza de autor","Agomar","agrale argentina","Almacima","Antenor restaurante de campo","Blockera","BM servicios industriales","Burgos Pedro","censo","Clonaquim","Corral\u00f3n San Jos\u00e9","Destiler\u00eda Dio Furbo","Don Huberto","El Tiz\u00f3n hotel de campo","Establecimiento fideero Mercedes","Fernandez Omar","Finca La Paquita","Gatica Marcelo","Good Cream","Gran Hotel Mercedes","INDEMET","Internegocios","Intraud","JP servicio t\u00e9cnico montajes industriales","JR Micromec\u00e1nica","la parmesana","Laplaca Hern\u00e1n Obdulio","Losinno Lucas","Mandaglio Jos\u00e9","Mecanizados La Regina","merplac","Metal sil","Metal\u00fargica Lobato","patricio ballesty","Piedra Grande","produccion","Pura bio","Qu\u00edmica JP","Real Cesar Alberto","tecnovax","Valia","Venegoni Omar","Vitron biotecnolog\u00eda vegetal Argentina"],"articleSection":["Emprendimientos"],"inLanguage":"es","potentialAction":[{"@type":"CommentAction","name":"Comment","target":["https:\/\/noticiasmercedinas.com\/site\/2022\/05\/07\/avanza-con-exito-el-censo-productivo-mercedino\/#respond"]}]},{"@type":"WebPage","@id":"https:\/\/noticiasmercedinas.com\/site\/2022\/05\/07\/avanza-con-exito-el-censo-productivo-mercedino\/","url":"https:\/\/noticiasmercedinas.com\/site\/2022\/05\/07\/avanza-con-exito-el-censo-productivo-mercedino\/","name":"Avanza con \u00e9xito el censo productivo mercedino","isPartOf":{"@id":"https:\/\/noticiasmercedinas.com\/site\/#website"},"primaryImageOfPage":{"@id":"https:\/\/noticiasmercedinas.com\/site\/2022\/05\/07\/avanza-con-exito-el-censo-productivo-mercedino\/#primaryimage"},"image":{"@id":"https:\/\/noticiasmercedinas.com\/site\/2022\/05\/07\/avanza-con-exito-el-censo-productivo-mercedino\/#primaryimage"},"thumbnailUrl":"https:\/\/noticiasmercedinas.com\/site\/wp-content\/uploads\/2022\/05\/DSC_0057.jpg","datePublished":"2022-05-07T10:46:40+00:00","breadcrumb":{"@id":"https:\/\/noticiasmercedinas.com\/site\/2022\/05\/07\/avanza-con-exito-el-censo-productivo-mercedino\/#breadcrumb"},"inLanguage":"es","potentialAction":[{"@type":"ReadAction","target":["https:\/\/noticiasmercedinas.com\/site\/2022\/05\/07\/avanza-con-exito-el-censo-productivo-mercedino\/"]}]},{"@type":"ImageObject","inLanguage":"es","@id":"https:\/\/noticiasmercedinas.com\/site\/2022\/05\/07\/avanza-con-exito-el-censo-productivo-mercedino\/#primaryimage","url":"https:\/\/noticiasmercedinas.com\/site\/wp-content\/uploads\/2022\/05\/DSC_0057.jpg","contentUrl":"https:\/\/noticiasmercedinas.com\/site\/wp-content\/uploads\/2022\/05\/DSC_0057.jpg","width":922,"height":615},{"@type":"BreadcrumbList","@id":"https:\/\/noticiasmercedinas.com\/site\/2022\/05\/07\/avanza-con-exito-el-censo-productivo-mercedino\/#breadcrumb","itemListElement":[{"@type":"ListItem","position":1,"name":"Portada","item":"https:\/\/noticiasmercedinas.com\/site\/"},{"@type":"ListItem","position":2,"name":"Avanza con \u00e9xito el censo productivo mercedino"}]},{"@type":"WebSite","@id":"https:\/\/noticiasmercedinas.com\/site\/#website","url":"https:\/\/noticiasmercedinas.com\/site\/","name":"NOTICIASMERCEDINAS.COM","description":"Mercedes, Buenos Aires, Argentina","publisher":{"@id":"https:\/\/noticiasmercedinas.com\/site\/#organization"},"potentialAction":[{"@type":"SearchAction","target":{"@type":"EntryPoint","urlTemplate":"https:\/\/noticiasmercedinas.com\/site\/?s={search_term_string}"},"query-input":{"@type":"PropertyValueSpecification","valueRequired":true,"valueName":"search_term_string"}}],"inLanguage":"es"},{"@type":"Organization","@id":"https:\/\/noticiasmercedinas.com\/site\/#organization","name":"NOTICIASMERCEDINAS.COM","url":"https:\/\/noticiasmercedinas.com\/site\/","logo":{"@type":"ImageObject","inLanguage":"es","@id":"https:\/\/noticiasmercedinas.com\/site\/#\/schema\/logo\/image\/","url":"https:\/\/noticiasmercedinas.com\/site\/wp-content\/uploads\/2020\/06\/LOGO-512.jpg","contentUrl":"https:\/\/noticiasmercedinas.com\/site\/wp-content\/uploads\/2020\/06\/LOGO-512.jpg","width":512,"height":512,"caption":"NOTICIASMERCEDINAS.COM"},"image":{"@id":"https:\/\/noticiasmercedinas.com\/site\/#\/schema\/logo\/image\/"},"sameAs":["https:\/\/www.facebook.com\/noticiasmercedinas\/","https:\/\/x.com\/notmercedinas","https:\/\/www.instagram.com\/noticiasmercedinas\/"]},{"@type":"Person","@id":"https:\/\/noticiasmercedinas.com\/site\/#\/schema\/person\/84b59c099c28ff2e8b77d4ceec5d8063","name":"NOTICIASMERCEDINAS.COM","image":{"@type":"ImageObject","inLanguage":"es","@id":"https:\/\/secure.gravatar.com\/avatar\/4dfbf16b4d17945bfb6341b2d19043457132fcf478a5ee04f42e959fd8f5df0a?s=96&d=mm&r=g","url":"https:\/\/secure.gravatar.com\/avatar\/4dfbf16b4d17945bfb6341b2d19043457132fcf478a5ee04f42e959fd8f5df0a?s=96&d=mm&r=g","contentUrl":"https:\/\/secure.gravatar.com\/avatar\/4dfbf16b4d17945bfb6341b2d19043457132fcf478a5ee04f42e959fd8f5df0a?s=96&d=mm&r=g","caption":"NOTICIASMERCEDINAS.COM"},"url":"https:\/\/noticiasmercedinas.com\/site\/author\/anonimo\/"}]}},"amp_enabled":true,"_links":{"self":[{"href":"https:\/\/noticiasmercedinas.com\/site\/wp-json\/wp\/v2\/posts\/90046","targetHints":{"allow":["GET"]}}],"collection":[{"href":"https:\/\/noticiasmercedinas.com\/site\/wp-json\/wp\/v2\/posts"}],"about":[{"href":"https:\/\/noticiasmercedinas.com\/site\/wp-json\/wp\/v2\/types\/post"}],"author":[{"embeddable":true,"href":"https:\/\/noticiasmercedinas.com\/site\/wp-json\/wp\/v2\/users\/16"}],"replies":[{"embeddable":true,"href":"https:\/\/noticiasmercedinas.com\/site\/wp-json\/wp\/v2\/comments?post=90046"}],"version-history":[{"count":1,"href":"https:\/\/noticiasmercedinas.com\/site\/wp-json\/wp\/v2\/posts\/90046\/revisions"}],"predecessor-version":[{"id":90048,"href":"https:\/\/noticiasmercedinas.com\/site\/wp-json\/wp\/v2\/posts\/90046\/revisions\/90048"}],"wp:featuredmedia":[{"embeddable":true,"href":"https:\/\/noticiasmercedinas.com\/site\/wp-json\/wp\/v2\/media\/90047"}],"wp:attachment":[{"href":"https:\/\/noticiasmercedinas.com\/site\/wp-json\/wp\/v2\/media?parent=90046"}],"wp:term":[{"taxonomy":"category","embeddable":true,"href":"https:\/\/noticiasmercedinas.com\/site\/wp-json\/wp\/v2\/categories?post=90046"},{"taxonomy":"post_tag","embeddable":true,"href":"https:\/\/noticiasmercedinas.com\/site\/wp-json\/wp\/v2\/tags?post=90046"}],"curies":[{"name":"wp","href":"https:\/\/api.w.org\/{rel}","templated":true}]}}