{"id":90136,"date":"2022-05-07T21:08:45","date_gmt":"2022-05-08T00:08:45","guid":{"rendered":"https:\/\/noticiasmercedinas.com\/site\/?p=90136"},"modified":"2022-05-07T21:52:27","modified_gmt":"2022-05-08T00:52:27","slug":"club-mercedes-inicia-su-participacion-en-la-primera-d","status":"publish","type":"post","link":"https:\/\/noticiasmercedinas.com\/site\/2022\/05\/07\/club-mercedes-inicia-su-participacion-en-la-primera-d\/","title":{"rendered":"Club Mercedes inicia su participaci\u00f3n en la Primera D"},"content":{"rendered":"<figure id=\"attachment_90137\" aria-describedby=\"caption-attachment-90137\" style=\"width: 640px\" class=\"wp-caption alignnone\"><img loading=\"lazy\" decoding=\"async\" class=\"wp-image-90137 size-full\" src=\"https:\/\/noticiasmercedinas.com\/site\/wp-content\/uploads\/2022\/05\/IMG_6100.jpg\" alt=\"\" width=\"640\" height=\"427\" srcset=\"https:\/\/noticiasmercedinas.com\/site\/wp-content\/uploads\/2022\/05\/IMG_6100.jpg 640w, https:\/\/noticiasmercedinas.com\/site\/wp-content\/uploads\/2022\/05\/IMG_6100-300x200.jpg 300w\" sizes=\"auto, (max-width: 640px) 100vw, 640px\" \/><figcaption id=\"caption-attachment-90137\" class=\"wp-caption-text\">Uno de los \u00faltimos entrenamientos de Mercedes de cara al debut.<\/figcaption><\/figure>\n<p>Todo una gran impacto emocional result\u00f3 la invitaci\u00f3n de Club Mercedes a la Primera D de AFA, que trasladado a lo deportivo llev\u00f3 al trabajo dirigencial y del cuerpo t\u00e9cnico para conformar el plantel que afrontar\u00e1 la divisional de ascenso. En medio de ello ya se ven\u00eda trabajando y este domingo ser\u00e1 el d\u00eda esperado, el debut en una categor\u00eda que empezar\u00e1 a conocer con el correr de los partidos y con ello cosechar\u00e1 experiencia.<\/p>\n<p>El encuentro ante Deportivo Mu\u00f1iz ser\u00e1 este domingo 8 en cancha de Atlas, partido de General Rodr\u00edguez, con s\u00f3lo ingreso de hinchas locales al no estar permitido en AFA las parcialidades visitantes. S\u00ed habr\u00e1 en el Ricardo Puga una delegaci\u00f3n de Club Mercedes que la componen jugadores y directivos, lo que se repetir\u00e1 cada vez que el \u201cBlanquinegro\u201d juegue fuera de la Liga.<\/p>\n<p>El \u201cRayo Rojo\u201d, como le apodan a Mu\u00f1iz, viene de afrontar el reducido de la D y para lo que vendr\u00e1 realiz\u00f3 pretemporada en San Clemente del Tuy\u00fa, manteniendo jugadores y realizando varias incorporaciones. Adem\u00e1s, ha jugado amistosos ante El Porvenir, Central Ballester, Malvinas Argentina, Cosme Argerich y Juventud Unida, su t\u00e9cnico es el profesor Alberto Isaurralde que est\u00e1 en el club desde 2014 en distintas funciones.<\/p>\n<p>Por el lado del \u201cBlanquinegro\u201d, el DT Walter D\u00edaz fue parando en cancha un equipo a la espera de lograr tener los jugadores habilitados. De aqu\u00ed al partido est\u00e1 programado un almuerzo en el mediod\u00eda del domingo 8 en El Club de 29 y 20, donde tambi\u00e9n est\u00e1 la sede, para encaminarse luego jugadores, cuerpo t\u00e9cnico y directivos a cancha de Atlas.<\/p>\n<p><strong>Medios<\/strong><br \/>\nEl encuentro se podr\u00e1 seguir por FM La Tribuna 103.5 Mhz o desde fmlatriuna.com m\u00e1s APP para aquellos que cuenten con sistema Android y el Facebook de la radio. Noticias Mercedinas brindar\u00e1 una cobertura especial como tambi\u00e9n un seguimiento desde sus redes sociales para lo que ser\u00e1 un d\u00eda especial para el f\u00fatbol de la ciudad que se ver\u00e1 representado por Club Mercedes.<\/p>\n<p><strong>La lista<\/strong><br \/>\nEn la Primera D podr\u00e1n jugar: Juan Francisco Bidone, Rodrigo Nicasio, Agust\u00edn Moles y Sim\u00f3n Grek. Juan Pedro Gatti, Felipe Redondi, Sabino Redondi, Nicol\u00e1s Fedullo, Juan Bautista Bidone, Domingo de Paola, Nahuel Solivella, Blas De Los Santos, Ignacio Rodr\u00edguez, Nicol\u00e1s Contardi, Juan Cabrera, Juan Dematei, Ricardo Barrientos, Laureano Torres, Franco Cruz, Rodrigo Scarnatto, El\u00edas Collazo, Franco Gatti, El\u00edas Vel\u00e1zquez, Agust\u00edn Fern\u00e1ndez, Juan Bautista Rubbo Respuela y Nahuel Menseguez.<\/p>\n<p>AFA permite 35 jugadores, Mercedes no completar\u00e1 la lista para incorporar jugadores en la segunda rueda, mientras tantos con el inicio de la Primera D sumar\u00eda otros futbolistas del orden local o con experiencia en el ascenso.<\/p>\n<p><strong>Domingo 8 de mayo<br \/>\nCancha:<\/strong>\u00a0Atlas.<br \/>\nA las 15.30 Deportivo Mu\u00f1iz vs. Club Mercedes.<br \/>\n<strong>Arbitro:<\/strong>\u00a0Laura Fortunato.<br \/>\n<strong>Asistente 1:<\/strong>\u00a0Miguel Noguera.<br \/>\n<strong>Asistente 2:<\/strong>\u00a0Franco Schmidt.<br \/>\n<strong>Cuarto \u00e1rbitro:<\/strong>\u00a0Diego Torres.<\/p>\n<p><strong>Domingo 8<br \/>\n<\/strong>A las 15.30 Lugano vs. Argentino de Rosario.<br \/>\nArbitro: Braian Rodr\u00edguez.<\/p>\n<p><strong>Lunes 9<\/strong><br \/>\nA las 15.30 Defensores de Cambaceres vs. Central Ballester.<br \/>\nArbitro: Nicol\u00e1s Mastroieni.<\/p>\n<p><strong>Libre:<\/strong>\u00a0Deportivo Paraguayo.<\/p>\n<p><strong>Primeros resultados <\/strong><br \/>\n<strong>Juventud Unida 1:<\/strong> Fabio Persello.<br \/>\n<strong>Espa\u00f1ol 2:<\/strong> Nicol\u00e1s L\u00f3pez e Ignacio Durso.<\/p>\n<p><strong>Sportivo Barracas 2:<\/strong> Iv\u00e1n Santa Cruz Juli\u00e1n Rodr\u00edguez<br \/>\n<strong>Yupanqui 2:<\/strong> Leandro De Santi y Daniel Pastrana de penal.<\/p>\n","protected":false},"excerpt":{"rendered":"<p>\u25a0 Este domingo 8 ser\u00e1 visitante Deportivo Mu\u00f1iz en cancha de Atlas. El camino tan buscado se hace realidad con el primer compromiso. No habr\u00e1 ingreso de hinchas visitantes. La delegaci\u00f3n almorzar\u00e1 en la sede para luego partir hacia General Rodr\u00edguez.<\/p>\n","protected":false},"author":6,"featured_media":90137,"comment_status":"open","ping_status":"open","sticky":false,"template":"","format":"standard","meta":{"footnotes":""},"categories":[5],"tags":[6424,135,14247,11935],"class_list":["post-90136","post","type-post","status-publish","format-standard","has-post-thumbnail","hentry","category-deportes","tag-afa","tag-club-mercedes","tag-deportivo-muniz","tag-primera-d"],"yoast_head":"<!-- This site is optimized with the Yoast SEO plugin v27.5 - https:\/\/yoast.com\/product\/yoast-seo-wordpress\/ -->\n<title>Club Mercedes inicia su participaci\u00f3n en la Primera D<\/title>\n<meta name=\"robots\" content=\"index, follow, max-snippet:-1, max-image-preview:large, max-video-preview:-1\" \/>\n<link rel=\"canonical\" href=\"https:\/\/noticiasmercedinas.com\/site\/2022\/05\/07\/club-mercedes-inicia-su-participacion-en-la-primera-d\/\" \/>\n<meta property=\"og:locale\" content=\"es_ES\" \/>\n<meta property=\"og:type\" content=\"article\" \/>\n<meta property=\"og:title\" content=\"Club Mercedes inicia su participaci\u00f3n en la Primera D\" \/>\n<meta property=\"og:description\" content=\"\u25a0 Este domingo 8 ser\u00e1 visitante Deportivo Mu\u00f1iz en cancha de Atlas. El camino tan buscado se hace realidad con el primer compromiso. No habr\u00e1 ingreso de hinchas visitantes. La delegaci\u00f3n almorzar\u00e1 en la sede para luego partir hacia General Rodr\u00edguez.\" \/>\n<meta property=\"og:url\" content=\"https:\/\/noticiasmercedinas.com\/site\/2022\/05\/07\/club-mercedes-inicia-su-participacion-en-la-primera-d\/\" \/>\n<meta property=\"og:site_name\" content=\"NOTICIASMERCEDINAS.COM\" \/>\n<meta property=\"article:publisher\" content=\"https:\/\/www.facebook.com\/noticiasmercedinas\/\" \/>\n<meta property=\"article:published_time\" content=\"2022-05-08T00:08:45+00:00\" \/>\n<meta property=\"article:modified_time\" content=\"2022-05-08T00:52:27+00:00\" \/>\n<meta property=\"og:image\" content=\"https:\/\/noticiasmercedinas.com\/site\/wp-content\/uploads\/2022\/05\/IMG_6100.jpg\" \/>\n\t<meta property=\"og:image:width\" content=\"640\" \/>\n\t<meta property=\"og:image:height\" content=\"427\" \/>\n\t<meta property=\"og:image:type\" content=\"image\/jpeg\" \/>\n<meta name=\"author\" content=\"Juan Dagnino NOTICIASMERCEDINAS.COM\" \/>\n<meta name=\"twitter:card\" content=\"summary_large_image\" \/>\n<meta name=\"twitter:creator\" content=\"@notmercedinas\" \/>\n<meta name=\"twitter:site\" content=\"@notmercedinas\" \/>\n<meta name=\"twitter:label1\" content=\"Escrito por\" \/>\n\t<meta name=\"twitter:data1\" content=\"Juan Dagnino NOTICIASMERCEDINAS.COM\" \/>\n\t<meta name=\"twitter:label2\" content=\"Tiempo de lectura\" \/>\n\t<meta name=\"twitter:data2\" content=\"3 minutos\" \/>\n<script type=\"application\/ld+json\" class=\"yoast-schema-graph\">{\"@context\":\"https:\\\/\\\/schema.org\",\"@graph\":[{\"@type\":\"Article\",\"@id\":\"https:\\\/\\\/noticiasmercedinas.com\\\/site\\\/2022\\\/05\\\/07\\\/club-mercedes-inicia-su-participacion-en-la-primera-d\\\/#article\",\"isPartOf\":{\"@id\":\"https:\\\/\\\/noticiasmercedinas.com\\\/site\\\/2022\\\/05\\\/07\\\/club-mercedes-inicia-su-participacion-en-la-primera-d\\\/\"},\"author\":{\"name\":\"Juan Dagnino NOTICIASMERCEDINAS.COM\",\"@id\":\"https:\\\/\\\/noticiasmercedinas.com\\\/site\\\/#\\\/schema\\\/person\\\/8f2f09d666ef40986eba4a5e6f2a06f9\"},\"headline\":\"Club Mercedes inicia su participaci\u00f3n en la Primera D\",\"datePublished\":\"2022-05-08T00:08:45+00:00\",\"dateModified\":\"2022-05-08T00:52:27+00:00\",\"mainEntityOfPage\":{\"@id\":\"https:\\\/\\\/noticiasmercedinas.com\\\/site\\\/2022\\\/05\\\/07\\\/club-mercedes-inicia-su-participacion-en-la-primera-d\\\/\"},\"wordCount\":580,\"commentCount\":0,\"publisher\":{\"@id\":\"https:\\\/\\\/noticiasmercedinas.com\\\/site\\\/#organization\"},\"image\":{\"@id\":\"https:\\\/\\\/noticiasmercedinas.com\\\/site\\\/2022\\\/05\\\/07\\\/club-mercedes-inicia-su-participacion-en-la-primera-d\\\/#primaryimage\"},\"thumbnailUrl\":\"https:\\\/\\\/noticiasmercedinas.com\\\/site\\\/wp-content\\\/uploads\\\/2022\\\/05\\\/IMG_6100.jpg\",\"keywords\":[\"AFA\",\"club mercedes\",\"Deportivo Mu\u00f1iz\",\"Primera D\"],\"articleSection\":[\"Deportes\"],\"inLanguage\":\"es\",\"potentialAction\":[{\"@type\":\"CommentAction\",\"name\":\"Comment\",\"target\":[\"https:\\\/\\\/noticiasmercedinas.com\\\/site\\\/2022\\\/05\\\/07\\\/club-mercedes-inicia-su-participacion-en-la-primera-d\\\/#respond\"]}]},{\"@type\":\"WebPage\",\"@id\":\"https:\\\/\\\/noticiasmercedinas.com\\\/site\\\/2022\\\/05\\\/07\\\/club-mercedes-inicia-su-participacion-en-la-primera-d\\\/\",\"url\":\"https:\\\/\\\/noticiasmercedinas.com\\\/site\\\/2022\\\/05\\\/07\\\/club-mercedes-inicia-su-participacion-en-la-primera-d\\\/\",\"name\":\"Club Mercedes inicia su participaci\u00f3n en la Primera D\",\"isPartOf\":{\"@id\":\"https:\\\/\\\/noticiasmercedinas.com\\\/site\\\/#website\"},\"primaryImageOfPage\":{\"@id\":\"https:\\\/\\\/noticiasmercedinas.com\\\/site\\\/2022\\\/05\\\/07\\\/club-mercedes-inicia-su-participacion-en-la-primera-d\\\/#primaryimage\"},\"image\":{\"@id\":\"https:\\\/\\\/noticiasmercedinas.com\\\/site\\\/2022\\\/05\\\/07\\\/club-mercedes-inicia-su-participacion-en-la-primera-d\\\/#primaryimage\"},\"thumbnailUrl\":\"https:\\\/\\\/noticiasmercedinas.com\\\/site\\\/wp-content\\\/uploads\\\/2022\\\/05\\\/IMG_6100.jpg\",\"datePublished\":\"2022-05-08T00:08:45+00:00\",\"dateModified\":\"2022-05-08T00:52:27+00:00\",\"breadcrumb\":{\"@id\":\"https:\\\/\\\/noticiasmercedinas.com\\\/site\\\/2022\\\/05\\\/07\\\/club-mercedes-inicia-su-participacion-en-la-primera-d\\\/#breadcrumb\"},\"inLanguage\":\"es\",\"potentialAction\":[{\"@type\":\"ReadAction\",\"target\":[\"https:\\\/\\\/noticiasmercedinas.com\\\/site\\\/2022\\\/05\\\/07\\\/club-mercedes-inicia-su-participacion-en-la-primera-d\\\/\"]}]},{\"@type\":\"ImageObject\",\"inLanguage\":\"es\",\"@id\":\"https:\\\/\\\/noticiasmercedinas.com\\\/site\\\/2022\\\/05\\\/07\\\/club-mercedes-inicia-su-participacion-en-la-primera-d\\\/#primaryimage\",\"url\":\"https:\\\/\\\/noticiasmercedinas.com\\\/site\\\/wp-content\\\/uploads\\\/2022\\\/05\\\/IMG_6100.jpg\",\"contentUrl\":\"https:\\\/\\\/noticiasmercedinas.com\\\/site\\\/wp-content\\\/uploads\\\/2022\\\/05\\\/IMG_6100.jpg\",\"width\":640,\"height\":427},{\"@type\":\"BreadcrumbList\",\"@id\":\"https:\\\/\\\/noticiasmercedinas.com\\\/site\\\/2022\\\/05\\\/07\\\/club-mercedes-inicia-su-participacion-en-la-primera-d\\\/#breadcrumb\",\"itemListElement\":[{\"@type\":\"ListItem\",\"position\":1,\"name\":\"Portada\",\"item\":\"https:\\\/\\\/noticiasmercedinas.com\\\/site\\\/\"},{\"@type\":\"ListItem\",\"position\":2,\"name\":\"Club Mercedes inicia su participaci\u00f3n en la Primera D\"}]},{\"@type\":\"WebSite\",\"@id\":\"https:\\\/\\\/noticiasmercedinas.com\\\/site\\\/#website\",\"url\":\"https:\\\/\\\/noticiasmercedinas.com\\\/site\\\/\",\"name\":\"NOTICIASMERCEDINAS.COM\",\"description\":\"Mercedes, Buenos Aires, Argentina\",\"publisher\":{\"@id\":\"https:\\\/\\\/noticiasmercedinas.com\\\/site\\\/#organization\"},\"potentialAction\":[{\"@type\":\"SearchAction\",\"target\":{\"@type\":\"EntryPoint\",\"urlTemplate\":\"https:\\\/\\\/noticiasmercedinas.com\\\/site\\\/?s={search_term_string}\"},\"query-input\":{\"@type\":\"PropertyValueSpecification\",\"valueRequired\":true,\"valueName\":\"search_term_string\"}}],\"inLanguage\":\"es\"},{\"@type\":\"Organization\",\"@id\":\"https:\\\/\\\/noticiasmercedinas.com\\\/site\\\/#organization\",\"name\":\"NOTICIASMERCEDINAS.COM\",\"url\":\"https:\\\/\\\/noticiasmercedinas.com\\\/site\\\/\",\"logo\":{\"@type\":\"ImageObject\",\"inLanguage\":\"es\",\"@id\":\"https:\\\/\\\/noticiasmercedinas.com\\\/site\\\/#\\\/schema\\\/logo\\\/image\\\/\",\"url\":\"https:\\\/\\\/noticiasmercedinas.com\\\/site\\\/wp-content\\\/uploads\\\/2020\\\/06\\\/LOGO-512.jpg\",\"contentUrl\":\"https:\\\/\\\/noticiasmercedinas.com\\\/site\\\/wp-content\\\/uploads\\\/2020\\\/06\\\/LOGO-512.jpg\",\"width\":512,\"height\":512,\"caption\":\"NOTICIASMERCEDINAS.COM\"},\"image\":{\"@id\":\"https:\\\/\\\/noticiasmercedinas.com\\\/site\\\/#\\\/schema\\\/logo\\\/image\\\/\"},\"sameAs\":[\"https:\\\/\\\/www.facebook.com\\\/noticiasmercedinas\\\/\",\"https:\\\/\\\/x.com\\\/notmercedinas\",\"https:\\\/\\\/www.instagram.com\\\/noticiasmercedinas\\\/\"]},{\"@type\":\"Person\",\"@id\":\"https:\\\/\\\/noticiasmercedinas.com\\\/site\\\/#\\\/schema\\\/person\\\/8f2f09d666ef40986eba4a5e6f2a06f9\",\"name\":\"Juan Dagnino NOTICIASMERCEDINAS.COM\",\"image\":{\"@type\":\"ImageObject\",\"inLanguage\":\"es\",\"@id\":\"https:\\\/\\\/secure.gravatar.com\\\/avatar\\\/fc7059a769f5a3cae65fadb228a3e4accf3a64b4b2305020d0a27e6d5333c91b?s=96&d=mm&r=g\",\"url\":\"https:\\\/\\\/secure.gravatar.com\\\/avatar\\\/fc7059a769f5a3cae65fadb228a3e4accf3a64b4b2305020d0a27e6d5333c91b?s=96&d=mm&r=g\",\"contentUrl\":\"https:\\\/\\\/secure.gravatar.com\\\/avatar\\\/fc7059a769f5a3cae65fadb228a3e4accf3a64b4b2305020d0a27e6d5333c91b?s=96&d=mm&r=g\",\"caption\":\"Juan Dagnino NOTICIASMERCEDINAS.COM\"},\"url\":\"https:\\\/\\\/noticiasmercedinas.com\\\/site\\\/author\\\/juandagnino\\\/\"}]}<\/script>\n<!-- \/ Yoast SEO plugin. -->","yoast_head_json":{"title":"Club Mercedes inicia su participaci\u00f3n en la Primera D","robots":{"index":"index","follow":"follow","max-snippet":"max-snippet:-1","max-image-preview":"max-image-preview:large","max-video-preview":"max-video-preview:-1"},"canonical":"https:\/\/noticiasmercedinas.com\/site\/2022\/05\/07\/club-mercedes-inicia-su-participacion-en-la-primera-d\/","og_locale":"es_ES","og_type":"article","og_title":"Club Mercedes inicia su participaci\u00f3n en la Primera D","og_description":"\u25a0 Este domingo 8 ser\u00e1 visitante Deportivo Mu\u00f1iz en cancha de Atlas. El camino tan buscado se hace realidad con el primer compromiso. No habr\u00e1 ingreso de hinchas visitantes. La delegaci\u00f3n almorzar\u00e1 en la sede para luego partir hacia General Rodr\u00edguez.","og_url":"https:\/\/noticiasmercedinas.com\/site\/2022\/05\/07\/club-mercedes-inicia-su-participacion-en-la-primera-d\/","og_site_name":"NOTICIASMERCEDINAS.COM","article_publisher":"https:\/\/www.facebook.com\/noticiasmercedinas\/","article_published_time":"2022-05-08T00:08:45+00:00","article_modified_time":"2022-05-08T00:52:27+00:00","og_image":[{"width":640,"height":427,"url":"https:\/\/noticiasmercedinas.com\/site\/wp-content\/uploads\/2022\/05\/IMG_6100.jpg","type":"image\/jpeg"}],"author":"Juan Dagnino NOTICIASMERCEDINAS.COM","twitter_card":"summary_large_image","twitter_creator":"@notmercedinas","twitter_site":"@notmercedinas","twitter_misc":{"Escrito por":"Juan Dagnino NOTICIASMERCEDINAS.COM","Tiempo de lectura":"3 minutos"},"schema":{"@context":"https:\/\/schema.org","@graph":[{"@type":"Article","@id":"https:\/\/noticiasmercedinas.com\/site\/2022\/05\/07\/club-mercedes-inicia-su-participacion-en-la-primera-d\/#article","isPartOf":{"@id":"https:\/\/noticiasmercedinas.com\/site\/2022\/05\/07\/club-mercedes-inicia-su-participacion-en-la-primera-d\/"},"author":{"name":"Juan Dagnino NOTICIASMERCEDINAS.COM","@id":"https:\/\/noticiasmercedinas.com\/site\/#\/schema\/person\/8f2f09d666ef40986eba4a5e6f2a06f9"},"headline":"Club Mercedes inicia su participaci\u00f3n en la Primera D","datePublished":"2022-05-08T00:08:45+00:00","dateModified":"2022-05-08T00:52:27+00:00","mainEntityOfPage":{"@id":"https:\/\/noticiasmercedinas.com\/site\/2022\/05\/07\/club-mercedes-inicia-su-participacion-en-la-primera-d\/"},"wordCount":580,"commentCount":0,"publisher":{"@id":"https:\/\/noticiasmercedinas.com\/site\/#organization"},"image":{"@id":"https:\/\/noticiasmercedinas.com\/site\/2022\/05\/07\/club-mercedes-inicia-su-participacion-en-la-primera-d\/#primaryimage"},"thumbnailUrl":"https:\/\/noticiasmercedinas.com\/site\/wp-content\/uploads\/2022\/05\/IMG_6100.jpg","keywords":["AFA","club mercedes","Deportivo Mu\u00f1iz","Primera D"],"articleSection":["Deportes"],"inLanguage":"es","potentialAction":[{"@type":"CommentAction","name":"Comment","target":["https:\/\/noticiasmercedinas.com\/site\/2022\/05\/07\/club-mercedes-inicia-su-participacion-en-la-primera-d\/#respond"]}]},{"@type":"WebPage","@id":"https:\/\/noticiasmercedinas.com\/site\/2022\/05\/07\/club-mercedes-inicia-su-participacion-en-la-primera-d\/","url":"https:\/\/noticiasmercedinas.com\/site\/2022\/05\/07\/club-mercedes-inicia-su-participacion-en-la-primera-d\/","name":"Club Mercedes inicia su participaci\u00f3n en la Primera D","isPartOf":{"@id":"https:\/\/noticiasmercedinas.com\/site\/#website"},"primaryImageOfPage":{"@id":"https:\/\/noticiasmercedinas.com\/site\/2022\/05\/07\/club-mercedes-inicia-su-participacion-en-la-primera-d\/#primaryimage"},"image":{"@id":"https:\/\/noticiasmercedinas.com\/site\/2022\/05\/07\/club-mercedes-inicia-su-participacion-en-la-primera-d\/#primaryimage"},"thumbnailUrl":"https:\/\/noticiasmercedinas.com\/site\/wp-content\/uploads\/2022\/05\/IMG_6100.jpg","datePublished":"2022-05-08T00:08:45+00:00","dateModified":"2022-05-08T00:52:27+00:00","breadcrumb":{"@id":"https:\/\/noticiasmercedinas.com\/site\/2022\/05\/07\/club-mercedes-inicia-su-participacion-en-la-primera-d\/#breadcrumb"},"inLanguage":"es","potentialAction":[{"@type":"ReadAction","target":["https:\/\/noticiasmercedinas.com\/site\/2022\/05\/07\/club-mercedes-inicia-su-participacion-en-la-primera-d\/"]}]},{"@type":"ImageObject","inLanguage":"es","@id":"https:\/\/noticiasmercedinas.com\/site\/2022\/05\/07\/club-mercedes-inicia-su-participacion-en-la-primera-d\/#primaryimage","url":"https:\/\/noticiasmercedinas.com\/site\/wp-content\/uploads\/2022\/05\/IMG_6100.jpg","contentUrl":"https:\/\/noticiasmercedinas.com\/site\/wp-content\/uploads\/2022\/05\/IMG_6100.jpg","width":640,"height":427},{"@type":"BreadcrumbList","@id":"https:\/\/noticiasmercedinas.com\/site\/2022\/05\/07\/club-mercedes-inicia-su-participacion-en-la-primera-d\/#breadcrumb","itemListElement":[{"@type":"ListItem","position":1,"name":"Portada","item":"https:\/\/noticiasmercedinas.com\/site\/"},{"@type":"ListItem","position":2,"name":"Club Mercedes inicia su participaci\u00f3n en la Primera D"}]},{"@type":"WebSite","@id":"https:\/\/noticiasmercedinas.com\/site\/#website","url":"https:\/\/noticiasmercedinas.com\/site\/","name":"NOTICIASMERCEDINAS.COM","description":"Mercedes, Buenos Aires, Argentina","publisher":{"@id":"https:\/\/noticiasmercedinas.com\/site\/#organization"},"potentialAction":[{"@type":"SearchAction","target":{"@type":"EntryPoint","urlTemplate":"https:\/\/noticiasmercedinas.com\/site\/?s={search_term_string}"},"query-input":{"@type":"PropertyValueSpecification","valueRequired":true,"valueName":"search_term_string"}}],"inLanguage":"es"},{"@type":"Organization","@id":"https:\/\/noticiasmercedinas.com\/site\/#organization","name":"NOTICIASMERCEDINAS.COM","url":"https:\/\/noticiasmercedinas.com\/site\/","logo":{"@type":"ImageObject","inLanguage":"es","@id":"https:\/\/noticiasmercedinas.com\/site\/#\/schema\/logo\/image\/","url":"https:\/\/noticiasmercedinas.com\/site\/wp-content\/uploads\/2020\/06\/LOGO-512.jpg","contentUrl":"https:\/\/noticiasmercedinas.com\/site\/wp-content\/uploads\/2020\/06\/LOGO-512.jpg","width":512,"height":512,"caption":"NOTICIASMERCEDINAS.COM"},"image":{"@id":"https:\/\/noticiasmercedinas.com\/site\/#\/schema\/logo\/image\/"},"sameAs":["https:\/\/www.facebook.com\/noticiasmercedinas\/","https:\/\/x.com\/notmercedinas","https:\/\/www.instagram.com\/noticiasmercedinas\/"]},{"@type":"Person","@id":"https:\/\/noticiasmercedinas.com\/site\/#\/schema\/person\/8f2f09d666ef40986eba4a5e6f2a06f9","name":"Juan Dagnino NOTICIASMERCEDINAS.COM","image":{"@type":"ImageObject","inLanguage":"es","@id":"https:\/\/secure.gravatar.com\/avatar\/fc7059a769f5a3cae65fadb228a3e4accf3a64b4b2305020d0a27e6d5333c91b?s=96&d=mm&r=g","url":"https:\/\/secure.gravatar.com\/avatar\/fc7059a769f5a3cae65fadb228a3e4accf3a64b4b2305020d0a27e6d5333c91b?s=96&d=mm&r=g","contentUrl":"https:\/\/secure.gravatar.com\/avatar\/fc7059a769f5a3cae65fadb228a3e4accf3a64b4b2305020d0a27e6d5333c91b?s=96&d=mm&r=g","caption":"Juan Dagnino NOTICIASMERCEDINAS.COM"},"url":"https:\/\/noticiasmercedinas.com\/site\/author\/juandagnino\/"}]}},"amp_enabled":true,"_links":{"self":[{"href":"https:\/\/noticiasmercedinas.com\/site\/wp-json\/wp\/v2\/posts\/90136","targetHints":{"allow":["GET"]}}],"collection":[{"href":"https:\/\/noticiasmercedinas.com\/site\/wp-json\/wp\/v2\/posts"}],"about":[{"href":"https:\/\/noticiasmercedinas.com\/site\/wp-json\/wp\/v2\/types\/post"}],"author":[{"embeddable":true,"href":"https:\/\/noticiasmercedinas.com\/site\/wp-json\/wp\/v2\/users\/6"}],"replies":[{"embeddable":true,"href":"https:\/\/noticiasmercedinas.com\/site\/wp-json\/wp\/v2\/comments?post=90136"}],"version-history":[{"count":2,"href":"https:\/\/noticiasmercedinas.com\/site\/wp-json\/wp\/v2\/posts\/90136\/revisions"}],"predecessor-version":[{"id":90140,"href":"https:\/\/noticiasmercedinas.com\/site\/wp-json\/wp\/v2\/posts\/90136\/revisions\/90140"}],"wp:featuredmedia":[{"embeddable":true,"href":"https:\/\/noticiasmercedinas.com\/site\/wp-json\/wp\/v2\/media\/90137"}],"wp:attachment":[{"href":"https:\/\/noticiasmercedinas.com\/site\/wp-json\/wp\/v2\/media?parent=90136"}],"wp:term":[{"taxonomy":"category","embeddable":true,"href":"https:\/\/noticiasmercedinas.com\/site\/wp-json\/wp\/v2\/categories?post=90136"},{"taxonomy":"post_tag","embeddable":true,"href":"https:\/\/noticiasmercedinas.com\/site\/wp-json\/wp\/v2\/tags?post=90136"}],"curies":[{"name":"wp","href":"https:\/\/api.w.org\/{rel}","templated":true}]}}