{"id":90464,"date":"2022-05-11T10:39:11","date_gmt":"2022-05-11T13:39:11","guid":{"rendered":"https:\/\/noticiasmercedinas.com\/site\/?p=90464"},"modified":"2022-05-11T10:39:11","modified_gmt":"2022-05-11T13:39:11","slug":"musica-y-cuentos-con-la-luna-en-libros-del-carpincho","status":"publish","type":"post","link":"https:\/\/noticiasmercedinas.com\/site\/2022\/05\/11\/musica-y-cuentos-con-la-luna-en-libros-del-carpincho\/","title":{"rendered":"M\u00fasica y cuentos, con \u00abLa Luna\u00bb, en Libros del Carpincho"},"content":{"rendered":"<p><img loading=\"lazy\" decoding=\"async\" class=\"alignnone size-large wp-image-90465\" src=\"https:\/\/noticiasmercedinas.com\/site\/wp-content\/uploads\/2022\/05\/9b9c8f00-384a-46aa-a18d-066f9d11ce17-1024x682.jpg\" alt=\"\" width=\"640\" height=\"426\" \/><\/p>\n<p>El pr\u00f3ximo s\u00e1bado 14 de mayo a las 15 horas se presenta en nuestra ciudad \u00abLa Luna compa\u00f1\u00eda de cuentos\u00bb.<\/p>\n<p>Este d\u00fao de narradora y m\u00fasica oriundas de la localidad de Duggan, ya se hab\u00edan presentado en el marco de la Feria del Libro y tambi\u00e9n en un espect\u00e1culo en Casa Domo. Ahora vuelven de la mano de Libros del Carpincho, quienes van a festejar el nuevo espacio que inauguraron en marzo de este a\u00f1o.<\/p>\n<p>\u00abInvitamos a ni\u00f1os y ni\u00f1as de todas las edades junto a sus familias y podamos compartir una tarde de mates, sol, cuentos y m\u00fasica\u00bb, dijeron<\/p>\n<p>Libros del Carpincho es una librer\u00eda especializada en libros \u00e1lbum, libros ilustrados y Literatura infantil y juvenil fundada en 2020 por Celeste Maratea y Luciano And\u00fajar, dos dise\u00f1adores gr\u00e1ficos de nuestra ciudad que decidieron emprender este camino que siguen recorriendo a paso firme.<\/p>\n<p><img loading=\"lazy\" decoding=\"async\" class=\"alignnone size-large wp-image-90466\" src=\"https:\/\/noticiasmercedinas.com\/site\/wp-content\/uploads\/2022\/05\/1b8358b5-8994-4179-9336-965b32a0a0b8-1024x768.jpg\" alt=\"\" width=\"640\" height=\"480\" srcset=\"https:\/\/noticiasmercedinas.com\/site\/wp-content\/uploads\/2022\/05\/1b8358b5-8994-4179-9336-965b32a0a0b8-1024x768.jpg 1024w, https:\/\/noticiasmercedinas.com\/site\/wp-content\/uploads\/2022\/05\/1b8358b5-8994-4179-9336-965b32a0a0b8-300x225.jpg 300w, https:\/\/noticiasmercedinas.com\/site\/wp-content\/uploads\/2022\/05\/1b8358b5-8994-4179-9336-965b32a0a0b8-768x576.jpg 768w, https:\/\/noticiasmercedinas.com\/site\/wp-content\/uploads\/2022\/05\/1b8358b5-8994-4179-9336-965b32a0a0b8-80x60.jpg 80w, https:\/\/noticiasmercedinas.com\/site\/wp-content\/uploads\/2022\/05\/1b8358b5-8994-4179-9336-965b32a0a0b8-160x120.jpg 160w, https:\/\/noticiasmercedinas.com\/site\/wp-content\/uploads\/2022\/05\/1b8358b5-8994-4179-9336-965b32a0a0b8-100x75.jpg 100w, https:\/\/noticiasmercedinas.com\/site\/wp-content\/uploads\/2022\/05\/1b8358b5-8994-4179-9336-965b32a0a0b8-200x150.jpg 200w, https:\/\/noticiasmercedinas.com\/site\/wp-content\/uploads\/2022\/05\/1b8358b5-8994-4179-9336-965b32a0a0b8-180x135.jpg 180w, https:\/\/noticiasmercedinas.com\/site\/wp-content\/uploads\/2022\/05\/1b8358b5-8994-4179-9336-965b32a0a0b8-360x270.jpg 360w, https:\/\/noticiasmercedinas.com\/site\/wp-content\/uploads\/2022\/05\/1b8358b5-8994-4179-9336-965b32a0a0b8-238x178.jpg 238w, https:\/\/noticiasmercedinas.com\/site\/wp-content\/uploads\/2022\/05\/1b8358b5-8994-4179-9336-965b32a0a0b8-476x356.jpg 476w, https:\/\/noticiasmercedinas.com\/site\/wp-content\/uploads\/2022\/05\/1b8358b5-8994-4179-9336-965b32a0a0b8-640x480.jpg 640w, https:\/\/noticiasmercedinas.com\/site\/wp-content\/uploads\/2022\/05\/1b8358b5-8994-4179-9336-965b32a0a0b8-681x511.jpg 681w, https:\/\/noticiasmercedinas.com\/site\/wp-content\/uploads\/2022\/05\/1b8358b5-8994-4179-9336-965b32a0a0b8.jpg 1280w\" sizes=\"auto, (max-width: 640px) 100vw, 640px\" \/><\/p>\n<p>En marzo de este a\u00f1o inauguraron un nuevo espacio en calle 36 N\u00ba 631 entre 25 y 27 brindando mayor comodidad a sus clientes y generando un espacio de encuentro en torno a los libros.<\/p>\n<p>Adem\u00e1s de la venta de libros, tambi\u00e9n comenzaron a desarrollar distintos tipos de talleres: durante el mes de abril se realiz\u00f3 la primera edici\u00f3n de Aventuras literarias, un taller literario y de creatividad destinado a ni\u00f1os y ni\u00f1as de 7 a 10 a\u00f1os, donde se plante\u00f3 un recorrido por distintos libros \u00e1lbum y libros ilustrados que sirvieron como punto de partida para para producir historias propias, desarrollar el sentido de la observaci\u00f3n, comprensi\u00f3n lectora y narraci\u00f3n oral. A trav\u00e9s de la lectura compartida, el juego y la expresi\u00f3n pl\u00e1stica cada participante pudo experimentar y hacer su propio recorrido.<\/p>\n<p>Tambi\u00e9n contaron con la presencia de Claudia Cadenazzo, psicopedagoga y mediadora cultural oriunda de nuestra ciudad, quien estuvo brindando un taller sobre el libro-\u00e1lbum. En ese encuentro se leyeron, contemplaron, interpretaron, analizaron, jugaron con varios libros; compartiendo experiencias que sirvieron para repensar las pr\u00e1cticas y descubrir nuevas lecturas.<\/p>\n<p>Est\u00e1 en agenda continuar con este tipo de encuentros y talleres. Para saber de fechas y valores pueden seguir a la librer\u00eda en las redes @librosdelcarpincho, ingresar a su web <a href=\"http:\/\/www.librosdelcarpincho.com.ar\">www.librosdelcarpincho.com.ar<\/a> o comunicarse v\u00eda whatsapp 2324 501322<\/p>\n<p><img loading=\"lazy\" decoding=\"async\" class=\"alignnone size-large wp-image-90467\" src=\"https:\/\/noticiasmercedinas.com\/site\/wp-content\/uploads\/2022\/05\/d1150450-c0ba-42a5-a219-d930bcb01133-768x1024.jpg\" alt=\"\" width=\"640\" height=\"853\" srcset=\"https:\/\/noticiasmercedinas.com\/site\/wp-content\/uploads\/2022\/05\/d1150450-c0ba-42a5-a219-d930bcb01133-768x1024.jpg 768w, https:\/\/noticiasmercedinas.com\/site\/wp-content\/uploads\/2022\/05\/d1150450-c0ba-42a5-a219-d930bcb01133-225x300.jpg 225w, https:\/\/noticiasmercedinas.com\/site\/wp-content\/uploads\/2022\/05\/d1150450-c0ba-42a5-a219-d930bcb01133-1152x1536.jpg 1152w, https:\/\/noticiasmercedinas.com\/site\/wp-content\/uploads\/2022\/05\/d1150450-c0ba-42a5-a219-d930bcb01133-640x853.jpg 640w, https:\/\/noticiasmercedinas.com\/site\/wp-content\/uploads\/2022\/05\/d1150450-c0ba-42a5-a219-d930bcb01133-681x908.jpg 681w, https:\/\/noticiasmercedinas.com\/site\/wp-content\/uploads\/2022\/05\/d1150450-c0ba-42a5-a219-d930bcb01133.jpg 1200w\" sizes=\"auto, (max-width: 640px) 100vw, 640px\" \/><\/p>\n","protected":false},"excerpt":{"rendered":"<p>\u25a0 La cita es el s\u00e1bado 14 de mayo a las 15 horas en la puerta del local: Calle 36 N\u00ba 631. Es un espect\u00e1culo con entrada libre y gratuita destinado para toda la familia.<\/p>\n","protected":false},"author":16,"featured_media":90465,"comment_status":"open","ping_status":"open","sticky":false,"template":"","format":"standard","meta":{"footnotes":""},"categories":[4],"tags":[9506,6701,14345,10279,9508,1464],"class_list":["post-90464","post","type-post","status-publish","format-standard","has-post-thumbnail","hentry","category-cultura","tag-celeste-maratea","tag-cuentos","tag-la-luna","tag-libros-del-carpincho","tag-literatura-infantil","tag-luciano-andujar"],"yoast_head":"<!-- This site is optimized with the Yoast SEO plugin v27.4 - https:\/\/yoast.com\/product\/yoast-seo-wordpress\/ -->\n<title>M\u00fasica y cuentos, con &quot;La Luna&quot;, en Libros del Carpincho<\/title>\n<meta name=\"robots\" content=\"index, follow, max-snippet:-1, max-image-preview:large, max-video-preview:-1\" \/>\n<link rel=\"canonical\" href=\"https:\/\/noticiasmercedinas.com\/site\/2022\/05\/11\/musica-y-cuentos-con-la-luna-en-libros-del-carpincho\/\" \/>\n<meta property=\"og:locale\" content=\"es_ES\" \/>\n<meta property=\"og:type\" content=\"article\" \/>\n<meta property=\"og:title\" content=\"M\u00fasica y cuentos, con &quot;La Luna&quot;, en Libros del Carpincho\" \/>\n<meta property=\"og:description\" content=\"\u25a0 La cita es el s\u00e1bado 14 de mayo a las 15 horas en la puerta del local: Calle 36 N\u00ba 631. Es un espect\u00e1culo con entrada libre y gratuita destinado para toda la familia.\" \/>\n<meta property=\"og:url\" content=\"https:\/\/noticiasmercedinas.com\/site\/2022\/05\/11\/musica-y-cuentos-con-la-luna-en-libros-del-carpincho\/\" \/>\n<meta property=\"og:site_name\" content=\"NOTICIASMERCEDINAS.COM\" \/>\n<meta property=\"article:publisher\" content=\"https:\/\/www.facebook.com\/noticiasmercedinas\/\" \/>\n<meta property=\"article:published_time\" content=\"2022-05-11T13:39:11+00:00\" \/>\n<meta property=\"og:image\" content=\"https:\/\/noticiasmercedinas.com\/site\/wp-content\/uploads\/2022\/05\/9b9c8f00-384a-46aa-a18d-066f9d11ce17-e1652276260440.jpg\" \/>\n\t<meta property=\"og:image:width\" content=\"640\" \/>\n\t<meta property=\"og:image:height\" content=\"427\" \/>\n\t<meta property=\"og:image:type\" content=\"image\/jpeg\" \/>\n<meta name=\"author\" content=\"NOTICIASMERCEDINAS.COM\" \/>\n<meta name=\"twitter:card\" content=\"summary_large_image\" \/>\n<meta name=\"twitter:creator\" content=\"@notmercedinas\" \/>\n<meta name=\"twitter:site\" content=\"@notmercedinas\" \/>\n<meta name=\"twitter:label1\" content=\"Escrito por\" \/>\n\t<meta name=\"twitter:data1\" content=\"NOTICIASMERCEDINAS.COM\" \/>\n\t<meta name=\"twitter:label2\" content=\"Tiempo de lectura\" \/>\n\t<meta name=\"twitter:data2\" content=\"2 minutos\" \/>\n<script type=\"application\/ld+json\" class=\"yoast-schema-graph\">{\"@context\":\"https:\\\/\\\/schema.org\",\"@graph\":[{\"@type\":\"Article\",\"@id\":\"https:\\\/\\\/noticiasmercedinas.com\\\/site\\\/2022\\\/05\\\/11\\\/musica-y-cuentos-con-la-luna-en-libros-del-carpincho\\\/#article\",\"isPartOf\":{\"@id\":\"https:\\\/\\\/noticiasmercedinas.com\\\/site\\\/2022\\\/05\\\/11\\\/musica-y-cuentos-con-la-luna-en-libros-del-carpincho\\\/\"},\"author\":{\"name\":\"NOTICIASMERCEDINAS.COM\",\"@id\":\"https:\\\/\\\/noticiasmercedinas.com\\\/site\\\/#\\\/schema\\\/person\\\/84b59c099c28ff2e8b77d4ceec5d8063\"},\"headline\":\"M\u00fasica y cuentos, con \u00abLa Luna\u00bb, en Libros del Carpincho\",\"datePublished\":\"2022-05-11T13:39:11+00:00\",\"mainEntityOfPage\":{\"@id\":\"https:\\\/\\\/noticiasmercedinas.com\\\/site\\\/2022\\\/05\\\/11\\\/musica-y-cuentos-con-la-luna-en-libros-del-carpincho\\\/\"},\"wordCount\":398,\"commentCount\":0,\"publisher\":{\"@id\":\"https:\\\/\\\/noticiasmercedinas.com\\\/site\\\/#organization\"},\"image\":{\"@id\":\"https:\\\/\\\/noticiasmercedinas.com\\\/site\\\/2022\\\/05\\\/11\\\/musica-y-cuentos-con-la-luna-en-libros-del-carpincho\\\/#primaryimage\"},\"thumbnailUrl\":\"https:\\\/\\\/noticiasmercedinas.com\\\/site\\\/wp-content\\\/uploads\\\/2022\\\/05\\\/9b9c8f00-384a-46aa-a18d-066f9d11ce17-e1652276260440.jpg\",\"keywords\":[\"Celeste Maratea\",\"cuentos\",\"la luna\",\"Libros del Carpincho\",\"literatura infantil\",\"Luciano And\u00fajar\"],\"articleSection\":[\"Cultura\"],\"inLanguage\":\"es\",\"potentialAction\":[{\"@type\":\"CommentAction\",\"name\":\"Comment\",\"target\":[\"https:\\\/\\\/noticiasmercedinas.com\\\/site\\\/2022\\\/05\\\/11\\\/musica-y-cuentos-con-la-luna-en-libros-del-carpincho\\\/#respond\"]}]},{\"@type\":\"WebPage\",\"@id\":\"https:\\\/\\\/noticiasmercedinas.com\\\/site\\\/2022\\\/05\\\/11\\\/musica-y-cuentos-con-la-luna-en-libros-del-carpincho\\\/\",\"url\":\"https:\\\/\\\/noticiasmercedinas.com\\\/site\\\/2022\\\/05\\\/11\\\/musica-y-cuentos-con-la-luna-en-libros-del-carpincho\\\/\",\"name\":\"M\u00fasica y cuentos, con \\\"La Luna\\\", en Libros del Carpincho\",\"isPartOf\":{\"@id\":\"https:\\\/\\\/noticiasmercedinas.com\\\/site\\\/#website\"},\"primaryImageOfPage\":{\"@id\":\"https:\\\/\\\/noticiasmercedinas.com\\\/site\\\/2022\\\/05\\\/11\\\/musica-y-cuentos-con-la-luna-en-libros-del-carpincho\\\/#primaryimage\"},\"image\":{\"@id\":\"https:\\\/\\\/noticiasmercedinas.com\\\/site\\\/2022\\\/05\\\/11\\\/musica-y-cuentos-con-la-luna-en-libros-del-carpincho\\\/#primaryimage\"},\"thumbnailUrl\":\"https:\\\/\\\/noticiasmercedinas.com\\\/site\\\/wp-content\\\/uploads\\\/2022\\\/05\\\/9b9c8f00-384a-46aa-a18d-066f9d11ce17-e1652276260440.jpg\",\"datePublished\":\"2022-05-11T13:39:11+00:00\",\"breadcrumb\":{\"@id\":\"https:\\\/\\\/noticiasmercedinas.com\\\/site\\\/2022\\\/05\\\/11\\\/musica-y-cuentos-con-la-luna-en-libros-del-carpincho\\\/#breadcrumb\"},\"inLanguage\":\"es\",\"potentialAction\":[{\"@type\":\"ReadAction\",\"target\":[\"https:\\\/\\\/noticiasmercedinas.com\\\/site\\\/2022\\\/05\\\/11\\\/musica-y-cuentos-con-la-luna-en-libros-del-carpincho\\\/\"]}]},{\"@type\":\"ImageObject\",\"inLanguage\":\"es\",\"@id\":\"https:\\\/\\\/noticiasmercedinas.com\\\/site\\\/2022\\\/05\\\/11\\\/musica-y-cuentos-con-la-luna-en-libros-del-carpincho\\\/#primaryimage\",\"url\":\"https:\\\/\\\/noticiasmercedinas.com\\\/site\\\/wp-content\\\/uploads\\\/2022\\\/05\\\/9b9c8f00-384a-46aa-a18d-066f9d11ce17-e1652276260440.jpg\",\"contentUrl\":\"https:\\\/\\\/noticiasmercedinas.com\\\/site\\\/wp-content\\\/uploads\\\/2022\\\/05\\\/9b9c8f00-384a-46aa-a18d-066f9d11ce17-e1652276260440.jpg\",\"width\":640,\"height\":427},{\"@type\":\"BreadcrumbList\",\"@id\":\"https:\\\/\\\/noticiasmercedinas.com\\\/site\\\/2022\\\/05\\\/11\\\/musica-y-cuentos-con-la-luna-en-libros-del-carpincho\\\/#breadcrumb\",\"itemListElement\":[{\"@type\":\"ListItem\",\"position\":1,\"name\":\"Portada\",\"item\":\"https:\\\/\\\/noticiasmercedinas.com\\\/site\\\/\"},{\"@type\":\"ListItem\",\"position\":2,\"name\":\"M\u00fasica y cuentos, con \u00abLa Luna\u00bb, en Libros del Carpincho\"}]},{\"@type\":\"WebSite\",\"@id\":\"https:\\\/\\\/noticiasmercedinas.com\\\/site\\\/#website\",\"url\":\"https:\\\/\\\/noticiasmercedinas.com\\\/site\\\/\",\"name\":\"NOTICIASMERCEDINAS.COM\",\"description\":\"Mercedes, Buenos Aires, Argentina\",\"publisher\":{\"@id\":\"https:\\\/\\\/noticiasmercedinas.com\\\/site\\\/#organization\"},\"potentialAction\":[{\"@type\":\"SearchAction\",\"target\":{\"@type\":\"EntryPoint\",\"urlTemplate\":\"https:\\\/\\\/noticiasmercedinas.com\\\/site\\\/?s={search_term_string}\"},\"query-input\":{\"@type\":\"PropertyValueSpecification\",\"valueRequired\":true,\"valueName\":\"search_term_string\"}}],\"inLanguage\":\"es\"},{\"@type\":\"Organization\",\"@id\":\"https:\\\/\\\/noticiasmercedinas.com\\\/site\\\/#organization\",\"name\":\"NOTICIASMERCEDINAS.COM\",\"url\":\"https:\\\/\\\/noticiasmercedinas.com\\\/site\\\/\",\"logo\":{\"@type\":\"ImageObject\",\"inLanguage\":\"es\",\"@id\":\"https:\\\/\\\/noticiasmercedinas.com\\\/site\\\/#\\\/schema\\\/logo\\\/image\\\/\",\"url\":\"https:\\\/\\\/noticiasmercedinas.com\\\/site\\\/wp-content\\\/uploads\\\/2020\\\/06\\\/LOGO-512.jpg\",\"contentUrl\":\"https:\\\/\\\/noticiasmercedinas.com\\\/site\\\/wp-content\\\/uploads\\\/2020\\\/06\\\/LOGO-512.jpg\",\"width\":512,\"height\":512,\"caption\":\"NOTICIASMERCEDINAS.COM\"},\"image\":{\"@id\":\"https:\\\/\\\/noticiasmercedinas.com\\\/site\\\/#\\\/schema\\\/logo\\\/image\\\/\"},\"sameAs\":[\"https:\\\/\\\/www.facebook.com\\\/noticiasmercedinas\\\/\",\"https:\\\/\\\/x.com\\\/notmercedinas\",\"https:\\\/\\\/www.instagram.com\\\/noticiasmercedinas\\\/\"]},{\"@type\":\"Person\",\"@id\":\"https:\\\/\\\/noticiasmercedinas.com\\\/site\\\/#\\\/schema\\\/person\\\/84b59c099c28ff2e8b77d4ceec5d8063\",\"name\":\"NOTICIASMERCEDINAS.COM\",\"image\":{\"@type\":\"ImageObject\",\"inLanguage\":\"es\",\"@id\":\"https:\\\/\\\/secure.gravatar.com\\\/avatar\\\/4dfbf16b4d17945bfb6341b2d19043457132fcf478a5ee04f42e959fd8f5df0a?s=96&d=mm&r=g\",\"url\":\"https:\\\/\\\/secure.gravatar.com\\\/avatar\\\/4dfbf16b4d17945bfb6341b2d19043457132fcf478a5ee04f42e959fd8f5df0a?s=96&d=mm&r=g\",\"contentUrl\":\"https:\\\/\\\/secure.gravatar.com\\\/avatar\\\/4dfbf16b4d17945bfb6341b2d19043457132fcf478a5ee04f42e959fd8f5df0a?s=96&d=mm&r=g\",\"caption\":\"NOTICIASMERCEDINAS.COM\"},\"url\":\"https:\\\/\\\/noticiasmercedinas.com\\\/site\\\/author\\\/anonimo\\\/\"}]}<\/script>\n<!-- \/ Yoast SEO plugin. -->","yoast_head_json":{"title":"M\u00fasica y cuentos, con \"La Luna\", en Libros del Carpincho","robots":{"index":"index","follow":"follow","max-snippet":"max-snippet:-1","max-image-preview":"max-image-preview:large","max-video-preview":"max-video-preview:-1"},"canonical":"https:\/\/noticiasmercedinas.com\/site\/2022\/05\/11\/musica-y-cuentos-con-la-luna-en-libros-del-carpincho\/","og_locale":"es_ES","og_type":"article","og_title":"M\u00fasica y cuentos, con \"La Luna\", en Libros del Carpincho","og_description":"\u25a0 La cita es el s\u00e1bado 14 de mayo a las 15 horas en la puerta del local: Calle 36 N\u00ba 631. Es un espect\u00e1culo con entrada libre y gratuita destinado para toda la familia.","og_url":"https:\/\/noticiasmercedinas.com\/site\/2022\/05\/11\/musica-y-cuentos-con-la-luna-en-libros-del-carpincho\/","og_site_name":"NOTICIASMERCEDINAS.COM","article_publisher":"https:\/\/www.facebook.com\/noticiasmercedinas\/","article_published_time":"2022-05-11T13:39:11+00:00","og_image":[{"width":640,"height":427,"url":"https:\/\/noticiasmercedinas.com\/site\/wp-content\/uploads\/2022\/05\/9b9c8f00-384a-46aa-a18d-066f9d11ce17-e1652276260440.jpg","type":"image\/jpeg"}],"author":"NOTICIASMERCEDINAS.COM","twitter_card":"summary_large_image","twitter_creator":"@notmercedinas","twitter_site":"@notmercedinas","twitter_misc":{"Escrito por":"NOTICIASMERCEDINAS.COM","Tiempo de lectura":"2 minutos"},"schema":{"@context":"https:\/\/schema.org","@graph":[{"@type":"Article","@id":"https:\/\/noticiasmercedinas.com\/site\/2022\/05\/11\/musica-y-cuentos-con-la-luna-en-libros-del-carpincho\/#article","isPartOf":{"@id":"https:\/\/noticiasmercedinas.com\/site\/2022\/05\/11\/musica-y-cuentos-con-la-luna-en-libros-del-carpincho\/"},"author":{"name":"NOTICIASMERCEDINAS.COM","@id":"https:\/\/noticiasmercedinas.com\/site\/#\/schema\/person\/84b59c099c28ff2e8b77d4ceec5d8063"},"headline":"M\u00fasica y cuentos, con \u00abLa Luna\u00bb, en Libros del Carpincho","datePublished":"2022-05-11T13:39:11+00:00","mainEntityOfPage":{"@id":"https:\/\/noticiasmercedinas.com\/site\/2022\/05\/11\/musica-y-cuentos-con-la-luna-en-libros-del-carpincho\/"},"wordCount":398,"commentCount":0,"publisher":{"@id":"https:\/\/noticiasmercedinas.com\/site\/#organization"},"image":{"@id":"https:\/\/noticiasmercedinas.com\/site\/2022\/05\/11\/musica-y-cuentos-con-la-luna-en-libros-del-carpincho\/#primaryimage"},"thumbnailUrl":"https:\/\/noticiasmercedinas.com\/site\/wp-content\/uploads\/2022\/05\/9b9c8f00-384a-46aa-a18d-066f9d11ce17-e1652276260440.jpg","keywords":["Celeste Maratea","cuentos","la luna","Libros del Carpincho","literatura infantil","Luciano And\u00fajar"],"articleSection":["Cultura"],"inLanguage":"es","potentialAction":[{"@type":"CommentAction","name":"Comment","target":["https:\/\/noticiasmercedinas.com\/site\/2022\/05\/11\/musica-y-cuentos-con-la-luna-en-libros-del-carpincho\/#respond"]}]},{"@type":"WebPage","@id":"https:\/\/noticiasmercedinas.com\/site\/2022\/05\/11\/musica-y-cuentos-con-la-luna-en-libros-del-carpincho\/","url":"https:\/\/noticiasmercedinas.com\/site\/2022\/05\/11\/musica-y-cuentos-con-la-luna-en-libros-del-carpincho\/","name":"M\u00fasica y cuentos, con \"La Luna\", en Libros del Carpincho","isPartOf":{"@id":"https:\/\/noticiasmercedinas.com\/site\/#website"},"primaryImageOfPage":{"@id":"https:\/\/noticiasmercedinas.com\/site\/2022\/05\/11\/musica-y-cuentos-con-la-luna-en-libros-del-carpincho\/#primaryimage"},"image":{"@id":"https:\/\/noticiasmercedinas.com\/site\/2022\/05\/11\/musica-y-cuentos-con-la-luna-en-libros-del-carpincho\/#primaryimage"},"thumbnailUrl":"https:\/\/noticiasmercedinas.com\/site\/wp-content\/uploads\/2022\/05\/9b9c8f00-384a-46aa-a18d-066f9d11ce17-e1652276260440.jpg","datePublished":"2022-05-11T13:39:11+00:00","breadcrumb":{"@id":"https:\/\/noticiasmercedinas.com\/site\/2022\/05\/11\/musica-y-cuentos-con-la-luna-en-libros-del-carpincho\/#breadcrumb"},"inLanguage":"es","potentialAction":[{"@type":"ReadAction","target":["https:\/\/noticiasmercedinas.com\/site\/2022\/05\/11\/musica-y-cuentos-con-la-luna-en-libros-del-carpincho\/"]}]},{"@type":"ImageObject","inLanguage":"es","@id":"https:\/\/noticiasmercedinas.com\/site\/2022\/05\/11\/musica-y-cuentos-con-la-luna-en-libros-del-carpincho\/#primaryimage","url":"https:\/\/noticiasmercedinas.com\/site\/wp-content\/uploads\/2022\/05\/9b9c8f00-384a-46aa-a18d-066f9d11ce17-e1652276260440.jpg","contentUrl":"https:\/\/noticiasmercedinas.com\/site\/wp-content\/uploads\/2022\/05\/9b9c8f00-384a-46aa-a18d-066f9d11ce17-e1652276260440.jpg","width":640,"height":427},{"@type":"BreadcrumbList","@id":"https:\/\/noticiasmercedinas.com\/site\/2022\/05\/11\/musica-y-cuentos-con-la-luna-en-libros-del-carpincho\/#breadcrumb","itemListElement":[{"@type":"ListItem","position":1,"name":"Portada","item":"https:\/\/noticiasmercedinas.com\/site\/"},{"@type":"ListItem","position":2,"name":"M\u00fasica y cuentos, con \u00abLa Luna\u00bb, en Libros del Carpincho"}]},{"@type":"WebSite","@id":"https:\/\/noticiasmercedinas.com\/site\/#website","url":"https:\/\/noticiasmercedinas.com\/site\/","name":"NOTICIASMERCEDINAS.COM","description":"Mercedes, Buenos Aires, Argentina","publisher":{"@id":"https:\/\/noticiasmercedinas.com\/site\/#organization"},"potentialAction":[{"@type":"SearchAction","target":{"@type":"EntryPoint","urlTemplate":"https:\/\/noticiasmercedinas.com\/site\/?s={search_term_string}"},"query-input":{"@type":"PropertyValueSpecification","valueRequired":true,"valueName":"search_term_string"}}],"inLanguage":"es"},{"@type":"Organization","@id":"https:\/\/noticiasmercedinas.com\/site\/#organization","name":"NOTICIASMERCEDINAS.COM","url":"https:\/\/noticiasmercedinas.com\/site\/","logo":{"@type":"ImageObject","inLanguage":"es","@id":"https:\/\/noticiasmercedinas.com\/site\/#\/schema\/logo\/image\/","url":"https:\/\/noticiasmercedinas.com\/site\/wp-content\/uploads\/2020\/06\/LOGO-512.jpg","contentUrl":"https:\/\/noticiasmercedinas.com\/site\/wp-content\/uploads\/2020\/06\/LOGO-512.jpg","width":512,"height":512,"caption":"NOTICIASMERCEDINAS.COM"},"image":{"@id":"https:\/\/noticiasmercedinas.com\/site\/#\/schema\/logo\/image\/"},"sameAs":["https:\/\/www.facebook.com\/noticiasmercedinas\/","https:\/\/x.com\/notmercedinas","https:\/\/www.instagram.com\/noticiasmercedinas\/"]},{"@type":"Person","@id":"https:\/\/noticiasmercedinas.com\/site\/#\/schema\/person\/84b59c099c28ff2e8b77d4ceec5d8063","name":"NOTICIASMERCEDINAS.COM","image":{"@type":"ImageObject","inLanguage":"es","@id":"https:\/\/secure.gravatar.com\/avatar\/4dfbf16b4d17945bfb6341b2d19043457132fcf478a5ee04f42e959fd8f5df0a?s=96&d=mm&r=g","url":"https:\/\/secure.gravatar.com\/avatar\/4dfbf16b4d17945bfb6341b2d19043457132fcf478a5ee04f42e959fd8f5df0a?s=96&d=mm&r=g","contentUrl":"https:\/\/secure.gravatar.com\/avatar\/4dfbf16b4d17945bfb6341b2d19043457132fcf478a5ee04f42e959fd8f5df0a?s=96&d=mm&r=g","caption":"NOTICIASMERCEDINAS.COM"},"url":"https:\/\/noticiasmercedinas.com\/site\/author\/anonimo\/"}]}},"amp_enabled":true,"_links":{"self":[{"href":"https:\/\/noticiasmercedinas.com\/site\/wp-json\/wp\/v2\/posts\/90464","targetHints":{"allow":["GET"]}}],"collection":[{"href":"https:\/\/noticiasmercedinas.com\/site\/wp-json\/wp\/v2\/posts"}],"about":[{"href":"https:\/\/noticiasmercedinas.com\/site\/wp-json\/wp\/v2\/types\/post"}],"author":[{"embeddable":true,"href":"https:\/\/noticiasmercedinas.com\/site\/wp-json\/wp\/v2\/users\/16"}],"replies":[{"embeddable":true,"href":"https:\/\/noticiasmercedinas.com\/site\/wp-json\/wp\/v2\/comments?post=90464"}],"version-history":[{"count":1,"href":"https:\/\/noticiasmercedinas.com\/site\/wp-json\/wp\/v2\/posts\/90464\/revisions"}],"predecessor-version":[{"id":90469,"href":"https:\/\/noticiasmercedinas.com\/site\/wp-json\/wp\/v2\/posts\/90464\/revisions\/90469"}],"wp:featuredmedia":[{"embeddable":true,"href":"https:\/\/noticiasmercedinas.com\/site\/wp-json\/wp\/v2\/media\/90465"}],"wp:attachment":[{"href":"https:\/\/noticiasmercedinas.com\/site\/wp-json\/wp\/v2\/media?parent=90464"}],"wp:term":[{"taxonomy":"category","embeddable":true,"href":"https:\/\/noticiasmercedinas.com\/site\/wp-json\/wp\/v2\/categories?post=90464"},{"taxonomy":"post_tag","embeddable":true,"href":"https:\/\/noticiasmercedinas.com\/site\/wp-json\/wp\/v2\/tags?post=90464"}],"curies":[{"name":"wp","href":"https:\/\/api.w.org\/{rel}","templated":true}]}}