{"id":905,"date":"2018-09-03T08:29:31","date_gmt":"2018-09-03T11:29:31","guid":{"rendered":"https:\/\/noticiasmercedinas.com\/site\/?p=905"},"modified":"2018-09-03T08:29:31","modified_gmt":"2018-09-03T11:29:31","slug":"fiesta-de-la-patrona-con-muchas-actividades-y-una-ordenacion-sacerdotal","status":"publish","type":"post","link":"https:\/\/noticiasmercedinas.com\/site\/2018\/09\/03\/fiesta-de-la-patrona-con-muchas-actividades-y-una-ordenacion-sacerdotal\/","title":{"rendered":"Fiesta de la Patrona con muchas actividades y una ordenaci\u00f3n sacerdotal"},"content":{"rendered":"<p><strong>Septiembre es el mes de la Fiesta de Nuestra Se\u00f1ora de la Merced. Se trata de un mes especial de actividades patronales en Iglesia Catedral con epicentro el lunes 24, que incluir\u00e1n procesi\u00f3n y misa. Adem\u00e1s habr\u00e1 una ordenaci\u00f3n sacerdotal, el 15.<\/strong><\/p>\n<p><img loading=\"lazy\" decoding=\"async\" class=\"alignnone size-full wp-image-906\" src=\"https:\/\/noticiasmercedinas.com\/site\/wp-content\/uploads\/2018\/09\/virgen.jpg\" alt=\"\" width=\"592\" height=\"323\" srcset=\"https:\/\/noticiasmercedinas.com\/site\/wp-content\/uploads\/2018\/09\/virgen.jpg 592w, https:\/\/noticiasmercedinas.com\/site\/wp-content\/uploads\/2018\/09\/virgen-300x164.jpg 300w\" sizes=\"auto, (max-width: 592px) 100vw, 592px\" \/><\/p>\n<p>La fiesta de la patrona de la ciudad tiene un completo cronograma de actividades en la Parroquia \u201cNuestra Se\u00f1ora de las Mercedes\u201d, Iglesia Catedral. El <strong>s\u00e1bado 1<\/strong> todo comenz\u00f3 con una misi\u00f3n barrial del Comedor \u201cSagrado Coraz\u00f3n\u201d que incluy\u00f3 un recorrido por el barrio a la ma\u00f1ana y un rosario con la imagen de la patrona desde el comedor hasta la capilla Santa Teresita, finalizando con misa a las 16.30 horas.<\/p>\n<p>En tanto, para este <strong>s\u00e1bado 8<\/strong> est\u00e1 prevista una misi\u00f3n barrial de la Capilla \u201cMar\u00eda Auxiliadora\u201d, incluyendo un rosario por el barrio desde las 15.00 y misa en la capilla a las 16.00.<\/p>\n<p>Ya el <strong>s\u00e1bado 15<\/strong> de septiembre se producir\u00e1 en Iglesia Catedral la ordenaci\u00f3n sacerdotal\u00a0 del di\u00e1cono Emiliano Aguirre, desde las 11 horas con una misa especial.<\/p>\n<p>El <strong>martes 18<\/strong> en el Jard\u00edn Parroquial, desde las 10.00 horas los ni\u00f1os junto a sus familias invitan a recorrer el barrio del Seminario con la imagen de la Virgen de las Mercedes rezando y cantando.<\/p>\n<p>El <strong>s\u00e1bado 22<\/strong> habr\u00e1 jornada de catequesis a la que se invita a los ni\u00f1os y familias. \u201crezaremos, cantaremos y jugaremos. Luego compartiremos una merienda a la canasta\u201d, se explica en el programa de esta jornada que ser\u00e1 desde las 14.45.<\/p>\n<p>El <strong>domingo 23<\/strong> en Caritas Parroquial se rezar\u00e1 el rosario desde las 15 recorriendo el barrio de la Capilla Sagrado Coraz\u00f3n y a las 16 habr\u00e1 misa y merienda en la sede de Caritas, de avenida 47 entre 20 y 22.<\/p>\n<p>En tanto, la celebraci\u00f3n central ser\u00e1 el<strong> lunes 24<\/strong> de septiembre con procesi\u00f3n desde la avenida 40 y 29 a partir de las 15 horas y misa a las 16.00 en la Iglesia Catedral. \u201cCelebraremos el d\u00eda de la Virgen de las Mercedes y este a\u00f1o le pedimos que nos ayude a ser creativos y generosos para cuidar, respetar, honrar y valorar toda vida humana desde la concepci\u00f3n hasta su fin natural\u201d, indicaron los sacerdotes del templo, Federico Lagoa, Franco Carreras y Federico Lazarte.<\/p>\n","protected":false},"excerpt":{"rendered":"<p>Septiembre es el mes de la Fiesta de Nuestra Se\u00f1ora de la Merced. Se trata de un mes especial de actividades patronales en Iglesia Catedral con epicentro el lunes 24, que incluir\u00e1n procesi\u00f3n y misa. Adem\u00e1s habr\u00e1 una ordenaci\u00f3n sacerdotal, el 15. La fiesta de la patrona de la ciudad tiene un completo cronograma de [&hellip;]<\/p>\n","protected":false},"author":2,"featured_media":906,"comment_status":"open","ping_status":"open","sticky":false,"template":"","format":"standard","meta":{"footnotes":""},"categories":[3],"tags":[398,400,399,396,397,395,394],"class_list":["post-905","post","type-post","status-publish","format-standard","has-post-thumbnail","hentry","category-sociedad","tag-federico-lagoa","tag-federico-lazarte","tag-franco-carreras","tag-iglsia-catedral","tag-ordenacion-sacerdotal","tag-patronales","tag-virgen-de-las-mercedes"],"yoast_head":"<!-- This site is optimized with the Yoast SEO plugin v27.4 - https:\/\/yoast.com\/product\/yoast-seo-wordpress\/ -->\n<title>Fiesta de la Patrona con muchas actividades y una ordenaci\u00f3n sacerdotal<\/title>\n<meta name=\"robots\" content=\"index, follow, max-snippet:-1, max-image-preview:large, max-video-preview:-1\" \/>\n<link rel=\"canonical\" href=\"https:\/\/noticiasmercedinas.com\/site\/2018\/09\/03\/fiesta-de-la-patrona-con-muchas-actividades-y-una-ordenacion-sacerdotal\/\" \/>\n<meta property=\"og:locale\" content=\"es_ES\" \/>\n<meta property=\"og:type\" content=\"article\" \/>\n<meta property=\"og:title\" content=\"Fiesta de la Patrona con muchas actividades y una ordenaci\u00f3n sacerdotal\" \/>\n<meta property=\"og:description\" content=\"Septiembre es el mes de la Fiesta de Nuestra Se\u00f1ora de la Merced. Se trata de un mes especial de actividades patronales en Iglesia Catedral con epicentro el lunes 24, que incluir\u00e1n procesi\u00f3n y misa. Adem\u00e1s habr\u00e1 una ordenaci\u00f3n sacerdotal, el 15. La fiesta de la patrona de la ciudad tiene un completo cronograma de [&hellip;]\" \/>\n<meta property=\"og:url\" content=\"https:\/\/noticiasmercedinas.com\/site\/2018\/09\/03\/fiesta-de-la-patrona-con-muchas-actividades-y-una-ordenacion-sacerdotal\/\" \/>\n<meta property=\"og:site_name\" content=\"NOTICIASMERCEDINAS.COM\" \/>\n<meta property=\"article:publisher\" content=\"https:\/\/www.facebook.com\/noticiasmercedinas\/\" \/>\n<meta property=\"article:author\" content=\"https:\/\/www.facebook.com\/cristian.falabella\" \/>\n<meta property=\"article:published_time\" content=\"2018-09-03T11:29:31+00:00\" \/>\n<meta property=\"og:image\" content=\"https:\/\/noticiasmercedinas.com\/site\/wp-content\/uploads\/2018\/09\/virgen.jpg\" \/>\n\t<meta property=\"og:image:width\" content=\"592\" \/>\n\t<meta property=\"og:image:height\" content=\"323\" \/>\n\t<meta property=\"og:image:type\" content=\"image\/jpeg\" \/>\n<meta name=\"author\" content=\"Cristian Falabella NOTICIASMERCEDINAS.COM\" \/>\n<meta name=\"twitter:card\" content=\"summary_large_image\" \/>\n<meta name=\"twitter:creator\" content=\"@https:\/\/twitter.com\/NOTMERCEDINAS\" \/>\n<meta name=\"twitter:site\" content=\"@notmercedinas\" \/>\n<meta name=\"twitter:label1\" content=\"Escrito por\" \/>\n\t<meta name=\"twitter:data1\" content=\"Cristian Falabella NOTICIASMERCEDINAS.COM\" \/>\n\t<meta name=\"twitter:label2\" content=\"Tiempo de lectura\" \/>\n\t<meta name=\"twitter:data2\" content=\"2 minutos\" \/>\n<script type=\"application\/ld+json\" class=\"yoast-schema-graph\">{\"@context\":\"https:\\\/\\\/schema.org\",\"@graph\":[{\"@type\":\"Article\",\"@id\":\"https:\\\/\\\/noticiasmercedinas.com\\\/site\\\/2018\\\/09\\\/03\\\/fiesta-de-la-patrona-con-muchas-actividades-y-una-ordenacion-sacerdotal\\\/#article\",\"isPartOf\":{\"@id\":\"https:\\\/\\\/noticiasmercedinas.com\\\/site\\\/2018\\\/09\\\/03\\\/fiesta-de-la-patrona-con-muchas-actividades-y-una-ordenacion-sacerdotal\\\/\"},\"author\":{\"name\":\"Cristian Falabella NOTICIASMERCEDINAS.COM\",\"@id\":\"https:\\\/\\\/noticiasmercedinas.com\\\/site\\\/#\\\/schema\\\/person\\\/d481a9696a5feaec13a60e2bbd991a6a\"},\"headline\":\"Fiesta de la Patrona con muchas actividades y una ordenaci\u00f3n sacerdotal\",\"datePublished\":\"2018-09-03T11:29:31+00:00\",\"mainEntityOfPage\":{\"@id\":\"https:\\\/\\\/noticiasmercedinas.com\\\/site\\\/2018\\\/09\\\/03\\\/fiesta-de-la-patrona-con-muchas-actividades-y-una-ordenacion-sacerdotal\\\/\"},\"wordCount\":388,\"commentCount\":0,\"publisher\":{\"@id\":\"https:\\\/\\\/noticiasmercedinas.com\\\/site\\\/#organization\"},\"image\":{\"@id\":\"https:\\\/\\\/noticiasmercedinas.com\\\/site\\\/2018\\\/09\\\/03\\\/fiesta-de-la-patrona-con-muchas-actividades-y-una-ordenacion-sacerdotal\\\/#primaryimage\"},\"thumbnailUrl\":\"https:\\\/\\\/noticiasmercedinas.com\\\/site\\\/wp-content\\\/uploads\\\/2018\\\/09\\\/virgen.jpg\",\"keywords\":[\"federico lagoa\",\"federico lazarte\",\"franco carreras\",\"iglsia catedral\",\"ordenacion sacerdotal\",\"patronales\",\"virgen de las mercedes\"],\"articleSection\":[\"Sociedad\"],\"inLanguage\":\"es\",\"potentialAction\":[{\"@type\":\"CommentAction\",\"name\":\"Comment\",\"target\":[\"https:\\\/\\\/noticiasmercedinas.com\\\/site\\\/2018\\\/09\\\/03\\\/fiesta-de-la-patrona-con-muchas-actividades-y-una-ordenacion-sacerdotal\\\/#respond\"]}]},{\"@type\":\"WebPage\",\"@id\":\"https:\\\/\\\/noticiasmercedinas.com\\\/site\\\/2018\\\/09\\\/03\\\/fiesta-de-la-patrona-con-muchas-actividades-y-una-ordenacion-sacerdotal\\\/\",\"url\":\"https:\\\/\\\/noticiasmercedinas.com\\\/site\\\/2018\\\/09\\\/03\\\/fiesta-de-la-patrona-con-muchas-actividades-y-una-ordenacion-sacerdotal\\\/\",\"name\":\"Fiesta de la Patrona con muchas actividades y una ordenaci\u00f3n sacerdotal\",\"isPartOf\":{\"@id\":\"https:\\\/\\\/noticiasmercedinas.com\\\/site\\\/#website\"},\"primaryImageOfPage\":{\"@id\":\"https:\\\/\\\/noticiasmercedinas.com\\\/site\\\/2018\\\/09\\\/03\\\/fiesta-de-la-patrona-con-muchas-actividades-y-una-ordenacion-sacerdotal\\\/#primaryimage\"},\"image\":{\"@id\":\"https:\\\/\\\/noticiasmercedinas.com\\\/site\\\/2018\\\/09\\\/03\\\/fiesta-de-la-patrona-con-muchas-actividades-y-una-ordenacion-sacerdotal\\\/#primaryimage\"},\"thumbnailUrl\":\"https:\\\/\\\/noticiasmercedinas.com\\\/site\\\/wp-content\\\/uploads\\\/2018\\\/09\\\/virgen.jpg\",\"datePublished\":\"2018-09-03T11:29:31+00:00\",\"breadcrumb\":{\"@id\":\"https:\\\/\\\/noticiasmercedinas.com\\\/site\\\/2018\\\/09\\\/03\\\/fiesta-de-la-patrona-con-muchas-actividades-y-una-ordenacion-sacerdotal\\\/#breadcrumb\"},\"inLanguage\":\"es\",\"potentialAction\":[{\"@type\":\"ReadAction\",\"target\":[\"https:\\\/\\\/noticiasmercedinas.com\\\/site\\\/2018\\\/09\\\/03\\\/fiesta-de-la-patrona-con-muchas-actividades-y-una-ordenacion-sacerdotal\\\/\"]}]},{\"@type\":\"ImageObject\",\"inLanguage\":\"es\",\"@id\":\"https:\\\/\\\/noticiasmercedinas.com\\\/site\\\/2018\\\/09\\\/03\\\/fiesta-de-la-patrona-con-muchas-actividades-y-una-ordenacion-sacerdotal\\\/#primaryimage\",\"url\":\"https:\\\/\\\/noticiasmercedinas.com\\\/site\\\/wp-content\\\/uploads\\\/2018\\\/09\\\/virgen.jpg\",\"contentUrl\":\"https:\\\/\\\/noticiasmercedinas.com\\\/site\\\/wp-content\\\/uploads\\\/2018\\\/09\\\/virgen.jpg\",\"width\":592,\"height\":323},{\"@type\":\"BreadcrumbList\",\"@id\":\"https:\\\/\\\/noticiasmercedinas.com\\\/site\\\/2018\\\/09\\\/03\\\/fiesta-de-la-patrona-con-muchas-actividades-y-una-ordenacion-sacerdotal\\\/#breadcrumb\",\"itemListElement\":[{\"@type\":\"ListItem\",\"position\":1,\"name\":\"Portada\",\"item\":\"https:\\\/\\\/noticiasmercedinas.com\\\/site\\\/\"},{\"@type\":\"ListItem\",\"position\":2,\"name\":\"Fiesta de la Patrona con muchas actividades y una ordenaci\u00f3n sacerdotal\"}]},{\"@type\":\"WebSite\",\"@id\":\"https:\\\/\\\/noticiasmercedinas.com\\\/site\\\/#website\",\"url\":\"https:\\\/\\\/noticiasmercedinas.com\\\/site\\\/\",\"name\":\"NOTICIASMERCEDINAS.COM\",\"description\":\"Mercedes, Buenos Aires, Argentina\",\"publisher\":{\"@id\":\"https:\\\/\\\/noticiasmercedinas.com\\\/site\\\/#organization\"},\"potentialAction\":[{\"@type\":\"SearchAction\",\"target\":{\"@type\":\"EntryPoint\",\"urlTemplate\":\"https:\\\/\\\/noticiasmercedinas.com\\\/site\\\/?s={search_term_string}\"},\"query-input\":{\"@type\":\"PropertyValueSpecification\",\"valueRequired\":true,\"valueName\":\"search_term_string\"}}],\"inLanguage\":\"es\"},{\"@type\":\"Organization\",\"@id\":\"https:\\\/\\\/noticiasmercedinas.com\\\/site\\\/#organization\",\"name\":\"NOTICIASMERCEDINAS.COM\",\"url\":\"https:\\\/\\\/noticiasmercedinas.com\\\/site\\\/\",\"logo\":{\"@type\":\"ImageObject\",\"inLanguage\":\"es\",\"@id\":\"https:\\\/\\\/noticiasmercedinas.com\\\/site\\\/#\\\/schema\\\/logo\\\/image\\\/\",\"url\":\"https:\\\/\\\/noticiasmercedinas.com\\\/site\\\/wp-content\\\/uploads\\\/2020\\\/06\\\/LOGO-512.jpg\",\"contentUrl\":\"https:\\\/\\\/noticiasmercedinas.com\\\/site\\\/wp-content\\\/uploads\\\/2020\\\/06\\\/LOGO-512.jpg\",\"width\":512,\"height\":512,\"caption\":\"NOTICIASMERCEDINAS.COM\"},\"image\":{\"@id\":\"https:\\\/\\\/noticiasmercedinas.com\\\/site\\\/#\\\/schema\\\/logo\\\/image\\\/\"},\"sameAs\":[\"https:\\\/\\\/www.facebook.com\\\/noticiasmercedinas\\\/\",\"https:\\\/\\\/x.com\\\/notmercedinas\",\"https:\\\/\\\/www.instagram.com\\\/noticiasmercedinas\\\/\"]},{\"@type\":\"Person\",\"@id\":\"https:\\\/\\\/noticiasmercedinas.com\\\/site\\\/#\\\/schema\\\/person\\\/d481a9696a5feaec13a60e2bbd991a6a\",\"name\":\"Cristian Falabella NOTICIASMERCEDINAS.COM\",\"image\":{\"@type\":\"ImageObject\",\"inLanguage\":\"es\",\"@id\":\"https:\\\/\\\/secure.gravatar.com\\\/avatar\\\/0dbbfc45970cc46bcd0e57766228574ff3511d6eed045b182f536f0f478c1f06?s=96&d=mm&r=g\",\"url\":\"https:\\\/\\\/secure.gravatar.com\\\/avatar\\\/0dbbfc45970cc46bcd0e57766228574ff3511d6eed045b182f536f0f478c1f06?s=96&d=mm&r=g\",\"contentUrl\":\"https:\\\/\\\/secure.gravatar.com\\\/avatar\\\/0dbbfc45970cc46bcd0e57766228574ff3511d6eed045b182f536f0f478c1f06?s=96&d=mm&r=g\",\"caption\":\"Cristian Falabella NOTICIASMERCEDINAS.COM\"},\"description\":\"Periodista, editor de Noticias Mercedinas. Pas\u00f3 por varias redacciones y emprendimientos de prensa, en distintos formatos y \u00e9pocas. Se especializ\u00f3 --y sigue haci\u00e9ndolo-- en comunicaci\u00f3n en la web y en junio de 2006 fund\u00f3 este diario digital.\",\"sameAs\":[\"https:\\\/\\\/noticiasmercedinas.com\",\"https:\\\/\\\/www.facebook.com\\\/cristian.falabella\",\"https:\\\/\\\/www.instagram.com\\\/noticiasmercedinas\\\/\",\"https:\\\/\\\/x.com\\\/https:\\\/\\\/twitter.com\\\/NOTMERCEDINAS\"],\"url\":\"https:\\\/\\\/noticiasmercedinas.com\\\/site\\\/author\\\/as000384\\\/\"}]}<\/script>\n<!-- \/ Yoast SEO plugin. -->","yoast_head_json":{"title":"Fiesta de la Patrona con muchas actividades y una ordenaci\u00f3n sacerdotal","robots":{"index":"index","follow":"follow","max-snippet":"max-snippet:-1","max-image-preview":"max-image-preview:large","max-video-preview":"max-video-preview:-1"},"canonical":"https:\/\/noticiasmercedinas.com\/site\/2018\/09\/03\/fiesta-de-la-patrona-con-muchas-actividades-y-una-ordenacion-sacerdotal\/","og_locale":"es_ES","og_type":"article","og_title":"Fiesta de la Patrona con muchas actividades y una ordenaci\u00f3n sacerdotal","og_description":"Septiembre es el mes de la Fiesta de Nuestra Se\u00f1ora de la Merced. Se trata de un mes especial de actividades patronales en Iglesia Catedral con epicentro el lunes 24, que incluir\u00e1n procesi\u00f3n y misa. Adem\u00e1s habr\u00e1 una ordenaci\u00f3n sacerdotal, el 15. La fiesta de la patrona de la ciudad tiene un completo cronograma de [&hellip;]","og_url":"https:\/\/noticiasmercedinas.com\/site\/2018\/09\/03\/fiesta-de-la-patrona-con-muchas-actividades-y-una-ordenacion-sacerdotal\/","og_site_name":"NOTICIASMERCEDINAS.COM","article_publisher":"https:\/\/www.facebook.com\/noticiasmercedinas\/","article_author":"https:\/\/www.facebook.com\/cristian.falabella","article_published_time":"2018-09-03T11:29:31+00:00","og_image":[{"width":592,"height":323,"url":"https:\/\/noticiasmercedinas.com\/site\/wp-content\/uploads\/2018\/09\/virgen.jpg","type":"image\/jpeg"}],"author":"Cristian Falabella NOTICIASMERCEDINAS.COM","twitter_card":"summary_large_image","twitter_creator":"@https:\/\/twitter.com\/NOTMERCEDINAS","twitter_site":"@notmercedinas","twitter_misc":{"Escrito por":"Cristian Falabella NOTICIASMERCEDINAS.COM","Tiempo de lectura":"2 minutos"},"schema":{"@context":"https:\/\/schema.org","@graph":[{"@type":"Article","@id":"https:\/\/noticiasmercedinas.com\/site\/2018\/09\/03\/fiesta-de-la-patrona-con-muchas-actividades-y-una-ordenacion-sacerdotal\/#article","isPartOf":{"@id":"https:\/\/noticiasmercedinas.com\/site\/2018\/09\/03\/fiesta-de-la-patrona-con-muchas-actividades-y-una-ordenacion-sacerdotal\/"},"author":{"name":"Cristian Falabella NOTICIASMERCEDINAS.COM","@id":"https:\/\/noticiasmercedinas.com\/site\/#\/schema\/person\/d481a9696a5feaec13a60e2bbd991a6a"},"headline":"Fiesta de la Patrona con muchas actividades y una ordenaci\u00f3n sacerdotal","datePublished":"2018-09-03T11:29:31+00:00","mainEntityOfPage":{"@id":"https:\/\/noticiasmercedinas.com\/site\/2018\/09\/03\/fiesta-de-la-patrona-con-muchas-actividades-y-una-ordenacion-sacerdotal\/"},"wordCount":388,"commentCount":0,"publisher":{"@id":"https:\/\/noticiasmercedinas.com\/site\/#organization"},"image":{"@id":"https:\/\/noticiasmercedinas.com\/site\/2018\/09\/03\/fiesta-de-la-patrona-con-muchas-actividades-y-una-ordenacion-sacerdotal\/#primaryimage"},"thumbnailUrl":"https:\/\/noticiasmercedinas.com\/site\/wp-content\/uploads\/2018\/09\/virgen.jpg","keywords":["federico lagoa","federico lazarte","franco carreras","iglsia catedral","ordenacion sacerdotal","patronales","virgen de las mercedes"],"articleSection":["Sociedad"],"inLanguage":"es","potentialAction":[{"@type":"CommentAction","name":"Comment","target":["https:\/\/noticiasmercedinas.com\/site\/2018\/09\/03\/fiesta-de-la-patrona-con-muchas-actividades-y-una-ordenacion-sacerdotal\/#respond"]}]},{"@type":"WebPage","@id":"https:\/\/noticiasmercedinas.com\/site\/2018\/09\/03\/fiesta-de-la-patrona-con-muchas-actividades-y-una-ordenacion-sacerdotal\/","url":"https:\/\/noticiasmercedinas.com\/site\/2018\/09\/03\/fiesta-de-la-patrona-con-muchas-actividades-y-una-ordenacion-sacerdotal\/","name":"Fiesta de la Patrona con muchas actividades y una ordenaci\u00f3n sacerdotal","isPartOf":{"@id":"https:\/\/noticiasmercedinas.com\/site\/#website"},"primaryImageOfPage":{"@id":"https:\/\/noticiasmercedinas.com\/site\/2018\/09\/03\/fiesta-de-la-patrona-con-muchas-actividades-y-una-ordenacion-sacerdotal\/#primaryimage"},"image":{"@id":"https:\/\/noticiasmercedinas.com\/site\/2018\/09\/03\/fiesta-de-la-patrona-con-muchas-actividades-y-una-ordenacion-sacerdotal\/#primaryimage"},"thumbnailUrl":"https:\/\/noticiasmercedinas.com\/site\/wp-content\/uploads\/2018\/09\/virgen.jpg","datePublished":"2018-09-03T11:29:31+00:00","breadcrumb":{"@id":"https:\/\/noticiasmercedinas.com\/site\/2018\/09\/03\/fiesta-de-la-patrona-con-muchas-actividades-y-una-ordenacion-sacerdotal\/#breadcrumb"},"inLanguage":"es","potentialAction":[{"@type":"ReadAction","target":["https:\/\/noticiasmercedinas.com\/site\/2018\/09\/03\/fiesta-de-la-patrona-con-muchas-actividades-y-una-ordenacion-sacerdotal\/"]}]},{"@type":"ImageObject","inLanguage":"es","@id":"https:\/\/noticiasmercedinas.com\/site\/2018\/09\/03\/fiesta-de-la-patrona-con-muchas-actividades-y-una-ordenacion-sacerdotal\/#primaryimage","url":"https:\/\/noticiasmercedinas.com\/site\/wp-content\/uploads\/2018\/09\/virgen.jpg","contentUrl":"https:\/\/noticiasmercedinas.com\/site\/wp-content\/uploads\/2018\/09\/virgen.jpg","width":592,"height":323},{"@type":"BreadcrumbList","@id":"https:\/\/noticiasmercedinas.com\/site\/2018\/09\/03\/fiesta-de-la-patrona-con-muchas-actividades-y-una-ordenacion-sacerdotal\/#breadcrumb","itemListElement":[{"@type":"ListItem","position":1,"name":"Portada","item":"https:\/\/noticiasmercedinas.com\/site\/"},{"@type":"ListItem","position":2,"name":"Fiesta de la Patrona con muchas actividades y una ordenaci\u00f3n sacerdotal"}]},{"@type":"WebSite","@id":"https:\/\/noticiasmercedinas.com\/site\/#website","url":"https:\/\/noticiasmercedinas.com\/site\/","name":"NOTICIASMERCEDINAS.COM","description":"Mercedes, Buenos Aires, Argentina","publisher":{"@id":"https:\/\/noticiasmercedinas.com\/site\/#organization"},"potentialAction":[{"@type":"SearchAction","target":{"@type":"EntryPoint","urlTemplate":"https:\/\/noticiasmercedinas.com\/site\/?s={search_term_string}"},"query-input":{"@type":"PropertyValueSpecification","valueRequired":true,"valueName":"search_term_string"}}],"inLanguage":"es"},{"@type":"Organization","@id":"https:\/\/noticiasmercedinas.com\/site\/#organization","name":"NOTICIASMERCEDINAS.COM","url":"https:\/\/noticiasmercedinas.com\/site\/","logo":{"@type":"ImageObject","inLanguage":"es","@id":"https:\/\/noticiasmercedinas.com\/site\/#\/schema\/logo\/image\/","url":"https:\/\/noticiasmercedinas.com\/site\/wp-content\/uploads\/2020\/06\/LOGO-512.jpg","contentUrl":"https:\/\/noticiasmercedinas.com\/site\/wp-content\/uploads\/2020\/06\/LOGO-512.jpg","width":512,"height":512,"caption":"NOTICIASMERCEDINAS.COM"},"image":{"@id":"https:\/\/noticiasmercedinas.com\/site\/#\/schema\/logo\/image\/"},"sameAs":["https:\/\/www.facebook.com\/noticiasmercedinas\/","https:\/\/x.com\/notmercedinas","https:\/\/www.instagram.com\/noticiasmercedinas\/"]},{"@type":"Person","@id":"https:\/\/noticiasmercedinas.com\/site\/#\/schema\/person\/d481a9696a5feaec13a60e2bbd991a6a","name":"Cristian Falabella NOTICIASMERCEDINAS.COM","image":{"@type":"ImageObject","inLanguage":"es","@id":"https:\/\/secure.gravatar.com\/avatar\/0dbbfc45970cc46bcd0e57766228574ff3511d6eed045b182f536f0f478c1f06?s=96&d=mm&r=g","url":"https:\/\/secure.gravatar.com\/avatar\/0dbbfc45970cc46bcd0e57766228574ff3511d6eed045b182f536f0f478c1f06?s=96&d=mm&r=g","contentUrl":"https:\/\/secure.gravatar.com\/avatar\/0dbbfc45970cc46bcd0e57766228574ff3511d6eed045b182f536f0f478c1f06?s=96&d=mm&r=g","caption":"Cristian Falabella NOTICIASMERCEDINAS.COM"},"description":"Periodista, editor de Noticias Mercedinas. Pas\u00f3 por varias redacciones y emprendimientos de prensa, en distintos formatos y \u00e9pocas. Se especializ\u00f3 --y sigue haci\u00e9ndolo-- en comunicaci\u00f3n en la web y en junio de 2006 fund\u00f3 este diario digital.","sameAs":["https:\/\/noticiasmercedinas.com","https:\/\/www.facebook.com\/cristian.falabella","https:\/\/www.instagram.com\/noticiasmercedinas\/","https:\/\/x.com\/https:\/\/twitter.com\/NOTMERCEDINAS"],"url":"https:\/\/noticiasmercedinas.com\/site\/author\/as000384\/"}]}},"amp_enabled":true,"_links":{"self":[{"href":"https:\/\/noticiasmercedinas.com\/site\/wp-json\/wp\/v2\/posts\/905","targetHints":{"allow":["GET"]}}],"collection":[{"href":"https:\/\/noticiasmercedinas.com\/site\/wp-json\/wp\/v2\/posts"}],"about":[{"href":"https:\/\/noticiasmercedinas.com\/site\/wp-json\/wp\/v2\/types\/post"}],"author":[{"embeddable":true,"href":"https:\/\/noticiasmercedinas.com\/site\/wp-json\/wp\/v2\/users\/2"}],"replies":[{"embeddable":true,"href":"https:\/\/noticiasmercedinas.com\/site\/wp-json\/wp\/v2\/comments?post=905"}],"version-history":[{"count":1,"href":"https:\/\/noticiasmercedinas.com\/site\/wp-json\/wp\/v2\/posts\/905\/revisions"}],"predecessor-version":[{"id":907,"href":"https:\/\/noticiasmercedinas.com\/site\/wp-json\/wp\/v2\/posts\/905\/revisions\/907"}],"wp:featuredmedia":[{"embeddable":true,"href":"https:\/\/noticiasmercedinas.com\/site\/wp-json\/wp\/v2\/media\/906"}],"wp:attachment":[{"href":"https:\/\/noticiasmercedinas.com\/site\/wp-json\/wp\/v2\/media?parent=905"}],"wp:term":[{"taxonomy":"category","embeddable":true,"href":"https:\/\/noticiasmercedinas.com\/site\/wp-json\/wp\/v2\/categories?post=905"},{"taxonomy":"post_tag","embeddable":true,"href":"https:\/\/noticiasmercedinas.com\/site\/wp-json\/wp\/v2\/tags?post=905"}],"curies":[{"name":"wp","href":"https:\/\/api.w.org\/{rel}","templated":true}]}}