{"id":9053,"date":"2018-12-14T19:12:06","date_gmt":"2018-12-14T22:12:06","guid":{"rendered":"https:\/\/noticiasmercedinas.com\/site\/?p=9053"},"modified":"2018-12-14T19:12:06","modified_gmt":"2018-12-14T22:12:06","slug":"el-no-va-mas-se-expreso-en-la-ruta-5-en-mercedes-y-en-lujan","status":"publish","type":"post","link":"https:\/\/noticiasmercedinas.com\/site\/2018\/12\/14\/el-no-va-mas-se-expreso-en-la-ruta-5-en-mercedes-y-en-lujan\/","title":{"rendered":"El \u00abNo va m\u00e1s\u00bb se expres\u00f3 en la Ruta 5 en Mercedes y en Luj\u00e1n"},"content":{"rendered":"<p><img loading=\"lazy\" decoding=\"async\" class=\"alignnone size-full wp-image-9054\" src=\"https:\/\/noticiasmercedinas.com\/site\/wp-content\/uploads\/2018\/12\/48374852_10215175969625469_4269659729489297408_n.jpg\" alt=\"\" width=\"960\" height=\"540\" srcset=\"https:\/\/noticiasmercedinas.com\/site\/wp-content\/uploads\/2018\/12\/48374852_10215175969625469_4269659729489297408_n.jpg 960w, https:\/\/noticiasmercedinas.com\/site\/wp-content\/uploads\/2018\/12\/48374852_10215175969625469_4269659729489297408_n-300x169.jpg 300w, https:\/\/noticiasmercedinas.com\/site\/wp-content\/uploads\/2018\/12\/48374852_10215175969625469_4269659729489297408_n-768x432.jpg 768w, https:\/\/noticiasmercedinas.com\/site\/wp-content\/uploads\/2018\/12\/48374852_10215175969625469_4269659729489297408_n-640x360.jpg 640w, https:\/\/noticiasmercedinas.com\/site\/wp-content\/uploads\/2018\/12\/48374852_10215175969625469_4269659729489297408_n-681x383.jpg 681w\" sizes=\"auto, (max-width: 960px) 100vw, 960px\" \/><\/p>\n<p>Este viernes por la tarde y luego de una postergaci\u00f3n que se dio por inclemencias del tiempo, hubo un fuerte reclamo de la Mesa Sindical Mercedes, la Comisi\u00f3n de Vecinos contra el Peaje y dem\u00e1s instituciones de Mercedes contra las pol\u00edticas de ajuste de Macri, Vidal y la quita de beneficio a los mercedinos del pase gratis en las cabinas de Olivera. Tambi\u00e9n hubo manifestaci\u00f3n y corte de ruta en la vecina ciudad de Luj\u00e1n.<\/p>\n<p>Todo se dio en el marco de una serie de medidas similares a lo largo del corredor de la ruta 5, entre las provincias de Buenos Aires y La Pampa.<\/p>\n<p>De esta manera se volvi\u00f3 al corte de ruta y volanteada como m\u00e9todo de protesta.\u00a0\u201c\u00a1Esto no va m\u00e1s!\u201d fue el lema de la organizaci\u00f3n, hubo una importrante participaci\u00f3n con carteles y manifestantes que se llegaron hasta la ruta\u00a0y la movida fue en contra de la reforma laboral y de los despidos, entre otras consignas.<\/p>\n<p><img loading=\"lazy\" decoding=\"async\" class=\"alignnone size-large wp-image-9058\" src=\"https:\/\/noticiasmercedinas.com\/site\/wp-content\/uploads\/2018\/12\/eefacc1c-cc0c-43e4-a9eb-24052df0e9b1-1024x768.jpg\" alt=\"\" width=\"640\" height=\"480\" srcset=\"https:\/\/noticiasmercedinas.com\/site\/wp-content\/uploads\/2018\/12\/eefacc1c-cc0c-43e4-a9eb-24052df0e9b1-1024x768.jpg 1024w, https:\/\/noticiasmercedinas.com\/site\/wp-content\/uploads\/2018\/12\/eefacc1c-cc0c-43e4-a9eb-24052df0e9b1-300x225.jpg 300w, https:\/\/noticiasmercedinas.com\/site\/wp-content\/uploads\/2018\/12\/eefacc1c-cc0c-43e4-a9eb-24052df0e9b1-768x576.jpg 768w, https:\/\/noticiasmercedinas.com\/site\/wp-content\/uploads\/2018\/12\/eefacc1c-cc0c-43e4-a9eb-24052df0e9b1-80x60.jpg 80w, https:\/\/noticiasmercedinas.com\/site\/wp-content\/uploads\/2018\/12\/eefacc1c-cc0c-43e4-a9eb-24052df0e9b1-160x120.jpg 160w, https:\/\/noticiasmercedinas.com\/site\/wp-content\/uploads\/2018\/12\/eefacc1c-cc0c-43e4-a9eb-24052df0e9b1-100x75.jpg 100w, https:\/\/noticiasmercedinas.com\/site\/wp-content\/uploads\/2018\/12\/eefacc1c-cc0c-43e4-a9eb-24052df0e9b1-200x150.jpg 200w, https:\/\/noticiasmercedinas.com\/site\/wp-content\/uploads\/2018\/12\/eefacc1c-cc0c-43e4-a9eb-24052df0e9b1-180x135.jpg 180w, https:\/\/noticiasmercedinas.com\/site\/wp-content\/uploads\/2018\/12\/eefacc1c-cc0c-43e4-a9eb-24052df0e9b1-360x270.jpg 360w, https:\/\/noticiasmercedinas.com\/site\/wp-content\/uploads\/2018\/12\/eefacc1c-cc0c-43e4-a9eb-24052df0e9b1-238x178.jpg 238w, https:\/\/noticiasmercedinas.com\/site\/wp-content\/uploads\/2018\/12\/eefacc1c-cc0c-43e4-a9eb-24052df0e9b1-476x356.jpg 476w, https:\/\/noticiasmercedinas.com\/site\/wp-content\/uploads\/2018\/12\/eefacc1c-cc0c-43e4-a9eb-24052df0e9b1-640x480.jpg 640w, https:\/\/noticiasmercedinas.com\/site\/wp-content\/uploads\/2018\/12\/eefacc1c-cc0c-43e4-a9eb-24052df0e9b1-681x511.jpg 681w, https:\/\/noticiasmercedinas.com\/site\/wp-content\/uploads\/2018\/12\/eefacc1c-cc0c-43e4-a9eb-24052df0e9b1.jpg 1152w\" sizes=\"auto, (max-width: 640px) 100vw, 640px\" \/><\/p>\n<p>En tanto, en Luj\u00e1n participaron unas 200 personas, que cortaron una mano drante unos 20 aninutos expresando el reclamo. Entre otros, hubo referentes del FRente Gremial Docente Bonaerense con la FEB y el SUTEBA,\u00a0Textiles de AOT y despedidos de Sport tech, integrantes de\u00a0CTEP &#8211; Movimiento Evita, la\u00a0CTD An\u00edbal Ver\u00f3n,\u00a0Bancarios,\u00a0Molineros,\u00a0SMATA,\u00a0ATE,\u00a0Adunlu,\u00a0Judiciales,\u00a0Curtidores y los concejales Prince, Siror, Pereyra y Krauth, del bloque Unidad Ciudadana.<\/p>\n<p>La actividad en la vecina ciudad fue en el Acceso Oeste, a poco m\u00e1s de un kil\u00f3metro de la entrada a Luj\u00e1n, bajo un puente peatonal.<\/p>\n<p><img loading=\"lazy\" decoding=\"async\" class=\"alignnone size-large wp-image-9055\" src=\"https:\/\/noticiasmercedinas.com\/site\/wp-content\/uploads\/2018\/12\/9b60c0a3-fec8-4201-933b-c5b2d8bd4f27-1024x768.jpg\" alt=\"\" width=\"640\" height=\"480\" srcset=\"https:\/\/noticiasmercedinas.com\/site\/wp-content\/uploads\/2018\/12\/9b60c0a3-fec8-4201-933b-c5b2d8bd4f27-1024x768.jpg 1024w, https:\/\/noticiasmercedinas.com\/site\/wp-content\/uploads\/2018\/12\/9b60c0a3-fec8-4201-933b-c5b2d8bd4f27-300x225.jpg 300w, https:\/\/noticiasmercedinas.com\/site\/wp-content\/uploads\/2018\/12\/9b60c0a3-fec8-4201-933b-c5b2d8bd4f27-768x576.jpg 768w, https:\/\/noticiasmercedinas.com\/site\/wp-content\/uploads\/2018\/12\/9b60c0a3-fec8-4201-933b-c5b2d8bd4f27-80x60.jpg 80w, https:\/\/noticiasmercedinas.com\/site\/wp-content\/uploads\/2018\/12\/9b60c0a3-fec8-4201-933b-c5b2d8bd4f27-160x120.jpg 160w, https:\/\/noticiasmercedinas.com\/site\/wp-content\/uploads\/2018\/12\/9b60c0a3-fec8-4201-933b-c5b2d8bd4f27-100x75.jpg 100w, https:\/\/noticiasmercedinas.com\/site\/wp-content\/uploads\/2018\/12\/9b60c0a3-fec8-4201-933b-c5b2d8bd4f27-200x150.jpg 200w, https:\/\/noticiasmercedinas.com\/site\/wp-content\/uploads\/2018\/12\/9b60c0a3-fec8-4201-933b-c5b2d8bd4f27-180x135.jpg 180w, https:\/\/noticiasmercedinas.com\/site\/wp-content\/uploads\/2018\/12\/9b60c0a3-fec8-4201-933b-c5b2d8bd4f27-360x270.jpg 360w, https:\/\/noticiasmercedinas.com\/site\/wp-content\/uploads\/2018\/12\/9b60c0a3-fec8-4201-933b-c5b2d8bd4f27-238x178.jpg 238w, https:\/\/noticiasmercedinas.com\/site\/wp-content\/uploads\/2018\/12\/9b60c0a3-fec8-4201-933b-c5b2d8bd4f27-476x356.jpg 476w, https:\/\/noticiasmercedinas.com\/site\/wp-content\/uploads\/2018\/12\/9b60c0a3-fec8-4201-933b-c5b2d8bd4f27-640x480.jpg 640w, https:\/\/noticiasmercedinas.com\/site\/wp-content\/uploads\/2018\/12\/9b60c0a3-fec8-4201-933b-c5b2d8bd4f27.jpg 1280w, https:\/\/noticiasmercedinas.com\/site\/wp-content\/uploads\/2018\/12\/9b60c0a3-fec8-4201-933b-c5b2d8bd4f27-681x511.jpg 681w\" sizes=\"auto, (max-width: 640px) 100vw, 640px\" \/><\/p>\n<p><img loading=\"lazy\" decoding=\"async\" class=\"alignnone size-large wp-image-9056\" src=\"https:\/\/noticiasmercedinas.com\/site\/wp-content\/uploads\/2018\/12\/766272f1-8acb-4ad7-b950-696c10224ae4-1024x768.jpg\" alt=\"\" width=\"640\" height=\"480\" srcset=\"https:\/\/noticiasmercedinas.com\/site\/wp-content\/uploads\/2018\/12\/766272f1-8acb-4ad7-b950-696c10224ae4-1024x768.jpg 1024w, https:\/\/noticiasmercedinas.com\/site\/wp-content\/uploads\/2018\/12\/766272f1-8acb-4ad7-b950-696c10224ae4-300x225.jpg 300w, https:\/\/noticiasmercedinas.com\/site\/wp-content\/uploads\/2018\/12\/766272f1-8acb-4ad7-b950-696c10224ae4-768x576.jpg 768w, https:\/\/noticiasmercedinas.com\/site\/wp-content\/uploads\/2018\/12\/766272f1-8acb-4ad7-b950-696c10224ae4-80x60.jpg 80w, https:\/\/noticiasmercedinas.com\/site\/wp-content\/uploads\/2018\/12\/766272f1-8acb-4ad7-b950-696c10224ae4-160x120.jpg 160w, https:\/\/noticiasmercedinas.com\/site\/wp-content\/uploads\/2018\/12\/766272f1-8acb-4ad7-b950-696c10224ae4-100x75.jpg 100w, https:\/\/noticiasmercedinas.com\/site\/wp-content\/uploads\/2018\/12\/766272f1-8acb-4ad7-b950-696c10224ae4-200x150.jpg 200w, https:\/\/noticiasmercedinas.com\/site\/wp-content\/uploads\/2018\/12\/766272f1-8acb-4ad7-b950-696c10224ae4-180x135.jpg 180w, https:\/\/noticiasmercedinas.com\/site\/wp-content\/uploads\/2018\/12\/766272f1-8acb-4ad7-b950-696c10224ae4-360x270.jpg 360w, https:\/\/noticiasmercedinas.com\/site\/wp-content\/uploads\/2018\/12\/766272f1-8acb-4ad7-b950-696c10224ae4-238x178.jpg 238w, https:\/\/noticiasmercedinas.com\/site\/wp-content\/uploads\/2018\/12\/766272f1-8acb-4ad7-b950-696c10224ae4-476x356.jpg 476w, https:\/\/noticiasmercedinas.com\/site\/wp-content\/uploads\/2018\/12\/766272f1-8acb-4ad7-b950-696c10224ae4-640x480.jpg 640w, https:\/\/noticiasmercedinas.com\/site\/wp-content\/uploads\/2018\/12\/766272f1-8acb-4ad7-b950-696c10224ae4.jpg 1280w, https:\/\/noticiasmercedinas.com\/site\/wp-content\/uploads\/2018\/12\/766272f1-8acb-4ad7-b950-696c10224ae4-681x511.jpg 681w\" sizes=\"auto, (max-width: 640px) 100vw, 640px\" \/><\/p>\n<p><img loading=\"lazy\" decoding=\"async\" class=\"alignnone size-large wp-image-9057\" src=\"https:\/\/noticiasmercedinas.com\/site\/wp-content\/uploads\/2018\/12\/dfa65963-30a0-402b-8b86-b3b23145282b-1024x768.jpg\" alt=\"\" width=\"640\" height=\"480\" srcset=\"https:\/\/noticiasmercedinas.com\/site\/wp-content\/uploads\/2018\/12\/dfa65963-30a0-402b-8b86-b3b23145282b-1024x768.jpg 1024w, https:\/\/noticiasmercedinas.com\/site\/wp-content\/uploads\/2018\/12\/dfa65963-30a0-402b-8b86-b3b23145282b-300x225.jpg 300w, https:\/\/noticiasmercedinas.com\/site\/wp-content\/uploads\/2018\/12\/dfa65963-30a0-402b-8b86-b3b23145282b-768x576.jpg 768w, https:\/\/noticiasmercedinas.com\/site\/wp-content\/uploads\/2018\/12\/dfa65963-30a0-402b-8b86-b3b23145282b-80x60.jpg 80w, https:\/\/noticiasmercedinas.com\/site\/wp-content\/uploads\/2018\/12\/dfa65963-30a0-402b-8b86-b3b23145282b-160x120.jpg 160w, https:\/\/noticiasmercedinas.com\/site\/wp-content\/uploads\/2018\/12\/dfa65963-30a0-402b-8b86-b3b23145282b-100x75.jpg 100w, https:\/\/noticiasmercedinas.com\/site\/wp-content\/uploads\/2018\/12\/dfa65963-30a0-402b-8b86-b3b23145282b-200x150.jpg 200w, https:\/\/noticiasmercedinas.com\/site\/wp-content\/uploads\/2018\/12\/dfa65963-30a0-402b-8b86-b3b23145282b-180x135.jpg 180w, https:\/\/noticiasmercedinas.com\/site\/wp-content\/uploads\/2018\/12\/dfa65963-30a0-402b-8b86-b3b23145282b-360x270.jpg 360w, https:\/\/noticiasmercedinas.com\/site\/wp-content\/uploads\/2018\/12\/dfa65963-30a0-402b-8b86-b3b23145282b-238x178.jpg 238w, https:\/\/noticiasmercedinas.com\/site\/wp-content\/uploads\/2018\/12\/dfa65963-30a0-402b-8b86-b3b23145282b-476x356.jpg 476w, https:\/\/noticiasmercedinas.com\/site\/wp-content\/uploads\/2018\/12\/dfa65963-30a0-402b-8b86-b3b23145282b-640x480.jpg 640w, https:\/\/noticiasmercedinas.com\/site\/wp-content\/uploads\/2018\/12\/dfa65963-30a0-402b-8b86-b3b23145282b.jpg 1280w, https:\/\/noticiasmercedinas.com\/site\/wp-content\/uploads\/2018\/12\/dfa65963-30a0-402b-8b86-b3b23145282b-681x511.jpg 681w\" sizes=\"auto, (max-width: 640px) 100vw, 640px\" \/><\/p>\n<p>&nbsp;<\/p>\n<p>Ampliaremos<\/p>\n","protected":false},"excerpt":{"rendered":"<p>Este viernes por la tarde y luego de una postergaci\u00f3n que se dio por inclemencias del tiempo, hubo un fuerte reclamo de la Mesa Sindical Mercedes, la Comisi\u00f3n de Vecinos contra el Peaje y dem\u00e1s instituciones de Mercedes contra las pol\u00edticas de ajuste de Macri, Vidal y la quita de beneficio a los mercedinos del [&hellip;]<\/p>\n","protected":false},"author":2,"featured_media":9054,"comment_status":"open","ping_status":"open","sticky":false,"template":"","format":"standard","meta":{"footnotes":""},"categories":[3],"tags":[755,40,23,1201,2836,2835,1774,665],"class_list":["post-9053","post","type-post","status-publish","format-standard","has-post-thumbnail","hentry","category-sociedad","tag-gremios","tag-lujan","tag-mercedes","tag-mesa-sindical-mercedes","tag-multisectorial","tag-no-va-mas","tag-peaje","tag-ruta-5"],"yoast_head":"<!-- This site is optimized with the Yoast SEO plugin v27.4 - https:\/\/yoast.com\/product\/yoast-seo-wordpress\/ -->\n<title>El &quot;No va m\u00e1s&quot; se expres\u00f3 en la Ruta 5 en Mercedes y en Luj\u00e1n<\/title>\n<meta name=\"robots\" content=\"index, follow, max-snippet:-1, max-image-preview:large, max-video-preview:-1\" \/>\n<link rel=\"canonical\" href=\"https:\/\/noticiasmercedinas.com\/site\/2018\/12\/14\/el-no-va-mas-se-expreso-en-la-ruta-5-en-mercedes-y-en-lujan\/\" \/>\n<meta property=\"og:locale\" content=\"es_ES\" \/>\n<meta property=\"og:type\" content=\"article\" \/>\n<meta property=\"og:title\" content=\"El &quot;No va m\u00e1s&quot; se expres\u00f3 en la Ruta 5 en Mercedes y en Luj\u00e1n\" \/>\n<meta property=\"og:description\" content=\"Este viernes por la tarde y luego de una postergaci\u00f3n que se dio por inclemencias del tiempo, hubo un fuerte reclamo de la Mesa Sindical Mercedes, la Comisi\u00f3n de Vecinos contra el Peaje y dem\u00e1s instituciones de Mercedes contra las pol\u00edticas de ajuste de Macri, Vidal y la quita de beneficio a los mercedinos del [&hellip;]\" \/>\n<meta property=\"og:url\" content=\"https:\/\/noticiasmercedinas.com\/site\/2018\/12\/14\/el-no-va-mas-se-expreso-en-la-ruta-5-en-mercedes-y-en-lujan\/\" \/>\n<meta property=\"og:site_name\" content=\"NOTICIASMERCEDINAS.COM\" \/>\n<meta property=\"article:publisher\" content=\"https:\/\/www.facebook.com\/noticiasmercedinas\/\" \/>\n<meta property=\"article:author\" content=\"https:\/\/www.facebook.com\/cristian.falabella\" \/>\n<meta property=\"article:published_time\" content=\"2018-12-14T22:12:06+00:00\" \/>\n<meta property=\"og:image\" content=\"https:\/\/noticiasmercedinas.com\/site\/wp-content\/uploads\/2018\/12\/48374852_10215175969625469_4269659729489297408_n.jpg\" \/>\n\t<meta property=\"og:image:width\" content=\"960\" \/>\n\t<meta property=\"og:image:height\" content=\"540\" \/>\n\t<meta property=\"og:image:type\" content=\"image\/jpeg\" \/>\n<meta name=\"author\" content=\"Cristian Falabella NOTICIASMERCEDINAS.COM\" \/>\n<meta name=\"twitter:card\" content=\"summary_large_image\" \/>\n<meta name=\"twitter:creator\" content=\"@https:\/\/twitter.com\/NOTMERCEDINAS\" \/>\n<meta name=\"twitter:site\" content=\"@notmercedinas\" \/>\n<meta name=\"twitter:label1\" content=\"Escrito por\" \/>\n\t<meta name=\"twitter:data1\" content=\"Cristian Falabella NOTICIASMERCEDINAS.COM\" \/>\n\t<meta name=\"twitter:label2\" content=\"Tiempo de lectura\" \/>\n\t<meta name=\"twitter:data2\" content=\"1 minuto\" \/>\n<script type=\"application\/ld+json\" class=\"yoast-schema-graph\">{\"@context\":\"https:\\\/\\\/schema.org\",\"@graph\":[{\"@type\":\"Article\",\"@id\":\"https:\\\/\\\/noticiasmercedinas.com\\\/site\\\/2018\\\/12\\\/14\\\/el-no-va-mas-se-expreso-en-la-ruta-5-en-mercedes-y-en-lujan\\\/#article\",\"isPartOf\":{\"@id\":\"https:\\\/\\\/noticiasmercedinas.com\\\/site\\\/2018\\\/12\\\/14\\\/el-no-va-mas-se-expreso-en-la-ruta-5-en-mercedes-y-en-lujan\\\/\"},\"author\":{\"name\":\"Cristian Falabella NOTICIASMERCEDINAS.COM\",\"@id\":\"https:\\\/\\\/noticiasmercedinas.com\\\/site\\\/#\\\/schema\\\/person\\\/d481a9696a5feaec13a60e2bbd991a6a\"},\"headline\":\"El \u00abNo va m\u00e1s\u00bb se expres\u00f3 en la Ruta 5 en Mercedes y en Luj\u00e1n\",\"datePublished\":\"2018-12-14T22:12:06+00:00\",\"mainEntityOfPage\":{\"@id\":\"https:\\\/\\\/noticiasmercedinas.com\\\/site\\\/2018\\\/12\\\/14\\\/el-no-va-mas-se-expreso-en-la-ruta-5-en-mercedes-y-en-lujan\\\/\"},\"wordCount\":290,\"commentCount\":0,\"publisher\":{\"@id\":\"https:\\\/\\\/noticiasmercedinas.com\\\/site\\\/#organization\"},\"image\":{\"@id\":\"https:\\\/\\\/noticiasmercedinas.com\\\/site\\\/2018\\\/12\\\/14\\\/el-no-va-mas-se-expreso-en-la-ruta-5-en-mercedes-y-en-lujan\\\/#primaryimage\"},\"thumbnailUrl\":\"https:\\\/\\\/noticiasmercedinas.com\\\/site\\\/wp-content\\\/uploads\\\/2018\\\/12\\\/48374852_10215175969625469_4269659729489297408_n.jpg\",\"keywords\":[\"gremios\",\"lujan\",\"mercedes\",\"Mesa Sindical Mercedes\",\"multisectorial\",\"no va mas\",\"peaje\",\"ruta 5\"],\"articleSection\":[\"Sociedad\"],\"inLanguage\":\"es\",\"potentialAction\":[{\"@type\":\"CommentAction\",\"name\":\"Comment\",\"target\":[\"https:\\\/\\\/noticiasmercedinas.com\\\/site\\\/2018\\\/12\\\/14\\\/el-no-va-mas-se-expreso-en-la-ruta-5-en-mercedes-y-en-lujan\\\/#respond\"]}]},{\"@type\":\"WebPage\",\"@id\":\"https:\\\/\\\/noticiasmercedinas.com\\\/site\\\/2018\\\/12\\\/14\\\/el-no-va-mas-se-expreso-en-la-ruta-5-en-mercedes-y-en-lujan\\\/\",\"url\":\"https:\\\/\\\/noticiasmercedinas.com\\\/site\\\/2018\\\/12\\\/14\\\/el-no-va-mas-se-expreso-en-la-ruta-5-en-mercedes-y-en-lujan\\\/\",\"name\":\"El \\\"No va m\u00e1s\\\" se expres\u00f3 en la Ruta 5 en Mercedes y en Luj\u00e1n\",\"isPartOf\":{\"@id\":\"https:\\\/\\\/noticiasmercedinas.com\\\/site\\\/#website\"},\"primaryImageOfPage\":{\"@id\":\"https:\\\/\\\/noticiasmercedinas.com\\\/site\\\/2018\\\/12\\\/14\\\/el-no-va-mas-se-expreso-en-la-ruta-5-en-mercedes-y-en-lujan\\\/#primaryimage\"},\"image\":{\"@id\":\"https:\\\/\\\/noticiasmercedinas.com\\\/site\\\/2018\\\/12\\\/14\\\/el-no-va-mas-se-expreso-en-la-ruta-5-en-mercedes-y-en-lujan\\\/#primaryimage\"},\"thumbnailUrl\":\"https:\\\/\\\/noticiasmercedinas.com\\\/site\\\/wp-content\\\/uploads\\\/2018\\\/12\\\/48374852_10215175969625469_4269659729489297408_n.jpg\",\"datePublished\":\"2018-12-14T22:12:06+00:00\",\"breadcrumb\":{\"@id\":\"https:\\\/\\\/noticiasmercedinas.com\\\/site\\\/2018\\\/12\\\/14\\\/el-no-va-mas-se-expreso-en-la-ruta-5-en-mercedes-y-en-lujan\\\/#breadcrumb\"},\"inLanguage\":\"es\",\"potentialAction\":[{\"@type\":\"ReadAction\",\"target\":[\"https:\\\/\\\/noticiasmercedinas.com\\\/site\\\/2018\\\/12\\\/14\\\/el-no-va-mas-se-expreso-en-la-ruta-5-en-mercedes-y-en-lujan\\\/\"]}]},{\"@type\":\"ImageObject\",\"inLanguage\":\"es\",\"@id\":\"https:\\\/\\\/noticiasmercedinas.com\\\/site\\\/2018\\\/12\\\/14\\\/el-no-va-mas-se-expreso-en-la-ruta-5-en-mercedes-y-en-lujan\\\/#primaryimage\",\"url\":\"https:\\\/\\\/noticiasmercedinas.com\\\/site\\\/wp-content\\\/uploads\\\/2018\\\/12\\\/48374852_10215175969625469_4269659729489297408_n.jpg\",\"contentUrl\":\"https:\\\/\\\/noticiasmercedinas.com\\\/site\\\/wp-content\\\/uploads\\\/2018\\\/12\\\/48374852_10215175969625469_4269659729489297408_n.jpg\",\"width\":960,\"height\":540},{\"@type\":\"BreadcrumbList\",\"@id\":\"https:\\\/\\\/noticiasmercedinas.com\\\/site\\\/2018\\\/12\\\/14\\\/el-no-va-mas-se-expreso-en-la-ruta-5-en-mercedes-y-en-lujan\\\/#breadcrumb\",\"itemListElement\":[{\"@type\":\"ListItem\",\"position\":1,\"name\":\"Portada\",\"item\":\"https:\\\/\\\/noticiasmercedinas.com\\\/site\\\/\"},{\"@type\":\"ListItem\",\"position\":2,\"name\":\"El \u00abNo va m\u00e1s\u00bb se expres\u00f3 en la Ruta 5 en Mercedes y en Luj\u00e1n\"}]},{\"@type\":\"WebSite\",\"@id\":\"https:\\\/\\\/noticiasmercedinas.com\\\/site\\\/#website\",\"url\":\"https:\\\/\\\/noticiasmercedinas.com\\\/site\\\/\",\"name\":\"NOTICIASMERCEDINAS.COM\",\"description\":\"Mercedes, Buenos Aires, Argentina\",\"publisher\":{\"@id\":\"https:\\\/\\\/noticiasmercedinas.com\\\/site\\\/#organization\"},\"potentialAction\":[{\"@type\":\"SearchAction\",\"target\":{\"@type\":\"EntryPoint\",\"urlTemplate\":\"https:\\\/\\\/noticiasmercedinas.com\\\/site\\\/?s={search_term_string}\"},\"query-input\":{\"@type\":\"PropertyValueSpecification\",\"valueRequired\":true,\"valueName\":\"search_term_string\"}}],\"inLanguage\":\"es\"},{\"@type\":\"Organization\",\"@id\":\"https:\\\/\\\/noticiasmercedinas.com\\\/site\\\/#organization\",\"name\":\"NOTICIASMERCEDINAS.COM\",\"url\":\"https:\\\/\\\/noticiasmercedinas.com\\\/site\\\/\",\"logo\":{\"@type\":\"ImageObject\",\"inLanguage\":\"es\",\"@id\":\"https:\\\/\\\/noticiasmercedinas.com\\\/site\\\/#\\\/schema\\\/logo\\\/image\\\/\",\"url\":\"https:\\\/\\\/noticiasmercedinas.com\\\/site\\\/wp-content\\\/uploads\\\/2020\\\/06\\\/LOGO-512.jpg\",\"contentUrl\":\"https:\\\/\\\/noticiasmercedinas.com\\\/site\\\/wp-content\\\/uploads\\\/2020\\\/06\\\/LOGO-512.jpg\",\"width\":512,\"height\":512,\"caption\":\"NOTICIASMERCEDINAS.COM\"},\"image\":{\"@id\":\"https:\\\/\\\/noticiasmercedinas.com\\\/site\\\/#\\\/schema\\\/logo\\\/image\\\/\"},\"sameAs\":[\"https:\\\/\\\/www.facebook.com\\\/noticiasmercedinas\\\/\",\"https:\\\/\\\/x.com\\\/notmercedinas\",\"https:\\\/\\\/www.instagram.com\\\/noticiasmercedinas\\\/\"]},{\"@type\":\"Person\",\"@id\":\"https:\\\/\\\/noticiasmercedinas.com\\\/site\\\/#\\\/schema\\\/person\\\/d481a9696a5feaec13a60e2bbd991a6a\",\"name\":\"Cristian Falabella NOTICIASMERCEDINAS.COM\",\"image\":{\"@type\":\"ImageObject\",\"inLanguage\":\"es\",\"@id\":\"https:\\\/\\\/secure.gravatar.com\\\/avatar\\\/0dbbfc45970cc46bcd0e57766228574ff3511d6eed045b182f536f0f478c1f06?s=96&d=mm&r=g\",\"url\":\"https:\\\/\\\/secure.gravatar.com\\\/avatar\\\/0dbbfc45970cc46bcd0e57766228574ff3511d6eed045b182f536f0f478c1f06?s=96&d=mm&r=g\",\"contentUrl\":\"https:\\\/\\\/secure.gravatar.com\\\/avatar\\\/0dbbfc45970cc46bcd0e57766228574ff3511d6eed045b182f536f0f478c1f06?s=96&d=mm&r=g\",\"caption\":\"Cristian Falabella NOTICIASMERCEDINAS.COM\"},\"description\":\"Periodista, editor de Noticias Mercedinas. Pas\u00f3 por varias redacciones y emprendimientos de prensa, en distintos formatos y \u00e9pocas. Se especializ\u00f3 --y sigue haci\u00e9ndolo-- en comunicaci\u00f3n en la web y en junio de 2006 fund\u00f3 este diario digital.\",\"sameAs\":[\"https:\\\/\\\/noticiasmercedinas.com\",\"https:\\\/\\\/www.facebook.com\\\/cristian.falabella\",\"https:\\\/\\\/www.instagram.com\\\/noticiasmercedinas\\\/\",\"https:\\\/\\\/x.com\\\/https:\\\/\\\/twitter.com\\\/NOTMERCEDINAS\"],\"url\":\"https:\\\/\\\/noticiasmercedinas.com\\\/site\\\/author\\\/as000384\\\/\"}]}<\/script>\n<!-- \/ Yoast SEO plugin. -->","yoast_head_json":{"title":"El \"No va m\u00e1s\" se expres\u00f3 en la Ruta 5 en Mercedes y en Luj\u00e1n","robots":{"index":"index","follow":"follow","max-snippet":"max-snippet:-1","max-image-preview":"max-image-preview:large","max-video-preview":"max-video-preview:-1"},"canonical":"https:\/\/noticiasmercedinas.com\/site\/2018\/12\/14\/el-no-va-mas-se-expreso-en-la-ruta-5-en-mercedes-y-en-lujan\/","og_locale":"es_ES","og_type":"article","og_title":"El \"No va m\u00e1s\" se expres\u00f3 en la Ruta 5 en Mercedes y en Luj\u00e1n","og_description":"Este viernes por la tarde y luego de una postergaci\u00f3n que se dio por inclemencias del tiempo, hubo un fuerte reclamo de la Mesa Sindical Mercedes, la Comisi\u00f3n de Vecinos contra el Peaje y dem\u00e1s instituciones de Mercedes contra las pol\u00edticas de ajuste de Macri, Vidal y la quita de beneficio a los mercedinos del [&hellip;]","og_url":"https:\/\/noticiasmercedinas.com\/site\/2018\/12\/14\/el-no-va-mas-se-expreso-en-la-ruta-5-en-mercedes-y-en-lujan\/","og_site_name":"NOTICIASMERCEDINAS.COM","article_publisher":"https:\/\/www.facebook.com\/noticiasmercedinas\/","article_author":"https:\/\/www.facebook.com\/cristian.falabella","article_published_time":"2018-12-14T22:12:06+00:00","og_image":[{"width":960,"height":540,"url":"https:\/\/noticiasmercedinas.com\/site\/wp-content\/uploads\/2018\/12\/48374852_10215175969625469_4269659729489297408_n.jpg","type":"image\/jpeg"}],"author":"Cristian Falabella NOTICIASMERCEDINAS.COM","twitter_card":"summary_large_image","twitter_creator":"@https:\/\/twitter.com\/NOTMERCEDINAS","twitter_site":"@notmercedinas","twitter_misc":{"Escrito por":"Cristian Falabella NOTICIASMERCEDINAS.COM","Tiempo de lectura":"1 minuto"},"schema":{"@context":"https:\/\/schema.org","@graph":[{"@type":"Article","@id":"https:\/\/noticiasmercedinas.com\/site\/2018\/12\/14\/el-no-va-mas-se-expreso-en-la-ruta-5-en-mercedes-y-en-lujan\/#article","isPartOf":{"@id":"https:\/\/noticiasmercedinas.com\/site\/2018\/12\/14\/el-no-va-mas-se-expreso-en-la-ruta-5-en-mercedes-y-en-lujan\/"},"author":{"name":"Cristian Falabella NOTICIASMERCEDINAS.COM","@id":"https:\/\/noticiasmercedinas.com\/site\/#\/schema\/person\/d481a9696a5feaec13a60e2bbd991a6a"},"headline":"El \u00abNo va m\u00e1s\u00bb se expres\u00f3 en la Ruta 5 en Mercedes y en Luj\u00e1n","datePublished":"2018-12-14T22:12:06+00:00","mainEntityOfPage":{"@id":"https:\/\/noticiasmercedinas.com\/site\/2018\/12\/14\/el-no-va-mas-se-expreso-en-la-ruta-5-en-mercedes-y-en-lujan\/"},"wordCount":290,"commentCount":0,"publisher":{"@id":"https:\/\/noticiasmercedinas.com\/site\/#organization"},"image":{"@id":"https:\/\/noticiasmercedinas.com\/site\/2018\/12\/14\/el-no-va-mas-se-expreso-en-la-ruta-5-en-mercedes-y-en-lujan\/#primaryimage"},"thumbnailUrl":"https:\/\/noticiasmercedinas.com\/site\/wp-content\/uploads\/2018\/12\/48374852_10215175969625469_4269659729489297408_n.jpg","keywords":["gremios","lujan","mercedes","Mesa Sindical Mercedes","multisectorial","no va mas","peaje","ruta 5"],"articleSection":["Sociedad"],"inLanguage":"es","potentialAction":[{"@type":"CommentAction","name":"Comment","target":["https:\/\/noticiasmercedinas.com\/site\/2018\/12\/14\/el-no-va-mas-se-expreso-en-la-ruta-5-en-mercedes-y-en-lujan\/#respond"]}]},{"@type":"WebPage","@id":"https:\/\/noticiasmercedinas.com\/site\/2018\/12\/14\/el-no-va-mas-se-expreso-en-la-ruta-5-en-mercedes-y-en-lujan\/","url":"https:\/\/noticiasmercedinas.com\/site\/2018\/12\/14\/el-no-va-mas-se-expreso-en-la-ruta-5-en-mercedes-y-en-lujan\/","name":"El \"No va m\u00e1s\" se expres\u00f3 en la Ruta 5 en Mercedes y en Luj\u00e1n","isPartOf":{"@id":"https:\/\/noticiasmercedinas.com\/site\/#website"},"primaryImageOfPage":{"@id":"https:\/\/noticiasmercedinas.com\/site\/2018\/12\/14\/el-no-va-mas-se-expreso-en-la-ruta-5-en-mercedes-y-en-lujan\/#primaryimage"},"image":{"@id":"https:\/\/noticiasmercedinas.com\/site\/2018\/12\/14\/el-no-va-mas-se-expreso-en-la-ruta-5-en-mercedes-y-en-lujan\/#primaryimage"},"thumbnailUrl":"https:\/\/noticiasmercedinas.com\/site\/wp-content\/uploads\/2018\/12\/48374852_10215175969625469_4269659729489297408_n.jpg","datePublished":"2018-12-14T22:12:06+00:00","breadcrumb":{"@id":"https:\/\/noticiasmercedinas.com\/site\/2018\/12\/14\/el-no-va-mas-se-expreso-en-la-ruta-5-en-mercedes-y-en-lujan\/#breadcrumb"},"inLanguage":"es","potentialAction":[{"@type":"ReadAction","target":["https:\/\/noticiasmercedinas.com\/site\/2018\/12\/14\/el-no-va-mas-se-expreso-en-la-ruta-5-en-mercedes-y-en-lujan\/"]}]},{"@type":"ImageObject","inLanguage":"es","@id":"https:\/\/noticiasmercedinas.com\/site\/2018\/12\/14\/el-no-va-mas-se-expreso-en-la-ruta-5-en-mercedes-y-en-lujan\/#primaryimage","url":"https:\/\/noticiasmercedinas.com\/site\/wp-content\/uploads\/2018\/12\/48374852_10215175969625469_4269659729489297408_n.jpg","contentUrl":"https:\/\/noticiasmercedinas.com\/site\/wp-content\/uploads\/2018\/12\/48374852_10215175969625469_4269659729489297408_n.jpg","width":960,"height":540},{"@type":"BreadcrumbList","@id":"https:\/\/noticiasmercedinas.com\/site\/2018\/12\/14\/el-no-va-mas-se-expreso-en-la-ruta-5-en-mercedes-y-en-lujan\/#breadcrumb","itemListElement":[{"@type":"ListItem","position":1,"name":"Portada","item":"https:\/\/noticiasmercedinas.com\/site\/"},{"@type":"ListItem","position":2,"name":"El \u00abNo va m\u00e1s\u00bb se expres\u00f3 en la Ruta 5 en Mercedes y en Luj\u00e1n"}]},{"@type":"WebSite","@id":"https:\/\/noticiasmercedinas.com\/site\/#website","url":"https:\/\/noticiasmercedinas.com\/site\/","name":"NOTICIASMERCEDINAS.COM","description":"Mercedes, Buenos Aires, Argentina","publisher":{"@id":"https:\/\/noticiasmercedinas.com\/site\/#organization"},"potentialAction":[{"@type":"SearchAction","target":{"@type":"EntryPoint","urlTemplate":"https:\/\/noticiasmercedinas.com\/site\/?s={search_term_string}"},"query-input":{"@type":"PropertyValueSpecification","valueRequired":true,"valueName":"search_term_string"}}],"inLanguage":"es"},{"@type":"Organization","@id":"https:\/\/noticiasmercedinas.com\/site\/#organization","name":"NOTICIASMERCEDINAS.COM","url":"https:\/\/noticiasmercedinas.com\/site\/","logo":{"@type":"ImageObject","inLanguage":"es","@id":"https:\/\/noticiasmercedinas.com\/site\/#\/schema\/logo\/image\/","url":"https:\/\/noticiasmercedinas.com\/site\/wp-content\/uploads\/2020\/06\/LOGO-512.jpg","contentUrl":"https:\/\/noticiasmercedinas.com\/site\/wp-content\/uploads\/2020\/06\/LOGO-512.jpg","width":512,"height":512,"caption":"NOTICIASMERCEDINAS.COM"},"image":{"@id":"https:\/\/noticiasmercedinas.com\/site\/#\/schema\/logo\/image\/"},"sameAs":["https:\/\/www.facebook.com\/noticiasmercedinas\/","https:\/\/x.com\/notmercedinas","https:\/\/www.instagram.com\/noticiasmercedinas\/"]},{"@type":"Person","@id":"https:\/\/noticiasmercedinas.com\/site\/#\/schema\/person\/d481a9696a5feaec13a60e2bbd991a6a","name":"Cristian Falabella NOTICIASMERCEDINAS.COM","image":{"@type":"ImageObject","inLanguage":"es","@id":"https:\/\/secure.gravatar.com\/avatar\/0dbbfc45970cc46bcd0e57766228574ff3511d6eed045b182f536f0f478c1f06?s=96&d=mm&r=g","url":"https:\/\/secure.gravatar.com\/avatar\/0dbbfc45970cc46bcd0e57766228574ff3511d6eed045b182f536f0f478c1f06?s=96&d=mm&r=g","contentUrl":"https:\/\/secure.gravatar.com\/avatar\/0dbbfc45970cc46bcd0e57766228574ff3511d6eed045b182f536f0f478c1f06?s=96&d=mm&r=g","caption":"Cristian Falabella NOTICIASMERCEDINAS.COM"},"description":"Periodista, editor de Noticias Mercedinas. Pas\u00f3 por varias redacciones y emprendimientos de prensa, en distintos formatos y \u00e9pocas. Se especializ\u00f3 --y sigue haci\u00e9ndolo-- en comunicaci\u00f3n en la web y en junio de 2006 fund\u00f3 este diario digital.","sameAs":["https:\/\/noticiasmercedinas.com","https:\/\/www.facebook.com\/cristian.falabella","https:\/\/www.instagram.com\/noticiasmercedinas\/","https:\/\/x.com\/https:\/\/twitter.com\/NOTMERCEDINAS"],"url":"https:\/\/noticiasmercedinas.com\/site\/author\/as000384\/"}]}},"amp_enabled":true,"_links":{"self":[{"href":"https:\/\/noticiasmercedinas.com\/site\/wp-json\/wp\/v2\/posts\/9053","targetHints":{"allow":["GET"]}}],"collection":[{"href":"https:\/\/noticiasmercedinas.com\/site\/wp-json\/wp\/v2\/posts"}],"about":[{"href":"https:\/\/noticiasmercedinas.com\/site\/wp-json\/wp\/v2\/types\/post"}],"author":[{"embeddable":true,"href":"https:\/\/noticiasmercedinas.com\/site\/wp-json\/wp\/v2\/users\/2"}],"replies":[{"embeddable":true,"href":"https:\/\/noticiasmercedinas.com\/site\/wp-json\/wp\/v2\/comments?post=9053"}],"version-history":[{"count":1,"href":"https:\/\/noticiasmercedinas.com\/site\/wp-json\/wp\/v2\/posts\/9053\/revisions"}],"predecessor-version":[{"id":9059,"href":"https:\/\/noticiasmercedinas.com\/site\/wp-json\/wp\/v2\/posts\/9053\/revisions\/9059"}],"wp:featuredmedia":[{"embeddable":true,"href":"https:\/\/noticiasmercedinas.com\/site\/wp-json\/wp\/v2\/media\/9054"}],"wp:attachment":[{"href":"https:\/\/noticiasmercedinas.com\/site\/wp-json\/wp\/v2\/media?parent=9053"}],"wp:term":[{"taxonomy":"category","embeddable":true,"href":"https:\/\/noticiasmercedinas.com\/site\/wp-json\/wp\/v2\/categories?post=9053"},{"taxonomy":"post_tag","embeddable":true,"href":"https:\/\/noticiasmercedinas.com\/site\/wp-json\/wp\/v2\/tags?post=9053"}],"curies":[{"name":"wp","href":"https:\/\/api.w.org\/{rel}","templated":true}]}}