{"id":90669,"date":"2022-05-13T19:30:51","date_gmt":"2022-05-13T22:30:51","guid":{"rendered":"https:\/\/noticiasmercedinas.com\/site\/?p=90669"},"modified":"2022-05-13T19:30:51","modified_gmt":"2022-05-13T22:30:51","slug":"se-viene-la-presentacion-de-club-mercedes-en-la-liga","status":"publish","type":"post","link":"https:\/\/noticiasmercedinas.com\/site\/2022\/05\/13\/se-viene-la-presentacion-de-club-mercedes-en-la-liga\/","title":{"rendered":"Se viene la presentaci\u00f3n de Club Mercedes en la Liga"},"content":{"rendered":"<figure id=\"attachment_90670\" aria-describedby=\"caption-attachment-90670\" style=\"width: 640px\" class=\"wp-caption alignnone\"><img loading=\"lazy\" decoding=\"async\" class=\"wp-image-90670 size-full\" src=\"https:\/\/noticiasmercedinas.com\/site\/wp-content\/uploads\/2022\/05\/IMG_6308.jpg\" alt=\"\" width=\"640\" height=\"423\" srcset=\"https:\/\/noticiasmercedinas.com\/site\/wp-content\/uploads\/2022\/05\/IMG_6308.jpg 640w, https:\/\/noticiasmercedinas.com\/site\/wp-content\/uploads\/2022\/05\/IMG_6308-300x198.jpg 300w\" sizes=\"auto, (max-width: 640px) 100vw, 640px\" \/><figcaption id=\"caption-attachment-90670\" class=\"wp-caption-text\">Club Mercedes volver\u00e1 a jugar en al Primera D.<\/figcaption><\/figure>\n<p>Como local este s\u00e1bado 14 tendr\u00e1 su primer encuentro Club Mercedes en la Primera D de la AFA, si bien el debut frente a Mu\u00f1iz en Atlas fue importante, jugar en la Liga es algo significativo, sobre todo porque lo har\u00e1 ante su gente que viene despertando una buena expectativa. Enfrente estar\u00e1 el Deportivo Paraguayo que \u00a0qued\u00f3 libre y debutar\u00e1 en la temporada ante el \u201cBlanquinegro\u201d.<\/p>\n<p>En la semana el cuerpo t\u00e9cnico encabezado por Walter D\u00edaz hizo hincapi\u00e9 en aspectos t\u00e1cticos, que luego fueron volcados a una pr\u00e1ctica de f\u00fatbol, donde el once fue el mismo que comenz\u00f3 a jugar frente al \u201cRayo Rojo\u201d. Aunque luego se realizaron modificaciones, se sumaron a la lista de AFA: Germ\u00e1n Lucero (sexto mayor), Valent\u00edn Rossi Bistuer y Francisco Silvestre, estos dos provenientes de las divisiones menores ya con recorrido en Primera de Liga.<\/p>\n<p><strong>Paraguayo<\/strong><br \/>\nCon Silvio Rodr\u00edguez que debutar\u00e1 como DT, lleg\u00f3 para la pretemporada, el Deportivo Paraguayo viaja a Mercedes con una serie de amistosos ante Ituzaing\u00f3, Berazategui, la Reserva de Laferrere y Barracas Central, Argentino de Merlo e Sportivo Italiano. En cuanto al plantel sum\u00f3 futbolistas de la categor\u00eda y otros que llegaron libre de clubes del ascenso. Adem\u00e1s de entrenarse en el predio de Gonz\u00e1lez Cat\u00e1n lo hizo en la zona de Puerto Madero, es que el \u201cGuaran\u00ed\u201d tiene su sede en la ciudad de Buenos Aires.<\/p>\n<p><strong>Entradas y p\u00fablico<\/strong><br \/>\nEl jueves y viernes se estuvieron vendiendo entradas al no poderse expenderse en cancha de la Liga por disposici\u00f3n de AFA, en la ma\u00f1ana del s\u00e1bado ser\u00e1 la \u00faltima oportunidad en la Secretar\u00eda del club en Avenida 29 esquina 20 de 10 a 12 horas. Tambi\u00e9n en Tienda Una Pasi\u00f3n de calle 25 entre 22 y 24 este s\u00e1bado de 9 a 12.30 horas.<\/p>\n<p>Por la tarde en el campo de deportes de H\u00e9roes de Malvinas y 60 tambi\u00e9n se vender\u00e1n localidades. Sobre la llegada de los hinchas a la cancha, no habr\u00e1 p\u00fablico visitante aunque si una reducida delegaci\u00f3n de Deportivo Paraguayo que ocupar\u00e1 la tribuna que da al R\u00edo Luj\u00e1n. Ya los locales tendr\u00e1n dos ingresos, unos a platea por H\u00e9roes de Malvinas y popular por la calle que da al Parque Independencia.<\/p>\n<p>Adem\u00e1s, se supo que habr\u00e1 un vallado en los alrededores de la cancha de la Liga donde s\u00f3lo se podr\u00e1 ingresar con entradas, sobre veh\u00edculos no se permitir\u00e1 estacionarlos frente a la cancha para estar colaborando en el ordenamiento del otro lado del vallado agentes\u00a0 de tr\u00e1nsito. El operativo de seguridad constar\u00e1n de 40 efectivos.<\/p>\n<p><strong>S\u00e1bado 14 de mayo<\/strong><br \/>\n<strong>Cancha:<\/strong> Liga Mercedina.<br \/>\nA las 15.30 Club Mercedes vs. Deportivo Paraguayo.<br \/>\n<strong>\u00c1rbitro:<\/strong> Gabriel Guti\u00e9rrez.<br \/>\n<strong>Asistente 1:<\/strong> Mat\u00edas Aragones.<br \/>\n<strong>Asistente 2:<\/strong> Jerem\u00edas Menacho.<br \/>\n<strong>Cuarto \u00e1rbitro: <\/strong>Ezequiel Noguera.<\/p>\n<p>A las 15.30 Argentino (R) vs. Defensores de Cambaceres<br \/>\n<strong>\u00c1rbitro:<\/strong> Laura Fortunato.<\/p>\n<p>A las 15.30 Central Ballester vs. Sportivo Barracas.<br \/>\n<strong>\u00c1rbitro: <\/strong>Diego Torres.<\/p>\n<p>A las 15.30 Yupanqui vs. Juventud Unida.<br \/>\n<strong>\u00c1rbitro:<\/strong> Mat\u00edas Bignoli.<\/p>\n<p><strong>Lunes 16 de mayo<\/strong><br \/>\nA las 15.30 Recreativo Espa\u00f1ol vs. Mu\u00f1iz en Ituzaing\u00f3.<br \/>\n<strong>\u00c1rbitro:<\/strong> N\u00e9stor Barrios.<\/p>\n","protected":false},"excerpt":{"rendered":"<p>\u25a0 Jugar\u00e1 como local ante Deportivo Paraguayo desde las 15.30 del s\u00e1bado 14. No se vender\u00e1n entradas en la cancha con lo que los espectadores tendr\u00e1n que adquirirlas en otros sitios. Se espera por buen acompa\u00f1amiento de p\u00fablico.<\/p>\n","protected":false},"author":6,"featured_media":90670,"comment_status":"open","ping_status":"open","sticky":false,"template":"","format":"standard","meta":{"footnotes":""},"categories":[5],"tags":[6424,135,11935],"class_list":["post-90669","post","type-post","status-publish","format-standard","has-post-thumbnail","hentry","category-deportes","tag-afa","tag-club-mercedes","tag-primera-d"],"yoast_head":"<!-- This site is optimized with the Yoast SEO plugin v27.5 - https:\/\/yoast.com\/product\/yoast-seo-wordpress\/ -->\n<title>Se viene la presentaci\u00f3n de Club Mercedes en la Liga<\/title>\n<meta name=\"robots\" content=\"index, follow, max-snippet:-1, max-image-preview:large, max-video-preview:-1\" \/>\n<link rel=\"canonical\" href=\"https:\/\/noticiasmercedinas.com\/site\/2022\/05\/13\/se-viene-la-presentacion-de-club-mercedes-en-la-liga\/\" \/>\n<meta property=\"og:locale\" content=\"es_ES\" \/>\n<meta property=\"og:type\" content=\"article\" \/>\n<meta property=\"og:title\" content=\"Se viene la presentaci\u00f3n de Club Mercedes en la Liga\" \/>\n<meta property=\"og:description\" content=\"\u25a0 Jugar\u00e1 como local ante Deportivo Paraguayo desde las 15.30 del s\u00e1bado 14. No se vender\u00e1n entradas en la cancha con lo que los espectadores tendr\u00e1n que adquirirlas en otros sitios. Se espera por buen acompa\u00f1amiento de p\u00fablico.\" \/>\n<meta property=\"og:url\" content=\"https:\/\/noticiasmercedinas.com\/site\/2022\/05\/13\/se-viene-la-presentacion-de-club-mercedes-en-la-liga\/\" \/>\n<meta property=\"og:site_name\" content=\"NOTICIASMERCEDINAS.COM\" \/>\n<meta property=\"article:publisher\" content=\"https:\/\/www.facebook.com\/noticiasmercedinas\/\" \/>\n<meta property=\"article:published_time\" content=\"2022-05-13T22:30:51+00:00\" \/>\n<meta property=\"og:image\" content=\"https:\/\/noticiasmercedinas.com\/site\/wp-content\/uploads\/2022\/05\/IMG_6308.jpg\" \/>\n\t<meta property=\"og:image:width\" content=\"640\" \/>\n\t<meta property=\"og:image:height\" content=\"423\" \/>\n\t<meta property=\"og:image:type\" content=\"image\/jpeg\" \/>\n<meta name=\"author\" content=\"Juan Dagnino NOTICIASMERCEDINAS.COM\" \/>\n<meta name=\"twitter:card\" content=\"summary_large_image\" \/>\n<meta name=\"twitter:creator\" content=\"@notmercedinas\" \/>\n<meta name=\"twitter:site\" content=\"@notmercedinas\" \/>\n<meta name=\"twitter:label1\" content=\"Escrito por\" \/>\n\t<meta name=\"twitter:data1\" content=\"Juan Dagnino NOTICIASMERCEDINAS.COM\" \/>\n\t<meta name=\"twitter:label2\" content=\"Tiempo de lectura\" \/>\n\t<meta name=\"twitter:data2\" content=\"3 minutos\" \/>\n<script type=\"application\/ld+json\" class=\"yoast-schema-graph\">{\"@context\":\"https:\\\/\\\/schema.org\",\"@graph\":[{\"@type\":\"Article\",\"@id\":\"https:\\\/\\\/noticiasmercedinas.com\\\/site\\\/2022\\\/05\\\/13\\\/se-viene-la-presentacion-de-club-mercedes-en-la-liga\\\/#article\",\"isPartOf\":{\"@id\":\"https:\\\/\\\/noticiasmercedinas.com\\\/site\\\/2022\\\/05\\\/13\\\/se-viene-la-presentacion-de-club-mercedes-en-la-liga\\\/\"},\"author\":{\"name\":\"Juan Dagnino NOTICIASMERCEDINAS.COM\",\"@id\":\"https:\\\/\\\/noticiasmercedinas.com\\\/site\\\/#\\\/schema\\\/person\\\/8f2f09d666ef40986eba4a5e6f2a06f9\"},\"headline\":\"Se viene la presentaci\u00f3n de Club Mercedes en la Liga\",\"datePublished\":\"2022-05-13T22:30:51+00:00\",\"mainEntityOfPage\":{\"@id\":\"https:\\\/\\\/noticiasmercedinas.com\\\/site\\\/2022\\\/05\\\/13\\\/se-viene-la-presentacion-de-club-mercedes-en-la-liga\\\/\"},\"wordCount\":549,\"commentCount\":0,\"publisher\":{\"@id\":\"https:\\\/\\\/noticiasmercedinas.com\\\/site\\\/#organization\"},\"image\":{\"@id\":\"https:\\\/\\\/noticiasmercedinas.com\\\/site\\\/2022\\\/05\\\/13\\\/se-viene-la-presentacion-de-club-mercedes-en-la-liga\\\/#primaryimage\"},\"thumbnailUrl\":\"https:\\\/\\\/noticiasmercedinas.com\\\/site\\\/wp-content\\\/uploads\\\/2022\\\/05\\\/IMG_6308.jpg\",\"keywords\":[\"AFA\",\"club mercedes\",\"Primera D\"],\"articleSection\":[\"Deportes\"],\"inLanguage\":\"es\",\"potentialAction\":[{\"@type\":\"CommentAction\",\"name\":\"Comment\",\"target\":[\"https:\\\/\\\/noticiasmercedinas.com\\\/site\\\/2022\\\/05\\\/13\\\/se-viene-la-presentacion-de-club-mercedes-en-la-liga\\\/#respond\"]}]},{\"@type\":\"WebPage\",\"@id\":\"https:\\\/\\\/noticiasmercedinas.com\\\/site\\\/2022\\\/05\\\/13\\\/se-viene-la-presentacion-de-club-mercedes-en-la-liga\\\/\",\"url\":\"https:\\\/\\\/noticiasmercedinas.com\\\/site\\\/2022\\\/05\\\/13\\\/se-viene-la-presentacion-de-club-mercedes-en-la-liga\\\/\",\"name\":\"Se viene la presentaci\u00f3n de Club Mercedes en la Liga\",\"isPartOf\":{\"@id\":\"https:\\\/\\\/noticiasmercedinas.com\\\/site\\\/#website\"},\"primaryImageOfPage\":{\"@id\":\"https:\\\/\\\/noticiasmercedinas.com\\\/site\\\/2022\\\/05\\\/13\\\/se-viene-la-presentacion-de-club-mercedes-en-la-liga\\\/#primaryimage\"},\"image\":{\"@id\":\"https:\\\/\\\/noticiasmercedinas.com\\\/site\\\/2022\\\/05\\\/13\\\/se-viene-la-presentacion-de-club-mercedes-en-la-liga\\\/#primaryimage\"},\"thumbnailUrl\":\"https:\\\/\\\/noticiasmercedinas.com\\\/site\\\/wp-content\\\/uploads\\\/2022\\\/05\\\/IMG_6308.jpg\",\"datePublished\":\"2022-05-13T22:30:51+00:00\",\"breadcrumb\":{\"@id\":\"https:\\\/\\\/noticiasmercedinas.com\\\/site\\\/2022\\\/05\\\/13\\\/se-viene-la-presentacion-de-club-mercedes-en-la-liga\\\/#breadcrumb\"},\"inLanguage\":\"es\",\"potentialAction\":[{\"@type\":\"ReadAction\",\"target\":[\"https:\\\/\\\/noticiasmercedinas.com\\\/site\\\/2022\\\/05\\\/13\\\/se-viene-la-presentacion-de-club-mercedes-en-la-liga\\\/\"]}]},{\"@type\":\"ImageObject\",\"inLanguage\":\"es\",\"@id\":\"https:\\\/\\\/noticiasmercedinas.com\\\/site\\\/2022\\\/05\\\/13\\\/se-viene-la-presentacion-de-club-mercedes-en-la-liga\\\/#primaryimage\",\"url\":\"https:\\\/\\\/noticiasmercedinas.com\\\/site\\\/wp-content\\\/uploads\\\/2022\\\/05\\\/IMG_6308.jpg\",\"contentUrl\":\"https:\\\/\\\/noticiasmercedinas.com\\\/site\\\/wp-content\\\/uploads\\\/2022\\\/05\\\/IMG_6308.jpg\",\"width\":640,\"height\":423},{\"@type\":\"BreadcrumbList\",\"@id\":\"https:\\\/\\\/noticiasmercedinas.com\\\/site\\\/2022\\\/05\\\/13\\\/se-viene-la-presentacion-de-club-mercedes-en-la-liga\\\/#breadcrumb\",\"itemListElement\":[{\"@type\":\"ListItem\",\"position\":1,\"name\":\"Portada\",\"item\":\"https:\\\/\\\/noticiasmercedinas.com\\\/site\\\/\"},{\"@type\":\"ListItem\",\"position\":2,\"name\":\"Se viene la presentaci\u00f3n de Club Mercedes en la Liga\"}]},{\"@type\":\"WebSite\",\"@id\":\"https:\\\/\\\/noticiasmercedinas.com\\\/site\\\/#website\",\"url\":\"https:\\\/\\\/noticiasmercedinas.com\\\/site\\\/\",\"name\":\"NOTICIASMERCEDINAS.COM\",\"description\":\"Mercedes, Buenos Aires, Argentina\",\"publisher\":{\"@id\":\"https:\\\/\\\/noticiasmercedinas.com\\\/site\\\/#organization\"},\"potentialAction\":[{\"@type\":\"SearchAction\",\"target\":{\"@type\":\"EntryPoint\",\"urlTemplate\":\"https:\\\/\\\/noticiasmercedinas.com\\\/site\\\/?s={search_term_string}\"},\"query-input\":{\"@type\":\"PropertyValueSpecification\",\"valueRequired\":true,\"valueName\":\"search_term_string\"}}],\"inLanguage\":\"es\"},{\"@type\":\"Organization\",\"@id\":\"https:\\\/\\\/noticiasmercedinas.com\\\/site\\\/#organization\",\"name\":\"NOTICIASMERCEDINAS.COM\",\"url\":\"https:\\\/\\\/noticiasmercedinas.com\\\/site\\\/\",\"logo\":{\"@type\":\"ImageObject\",\"inLanguage\":\"es\",\"@id\":\"https:\\\/\\\/noticiasmercedinas.com\\\/site\\\/#\\\/schema\\\/logo\\\/image\\\/\",\"url\":\"https:\\\/\\\/noticiasmercedinas.com\\\/site\\\/wp-content\\\/uploads\\\/2020\\\/06\\\/LOGO-512.jpg\",\"contentUrl\":\"https:\\\/\\\/noticiasmercedinas.com\\\/site\\\/wp-content\\\/uploads\\\/2020\\\/06\\\/LOGO-512.jpg\",\"width\":512,\"height\":512,\"caption\":\"NOTICIASMERCEDINAS.COM\"},\"image\":{\"@id\":\"https:\\\/\\\/noticiasmercedinas.com\\\/site\\\/#\\\/schema\\\/logo\\\/image\\\/\"},\"sameAs\":[\"https:\\\/\\\/www.facebook.com\\\/noticiasmercedinas\\\/\",\"https:\\\/\\\/x.com\\\/notmercedinas\",\"https:\\\/\\\/www.instagram.com\\\/noticiasmercedinas\\\/\"]},{\"@type\":\"Person\",\"@id\":\"https:\\\/\\\/noticiasmercedinas.com\\\/site\\\/#\\\/schema\\\/person\\\/8f2f09d666ef40986eba4a5e6f2a06f9\",\"name\":\"Juan Dagnino NOTICIASMERCEDINAS.COM\",\"image\":{\"@type\":\"ImageObject\",\"inLanguage\":\"es\",\"@id\":\"https:\\\/\\\/secure.gravatar.com\\\/avatar\\\/fc7059a769f5a3cae65fadb228a3e4accf3a64b4b2305020d0a27e6d5333c91b?s=96&d=mm&r=g\",\"url\":\"https:\\\/\\\/secure.gravatar.com\\\/avatar\\\/fc7059a769f5a3cae65fadb228a3e4accf3a64b4b2305020d0a27e6d5333c91b?s=96&d=mm&r=g\",\"contentUrl\":\"https:\\\/\\\/secure.gravatar.com\\\/avatar\\\/fc7059a769f5a3cae65fadb228a3e4accf3a64b4b2305020d0a27e6d5333c91b?s=96&d=mm&r=g\",\"caption\":\"Juan Dagnino NOTICIASMERCEDINAS.COM\"},\"url\":\"https:\\\/\\\/noticiasmercedinas.com\\\/site\\\/author\\\/juandagnino\\\/\"}]}<\/script>\n<!-- \/ Yoast SEO plugin. -->","yoast_head_json":{"title":"Se viene la presentaci\u00f3n de Club Mercedes en la Liga","robots":{"index":"index","follow":"follow","max-snippet":"max-snippet:-1","max-image-preview":"max-image-preview:large","max-video-preview":"max-video-preview:-1"},"canonical":"https:\/\/noticiasmercedinas.com\/site\/2022\/05\/13\/se-viene-la-presentacion-de-club-mercedes-en-la-liga\/","og_locale":"es_ES","og_type":"article","og_title":"Se viene la presentaci\u00f3n de Club Mercedes en la Liga","og_description":"\u25a0 Jugar\u00e1 como local ante Deportivo Paraguayo desde las 15.30 del s\u00e1bado 14. No se vender\u00e1n entradas en la cancha con lo que los espectadores tendr\u00e1n que adquirirlas en otros sitios. Se espera por buen acompa\u00f1amiento de p\u00fablico.","og_url":"https:\/\/noticiasmercedinas.com\/site\/2022\/05\/13\/se-viene-la-presentacion-de-club-mercedes-en-la-liga\/","og_site_name":"NOTICIASMERCEDINAS.COM","article_publisher":"https:\/\/www.facebook.com\/noticiasmercedinas\/","article_published_time":"2022-05-13T22:30:51+00:00","og_image":[{"width":640,"height":423,"url":"https:\/\/noticiasmercedinas.com\/site\/wp-content\/uploads\/2022\/05\/IMG_6308.jpg","type":"image\/jpeg"}],"author":"Juan Dagnino NOTICIASMERCEDINAS.COM","twitter_card":"summary_large_image","twitter_creator":"@notmercedinas","twitter_site":"@notmercedinas","twitter_misc":{"Escrito por":"Juan Dagnino NOTICIASMERCEDINAS.COM","Tiempo de lectura":"3 minutos"},"schema":{"@context":"https:\/\/schema.org","@graph":[{"@type":"Article","@id":"https:\/\/noticiasmercedinas.com\/site\/2022\/05\/13\/se-viene-la-presentacion-de-club-mercedes-en-la-liga\/#article","isPartOf":{"@id":"https:\/\/noticiasmercedinas.com\/site\/2022\/05\/13\/se-viene-la-presentacion-de-club-mercedes-en-la-liga\/"},"author":{"name":"Juan Dagnino NOTICIASMERCEDINAS.COM","@id":"https:\/\/noticiasmercedinas.com\/site\/#\/schema\/person\/8f2f09d666ef40986eba4a5e6f2a06f9"},"headline":"Se viene la presentaci\u00f3n de Club Mercedes en la Liga","datePublished":"2022-05-13T22:30:51+00:00","mainEntityOfPage":{"@id":"https:\/\/noticiasmercedinas.com\/site\/2022\/05\/13\/se-viene-la-presentacion-de-club-mercedes-en-la-liga\/"},"wordCount":549,"commentCount":0,"publisher":{"@id":"https:\/\/noticiasmercedinas.com\/site\/#organization"},"image":{"@id":"https:\/\/noticiasmercedinas.com\/site\/2022\/05\/13\/se-viene-la-presentacion-de-club-mercedes-en-la-liga\/#primaryimage"},"thumbnailUrl":"https:\/\/noticiasmercedinas.com\/site\/wp-content\/uploads\/2022\/05\/IMG_6308.jpg","keywords":["AFA","club mercedes","Primera D"],"articleSection":["Deportes"],"inLanguage":"es","potentialAction":[{"@type":"CommentAction","name":"Comment","target":["https:\/\/noticiasmercedinas.com\/site\/2022\/05\/13\/se-viene-la-presentacion-de-club-mercedes-en-la-liga\/#respond"]}]},{"@type":"WebPage","@id":"https:\/\/noticiasmercedinas.com\/site\/2022\/05\/13\/se-viene-la-presentacion-de-club-mercedes-en-la-liga\/","url":"https:\/\/noticiasmercedinas.com\/site\/2022\/05\/13\/se-viene-la-presentacion-de-club-mercedes-en-la-liga\/","name":"Se viene la presentaci\u00f3n de Club Mercedes en la Liga","isPartOf":{"@id":"https:\/\/noticiasmercedinas.com\/site\/#website"},"primaryImageOfPage":{"@id":"https:\/\/noticiasmercedinas.com\/site\/2022\/05\/13\/se-viene-la-presentacion-de-club-mercedes-en-la-liga\/#primaryimage"},"image":{"@id":"https:\/\/noticiasmercedinas.com\/site\/2022\/05\/13\/se-viene-la-presentacion-de-club-mercedes-en-la-liga\/#primaryimage"},"thumbnailUrl":"https:\/\/noticiasmercedinas.com\/site\/wp-content\/uploads\/2022\/05\/IMG_6308.jpg","datePublished":"2022-05-13T22:30:51+00:00","breadcrumb":{"@id":"https:\/\/noticiasmercedinas.com\/site\/2022\/05\/13\/se-viene-la-presentacion-de-club-mercedes-en-la-liga\/#breadcrumb"},"inLanguage":"es","potentialAction":[{"@type":"ReadAction","target":["https:\/\/noticiasmercedinas.com\/site\/2022\/05\/13\/se-viene-la-presentacion-de-club-mercedes-en-la-liga\/"]}]},{"@type":"ImageObject","inLanguage":"es","@id":"https:\/\/noticiasmercedinas.com\/site\/2022\/05\/13\/se-viene-la-presentacion-de-club-mercedes-en-la-liga\/#primaryimage","url":"https:\/\/noticiasmercedinas.com\/site\/wp-content\/uploads\/2022\/05\/IMG_6308.jpg","contentUrl":"https:\/\/noticiasmercedinas.com\/site\/wp-content\/uploads\/2022\/05\/IMG_6308.jpg","width":640,"height":423},{"@type":"BreadcrumbList","@id":"https:\/\/noticiasmercedinas.com\/site\/2022\/05\/13\/se-viene-la-presentacion-de-club-mercedes-en-la-liga\/#breadcrumb","itemListElement":[{"@type":"ListItem","position":1,"name":"Portada","item":"https:\/\/noticiasmercedinas.com\/site\/"},{"@type":"ListItem","position":2,"name":"Se viene la presentaci\u00f3n de Club Mercedes en la Liga"}]},{"@type":"WebSite","@id":"https:\/\/noticiasmercedinas.com\/site\/#website","url":"https:\/\/noticiasmercedinas.com\/site\/","name":"NOTICIASMERCEDINAS.COM","description":"Mercedes, Buenos Aires, Argentina","publisher":{"@id":"https:\/\/noticiasmercedinas.com\/site\/#organization"},"potentialAction":[{"@type":"SearchAction","target":{"@type":"EntryPoint","urlTemplate":"https:\/\/noticiasmercedinas.com\/site\/?s={search_term_string}"},"query-input":{"@type":"PropertyValueSpecification","valueRequired":true,"valueName":"search_term_string"}}],"inLanguage":"es"},{"@type":"Organization","@id":"https:\/\/noticiasmercedinas.com\/site\/#organization","name":"NOTICIASMERCEDINAS.COM","url":"https:\/\/noticiasmercedinas.com\/site\/","logo":{"@type":"ImageObject","inLanguage":"es","@id":"https:\/\/noticiasmercedinas.com\/site\/#\/schema\/logo\/image\/","url":"https:\/\/noticiasmercedinas.com\/site\/wp-content\/uploads\/2020\/06\/LOGO-512.jpg","contentUrl":"https:\/\/noticiasmercedinas.com\/site\/wp-content\/uploads\/2020\/06\/LOGO-512.jpg","width":512,"height":512,"caption":"NOTICIASMERCEDINAS.COM"},"image":{"@id":"https:\/\/noticiasmercedinas.com\/site\/#\/schema\/logo\/image\/"},"sameAs":["https:\/\/www.facebook.com\/noticiasmercedinas\/","https:\/\/x.com\/notmercedinas","https:\/\/www.instagram.com\/noticiasmercedinas\/"]},{"@type":"Person","@id":"https:\/\/noticiasmercedinas.com\/site\/#\/schema\/person\/8f2f09d666ef40986eba4a5e6f2a06f9","name":"Juan Dagnino NOTICIASMERCEDINAS.COM","image":{"@type":"ImageObject","inLanguage":"es","@id":"https:\/\/secure.gravatar.com\/avatar\/fc7059a769f5a3cae65fadb228a3e4accf3a64b4b2305020d0a27e6d5333c91b?s=96&d=mm&r=g","url":"https:\/\/secure.gravatar.com\/avatar\/fc7059a769f5a3cae65fadb228a3e4accf3a64b4b2305020d0a27e6d5333c91b?s=96&d=mm&r=g","contentUrl":"https:\/\/secure.gravatar.com\/avatar\/fc7059a769f5a3cae65fadb228a3e4accf3a64b4b2305020d0a27e6d5333c91b?s=96&d=mm&r=g","caption":"Juan Dagnino NOTICIASMERCEDINAS.COM"},"url":"https:\/\/noticiasmercedinas.com\/site\/author\/juandagnino\/"}]}},"amp_enabled":true,"_links":{"self":[{"href":"https:\/\/noticiasmercedinas.com\/site\/wp-json\/wp\/v2\/posts\/90669","targetHints":{"allow":["GET"]}}],"collection":[{"href":"https:\/\/noticiasmercedinas.com\/site\/wp-json\/wp\/v2\/posts"}],"about":[{"href":"https:\/\/noticiasmercedinas.com\/site\/wp-json\/wp\/v2\/types\/post"}],"author":[{"embeddable":true,"href":"https:\/\/noticiasmercedinas.com\/site\/wp-json\/wp\/v2\/users\/6"}],"replies":[{"embeddable":true,"href":"https:\/\/noticiasmercedinas.com\/site\/wp-json\/wp\/v2\/comments?post=90669"}],"version-history":[{"count":1,"href":"https:\/\/noticiasmercedinas.com\/site\/wp-json\/wp\/v2\/posts\/90669\/revisions"}],"predecessor-version":[{"id":90671,"href":"https:\/\/noticiasmercedinas.com\/site\/wp-json\/wp\/v2\/posts\/90669\/revisions\/90671"}],"wp:featuredmedia":[{"embeddable":true,"href":"https:\/\/noticiasmercedinas.com\/site\/wp-json\/wp\/v2\/media\/90670"}],"wp:attachment":[{"href":"https:\/\/noticiasmercedinas.com\/site\/wp-json\/wp\/v2\/media?parent=90669"}],"wp:term":[{"taxonomy":"category","embeddable":true,"href":"https:\/\/noticiasmercedinas.com\/site\/wp-json\/wp\/v2\/categories?post=90669"},{"taxonomy":"post_tag","embeddable":true,"href":"https:\/\/noticiasmercedinas.com\/site\/wp-json\/wp\/v2\/tags?post=90669"}],"curies":[{"name":"wp","href":"https:\/\/api.w.org\/{rel}","templated":true}]}}