{"id":90754,"date":"2022-05-15T11:35:50","date_gmt":"2022-05-15T14:35:50","guid":{"rendered":"https:\/\/noticiasmercedinas.com\/site\/?p=90754"},"modified":"2022-05-15T11:50:53","modified_gmt":"2022-05-15T14:50:53","slug":"tarde-magica-en-libros-del-carpincho-con-cuentos-de-la-luna","status":"publish","type":"post","link":"https:\/\/noticiasmercedinas.com\/site\/2022\/05\/15\/tarde-magica-en-libros-del-carpincho-con-cuentos-de-la-luna\/","title":{"rendered":"Tarde m\u00e1gica en Libros del Carpincho con cuentos de \u00abLa Luna\u00bb"},"content":{"rendered":"<p><img loading=\"lazy\" decoding=\"async\" class=\"alignnone size-full wp-image-90755\" src=\"https:\/\/noticiasmercedinas.com\/site\/wp-content\/uploads\/2022\/05\/281077483_538422551238944_2620471077639941172_n.jpg\" alt=\"\" width=\"640\" height=\"477\" srcset=\"https:\/\/noticiasmercedinas.com\/site\/wp-content\/uploads\/2022\/05\/281077483_538422551238944_2620471077639941172_n.jpg 640w, https:\/\/noticiasmercedinas.com\/site\/wp-content\/uploads\/2022\/05\/281077483_538422551238944_2620471077639941172_n-300x224.jpg 300w, https:\/\/noticiasmercedinas.com\/site\/wp-content\/uploads\/2022\/05\/281077483_538422551238944_2620471077639941172_n-80x60.jpg 80w, https:\/\/noticiasmercedinas.com\/site\/wp-content\/uploads\/2022\/05\/281077483_538422551238944_2620471077639941172_n-160x120.jpg 160w, https:\/\/noticiasmercedinas.com\/site\/wp-content\/uploads\/2022\/05\/281077483_538422551238944_2620471077639941172_n-100x75.jpg 100w, https:\/\/noticiasmercedinas.com\/site\/wp-content\/uploads\/2022\/05\/281077483_538422551238944_2620471077639941172_n-200x150.jpg 200w, https:\/\/noticiasmercedinas.com\/site\/wp-content\/uploads\/2022\/05\/281077483_538422551238944_2620471077639941172_n-180x135.jpg 180w, https:\/\/noticiasmercedinas.com\/site\/wp-content\/uploads\/2022\/05\/281077483_538422551238944_2620471077639941172_n-238x178.jpg 238w, https:\/\/noticiasmercedinas.com\/site\/wp-content\/uploads\/2022\/05\/281077483_538422551238944_2620471077639941172_n-476x356.jpg 476w\" sizes=\"auto, (max-width: 640px) 100vw, 640px\" \/><\/p>\n<p>Este s\u00e1bado se disfrut\u00f3 una tarde m\u00e1gica en la calle 36 entre 25 y 27, durante la celebraci\u00f3n por el nuevo local de <strong>Libros del Carpincho<\/strong>. Fue con un espect\u00e1culo gratuito y abierto a cargo de \u00abLa Luna Compa\u00f1\u00eda de Cuentos\u00bb.<\/p>\n<p>\u00abCompartimos la alegr\u00eda de encontrarnos en la calle, disfrutar de historias y m\u00fasica en un hermoso s\u00e1bado de sol\u00bb, destacaron al respecto Luciano Andujar y Celeste Maratea, impulsores de este emprendimiento cultural y comercial en torno a la literatura infantil.<\/p>\n<p>El encuentro de este s\u00e1bado se fue dando con el simple objetivo de festejar y compartir un buen momento. \u00abCuando las cosas se construyen de esta manera, la energ\u00eda que se comparte es maravillosa\u00bb, sostuvieron desde Libros del Carpincho.<\/p>\n<p>Los responsables de la librer\u00eda agradecieron a \u00abLa Luna Compa\u00f1\u00eda de Cuentos\u00bb por regalarles a todos los presentes un hermoso espect\u00e1culo. \u00abGracias a cada una y cada uno que vino a festejar y compartir una hermosa tarde. Felices es poco\u00bb, dijeron.<\/p>\n<p>Fue en marzo que la librer\u00eda infantil y juvenil de nuestra ciudad apost\u00f3 a un nuevo desaf\u00edo. \u201cLibros del Carpincho\u201d, que naci\u00f3 all\u00e1 por julio de 2020, el lunes 14 de marzo inaugur\u00f3 un nuevo local, cruzando la calle de su antigua ubicaci\u00f3n, en un ambiente c\u00e1lido y distendido, con m\u00e1s lugar para exhibir los libros y poder disfrutar de charlas y recomendaciones.<\/p>\n<p>Libros del Carpincho est\u00e1 ubicada en calle 36 N\u00ba 631 entre 25 y 27. Su horario de atenci\u00f3n es de lunes a viernes de 9 a 12 y de 14 a 18:30. Los s\u00e1bados de 10 a 13 horas.<\/p>\n<p>En las redes los encuentran como @librosdelcarpincho o pueden comunicarse a trav\u00e9s de whatsapp al 2324 501322.<\/p>\n<p><img loading=\"lazy\" decoding=\"async\" class=\"alignnone size-full wp-image-90756\" src=\"https:\/\/noticiasmercedinas.com\/site\/wp-content\/uploads\/2022\/05\/281354095_538422347905631_5338218129458440107_n.jpg\" alt=\"\" width=\"960\" height=\"676\" srcset=\"https:\/\/noticiasmercedinas.com\/site\/wp-content\/uploads\/2022\/05\/281354095_538422347905631_5338218129458440107_n.jpg 960w, https:\/\/noticiasmercedinas.com\/site\/wp-content\/uploads\/2022\/05\/281354095_538422347905631_5338218129458440107_n-300x211.jpg 300w, https:\/\/noticiasmercedinas.com\/site\/wp-content\/uploads\/2022\/05\/281354095_538422347905631_5338218129458440107_n-768x541.jpg 768w, https:\/\/noticiasmercedinas.com\/site\/wp-content\/uploads\/2022\/05\/281354095_538422347905631_5338218129458440107_n-640x451.jpg 640w, https:\/\/noticiasmercedinas.com\/site\/wp-content\/uploads\/2022\/05\/281354095_538422347905631_5338218129458440107_n-681x480.jpg 681w\" sizes=\"auto, (max-width: 960px) 100vw, 960px\" \/><\/p>\n","protected":false},"excerpt":{"rendered":"<p>\u25a0 En la celebraci\u00f3n por la apertura del nuevo local hubo un espect\u00e1culo gratuito y abierto a cargo de \u00abLa Luna Compa\u00f1\u00eda de Cuentos\u00bb.<\/p>\n","protected":false},"author":16,"featured_media":90755,"comment_status":"open","ping_status":"open","sticky":false,"template":"","format":"standard","meta":{"footnotes":""},"categories":[4],"tags":[9506,6701,14345,10858,10279,1464],"class_list":["post-90754","post","type-post","status-publish","format-standard","has-post-thumbnail","hentry","category-cultura","tag-celeste-maratea","tag-cuentos","tag-la-luna","tag-libreria-infantil","tag-libros-del-carpincho","tag-luciano-andujar"],"yoast_head":"<!-- This site is optimized with the Yoast SEO plugin v27.4 - https:\/\/yoast.com\/product\/yoast-seo-wordpress\/ -->\n<title>Tarde m\u00e1gica en Libros del Carpincho con cuentos de &quot;La Luna&quot;<\/title>\n<meta name=\"robots\" content=\"index, follow, max-snippet:-1, max-image-preview:large, max-video-preview:-1\" \/>\n<link rel=\"canonical\" href=\"https:\/\/noticiasmercedinas.com\/site\/2022\/05\/15\/tarde-magica-en-libros-del-carpincho-con-cuentos-de-la-luna\/\" \/>\n<meta property=\"og:locale\" content=\"es_ES\" \/>\n<meta property=\"og:type\" content=\"article\" \/>\n<meta property=\"og:title\" content=\"Tarde m\u00e1gica en Libros del Carpincho con cuentos de &quot;La Luna&quot;\" \/>\n<meta property=\"og:description\" content=\"\u25a0 En la celebraci\u00f3n por la apertura del nuevo local hubo un espect\u00e1culo gratuito y abierto a cargo de &quot;La Luna Compa\u00f1\u00eda de Cuentos&quot;.\" \/>\n<meta property=\"og:url\" content=\"https:\/\/noticiasmercedinas.com\/site\/2022\/05\/15\/tarde-magica-en-libros-del-carpincho-con-cuentos-de-la-luna\/\" \/>\n<meta property=\"og:site_name\" content=\"NOTICIASMERCEDINAS.COM\" \/>\n<meta property=\"article:publisher\" content=\"https:\/\/www.facebook.com\/noticiasmercedinas\/\" \/>\n<meta property=\"article:published_time\" content=\"2022-05-15T14:35:50+00:00\" \/>\n<meta property=\"article:modified_time\" content=\"2022-05-15T14:50:53+00:00\" \/>\n<meta property=\"og:image\" content=\"https:\/\/noticiasmercedinas.com\/site\/wp-content\/uploads\/2022\/05\/281077483_538422551238944_2620471077639941172_n.jpg\" \/>\n\t<meta property=\"og:image:width\" content=\"640\" \/>\n\t<meta property=\"og:image:height\" content=\"477\" \/>\n\t<meta property=\"og:image:type\" content=\"image\/jpeg\" \/>\n<meta name=\"author\" content=\"NOTICIASMERCEDINAS.COM\" \/>\n<meta name=\"twitter:card\" content=\"summary_large_image\" \/>\n<meta name=\"twitter:creator\" content=\"@notmercedinas\" \/>\n<meta name=\"twitter:site\" content=\"@notmercedinas\" \/>\n<meta name=\"twitter:label1\" content=\"Escrito por\" \/>\n\t<meta name=\"twitter:data1\" content=\"NOTICIASMERCEDINAS.COM\" \/>\n\t<meta name=\"twitter:label2\" content=\"Tiempo de lectura\" \/>\n\t<meta name=\"twitter:data2\" content=\"2 minutos\" \/>\n<script type=\"application\/ld+json\" class=\"yoast-schema-graph\">{\"@context\":\"https:\\\/\\\/schema.org\",\"@graph\":[{\"@type\":\"Article\",\"@id\":\"https:\\\/\\\/noticiasmercedinas.com\\\/site\\\/2022\\\/05\\\/15\\\/tarde-magica-en-libros-del-carpincho-con-cuentos-de-la-luna\\\/#article\",\"isPartOf\":{\"@id\":\"https:\\\/\\\/noticiasmercedinas.com\\\/site\\\/2022\\\/05\\\/15\\\/tarde-magica-en-libros-del-carpincho-con-cuentos-de-la-luna\\\/\"},\"author\":{\"name\":\"NOTICIASMERCEDINAS.COM\",\"@id\":\"https:\\\/\\\/noticiasmercedinas.com\\\/site\\\/#\\\/schema\\\/person\\\/84b59c099c28ff2e8b77d4ceec5d8063\"},\"headline\":\"Tarde m\u00e1gica en Libros del Carpincho con cuentos de \u00abLa Luna\u00bb\",\"datePublished\":\"2022-05-15T14:35:50+00:00\",\"dateModified\":\"2022-05-15T14:50:53+00:00\",\"mainEntityOfPage\":{\"@id\":\"https:\\\/\\\/noticiasmercedinas.com\\\/site\\\/2022\\\/05\\\/15\\\/tarde-magica-en-libros-del-carpincho-con-cuentos-de-la-luna\\\/\"},\"wordCount\":296,\"commentCount\":0,\"publisher\":{\"@id\":\"https:\\\/\\\/noticiasmercedinas.com\\\/site\\\/#organization\"},\"image\":{\"@id\":\"https:\\\/\\\/noticiasmercedinas.com\\\/site\\\/2022\\\/05\\\/15\\\/tarde-magica-en-libros-del-carpincho-con-cuentos-de-la-luna\\\/#primaryimage\"},\"thumbnailUrl\":\"https:\\\/\\\/noticiasmercedinas.com\\\/site\\\/wp-content\\\/uploads\\\/2022\\\/05\\\/281077483_538422551238944_2620471077639941172_n.jpg\",\"keywords\":[\"Celeste Maratea\",\"cuentos\",\"la luna\",\"libreria infantil\",\"Libros del Carpincho\",\"Luciano And\u00fajar\"],\"articleSection\":[\"Cultura\"],\"inLanguage\":\"es\",\"potentialAction\":[{\"@type\":\"CommentAction\",\"name\":\"Comment\",\"target\":[\"https:\\\/\\\/noticiasmercedinas.com\\\/site\\\/2022\\\/05\\\/15\\\/tarde-magica-en-libros-del-carpincho-con-cuentos-de-la-luna\\\/#respond\"]}]},{\"@type\":\"WebPage\",\"@id\":\"https:\\\/\\\/noticiasmercedinas.com\\\/site\\\/2022\\\/05\\\/15\\\/tarde-magica-en-libros-del-carpincho-con-cuentos-de-la-luna\\\/\",\"url\":\"https:\\\/\\\/noticiasmercedinas.com\\\/site\\\/2022\\\/05\\\/15\\\/tarde-magica-en-libros-del-carpincho-con-cuentos-de-la-luna\\\/\",\"name\":\"Tarde m\u00e1gica en Libros del Carpincho con cuentos de \\\"La Luna\\\"\",\"isPartOf\":{\"@id\":\"https:\\\/\\\/noticiasmercedinas.com\\\/site\\\/#website\"},\"primaryImageOfPage\":{\"@id\":\"https:\\\/\\\/noticiasmercedinas.com\\\/site\\\/2022\\\/05\\\/15\\\/tarde-magica-en-libros-del-carpincho-con-cuentos-de-la-luna\\\/#primaryimage\"},\"image\":{\"@id\":\"https:\\\/\\\/noticiasmercedinas.com\\\/site\\\/2022\\\/05\\\/15\\\/tarde-magica-en-libros-del-carpincho-con-cuentos-de-la-luna\\\/#primaryimage\"},\"thumbnailUrl\":\"https:\\\/\\\/noticiasmercedinas.com\\\/site\\\/wp-content\\\/uploads\\\/2022\\\/05\\\/281077483_538422551238944_2620471077639941172_n.jpg\",\"datePublished\":\"2022-05-15T14:35:50+00:00\",\"dateModified\":\"2022-05-15T14:50:53+00:00\",\"breadcrumb\":{\"@id\":\"https:\\\/\\\/noticiasmercedinas.com\\\/site\\\/2022\\\/05\\\/15\\\/tarde-magica-en-libros-del-carpincho-con-cuentos-de-la-luna\\\/#breadcrumb\"},\"inLanguage\":\"es\",\"potentialAction\":[{\"@type\":\"ReadAction\",\"target\":[\"https:\\\/\\\/noticiasmercedinas.com\\\/site\\\/2022\\\/05\\\/15\\\/tarde-magica-en-libros-del-carpincho-con-cuentos-de-la-luna\\\/\"]}]},{\"@type\":\"ImageObject\",\"inLanguage\":\"es\",\"@id\":\"https:\\\/\\\/noticiasmercedinas.com\\\/site\\\/2022\\\/05\\\/15\\\/tarde-magica-en-libros-del-carpincho-con-cuentos-de-la-luna\\\/#primaryimage\",\"url\":\"https:\\\/\\\/noticiasmercedinas.com\\\/site\\\/wp-content\\\/uploads\\\/2022\\\/05\\\/281077483_538422551238944_2620471077639941172_n.jpg\",\"contentUrl\":\"https:\\\/\\\/noticiasmercedinas.com\\\/site\\\/wp-content\\\/uploads\\\/2022\\\/05\\\/281077483_538422551238944_2620471077639941172_n.jpg\",\"width\":640,\"height\":477},{\"@type\":\"BreadcrumbList\",\"@id\":\"https:\\\/\\\/noticiasmercedinas.com\\\/site\\\/2022\\\/05\\\/15\\\/tarde-magica-en-libros-del-carpincho-con-cuentos-de-la-luna\\\/#breadcrumb\",\"itemListElement\":[{\"@type\":\"ListItem\",\"position\":1,\"name\":\"Portada\",\"item\":\"https:\\\/\\\/noticiasmercedinas.com\\\/site\\\/\"},{\"@type\":\"ListItem\",\"position\":2,\"name\":\"Tarde m\u00e1gica en Libros del Carpincho con cuentos de \u00abLa Luna\u00bb\"}]},{\"@type\":\"WebSite\",\"@id\":\"https:\\\/\\\/noticiasmercedinas.com\\\/site\\\/#website\",\"url\":\"https:\\\/\\\/noticiasmercedinas.com\\\/site\\\/\",\"name\":\"NOTICIASMERCEDINAS.COM\",\"description\":\"Mercedes, Buenos Aires, Argentina\",\"publisher\":{\"@id\":\"https:\\\/\\\/noticiasmercedinas.com\\\/site\\\/#organization\"},\"potentialAction\":[{\"@type\":\"SearchAction\",\"target\":{\"@type\":\"EntryPoint\",\"urlTemplate\":\"https:\\\/\\\/noticiasmercedinas.com\\\/site\\\/?s={search_term_string}\"},\"query-input\":{\"@type\":\"PropertyValueSpecification\",\"valueRequired\":true,\"valueName\":\"search_term_string\"}}],\"inLanguage\":\"es\"},{\"@type\":\"Organization\",\"@id\":\"https:\\\/\\\/noticiasmercedinas.com\\\/site\\\/#organization\",\"name\":\"NOTICIASMERCEDINAS.COM\",\"url\":\"https:\\\/\\\/noticiasmercedinas.com\\\/site\\\/\",\"logo\":{\"@type\":\"ImageObject\",\"inLanguage\":\"es\",\"@id\":\"https:\\\/\\\/noticiasmercedinas.com\\\/site\\\/#\\\/schema\\\/logo\\\/image\\\/\",\"url\":\"https:\\\/\\\/noticiasmercedinas.com\\\/site\\\/wp-content\\\/uploads\\\/2020\\\/06\\\/LOGO-512.jpg\",\"contentUrl\":\"https:\\\/\\\/noticiasmercedinas.com\\\/site\\\/wp-content\\\/uploads\\\/2020\\\/06\\\/LOGO-512.jpg\",\"width\":512,\"height\":512,\"caption\":\"NOTICIASMERCEDINAS.COM\"},\"image\":{\"@id\":\"https:\\\/\\\/noticiasmercedinas.com\\\/site\\\/#\\\/schema\\\/logo\\\/image\\\/\"},\"sameAs\":[\"https:\\\/\\\/www.facebook.com\\\/noticiasmercedinas\\\/\",\"https:\\\/\\\/x.com\\\/notmercedinas\",\"https:\\\/\\\/www.instagram.com\\\/noticiasmercedinas\\\/\"]},{\"@type\":\"Person\",\"@id\":\"https:\\\/\\\/noticiasmercedinas.com\\\/site\\\/#\\\/schema\\\/person\\\/84b59c099c28ff2e8b77d4ceec5d8063\",\"name\":\"NOTICIASMERCEDINAS.COM\",\"image\":{\"@type\":\"ImageObject\",\"inLanguage\":\"es\",\"@id\":\"https:\\\/\\\/secure.gravatar.com\\\/avatar\\\/4dfbf16b4d17945bfb6341b2d19043457132fcf478a5ee04f42e959fd8f5df0a?s=96&d=mm&r=g\",\"url\":\"https:\\\/\\\/secure.gravatar.com\\\/avatar\\\/4dfbf16b4d17945bfb6341b2d19043457132fcf478a5ee04f42e959fd8f5df0a?s=96&d=mm&r=g\",\"contentUrl\":\"https:\\\/\\\/secure.gravatar.com\\\/avatar\\\/4dfbf16b4d17945bfb6341b2d19043457132fcf478a5ee04f42e959fd8f5df0a?s=96&d=mm&r=g\",\"caption\":\"NOTICIASMERCEDINAS.COM\"},\"url\":\"https:\\\/\\\/noticiasmercedinas.com\\\/site\\\/author\\\/anonimo\\\/\"}]}<\/script>\n<!-- \/ Yoast SEO plugin. -->","yoast_head_json":{"title":"Tarde m\u00e1gica en Libros del Carpincho con cuentos de \"La Luna\"","robots":{"index":"index","follow":"follow","max-snippet":"max-snippet:-1","max-image-preview":"max-image-preview:large","max-video-preview":"max-video-preview:-1"},"canonical":"https:\/\/noticiasmercedinas.com\/site\/2022\/05\/15\/tarde-magica-en-libros-del-carpincho-con-cuentos-de-la-luna\/","og_locale":"es_ES","og_type":"article","og_title":"Tarde m\u00e1gica en Libros del Carpincho con cuentos de \"La Luna\"","og_description":"\u25a0 En la celebraci\u00f3n por la apertura del nuevo local hubo un espect\u00e1culo gratuito y abierto a cargo de \"La Luna Compa\u00f1\u00eda de Cuentos\".","og_url":"https:\/\/noticiasmercedinas.com\/site\/2022\/05\/15\/tarde-magica-en-libros-del-carpincho-con-cuentos-de-la-luna\/","og_site_name":"NOTICIASMERCEDINAS.COM","article_publisher":"https:\/\/www.facebook.com\/noticiasmercedinas\/","article_published_time":"2022-05-15T14:35:50+00:00","article_modified_time":"2022-05-15T14:50:53+00:00","og_image":[{"width":640,"height":477,"url":"https:\/\/noticiasmercedinas.com\/site\/wp-content\/uploads\/2022\/05\/281077483_538422551238944_2620471077639941172_n.jpg","type":"image\/jpeg"}],"author":"NOTICIASMERCEDINAS.COM","twitter_card":"summary_large_image","twitter_creator":"@notmercedinas","twitter_site":"@notmercedinas","twitter_misc":{"Escrito por":"NOTICIASMERCEDINAS.COM","Tiempo de lectura":"2 minutos"},"schema":{"@context":"https:\/\/schema.org","@graph":[{"@type":"Article","@id":"https:\/\/noticiasmercedinas.com\/site\/2022\/05\/15\/tarde-magica-en-libros-del-carpincho-con-cuentos-de-la-luna\/#article","isPartOf":{"@id":"https:\/\/noticiasmercedinas.com\/site\/2022\/05\/15\/tarde-magica-en-libros-del-carpincho-con-cuentos-de-la-luna\/"},"author":{"name":"NOTICIASMERCEDINAS.COM","@id":"https:\/\/noticiasmercedinas.com\/site\/#\/schema\/person\/84b59c099c28ff2e8b77d4ceec5d8063"},"headline":"Tarde m\u00e1gica en Libros del Carpincho con cuentos de \u00abLa Luna\u00bb","datePublished":"2022-05-15T14:35:50+00:00","dateModified":"2022-05-15T14:50:53+00:00","mainEntityOfPage":{"@id":"https:\/\/noticiasmercedinas.com\/site\/2022\/05\/15\/tarde-magica-en-libros-del-carpincho-con-cuentos-de-la-luna\/"},"wordCount":296,"commentCount":0,"publisher":{"@id":"https:\/\/noticiasmercedinas.com\/site\/#organization"},"image":{"@id":"https:\/\/noticiasmercedinas.com\/site\/2022\/05\/15\/tarde-magica-en-libros-del-carpincho-con-cuentos-de-la-luna\/#primaryimage"},"thumbnailUrl":"https:\/\/noticiasmercedinas.com\/site\/wp-content\/uploads\/2022\/05\/281077483_538422551238944_2620471077639941172_n.jpg","keywords":["Celeste Maratea","cuentos","la luna","libreria infantil","Libros del Carpincho","Luciano And\u00fajar"],"articleSection":["Cultura"],"inLanguage":"es","potentialAction":[{"@type":"CommentAction","name":"Comment","target":["https:\/\/noticiasmercedinas.com\/site\/2022\/05\/15\/tarde-magica-en-libros-del-carpincho-con-cuentos-de-la-luna\/#respond"]}]},{"@type":"WebPage","@id":"https:\/\/noticiasmercedinas.com\/site\/2022\/05\/15\/tarde-magica-en-libros-del-carpincho-con-cuentos-de-la-luna\/","url":"https:\/\/noticiasmercedinas.com\/site\/2022\/05\/15\/tarde-magica-en-libros-del-carpincho-con-cuentos-de-la-luna\/","name":"Tarde m\u00e1gica en Libros del Carpincho con cuentos de \"La Luna\"","isPartOf":{"@id":"https:\/\/noticiasmercedinas.com\/site\/#website"},"primaryImageOfPage":{"@id":"https:\/\/noticiasmercedinas.com\/site\/2022\/05\/15\/tarde-magica-en-libros-del-carpincho-con-cuentos-de-la-luna\/#primaryimage"},"image":{"@id":"https:\/\/noticiasmercedinas.com\/site\/2022\/05\/15\/tarde-magica-en-libros-del-carpincho-con-cuentos-de-la-luna\/#primaryimage"},"thumbnailUrl":"https:\/\/noticiasmercedinas.com\/site\/wp-content\/uploads\/2022\/05\/281077483_538422551238944_2620471077639941172_n.jpg","datePublished":"2022-05-15T14:35:50+00:00","dateModified":"2022-05-15T14:50:53+00:00","breadcrumb":{"@id":"https:\/\/noticiasmercedinas.com\/site\/2022\/05\/15\/tarde-magica-en-libros-del-carpincho-con-cuentos-de-la-luna\/#breadcrumb"},"inLanguage":"es","potentialAction":[{"@type":"ReadAction","target":["https:\/\/noticiasmercedinas.com\/site\/2022\/05\/15\/tarde-magica-en-libros-del-carpincho-con-cuentos-de-la-luna\/"]}]},{"@type":"ImageObject","inLanguage":"es","@id":"https:\/\/noticiasmercedinas.com\/site\/2022\/05\/15\/tarde-magica-en-libros-del-carpincho-con-cuentos-de-la-luna\/#primaryimage","url":"https:\/\/noticiasmercedinas.com\/site\/wp-content\/uploads\/2022\/05\/281077483_538422551238944_2620471077639941172_n.jpg","contentUrl":"https:\/\/noticiasmercedinas.com\/site\/wp-content\/uploads\/2022\/05\/281077483_538422551238944_2620471077639941172_n.jpg","width":640,"height":477},{"@type":"BreadcrumbList","@id":"https:\/\/noticiasmercedinas.com\/site\/2022\/05\/15\/tarde-magica-en-libros-del-carpincho-con-cuentos-de-la-luna\/#breadcrumb","itemListElement":[{"@type":"ListItem","position":1,"name":"Portada","item":"https:\/\/noticiasmercedinas.com\/site\/"},{"@type":"ListItem","position":2,"name":"Tarde m\u00e1gica en Libros del Carpincho con cuentos de \u00abLa Luna\u00bb"}]},{"@type":"WebSite","@id":"https:\/\/noticiasmercedinas.com\/site\/#website","url":"https:\/\/noticiasmercedinas.com\/site\/","name":"NOTICIASMERCEDINAS.COM","description":"Mercedes, Buenos Aires, Argentina","publisher":{"@id":"https:\/\/noticiasmercedinas.com\/site\/#organization"},"potentialAction":[{"@type":"SearchAction","target":{"@type":"EntryPoint","urlTemplate":"https:\/\/noticiasmercedinas.com\/site\/?s={search_term_string}"},"query-input":{"@type":"PropertyValueSpecification","valueRequired":true,"valueName":"search_term_string"}}],"inLanguage":"es"},{"@type":"Organization","@id":"https:\/\/noticiasmercedinas.com\/site\/#organization","name":"NOTICIASMERCEDINAS.COM","url":"https:\/\/noticiasmercedinas.com\/site\/","logo":{"@type":"ImageObject","inLanguage":"es","@id":"https:\/\/noticiasmercedinas.com\/site\/#\/schema\/logo\/image\/","url":"https:\/\/noticiasmercedinas.com\/site\/wp-content\/uploads\/2020\/06\/LOGO-512.jpg","contentUrl":"https:\/\/noticiasmercedinas.com\/site\/wp-content\/uploads\/2020\/06\/LOGO-512.jpg","width":512,"height":512,"caption":"NOTICIASMERCEDINAS.COM"},"image":{"@id":"https:\/\/noticiasmercedinas.com\/site\/#\/schema\/logo\/image\/"},"sameAs":["https:\/\/www.facebook.com\/noticiasmercedinas\/","https:\/\/x.com\/notmercedinas","https:\/\/www.instagram.com\/noticiasmercedinas\/"]},{"@type":"Person","@id":"https:\/\/noticiasmercedinas.com\/site\/#\/schema\/person\/84b59c099c28ff2e8b77d4ceec5d8063","name":"NOTICIASMERCEDINAS.COM","image":{"@type":"ImageObject","inLanguage":"es","@id":"https:\/\/secure.gravatar.com\/avatar\/4dfbf16b4d17945bfb6341b2d19043457132fcf478a5ee04f42e959fd8f5df0a?s=96&d=mm&r=g","url":"https:\/\/secure.gravatar.com\/avatar\/4dfbf16b4d17945bfb6341b2d19043457132fcf478a5ee04f42e959fd8f5df0a?s=96&d=mm&r=g","contentUrl":"https:\/\/secure.gravatar.com\/avatar\/4dfbf16b4d17945bfb6341b2d19043457132fcf478a5ee04f42e959fd8f5df0a?s=96&d=mm&r=g","caption":"NOTICIASMERCEDINAS.COM"},"url":"https:\/\/noticiasmercedinas.com\/site\/author\/anonimo\/"}]}},"amp_enabled":true,"_links":{"self":[{"href":"https:\/\/noticiasmercedinas.com\/site\/wp-json\/wp\/v2\/posts\/90754","targetHints":{"allow":["GET"]}}],"collection":[{"href":"https:\/\/noticiasmercedinas.com\/site\/wp-json\/wp\/v2\/posts"}],"about":[{"href":"https:\/\/noticiasmercedinas.com\/site\/wp-json\/wp\/v2\/types\/post"}],"author":[{"embeddable":true,"href":"https:\/\/noticiasmercedinas.com\/site\/wp-json\/wp\/v2\/users\/16"}],"replies":[{"embeddable":true,"href":"https:\/\/noticiasmercedinas.com\/site\/wp-json\/wp\/v2\/comments?post=90754"}],"version-history":[{"count":2,"href":"https:\/\/noticiasmercedinas.com\/site\/wp-json\/wp\/v2\/posts\/90754\/revisions"}],"predecessor-version":[{"id":90762,"href":"https:\/\/noticiasmercedinas.com\/site\/wp-json\/wp\/v2\/posts\/90754\/revisions\/90762"}],"wp:featuredmedia":[{"embeddable":true,"href":"https:\/\/noticiasmercedinas.com\/site\/wp-json\/wp\/v2\/media\/90755"}],"wp:attachment":[{"href":"https:\/\/noticiasmercedinas.com\/site\/wp-json\/wp\/v2\/media?parent=90754"}],"wp:term":[{"taxonomy":"category","embeddable":true,"href":"https:\/\/noticiasmercedinas.com\/site\/wp-json\/wp\/v2\/categories?post=90754"},{"taxonomy":"post_tag","embeddable":true,"href":"https:\/\/noticiasmercedinas.com\/site\/wp-json\/wp\/v2\/tags?post=90754"}],"curies":[{"name":"wp","href":"https:\/\/api.w.org\/{rel}","templated":true}]}}