{"id":90983,"date":"2022-05-17T11:35:41","date_gmt":"2022-05-17T14:35:41","guid":{"rendered":"https:\/\/noticiasmercedinas.com\/site\/?p=90983"},"modified":"2022-05-17T11:35:41","modified_gmt":"2022-05-17T14:35:41","slug":"malvinas-nos-une-realizaran-una-muestra-fotografica-el-22-de-junio","status":"publish","type":"post","link":"https:\/\/noticiasmercedinas.com\/site\/2022\/05\/17\/malvinas-nos-une-realizaran-una-muestra-fotografica-el-22-de-junio\/","title":{"rendered":"\u00abMalvinas nos une\u00bb: realizar\u00e1n una muestra fotogr\u00e1fica el 22 de junio"},"content":{"rendered":"<p><img loading=\"lazy\" decoding=\"async\" class=\"alignnone size-large wp-image-90984\" src=\"https:\/\/noticiasmercedinas.com\/site\/wp-content\/uploads\/2022\/05\/photo_2022-04-28_15-00-15-1024x1024.jpg\" alt=\"\" width=\"640\" height=\"640\" srcset=\"https:\/\/noticiasmercedinas.com\/site\/wp-content\/uploads\/2022\/05\/photo_2022-04-28_15-00-15-1024x1024.jpg 1024w, https:\/\/noticiasmercedinas.com\/site\/wp-content\/uploads\/2022\/05\/photo_2022-04-28_15-00-15-300x300.jpg 300w, https:\/\/noticiasmercedinas.com\/site\/wp-content\/uploads\/2022\/05\/photo_2022-04-28_15-00-15-150x150.jpg 150w, https:\/\/noticiasmercedinas.com\/site\/wp-content\/uploads\/2022\/05\/photo_2022-04-28_15-00-15-768x768.jpg 768w, https:\/\/noticiasmercedinas.com\/site\/wp-content\/uploads\/2022\/05\/photo_2022-04-28_15-00-15-640x640.jpg 640w, https:\/\/noticiasmercedinas.com\/site\/wp-content\/uploads\/2022\/05\/photo_2022-04-28_15-00-15-681x681.jpg 681w, https:\/\/noticiasmercedinas.com\/site\/wp-content\/uploads\/2022\/05\/photo_2022-04-28_15-00-15.jpg 1280w\" sizes=\"auto, (max-width: 640px) 100vw, 640px\" \/><\/p>\n<p>Este 22 de junio se realizar\u00e1 una muestra fotogr\u00e1fica en el Centro de Veteranos de nuestra ciudad. Es importante destacar que se llevar\u00e1 adelante en esa fecha porque fue el d\u00eda de la llegada de los combatientes a Mercedes. Desde la coordinaci\u00f3n de los museos y el Centro de Veteranos de Guerra se est\u00e1 invitando a aquellos vecinos que tengan registros de ese d\u00eda los puedan compartir para engrandecer mucho m\u00e1s la muestra.<\/p>\n<p>Marcela Brown, coordinadora de Museos, se\u00f1al\u00f3 que \u201cla idea es mostrar c\u00f3mo el pueblo de Mercedes recibi\u00f3 a nuestros vecinos combatientes en aquel momento\u201d.<\/p>\n<p>\u201cUn d\u00eda trabajando en el Museo M\u00edguez encontramos unas fotograf\u00edas, eran del archivo hist\u00f3rico, donde pod\u00eda observarse el colectivo con ellos asom\u00e1ndose por las ventanillas. Y ese fue el impulso para realizar esta convocatoria\u201d, dijo.<\/p>\n<p>\u201cEstamos realizando un trabajo conjunto con el Centro de Veteranos, donde lo que queremos hacer es pedirle a la comunidad de Mercedes que tenga alg\u00fan registro fotogr\u00e1fico de aquel momento o alg\u00fan art\u00edculo de su llegada. De ser as\u00ed que se acerquen al Museo M\u00edguez en el horario de 08:00 a 16:00 o las pueden llevar al Centro de Veteranos en el horario de 18:00 a 20:00. No nos quedamos con la foto, sino lo que hacemos es escanearla y devolverla, porque la idea es hacerla en un tama\u00f1o m\u00e1s grande\u201d se\u00f1al\u00f3 Brown y agreg\u00f3 que \u201ctodo este material hist\u00f3rico quedar\u00e1 en el Centro de Veteranos de Mercedes, porque es parte de su historia\u201d.<\/p>\n<p>De esta manera, se contin\u00faa homenajeando a nuestros h\u00e9roes, por los 40 a\u00f1os de la guerra de Malvinas.<\/p>\n","protected":false},"excerpt":{"rendered":"<p>\u25a0 Desde la coordinaci\u00f3n de los museos y el Centro de Veteranos de Guerra se est\u00e1 invitando a aquellos vecinos que tengan registros de ese d\u00eda los puedan compartir<\/p>\n","protected":false},"author":16,"featured_media":90984,"comment_status":"open","ping_status":"open","sticky":false,"template":"","format":"standard","meta":{"footnotes":""},"categories":[4],"tags":[14389,656,8902],"class_list":["post-90983","post","type-post","status-publish","format-standard","has-post-thumbnail","hentry","category-cultura","tag-fotografioa","tag-malvinas","tag-museos"],"yoast_head":"<!-- This site is optimized with the Yoast SEO plugin v27.5 - https:\/\/yoast.com\/product\/yoast-seo-wordpress\/ -->\n<title>&quot;Malvinas nos une&quot;: realizar\u00e1n una muestra fotogr\u00e1fica el 22 de junio<\/title>\n<meta name=\"robots\" content=\"index, follow, max-snippet:-1, max-image-preview:large, max-video-preview:-1\" \/>\n<link rel=\"canonical\" href=\"https:\/\/noticiasmercedinas.com\/site\/2022\/05\/17\/malvinas-nos-une-realizaran-una-muestra-fotografica-el-22-de-junio\/\" \/>\n<meta property=\"og:locale\" content=\"es_ES\" \/>\n<meta property=\"og:type\" content=\"article\" \/>\n<meta property=\"og:title\" content=\"&quot;Malvinas nos une&quot;: realizar\u00e1n una muestra fotogr\u00e1fica el 22 de junio\" \/>\n<meta property=\"og:description\" content=\"\u25a0 Desde la coordinaci\u00f3n de los museos y el Centro de Veteranos de Guerra se est\u00e1 invitando a aquellos vecinos que tengan registros de ese d\u00eda los puedan compartir\" \/>\n<meta property=\"og:url\" content=\"https:\/\/noticiasmercedinas.com\/site\/2022\/05\/17\/malvinas-nos-une-realizaran-una-muestra-fotografica-el-22-de-junio\/\" \/>\n<meta property=\"og:site_name\" content=\"NOTICIASMERCEDINAS.COM\" \/>\n<meta property=\"article:publisher\" content=\"https:\/\/www.facebook.com\/noticiasmercedinas\/\" \/>\n<meta property=\"article:published_time\" content=\"2022-05-17T14:35:41+00:00\" \/>\n<meta property=\"og:image\" content=\"https:\/\/noticiasmercedinas.com\/site\/wp-content\/uploads\/2022\/05\/photo_2022-04-28_15-00-15.jpg\" \/>\n\t<meta property=\"og:image:width\" content=\"1280\" \/>\n\t<meta property=\"og:image:height\" content=\"1280\" \/>\n\t<meta property=\"og:image:type\" content=\"image\/jpeg\" \/>\n<meta name=\"author\" content=\"NOTICIASMERCEDINAS.COM\" \/>\n<meta name=\"twitter:card\" content=\"summary_large_image\" \/>\n<meta name=\"twitter:creator\" content=\"@notmercedinas\" \/>\n<meta name=\"twitter:site\" content=\"@notmercedinas\" \/>\n<meta name=\"twitter:label1\" content=\"Escrito por\" \/>\n\t<meta name=\"twitter:data1\" content=\"NOTICIASMERCEDINAS.COM\" \/>\n\t<meta name=\"twitter:label2\" content=\"Tiempo de lectura\" \/>\n\t<meta name=\"twitter:data2\" content=\"1 minuto\" \/>\n<script type=\"application\/ld+json\" class=\"yoast-schema-graph\">{\"@context\":\"https:\\\/\\\/schema.org\",\"@graph\":[{\"@type\":\"Article\",\"@id\":\"https:\\\/\\\/noticiasmercedinas.com\\\/site\\\/2022\\\/05\\\/17\\\/malvinas-nos-une-realizaran-una-muestra-fotografica-el-22-de-junio\\\/#article\",\"isPartOf\":{\"@id\":\"https:\\\/\\\/noticiasmercedinas.com\\\/site\\\/2022\\\/05\\\/17\\\/malvinas-nos-une-realizaran-una-muestra-fotografica-el-22-de-junio\\\/\"},\"author\":{\"name\":\"NOTICIASMERCEDINAS.COM\",\"@id\":\"https:\\\/\\\/noticiasmercedinas.com\\\/site\\\/#\\\/schema\\\/person\\\/84b59c099c28ff2e8b77d4ceec5d8063\"},\"headline\":\"\u00abMalvinas nos une\u00bb: realizar\u00e1n una muestra fotogr\u00e1fica el 22 de junio\",\"datePublished\":\"2022-05-17T14:35:41+00:00\",\"mainEntityOfPage\":{\"@id\":\"https:\\\/\\\/noticiasmercedinas.com\\\/site\\\/2022\\\/05\\\/17\\\/malvinas-nos-une-realizaran-una-muestra-fotografica-el-22-de-junio\\\/\"},\"wordCount\":295,\"commentCount\":0,\"publisher\":{\"@id\":\"https:\\\/\\\/noticiasmercedinas.com\\\/site\\\/#organization\"},\"image\":{\"@id\":\"https:\\\/\\\/noticiasmercedinas.com\\\/site\\\/2022\\\/05\\\/17\\\/malvinas-nos-une-realizaran-una-muestra-fotografica-el-22-de-junio\\\/#primaryimage\"},\"thumbnailUrl\":\"https:\\\/\\\/noticiasmercedinas.com\\\/site\\\/wp-content\\\/uploads\\\/2022\\\/05\\\/photo_2022-04-28_15-00-15.jpg\",\"keywords\":[\"fotografioa\",\"malvinas\",\"museos\"],\"articleSection\":[\"Cultura\"],\"inLanguage\":\"es\",\"potentialAction\":[{\"@type\":\"CommentAction\",\"name\":\"Comment\",\"target\":[\"https:\\\/\\\/noticiasmercedinas.com\\\/site\\\/2022\\\/05\\\/17\\\/malvinas-nos-une-realizaran-una-muestra-fotografica-el-22-de-junio\\\/#respond\"]}]},{\"@type\":\"WebPage\",\"@id\":\"https:\\\/\\\/noticiasmercedinas.com\\\/site\\\/2022\\\/05\\\/17\\\/malvinas-nos-une-realizaran-una-muestra-fotografica-el-22-de-junio\\\/\",\"url\":\"https:\\\/\\\/noticiasmercedinas.com\\\/site\\\/2022\\\/05\\\/17\\\/malvinas-nos-une-realizaran-una-muestra-fotografica-el-22-de-junio\\\/\",\"name\":\"\\\"Malvinas nos une\\\": realizar\u00e1n una muestra fotogr\u00e1fica el 22 de junio\",\"isPartOf\":{\"@id\":\"https:\\\/\\\/noticiasmercedinas.com\\\/site\\\/#website\"},\"primaryImageOfPage\":{\"@id\":\"https:\\\/\\\/noticiasmercedinas.com\\\/site\\\/2022\\\/05\\\/17\\\/malvinas-nos-une-realizaran-una-muestra-fotografica-el-22-de-junio\\\/#primaryimage\"},\"image\":{\"@id\":\"https:\\\/\\\/noticiasmercedinas.com\\\/site\\\/2022\\\/05\\\/17\\\/malvinas-nos-une-realizaran-una-muestra-fotografica-el-22-de-junio\\\/#primaryimage\"},\"thumbnailUrl\":\"https:\\\/\\\/noticiasmercedinas.com\\\/site\\\/wp-content\\\/uploads\\\/2022\\\/05\\\/photo_2022-04-28_15-00-15.jpg\",\"datePublished\":\"2022-05-17T14:35:41+00:00\",\"breadcrumb\":{\"@id\":\"https:\\\/\\\/noticiasmercedinas.com\\\/site\\\/2022\\\/05\\\/17\\\/malvinas-nos-une-realizaran-una-muestra-fotografica-el-22-de-junio\\\/#breadcrumb\"},\"inLanguage\":\"es\",\"potentialAction\":[{\"@type\":\"ReadAction\",\"target\":[\"https:\\\/\\\/noticiasmercedinas.com\\\/site\\\/2022\\\/05\\\/17\\\/malvinas-nos-une-realizaran-una-muestra-fotografica-el-22-de-junio\\\/\"]}]},{\"@type\":\"ImageObject\",\"inLanguage\":\"es\",\"@id\":\"https:\\\/\\\/noticiasmercedinas.com\\\/site\\\/2022\\\/05\\\/17\\\/malvinas-nos-une-realizaran-una-muestra-fotografica-el-22-de-junio\\\/#primaryimage\",\"url\":\"https:\\\/\\\/noticiasmercedinas.com\\\/site\\\/wp-content\\\/uploads\\\/2022\\\/05\\\/photo_2022-04-28_15-00-15.jpg\",\"contentUrl\":\"https:\\\/\\\/noticiasmercedinas.com\\\/site\\\/wp-content\\\/uploads\\\/2022\\\/05\\\/photo_2022-04-28_15-00-15.jpg\",\"width\":1280,\"height\":1280},{\"@type\":\"BreadcrumbList\",\"@id\":\"https:\\\/\\\/noticiasmercedinas.com\\\/site\\\/2022\\\/05\\\/17\\\/malvinas-nos-une-realizaran-una-muestra-fotografica-el-22-de-junio\\\/#breadcrumb\",\"itemListElement\":[{\"@type\":\"ListItem\",\"position\":1,\"name\":\"Portada\",\"item\":\"https:\\\/\\\/noticiasmercedinas.com\\\/site\\\/\"},{\"@type\":\"ListItem\",\"position\":2,\"name\":\"\u00abMalvinas nos une\u00bb: realizar\u00e1n una muestra fotogr\u00e1fica el 22 de junio\"}]},{\"@type\":\"WebSite\",\"@id\":\"https:\\\/\\\/noticiasmercedinas.com\\\/site\\\/#website\",\"url\":\"https:\\\/\\\/noticiasmercedinas.com\\\/site\\\/\",\"name\":\"NOTICIASMERCEDINAS.COM\",\"description\":\"Mercedes, Buenos Aires, Argentina\",\"publisher\":{\"@id\":\"https:\\\/\\\/noticiasmercedinas.com\\\/site\\\/#organization\"},\"potentialAction\":[{\"@type\":\"SearchAction\",\"target\":{\"@type\":\"EntryPoint\",\"urlTemplate\":\"https:\\\/\\\/noticiasmercedinas.com\\\/site\\\/?s={search_term_string}\"},\"query-input\":{\"@type\":\"PropertyValueSpecification\",\"valueRequired\":true,\"valueName\":\"search_term_string\"}}],\"inLanguage\":\"es\"},{\"@type\":\"Organization\",\"@id\":\"https:\\\/\\\/noticiasmercedinas.com\\\/site\\\/#organization\",\"name\":\"NOTICIASMERCEDINAS.COM\",\"url\":\"https:\\\/\\\/noticiasmercedinas.com\\\/site\\\/\",\"logo\":{\"@type\":\"ImageObject\",\"inLanguage\":\"es\",\"@id\":\"https:\\\/\\\/noticiasmercedinas.com\\\/site\\\/#\\\/schema\\\/logo\\\/image\\\/\",\"url\":\"https:\\\/\\\/noticiasmercedinas.com\\\/site\\\/wp-content\\\/uploads\\\/2020\\\/06\\\/LOGO-512.jpg\",\"contentUrl\":\"https:\\\/\\\/noticiasmercedinas.com\\\/site\\\/wp-content\\\/uploads\\\/2020\\\/06\\\/LOGO-512.jpg\",\"width\":512,\"height\":512,\"caption\":\"NOTICIASMERCEDINAS.COM\"},\"image\":{\"@id\":\"https:\\\/\\\/noticiasmercedinas.com\\\/site\\\/#\\\/schema\\\/logo\\\/image\\\/\"},\"sameAs\":[\"https:\\\/\\\/www.facebook.com\\\/noticiasmercedinas\\\/\",\"https:\\\/\\\/x.com\\\/notmercedinas\",\"https:\\\/\\\/www.instagram.com\\\/noticiasmercedinas\\\/\"]},{\"@type\":\"Person\",\"@id\":\"https:\\\/\\\/noticiasmercedinas.com\\\/site\\\/#\\\/schema\\\/person\\\/84b59c099c28ff2e8b77d4ceec5d8063\",\"name\":\"NOTICIASMERCEDINAS.COM\",\"image\":{\"@type\":\"ImageObject\",\"inLanguage\":\"es\",\"@id\":\"https:\\\/\\\/secure.gravatar.com\\\/avatar\\\/4dfbf16b4d17945bfb6341b2d19043457132fcf478a5ee04f42e959fd8f5df0a?s=96&d=mm&r=g\",\"url\":\"https:\\\/\\\/secure.gravatar.com\\\/avatar\\\/4dfbf16b4d17945bfb6341b2d19043457132fcf478a5ee04f42e959fd8f5df0a?s=96&d=mm&r=g\",\"contentUrl\":\"https:\\\/\\\/secure.gravatar.com\\\/avatar\\\/4dfbf16b4d17945bfb6341b2d19043457132fcf478a5ee04f42e959fd8f5df0a?s=96&d=mm&r=g\",\"caption\":\"NOTICIASMERCEDINAS.COM\"},\"url\":\"https:\\\/\\\/noticiasmercedinas.com\\\/site\\\/author\\\/anonimo\\\/\"}]}<\/script>\n<!-- \/ Yoast SEO plugin. -->","yoast_head_json":{"title":"\"Malvinas nos une\": realizar\u00e1n una muestra fotogr\u00e1fica el 22 de junio","robots":{"index":"index","follow":"follow","max-snippet":"max-snippet:-1","max-image-preview":"max-image-preview:large","max-video-preview":"max-video-preview:-1"},"canonical":"https:\/\/noticiasmercedinas.com\/site\/2022\/05\/17\/malvinas-nos-une-realizaran-una-muestra-fotografica-el-22-de-junio\/","og_locale":"es_ES","og_type":"article","og_title":"\"Malvinas nos une\": realizar\u00e1n una muestra fotogr\u00e1fica el 22 de junio","og_description":"\u25a0 Desde la coordinaci\u00f3n de los museos y el Centro de Veteranos de Guerra se est\u00e1 invitando a aquellos vecinos que tengan registros de ese d\u00eda los puedan compartir","og_url":"https:\/\/noticiasmercedinas.com\/site\/2022\/05\/17\/malvinas-nos-une-realizaran-una-muestra-fotografica-el-22-de-junio\/","og_site_name":"NOTICIASMERCEDINAS.COM","article_publisher":"https:\/\/www.facebook.com\/noticiasmercedinas\/","article_published_time":"2022-05-17T14:35:41+00:00","og_image":[{"width":1280,"height":1280,"url":"https:\/\/noticiasmercedinas.com\/site\/wp-content\/uploads\/2022\/05\/photo_2022-04-28_15-00-15.jpg","type":"image\/jpeg"}],"author":"NOTICIASMERCEDINAS.COM","twitter_card":"summary_large_image","twitter_creator":"@notmercedinas","twitter_site":"@notmercedinas","twitter_misc":{"Escrito por":"NOTICIASMERCEDINAS.COM","Tiempo de lectura":"1 minuto"},"schema":{"@context":"https:\/\/schema.org","@graph":[{"@type":"Article","@id":"https:\/\/noticiasmercedinas.com\/site\/2022\/05\/17\/malvinas-nos-une-realizaran-una-muestra-fotografica-el-22-de-junio\/#article","isPartOf":{"@id":"https:\/\/noticiasmercedinas.com\/site\/2022\/05\/17\/malvinas-nos-une-realizaran-una-muestra-fotografica-el-22-de-junio\/"},"author":{"name":"NOTICIASMERCEDINAS.COM","@id":"https:\/\/noticiasmercedinas.com\/site\/#\/schema\/person\/84b59c099c28ff2e8b77d4ceec5d8063"},"headline":"\u00abMalvinas nos une\u00bb: realizar\u00e1n una muestra fotogr\u00e1fica el 22 de junio","datePublished":"2022-05-17T14:35:41+00:00","mainEntityOfPage":{"@id":"https:\/\/noticiasmercedinas.com\/site\/2022\/05\/17\/malvinas-nos-une-realizaran-una-muestra-fotografica-el-22-de-junio\/"},"wordCount":295,"commentCount":0,"publisher":{"@id":"https:\/\/noticiasmercedinas.com\/site\/#organization"},"image":{"@id":"https:\/\/noticiasmercedinas.com\/site\/2022\/05\/17\/malvinas-nos-une-realizaran-una-muestra-fotografica-el-22-de-junio\/#primaryimage"},"thumbnailUrl":"https:\/\/noticiasmercedinas.com\/site\/wp-content\/uploads\/2022\/05\/photo_2022-04-28_15-00-15.jpg","keywords":["fotografioa","malvinas","museos"],"articleSection":["Cultura"],"inLanguage":"es","potentialAction":[{"@type":"CommentAction","name":"Comment","target":["https:\/\/noticiasmercedinas.com\/site\/2022\/05\/17\/malvinas-nos-une-realizaran-una-muestra-fotografica-el-22-de-junio\/#respond"]}]},{"@type":"WebPage","@id":"https:\/\/noticiasmercedinas.com\/site\/2022\/05\/17\/malvinas-nos-une-realizaran-una-muestra-fotografica-el-22-de-junio\/","url":"https:\/\/noticiasmercedinas.com\/site\/2022\/05\/17\/malvinas-nos-une-realizaran-una-muestra-fotografica-el-22-de-junio\/","name":"\"Malvinas nos une\": realizar\u00e1n una muestra fotogr\u00e1fica el 22 de junio","isPartOf":{"@id":"https:\/\/noticiasmercedinas.com\/site\/#website"},"primaryImageOfPage":{"@id":"https:\/\/noticiasmercedinas.com\/site\/2022\/05\/17\/malvinas-nos-une-realizaran-una-muestra-fotografica-el-22-de-junio\/#primaryimage"},"image":{"@id":"https:\/\/noticiasmercedinas.com\/site\/2022\/05\/17\/malvinas-nos-une-realizaran-una-muestra-fotografica-el-22-de-junio\/#primaryimage"},"thumbnailUrl":"https:\/\/noticiasmercedinas.com\/site\/wp-content\/uploads\/2022\/05\/photo_2022-04-28_15-00-15.jpg","datePublished":"2022-05-17T14:35:41+00:00","breadcrumb":{"@id":"https:\/\/noticiasmercedinas.com\/site\/2022\/05\/17\/malvinas-nos-une-realizaran-una-muestra-fotografica-el-22-de-junio\/#breadcrumb"},"inLanguage":"es","potentialAction":[{"@type":"ReadAction","target":["https:\/\/noticiasmercedinas.com\/site\/2022\/05\/17\/malvinas-nos-une-realizaran-una-muestra-fotografica-el-22-de-junio\/"]}]},{"@type":"ImageObject","inLanguage":"es","@id":"https:\/\/noticiasmercedinas.com\/site\/2022\/05\/17\/malvinas-nos-une-realizaran-una-muestra-fotografica-el-22-de-junio\/#primaryimage","url":"https:\/\/noticiasmercedinas.com\/site\/wp-content\/uploads\/2022\/05\/photo_2022-04-28_15-00-15.jpg","contentUrl":"https:\/\/noticiasmercedinas.com\/site\/wp-content\/uploads\/2022\/05\/photo_2022-04-28_15-00-15.jpg","width":1280,"height":1280},{"@type":"BreadcrumbList","@id":"https:\/\/noticiasmercedinas.com\/site\/2022\/05\/17\/malvinas-nos-une-realizaran-una-muestra-fotografica-el-22-de-junio\/#breadcrumb","itemListElement":[{"@type":"ListItem","position":1,"name":"Portada","item":"https:\/\/noticiasmercedinas.com\/site\/"},{"@type":"ListItem","position":2,"name":"\u00abMalvinas nos une\u00bb: realizar\u00e1n una muestra fotogr\u00e1fica el 22 de junio"}]},{"@type":"WebSite","@id":"https:\/\/noticiasmercedinas.com\/site\/#website","url":"https:\/\/noticiasmercedinas.com\/site\/","name":"NOTICIASMERCEDINAS.COM","description":"Mercedes, Buenos Aires, Argentina","publisher":{"@id":"https:\/\/noticiasmercedinas.com\/site\/#organization"},"potentialAction":[{"@type":"SearchAction","target":{"@type":"EntryPoint","urlTemplate":"https:\/\/noticiasmercedinas.com\/site\/?s={search_term_string}"},"query-input":{"@type":"PropertyValueSpecification","valueRequired":true,"valueName":"search_term_string"}}],"inLanguage":"es"},{"@type":"Organization","@id":"https:\/\/noticiasmercedinas.com\/site\/#organization","name":"NOTICIASMERCEDINAS.COM","url":"https:\/\/noticiasmercedinas.com\/site\/","logo":{"@type":"ImageObject","inLanguage":"es","@id":"https:\/\/noticiasmercedinas.com\/site\/#\/schema\/logo\/image\/","url":"https:\/\/noticiasmercedinas.com\/site\/wp-content\/uploads\/2020\/06\/LOGO-512.jpg","contentUrl":"https:\/\/noticiasmercedinas.com\/site\/wp-content\/uploads\/2020\/06\/LOGO-512.jpg","width":512,"height":512,"caption":"NOTICIASMERCEDINAS.COM"},"image":{"@id":"https:\/\/noticiasmercedinas.com\/site\/#\/schema\/logo\/image\/"},"sameAs":["https:\/\/www.facebook.com\/noticiasmercedinas\/","https:\/\/x.com\/notmercedinas","https:\/\/www.instagram.com\/noticiasmercedinas\/"]},{"@type":"Person","@id":"https:\/\/noticiasmercedinas.com\/site\/#\/schema\/person\/84b59c099c28ff2e8b77d4ceec5d8063","name":"NOTICIASMERCEDINAS.COM","image":{"@type":"ImageObject","inLanguage":"es","@id":"https:\/\/secure.gravatar.com\/avatar\/4dfbf16b4d17945bfb6341b2d19043457132fcf478a5ee04f42e959fd8f5df0a?s=96&d=mm&r=g","url":"https:\/\/secure.gravatar.com\/avatar\/4dfbf16b4d17945bfb6341b2d19043457132fcf478a5ee04f42e959fd8f5df0a?s=96&d=mm&r=g","contentUrl":"https:\/\/secure.gravatar.com\/avatar\/4dfbf16b4d17945bfb6341b2d19043457132fcf478a5ee04f42e959fd8f5df0a?s=96&d=mm&r=g","caption":"NOTICIASMERCEDINAS.COM"},"url":"https:\/\/noticiasmercedinas.com\/site\/author\/anonimo\/"}]}},"amp_enabled":true,"_links":{"self":[{"href":"https:\/\/noticiasmercedinas.com\/site\/wp-json\/wp\/v2\/posts\/90983","targetHints":{"allow":["GET"]}}],"collection":[{"href":"https:\/\/noticiasmercedinas.com\/site\/wp-json\/wp\/v2\/posts"}],"about":[{"href":"https:\/\/noticiasmercedinas.com\/site\/wp-json\/wp\/v2\/types\/post"}],"author":[{"embeddable":true,"href":"https:\/\/noticiasmercedinas.com\/site\/wp-json\/wp\/v2\/users\/16"}],"replies":[{"embeddable":true,"href":"https:\/\/noticiasmercedinas.com\/site\/wp-json\/wp\/v2\/comments?post=90983"}],"version-history":[{"count":1,"href":"https:\/\/noticiasmercedinas.com\/site\/wp-json\/wp\/v2\/posts\/90983\/revisions"}],"predecessor-version":[{"id":90985,"href":"https:\/\/noticiasmercedinas.com\/site\/wp-json\/wp\/v2\/posts\/90983\/revisions\/90985"}],"wp:featuredmedia":[{"embeddable":true,"href":"https:\/\/noticiasmercedinas.com\/site\/wp-json\/wp\/v2\/media\/90984"}],"wp:attachment":[{"href":"https:\/\/noticiasmercedinas.com\/site\/wp-json\/wp\/v2\/media?parent=90983"}],"wp:term":[{"taxonomy":"category","embeddable":true,"href":"https:\/\/noticiasmercedinas.com\/site\/wp-json\/wp\/v2\/categories?post=90983"},{"taxonomy":"post_tag","embeddable":true,"href":"https:\/\/noticiasmercedinas.com\/site\/wp-json\/wp\/v2\/tags?post=90983"}],"curies":[{"name":"wp","href":"https:\/\/api.w.org\/{rel}","templated":true}]}}