{"id":91102,"date":"2022-05-19T09:00:30","date_gmt":"2022-05-19T12:00:30","guid":{"rendered":"https:\/\/noticiasmercedinas.com\/site\/?p=91102"},"modified":"2022-05-19T09:00:30","modified_gmt":"2022-05-19T12:00:30","slug":"escuela-25-de-garcia-importante-obra-en-ejecucion-y-mas-cargos-educativos","status":"publish","type":"post","link":"https:\/\/noticiasmercedinas.com\/site\/2022\/05\/19\/escuela-25-de-garcia-importante-obra-en-ejecucion-y-mas-cargos-educativos\/","title":{"rendered":"Escuela 25 de Garc\u00eda: importante obra en ejecuci\u00f3n y m\u00e1s cargos educativos"},"content":{"rendered":"<p><img loading=\"lazy\" decoding=\"async\" class=\"alignnone size-full wp-image-91103\" src=\"https:\/\/noticiasmercedinas.com\/site\/wp-content\/uploads\/2022\/05\/DSC02771-1-e1652961342940.jpg\" alt=\"\" width=\"640\" height=\"427\" \/><\/p>\n<p>El intendente Juan Ignacio Ustarroz, junto a autoridades educativas y funcionarios provinciales, recorrieron las obras que se est\u00e1n llevando adelante en la Escuela N\u00b025, el Jard\u00edn 913 y la segunda extensi\u00f3n de la secundaria 12 de la localidad de Garc\u00eda.<\/p>\n<p>Durante a\u00f1os se esper\u00f3 esta intervenci\u00f3n que durante la pandemia se gestion\u00f3 y ahora se est\u00e1 concretando en beneficio de toda su comunidad. Adem\u00e1s, y lo que es muy importante, se designaron nuevos cargos para la instituci\u00f3n.<\/p>\n<p>\u201cEsta es una escuela que necesitaba una obra estructural y hoy que contamos con un fuerte apoyo por parte del Ministerio de Educaci\u00f3n de la provincia de Buenos Aires, se puede llevar adelante\u201d, manifest\u00f3 Ustarroz.<\/p>\n<blockquote><p>\u00abHoy, junto al Ministerio, todos los convenios que el Municipio ha firmado se han transformado en obras en escuelas, como as\u00ed tambi\u00e9n cargos\u00bb<\/p><\/blockquote>\n<p>\u201cEsta obra que pr\u00e1cticamente ya est\u00e1 finalizando, que es estructural, de fondo, que hace much\u00edsimo tiempo quer\u00edamos hacer\u201d, apunt\u00f3 y agreg\u00f3 que \u201choy, junto al Ministerio, todos los convenios que el Municipio ha firmado se han transformado en obras en escuelas, como as\u00ed tambi\u00e9n cargos\u201d.<\/p>\n<p>\u201cCreo que el cargo de directivo para esta escuela tambi\u00e9n es muy importante, como as\u00ed tambi\u00e9n lo son los cargos que se crearon para los gabinetes de profesionales que hoy est\u00e1n trabajando en las distintas escuelas de Mercedes\u201d, dijo luego y destac\u00f3 \u201cel enorme trabajo y articulaci\u00f3n, para poder avanzar con obras de inversi\u00f3n en educaci\u00f3n, augura un buen futuro\u201d.<\/p>\n<p>El presidente del Consejo Escolar, Jos\u00e9 Luis Pisano, explic\u00f3: \u201cVinimos a visitar la obra que se viene llevando adelante con financiamiento del Estado provincial, pero con licitaci\u00f3n y control del Estado Municipal en funci\u00f3n del acuerdo que firm\u00f3 el intendente Ustarroz con el Gobierno Bonaerense. La verdad que es una obra que era de primera necesidad para toda nuestra comunidad, una obra que se plante\u00f3 como prioridad para el distrito y por diferentes gestiones se est\u00e1 realizando, y ya estamos en la \u00faltima etapa de la obra\u201d.<\/p>\n<p>\u00abA su vez, venimos a acompa\u00f1ar a las autoridades del sector educativo que viene a traer la noticia de la creaci\u00f3n de cargos, no s\u00f3lo para la secundaria 12, sino para varias escuelas de nuestra ciudad\u201d, coment\u00f3 luego Pisano. \u201cEs muy importante ir engrosando las autoridades de nuestras escuelas, donde por un lado se suma infraestructura y por otro lado los cargos educativos que vienen a reforzar toda la tarea que venimos llevando adelante desde el 2020\u201d, dijo.<\/p>\n<p>Leonilda Garc\u00eda, directora de la instituci\u00f3n, agradeci\u00f3 \u201cla participaci\u00f3n y el acompa\u00f1amiento de todos, que vinieron a esta escuela de Garc\u00eda, que est\u00e1 compuesta por 75 alumnos que est\u00e1n expectantes del regreso a su lugar. Agradecidos por el nuevo cargo de Vice Director que ayuda much\u00edsimo al acompa\u00f1amiento y al trabajo diario\u201d.<\/p>\n<p>Gabriel Valverde, de la Inspecci\u00f3n Regional, se\u00f1al\u00f3: \u201cEstamos muy contentos de poder acompa\u00f1ar este d\u00eda muy particular, no solamente para la escuela secundaria 12 que va a tener su nuevo vicedirector\/a sino acompa\u00f1ar esta decisi\u00f3n pol\u00edtica de poder seguir garantizando derechos, en este caso, que tienen que ver con recomponer la infraestructura de una escuela, pero tambi\u00e9n de los cargos docentes que son muy importantes para poder llevar adelante toda nuestra tarea, as\u00ed que feliz de acompa\u00f1ar a Mercedes y a su intendente que tanto hace por la educaci\u00f3n en su ciudad\u201d.<\/p>\n<p>Por su parte, Christian Ponce, quien es inspector Jefe Distrital de Mercedes, se mostr\u00f3 \u201crealmente muy contento de poder estar ac\u00e1 en la obra, que hac\u00eda mucho tiempo se ten\u00eda que hacer y que gracias al acompa\u00f1amiento del Estado Provincial y Municipal se est\u00e1 llevando adelante. Y muy contento por dar una soluci\u00f3n a un pedido de hace mucho de la secundaria 12, de un vicedirector para la instituci\u00f3n, lo que pone de manifiesto la importancia de la educaci\u00f3n para la provincia\u201d.<\/p>\n<p><iframe loading=\"lazy\" title=\"Visitamos la importante obra de refacci\u00f3n de la Escuela N\u00ba25 de Garc\u00eda\" width=\"640\" height=\"360\" src=\"https:\/\/www.youtube.com\/embed\/XLjuj2-ziRc?feature=oembed\" frameborder=\"0\" allow=\"accelerometer; autoplay; clipboard-write; encrypted-media; gyroscope; picture-in-picture; web-share\" referrerpolicy=\"strict-origin-when-cross-origin\" allowfullscreen><\/iframe><\/p>\n","protected":false},"excerpt":{"rendered":"<p>\u25a0 Intendente y autoridades educativas recorrieron las obras que se est\u00e1n llevando adelante en la Escuela N\u00b025, el Jard\u00edn 913 y la segunda extensi\u00f3n de la secundaria 12. Y realizaron anuncios<\/p>\n","protected":false},"author":16,"featured_media":91103,"comment_status":"open","ping_status":"open","sticky":false,"template":"","format":"standard","meta":{"footnotes":""},"categories":[3],"tags":[267,38,11773,10145,268],"class_list":["post-91102","post","type-post","status-publish","format-standard","has-post-thumbnail","hentry","category-sociedad","tag-consejo-escolar","tag-educacion","tag-escuela-25","tag-garcia","tag-jose-luis-pisano"],"yoast_head":"<!-- This site is optimized with the Yoast SEO plugin v27.5 - https:\/\/yoast.com\/product\/yoast-seo-wordpress\/ -->\n<title>Escuela 25 de Garc\u00eda: importante obra en ejecuci\u00f3n y m\u00e1s cargos educativos<\/title>\n<meta name=\"robots\" content=\"index, follow, max-snippet:-1, max-image-preview:large, max-video-preview:-1\" \/>\n<link rel=\"canonical\" href=\"https:\/\/noticiasmercedinas.com\/site\/2022\/05\/19\/escuela-25-de-garcia-importante-obra-en-ejecucion-y-mas-cargos-educativos\/\" \/>\n<meta property=\"og:locale\" content=\"es_ES\" \/>\n<meta property=\"og:type\" content=\"article\" \/>\n<meta property=\"og:title\" content=\"Escuela 25 de Garc\u00eda: importante obra en ejecuci\u00f3n y m\u00e1s cargos educativos\" \/>\n<meta property=\"og:description\" content=\"\u25a0 Intendente y autoridades educativas recorrieron las obras que se est\u00e1n llevando adelante en la Escuela N\u00b025, el Jard\u00edn 913 y la segunda extensi\u00f3n de la secundaria 12. Y realizaron anuncios\" \/>\n<meta property=\"og:url\" content=\"https:\/\/noticiasmercedinas.com\/site\/2022\/05\/19\/escuela-25-de-garcia-importante-obra-en-ejecucion-y-mas-cargos-educativos\/\" \/>\n<meta property=\"og:site_name\" content=\"NOTICIASMERCEDINAS.COM\" \/>\n<meta property=\"article:publisher\" content=\"https:\/\/www.facebook.com\/noticiasmercedinas\/\" \/>\n<meta property=\"article:published_time\" content=\"2022-05-19T12:00:30+00:00\" \/>\n<meta property=\"og:image\" content=\"https:\/\/noticiasmercedinas.com\/site\/wp-content\/uploads\/2022\/05\/DSC02771-1-e1652961342940.jpg\" \/>\n\t<meta property=\"og:image:width\" content=\"640\" \/>\n\t<meta property=\"og:image:height\" content=\"427\" \/>\n\t<meta property=\"og:image:type\" content=\"image\/jpeg\" \/>\n<meta name=\"author\" content=\"NOTICIASMERCEDINAS.COM\" \/>\n<meta name=\"twitter:card\" content=\"summary_large_image\" \/>\n<meta name=\"twitter:creator\" content=\"@notmercedinas\" \/>\n<meta name=\"twitter:site\" content=\"@notmercedinas\" \/>\n<meta name=\"twitter:label1\" content=\"Escrito por\" \/>\n\t<meta name=\"twitter:data1\" content=\"NOTICIASMERCEDINAS.COM\" \/>\n\t<meta name=\"twitter:label2\" content=\"Tiempo de lectura\" \/>\n\t<meta name=\"twitter:data2\" content=\"3 minutos\" \/>\n<script type=\"application\/ld+json\" class=\"yoast-schema-graph\">{\"@context\":\"https:\\\/\\\/schema.org\",\"@graph\":[{\"@type\":\"Article\",\"@id\":\"https:\\\/\\\/noticiasmercedinas.com\\\/site\\\/2022\\\/05\\\/19\\\/escuela-25-de-garcia-importante-obra-en-ejecucion-y-mas-cargos-educativos\\\/#article\",\"isPartOf\":{\"@id\":\"https:\\\/\\\/noticiasmercedinas.com\\\/site\\\/2022\\\/05\\\/19\\\/escuela-25-de-garcia-importante-obra-en-ejecucion-y-mas-cargos-educativos\\\/\"},\"author\":{\"name\":\"NOTICIASMERCEDINAS.COM\",\"@id\":\"https:\\\/\\\/noticiasmercedinas.com\\\/site\\\/#\\\/schema\\\/person\\\/84b59c099c28ff2e8b77d4ceec5d8063\"},\"headline\":\"Escuela 25 de Garc\u00eda: importante obra en ejecuci\u00f3n y m\u00e1s cargos educativos\",\"datePublished\":\"2022-05-19T12:00:30+00:00\",\"mainEntityOfPage\":{\"@id\":\"https:\\\/\\\/noticiasmercedinas.com\\\/site\\\/2022\\\/05\\\/19\\\/escuela-25-de-garcia-importante-obra-en-ejecucion-y-mas-cargos-educativos\\\/\"},\"wordCount\":696,\"commentCount\":0,\"publisher\":{\"@id\":\"https:\\\/\\\/noticiasmercedinas.com\\\/site\\\/#organization\"},\"image\":{\"@id\":\"https:\\\/\\\/noticiasmercedinas.com\\\/site\\\/2022\\\/05\\\/19\\\/escuela-25-de-garcia-importante-obra-en-ejecucion-y-mas-cargos-educativos\\\/#primaryimage\"},\"thumbnailUrl\":\"https:\\\/\\\/noticiasmercedinas.com\\\/site\\\/wp-content\\\/uploads\\\/2022\\\/05\\\/DSC02771-1-e1652961342940.jpg\",\"keywords\":[\"consejo escolar\",\"educacion\",\"escuela 25\",\"garcia\",\"jose luis pisano\"],\"articleSection\":[\"Sociedad\"],\"inLanguage\":\"es\",\"potentialAction\":[{\"@type\":\"CommentAction\",\"name\":\"Comment\",\"target\":[\"https:\\\/\\\/noticiasmercedinas.com\\\/site\\\/2022\\\/05\\\/19\\\/escuela-25-de-garcia-importante-obra-en-ejecucion-y-mas-cargos-educativos\\\/#respond\"]}]},{\"@type\":\"WebPage\",\"@id\":\"https:\\\/\\\/noticiasmercedinas.com\\\/site\\\/2022\\\/05\\\/19\\\/escuela-25-de-garcia-importante-obra-en-ejecucion-y-mas-cargos-educativos\\\/\",\"url\":\"https:\\\/\\\/noticiasmercedinas.com\\\/site\\\/2022\\\/05\\\/19\\\/escuela-25-de-garcia-importante-obra-en-ejecucion-y-mas-cargos-educativos\\\/\",\"name\":\"Escuela 25 de Garc\u00eda: importante obra en ejecuci\u00f3n y m\u00e1s cargos educativos\",\"isPartOf\":{\"@id\":\"https:\\\/\\\/noticiasmercedinas.com\\\/site\\\/#website\"},\"primaryImageOfPage\":{\"@id\":\"https:\\\/\\\/noticiasmercedinas.com\\\/site\\\/2022\\\/05\\\/19\\\/escuela-25-de-garcia-importante-obra-en-ejecucion-y-mas-cargos-educativos\\\/#primaryimage\"},\"image\":{\"@id\":\"https:\\\/\\\/noticiasmercedinas.com\\\/site\\\/2022\\\/05\\\/19\\\/escuela-25-de-garcia-importante-obra-en-ejecucion-y-mas-cargos-educativos\\\/#primaryimage\"},\"thumbnailUrl\":\"https:\\\/\\\/noticiasmercedinas.com\\\/site\\\/wp-content\\\/uploads\\\/2022\\\/05\\\/DSC02771-1-e1652961342940.jpg\",\"datePublished\":\"2022-05-19T12:00:30+00:00\",\"breadcrumb\":{\"@id\":\"https:\\\/\\\/noticiasmercedinas.com\\\/site\\\/2022\\\/05\\\/19\\\/escuela-25-de-garcia-importante-obra-en-ejecucion-y-mas-cargos-educativos\\\/#breadcrumb\"},\"inLanguage\":\"es\",\"potentialAction\":[{\"@type\":\"ReadAction\",\"target\":[\"https:\\\/\\\/noticiasmercedinas.com\\\/site\\\/2022\\\/05\\\/19\\\/escuela-25-de-garcia-importante-obra-en-ejecucion-y-mas-cargos-educativos\\\/\"]}]},{\"@type\":\"ImageObject\",\"inLanguage\":\"es\",\"@id\":\"https:\\\/\\\/noticiasmercedinas.com\\\/site\\\/2022\\\/05\\\/19\\\/escuela-25-de-garcia-importante-obra-en-ejecucion-y-mas-cargos-educativos\\\/#primaryimage\",\"url\":\"https:\\\/\\\/noticiasmercedinas.com\\\/site\\\/wp-content\\\/uploads\\\/2022\\\/05\\\/DSC02771-1-e1652961342940.jpg\",\"contentUrl\":\"https:\\\/\\\/noticiasmercedinas.com\\\/site\\\/wp-content\\\/uploads\\\/2022\\\/05\\\/DSC02771-1-e1652961342940.jpg\",\"width\":640,\"height\":427},{\"@type\":\"BreadcrumbList\",\"@id\":\"https:\\\/\\\/noticiasmercedinas.com\\\/site\\\/2022\\\/05\\\/19\\\/escuela-25-de-garcia-importante-obra-en-ejecucion-y-mas-cargos-educativos\\\/#breadcrumb\",\"itemListElement\":[{\"@type\":\"ListItem\",\"position\":1,\"name\":\"Portada\",\"item\":\"https:\\\/\\\/noticiasmercedinas.com\\\/site\\\/\"},{\"@type\":\"ListItem\",\"position\":2,\"name\":\"Escuela 25 de Garc\u00eda: importante obra en ejecuci\u00f3n y m\u00e1s cargos educativos\"}]},{\"@type\":\"WebSite\",\"@id\":\"https:\\\/\\\/noticiasmercedinas.com\\\/site\\\/#website\",\"url\":\"https:\\\/\\\/noticiasmercedinas.com\\\/site\\\/\",\"name\":\"NOTICIASMERCEDINAS.COM\",\"description\":\"Mercedes, Buenos Aires, Argentina\",\"publisher\":{\"@id\":\"https:\\\/\\\/noticiasmercedinas.com\\\/site\\\/#organization\"},\"potentialAction\":[{\"@type\":\"SearchAction\",\"target\":{\"@type\":\"EntryPoint\",\"urlTemplate\":\"https:\\\/\\\/noticiasmercedinas.com\\\/site\\\/?s={search_term_string}\"},\"query-input\":{\"@type\":\"PropertyValueSpecification\",\"valueRequired\":true,\"valueName\":\"search_term_string\"}}],\"inLanguage\":\"es\"},{\"@type\":\"Organization\",\"@id\":\"https:\\\/\\\/noticiasmercedinas.com\\\/site\\\/#organization\",\"name\":\"NOTICIASMERCEDINAS.COM\",\"url\":\"https:\\\/\\\/noticiasmercedinas.com\\\/site\\\/\",\"logo\":{\"@type\":\"ImageObject\",\"inLanguage\":\"es\",\"@id\":\"https:\\\/\\\/noticiasmercedinas.com\\\/site\\\/#\\\/schema\\\/logo\\\/image\\\/\",\"url\":\"https:\\\/\\\/noticiasmercedinas.com\\\/site\\\/wp-content\\\/uploads\\\/2020\\\/06\\\/LOGO-512.jpg\",\"contentUrl\":\"https:\\\/\\\/noticiasmercedinas.com\\\/site\\\/wp-content\\\/uploads\\\/2020\\\/06\\\/LOGO-512.jpg\",\"width\":512,\"height\":512,\"caption\":\"NOTICIASMERCEDINAS.COM\"},\"image\":{\"@id\":\"https:\\\/\\\/noticiasmercedinas.com\\\/site\\\/#\\\/schema\\\/logo\\\/image\\\/\"},\"sameAs\":[\"https:\\\/\\\/www.facebook.com\\\/noticiasmercedinas\\\/\",\"https:\\\/\\\/x.com\\\/notmercedinas\",\"https:\\\/\\\/www.instagram.com\\\/noticiasmercedinas\\\/\"]},{\"@type\":\"Person\",\"@id\":\"https:\\\/\\\/noticiasmercedinas.com\\\/site\\\/#\\\/schema\\\/person\\\/84b59c099c28ff2e8b77d4ceec5d8063\",\"name\":\"NOTICIASMERCEDINAS.COM\",\"image\":{\"@type\":\"ImageObject\",\"inLanguage\":\"es\",\"@id\":\"https:\\\/\\\/secure.gravatar.com\\\/avatar\\\/4dfbf16b4d17945bfb6341b2d19043457132fcf478a5ee04f42e959fd8f5df0a?s=96&d=mm&r=g\",\"url\":\"https:\\\/\\\/secure.gravatar.com\\\/avatar\\\/4dfbf16b4d17945bfb6341b2d19043457132fcf478a5ee04f42e959fd8f5df0a?s=96&d=mm&r=g\",\"contentUrl\":\"https:\\\/\\\/secure.gravatar.com\\\/avatar\\\/4dfbf16b4d17945bfb6341b2d19043457132fcf478a5ee04f42e959fd8f5df0a?s=96&d=mm&r=g\",\"caption\":\"NOTICIASMERCEDINAS.COM\"},\"url\":\"https:\\\/\\\/noticiasmercedinas.com\\\/site\\\/author\\\/anonimo\\\/\"}]}<\/script>\n<!-- \/ Yoast SEO plugin. -->","yoast_head_json":{"title":"Escuela 25 de Garc\u00eda: importante obra en ejecuci\u00f3n y m\u00e1s cargos educativos","robots":{"index":"index","follow":"follow","max-snippet":"max-snippet:-1","max-image-preview":"max-image-preview:large","max-video-preview":"max-video-preview:-1"},"canonical":"https:\/\/noticiasmercedinas.com\/site\/2022\/05\/19\/escuela-25-de-garcia-importante-obra-en-ejecucion-y-mas-cargos-educativos\/","og_locale":"es_ES","og_type":"article","og_title":"Escuela 25 de Garc\u00eda: importante obra en ejecuci\u00f3n y m\u00e1s cargos educativos","og_description":"\u25a0 Intendente y autoridades educativas recorrieron las obras que se est\u00e1n llevando adelante en la Escuela N\u00b025, el Jard\u00edn 913 y la segunda extensi\u00f3n de la secundaria 12. Y realizaron anuncios","og_url":"https:\/\/noticiasmercedinas.com\/site\/2022\/05\/19\/escuela-25-de-garcia-importante-obra-en-ejecucion-y-mas-cargos-educativos\/","og_site_name":"NOTICIASMERCEDINAS.COM","article_publisher":"https:\/\/www.facebook.com\/noticiasmercedinas\/","article_published_time":"2022-05-19T12:00:30+00:00","og_image":[{"width":640,"height":427,"url":"https:\/\/noticiasmercedinas.com\/site\/wp-content\/uploads\/2022\/05\/DSC02771-1-e1652961342940.jpg","type":"image\/jpeg"}],"author":"NOTICIASMERCEDINAS.COM","twitter_card":"summary_large_image","twitter_creator":"@notmercedinas","twitter_site":"@notmercedinas","twitter_misc":{"Escrito por":"NOTICIASMERCEDINAS.COM","Tiempo de lectura":"3 minutos"},"schema":{"@context":"https:\/\/schema.org","@graph":[{"@type":"Article","@id":"https:\/\/noticiasmercedinas.com\/site\/2022\/05\/19\/escuela-25-de-garcia-importante-obra-en-ejecucion-y-mas-cargos-educativos\/#article","isPartOf":{"@id":"https:\/\/noticiasmercedinas.com\/site\/2022\/05\/19\/escuela-25-de-garcia-importante-obra-en-ejecucion-y-mas-cargos-educativos\/"},"author":{"name":"NOTICIASMERCEDINAS.COM","@id":"https:\/\/noticiasmercedinas.com\/site\/#\/schema\/person\/84b59c099c28ff2e8b77d4ceec5d8063"},"headline":"Escuela 25 de Garc\u00eda: importante obra en ejecuci\u00f3n y m\u00e1s cargos educativos","datePublished":"2022-05-19T12:00:30+00:00","mainEntityOfPage":{"@id":"https:\/\/noticiasmercedinas.com\/site\/2022\/05\/19\/escuela-25-de-garcia-importante-obra-en-ejecucion-y-mas-cargos-educativos\/"},"wordCount":696,"commentCount":0,"publisher":{"@id":"https:\/\/noticiasmercedinas.com\/site\/#organization"},"image":{"@id":"https:\/\/noticiasmercedinas.com\/site\/2022\/05\/19\/escuela-25-de-garcia-importante-obra-en-ejecucion-y-mas-cargos-educativos\/#primaryimage"},"thumbnailUrl":"https:\/\/noticiasmercedinas.com\/site\/wp-content\/uploads\/2022\/05\/DSC02771-1-e1652961342940.jpg","keywords":["consejo escolar","educacion","escuela 25","garcia","jose luis pisano"],"articleSection":["Sociedad"],"inLanguage":"es","potentialAction":[{"@type":"CommentAction","name":"Comment","target":["https:\/\/noticiasmercedinas.com\/site\/2022\/05\/19\/escuela-25-de-garcia-importante-obra-en-ejecucion-y-mas-cargos-educativos\/#respond"]}]},{"@type":"WebPage","@id":"https:\/\/noticiasmercedinas.com\/site\/2022\/05\/19\/escuela-25-de-garcia-importante-obra-en-ejecucion-y-mas-cargos-educativos\/","url":"https:\/\/noticiasmercedinas.com\/site\/2022\/05\/19\/escuela-25-de-garcia-importante-obra-en-ejecucion-y-mas-cargos-educativos\/","name":"Escuela 25 de Garc\u00eda: importante obra en ejecuci\u00f3n y m\u00e1s cargos educativos","isPartOf":{"@id":"https:\/\/noticiasmercedinas.com\/site\/#website"},"primaryImageOfPage":{"@id":"https:\/\/noticiasmercedinas.com\/site\/2022\/05\/19\/escuela-25-de-garcia-importante-obra-en-ejecucion-y-mas-cargos-educativos\/#primaryimage"},"image":{"@id":"https:\/\/noticiasmercedinas.com\/site\/2022\/05\/19\/escuela-25-de-garcia-importante-obra-en-ejecucion-y-mas-cargos-educativos\/#primaryimage"},"thumbnailUrl":"https:\/\/noticiasmercedinas.com\/site\/wp-content\/uploads\/2022\/05\/DSC02771-1-e1652961342940.jpg","datePublished":"2022-05-19T12:00:30+00:00","breadcrumb":{"@id":"https:\/\/noticiasmercedinas.com\/site\/2022\/05\/19\/escuela-25-de-garcia-importante-obra-en-ejecucion-y-mas-cargos-educativos\/#breadcrumb"},"inLanguage":"es","potentialAction":[{"@type":"ReadAction","target":["https:\/\/noticiasmercedinas.com\/site\/2022\/05\/19\/escuela-25-de-garcia-importante-obra-en-ejecucion-y-mas-cargos-educativos\/"]}]},{"@type":"ImageObject","inLanguage":"es","@id":"https:\/\/noticiasmercedinas.com\/site\/2022\/05\/19\/escuela-25-de-garcia-importante-obra-en-ejecucion-y-mas-cargos-educativos\/#primaryimage","url":"https:\/\/noticiasmercedinas.com\/site\/wp-content\/uploads\/2022\/05\/DSC02771-1-e1652961342940.jpg","contentUrl":"https:\/\/noticiasmercedinas.com\/site\/wp-content\/uploads\/2022\/05\/DSC02771-1-e1652961342940.jpg","width":640,"height":427},{"@type":"BreadcrumbList","@id":"https:\/\/noticiasmercedinas.com\/site\/2022\/05\/19\/escuela-25-de-garcia-importante-obra-en-ejecucion-y-mas-cargos-educativos\/#breadcrumb","itemListElement":[{"@type":"ListItem","position":1,"name":"Portada","item":"https:\/\/noticiasmercedinas.com\/site\/"},{"@type":"ListItem","position":2,"name":"Escuela 25 de Garc\u00eda: importante obra en ejecuci\u00f3n y m\u00e1s cargos educativos"}]},{"@type":"WebSite","@id":"https:\/\/noticiasmercedinas.com\/site\/#website","url":"https:\/\/noticiasmercedinas.com\/site\/","name":"NOTICIASMERCEDINAS.COM","description":"Mercedes, Buenos Aires, Argentina","publisher":{"@id":"https:\/\/noticiasmercedinas.com\/site\/#organization"},"potentialAction":[{"@type":"SearchAction","target":{"@type":"EntryPoint","urlTemplate":"https:\/\/noticiasmercedinas.com\/site\/?s={search_term_string}"},"query-input":{"@type":"PropertyValueSpecification","valueRequired":true,"valueName":"search_term_string"}}],"inLanguage":"es"},{"@type":"Organization","@id":"https:\/\/noticiasmercedinas.com\/site\/#organization","name":"NOTICIASMERCEDINAS.COM","url":"https:\/\/noticiasmercedinas.com\/site\/","logo":{"@type":"ImageObject","inLanguage":"es","@id":"https:\/\/noticiasmercedinas.com\/site\/#\/schema\/logo\/image\/","url":"https:\/\/noticiasmercedinas.com\/site\/wp-content\/uploads\/2020\/06\/LOGO-512.jpg","contentUrl":"https:\/\/noticiasmercedinas.com\/site\/wp-content\/uploads\/2020\/06\/LOGO-512.jpg","width":512,"height":512,"caption":"NOTICIASMERCEDINAS.COM"},"image":{"@id":"https:\/\/noticiasmercedinas.com\/site\/#\/schema\/logo\/image\/"},"sameAs":["https:\/\/www.facebook.com\/noticiasmercedinas\/","https:\/\/x.com\/notmercedinas","https:\/\/www.instagram.com\/noticiasmercedinas\/"]},{"@type":"Person","@id":"https:\/\/noticiasmercedinas.com\/site\/#\/schema\/person\/84b59c099c28ff2e8b77d4ceec5d8063","name":"NOTICIASMERCEDINAS.COM","image":{"@type":"ImageObject","inLanguage":"es","@id":"https:\/\/secure.gravatar.com\/avatar\/4dfbf16b4d17945bfb6341b2d19043457132fcf478a5ee04f42e959fd8f5df0a?s=96&d=mm&r=g","url":"https:\/\/secure.gravatar.com\/avatar\/4dfbf16b4d17945bfb6341b2d19043457132fcf478a5ee04f42e959fd8f5df0a?s=96&d=mm&r=g","contentUrl":"https:\/\/secure.gravatar.com\/avatar\/4dfbf16b4d17945bfb6341b2d19043457132fcf478a5ee04f42e959fd8f5df0a?s=96&d=mm&r=g","caption":"NOTICIASMERCEDINAS.COM"},"url":"https:\/\/noticiasmercedinas.com\/site\/author\/anonimo\/"}]}},"amp_enabled":true,"_links":{"self":[{"href":"https:\/\/noticiasmercedinas.com\/site\/wp-json\/wp\/v2\/posts\/91102","targetHints":{"allow":["GET"]}}],"collection":[{"href":"https:\/\/noticiasmercedinas.com\/site\/wp-json\/wp\/v2\/posts"}],"about":[{"href":"https:\/\/noticiasmercedinas.com\/site\/wp-json\/wp\/v2\/types\/post"}],"author":[{"embeddable":true,"href":"https:\/\/noticiasmercedinas.com\/site\/wp-json\/wp\/v2\/users\/16"}],"replies":[{"embeddable":true,"href":"https:\/\/noticiasmercedinas.com\/site\/wp-json\/wp\/v2\/comments?post=91102"}],"version-history":[{"count":1,"href":"https:\/\/noticiasmercedinas.com\/site\/wp-json\/wp\/v2\/posts\/91102\/revisions"}],"predecessor-version":[{"id":91104,"href":"https:\/\/noticiasmercedinas.com\/site\/wp-json\/wp\/v2\/posts\/91102\/revisions\/91104"}],"wp:featuredmedia":[{"embeddable":true,"href":"https:\/\/noticiasmercedinas.com\/site\/wp-json\/wp\/v2\/media\/91103"}],"wp:attachment":[{"href":"https:\/\/noticiasmercedinas.com\/site\/wp-json\/wp\/v2\/media?parent=91102"}],"wp:term":[{"taxonomy":"category","embeddable":true,"href":"https:\/\/noticiasmercedinas.com\/site\/wp-json\/wp\/v2\/categories?post=91102"},{"taxonomy":"post_tag","embeddable":true,"href":"https:\/\/noticiasmercedinas.com\/site\/wp-json\/wp\/v2\/tags?post=91102"}],"curies":[{"name":"wp","href":"https:\/\/api.w.org\/{rel}","templated":true}]}}