{"id":91125,"date":"2022-05-19T14:50:43","date_gmt":"2022-05-19T17:50:43","guid":{"rendered":"https:\/\/noticiasmercedinas.com\/site\/?p=91125"},"modified":"2022-05-19T14:50:43","modified_gmt":"2022-05-19T17:50:43","slug":"wado-de-pedro-participara-este-sabado-de-la-cumbre-del-pj-en-mendoza","status":"publish","type":"post","link":"https:\/\/noticiasmercedinas.com\/site\/2022\/05\/19\/wado-de-pedro-participara-este-sabado-de-la-cumbre-del-pj-en-mendoza\/","title":{"rendered":"Wado de Pedro participar\u00e1 este s\u00e1bado de la Cumbre del PJ en Mendoza"},"content":{"rendered":"<p><img loading=\"lazy\" decoding=\"async\" class=\"alignnone size-large wp-image-89883\" src=\"https:\/\/noticiasmercedinas.com\/site\/wp-content\/uploads\/2022\/05\/Eduardo-Wado-De-Pedro-conferencia-de-prensa-1024x683.jpg\" alt=\"\" width=\"640\" height=\"427\" srcset=\"https:\/\/noticiasmercedinas.com\/site\/wp-content\/uploads\/2022\/05\/Eduardo-Wado-De-Pedro-conferencia-de-prensa-1024x683.jpg 1024w, https:\/\/noticiasmercedinas.com\/site\/wp-content\/uploads\/2022\/05\/Eduardo-Wado-De-Pedro-conferencia-de-prensa-300x200.jpg 300w, https:\/\/noticiasmercedinas.com\/site\/wp-content\/uploads\/2022\/05\/Eduardo-Wado-De-Pedro-conferencia-de-prensa-768x512.jpg 768w, https:\/\/noticiasmercedinas.com\/site\/wp-content\/uploads\/2022\/05\/Eduardo-Wado-De-Pedro-conferencia-de-prensa-640x427.jpg 640w, https:\/\/noticiasmercedinas.com\/site\/wp-content\/uploads\/2022\/05\/Eduardo-Wado-De-Pedro-conferencia-de-prensa-681x454.jpg 681w, https:\/\/noticiasmercedinas.com\/site\/wp-content\/uploads\/2022\/05\/Eduardo-Wado-De-Pedro-conferencia-de-prensa.jpg 1200w\" sizes=\"auto, (max-width: 640px) 100vw, 640px\" \/><\/p>\n<p>El ministro del Interior, Wado de Pedro, participar\u00e1 este s\u00e1bado de la Cumbre del Partido Justicialista en Mendoza, junto a importantes dirigentes de todo el pa\u00eds, entre quienes se destacan el Jefe de Gabinete, Juan Manzur, el titular de la C\u00e1mara Baja nacional, Sergio Massa; el ex gobernador Juan Manuel Urtubey (Salta), senadores nacionales y ex gobernadores como Luc\u00eda Corpacci (Catamarca), Adolfo Rodriguez Sa\u00e1 (San Luis), y el gobernador de la provincia de San Juan, Sergio U\u00f1ac.<\/p>\n<p>Al encuentro, que se desarrollar\u00e1 en el Auditorio \u00c1ngel Bustelo, tambi\u00e9n asistir\u00e1n figuras del \u00e1mbito sindical como el diputado nacional y secretario general de la CTA, Hugo Yasky y otros legisladores nacionales como Juliana Di Tullio, Jos\u00e9 Mayans, Eugenia Dur\u00e9, Emiliano Estrada y Vanesa Silley, entre otros.<\/p>\n<p>En ese marco la presidenta del PJ mendocino, Anabel Fern\u00e1ndez Sagasti, confirm\u00f3 adem\u00e1s que la cumbre ser\u00e1 abierta a todos los compa\u00f1eros y compa\u00f1eras con el fin de dialogar, debatir e intercambiar ideas con temas de la actualidad, aunque con proyecci\u00f3n a futuro.<\/p>\n","protected":false},"excerpt":{"rendered":"<p>\u25a0 Tambi\u00e9n asistir\u00e1n figuras del \u00e1mbito sindical como el diputado nacional y secretario general de la CTA, Hugo Yasky y otros legisladores nacionales como Juliana Di Tullio, Jos\u00e9 Mayans, Eugenia Dur\u00e9, Emiliano Estrada y Vanesa Silley, entre otros.<\/p>\n","protected":false},"author":16,"featured_media":89883,"comment_status":"open","ping_status":"open","sticky":false,"template":"","format":"standard","meta":{"footnotes":""},"categories":[16],"tags":[7598,1510,1489,4963],"class_list":["post-91125","post","type-post","status-publish","format-standard","has-post-thumbnail","hentry","category-politica","tag-cumbre","tag-partido-justicialista","tag-pj","tag-wado-de-pedro"],"yoast_head":"<!-- This site is optimized with the Yoast SEO plugin v27.4 - https:\/\/yoast.com\/product\/yoast-seo-wordpress\/ -->\n<title>Wado de Pedro participar\u00e1 este s\u00e1bado de la Cumbre del PJ en Mendoza<\/title>\n<meta name=\"robots\" content=\"index, follow, max-snippet:-1, max-image-preview:large, max-video-preview:-1\" \/>\n<link rel=\"canonical\" href=\"https:\/\/noticiasmercedinas.com\/site\/2022\/05\/19\/wado-de-pedro-participara-este-sabado-de-la-cumbre-del-pj-en-mendoza\/\" \/>\n<meta property=\"og:locale\" content=\"es_ES\" \/>\n<meta property=\"og:type\" content=\"article\" \/>\n<meta property=\"og:title\" content=\"Wado de Pedro participar\u00e1 este s\u00e1bado de la Cumbre del PJ en Mendoza\" \/>\n<meta property=\"og:description\" content=\"\u25a0 Tambi\u00e9n asistir\u00e1n figuras del \u00e1mbito sindical como el diputado nacional y secretario general de la CTA, Hugo Yasky y otros legisladores nacionales como Juliana Di Tullio, Jos\u00e9 Mayans, Eugenia Dur\u00e9, Emiliano Estrada y Vanesa Silley, entre otros.\" \/>\n<meta property=\"og:url\" content=\"https:\/\/noticiasmercedinas.com\/site\/2022\/05\/19\/wado-de-pedro-participara-este-sabado-de-la-cumbre-del-pj-en-mendoza\/\" \/>\n<meta property=\"og:site_name\" content=\"NOTICIASMERCEDINAS.COM\" \/>\n<meta property=\"article:publisher\" content=\"https:\/\/www.facebook.com\/noticiasmercedinas\/\" \/>\n<meta property=\"article:published_time\" content=\"2022-05-19T17:50:43+00:00\" \/>\n<meta property=\"og:image\" content=\"https:\/\/noticiasmercedinas.com\/site\/wp-content\/uploads\/2022\/05\/Eduardo-Wado-De-Pedro-conferencia-de-prensa.jpg\" \/>\n\t<meta property=\"og:image:width\" content=\"1200\" \/>\n\t<meta property=\"og:image:height\" content=\"800\" \/>\n\t<meta property=\"og:image:type\" content=\"image\/jpeg\" \/>\n<meta name=\"author\" content=\"NOTICIASMERCEDINAS.COM\" \/>\n<meta name=\"twitter:card\" content=\"summary_large_image\" \/>\n<meta name=\"twitter:creator\" content=\"@notmercedinas\" \/>\n<meta name=\"twitter:site\" content=\"@notmercedinas\" \/>\n<meta name=\"twitter:label1\" content=\"Escrito por\" \/>\n\t<meta name=\"twitter:data1\" content=\"NOTICIASMERCEDINAS.COM\" \/>\n\t<meta name=\"twitter:label2\" content=\"Tiempo de lectura\" \/>\n\t<meta name=\"twitter:data2\" content=\"1 minuto\" \/>\n<script type=\"application\/ld+json\" class=\"yoast-schema-graph\">{\"@context\":\"https:\\\/\\\/schema.org\",\"@graph\":[{\"@type\":\"Article\",\"@id\":\"https:\\\/\\\/noticiasmercedinas.com\\\/site\\\/2022\\\/05\\\/19\\\/wado-de-pedro-participara-este-sabado-de-la-cumbre-del-pj-en-mendoza\\\/#article\",\"isPartOf\":{\"@id\":\"https:\\\/\\\/noticiasmercedinas.com\\\/site\\\/2022\\\/05\\\/19\\\/wado-de-pedro-participara-este-sabado-de-la-cumbre-del-pj-en-mendoza\\\/\"},\"author\":{\"name\":\"NOTICIASMERCEDINAS.COM\",\"@id\":\"https:\\\/\\\/noticiasmercedinas.com\\\/site\\\/#\\\/schema\\\/person\\\/84b59c099c28ff2e8b77d4ceec5d8063\"},\"headline\":\"Wado de Pedro participar\u00e1 este s\u00e1bado de la Cumbre del PJ en Mendoza\",\"datePublished\":\"2022-05-19T17:50:43+00:00\",\"mainEntityOfPage\":{\"@id\":\"https:\\\/\\\/noticiasmercedinas.com\\\/site\\\/2022\\\/05\\\/19\\\/wado-de-pedro-participara-este-sabado-de-la-cumbre-del-pj-en-mendoza\\\/\"},\"wordCount\":193,\"commentCount\":0,\"publisher\":{\"@id\":\"https:\\\/\\\/noticiasmercedinas.com\\\/site\\\/#organization\"},\"image\":{\"@id\":\"https:\\\/\\\/noticiasmercedinas.com\\\/site\\\/2022\\\/05\\\/19\\\/wado-de-pedro-participara-este-sabado-de-la-cumbre-del-pj-en-mendoza\\\/#primaryimage\"},\"thumbnailUrl\":\"https:\\\/\\\/noticiasmercedinas.com\\\/site\\\/wp-content\\\/uploads\\\/2022\\\/05\\\/Eduardo-Wado-De-Pedro-conferencia-de-prensa.jpg\",\"keywords\":[\"cumbre\",\"partido justicialista\",\"pj\",\"wado de pedro\"],\"articleSection\":[\"Politica\"],\"inLanguage\":\"es\",\"potentialAction\":[{\"@type\":\"CommentAction\",\"name\":\"Comment\",\"target\":[\"https:\\\/\\\/noticiasmercedinas.com\\\/site\\\/2022\\\/05\\\/19\\\/wado-de-pedro-participara-este-sabado-de-la-cumbre-del-pj-en-mendoza\\\/#respond\"]}]},{\"@type\":\"WebPage\",\"@id\":\"https:\\\/\\\/noticiasmercedinas.com\\\/site\\\/2022\\\/05\\\/19\\\/wado-de-pedro-participara-este-sabado-de-la-cumbre-del-pj-en-mendoza\\\/\",\"url\":\"https:\\\/\\\/noticiasmercedinas.com\\\/site\\\/2022\\\/05\\\/19\\\/wado-de-pedro-participara-este-sabado-de-la-cumbre-del-pj-en-mendoza\\\/\",\"name\":\"Wado de Pedro participar\u00e1 este s\u00e1bado de la Cumbre del PJ en Mendoza\",\"isPartOf\":{\"@id\":\"https:\\\/\\\/noticiasmercedinas.com\\\/site\\\/#website\"},\"primaryImageOfPage\":{\"@id\":\"https:\\\/\\\/noticiasmercedinas.com\\\/site\\\/2022\\\/05\\\/19\\\/wado-de-pedro-participara-este-sabado-de-la-cumbre-del-pj-en-mendoza\\\/#primaryimage\"},\"image\":{\"@id\":\"https:\\\/\\\/noticiasmercedinas.com\\\/site\\\/2022\\\/05\\\/19\\\/wado-de-pedro-participara-este-sabado-de-la-cumbre-del-pj-en-mendoza\\\/#primaryimage\"},\"thumbnailUrl\":\"https:\\\/\\\/noticiasmercedinas.com\\\/site\\\/wp-content\\\/uploads\\\/2022\\\/05\\\/Eduardo-Wado-De-Pedro-conferencia-de-prensa.jpg\",\"datePublished\":\"2022-05-19T17:50:43+00:00\",\"breadcrumb\":{\"@id\":\"https:\\\/\\\/noticiasmercedinas.com\\\/site\\\/2022\\\/05\\\/19\\\/wado-de-pedro-participara-este-sabado-de-la-cumbre-del-pj-en-mendoza\\\/#breadcrumb\"},\"inLanguage\":\"es\",\"potentialAction\":[{\"@type\":\"ReadAction\",\"target\":[\"https:\\\/\\\/noticiasmercedinas.com\\\/site\\\/2022\\\/05\\\/19\\\/wado-de-pedro-participara-este-sabado-de-la-cumbre-del-pj-en-mendoza\\\/\"]}]},{\"@type\":\"ImageObject\",\"inLanguage\":\"es\",\"@id\":\"https:\\\/\\\/noticiasmercedinas.com\\\/site\\\/2022\\\/05\\\/19\\\/wado-de-pedro-participara-este-sabado-de-la-cumbre-del-pj-en-mendoza\\\/#primaryimage\",\"url\":\"https:\\\/\\\/noticiasmercedinas.com\\\/site\\\/wp-content\\\/uploads\\\/2022\\\/05\\\/Eduardo-Wado-De-Pedro-conferencia-de-prensa.jpg\",\"contentUrl\":\"https:\\\/\\\/noticiasmercedinas.com\\\/site\\\/wp-content\\\/uploads\\\/2022\\\/05\\\/Eduardo-Wado-De-Pedro-conferencia-de-prensa.jpg\",\"width\":1200,\"height\":800},{\"@type\":\"BreadcrumbList\",\"@id\":\"https:\\\/\\\/noticiasmercedinas.com\\\/site\\\/2022\\\/05\\\/19\\\/wado-de-pedro-participara-este-sabado-de-la-cumbre-del-pj-en-mendoza\\\/#breadcrumb\",\"itemListElement\":[{\"@type\":\"ListItem\",\"position\":1,\"name\":\"Portada\",\"item\":\"https:\\\/\\\/noticiasmercedinas.com\\\/site\\\/\"},{\"@type\":\"ListItem\",\"position\":2,\"name\":\"Wado de Pedro participar\u00e1 este s\u00e1bado de la Cumbre del PJ en Mendoza\"}]},{\"@type\":\"WebSite\",\"@id\":\"https:\\\/\\\/noticiasmercedinas.com\\\/site\\\/#website\",\"url\":\"https:\\\/\\\/noticiasmercedinas.com\\\/site\\\/\",\"name\":\"NOTICIASMERCEDINAS.COM\",\"description\":\"Mercedes, Buenos Aires, Argentina\",\"publisher\":{\"@id\":\"https:\\\/\\\/noticiasmercedinas.com\\\/site\\\/#organization\"},\"potentialAction\":[{\"@type\":\"SearchAction\",\"target\":{\"@type\":\"EntryPoint\",\"urlTemplate\":\"https:\\\/\\\/noticiasmercedinas.com\\\/site\\\/?s={search_term_string}\"},\"query-input\":{\"@type\":\"PropertyValueSpecification\",\"valueRequired\":true,\"valueName\":\"search_term_string\"}}],\"inLanguage\":\"es\"},{\"@type\":\"Organization\",\"@id\":\"https:\\\/\\\/noticiasmercedinas.com\\\/site\\\/#organization\",\"name\":\"NOTICIASMERCEDINAS.COM\",\"url\":\"https:\\\/\\\/noticiasmercedinas.com\\\/site\\\/\",\"logo\":{\"@type\":\"ImageObject\",\"inLanguage\":\"es\",\"@id\":\"https:\\\/\\\/noticiasmercedinas.com\\\/site\\\/#\\\/schema\\\/logo\\\/image\\\/\",\"url\":\"https:\\\/\\\/noticiasmercedinas.com\\\/site\\\/wp-content\\\/uploads\\\/2020\\\/06\\\/LOGO-512.jpg\",\"contentUrl\":\"https:\\\/\\\/noticiasmercedinas.com\\\/site\\\/wp-content\\\/uploads\\\/2020\\\/06\\\/LOGO-512.jpg\",\"width\":512,\"height\":512,\"caption\":\"NOTICIASMERCEDINAS.COM\"},\"image\":{\"@id\":\"https:\\\/\\\/noticiasmercedinas.com\\\/site\\\/#\\\/schema\\\/logo\\\/image\\\/\"},\"sameAs\":[\"https:\\\/\\\/www.facebook.com\\\/noticiasmercedinas\\\/\",\"https:\\\/\\\/x.com\\\/notmercedinas\",\"https:\\\/\\\/www.instagram.com\\\/noticiasmercedinas\\\/\"]},{\"@type\":\"Person\",\"@id\":\"https:\\\/\\\/noticiasmercedinas.com\\\/site\\\/#\\\/schema\\\/person\\\/84b59c099c28ff2e8b77d4ceec5d8063\",\"name\":\"NOTICIASMERCEDINAS.COM\",\"image\":{\"@type\":\"ImageObject\",\"inLanguage\":\"es\",\"@id\":\"https:\\\/\\\/secure.gravatar.com\\\/avatar\\\/4dfbf16b4d17945bfb6341b2d19043457132fcf478a5ee04f42e959fd8f5df0a?s=96&d=mm&r=g\",\"url\":\"https:\\\/\\\/secure.gravatar.com\\\/avatar\\\/4dfbf16b4d17945bfb6341b2d19043457132fcf478a5ee04f42e959fd8f5df0a?s=96&d=mm&r=g\",\"contentUrl\":\"https:\\\/\\\/secure.gravatar.com\\\/avatar\\\/4dfbf16b4d17945bfb6341b2d19043457132fcf478a5ee04f42e959fd8f5df0a?s=96&d=mm&r=g\",\"caption\":\"NOTICIASMERCEDINAS.COM\"},\"url\":\"https:\\\/\\\/noticiasmercedinas.com\\\/site\\\/author\\\/anonimo\\\/\"}]}<\/script>\n<!-- \/ Yoast SEO plugin. -->","yoast_head_json":{"title":"Wado de Pedro participar\u00e1 este s\u00e1bado de la Cumbre del PJ en Mendoza","robots":{"index":"index","follow":"follow","max-snippet":"max-snippet:-1","max-image-preview":"max-image-preview:large","max-video-preview":"max-video-preview:-1"},"canonical":"https:\/\/noticiasmercedinas.com\/site\/2022\/05\/19\/wado-de-pedro-participara-este-sabado-de-la-cumbre-del-pj-en-mendoza\/","og_locale":"es_ES","og_type":"article","og_title":"Wado de Pedro participar\u00e1 este s\u00e1bado de la Cumbre del PJ en Mendoza","og_description":"\u25a0 Tambi\u00e9n asistir\u00e1n figuras del \u00e1mbito sindical como el diputado nacional y secretario general de la CTA, Hugo Yasky y otros legisladores nacionales como Juliana Di Tullio, Jos\u00e9 Mayans, Eugenia Dur\u00e9, Emiliano Estrada y Vanesa Silley, entre otros.","og_url":"https:\/\/noticiasmercedinas.com\/site\/2022\/05\/19\/wado-de-pedro-participara-este-sabado-de-la-cumbre-del-pj-en-mendoza\/","og_site_name":"NOTICIASMERCEDINAS.COM","article_publisher":"https:\/\/www.facebook.com\/noticiasmercedinas\/","article_published_time":"2022-05-19T17:50:43+00:00","og_image":[{"width":1200,"height":800,"url":"https:\/\/noticiasmercedinas.com\/site\/wp-content\/uploads\/2022\/05\/Eduardo-Wado-De-Pedro-conferencia-de-prensa.jpg","type":"image\/jpeg"}],"author":"NOTICIASMERCEDINAS.COM","twitter_card":"summary_large_image","twitter_creator":"@notmercedinas","twitter_site":"@notmercedinas","twitter_misc":{"Escrito por":"NOTICIASMERCEDINAS.COM","Tiempo de lectura":"1 minuto"},"schema":{"@context":"https:\/\/schema.org","@graph":[{"@type":"Article","@id":"https:\/\/noticiasmercedinas.com\/site\/2022\/05\/19\/wado-de-pedro-participara-este-sabado-de-la-cumbre-del-pj-en-mendoza\/#article","isPartOf":{"@id":"https:\/\/noticiasmercedinas.com\/site\/2022\/05\/19\/wado-de-pedro-participara-este-sabado-de-la-cumbre-del-pj-en-mendoza\/"},"author":{"name":"NOTICIASMERCEDINAS.COM","@id":"https:\/\/noticiasmercedinas.com\/site\/#\/schema\/person\/84b59c099c28ff2e8b77d4ceec5d8063"},"headline":"Wado de Pedro participar\u00e1 este s\u00e1bado de la Cumbre del PJ en Mendoza","datePublished":"2022-05-19T17:50:43+00:00","mainEntityOfPage":{"@id":"https:\/\/noticiasmercedinas.com\/site\/2022\/05\/19\/wado-de-pedro-participara-este-sabado-de-la-cumbre-del-pj-en-mendoza\/"},"wordCount":193,"commentCount":0,"publisher":{"@id":"https:\/\/noticiasmercedinas.com\/site\/#organization"},"image":{"@id":"https:\/\/noticiasmercedinas.com\/site\/2022\/05\/19\/wado-de-pedro-participara-este-sabado-de-la-cumbre-del-pj-en-mendoza\/#primaryimage"},"thumbnailUrl":"https:\/\/noticiasmercedinas.com\/site\/wp-content\/uploads\/2022\/05\/Eduardo-Wado-De-Pedro-conferencia-de-prensa.jpg","keywords":["cumbre","partido justicialista","pj","wado de pedro"],"articleSection":["Politica"],"inLanguage":"es","potentialAction":[{"@type":"CommentAction","name":"Comment","target":["https:\/\/noticiasmercedinas.com\/site\/2022\/05\/19\/wado-de-pedro-participara-este-sabado-de-la-cumbre-del-pj-en-mendoza\/#respond"]}]},{"@type":"WebPage","@id":"https:\/\/noticiasmercedinas.com\/site\/2022\/05\/19\/wado-de-pedro-participara-este-sabado-de-la-cumbre-del-pj-en-mendoza\/","url":"https:\/\/noticiasmercedinas.com\/site\/2022\/05\/19\/wado-de-pedro-participara-este-sabado-de-la-cumbre-del-pj-en-mendoza\/","name":"Wado de Pedro participar\u00e1 este s\u00e1bado de la Cumbre del PJ en Mendoza","isPartOf":{"@id":"https:\/\/noticiasmercedinas.com\/site\/#website"},"primaryImageOfPage":{"@id":"https:\/\/noticiasmercedinas.com\/site\/2022\/05\/19\/wado-de-pedro-participara-este-sabado-de-la-cumbre-del-pj-en-mendoza\/#primaryimage"},"image":{"@id":"https:\/\/noticiasmercedinas.com\/site\/2022\/05\/19\/wado-de-pedro-participara-este-sabado-de-la-cumbre-del-pj-en-mendoza\/#primaryimage"},"thumbnailUrl":"https:\/\/noticiasmercedinas.com\/site\/wp-content\/uploads\/2022\/05\/Eduardo-Wado-De-Pedro-conferencia-de-prensa.jpg","datePublished":"2022-05-19T17:50:43+00:00","breadcrumb":{"@id":"https:\/\/noticiasmercedinas.com\/site\/2022\/05\/19\/wado-de-pedro-participara-este-sabado-de-la-cumbre-del-pj-en-mendoza\/#breadcrumb"},"inLanguage":"es","potentialAction":[{"@type":"ReadAction","target":["https:\/\/noticiasmercedinas.com\/site\/2022\/05\/19\/wado-de-pedro-participara-este-sabado-de-la-cumbre-del-pj-en-mendoza\/"]}]},{"@type":"ImageObject","inLanguage":"es","@id":"https:\/\/noticiasmercedinas.com\/site\/2022\/05\/19\/wado-de-pedro-participara-este-sabado-de-la-cumbre-del-pj-en-mendoza\/#primaryimage","url":"https:\/\/noticiasmercedinas.com\/site\/wp-content\/uploads\/2022\/05\/Eduardo-Wado-De-Pedro-conferencia-de-prensa.jpg","contentUrl":"https:\/\/noticiasmercedinas.com\/site\/wp-content\/uploads\/2022\/05\/Eduardo-Wado-De-Pedro-conferencia-de-prensa.jpg","width":1200,"height":800},{"@type":"BreadcrumbList","@id":"https:\/\/noticiasmercedinas.com\/site\/2022\/05\/19\/wado-de-pedro-participara-este-sabado-de-la-cumbre-del-pj-en-mendoza\/#breadcrumb","itemListElement":[{"@type":"ListItem","position":1,"name":"Portada","item":"https:\/\/noticiasmercedinas.com\/site\/"},{"@type":"ListItem","position":2,"name":"Wado de Pedro participar\u00e1 este s\u00e1bado de la Cumbre del PJ en Mendoza"}]},{"@type":"WebSite","@id":"https:\/\/noticiasmercedinas.com\/site\/#website","url":"https:\/\/noticiasmercedinas.com\/site\/","name":"NOTICIASMERCEDINAS.COM","description":"Mercedes, Buenos Aires, Argentina","publisher":{"@id":"https:\/\/noticiasmercedinas.com\/site\/#organization"},"potentialAction":[{"@type":"SearchAction","target":{"@type":"EntryPoint","urlTemplate":"https:\/\/noticiasmercedinas.com\/site\/?s={search_term_string}"},"query-input":{"@type":"PropertyValueSpecification","valueRequired":true,"valueName":"search_term_string"}}],"inLanguage":"es"},{"@type":"Organization","@id":"https:\/\/noticiasmercedinas.com\/site\/#organization","name":"NOTICIASMERCEDINAS.COM","url":"https:\/\/noticiasmercedinas.com\/site\/","logo":{"@type":"ImageObject","inLanguage":"es","@id":"https:\/\/noticiasmercedinas.com\/site\/#\/schema\/logo\/image\/","url":"https:\/\/noticiasmercedinas.com\/site\/wp-content\/uploads\/2020\/06\/LOGO-512.jpg","contentUrl":"https:\/\/noticiasmercedinas.com\/site\/wp-content\/uploads\/2020\/06\/LOGO-512.jpg","width":512,"height":512,"caption":"NOTICIASMERCEDINAS.COM"},"image":{"@id":"https:\/\/noticiasmercedinas.com\/site\/#\/schema\/logo\/image\/"},"sameAs":["https:\/\/www.facebook.com\/noticiasmercedinas\/","https:\/\/x.com\/notmercedinas","https:\/\/www.instagram.com\/noticiasmercedinas\/"]},{"@type":"Person","@id":"https:\/\/noticiasmercedinas.com\/site\/#\/schema\/person\/84b59c099c28ff2e8b77d4ceec5d8063","name":"NOTICIASMERCEDINAS.COM","image":{"@type":"ImageObject","inLanguage":"es","@id":"https:\/\/secure.gravatar.com\/avatar\/4dfbf16b4d17945bfb6341b2d19043457132fcf478a5ee04f42e959fd8f5df0a?s=96&d=mm&r=g","url":"https:\/\/secure.gravatar.com\/avatar\/4dfbf16b4d17945bfb6341b2d19043457132fcf478a5ee04f42e959fd8f5df0a?s=96&d=mm&r=g","contentUrl":"https:\/\/secure.gravatar.com\/avatar\/4dfbf16b4d17945bfb6341b2d19043457132fcf478a5ee04f42e959fd8f5df0a?s=96&d=mm&r=g","caption":"NOTICIASMERCEDINAS.COM"},"url":"https:\/\/noticiasmercedinas.com\/site\/author\/anonimo\/"}]}},"amp_enabled":true,"_links":{"self":[{"href":"https:\/\/noticiasmercedinas.com\/site\/wp-json\/wp\/v2\/posts\/91125","targetHints":{"allow":["GET"]}}],"collection":[{"href":"https:\/\/noticiasmercedinas.com\/site\/wp-json\/wp\/v2\/posts"}],"about":[{"href":"https:\/\/noticiasmercedinas.com\/site\/wp-json\/wp\/v2\/types\/post"}],"author":[{"embeddable":true,"href":"https:\/\/noticiasmercedinas.com\/site\/wp-json\/wp\/v2\/users\/16"}],"replies":[{"embeddable":true,"href":"https:\/\/noticiasmercedinas.com\/site\/wp-json\/wp\/v2\/comments?post=91125"}],"version-history":[{"count":1,"href":"https:\/\/noticiasmercedinas.com\/site\/wp-json\/wp\/v2\/posts\/91125\/revisions"}],"predecessor-version":[{"id":91126,"href":"https:\/\/noticiasmercedinas.com\/site\/wp-json\/wp\/v2\/posts\/91125\/revisions\/91126"}],"wp:featuredmedia":[{"embeddable":true,"href":"https:\/\/noticiasmercedinas.com\/site\/wp-json\/wp\/v2\/media\/89883"}],"wp:attachment":[{"href":"https:\/\/noticiasmercedinas.com\/site\/wp-json\/wp\/v2\/media?parent=91125"}],"wp:term":[{"taxonomy":"category","embeddable":true,"href":"https:\/\/noticiasmercedinas.com\/site\/wp-json\/wp\/v2\/categories?post=91125"},{"taxonomy":"post_tag","embeddable":true,"href":"https:\/\/noticiasmercedinas.com\/site\/wp-json\/wp\/v2\/tags?post=91125"}],"curies":[{"name":"wp","href":"https:\/\/api.w.org\/{rel}","templated":true}]}}