{"id":91196,"date":"2022-05-20T14:58:42","date_gmt":"2022-05-20T17:58:42","guid":{"rendered":"https:\/\/noticiasmercedinas.com\/site\/?p=91196"},"modified":"2022-05-20T15:02:04","modified_gmt":"2022-05-20T18:02:04","slug":"se-inaugura-muestra-narrando-inmensidades-en-el-museo-de-arte","status":"publish","type":"post","link":"https:\/\/noticiasmercedinas.com\/site\/2022\/05\/20\/se-inaugura-muestra-narrando-inmensidades-en-el-museo-de-arte\/","title":{"rendered":"Se inaugura muestra \u00abNarrando inmensidades\u00bb en el Museo de Arte"},"content":{"rendered":"<p><img loading=\"lazy\" decoding=\"async\" class=\"alignnone size-large wp-image-91198\" src=\"https:\/\/noticiasmercedinas.com\/site\/wp-content\/uploads\/2022\/05\/671767c7-ea5e-4b60-ada5-28c895974de7-1024x682.jpg\" alt=\"\" width=\"640\" height=\"426\" \/><\/p>\n<p>\u00abNarrando Inmensidades. Arroyo Balta\u00bb es una experiencia diferente que podr\u00e1 vivirse en el MAMM.<\/p>\n<p>Desde el 21 de mayo y hasta el 1 de junio, una muestra inmersiva, participativa y de creaci\u00f3n colectiva llega al Museo de Arte de Mercedes.<\/p>\n<p>El grupo <strong>Mamarrachas Danza<\/strong> invita a recorrer una exposici\u00f3n donde se entremezclan foto, video, instalaciones, narraciones y m\u00fasica para dar vida a un universo fant\u00e1stico en el Arroyo Balta.<\/p>\n<p>Esta muestra llega con el apoyo del FNA, la Fundaci\u00f3n Williams y Cultura Mercedes, y re\u00fane a reconocidas figuras del arte: <strong>Martha Bulgaroni<\/strong> y <strong>B\u00e1rbara S\u00e1nchez Olmos<\/strong> (multipremiadas artistas y mercedinas por adopci\u00f3n), <strong>Pablo Longiovine<\/strong> (artista pl\u00e1stico de trayectoria internacional, premiado en salones de Berl\u00edn y Barcelona), <strong>Facundo Ballesta<\/strong> (fot\u00f3grafo y \u00faltimo premio del sal\u00f3n nacional), <strong>Mariano Gatabria<\/strong> (productor musical en el estudio mercedino 32 bis) y <strong>Catalina Basso<\/strong> (actriz y performer mercedina).<\/p>\n<blockquote><p>La exposici\u00f3n llegar\u00e1 a su esplendor en \u201cLa Noche del Museo\u201d que se realizar\u00e1 el s\u00e1bado 28 de mayo desde las 18:30 horas. Los personajes de las fotos y videos cobran vida para danzar y pasearse por el museo<\/p><\/blockquote>\n<p>La exposici\u00f3n llegar\u00e1 a su esplendor en \u201cLa Noche del Museo\u201d que se realizar\u00e1 el s\u00e1bado 28 de mayo desde las 18:30 horas. Los personajes de las fotos y videos cobran vida para danzar y pasearse por el museo, al mismo tiempo que la narradora regala historias y la Camerata de la Orquesta Escuela de Mercedes deleitar\u00e1 a todos con su m\u00fasica. \u00abTe esperamos para formar parte de esta experiencia \u00fanica. Todas las actividades son abiertas y gratuitas. Habr\u00e1 servicio de cantina\u00bb, indicaron.<\/p>\n<p>El s\u00e1bado 21 se realizar\u00e1 un peque\u00f1o brindis de apertura con la musicalizaci\u00f3n de <strong>Mili Vallejos.\u00a0<\/strong><\/p>\n<p><img loading=\"lazy\" decoding=\"async\" class=\"alignnone size-large wp-image-91197\" src=\"https:\/\/noticiasmercedinas.com\/site\/wp-content\/uploads\/2022\/05\/61e1c886-6a2b-4a83-bd96-137b42271c2d-1024x683.jpg\" alt=\"\" width=\"640\" height=\"427\" srcset=\"https:\/\/noticiasmercedinas.com\/site\/wp-content\/uploads\/2022\/05\/61e1c886-6a2b-4a83-bd96-137b42271c2d-1024x683.jpg 1024w, https:\/\/noticiasmercedinas.com\/site\/wp-content\/uploads\/2022\/05\/61e1c886-6a2b-4a83-bd96-137b42271c2d-300x200.jpg 300w, https:\/\/noticiasmercedinas.com\/site\/wp-content\/uploads\/2022\/05\/61e1c886-6a2b-4a83-bd96-137b42271c2d-768x512.jpg 768w, https:\/\/noticiasmercedinas.com\/site\/wp-content\/uploads\/2022\/05\/61e1c886-6a2b-4a83-bd96-137b42271c2d-640x427.jpg 640w, https:\/\/noticiasmercedinas.com\/site\/wp-content\/uploads\/2022\/05\/61e1c886-6a2b-4a83-bd96-137b42271c2d-681x454.jpg 681w, https:\/\/noticiasmercedinas.com\/site\/wp-content\/uploads\/2022\/05\/61e1c886-6a2b-4a83-bd96-137b42271c2d.jpg 1080w\" sizes=\"auto, (max-width: 640px) 100vw, 640px\" \/><\/p>\n","protected":false},"excerpt":{"rendered":"<p>\u25a0 Desde el 21 de mayo y hasta el 1 de junio, una muestra inmersiva, participativa y de creaci\u00f3n colectiva llega al MAMM.<\/p>\n","protected":false},"author":16,"featured_media":91198,"comment_status":"open","ping_status":"open","sticky":false,"template":"","format":"standard","meta":{"footnotes":""},"categories":[4],"tags":[4469,14219,14417,14415,14418,14412,192,14416,14413,14067,87,14414],"class_list":["post-91196","post","type-post","status-publish","format-standard","has-post-thumbnail","hentry","category-cultura","tag-arroyo-balta","tag-barbara-sanchez-olmos","tag-catalina-basso","tag-facundo-ballesta","tag-la-noche-del-museo","tag-mamarrachas-danza","tag-mamm","tag-mariano-gatabria","tag-martha-bulgaroni","tag-mili-vallejos","tag-museo-de-arte","tag-pablo-longiovine"],"yoast_head":"<!-- This site is optimized with the Yoast SEO plugin v27.4 - https:\/\/yoast.com\/product\/yoast-seo-wordpress\/ -->\n<title>Se inaugura muestra &quot;Narrando inmensidades&quot; en el Museo de Arte<\/title>\n<meta name=\"robots\" content=\"index, follow, max-snippet:-1, max-image-preview:large, max-video-preview:-1\" \/>\n<link rel=\"canonical\" href=\"https:\/\/noticiasmercedinas.com\/site\/2022\/05\/20\/se-inaugura-muestra-narrando-inmensidades-en-el-museo-de-arte\/\" \/>\n<meta property=\"og:locale\" content=\"es_ES\" \/>\n<meta property=\"og:type\" content=\"article\" \/>\n<meta property=\"og:title\" content=\"Se inaugura muestra &quot;Narrando inmensidades&quot; en el Museo de Arte\" \/>\n<meta property=\"og:description\" content=\"\u25a0 Desde el 21 de mayo y hasta el 1 de junio, una muestra inmersiva, participativa y de creaci\u00f3n colectiva llega al MAMM.\" \/>\n<meta property=\"og:url\" content=\"https:\/\/noticiasmercedinas.com\/site\/2022\/05\/20\/se-inaugura-muestra-narrando-inmensidades-en-el-museo-de-arte\/\" \/>\n<meta property=\"og:site_name\" content=\"NOTICIASMERCEDINAS.COM\" \/>\n<meta property=\"article:publisher\" content=\"https:\/\/www.facebook.com\/noticiasmercedinas\/\" \/>\n<meta property=\"article:published_time\" content=\"2022-05-20T17:58:42+00:00\" \/>\n<meta property=\"article:modified_time\" content=\"2022-05-20T18:02:04+00:00\" \/>\n<meta property=\"og:image\" content=\"https:\/\/noticiasmercedinas.com\/site\/wp-content\/uploads\/2022\/05\/671767c7-ea5e-4b60-ada5-28c895974de7-e1653069373642.jpg\" \/>\n\t<meta property=\"og:image:width\" content=\"640\" \/>\n\t<meta property=\"og:image:height\" content=\"426\" \/>\n\t<meta property=\"og:image:type\" content=\"image\/jpeg\" \/>\n<meta name=\"author\" content=\"NOTICIASMERCEDINAS.COM\" \/>\n<meta name=\"twitter:card\" content=\"summary_large_image\" \/>\n<meta name=\"twitter:creator\" content=\"@notmercedinas\" \/>\n<meta name=\"twitter:site\" content=\"@notmercedinas\" \/>\n<meta name=\"twitter:label1\" content=\"Escrito por\" \/>\n\t<meta name=\"twitter:data1\" content=\"NOTICIASMERCEDINAS.COM\" \/>\n\t<meta name=\"twitter:label2\" content=\"Tiempo de lectura\" \/>\n\t<meta name=\"twitter:data2\" content=\"2 minutos\" \/>\n<script type=\"application\/ld+json\" class=\"yoast-schema-graph\">{\"@context\":\"https:\\\/\\\/schema.org\",\"@graph\":[{\"@type\":\"Article\",\"@id\":\"https:\\\/\\\/noticiasmercedinas.com\\\/site\\\/2022\\\/05\\\/20\\\/se-inaugura-muestra-narrando-inmensidades-en-el-museo-de-arte\\\/#article\",\"isPartOf\":{\"@id\":\"https:\\\/\\\/noticiasmercedinas.com\\\/site\\\/2022\\\/05\\\/20\\\/se-inaugura-muestra-narrando-inmensidades-en-el-museo-de-arte\\\/\"},\"author\":{\"name\":\"NOTICIASMERCEDINAS.COM\",\"@id\":\"https:\\\/\\\/noticiasmercedinas.com\\\/site\\\/#\\\/schema\\\/person\\\/84b59c099c28ff2e8b77d4ceec5d8063\"},\"headline\":\"Se inaugura muestra \u00abNarrando inmensidades\u00bb en el Museo de Arte\",\"datePublished\":\"2022-05-20T17:58:42+00:00\",\"dateModified\":\"2022-05-20T18:02:04+00:00\",\"mainEntityOfPage\":{\"@id\":\"https:\\\/\\\/noticiasmercedinas.com\\\/site\\\/2022\\\/05\\\/20\\\/se-inaugura-muestra-narrando-inmensidades-en-el-museo-de-arte\\\/\"},\"wordCount\":303,\"commentCount\":0,\"publisher\":{\"@id\":\"https:\\\/\\\/noticiasmercedinas.com\\\/site\\\/#organization\"},\"image\":{\"@id\":\"https:\\\/\\\/noticiasmercedinas.com\\\/site\\\/2022\\\/05\\\/20\\\/se-inaugura-muestra-narrando-inmensidades-en-el-museo-de-arte\\\/#primaryimage\"},\"thumbnailUrl\":\"https:\\\/\\\/noticiasmercedinas.com\\\/site\\\/wp-content\\\/uploads\\\/2022\\\/05\\\/671767c7-ea5e-4b60-ada5-28c895974de7-e1653069373642.jpg\",\"keywords\":[\"arroyo balta\",\"B\u00e1rbara S\u00e1nchez Olmos\",\"Catalina Basso\",\"Facundo Ballesta\",\"La Noche del Museo\",\"Mamarrachas Danza\",\"mamm\",\"Mariano Gatabria\",\"Martha Bulgaroni\",\"mili vallejos\",\"museo de arte\",\"Pablo Longiovine\"],\"articleSection\":[\"Cultura\"],\"inLanguage\":\"es\",\"potentialAction\":[{\"@type\":\"CommentAction\",\"name\":\"Comment\",\"target\":[\"https:\\\/\\\/noticiasmercedinas.com\\\/site\\\/2022\\\/05\\\/20\\\/se-inaugura-muestra-narrando-inmensidades-en-el-museo-de-arte\\\/#respond\"]}]},{\"@type\":\"WebPage\",\"@id\":\"https:\\\/\\\/noticiasmercedinas.com\\\/site\\\/2022\\\/05\\\/20\\\/se-inaugura-muestra-narrando-inmensidades-en-el-museo-de-arte\\\/\",\"url\":\"https:\\\/\\\/noticiasmercedinas.com\\\/site\\\/2022\\\/05\\\/20\\\/se-inaugura-muestra-narrando-inmensidades-en-el-museo-de-arte\\\/\",\"name\":\"Se inaugura muestra \\\"Narrando inmensidades\\\" en el Museo de Arte\",\"isPartOf\":{\"@id\":\"https:\\\/\\\/noticiasmercedinas.com\\\/site\\\/#website\"},\"primaryImageOfPage\":{\"@id\":\"https:\\\/\\\/noticiasmercedinas.com\\\/site\\\/2022\\\/05\\\/20\\\/se-inaugura-muestra-narrando-inmensidades-en-el-museo-de-arte\\\/#primaryimage\"},\"image\":{\"@id\":\"https:\\\/\\\/noticiasmercedinas.com\\\/site\\\/2022\\\/05\\\/20\\\/se-inaugura-muestra-narrando-inmensidades-en-el-museo-de-arte\\\/#primaryimage\"},\"thumbnailUrl\":\"https:\\\/\\\/noticiasmercedinas.com\\\/site\\\/wp-content\\\/uploads\\\/2022\\\/05\\\/671767c7-ea5e-4b60-ada5-28c895974de7-e1653069373642.jpg\",\"datePublished\":\"2022-05-20T17:58:42+00:00\",\"dateModified\":\"2022-05-20T18:02:04+00:00\",\"breadcrumb\":{\"@id\":\"https:\\\/\\\/noticiasmercedinas.com\\\/site\\\/2022\\\/05\\\/20\\\/se-inaugura-muestra-narrando-inmensidades-en-el-museo-de-arte\\\/#breadcrumb\"},\"inLanguage\":\"es\",\"potentialAction\":[{\"@type\":\"ReadAction\",\"target\":[\"https:\\\/\\\/noticiasmercedinas.com\\\/site\\\/2022\\\/05\\\/20\\\/se-inaugura-muestra-narrando-inmensidades-en-el-museo-de-arte\\\/\"]}]},{\"@type\":\"ImageObject\",\"inLanguage\":\"es\",\"@id\":\"https:\\\/\\\/noticiasmercedinas.com\\\/site\\\/2022\\\/05\\\/20\\\/se-inaugura-muestra-narrando-inmensidades-en-el-museo-de-arte\\\/#primaryimage\",\"url\":\"https:\\\/\\\/noticiasmercedinas.com\\\/site\\\/wp-content\\\/uploads\\\/2022\\\/05\\\/671767c7-ea5e-4b60-ada5-28c895974de7-e1653069373642.jpg\",\"contentUrl\":\"https:\\\/\\\/noticiasmercedinas.com\\\/site\\\/wp-content\\\/uploads\\\/2022\\\/05\\\/671767c7-ea5e-4b60-ada5-28c895974de7-e1653069373642.jpg\",\"width\":640,\"height\":426},{\"@type\":\"BreadcrumbList\",\"@id\":\"https:\\\/\\\/noticiasmercedinas.com\\\/site\\\/2022\\\/05\\\/20\\\/se-inaugura-muestra-narrando-inmensidades-en-el-museo-de-arte\\\/#breadcrumb\",\"itemListElement\":[{\"@type\":\"ListItem\",\"position\":1,\"name\":\"Portada\",\"item\":\"https:\\\/\\\/noticiasmercedinas.com\\\/site\\\/\"},{\"@type\":\"ListItem\",\"position\":2,\"name\":\"Se inaugura muestra \u00abNarrando inmensidades\u00bb en el Museo de Arte\"}]},{\"@type\":\"WebSite\",\"@id\":\"https:\\\/\\\/noticiasmercedinas.com\\\/site\\\/#website\",\"url\":\"https:\\\/\\\/noticiasmercedinas.com\\\/site\\\/\",\"name\":\"NOTICIASMERCEDINAS.COM\",\"description\":\"Mercedes, Buenos Aires, Argentina\",\"publisher\":{\"@id\":\"https:\\\/\\\/noticiasmercedinas.com\\\/site\\\/#organization\"},\"potentialAction\":[{\"@type\":\"SearchAction\",\"target\":{\"@type\":\"EntryPoint\",\"urlTemplate\":\"https:\\\/\\\/noticiasmercedinas.com\\\/site\\\/?s={search_term_string}\"},\"query-input\":{\"@type\":\"PropertyValueSpecification\",\"valueRequired\":true,\"valueName\":\"search_term_string\"}}],\"inLanguage\":\"es\"},{\"@type\":\"Organization\",\"@id\":\"https:\\\/\\\/noticiasmercedinas.com\\\/site\\\/#organization\",\"name\":\"NOTICIASMERCEDINAS.COM\",\"url\":\"https:\\\/\\\/noticiasmercedinas.com\\\/site\\\/\",\"logo\":{\"@type\":\"ImageObject\",\"inLanguage\":\"es\",\"@id\":\"https:\\\/\\\/noticiasmercedinas.com\\\/site\\\/#\\\/schema\\\/logo\\\/image\\\/\",\"url\":\"https:\\\/\\\/noticiasmercedinas.com\\\/site\\\/wp-content\\\/uploads\\\/2020\\\/06\\\/LOGO-512.jpg\",\"contentUrl\":\"https:\\\/\\\/noticiasmercedinas.com\\\/site\\\/wp-content\\\/uploads\\\/2020\\\/06\\\/LOGO-512.jpg\",\"width\":512,\"height\":512,\"caption\":\"NOTICIASMERCEDINAS.COM\"},\"image\":{\"@id\":\"https:\\\/\\\/noticiasmercedinas.com\\\/site\\\/#\\\/schema\\\/logo\\\/image\\\/\"},\"sameAs\":[\"https:\\\/\\\/www.facebook.com\\\/noticiasmercedinas\\\/\",\"https:\\\/\\\/x.com\\\/notmercedinas\",\"https:\\\/\\\/www.instagram.com\\\/noticiasmercedinas\\\/\"]},{\"@type\":\"Person\",\"@id\":\"https:\\\/\\\/noticiasmercedinas.com\\\/site\\\/#\\\/schema\\\/person\\\/84b59c099c28ff2e8b77d4ceec5d8063\",\"name\":\"NOTICIASMERCEDINAS.COM\",\"image\":{\"@type\":\"ImageObject\",\"inLanguage\":\"es\",\"@id\":\"https:\\\/\\\/secure.gravatar.com\\\/avatar\\\/4dfbf16b4d17945bfb6341b2d19043457132fcf478a5ee04f42e959fd8f5df0a?s=96&d=mm&r=g\",\"url\":\"https:\\\/\\\/secure.gravatar.com\\\/avatar\\\/4dfbf16b4d17945bfb6341b2d19043457132fcf478a5ee04f42e959fd8f5df0a?s=96&d=mm&r=g\",\"contentUrl\":\"https:\\\/\\\/secure.gravatar.com\\\/avatar\\\/4dfbf16b4d17945bfb6341b2d19043457132fcf478a5ee04f42e959fd8f5df0a?s=96&d=mm&r=g\",\"caption\":\"NOTICIASMERCEDINAS.COM\"},\"url\":\"https:\\\/\\\/noticiasmercedinas.com\\\/site\\\/author\\\/anonimo\\\/\"}]}<\/script>\n<!-- \/ Yoast SEO plugin. -->","yoast_head_json":{"title":"Se inaugura muestra \"Narrando inmensidades\" en el Museo de Arte","robots":{"index":"index","follow":"follow","max-snippet":"max-snippet:-1","max-image-preview":"max-image-preview:large","max-video-preview":"max-video-preview:-1"},"canonical":"https:\/\/noticiasmercedinas.com\/site\/2022\/05\/20\/se-inaugura-muestra-narrando-inmensidades-en-el-museo-de-arte\/","og_locale":"es_ES","og_type":"article","og_title":"Se inaugura muestra \"Narrando inmensidades\" en el Museo de Arte","og_description":"\u25a0 Desde el 21 de mayo y hasta el 1 de junio, una muestra inmersiva, participativa y de creaci\u00f3n colectiva llega al MAMM.","og_url":"https:\/\/noticiasmercedinas.com\/site\/2022\/05\/20\/se-inaugura-muestra-narrando-inmensidades-en-el-museo-de-arte\/","og_site_name":"NOTICIASMERCEDINAS.COM","article_publisher":"https:\/\/www.facebook.com\/noticiasmercedinas\/","article_published_time":"2022-05-20T17:58:42+00:00","article_modified_time":"2022-05-20T18:02:04+00:00","og_image":[{"width":640,"height":426,"url":"https:\/\/noticiasmercedinas.com\/site\/wp-content\/uploads\/2022\/05\/671767c7-ea5e-4b60-ada5-28c895974de7-e1653069373642.jpg","type":"image\/jpeg"}],"author":"NOTICIASMERCEDINAS.COM","twitter_card":"summary_large_image","twitter_creator":"@notmercedinas","twitter_site":"@notmercedinas","twitter_misc":{"Escrito por":"NOTICIASMERCEDINAS.COM","Tiempo de lectura":"2 minutos"},"schema":{"@context":"https:\/\/schema.org","@graph":[{"@type":"Article","@id":"https:\/\/noticiasmercedinas.com\/site\/2022\/05\/20\/se-inaugura-muestra-narrando-inmensidades-en-el-museo-de-arte\/#article","isPartOf":{"@id":"https:\/\/noticiasmercedinas.com\/site\/2022\/05\/20\/se-inaugura-muestra-narrando-inmensidades-en-el-museo-de-arte\/"},"author":{"name":"NOTICIASMERCEDINAS.COM","@id":"https:\/\/noticiasmercedinas.com\/site\/#\/schema\/person\/84b59c099c28ff2e8b77d4ceec5d8063"},"headline":"Se inaugura muestra \u00abNarrando inmensidades\u00bb en el Museo de Arte","datePublished":"2022-05-20T17:58:42+00:00","dateModified":"2022-05-20T18:02:04+00:00","mainEntityOfPage":{"@id":"https:\/\/noticiasmercedinas.com\/site\/2022\/05\/20\/se-inaugura-muestra-narrando-inmensidades-en-el-museo-de-arte\/"},"wordCount":303,"commentCount":0,"publisher":{"@id":"https:\/\/noticiasmercedinas.com\/site\/#organization"},"image":{"@id":"https:\/\/noticiasmercedinas.com\/site\/2022\/05\/20\/se-inaugura-muestra-narrando-inmensidades-en-el-museo-de-arte\/#primaryimage"},"thumbnailUrl":"https:\/\/noticiasmercedinas.com\/site\/wp-content\/uploads\/2022\/05\/671767c7-ea5e-4b60-ada5-28c895974de7-e1653069373642.jpg","keywords":["arroyo balta","B\u00e1rbara S\u00e1nchez Olmos","Catalina Basso","Facundo Ballesta","La Noche del Museo","Mamarrachas Danza","mamm","Mariano Gatabria","Martha Bulgaroni","mili vallejos","museo de arte","Pablo Longiovine"],"articleSection":["Cultura"],"inLanguage":"es","potentialAction":[{"@type":"CommentAction","name":"Comment","target":["https:\/\/noticiasmercedinas.com\/site\/2022\/05\/20\/se-inaugura-muestra-narrando-inmensidades-en-el-museo-de-arte\/#respond"]}]},{"@type":"WebPage","@id":"https:\/\/noticiasmercedinas.com\/site\/2022\/05\/20\/se-inaugura-muestra-narrando-inmensidades-en-el-museo-de-arte\/","url":"https:\/\/noticiasmercedinas.com\/site\/2022\/05\/20\/se-inaugura-muestra-narrando-inmensidades-en-el-museo-de-arte\/","name":"Se inaugura muestra \"Narrando inmensidades\" en el Museo de Arte","isPartOf":{"@id":"https:\/\/noticiasmercedinas.com\/site\/#website"},"primaryImageOfPage":{"@id":"https:\/\/noticiasmercedinas.com\/site\/2022\/05\/20\/se-inaugura-muestra-narrando-inmensidades-en-el-museo-de-arte\/#primaryimage"},"image":{"@id":"https:\/\/noticiasmercedinas.com\/site\/2022\/05\/20\/se-inaugura-muestra-narrando-inmensidades-en-el-museo-de-arte\/#primaryimage"},"thumbnailUrl":"https:\/\/noticiasmercedinas.com\/site\/wp-content\/uploads\/2022\/05\/671767c7-ea5e-4b60-ada5-28c895974de7-e1653069373642.jpg","datePublished":"2022-05-20T17:58:42+00:00","dateModified":"2022-05-20T18:02:04+00:00","breadcrumb":{"@id":"https:\/\/noticiasmercedinas.com\/site\/2022\/05\/20\/se-inaugura-muestra-narrando-inmensidades-en-el-museo-de-arte\/#breadcrumb"},"inLanguage":"es","potentialAction":[{"@type":"ReadAction","target":["https:\/\/noticiasmercedinas.com\/site\/2022\/05\/20\/se-inaugura-muestra-narrando-inmensidades-en-el-museo-de-arte\/"]}]},{"@type":"ImageObject","inLanguage":"es","@id":"https:\/\/noticiasmercedinas.com\/site\/2022\/05\/20\/se-inaugura-muestra-narrando-inmensidades-en-el-museo-de-arte\/#primaryimage","url":"https:\/\/noticiasmercedinas.com\/site\/wp-content\/uploads\/2022\/05\/671767c7-ea5e-4b60-ada5-28c895974de7-e1653069373642.jpg","contentUrl":"https:\/\/noticiasmercedinas.com\/site\/wp-content\/uploads\/2022\/05\/671767c7-ea5e-4b60-ada5-28c895974de7-e1653069373642.jpg","width":640,"height":426},{"@type":"BreadcrumbList","@id":"https:\/\/noticiasmercedinas.com\/site\/2022\/05\/20\/se-inaugura-muestra-narrando-inmensidades-en-el-museo-de-arte\/#breadcrumb","itemListElement":[{"@type":"ListItem","position":1,"name":"Portada","item":"https:\/\/noticiasmercedinas.com\/site\/"},{"@type":"ListItem","position":2,"name":"Se inaugura muestra \u00abNarrando inmensidades\u00bb en el Museo de Arte"}]},{"@type":"WebSite","@id":"https:\/\/noticiasmercedinas.com\/site\/#website","url":"https:\/\/noticiasmercedinas.com\/site\/","name":"NOTICIASMERCEDINAS.COM","description":"Mercedes, Buenos Aires, Argentina","publisher":{"@id":"https:\/\/noticiasmercedinas.com\/site\/#organization"},"potentialAction":[{"@type":"SearchAction","target":{"@type":"EntryPoint","urlTemplate":"https:\/\/noticiasmercedinas.com\/site\/?s={search_term_string}"},"query-input":{"@type":"PropertyValueSpecification","valueRequired":true,"valueName":"search_term_string"}}],"inLanguage":"es"},{"@type":"Organization","@id":"https:\/\/noticiasmercedinas.com\/site\/#organization","name":"NOTICIASMERCEDINAS.COM","url":"https:\/\/noticiasmercedinas.com\/site\/","logo":{"@type":"ImageObject","inLanguage":"es","@id":"https:\/\/noticiasmercedinas.com\/site\/#\/schema\/logo\/image\/","url":"https:\/\/noticiasmercedinas.com\/site\/wp-content\/uploads\/2020\/06\/LOGO-512.jpg","contentUrl":"https:\/\/noticiasmercedinas.com\/site\/wp-content\/uploads\/2020\/06\/LOGO-512.jpg","width":512,"height":512,"caption":"NOTICIASMERCEDINAS.COM"},"image":{"@id":"https:\/\/noticiasmercedinas.com\/site\/#\/schema\/logo\/image\/"},"sameAs":["https:\/\/www.facebook.com\/noticiasmercedinas\/","https:\/\/x.com\/notmercedinas","https:\/\/www.instagram.com\/noticiasmercedinas\/"]},{"@type":"Person","@id":"https:\/\/noticiasmercedinas.com\/site\/#\/schema\/person\/84b59c099c28ff2e8b77d4ceec5d8063","name":"NOTICIASMERCEDINAS.COM","image":{"@type":"ImageObject","inLanguage":"es","@id":"https:\/\/secure.gravatar.com\/avatar\/4dfbf16b4d17945bfb6341b2d19043457132fcf478a5ee04f42e959fd8f5df0a?s=96&d=mm&r=g","url":"https:\/\/secure.gravatar.com\/avatar\/4dfbf16b4d17945bfb6341b2d19043457132fcf478a5ee04f42e959fd8f5df0a?s=96&d=mm&r=g","contentUrl":"https:\/\/secure.gravatar.com\/avatar\/4dfbf16b4d17945bfb6341b2d19043457132fcf478a5ee04f42e959fd8f5df0a?s=96&d=mm&r=g","caption":"NOTICIASMERCEDINAS.COM"},"url":"https:\/\/noticiasmercedinas.com\/site\/author\/anonimo\/"}]}},"amp_enabled":true,"_links":{"self":[{"href":"https:\/\/noticiasmercedinas.com\/site\/wp-json\/wp\/v2\/posts\/91196","targetHints":{"allow":["GET"]}}],"collection":[{"href":"https:\/\/noticiasmercedinas.com\/site\/wp-json\/wp\/v2\/posts"}],"about":[{"href":"https:\/\/noticiasmercedinas.com\/site\/wp-json\/wp\/v2\/types\/post"}],"author":[{"embeddable":true,"href":"https:\/\/noticiasmercedinas.com\/site\/wp-json\/wp\/v2\/users\/16"}],"replies":[{"embeddable":true,"href":"https:\/\/noticiasmercedinas.com\/site\/wp-json\/wp\/v2\/comments?post=91196"}],"version-history":[{"count":2,"href":"https:\/\/noticiasmercedinas.com\/site\/wp-json\/wp\/v2\/posts\/91196\/revisions"}],"predecessor-version":[{"id":91200,"href":"https:\/\/noticiasmercedinas.com\/site\/wp-json\/wp\/v2\/posts\/91196\/revisions\/91200"}],"wp:featuredmedia":[{"embeddable":true,"href":"https:\/\/noticiasmercedinas.com\/site\/wp-json\/wp\/v2\/media\/91198"}],"wp:attachment":[{"href":"https:\/\/noticiasmercedinas.com\/site\/wp-json\/wp\/v2\/media?parent=91196"}],"wp:term":[{"taxonomy":"category","embeddable":true,"href":"https:\/\/noticiasmercedinas.com\/site\/wp-json\/wp\/v2\/categories?post=91196"},{"taxonomy":"post_tag","embeddable":true,"href":"https:\/\/noticiasmercedinas.com\/site\/wp-json\/wp\/v2\/tags?post=91196"}],"curies":[{"name":"wp","href":"https:\/\/api.w.org\/{rel}","templated":true}]}}