{"id":91489,"date":"2022-05-24T18:48:41","date_gmt":"2022-05-24T21:48:41","guid":{"rendered":"https:\/\/noticiasmercedinas.com\/site\/?p=91489"},"modified":"2022-05-24T18:51:31","modified_gmt":"2022-05-24T21:51:31","slug":"club-mercedes-visita-a-espanol-este-domingo","status":"publish","type":"post","link":"https:\/\/noticiasmercedinas.com\/site\/2022\/05\/24\/club-mercedes-visita-a-espanol-este-domingo\/","title":{"rendered":"Club Mercedes visita a Espa\u00f1ol este domingo"},"content":{"rendered":"<p><img loading=\"lazy\" decoding=\"async\" class=\"alignnone size-full wp-image-91490\" src=\"https:\/\/noticiasmercedinas.com\/site\/wp-content\/uploads\/2022\/05\/IMG_6526.jpg\" alt=\"\" width=\"640\" height=\"370\" srcset=\"https:\/\/noticiasmercedinas.com\/site\/wp-content\/uploads\/2022\/05\/IMG_6526.jpg 640w, https:\/\/noticiasmercedinas.com\/site\/wp-content\/uploads\/2022\/05\/IMG_6526-300x173.jpg 300w\" sizes=\"auto, (max-width: 640px) 100vw, 640px\" \/><\/p>\n<p>La Primera D de la AFA tienen\u00a0 sus designaciones para la cuarta fecha, donde Club Mercedes tendr\u00e1 su tercera presentaci\u00f3n en la categor\u00eda tras quedar libre en la pasada jornada.<\/p>\n<p>Al \u201cBlanquinegro\u201d le tocar\u00e1 visitar a uno de los tres punteros, que viene de ganarle a Deportivo paraguayo en cancha de Lugano. Desde AFA ya dieron a conocer todas las designaciones, d\u00edas y horarios. \u00a0<strong><br \/>\n<\/strong><br \/>\n<strong>Domingo 29<\/strong><br \/>\nA las 15.30 Recreativo Espa\u00f1ol vs. Club Mercedes.<br \/>\n<strong>Cancha:<\/strong> Ituzaing\u00f3.<br \/>\n<strong>\u00c1rbitro:<\/strong> Diego Torres.<br \/>\n<strong>Asistente 1:<\/strong> Federico Machuca.<br \/>\n<strong>Asistente 2:<\/strong> Alexis Escobar.<br \/>\n<strong>Cuarto \u00e1rbitro: <\/strong>Ramiro Maglio.<\/p>\n<p>A las 15.30 Lugano vs. Sportivo Barracas.<br \/>\n<strong>\u00c1rbitro:<\/strong> Mat\u00edas Bignoli.<\/p>\n<p>A las 15.30 Central Ballester vs. Mu\u00f1iz.<br \/>\n<strong>\u00c1rbitro:<\/strong> Maximiliano L\u00f3pez Monti.<\/p>\n<p><strong>S\u00e1bado 28<\/strong><br \/>\nA las 15.30 Argentino (Rosario) vs. Juventud Unida.<br \/>\n<strong>\u00c1rbitro:<\/strong> Juli\u00e1n Jerez.<\/p>\n<p>A las 15.30 Yupanqui vs. Deportivo Paraguayo.<br \/>\n<strong>\u00c1rbitro:<\/strong> N\u00e9stor Barrios.<\/p>\n<p><strong>Libre:<\/strong> Defensores de Cambaceres.<\/p>\n<p><img loading=\"lazy\" decoding=\"async\" class=\"alignnone size-full wp-image-91400\" src=\"https:\/\/noticiasmercedinas.com\/site\/wp-content\/uploads\/2022\/05\/Primera-D-5.jpg\" alt=\"\" width=\"640\" height=\"364\" srcset=\"https:\/\/noticiasmercedinas.com\/site\/wp-content\/uploads\/2022\/05\/Primera-D-5.jpg 640w, https:\/\/noticiasmercedinas.com\/site\/wp-content\/uploads\/2022\/05\/Primera-D-5-300x171.jpg 300w\" sizes=\"auto, (max-width: 640px) 100vw, 640px\" \/><\/p>\n","protected":false},"excerpt":{"rendered":"<p>\u25a0 Por la tarde en cancha de Ituzaing\u00f3 ser\u00e1 el partido de la cuarta fecha. El \u201cBlanquinegro\u201d va por su tercera presentaci\u00f3n en la Primera D. El resto de los encuentros tienen su confirmaci\u00f3n.<\/p>\n","protected":false},"author":6,"featured_media":91490,"comment_status":"open","ping_status":"open","sticky":false,"template":"","format":"standard","meta":{"footnotes":""},"categories":[5],"tags":[6424,135,11935],"class_list":["post-91489","post","type-post","status-publish","format-standard","has-post-thumbnail","hentry","category-deportes","tag-afa","tag-club-mercedes","tag-primera-d"],"yoast_head":"<!-- This site is optimized with the Yoast SEO plugin v27.5 - https:\/\/yoast.com\/product\/yoast-seo-wordpress\/ -->\n<title>Club Mercedes visita a Espa\u00f1ol este domingo<\/title>\n<meta name=\"robots\" content=\"index, follow, max-snippet:-1, max-image-preview:large, max-video-preview:-1\" \/>\n<link rel=\"canonical\" href=\"https:\/\/noticiasmercedinas.com\/site\/2022\/05\/24\/club-mercedes-visita-a-espanol-este-domingo\/\" \/>\n<meta property=\"og:locale\" content=\"es_ES\" \/>\n<meta property=\"og:type\" content=\"article\" \/>\n<meta property=\"og:title\" content=\"Club Mercedes visita a Espa\u00f1ol este domingo\" \/>\n<meta property=\"og:description\" content=\"\u25a0 Por la tarde en cancha de Ituzaing\u00f3 ser\u00e1 el partido de la cuarta fecha. El \u201cBlanquinegro\u201d va por su tercera presentaci\u00f3n en la Primera D. El resto de los encuentros tienen su confirmaci\u00f3n.\" \/>\n<meta property=\"og:url\" content=\"https:\/\/noticiasmercedinas.com\/site\/2022\/05\/24\/club-mercedes-visita-a-espanol-este-domingo\/\" \/>\n<meta property=\"og:site_name\" content=\"NOTICIASMERCEDINAS.COM\" \/>\n<meta property=\"article:publisher\" content=\"https:\/\/www.facebook.com\/noticiasmercedinas\/\" \/>\n<meta property=\"article:published_time\" content=\"2022-05-24T21:48:41+00:00\" \/>\n<meta property=\"article:modified_time\" content=\"2022-05-24T21:51:31+00:00\" \/>\n<meta property=\"og:image\" content=\"https:\/\/noticiasmercedinas.com\/site\/wp-content\/uploads\/2022\/05\/IMG_6526.jpg\" \/>\n\t<meta property=\"og:image:width\" content=\"640\" \/>\n\t<meta property=\"og:image:height\" content=\"370\" \/>\n\t<meta property=\"og:image:type\" content=\"image\/jpeg\" \/>\n<meta name=\"author\" content=\"Juan Dagnino NOTICIASMERCEDINAS.COM\" \/>\n<meta name=\"twitter:card\" content=\"summary_large_image\" \/>\n<meta name=\"twitter:creator\" content=\"@notmercedinas\" \/>\n<meta name=\"twitter:site\" content=\"@notmercedinas\" \/>\n<meta name=\"twitter:label1\" content=\"Escrito por\" \/>\n\t<meta name=\"twitter:data1\" content=\"Juan Dagnino NOTICIASMERCEDINAS.COM\" \/>\n\t<meta name=\"twitter:label2\" content=\"Tiempo de lectura\" \/>\n\t<meta name=\"twitter:data2\" content=\"2 minutos\" \/>\n<script type=\"application\/ld+json\" class=\"yoast-schema-graph\">{\"@context\":\"https:\\\/\\\/schema.org\",\"@graph\":[{\"@type\":\"Article\",\"@id\":\"https:\\\/\\\/noticiasmercedinas.com\\\/site\\\/2022\\\/05\\\/24\\\/club-mercedes-visita-a-espanol-este-domingo\\\/#article\",\"isPartOf\":{\"@id\":\"https:\\\/\\\/noticiasmercedinas.com\\\/site\\\/2022\\\/05\\\/24\\\/club-mercedes-visita-a-espanol-este-domingo\\\/\"},\"author\":{\"name\":\"Juan Dagnino NOTICIASMERCEDINAS.COM\",\"@id\":\"https:\\\/\\\/noticiasmercedinas.com\\\/site\\\/#\\\/schema\\\/person\\\/8f2f09d666ef40986eba4a5e6f2a06f9\"},\"headline\":\"Club Mercedes visita a Espa\u00f1ol este domingo\",\"datePublished\":\"2022-05-24T21:48:41+00:00\",\"dateModified\":\"2022-05-24T21:51:31+00:00\",\"mainEntityOfPage\":{\"@id\":\"https:\\\/\\\/noticiasmercedinas.com\\\/site\\\/2022\\\/05\\\/24\\\/club-mercedes-visita-a-espanol-este-domingo\\\/\"},\"wordCount\":148,\"commentCount\":0,\"publisher\":{\"@id\":\"https:\\\/\\\/noticiasmercedinas.com\\\/site\\\/#organization\"},\"image\":{\"@id\":\"https:\\\/\\\/noticiasmercedinas.com\\\/site\\\/2022\\\/05\\\/24\\\/club-mercedes-visita-a-espanol-este-domingo\\\/#primaryimage\"},\"thumbnailUrl\":\"https:\\\/\\\/noticiasmercedinas.com\\\/site\\\/wp-content\\\/uploads\\\/2022\\\/05\\\/IMG_6526.jpg\",\"keywords\":[\"AFA\",\"club mercedes\",\"Primera D\"],\"articleSection\":[\"Deportes\"],\"inLanguage\":\"es\",\"potentialAction\":[{\"@type\":\"CommentAction\",\"name\":\"Comment\",\"target\":[\"https:\\\/\\\/noticiasmercedinas.com\\\/site\\\/2022\\\/05\\\/24\\\/club-mercedes-visita-a-espanol-este-domingo\\\/#respond\"]}]},{\"@type\":\"WebPage\",\"@id\":\"https:\\\/\\\/noticiasmercedinas.com\\\/site\\\/2022\\\/05\\\/24\\\/club-mercedes-visita-a-espanol-este-domingo\\\/\",\"url\":\"https:\\\/\\\/noticiasmercedinas.com\\\/site\\\/2022\\\/05\\\/24\\\/club-mercedes-visita-a-espanol-este-domingo\\\/\",\"name\":\"Club Mercedes visita a Espa\u00f1ol este domingo\",\"isPartOf\":{\"@id\":\"https:\\\/\\\/noticiasmercedinas.com\\\/site\\\/#website\"},\"primaryImageOfPage\":{\"@id\":\"https:\\\/\\\/noticiasmercedinas.com\\\/site\\\/2022\\\/05\\\/24\\\/club-mercedes-visita-a-espanol-este-domingo\\\/#primaryimage\"},\"image\":{\"@id\":\"https:\\\/\\\/noticiasmercedinas.com\\\/site\\\/2022\\\/05\\\/24\\\/club-mercedes-visita-a-espanol-este-domingo\\\/#primaryimage\"},\"thumbnailUrl\":\"https:\\\/\\\/noticiasmercedinas.com\\\/site\\\/wp-content\\\/uploads\\\/2022\\\/05\\\/IMG_6526.jpg\",\"datePublished\":\"2022-05-24T21:48:41+00:00\",\"dateModified\":\"2022-05-24T21:51:31+00:00\",\"breadcrumb\":{\"@id\":\"https:\\\/\\\/noticiasmercedinas.com\\\/site\\\/2022\\\/05\\\/24\\\/club-mercedes-visita-a-espanol-este-domingo\\\/#breadcrumb\"},\"inLanguage\":\"es\",\"potentialAction\":[{\"@type\":\"ReadAction\",\"target\":[\"https:\\\/\\\/noticiasmercedinas.com\\\/site\\\/2022\\\/05\\\/24\\\/club-mercedes-visita-a-espanol-este-domingo\\\/\"]}]},{\"@type\":\"ImageObject\",\"inLanguage\":\"es\",\"@id\":\"https:\\\/\\\/noticiasmercedinas.com\\\/site\\\/2022\\\/05\\\/24\\\/club-mercedes-visita-a-espanol-este-domingo\\\/#primaryimage\",\"url\":\"https:\\\/\\\/noticiasmercedinas.com\\\/site\\\/wp-content\\\/uploads\\\/2022\\\/05\\\/IMG_6526.jpg\",\"contentUrl\":\"https:\\\/\\\/noticiasmercedinas.com\\\/site\\\/wp-content\\\/uploads\\\/2022\\\/05\\\/IMG_6526.jpg\",\"width\":640,\"height\":370},{\"@type\":\"BreadcrumbList\",\"@id\":\"https:\\\/\\\/noticiasmercedinas.com\\\/site\\\/2022\\\/05\\\/24\\\/club-mercedes-visita-a-espanol-este-domingo\\\/#breadcrumb\",\"itemListElement\":[{\"@type\":\"ListItem\",\"position\":1,\"name\":\"Portada\",\"item\":\"https:\\\/\\\/noticiasmercedinas.com\\\/site\\\/\"},{\"@type\":\"ListItem\",\"position\":2,\"name\":\"Club Mercedes visita a Espa\u00f1ol este domingo\"}]},{\"@type\":\"WebSite\",\"@id\":\"https:\\\/\\\/noticiasmercedinas.com\\\/site\\\/#website\",\"url\":\"https:\\\/\\\/noticiasmercedinas.com\\\/site\\\/\",\"name\":\"NOTICIASMERCEDINAS.COM\",\"description\":\"Mercedes, Buenos Aires, Argentina\",\"publisher\":{\"@id\":\"https:\\\/\\\/noticiasmercedinas.com\\\/site\\\/#organization\"},\"potentialAction\":[{\"@type\":\"SearchAction\",\"target\":{\"@type\":\"EntryPoint\",\"urlTemplate\":\"https:\\\/\\\/noticiasmercedinas.com\\\/site\\\/?s={search_term_string}\"},\"query-input\":{\"@type\":\"PropertyValueSpecification\",\"valueRequired\":true,\"valueName\":\"search_term_string\"}}],\"inLanguage\":\"es\"},{\"@type\":\"Organization\",\"@id\":\"https:\\\/\\\/noticiasmercedinas.com\\\/site\\\/#organization\",\"name\":\"NOTICIASMERCEDINAS.COM\",\"url\":\"https:\\\/\\\/noticiasmercedinas.com\\\/site\\\/\",\"logo\":{\"@type\":\"ImageObject\",\"inLanguage\":\"es\",\"@id\":\"https:\\\/\\\/noticiasmercedinas.com\\\/site\\\/#\\\/schema\\\/logo\\\/image\\\/\",\"url\":\"https:\\\/\\\/noticiasmercedinas.com\\\/site\\\/wp-content\\\/uploads\\\/2020\\\/06\\\/LOGO-512.jpg\",\"contentUrl\":\"https:\\\/\\\/noticiasmercedinas.com\\\/site\\\/wp-content\\\/uploads\\\/2020\\\/06\\\/LOGO-512.jpg\",\"width\":512,\"height\":512,\"caption\":\"NOTICIASMERCEDINAS.COM\"},\"image\":{\"@id\":\"https:\\\/\\\/noticiasmercedinas.com\\\/site\\\/#\\\/schema\\\/logo\\\/image\\\/\"},\"sameAs\":[\"https:\\\/\\\/www.facebook.com\\\/noticiasmercedinas\\\/\",\"https:\\\/\\\/x.com\\\/notmercedinas\",\"https:\\\/\\\/www.instagram.com\\\/noticiasmercedinas\\\/\"]},{\"@type\":\"Person\",\"@id\":\"https:\\\/\\\/noticiasmercedinas.com\\\/site\\\/#\\\/schema\\\/person\\\/8f2f09d666ef40986eba4a5e6f2a06f9\",\"name\":\"Juan Dagnino NOTICIASMERCEDINAS.COM\",\"image\":{\"@type\":\"ImageObject\",\"inLanguage\":\"es\",\"@id\":\"https:\\\/\\\/secure.gravatar.com\\\/avatar\\\/fc7059a769f5a3cae65fadb228a3e4accf3a64b4b2305020d0a27e6d5333c91b?s=96&d=mm&r=g\",\"url\":\"https:\\\/\\\/secure.gravatar.com\\\/avatar\\\/fc7059a769f5a3cae65fadb228a3e4accf3a64b4b2305020d0a27e6d5333c91b?s=96&d=mm&r=g\",\"contentUrl\":\"https:\\\/\\\/secure.gravatar.com\\\/avatar\\\/fc7059a769f5a3cae65fadb228a3e4accf3a64b4b2305020d0a27e6d5333c91b?s=96&d=mm&r=g\",\"caption\":\"Juan Dagnino NOTICIASMERCEDINAS.COM\"},\"url\":\"https:\\\/\\\/noticiasmercedinas.com\\\/site\\\/author\\\/juandagnino\\\/\"}]}<\/script>\n<!-- \/ Yoast SEO plugin. -->","yoast_head_json":{"title":"Club Mercedes visita a Espa\u00f1ol este domingo","robots":{"index":"index","follow":"follow","max-snippet":"max-snippet:-1","max-image-preview":"max-image-preview:large","max-video-preview":"max-video-preview:-1"},"canonical":"https:\/\/noticiasmercedinas.com\/site\/2022\/05\/24\/club-mercedes-visita-a-espanol-este-domingo\/","og_locale":"es_ES","og_type":"article","og_title":"Club Mercedes visita a Espa\u00f1ol este domingo","og_description":"\u25a0 Por la tarde en cancha de Ituzaing\u00f3 ser\u00e1 el partido de la cuarta fecha. El \u201cBlanquinegro\u201d va por su tercera presentaci\u00f3n en la Primera D. El resto de los encuentros tienen su confirmaci\u00f3n.","og_url":"https:\/\/noticiasmercedinas.com\/site\/2022\/05\/24\/club-mercedes-visita-a-espanol-este-domingo\/","og_site_name":"NOTICIASMERCEDINAS.COM","article_publisher":"https:\/\/www.facebook.com\/noticiasmercedinas\/","article_published_time":"2022-05-24T21:48:41+00:00","article_modified_time":"2022-05-24T21:51:31+00:00","og_image":[{"width":640,"height":370,"url":"https:\/\/noticiasmercedinas.com\/site\/wp-content\/uploads\/2022\/05\/IMG_6526.jpg","type":"image\/jpeg"}],"author":"Juan Dagnino NOTICIASMERCEDINAS.COM","twitter_card":"summary_large_image","twitter_creator":"@notmercedinas","twitter_site":"@notmercedinas","twitter_misc":{"Escrito por":"Juan Dagnino NOTICIASMERCEDINAS.COM","Tiempo de lectura":"2 minutos"},"schema":{"@context":"https:\/\/schema.org","@graph":[{"@type":"Article","@id":"https:\/\/noticiasmercedinas.com\/site\/2022\/05\/24\/club-mercedes-visita-a-espanol-este-domingo\/#article","isPartOf":{"@id":"https:\/\/noticiasmercedinas.com\/site\/2022\/05\/24\/club-mercedes-visita-a-espanol-este-domingo\/"},"author":{"name":"Juan Dagnino NOTICIASMERCEDINAS.COM","@id":"https:\/\/noticiasmercedinas.com\/site\/#\/schema\/person\/8f2f09d666ef40986eba4a5e6f2a06f9"},"headline":"Club Mercedes visita a Espa\u00f1ol este domingo","datePublished":"2022-05-24T21:48:41+00:00","dateModified":"2022-05-24T21:51:31+00:00","mainEntityOfPage":{"@id":"https:\/\/noticiasmercedinas.com\/site\/2022\/05\/24\/club-mercedes-visita-a-espanol-este-domingo\/"},"wordCount":148,"commentCount":0,"publisher":{"@id":"https:\/\/noticiasmercedinas.com\/site\/#organization"},"image":{"@id":"https:\/\/noticiasmercedinas.com\/site\/2022\/05\/24\/club-mercedes-visita-a-espanol-este-domingo\/#primaryimage"},"thumbnailUrl":"https:\/\/noticiasmercedinas.com\/site\/wp-content\/uploads\/2022\/05\/IMG_6526.jpg","keywords":["AFA","club mercedes","Primera D"],"articleSection":["Deportes"],"inLanguage":"es","potentialAction":[{"@type":"CommentAction","name":"Comment","target":["https:\/\/noticiasmercedinas.com\/site\/2022\/05\/24\/club-mercedes-visita-a-espanol-este-domingo\/#respond"]}]},{"@type":"WebPage","@id":"https:\/\/noticiasmercedinas.com\/site\/2022\/05\/24\/club-mercedes-visita-a-espanol-este-domingo\/","url":"https:\/\/noticiasmercedinas.com\/site\/2022\/05\/24\/club-mercedes-visita-a-espanol-este-domingo\/","name":"Club Mercedes visita a Espa\u00f1ol este domingo","isPartOf":{"@id":"https:\/\/noticiasmercedinas.com\/site\/#website"},"primaryImageOfPage":{"@id":"https:\/\/noticiasmercedinas.com\/site\/2022\/05\/24\/club-mercedes-visita-a-espanol-este-domingo\/#primaryimage"},"image":{"@id":"https:\/\/noticiasmercedinas.com\/site\/2022\/05\/24\/club-mercedes-visita-a-espanol-este-domingo\/#primaryimage"},"thumbnailUrl":"https:\/\/noticiasmercedinas.com\/site\/wp-content\/uploads\/2022\/05\/IMG_6526.jpg","datePublished":"2022-05-24T21:48:41+00:00","dateModified":"2022-05-24T21:51:31+00:00","breadcrumb":{"@id":"https:\/\/noticiasmercedinas.com\/site\/2022\/05\/24\/club-mercedes-visita-a-espanol-este-domingo\/#breadcrumb"},"inLanguage":"es","potentialAction":[{"@type":"ReadAction","target":["https:\/\/noticiasmercedinas.com\/site\/2022\/05\/24\/club-mercedes-visita-a-espanol-este-domingo\/"]}]},{"@type":"ImageObject","inLanguage":"es","@id":"https:\/\/noticiasmercedinas.com\/site\/2022\/05\/24\/club-mercedes-visita-a-espanol-este-domingo\/#primaryimage","url":"https:\/\/noticiasmercedinas.com\/site\/wp-content\/uploads\/2022\/05\/IMG_6526.jpg","contentUrl":"https:\/\/noticiasmercedinas.com\/site\/wp-content\/uploads\/2022\/05\/IMG_6526.jpg","width":640,"height":370},{"@type":"BreadcrumbList","@id":"https:\/\/noticiasmercedinas.com\/site\/2022\/05\/24\/club-mercedes-visita-a-espanol-este-domingo\/#breadcrumb","itemListElement":[{"@type":"ListItem","position":1,"name":"Portada","item":"https:\/\/noticiasmercedinas.com\/site\/"},{"@type":"ListItem","position":2,"name":"Club Mercedes visita a Espa\u00f1ol este domingo"}]},{"@type":"WebSite","@id":"https:\/\/noticiasmercedinas.com\/site\/#website","url":"https:\/\/noticiasmercedinas.com\/site\/","name":"NOTICIASMERCEDINAS.COM","description":"Mercedes, Buenos Aires, Argentina","publisher":{"@id":"https:\/\/noticiasmercedinas.com\/site\/#organization"},"potentialAction":[{"@type":"SearchAction","target":{"@type":"EntryPoint","urlTemplate":"https:\/\/noticiasmercedinas.com\/site\/?s={search_term_string}"},"query-input":{"@type":"PropertyValueSpecification","valueRequired":true,"valueName":"search_term_string"}}],"inLanguage":"es"},{"@type":"Organization","@id":"https:\/\/noticiasmercedinas.com\/site\/#organization","name":"NOTICIASMERCEDINAS.COM","url":"https:\/\/noticiasmercedinas.com\/site\/","logo":{"@type":"ImageObject","inLanguage":"es","@id":"https:\/\/noticiasmercedinas.com\/site\/#\/schema\/logo\/image\/","url":"https:\/\/noticiasmercedinas.com\/site\/wp-content\/uploads\/2020\/06\/LOGO-512.jpg","contentUrl":"https:\/\/noticiasmercedinas.com\/site\/wp-content\/uploads\/2020\/06\/LOGO-512.jpg","width":512,"height":512,"caption":"NOTICIASMERCEDINAS.COM"},"image":{"@id":"https:\/\/noticiasmercedinas.com\/site\/#\/schema\/logo\/image\/"},"sameAs":["https:\/\/www.facebook.com\/noticiasmercedinas\/","https:\/\/x.com\/notmercedinas","https:\/\/www.instagram.com\/noticiasmercedinas\/"]},{"@type":"Person","@id":"https:\/\/noticiasmercedinas.com\/site\/#\/schema\/person\/8f2f09d666ef40986eba4a5e6f2a06f9","name":"Juan Dagnino NOTICIASMERCEDINAS.COM","image":{"@type":"ImageObject","inLanguage":"es","@id":"https:\/\/secure.gravatar.com\/avatar\/fc7059a769f5a3cae65fadb228a3e4accf3a64b4b2305020d0a27e6d5333c91b?s=96&d=mm&r=g","url":"https:\/\/secure.gravatar.com\/avatar\/fc7059a769f5a3cae65fadb228a3e4accf3a64b4b2305020d0a27e6d5333c91b?s=96&d=mm&r=g","contentUrl":"https:\/\/secure.gravatar.com\/avatar\/fc7059a769f5a3cae65fadb228a3e4accf3a64b4b2305020d0a27e6d5333c91b?s=96&d=mm&r=g","caption":"Juan Dagnino NOTICIASMERCEDINAS.COM"},"url":"https:\/\/noticiasmercedinas.com\/site\/author\/juandagnino\/"}]}},"amp_enabled":true,"_links":{"self":[{"href":"https:\/\/noticiasmercedinas.com\/site\/wp-json\/wp\/v2\/posts\/91489","targetHints":{"allow":["GET"]}}],"collection":[{"href":"https:\/\/noticiasmercedinas.com\/site\/wp-json\/wp\/v2\/posts"}],"about":[{"href":"https:\/\/noticiasmercedinas.com\/site\/wp-json\/wp\/v2\/types\/post"}],"author":[{"embeddable":true,"href":"https:\/\/noticiasmercedinas.com\/site\/wp-json\/wp\/v2\/users\/6"}],"replies":[{"embeddable":true,"href":"https:\/\/noticiasmercedinas.com\/site\/wp-json\/wp\/v2\/comments?post=91489"}],"version-history":[{"count":3,"href":"https:\/\/noticiasmercedinas.com\/site\/wp-json\/wp\/v2\/posts\/91489\/revisions"}],"predecessor-version":[{"id":91493,"href":"https:\/\/noticiasmercedinas.com\/site\/wp-json\/wp\/v2\/posts\/91489\/revisions\/91493"}],"wp:featuredmedia":[{"embeddable":true,"href":"https:\/\/noticiasmercedinas.com\/site\/wp-json\/wp\/v2\/media\/91490"}],"wp:attachment":[{"href":"https:\/\/noticiasmercedinas.com\/site\/wp-json\/wp\/v2\/media?parent=91489"}],"wp:term":[{"taxonomy":"category","embeddable":true,"href":"https:\/\/noticiasmercedinas.com\/site\/wp-json\/wp\/v2\/categories?post=91489"},{"taxonomy":"post_tag","embeddable":true,"href":"https:\/\/noticiasmercedinas.com\/site\/wp-json\/wp\/v2\/tags?post=91489"}],"curies":[{"name":"wp","href":"https:\/\/api.w.org\/{rel}","templated":true}]}}